{"id":16714,"date":"2022-02-09T00:05:00","date_gmt":"2022-02-08T23:05:00","guid":{"rendered":"https:\/\/lasentinelle.dz\/?p=16714"},"modified":"2022-02-08T20:02:19","modified_gmt":"2022-02-08T19:02:19","slug":"algerie-tunisie-des-relations-ancrees-dans-le-passe-et-tournees-vers-lavenir","status":"publish","type":"post","link":"https:\/\/lasentinelle.dz\/index.php\/2022\/02\/09\/algerie-tunisie-des-relations-ancrees-dans-le-passe-et-tournees-vers-lavenir\/","title":{"rendered":"Alg\u00e9rie-Tunisie\u00a0: Des relations ancr\u00e9es dans le pass\u00e9 et tourn\u00e9es vers l\u2019avenir"},"content":{"rendered":"\n<p>Le 8 f\u00e9vrier 1958, l\u2019aviation de l\u2019arm\u00e9e coloniale a bombard\u00e9 le village Tunisien de Sakiet Sidi Youcef, village situ\u00e9 \u00e0 proximit\u00e9 de la fronti\u00e8re&nbsp;alg\u00e9ro-tunisienne, causant ainsi la mort de plusieurs civils.<\/p>\n\n\n\n<p>Pour la comm\u00e9moration de cet \u00e9v\u00e9nement qui a endeuill\u00e9 des dizaines de familles&nbsp;alg\u00e9riennes et&nbsp;tunisiennes, le Premier ministre et ministre des&nbsp;Finances Aimene Benabderrahmane, a pr\u00e9sid\u00e9,&nbsp;hier&nbsp;une Tunisie,&nbsp;avec son homologue&nbsp;tunisienne&nbsp;Nadjla Bouden,&nbsp;la&nbsp;c\u00e9r\u00e9monie de&nbsp;comm\u00e9moration du 64e anniversaire de ces massacres qui&nbsp;marquent&nbsp;une&nbsp;partie de la m\u00e9moire nationale.<\/p>\n\n\n\n<p>Le Premier ministre a&nbsp;ainsi soulign\u00e9 lors&nbsp;&nbsp;de la c\u00e9r\u00e9monie \u00e0 Kef que l&rsquo;attachement du pr\u00e9sident de la R\u00e9publique, Abdelmadjid Tebboune \u00e0 ce que les relations bilat\u00e9rales entre l&rsquo;Alg\u00e9rie et la Tunisie soient \u00ab sp\u00e9ciales et privil\u00e9gi\u00e9es. \u00bb<\/p>\n\n\n\n<p>\u00ab Ma pr\u00e9sence aujourd&rsquo;hui parmi vous pour comm\u00e9morer l&rsquo;anniversaire de cette \u00e9pop\u00e9e h\u00e9ro\u00efque intervient \u00e0 la demande du Pr\u00e9sident de la R\u00e9publique, Abdelmadjid Tebboune qui veille \u00e0 conf\u00e9rer \u00e0 nos relations avec la Tunisie, pays fr\u00e8re, un caract\u00e8re sp\u00e9cial et privil\u00e9gi\u00e9 au regard des liens de fraternit\u00e9, de bon voisinage, d&rsquo;histoire et de destin communs liant les deux pays \u00bb, a indiqu\u00e9 le Premier ministre.<\/p>\n\n\n\n<p>L\u2019h\u00f4te de la Tunisie, a \u00e9galement \u00e9voqu\u00e9 les d\u00e9clarations des deux chefs d\u2019Etats, qui \u00ab se sont exprim\u00e9s au sujet des relations d\u2019amiti\u00e9 entre les deux pays, \u00e0 l\u2019occasion de la visite qu\u2019avait effectu\u00e9e le pr\u00e9sident Abdelmadjid Tebboune en Tunisie le 15 et le 16 d\u00e9cembre 2021, laquelle a \u00e9t\u00e9 couronn\u00e9e par la signature de nombre de contrats dans divers domaines&nbsp;&nbsp;entre les deux pays ainsi que par la D\u00e9claration de Carthage qui est un pr\u00e9lude dans le d\u00e9veloppement des relations entre les deux pays \u00bb.&nbsp;Le chef de l\u2019Ex\u00e9cutif a salu\u00e9 en ce sens la visite&nbsp;du pr\u00e9sident de la R\u00e9publique \u00e0&nbsp;la mi-d\u00e9cembre&nbsp;en Tunisie, affirmant que&nbsp;&nbsp;ses r\u00e9sultats \u00ab&nbsp;se cristalliseront davantage lors des prochaines \u00e9ch\u00e9ances bilat\u00e9rales, notamment \u00e0 la r\u00e9union de la Grande commission mixte alg\u00e9ro-tunisienne en vue de promouvoir ensemble le niveau de la coop\u00e9ration bilat\u00e9rale au rang de partenariat efficient et solidaire, \u00e0 la hauteur des aspirations des deux peuples fr\u00e8res et bas\u00e9 sur les objectifs de compl\u00e9mentarit\u00e9 et d&rsquo;int\u00e9gration conform\u00e9ment aux exigence actuelles et des enjeux futurs. \u00bb<\/p>\n\n\n\n<p>Parmi les priorit\u00e9s, pr\u00e9cise le Premier ministre et ministre des finances, \u00ab qui feront l\u2019objet de discussions, de concertations et de coordinations entre les deux gouvernements, seront celles relatives au d\u00e9veloppement des zones frontali\u00e8res entre la Tunisie et l\u2019Alg\u00e9rie, \u00e0 travers la mis en place d\u2019une nouvelle vision et le lancement de projets de d\u00e9veloppements devant \u00eatre plus r\u00e9alistes et suscitant un int\u00e9r\u00eat aux populations de ces r\u00e9gions \u00bb.<\/p>\n\n\n\n<p>Le Premier ministre a \u00e9galement exprim\u00e9 sa \u00ab profonde&nbsp;&nbsp;satisfaction \u00bb&nbsp;&nbsp;\u00e0 l\u2019\u00e9gard des r\u00e9alisations communes et les r\u00e9sultats issus des relations entre les deux pays, qui doivent \u00eatre, selon Aimene Ben Abderrahmane, \u00ab un exemple en mati\u00e8re de coop\u00e9ration et de bon voisinage et sera la pierre angulaire dans l\u2019\u00e9dification d\u2019un&nbsp;&nbsp;nouvel espace r\u00e9gional qui se fera avec plus de coh\u00e9sion notamment dans un contexte r\u00e9gional et international, marqu\u00e9 par l\u2019acc\u00e9l\u00e9ration des \u00e9v\u00e9nements et l\u2019augmentation des risques et des d\u00e9fis dont ceux ciblant la stabilit\u00e9 et la s\u00e9curit\u00e9 de notre r\u00e9gion \u00bb.Aimene Benabderrahmane, a \u00e9galement&nbsp;&nbsp;indiqu\u00e9 que \u00ab les \u00e9v\u00e9nements de Saket Sidi Youcef, illustrent pleinement la sauvagerie dont&nbsp;fait&nbsp;preuve le syst\u00e8me colonial \u00e0 travers sa politique r\u00e9pressive \u00e0 l\u2019\u00e9gard des peuples luttant pour le recouvrement de la souverainet\u00e9 de leurs pays \u00bb.&nbsp;\u00ab Ces \u00e9v\u00e9nements ont montr\u00e9, \u00e0 l&rsquo;\u00e9poque, au monde entier la barbarie de l&rsquo;occupation fran\u00e7aise, ses m\u00e9thodes ignobles et ses politiques r\u00e9pressives envers les peuples en qu\u00eate de libert\u00e9, tout en permettant d&rsquo;attirer l&rsquo;attention de l&rsquo;opinion publique sur la R\u00e9volution alg\u00e9rienne et le niveau qu&rsquo;elle avait atteint en terme d&rsquo;organisation et de puissance, une r\u00e9volution qui avait r\u00e9ussi \u00e0 d\u00e9stabiliser l&rsquo;occupant qui croyait avoir mis en place tous les moyens militaires pour l&rsquo;\u00e9touffer \u00bb, a affirm\u00e9 le Premier ministre.&nbsp;Il a \u00e9galement indiqu\u00e9, que \u00ab les deux peuples,&nbsp;tunisien et&nbsp;alg\u00e9rien, se sont mobilis\u00e9s pour \u00e9crire cette page glorieuse de leur histoire commune, ayant marqu\u00e9 leur volont\u00e9 \u00e0 d\u00e9fendre avec conviction&nbsp;&nbsp;les principes de libert\u00e9&nbsp;&nbsp;et de dignit\u00e9 mais aussi la profondeur des liens existant entre eux que la sauvagerie coloniale n\u2019a pas pu briser \u00bb.<\/p>\n\n\n\n<p>Aimene Benabderrahmane&nbsp;s\u2019est d\u2019abord rendu en compagnie de son homologue tunisienne&nbsp;&nbsp;\u00e0 Kef o\u00f9&nbsp;les deux responsables se sont&nbsp;&nbsp;recueillis&nbsp;devant la st\u00e8le comm\u00e9morative&nbsp;&nbsp;&nbsp;\u00e0 la m\u00e9moire des victimes assassin\u00e9es par l\u2019arm\u00e9e coloniale.&nbsp;Le Premier ministre, s\u2019est par la suite rendu avec&nbsp;&nbsp;les membres de la d\u00e9l\u00e9gation qui l\u2019ont accompagn\u00e9 \u00e0 une exposition de photos et de documents historiques relatant les massacres des populations civiles compos\u00e9es \u00e0 la fois d\u2019Alg\u00e9riens et de Tunisiens, tous assassin\u00e9s dans le village de Sakiet Sidi Youcef.<\/p>\n\n\n\n<p><strong>Boubekeur Amrani<\/strong><\/p>\n","protected":false},"excerpt":{"rendered":"<p>Le 8 f\u00e9vrier 1958, l\u2019aviation de l\u2019arm\u00e9e coloniale a bombard\u00e9 le village Tunisien de Sakiet Sidi Youcef, village situ\u00e9 \u00e0<\/p>\n","protected":false},"author":3,"featured_media":16719,"comment_status":"open","ping_status":"closed","sticky":false,"template":"","format":"standard","meta":{"colormag_page_container_layout":"default_layout","colormag_page_sidebar_layout":"default_layout","om_disable_all_campaigns":false,"_monsterinsights_skip_tracking":false,"_monsterinsights_sitenote_active":false,"_monsterinsights_sitenote_note":"","_monsterinsights_sitenote_category":0,"footnotes":"","_wpscppro_dont_share_socialmedia":false,"_wpscppro_custom_social_share_image":0,"_facebook_share_type":"","_twitter_share_type":"","_linkedin_share_type":"","_pinterest_share_type":"","_linkedin_share_type_page":"","_instagram_share_type":"","_medium_share_type":"","_threads_share_type":"","_google_business_share_type":"","_selected_social_profile":[],"_wpsp_enable_custom_social_template":false,"_wpsp_social_scheduling":{"enabled":false,"datetime":null,"platforms":[],"status":"template_only","dateOption":"today","timeOption":"now","customDays":"","customHours":"","customDate":"","customTime":"","schedulingType":"absolute"},"_wpsp_active_default_template":true},"categories":[52,27],"tags":[],"class_list":["post-16714","post","type-post","status-publish","format-standard","has-post-thumbnail","hentry","category-a-la-une","category-actualite"],"aioseo_notices":[],"yoast_head":"<!-- This site is optimized with the Yoast SEO plugin v27.5 - https:\/\/yoast.com\/product\/yoast-seo-wordpress\/ -->\n<title>Alg\u00e9rie-Tunisie\u00a0: Des relations ancr\u00e9es dans le pass\u00e9 et tourn\u00e9es vers l\u2019avenir - La Sentinelle<\/title>\n<meta name=\"robots\" content=\"index, follow, max-snippet:-1, max-image-preview:large, max-video-preview:-1\" \/>\n<link rel=\"canonical\" href=\"https:\/\/lasentinelle.dz\/index.php\/2022\/02\/09\/algerie-tunisie-des-relations-ancrees-dans-le-passe-et-tournees-vers-lavenir\/\" \/>\n<meta property=\"og:locale\" content=\"fr_FR\" \/>\n<meta property=\"og:type\" content=\"article\" \/>\n<meta property=\"og:title\" content=\"Alg\u00e9rie-Tunisie\u00a0: Des relations ancr\u00e9es dans le pass\u00e9 et tourn\u00e9es vers l\u2019avenir - La Sentinelle\" \/>\n<meta property=\"og:description\" content=\"Le 8 f\u00e9vrier 1958, l\u2019aviation de l\u2019arm\u00e9e coloniale a bombard\u00e9 le village Tunisien de Sakiet Sidi Youcef, village situ\u00e9 \u00e0\" \/>\n<meta property=\"og:url\" content=\"https:\/\/lasentinelle.dz\/index.php\/2022\/02\/09\/algerie-tunisie-des-relations-ancrees-dans-le-passe-et-tournees-vers-lavenir\/\" \/>\n<meta property=\"og:site_name\" content=\"La Sentinelle\" \/>\n<meta property=\"article:publisher\" content=\"https:\/\/www.facebook.com\/La-Sentinelle-104059864394773\" \/>\n<meta property=\"article:published_time\" content=\"2022-02-08T23:05:00+00:00\" \/>\n<meta property=\"og:image\" content=\"https:\/\/lasentinelle.dz\/wp-content\/uploads\/2022\/02\/Benabderrhamne-bouden-1024x453.png\" \/>\n\t<meta property=\"og:image:width\" content=\"1024\" \/>\n\t<meta property=\"og:image:height\" content=\"453\" \/>\n\t<meta property=\"og:image:type\" content=\"image\/png\" \/>\n<meta name=\"author\" content=\"La Sentinelle\" \/>\n<meta name=\"twitter:card\" content=\"summary_large_image\" \/>\n<meta name=\"twitter:label1\" content=\"\u00c9crit par\" \/>\n\t<meta name=\"twitter:data1\" content=\"La Sentinelle\" \/>\n\t<meta name=\"twitter:label2\" content=\"Dur\u00e9e de lecture estim\u00e9e\" \/>\n\t<meta name=\"twitter:data2\" content=\"4 minutes\" \/>\n<script type=\"application\/ld+json\" class=\"yoast-schema-graph\">{\"@context\":\"https:\\\/\\\/schema.org\",\"@graph\":[{\"@type\":\"Article\",\"@id\":\"https:\\\/\\\/lasentinelle.dz\\\/index.php\\\/2022\\\/02\\\/09\\\/algerie-tunisie-des-relations-ancrees-dans-le-passe-et-tournees-vers-lavenir\\\/#article\",\"isPartOf\":{\"@id\":\"https:\\\/\\\/lasentinelle.dz\\\/index.php\\\/2022\\\/02\\\/09\\\/algerie-tunisie-des-relations-ancrees-dans-le-passe-et-tournees-vers-lavenir\\\/\"},\"author\":{\"name\":\"La Sentinelle\",\"@id\":\"https:\\\/\\\/lasentinelle.dz\\\/#\\\/schema\\\/person\\\/d865044e22e70a75174ce8bcad3acfb3\"},\"headline\":\"Alg\u00e9rie-Tunisie\u00a0: Des relations ancr\u00e9es dans le pass\u00e9 et tourn\u00e9es vers l\u2019avenir\",\"datePublished\":\"2022-02-08T23:05:00+00:00\",\"mainEntityOfPage\":{\"@id\":\"https:\\\/\\\/lasentinelle.dz\\\/index.php\\\/2022\\\/02\\\/09\\\/algerie-tunisie-des-relations-ancrees-dans-le-passe-et-tournees-vers-lavenir\\\/\"},\"wordCount\":962,\"commentCount\":0,\"publisher\":{\"@id\":\"https:\\\/\\\/lasentinelle.dz\\\/#organization\"},\"image\":{\"@id\":\"https:\\\/\\\/lasentinelle.dz\\\/index.php\\\/2022\\\/02\\\/09\\\/algerie-tunisie-des-relations-ancrees-dans-le-passe-et-tournees-vers-lavenir\\\/#primaryimage\"},\"thumbnailUrl\":\"https:\\\/\\\/lasentinelle.dz\\\/wp-content\\\/uploads\\\/2022\\\/02\\\/Benabderrhamne-bouden.png\",\"articleSection\":[\"\u00c0 la Une\",\"Actualit\u00e9\"],\"inLanguage\":\"fr-FR\",\"potentialAction\":[{\"@type\":\"CommentAction\",\"name\":\"Comment\",\"target\":[\"https:\\\/\\\/lasentinelle.dz\\\/index.php\\\/2022\\\/02\\\/09\\\/algerie-tunisie-des-relations-ancrees-dans-le-passe-et-tournees-vers-lavenir\\\/#respond\"]}]},{\"@type\":\"WebPage\",\"@id\":\"https:\\\/\\\/lasentinelle.dz\\\/index.php\\\/2022\\\/02\\\/09\\\/algerie-tunisie-des-relations-ancrees-dans-le-passe-et-tournees-vers-lavenir\\\/\",\"url\":\"https:\\\/\\\/lasentinelle.dz\\\/index.php\\\/2022\\\/02\\\/09\\\/algerie-tunisie-des-relations-ancrees-dans-le-passe-et-tournees-vers-lavenir\\\/\",\"name\":\"Alg\u00e9rie-Tunisie\u00a0: Des relations ancr\u00e9es dans le pass\u00e9 et tourn\u00e9es vers l\u2019avenir - La Sentinelle\",\"isPartOf\":{\"@id\":\"https:\\\/\\\/lasentinelle.dz\\\/#website\"},\"primaryImageOfPage\":{\"@id\":\"https:\\\/\\\/lasentinelle.dz\\\/index.php\\\/2022\\\/02\\\/09\\\/algerie-tunisie-des-relations-ancrees-dans-le-passe-et-tournees-vers-lavenir\\\/#primaryimage\"},\"image\":{\"@id\":\"https:\\\/\\\/lasentinelle.dz\\\/index.php\\\/2022\\\/02\\\/09\\\/algerie-tunisie-des-relations-ancrees-dans-le-passe-et-tournees-vers-lavenir\\\/#primaryimage\"},\"thumbnailUrl\":\"https:\\\/\\\/lasentinelle.dz\\\/wp-content\\\/uploads\\\/2022\\\/02\\\/Benabderrhamne-bouden.png\",\"datePublished\":\"2022-02-08T23:05:00+00:00\",\"breadcrumb\":{\"@id\":\"https:\\\/\\\/lasentinelle.dz\\\/index.php\\\/2022\\\/02\\\/09\\\/algerie-tunisie-des-relations-ancrees-dans-le-passe-et-tournees-vers-lavenir\\\/#breadcrumb\"},\"inLanguage\":\"fr-FR\",\"potentialAction\":[{\"@type\":\"ReadAction\",\"target\":[\"https:\\\/\\\/lasentinelle.dz\\\/index.php\\\/2022\\\/02\\\/09\\\/algerie-tunisie-des-relations-ancrees-dans-le-passe-et-tournees-vers-lavenir\\\/\"]}]},{\"@type\":\"ImageObject\",\"inLanguage\":\"fr-FR\",\"@id\":\"https:\\\/\\\/lasentinelle.dz\\\/index.php\\\/2022\\\/02\\\/09\\\/algerie-tunisie-des-relations-ancrees-dans-le-passe-et-tournees-vers-lavenir\\\/#primaryimage\",\"url\":\"https:\\\/\\\/lasentinelle.dz\\\/wp-content\\\/uploads\\\/2022\\\/02\\\/Benabderrhamne-bouden.png\",\"contentUrl\":\"https:\\\/\\\/lasentinelle.dz\\\/wp-content\\\/uploads\\\/2022\\\/02\\\/Benabderrhamne-bouden.png\",\"width\":2036,\"height\":900},{\"@type\":\"BreadcrumbList\",\"@id\":\"https:\\\/\\\/lasentinelle.dz\\\/index.php\\\/2022\\\/02\\\/09\\\/algerie-tunisie-des-relations-ancrees-dans-le-passe-et-tournees-vers-lavenir\\\/#breadcrumb\",\"itemListElement\":[{\"@type\":\"ListItem\",\"position\":1,\"name\":\"Accueil\",\"item\":\"https:\\\/\\\/lasentinelle.dz\\\/\"},{\"@type\":\"ListItem\",\"position\":2,\"name\":\"Alg\u00e9rie-Tunisie\u00a0: Des relations ancr\u00e9es dans le pass\u00e9 et tourn\u00e9es vers l\u2019avenir\"}]},{\"@type\":\"WebSite\",\"@id\":\"https:\\\/\\\/lasentinelle.dz\\\/#website\",\"url\":\"https:\\\/\\\/lasentinelle.dz\\\/\",\"name\":\"La Sentinelle\",\"description\":\"Quotidien national d&#039;information\",\"publisher\":{\"@id\":\"https:\\\/\\\/lasentinelle.dz\\\/#organization\"},\"potentialAction\":[{\"@type\":\"SearchAction\",\"target\":{\"@type\":\"EntryPoint\",\"urlTemplate\":\"https:\\\/\\\/lasentinelle.dz\\\/?s={search_term_string}\"},\"query-input\":{\"@type\":\"PropertyValueSpecification\",\"valueRequired\":true,\"valueName\":\"search_term_string\"}}],\"inLanguage\":\"fr-FR\"},{\"@type\":\"Organization\",\"@id\":\"https:\\\/\\\/lasentinelle.dz\\\/#organization\",\"name\":\"Quotidien La Sentinelle\",\"url\":\"https:\\\/\\\/lasentinelle.dz\\\/\",\"logo\":{\"@type\":\"ImageObject\",\"inLanguage\":\"fr-FR\",\"@id\":\"https:\\\/\\\/lasentinelle.dz\\\/#\\\/schema\\\/logo\\\/image\\\/\",\"url\":\"https:\\\/\\\/lasentinelle.dz\\\/wp-content\\\/uploads\\\/2021\\\/09\\\/logo-sentinelleSLOGAN-1.png\",\"contentUrl\":\"https:\\\/\\\/lasentinelle.dz\\\/wp-content\\\/uploads\\\/2021\\\/09\\\/logo-sentinelleSLOGAN-1.png\",\"width\":615,\"height\":142,\"caption\":\"Quotidien La Sentinelle\"},\"image\":{\"@id\":\"https:\\\/\\\/lasentinelle.dz\\\/#\\\/schema\\\/logo\\\/image\\\/\"},\"sameAs\":[\"https:\\\/\\\/www.facebook.com\\\/La-Sentinelle-104059864394773\"]},{\"@type\":\"Person\",\"@id\":\"https:\\\/\\\/lasentinelle.dz\\\/#\\\/schema\\\/person\\\/d865044e22e70a75174ce8bcad3acfb3\",\"name\":\"La Sentinelle\",\"image\":{\"@type\":\"ImageObject\",\"inLanguage\":\"fr-FR\",\"@id\":\"https:\\\/\\\/secure.gravatar.com\\\/avatar\\\/57de8e5d4b15d43fb361a71fbb36338450fe67865b528a43dd10ef7c51a20392?s=96&d=mm&r=g\",\"url\":\"https:\\\/\\\/secure.gravatar.com\\\/avatar\\\/57de8e5d4b15d43fb361a71fbb36338450fe67865b528a43dd10ef7c51a20392?s=96&d=mm&r=g\",\"contentUrl\":\"https:\\\/\\\/secure.gravatar.com\\\/avatar\\\/57de8e5d4b15d43fb361a71fbb36338450fe67865b528a43dd10ef7c51a20392?s=96&d=mm&r=g\",\"caption\":\"La Sentinelle\"},\"sameAs\":[\"http:\\\/\\\/www.lasentinelle.dz\"],\"url\":\"https:\\\/\\\/lasentinelle.dz\\\/author\\\/redaction\\\/\"}]}<\/script>\n<!-- \/ Yoast SEO plugin. -->","yoast_head_json":{"title":"Alg\u00e9rie-Tunisie\u00a0: Des relations ancr\u00e9es dans le pass\u00e9 et tourn\u00e9es vers l\u2019avenir - La Sentinelle","robots":{"index":"index","follow":"follow","max-snippet":"max-snippet:-1","max-image-preview":"max-image-preview:large","max-video-preview":"max-video-preview:-1"},"canonical":"https:\/\/lasentinelle.dz\/index.php\/2022\/02\/09\/algerie-tunisie-des-relations-ancrees-dans-le-passe-et-tournees-vers-lavenir\/","og_locale":"fr_FR","og_type":"article","og_title":"Alg\u00e9rie-Tunisie\u00a0: Des relations ancr\u00e9es dans le pass\u00e9 et tourn\u00e9es vers l\u2019avenir - La Sentinelle","og_description":"Le 8 f\u00e9vrier 1958, l\u2019aviation de l\u2019arm\u00e9e coloniale a bombard\u00e9 le village Tunisien de Sakiet Sidi Youcef, village situ\u00e9 \u00e0","og_url":"https:\/\/lasentinelle.dz\/index.php\/2022\/02\/09\/algerie-tunisie-des-relations-ancrees-dans-le-passe-et-tournees-vers-lavenir\/","og_site_name":"La Sentinelle","article_publisher":"https:\/\/www.facebook.com\/La-Sentinelle-104059864394773","article_published_time":"2022-02-08T23:05:00+00:00","og_image":[{"width":1024,"height":453,"url":"https:\/\/lasentinelle.dz\/wp-content\/uploads\/2022\/02\/Benabderrhamne-bouden-1024x453.png","type":"image\/png"}],"author":"La Sentinelle","twitter_card":"summary_large_image","twitter_misc":{"\u00c9crit par":"La Sentinelle","Dur\u00e9e de lecture estim\u00e9e":"4 minutes"},"schema":{"@context":"https:\/\/schema.org","@graph":[{"@type":"Article","@id":"https:\/\/lasentinelle.dz\/index.php\/2022\/02\/09\/algerie-tunisie-des-relations-ancrees-dans-le-passe-et-tournees-vers-lavenir\/#article","isPartOf":{"@id":"https:\/\/lasentinelle.dz\/index.php\/2022\/02\/09\/algerie-tunisie-des-relations-ancrees-dans-le-passe-et-tournees-vers-lavenir\/"},"author":{"name":"La Sentinelle","@id":"https:\/\/lasentinelle.dz\/#\/schema\/person\/d865044e22e70a75174ce8bcad3acfb3"},"headline":"Alg\u00e9rie-Tunisie\u00a0: Des relations ancr\u00e9es dans le pass\u00e9 et tourn\u00e9es vers l\u2019avenir","datePublished":"2022-02-08T23:05:00+00:00","mainEntityOfPage":{"@id":"https:\/\/lasentinelle.dz\/index.php\/2022\/02\/09\/algerie-tunisie-des-relations-ancrees-dans-le-passe-et-tournees-vers-lavenir\/"},"wordCount":962,"commentCount":0,"publisher":{"@id":"https:\/\/lasentinelle.dz\/#organization"},"image":{"@id":"https:\/\/lasentinelle.dz\/index.php\/2022\/02\/09\/algerie-tunisie-des-relations-ancrees-dans-le-passe-et-tournees-vers-lavenir\/#primaryimage"},"thumbnailUrl":"https:\/\/lasentinelle.dz\/wp-content\/uploads\/2022\/02\/Benabderrhamne-bouden.png","articleSection":["\u00c0 la Une","Actualit\u00e9"],"inLanguage":"fr-FR","potentialAction":[{"@type":"CommentAction","name":"Comment","target":["https:\/\/lasentinelle.dz\/index.php\/2022\/02\/09\/algerie-tunisie-des-relations-ancrees-dans-le-passe-et-tournees-vers-lavenir\/#respond"]}]},{"@type":"WebPage","@id":"https:\/\/lasentinelle.dz\/index.php\/2022\/02\/09\/algerie-tunisie-des-relations-ancrees-dans-le-passe-et-tournees-vers-lavenir\/","url":"https:\/\/lasentinelle.dz\/index.php\/2022\/02\/09\/algerie-tunisie-des-relations-ancrees-dans-le-passe-et-tournees-vers-lavenir\/","name":"Alg\u00e9rie-Tunisie\u00a0: Des relations ancr\u00e9es dans le pass\u00e9 et tourn\u00e9es vers l\u2019avenir - La Sentinelle","isPartOf":{"@id":"https:\/\/lasentinelle.dz\/#website"},"primaryImageOfPage":{"@id":"https:\/\/lasentinelle.dz\/index.php\/2022\/02\/09\/algerie-tunisie-des-relations-ancrees-dans-le-passe-et-tournees-vers-lavenir\/#primaryimage"},"image":{"@id":"https:\/\/lasentinelle.dz\/index.php\/2022\/02\/09\/algerie-tunisie-des-relations-ancrees-dans-le-passe-et-tournees-vers-lavenir\/#primaryimage"},"thumbnailUrl":"https:\/\/lasentinelle.dz\/wp-content\/uploads\/2022\/02\/Benabderrhamne-bouden.png","datePublished":"2022-02-08T23:05:00+00:00","breadcrumb":{"@id":"https:\/\/lasentinelle.dz\/index.php\/2022\/02\/09\/algerie-tunisie-des-relations-ancrees-dans-le-passe-et-tournees-vers-lavenir\/#breadcrumb"},"inLanguage":"fr-FR","potentialAction":[{"@type":"ReadAction","target":["https:\/\/lasentinelle.dz\/index.php\/2022\/02\/09\/algerie-tunisie-des-relations-ancrees-dans-le-passe-et-tournees-vers-lavenir\/"]}]},{"@type":"ImageObject","inLanguage":"fr-FR","@id":"https:\/\/lasentinelle.dz\/index.php\/2022\/02\/09\/algerie-tunisie-des-relations-ancrees-dans-le-passe-et-tournees-vers-lavenir\/#primaryimage","url":"https:\/\/lasentinelle.dz\/wp-content\/uploads\/2022\/02\/Benabderrhamne-bouden.png","contentUrl":"https:\/\/lasentinelle.dz\/wp-content\/uploads\/2022\/02\/Benabderrhamne-bouden.png","width":2036,"height":900},{"@type":"BreadcrumbList","@id":"https:\/\/lasentinelle.dz\/index.php\/2022\/02\/09\/algerie-tunisie-des-relations-ancrees-dans-le-passe-et-tournees-vers-lavenir\/#breadcrumb","itemListElement":[{"@type":"ListItem","position":1,"name":"Accueil","item":"https:\/\/lasentinelle.dz\/"},{"@type":"ListItem","position":2,"name":"Alg\u00e9rie-Tunisie\u00a0: Des relations ancr\u00e9es dans le pass\u00e9 et tourn\u00e9es vers l\u2019avenir"}]},{"@type":"WebSite","@id":"https:\/\/lasentinelle.dz\/#website","url":"https:\/\/lasentinelle.dz\/","name":"La Sentinelle","description":"Quotidien national d&#039;information","publisher":{"@id":"https:\/\/lasentinelle.dz\/#organization"},"potentialAction":[{"@type":"SearchAction","target":{"@type":"EntryPoint","urlTemplate":"https:\/\/lasentinelle.dz\/?s={search_term_string}"},"query-input":{"@type":"PropertyValueSpecification","valueRequired":true,"valueName":"search_term_string"}}],"inLanguage":"fr-FR"},{"@type":"Organization","@id":"https:\/\/lasentinelle.dz\/#organization","name":"Quotidien La Sentinelle","url":"https:\/\/lasentinelle.dz\/","logo":{"@type":"ImageObject","inLanguage":"fr-FR","@id":"https:\/\/lasentinelle.dz\/#\/schema\/logo\/image\/","url":"https:\/\/lasentinelle.dz\/wp-content\/uploads\/2021\/09\/logo-sentinelleSLOGAN-1.png","contentUrl":"https:\/\/lasentinelle.dz\/wp-content\/uploads\/2021\/09\/logo-sentinelleSLOGAN-1.png","width":615,"height":142,"caption":"Quotidien La Sentinelle"},"image":{"@id":"https:\/\/lasentinelle.dz\/#\/schema\/logo\/image\/"},"sameAs":["https:\/\/www.facebook.com\/La-Sentinelle-104059864394773"]},{"@type":"Person","@id":"https:\/\/lasentinelle.dz\/#\/schema\/person\/d865044e22e70a75174ce8bcad3acfb3","name":"La Sentinelle","image":{"@type":"ImageObject","inLanguage":"fr-FR","@id":"https:\/\/secure.gravatar.com\/avatar\/57de8e5d4b15d43fb361a71fbb36338450fe67865b528a43dd10ef7c51a20392?s=96&d=mm&r=g","url":"https:\/\/secure.gravatar.com\/avatar\/57de8e5d4b15d43fb361a71fbb36338450fe67865b528a43dd10ef7c51a20392?s=96&d=mm&r=g","contentUrl":"https:\/\/secure.gravatar.com\/avatar\/57de8e5d4b15d43fb361a71fbb36338450fe67865b528a43dd10ef7c51a20392?s=96&d=mm&r=g","caption":"La Sentinelle"},"sameAs":["http:\/\/www.lasentinelle.dz"],"url":"https:\/\/lasentinelle.dz\/author\/redaction\/"}]}},"_links":{"self":[{"href":"https:\/\/lasentinelle.dz\/index.php\/wp-json\/wp\/v2\/posts\/16714","targetHints":{"allow":["GET"]}}],"collection":[{"href":"https:\/\/lasentinelle.dz\/index.php\/wp-json\/wp\/v2\/posts"}],"about":[{"href":"https:\/\/lasentinelle.dz\/index.php\/wp-json\/wp\/v2\/types\/post"}],"author":[{"embeddable":true,"href":"https:\/\/lasentinelle.dz\/index.php\/wp-json\/wp\/v2\/users\/3"}],"replies":[{"embeddable":true,"href":"https:\/\/lasentinelle.dz\/index.php\/wp-json\/wp\/v2\/comments?post=16714"}],"version-history":[{"count":1,"href":"https:\/\/lasentinelle.dz\/index.php\/wp-json\/wp\/v2\/posts\/16714\/revisions"}],"predecessor-version":[{"id":16720,"href":"https:\/\/lasentinelle.dz\/index.php\/wp-json\/wp\/v2\/posts\/16714\/revisions\/16720"}],"wp:featuredmedia":[{"embeddable":true,"href":"https:\/\/lasentinelle.dz\/index.php\/wp-json\/wp\/v2\/media\/16719"}],"wp:attachment":[{"href":"https:\/\/lasentinelle.dz\/index.php\/wp-json\/wp\/v2\/media?parent=16714"}],"wp:term":[{"taxonomy":"category","embeddable":true,"href":"https:\/\/lasentinelle.dz\/index.php\/wp-json\/wp\/v2\/categories?post=16714"},{"taxonomy":"post_tag","embeddable":true,"href":"https:\/\/lasentinelle.dz\/index.php\/wp-json\/wp\/v2\/tags?post=16714"}],"curies":[{"name":"wp","href":"https:\/\/api.w.org\/{rel}","templated":true}]}}