{"id":16723,"date":"2022-02-09T00:01:00","date_gmt":"2022-02-08T23:01:00","guid":{"rendered":"https:\/\/lasentinelle.dz\/?p=16723"},"modified":"2022-02-08T19:20:41","modified_gmt":"2022-02-08T18:20:41","slug":"marche-de-lemploi-une-hausse-de-21-des-offres-sur-emploitic","status":"publish","type":"post","link":"https:\/\/lasentinelle.dz\/index.php\/2022\/02\/09\/marche-de-lemploi-une-hausse-de-21-des-offres-sur-emploitic\/","title":{"rendered":"March\u00e9 de l\u2019emploi\u00a0:\u00a0Une hausse de 21%\u00a0\u00a0des offres sur Emploitic"},"content":{"rendered":"\n<p>La pand\u00e9mie&nbsp;de covid-19 a lourdement affect\u00e9 le march\u00e9 de l\u2019emploi en 2020&nbsp;\u00e0 travers l\u2019ensemble des pays, dont l\u2019Alg\u00e9rie. Cependant, le march\u00e9 s\u2019est redress\u00e9 dans le sillage de la reprise de la croissance en&nbsp;2021,&nbsp;selon le rapport publi\u00e9 par l\u2019agence&nbsp;de recrutement&nbsp;Emploitic,&nbsp;qui note une hausse de&nbsp;21%&nbsp;des offres l\u2019ann\u00e9e derni\u00e8re.<\/p>\n\n\n\n<p>Le communiqu\u00e9 de l\u2019agence&nbsp;&nbsp;priv\u00e9e Emploitic, a en effet,&nbsp;&nbsp;indiqu\u00e9 que \u00ab le nombre des offres d\u2019emplois&nbsp;qu\u2019elle a re\u00e7us a atteint&nbsp;26.900 offres en 2021 contre 20.700 en 2020&nbsp;\u00bb soit une hausse de 29% l\u2019ann\u00e9e pass\u00e9e, pr\u00e9cisant que \u00ab c\u2019est un signe de reprise de l\u2019activit\u00e9 \u00e9conomique apr\u00e8s le choc de la pand\u00e9mie de covid19 \u00bb.&nbsp;Cette hausse, est conforme aux pr\u00e9visions avanc\u00e9es dans le rapport \u00ab Perspectives et recrutements \u00bb \u00e9labor\u00e9 par l\u2019agence Emploitic et la&nbsp;Chambrealg\u00e9rienne de commerce et d\u2019industrie (CACI).&nbsp;Durant l\u2019ann\u00e9e 2020, le secteur de l\u2019industrie a recrut\u00e9 le plus, tout comme en 2021,&nbsp;avec un ratio&nbsp;&nbsp;de 31% des opportunit\u00e9s globales offertes \u00e0 travers Emploitic, suivi du secteur des services avec 25% des offres publi\u00e9es puis du commerce-distribution avec 14%.&nbsp;Un tiers des offres d\u2019emplois, \u00e9taient destin\u00e9es aux m\u00e9tiers du Commercial, avec un taux de 31% contre 25% des offres qui visaient des m\u00e9tiers de l\u2019industrie et 14% des opportunit\u00e9s concernaient les m\u00e9tiers de l\u2019administration et 11% des offres s\u2019\u00e9taient adress\u00e9es \u00e0 ceux de la finance.&nbsp;S\u2019agissant de l\u2019ensemble des offres d\u2019emplois publi\u00e9es par Emploitic en 2021, plus de 9451 \u00e9taient destin\u00e9es \u00e0 des jeunes dipl\u00f4m\u00e9s, sans pr\u00e9alable li\u00e9 \u00e0 l\u2019exp\u00e9rience professionnelle, soit le tiers des opportunit\u00e9s publi\u00e9es sur le site web d\u2019Emploitic.&nbsp;Le m\u00eame bilan, fait \u00e9galement \u00e9tat de 2305 recruteurs recens\u00e9s en 2021 qui ont publi\u00e9 11800offres d\u2019emploi ciblant des candidats ayant \u00e0 leurs actifs, trois \u00e0 cinq ann\u00e9es d\u2019exp\u00e9rience quant \u00e0 ceux qui en ont entre six et dix, ont \u00e9t\u00e9 cibl\u00e9s par 4035 offres qui ont \u00e9t\u00e9 publi\u00e9es sur ce site web.<\/p>\n\n\n\n<p><strong>Boubekeur Amrani<\/strong><\/p>\n","protected":false},"excerpt":{"rendered":"<p>La pand\u00e9mie&nbsp;de covid-19 a lourdement affect\u00e9 le march\u00e9 de l\u2019emploi en 2020&nbsp;\u00e0 travers l\u2019ensemble des pays, dont l\u2019Alg\u00e9rie. Cependant, le<\/p>\n","protected":false},"author":3,"featured_media":16728,"comment_status":"open","ping_status":"closed","sticky":false,"template":"","format":"standard","meta":{"colormag_page_container_layout":"default_layout","colormag_page_sidebar_layout":"default_layout","om_disable_all_campaigns":false,"_monsterinsights_skip_tracking":false,"_monsterinsights_sitenote_active":false,"_monsterinsights_sitenote_note":"","_monsterinsights_sitenote_category":0,"footnotes":"","_wpscppro_dont_share_socialmedia":false,"_wpscppro_custom_social_share_image":0,"_facebook_share_type":"","_twitter_share_type":"","_linkedin_share_type":"","_pinterest_share_type":"","_linkedin_share_type_page":"","_instagram_share_type":"","_medium_share_type":"","_threads_share_type":"","_google_business_share_type":"","_selected_social_profile":[],"_wpsp_enable_custom_social_template":false,"_wpsp_social_scheduling":{"enabled":false,"datetime":null,"platforms":[],"status":"template_only","dateOption":"today","timeOption":"now","customDays":"","customHours":"","customDate":"","customTime":"","schedulingType":"absolute"},"_wpsp_active_default_template":true},"categories":[29],"tags":[],"class_list":["post-16723","post","type-post","status-publish","format-standard","has-post-thumbnail","hentry","category-economie"],"aioseo_notices":[],"yoast_head":"<!-- This site is optimized with the Yoast SEO plugin v27.5 - https:\/\/yoast.com\/product\/yoast-seo-wordpress\/ -->\n<title>March\u00e9 de l\u2019emploi\u00a0:\u00a0Une hausse de 21%\u00a0\u00a0des offres sur Emploitic - La Sentinelle<\/title>\n<meta name=\"robots\" content=\"index, follow, max-snippet:-1, max-image-preview:large, max-video-preview:-1\" \/>\n<link rel=\"canonical\" href=\"https:\/\/lasentinelle.dz\/index.php\/2022\/02\/09\/marche-de-lemploi-une-hausse-de-21-des-offres-sur-emploitic\/\" \/>\n<meta property=\"og:locale\" content=\"fr_FR\" \/>\n<meta property=\"og:type\" content=\"article\" \/>\n<meta property=\"og:title\" content=\"March\u00e9 de l\u2019emploi\u00a0:\u00a0Une hausse de 21%\u00a0\u00a0des offres sur Emploitic - La Sentinelle\" \/>\n<meta property=\"og:description\" content=\"La pand\u00e9mie&nbsp;de covid-19 a lourdement affect\u00e9 le march\u00e9 de l\u2019emploi en 2020&nbsp;\u00e0 travers l\u2019ensemble des pays, dont l\u2019Alg\u00e9rie. Cependant, le\" \/>\n<meta property=\"og:url\" content=\"https:\/\/lasentinelle.dz\/index.php\/2022\/02\/09\/marche-de-lemploi-une-hausse-de-21-des-offres-sur-emploitic\/\" \/>\n<meta property=\"og:site_name\" content=\"La Sentinelle\" \/>\n<meta property=\"article:publisher\" content=\"https:\/\/www.facebook.com\/La-Sentinelle-104059864394773\" \/>\n<meta property=\"article:published_time\" content=\"2022-02-08T23:01:00+00:00\" \/>\n<meta property=\"og:image\" content=\"https:\/\/lasentinelle.dz\/wp-content\/uploads\/2022\/02\/emploi.png\" \/>\n\t<meta property=\"og:image:width\" content=\"1445\" \/>\n\t<meta property=\"og:image:height\" content=\"900\" \/>\n\t<meta property=\"og:image:type\" content=\"image\/png\" \/>\n<meta name=\"author\" content=\"La Sentinelle\" \/>\n<meta name=\"twitter:card\" content=\"summary_large_image\" \/>\n<meta name=\"twitter:label1\" content=\"\u00c9crit par\" \/>\n\t<meta name=\"twitter:data1\" content=\"La Sentinelle\" \/>\n\t<meta name=\"twitter:label2\" content=\"Dur\u00e9e de lecture estim\u00e9e\" \/>\n\t<meta name=\"twitter:data2\" content=\"2 minutes\" \/>\n<script type=\"application\/ld+json\" class=\"yoast-schema-graph\">{\"@context\":\"https:\\\/\\\/schema.org\",\"@graph\":[{\"@type\":\"Article\",\"@id\":\"https:\\\/\\\/lasentinelle.dz\\\/index.php\\\/2022\\\/02\\\/09\\\/marche-de-lemploi-une-hausse-de-21-des-offres-sur-emploitic\\\/#article\",\"isPartOf\":{\"@id\":\"https:\\\/\\\/lasentinelle.dz\\\/index.php\\\/2022\\\/02\\\/09\\\/marche-de-lemploi-une-hausse-de-21-des-offres-sur-emploitic\\\/\"},\"author\":{\"name\":\"La Sentinelle\",\"@id\":\"https:\\\/\\\/lasentinelle.dz\\\/#\\\/schema\\\/person\\\/d865044e22e70a75174ce8bcad3acfb3\"},\"headline\":\"March\u00e9 de l\u2019emploi\u00a0:\u00a0Une hausse de 21%\u00a0\u00a0des offres sur Emploitic\",\"datePublished\":\"2022-02-08T23:01:00+00:00\",\"mainEntityOfPage\":{\"@id\":\"https:\\\/\\\/lasentinelle.dz\\\/index.php\\\/2022\\\/02\\\/09\\\/marche-de-lemploi-une-hausse-de-21-des-offres-sur-emploitic\\\/\"},\"wordCount\":384,\"commentCount\":0,\"publisher\":{\"@id\":\"https:\\\/\\\/lasentinelle.dz\\\/#organization\"},\"image\":{\"@id\":\"https:\\\/\\\/lasentinelle.dz\\\/index.php\\\/2022\\\/02\\\/09\\\/marche-de-lemploi-une-hausse-de-21-des-offres-sur-emploitic\\\/#primaryimage\"},\"thumbnailUrl\":\"https:\\\/\\\/lasentinelle.dz\\\/wp-content\\\/uploads\\\/2022\\\/02\\\/emploi.png\",\"articleSection\":[\"\u00c9conomie\"],\"inLanguage\":\"fr-FR\",\"potentialAction\":[{\"@type\":\"CommentAction\",\"name\":\"Comment\",\"target\":[\"https:\\\/\\\/lasentinelle.dz\\\/index.php\\\/2022\\\/02\\\/09\\\/marche-de-lemploi-une-hausse-de-21-des-offres-sur-emploitic\\\/#respond\"]}]},{\"@type\":\"WebPage\",\"@id\":\"https:\\\/\\\/lasentinelle.dz\\\/index.php\\\/2022\\\/02\\\/09\\\/marche-de-lemploi-une-hausse-de-21-des-offres-sur-emploitic\\\/\",\"url\":\"https:\\\/\\\/lasentinelle.dz\\\/index.php\\\/2022\\\/02\\\/09\\\/marche-de-lemploi-une-hausse-de-21-des-offres-sur-emploitic\\\/\",\"name\":\"March\u00e9 de l\u2019emploi\u00a0:\u00a0Une hausse de 21%\u00a0\u00a0des offres sur Emploitic - La Sentinelle\",\"isPartOf\":{\"@id\":\"https:\\\/\\\/lasentinelle.dz\\\/#website\"},\"primaryImageOfPage\":{\"@id\":\"https:\\\/\\\/lasentinelle.dz\\\/index.php\\\/2022\\\/02\\\/09\\\/marche-de-lemploi-une-hausse-de-21-des-offres-sur-emploitic\\\/#primaryimage\"},\"image\":{\"@id\":\"https:\\\/\\\/lasentinelle.dz\\\/index.php\\\/2022\\\/02\\\/09\\\/marche-de-lemploi-une-hausse-de-21-des-offres-sur-emploitic\\\/#primaryimage\"},\"thumbnailUrl\":\"https:\\\/\\\/lasentinelle.dz\\\/wp-content\\\/uploads\\\/2022\\\/02\\\/emploi.png\",\"datePublished\":\"2022-02-08T23:01:00+00:00\",\"breadcrumb\":{\"@id\":\"https:\\\/\\\/lasentinelle.dz\\\/index.php\\\/2022\\\/02\\\/09\\\/marche-de-lemploi-une-hausse-de-21-des-offres-sur-emploitic\\\/#breadcrumb\"},\"inLanguage\":\"fr-FR\",\"potentialAction\":[{\"@type\":\"ReadAction\",\"target\":[\"https:\\\/\\\/lasentinelle.dz\\\/index.php\\\/2022\\\/02\\\/09\\\/marche-de-lemploi-une-hausse-de-21-des-offres-sur-emploitic\\\/\"]}]},{\"@type\":\"ImageObject\",\"inLanguage\":\"fr-FR\",\"@id\":\"https:\\\/\\\/lasentinelle.dz\\\/index.php\\\/2022\\\/02\\\/09\\\/marche-de-lemploi-une-hausse-de-21-des-offres-sur-emploitic\\\/#primaryimage\",\"url\":\"https:\\\/\\\/lasentinelle.dz\\\/wp-content\\\/uploads\\\/2022\\\/02\\\/emploi.png\",\"contentUrl\":\"https:\\\/\\\/lasentinelle.dz\\\/wp-content\\\/uploads\\\/2022\\\/02\\\/emploi.png\",\"width\":1445,\"height\":900},{\"@type\":\"BreadcrumbList\",\"@id\":\"https:\\\/\\\/lasentinelle.dz\\\/index.php\\\/2022\\\/02\\\/09\\\/marche-de-lemploi-une-hausse-de-21-des-offres-sur-emploitic\\\/#breadcrumb\",\"itemListElement\":[{\"@type\":\"ListItem\",\"position\":1,\"name\":\"Accueil\",\"item\":\"https:\\\/\\\/lasentinelle.dz\\\/\"},{\"@type\":\"ListItem\",\"position\":2,\"name\":\"March\u00e9 de l\u2019emploi\u00a0:\u00a0Une hausse de 21%\u00a0\u00a0des offres sur Emploitic\"}]},{\"@type\":\"WebSite\",\"@id\":\"https:\\\/\\\/lasentinelle.dz\\\/#website\",\"url\":\"https:\\\/\\\/lasentinelle.dz\\\/\",\"name\":\"La Sentinelle\",\"description\":\"Quotidien national d&#039;information\",\"publisher\":{\"@id\":\"https:\\\/\\\/lasentinelle.dz\\\/#organization\"},\"potentialAction\":[{\"@type\":\"SearchAction\",\"target\":{\"@type\":\"EntryPoint\",\"urlTemplate\":\"https:\\\/\\\/lasentinelle.dz\\\/?s={search_term_string}\"},\"query-input\":{\"@type\":\"PropertyValueSpecification\",\"valueRequired\":true,\"valueName\":\"search_term_string\"}}],\"inLanguage\":\"fr-FR\"},{\"@type\":\"Organization\",\"@id\":\"https:\\\/\\\/lasentinelle.dz\\\/#organization\",\"name\":\"Quotidien La Sentinelle\",\"url\":\"https:\\\/\\\/lasentinelle.dz\\\/\",\"logo\":{\"@type\":\"ImageObject\",\"inLanguage\":\"fr-FR\",\"@id\":\"https:\\\/\\\/lasentinelle.dz\\\/#\\\/schema\\\/logo\\\/image\\\/\",\"url\":\"https:\\\/\\\/lasentinelle.dz\\\/wp-content\\\/uploads\\\/2021\\\/09\\\/logo-sentinelleSLOGAN-1.png\",\"contentUrl\":\"https:\\\/\\\/lasentinelle.dz\\\/wp-content\\\/uploads\\\/2021\\\/09\\\/logo-sentinelleSLOGAN-1.png\",\"width\":615,\"height\":142,\"caption\":\"Quotidien La Sentinelle\"},\"image\":{\"@id\":\"https:\\\/\\\/lasentinelle.dz\\\/#\\\/schema\\\/logo\\\/image\\\/\"},\"sameAs\":[\"https:\\\/\\\/www.facebook.com\\\/La-Sentinelle-104059864394773\"]},{\"@type\":\"Person\",\"@id\":\"https:\\\/\\\/lasentinelle.dz\\\/#\\\/schema\\\/person\\\/d865044e22e70a75174ce8bcad3acfb3\",\"name\":\"La Sentinelle\",\"image\":{\"@type\":\"ImageObject\",\"inLanguage\":\"fr-FR\",\"@id\":\"https:\\\/\\\/secure.gravatar.com\\\/avatar\\\/57de8e5d4b15d43fb361a71fbb36338450fe67865b528a43dd10ef7c51a20392?s=96&d=mm&r=g\",\"url\":\"https:\\\/\\\/secure.gravatar.com\\\/avatar\\\/57de8e5d4b15d43fb361a71fbb36338450fe67865b528a43dd10ef7c51a20392?s=96&d=mm&r=g\",\"contentUrl\":\"https:\\\/\\\/secure.gravatar.com\\\/avatar\\\/57de8e5d4b15d43fb361a71fbb36338450fe67865b528a43dd10ef7c51a20392?s=96&d=mm&r=g\",\"caption\":\"La Sentinelle\"},\"sameAs\":[\"http:\\\/\\\/www.lasentinelle.dz\"],\"url\":\"https:\\\/\\\/lasentinelle.dz\\\/author\\\/redaction\\\/\"}]}<\/script>\n<!-- \/ Yoast SEO plugin. -->","yoast_head_json":{"title":"March\u00e9 de l\u2019emploi\u00a0:\u00a0Une hausse de 21%\u00a0\u00a0des offres sur Emploitic - La Sentinelle","robots":{"index":"index","follow":"follow","max-snippet":"max-snippet:-1","max-image-preview":"max-image-preview:large","max-video-preview":"max-video-preview:-1"},"canonical":"https:\/\/lasentinelle.dz\/index.php\/2022\/02\/09\/marche-de-lemploi-une-hausse-de-21-des-offres-sur-emploitic\/","og_locale":"fr_FR","og_type":"article","og_title":"March\u00e9 de l\u2019emploi\u00a0:\u00a0Une hausse de 21%\u00a0\u00a0des offres sur Emploitic - La Sentinelle","og_description":"La pand\u00e9mie&nbsp;de covid-19 a lourdement affect\u00e9 le march\u00e9 de l\u2019emploi en 2020&nbsp;\u00e0 travers l\u2019ensemble des pays, dont l\u2019Alg\u00e9rie. Cependant, le","og_url":"https:\/\/lasentinelle.dz\/index.php\/2022\/02\/09\/marche-de-lemploi-une-hausse-de-21-des-offres-sur-emploitic\/","og_site_name":"La Sentinelle","article_publisher":"https:\/\/www.facebook.com\/La-Sentinelle-104059864394773","article_published_time":"2022-02-08T23:01:00+00:00","og_image":[{"width":1445,"height":900,"url":"https:\/\/lasentinelle.dz\/wp-content\/uploads\/2022\/02\/emploi.png","type":"image\/png"}],"author":"La Sentinelle","twitter_card":"summary_large_image","twitter_misc":{"\u00c9crit par":"La Sentinelle","Dur\u00e9e de lecture estim\u00e9e":"2 minutes"},"schema":{"@context":"https:\/\/schema.org","@graph":[{"@type":"Article","@id":"https:\/\/lasentinelle.dz\/index.php\/2022\/02\/09\/marche-de-lemploi-une-hausse-de-21-des-offres-sur-emploitic\/#article","isPartOf":{"@id":"https:\/\/lasentinelle.dz\/index.php\/2022\/02\/09\/marche-de-lemploi-une-hausse-de-21-des-offres-sur-emploitic\/"},"author":{"name":"La Sentinelle","@id":"https:\/\/lasentinelle.dz\/#\/schema\/person\/d865044e22e70a75174ce8bcad3acfb3"},"headline":"March\u00e9 de l\u2019emploi\u00a0:\u00a0Une hausse de 21%\u00a0\u00a0des offres sur Emploitic","datePublished":"2022-02-08T23:01:00+00:00","mainEntityOfPage":{"@id":"https:\/\/lasentinelle.dz\/index.php\/2022\/02\/09\/marche-de-lemploi-une-hausse-de-21-des-offres-sur-emploitic\/"},"wordCount":384,"commentCount":0,"publisher":{"@id":"https:\/\/lasentinelle.dz\/#organization"},"image":{"@id":"https:\/\/lasentinelle.dz\/index.php\/2022\/02\/09\/marche-de-lemploi-une-hausse-de-21-des-offres-sur-emploitic\/#primaryimage"},"thumbnailUrl":"https:\/\/lasentinelle.dz\/wp-content\/uploads\/2022\/02\/emploi.png","articleSection":["\u00c9conomie"],"inLanguage":"fr-FR","potentialAction":[{"@type":"CommentAction","name":"Comment","target":["https:\/\/lasentinelle.dz\/index.php\/2022\/02\/09\/marche-de-lemploi-une-hausse-de-21-des-offres-sur-emploitic\/#respond"]}]},{"@type":"WebPage","@id":"https:\/\/lasentinelle.dz\/index.php\/2022\/02\/09\/marche-de-lemploi-une-hausse-de-21-des-offres-sur-emploitic\/","url":"https:\/\/lasentinelle.dz\/index.php\/2022\/02\/09\/marche-de-lemploi-une-hausse-de-21-des-offres-sur-emploitic\/","name":"March\u00e9 de l\u2019emploi\u00a0:\u00a0Une hausse de 21%\u00a0\u00a0des offres sur Emploitic - La Sentinelle","isPartOf":{"@id":"https:\/\/lasentinelle.dz\/#website"},"primaryImageOfPage":{"@id":"https:\/\/lasentinelle.dz\/index.php\/2022\/02\/09\/marche-de-lemploi-une-hausse-de-21-des-offres-sur-emploitic\/#primaryimage"},"image":{"@id":"https:\/\/lasentinelle.dz\/index.php\/2022\/02\/09\/marche-de-lemploi-une-hausse-de-21-des-offres-sur-emploitic\/#primaryimage"},"thumbnailUrl":"https:\/\/lasentinelle.dz\/wp-content\/uploads\/2022\/02\/emploi.png","datePublished":"2022-02-08T23:01:00+00:00","breadcrumb":{"@id":"https:\/\/lasentinelle.dz\/index.php\/2022\/02\/09\/marche-de-lemploi-une-hausse-de-21-des-offres-sur-emploitic\/#breadcrumb"},"inLanguage":"fr-FR","potentialAction":[{"@type":"ReadAction","target":["https:\/\/lasentinelle.dz\/index.php\/2022\/02\/09\/marche-de-lemploi-une-hausse-de-21-des-offres-sur-emploitic\/"]}]},{"@type":"ImageObject","inLanguage":"fr-FR","@id":"https:\/\/lasentinelle.dz\/index.php\/2022\/02\/09\/marche-de-lemploi-une-hausse-de-21-des-offres-sur-emploitic\/#primaryimage","url":"https:\/\/lasentinelle.dz\/wp-content\/uploads\/2022\/02\/emploi.png","contentUrl":"https:\/\/lasentinelle.dz\/wp-content\/uploads\/2022\/02\/emploi.png","width":1445,"height":900},{"@type":"BreadcrumbList","@id":"https:\/\/lasentinelle.dz\/index.php\/2022\/02\/09\/marche-de-lemploi-une-hausse-de-21-des-offres-sur-emploitic\/#breadcrumb","itemListElement":[{"@type":"ListItem","position":1,"name":"Accueil","item":"https:\/\/lasentinelle.dz\/"},{"@type":"ListItem","position":2,"name":"March\u00e9 de l\u2019emploi\u00a0:\u00a0Une hausse de 21%\u00a0\u00a0des offres sur Emploitic"}]},{"@type":"WebSite","@id":"https:\/\/lasentinelle.dz\/#website","url":"https:\/\/lasentinelle.dz\/","name":"La Sentinelle","description":"Quotidien national d&#039;information","publisher":{"@id":"https:\/\/lasentinelle.dz\/#organization"},"potentialAction":[{"@type":"SearchAction","target":{"@type":"EntryPoint","urlTemplate":"https:\/\/lasentinelle.dz\/?s={search_term_string}"},"query-input":{"@type":"PropertyValueSpecification","valueRequired":true,"valueName":"search_term_string"}}],"inLanguage":"fr-FR"},{"@type":"Organization","@id":"https:\/\/lasentinelle.dz\/#organization","name":"Quotidien La Sentinelle","url":"https:\/\/lasentinelle.dz\/","logo":{"@type":"ImageObject","inLanguage":"fr-FR","@id":"https:\/\/lasentinelle.dz\/#\/schema\/logo\/image\/","url":"https:\/\/lasentinelle.dz\/wp-content\/uploads\/2021\/09\/logo-sentinelleSLOGAN-1.png","contentUrl":"https:\/\/lasentinelle.dz\/wp-content\/uploads\/2021\/09\/logo-sentinelleSLOGAN-1.png","width":615,"height":142,"caption":"Quotidien La Sentinelle"},"image":{"@id":"https:\/\/lasentinelle.dz\/#\/schema\/logo\/image\/"},"sameAs":["https:\/\/www.facebook.com\/La-Sentinelle-104059864394773"]},{"@type":"Person","@id":"https:\/\/lasentinelle.dz\/#\/schema\/person\/d865044e22e70a75174ce8bcad3acfb3","name":"La Sentinelle","image":{"@type":"ImageObject","inLanguage":"fr-FR","@id":"https:\/\/secure.gravatar.com\/avatar\/57de8e5d4b15d43fb361a71fbb36338450fe67865b528a43dd10ef7c51a20392?s=96&d=mm&r=g","url":"https:\/\/secure.gravatar.com\/avatar\/57de8e5d4b15d43fb361a71fbb36338450fe67865b528a43dd10ef7c51a20392?s=96&d=mm&r=g","contentUrl":"https:\/\/secure.gravatar.com\/avatar\/57de8e5d4b15d43fb361a71fbb36338450fe67865b528a43dd10ef7c51a20392?s=96&d=mm&r=g","caption":"La Sentinelle"},"sameAs":["http:\/\/www.lasentinelle.dz"],"url":"https:\/\/lasentinelle.dz\/author\/redaction\/"}]}},"_links":{"self":[{"href":"https:\/\/lasentinelle.dz\/index.php\/wp-json\/wp\/v2\/posts\/16723","targetHints":{"allow":["GET"]}}],"collection":[{"href":"https:\/\/lasentinelle.dz\/index.php\/wp-json\/wp\/v2\/posts"}],"about":[{"href":"https:\/\/lasentinelle.dz\/index.php\/wp-json\/wp\/v2\/types\/post"}],"author":[{"embeddable":true,"href":"https:\/\/lasentinelle.dz\/index.php\/wp-json\/wp\/v2\/users\/3"}],"replies":[{"embeddable":true,"href":"https:\/\/lasentinelle.dz\/index.php\/wp-json\/wp\/v2\/comments?post=16723"}],"version-history":[{"count":1,"href":"https:\/\/lasentinelle.dz\/index.php\/wp-json\/wp\/v2\/posts\/16723\/revisions"}],"predecessor-version":[{"id":16731,"href":"https:\/\/lasentinelle.dz\/index.php\/wp-json\/wp\/v2\/posts\/16723\/revisions\/16731"}],"wp:featuredmedia":[{"embeddable":true,"href":"https:\/\/lasentinelle.dz\/index.php\/wp-json\/wp\/v2\/media\/16728"}],"wp:attachment":[{"href":"https:\/\/lasentinelle.dz\/index.php\/wp-json\/wp\/v2\/media?parent=16723"}],"wp:term":[{"taxonomy":"category","embeddable":true,"href":"https:\/\/lasentinelle.dz\/index.php\/wp-json\/wp\/v2\/categories?post=16723"},{"taxonomy":"post_tag","embeddable":true,"href":"https:\/\/lasentinelle.dz\/index.php\/wp-json\/wp\/v2\/tags?post=16723"}],"curies":[{"name":"wp","href":"https:\/\/api.w.org\/{rel}","templated":true}]}}