{"id":16778,"date":"2022-02-10T00:01:00","date_gmt":"2022-02-09T23:01:00","guid":{"rendered":"https:\/\/lasentinelle.dz\/?p=16778"},"modified":"2022-02-09T18:42:29","modified_gmt":"2022-02-09T17:42:29","slug":"retard-dans-le-lancement-du-projet-solar-1000-les-operateurs-reclament-la-liberation-des-cahier-des-charges","status":"publish","type":"post","link":"https:\/\/lasentinelle.dz\/index.php\/2022\/02\/10\/retard-dans-le-lancement-du-projet-solar-1000-les-operateurs-reclament-la-liberation-des-cahier-des-charges\/","title":{"rendered":"Retard dans le lancement du projet\u00a0Solar 1000\u00a0:\u00a0Les op\u00e9rateurs r\u00e9clament la lib\u00e9ration des cahier des\u00a0charges"},"content":{"rendered":"\n<p>Afin de mettre un terme au retard qui freine le lancement du plus ambitieux projet \u00e9nerg\u00e9tique propre en Alg\u00e9rie, \u00ab\u00a0Solar 1000\u00a0\u00bb, le directeur g\u00e9n\u00e9ral&nbsp;du&nbsp;Cluster Energie Solaire (CES), Boukhalfa Ya\u00efci a&nbsp;lanc\u00e9&nbsp;un appel aux plus hautes autorit\u00e9s du pays pour lib\u00e9rer le cahier des charges relatif \u00e0 l&rsquo;appel d&rsquo;offre maintes&nbsp;&nbsp;fois report\u00e9&nbsp;en 2021. \u00ab\u00a0Nous avons \u00e9t\u00e9 tr\u00e8s contents de voir l&rsquo;appel d&rsquo;offre finalement annonc\u00e9 (le 24 d\u00e9cembre 2021). Les op\u00e9rateurs ont pay\u00e9 les frais n\u00e9cessaires pour l&rsquo;obtention du cahier des charges, mais \u00e0 ce jour ils ne l&rsquo;ont pas encore re\u00e7u\u00a0\u00bb, a-t-il fait&nbsp;savoir lors son intervention hier sur les ondes de la Radio alg\u00e9rienne. Il&nbsp;\u00e9mettera d\u2019ailleurs&nbsp;le souhait de voir enfin \u00a0\u00bb ce cahier des&nbsp;charges&nbsp;lib\u00e9r\u00e9 rapidement pour que les entreprises puissent commencer \u00e0 r\u00e9aliser le projet\u00a0\u00bb. M. Ya\u00efci rappelle que l&rsquo;appel d&rsquo;offre pour la r\u00e9alisation de \u00ab\u00a0Solar 1000\u00a0\u00bb a, apr\u00e8s plusieurs ajournements, \u00e9t\u00e9 lanc\u00e9 fin d\u00e9cembre dernier par le minist\u00e8re de la Transition \u00e9nerg\u00e9tique et des&nbsp;\u00c9nergies renouvelables qui a charg\u00e9 la soci\u00e9t\u00e9, nouvellement cr\u00e9\u00e9e, \u00ab\u00a0Shaems\u00a0\u00bb, de traiter cet appel d&rsquo;offres.&nbsp;Un projet, explique le directeur g\u00e9n\u00e9ral du CES, qui&nbsp;concerne&nbsp;l&rsquo;ensemble des op\u00e9rateurs de la fili\u00e8re de l&rsquo;\u00e9nergie solaire en Alg\u00e9rie,&nbsp;et lequel n\u00e9cessite&nbsp;la&nbsp;cr\u00e9ation&nbsp;de Soci\u00e9t\u00e9s de Projet (SPV) charg\u00e9es de r\u00e9aliser de&nbsp;petites&nbsp;centrales solaires photovolta\u00efques d&rsquo;une capacit\u00e9 totale de 1.000 MW, r\u00e9parties sur le territoire national, en lots de 50 \u00e0 300 MW chacune. Aussi, pour concr\u00e9tiser ce programme qui&nbsp;&nbsp;s&rsquo;inscrit dans le cadre de la r\u00e9alisation du programme national&nbsp;de d\u00e9veloppement&nbsp;des \u00e9nergies renouvelables qui ambitionne \u00e0 installer 15.000 MW de sources renouvelables d&rsquo;ici 2035 explique M. Yaici, une cadence de l&rsquo;ordre de 1.000 MW par an est n\u00e9cessaire. Mais, d\u00e9plore-t-il, \u00a0\u00bb aujourd&rsquo;hui nous sommes en 2022 et nous n&rsquo;avons rien&nbsp;vu&nbsp;de son d\u00e9ploiement\u00a0\u00bb. Un retard que le m\u00eame responsable incombe \u00e0 la d\u00e9pendance persistante du pays aux hydrocarbures tout en estimant qu&rsquo; \u00ab\u00a0une hausse des prix du baril est tr\u00e8s bonne pour l&rsquo;Alg\u00e9rie, mais j&rsquo;ai l&rsquo;impression qu&rsquo;elle est en train de nous faire vivre les ann\u00e9es pass\u00e9es, avec les m\u00eames r\u00e9flexes\u00a0\u00bb.Le Cluster Energie Solaire, cr\u00e9\u00e9 en 2017, regroupe 34 op\u00e9rateurs publics et priv\u00e9s sp\u00e9cialis\u00e9s dans les diff\u00e9rents segments de la fili\u00e8re (fabricants de panneaux, EPC, installateurs, op\u00e9rateurs de maintenance, \u00e9coles et centres de recherche et d\u00e9veloppent), dans l&rsquo;objectif de d\u00e9velopper des synergies entre les parties de cette industrie, rappelle M. Ya\u00efci qui n&rsquo;a pas manqu\u00e9 l&rsquo;occasion pour souligner que la s\u00e9curit\u00e9 \u00e9nerg\u00e9tique n\u00e9cessite aujourd\u2019hui une exploitation maximale de toutes les ressources existantes \u00e0 travers le pays, notamment les renouvelables. D\u2019ailleurs, fait-il remarquer, le plan de croissance 2020\/2024 inscrit les renouvelables comme un domaine \u00e0 forte valeurs ajout\u00e9e. Cependant, la hausse du prix des hydrocarbures et du gaz naturel, enregistr\u00e9e depuis quelques temps,&nbsp;&nbsp;\u00abne doit pas nous \u00e9loign\u00e9 des objectifs trac\u00e9s\u00bb, Rappelle-t-il une autre fois.&nbsp;<\/p>\n\n\n\n<p><strong>Akli Amor<\/strong><\/p>\n","protected":false},"excerpt":{"rendered":"<p>Afin de mettre un terme au retard qui freine le lancement du plus ambitieux projet \u00e9nerg\u00e9tique propre en Alg\u00e9rie, \u00ab\u00a0Solar<\/p>\n","protected":false},"author":3,"featured_media":16783,"comment_status":"open","ping_status":"closed","sticky":false,"template":"","format":"standard","meta":{"colormag_page_container_layout":"default_layout","colormag_page_sidebar_layout":"default_layout","om_disable_all_campaigns":false,"_monsterinsights_skip_tracking":false,"_monsterinsights_sitenote_active":false,"_monsterinsights_sitenote_note":"","_monsterinsights_sitenote_category":0,"footnotes":"","_wpscppro_dont_share_socialmedia":false,"_wpscppro_custom_social_share_image":0,"_facebook_share_type":"","_twitter_share_type":"","_linkedin_share_type":"","_pinterest_share_type":"","_linkedin_share_type_page":"","_instagram_share_type":"","_medium_share_type":"","_threads_share_type":"","_google_business_share_type":"","_selected_social_profile":[],"_wpsp_enable_custom_social_template":false,"_wpsp_social_scheduling":{"enabled":false,"datetime":null,"platforms":[],"status":"template_only","dateOption":"today","timeOption":"now","customDays":"","customHours":"","customDate":"","customTime":"","schedulingType":"absolute"},"_wpsp_active_default_template":true},"categories":[29],"tags":[],"class_list":["post-16778","post","type-post","status-publish","format-standard","has-post-thumbnail","hentry","category-economie"],"aioseo_notices":[],"yoast_head":"<!-- This site is optimized with the Yoast SEO plugin v27.5 - https:\/\/yoast.com\/product\/yoast-seo-wordpress\/ -->\n<title>Retard dans le lancement du projet\u00a0Solar 1000\u00a0:\u00a0Les op\u00e9rateurs r\u00e9clament la lib\u00e9ration des cahier des\u00a0charges - La Sentinelle<\/title>\n<meta name=\"robots\" content=\"index, follow, max-snippet:-1, max-image-preview:large, max-video-preview:-1\" \/>\n<link rel=\"canonical\" href=\"https:\/\/lasentinelle.dz\/index.php\/2022\/02\/10\/retard-dans-le-lancement-du-projet-solar-1000-les-operateurs-reclament-la-liberation-des-cahier-des-charges\/\" \/>\n<meta property=\"og:locale\" content=\"fr_FR\" \/>\n<meta property=\"og:type\" content=\"article\" \/>\n<meta property=\"og:title\" content=\"Retard dans le lancement du projet\u00a0Solar 1000\u00a0:\u00a0Les op\u00e9rateurs r\u00e9clament la lib\u00e9ration des cahier des\u00a0charges - La Sentinelle\" \/>\n<meta property=\"og:description\" content=\"Afin de mettre un terme au retard qui freine le lancement du plus ambitieux projet \u00e9nerg\u00e9tique propre en Alg\u00e9rie, \u00ab\u00a0Solar\" \/>\n<meta property=\"og:url\" content=\"https:\/\/lasentinelle.dz\/index.php\/2022\/02\/10\/retard-dans-le-lancement-du-projet-solar-1000-les-operateurs-reclament-la-liberation-des-cahier-des-charges\/\" \/>\n<meta property=\"og:site_name\" content=\"La Sentinelle\" \/>\n<meta property=\"article:publisher\" content=\"https:\/\/www.facebook.com\/La-Sentinelle-104059864394773\" \/>\n<meta property=\"article:published_time\" content=\"2022-02-09T23:01:00+00:00\" \/>\n<meta property=\"og:image\" content=\"https:\/\/lasentinelle.dz\/wp-content\/uploads\/2022\/02\/projet-solaire-de-4050-mw.png\" \/>\n\t<meta property=\"og:image:width\" content=\"1800\" \/>\n\t<meta property=\"og:image:height\" content=\"900\" \/>\n\t<meta property=\"og:image:type\" content=\"image\/png\" \/>\n<meta name=\"author\" content=\"La Sentinelle\" \/>\n<meta name=\"twitter:card\" content=\"summary_large_image\" \/>\n<meta name=\"twitter:label1\" content=\"\u00c9crit par\" \/>\n\t<meta name=\"twitter:data1\" content=\"La Sentinelle\" \/>\n\t<meta name=\"twitter:label2\" content=\"Dur\u00e9e de lecture estim\u00e9e\" \/>\n\t<meta name=\"twitter:data2\" content=\"3 minutes\" \/>\n<script type=\"application\/ld+json\" class=\"yoast-schema-graph\">{\"@context\":\"https:\\\/\\\/schema.org\",\"@graph\":[{\"@type\":\"Article\",\"@id\":\"https:\\\/\\\/lasentinelle.dz\\\/index.php\\\/2022\\\/02\\\/10\\\/retard-dans-le-lancement-du-projet-solar-1000-les-operateurs-reclament-la-liberation-des-cahier-des-charges\\\/#article\",\"isPartOf\":{\"@id\":\"https:\\\/\\\/lasentinelle.dz\\\/index.php\\\/2022\\\/02\\\/10\\\/retard-dans-le-lancement-du-projet-solar-1000-les-operateurs-reclament-la-liberation-des-cahier-des-charges\\\/\"},\"author\":{\"name\":\"La Sentinelle\",\"@id\":\"https:\\\/\\\/lasentinelle.dz\\\/#\\\/schema\\\/person\\\/d865044e22e70a75174ce8bcad3acfb3\"},\"headline\":\"Retard dans le lancement du projet\u00a0Solar 1000\u00a0:\u00a0Les op\u00e9rateurs r\u00e9clament la lib\u00e9ration des cahier des\u00a0charges\",\"datePublished\":\"2022-02-09T23:01:00+00:00\",\"mainEntityOfPage\":{\"@id\":\"https:\\\/\\\/lasentinelle.dz\\\/index.php\\\/2022\\\/02\\\/10\\\/retard-dans-le-lancement-du-projet-solar-1000-les-operateurs-reclament-la-liberation-des-cahier-des-charges\\\/\"},\"wordCount\":590,\"commentCount\":0,\"publisher\":{\"@id\":\"https:\\\/\\\/lasentinelle.dz\\\/#organization\"},\"image\":{\"@id\":\"https:\\\/\\\/lasentinelle.dz\\\/index.php\\\/2022\\\/02\\\/10\\\/retard-dans-le-lancement-du-projet-solar-1000-les-operateurs-reclament-la-liberation-des-cahier-des-charges\\\/#primaryimage\"},\"thumbnailUrl\":\"https:\\\/\\\/lasentinelle.dz\\\/wp-content\\\/uploads\\\/2022\\\/02\\\/projet-solaire-de-4050-mw.png\",\"articleSection\":[\"\u00c9conomie\"],\"inLanguage\":\"fr-FR\",\"potentialAction\":[{\"@type\":\"CommentAction\",\"name\":\"Comment\",\"target\":[\"https:\\\/\\\/lasentinelle.dz\\\/index.php\\\/2022\\\/02\\\/10\\\/retard-dans-le-lancement-du-projet-solar-1000-les-operateurs-reclament-la-liberation-des-cahier-des-charges\\\/#respond\"]}]},{\"@type\":\"WebPage\",\"@id\":\"https:\\\/\\\/lasentinelle.dz\\\/index.php\\\/2022\\\/02\\\/10\\\/retard-dans-le-lancement-du-projet-solar-1000-les-operateurs-reclament-la-liberation-des-cahier-des-charges\\\/\",\"url\":\"https:\\\/\\\/lasentinelle.dz\\\/index.php\\\/2022\\\/02\\\/10\\\/retard-dans-le-lancement-du-projet-solar-1000-les-operateurs-reclament-la-liberation-des-cahier-des-charges\\\/\",\"name\":\"Retard dans le lancement du projet\u00a0Solar 1000\u00a0:\u00a0Les op\u00e9rateurs r\u00e9clament la lib\u00e9ration des cahier des\u00a0charges - La Sentinelle\",\"isPartOf\":{\"@id\":\"https:\\\/\\\/lasentinelle.dz\\\/#website\"},\"primaryImageOfPage\":{\"@id\":\"https:\\\/\\\/lasentinelle.dz\\\/index.php\\\/2022\\\/02\\\/10\\\/retard-dans-le-lancement-du-projet-solar-1000-les-operateurs-reclament-la-liberation-des-cahier-des-charges\\\/#primaryimage\"},\"image\":{\"@id\":\"https:\\\/\\\/lasentinelle.dz\\\/index.php\\\/2022\\\/02\\\/10\\\/retard-dans-le-lancement-du-projet-solar-1000-les-operateurs-reclament-la-liberation-des-cahier-des-charges\\\/#primaryimage\"},\"thumbnailUrl\":\"https:\\\/\\\/lasentinelle.dz\\\/wp-content\\\/uploads\\\/2022\\\/02\\\/projet-solaire-de-4050-mw.png\",\"datePublished\":\"2022-02-09T23:01:00+00:00\",\"breadcrumb\":{\"@id\":\"https:\\\/\\\/lasentinelle.dz\\\/index.php\\\/2022\\\/02\\\/10\\\/retard-dans-le-lancement-du-projet-solar-1000-les-operateurs-reclament-la-liberation-des-cahier-des-charges\\\/#breadcrumb\"},\"inLanguage\":\"fr-FR\",\"potentialAction\":[{\"@type\":\"ReadAction\",\"target\":[\"https:\\\/\\\/lasentinelle.dz\\\/index.php\\\/2022\\\/02\\\/10\\\/retard-dans-le-lancement-du-projet-solar-1000-les-operateurs-reclament-la-liberation-des-cahier-des-charges\\\/\"]}]},{\"@type\":\"ImageObject\",\"inLanguage\":\"fr-FR\",\"@id\":\"https:\\\/\\\/lasentinelle.dz\\\/index.php\\\/2022\\\/02\\\/10\\\/retard-dans-le-lancement-du-projet-solar-1000-les-operateurs-reclament-la-liberation-des-cahier-des-charges\\\/#primaryimage\",\"url\":\"https:\\\/\\\/lasentinelle.dz\\\/wp-content\\\/uploads\\\/2022\\\/02\\\/projet-solaire-de-4050-mw.png\",\"contentUrl\":\"https:\\\/\\\/lasentinelle.dz\\\/wp-content\\\/uploads\\\/2022\\\/02\\\/projet-solaire-de-4050-mw.png\",\"width\":1800,\"height\":900},{\"@type\":\"BreadcrumbList\",\"@id\":\"https:\\\/\\\/lasentinelle.dz\\\/index.php\\\/2022\\\/02\\\/10\\\/retard-dans-le-lancement-du-projet-solar-1000-les-operateurs-reclament-la-liberation-des-cahier-des-charges\\\/#breadcrumb\",\"itemListElement\":[{\"@type\":\"ListItem\",\"position\":1,\"name\":\"Accueil\",\"item\":\"https:\\\/\\\/lasentinelle.dz\\\/\"},{\"@type\":\"ListItem\",\"position\":2,\"name\":\"Retard dans le lancement du projet\u00a0Solar 1000\u00a0:\u00a0Les op\u00e9rateurs r\u00e9clament la lib\u00e9ration des cahier des\u00a0charges\"}]},{\"@type\":\"WebSite\",\"@id\":\"https:\\\/\\\/lasentinelle.dz\\\/#website\",\"url\":\"https:\\\/\\\/lasentinelle.dz\\\/\",\"name\":\"La Sentinelle\",\"description\":\"Quotidien national d&#039;information\",\"publisher\":{\"@id\":\"https:\\\/\\\/lasentinelle.dz\\\/#organization\"},\"potentialAction\":[{\"@type\":\"SearchAction\",\"target\":{\"@type\":\"EntryPoint\",\"urlTemplate\":\"https:\\\/\\\/lasentinelle.dz\\\/?s={search_term_string}\"},\"query-input\":{\"@type\":\"PropertyValueSpecification\",\"valueRequired\":true,\"valueName\":\"search_term_string\"}}],\"inLanguage\":\"fr-FR\"},{\"@type\":\"Organization\",\"@id\":\"https:\\\/\\\/lasentinelle.dz\\\/#organization\",\"name\":\"Quotidien La Sentinelle\",\"url\":\"https:\\\/\\\/lasentinelle.dz\\\/\",\"logo\":{\"@type\":\"ImageObject\",\"inLanguage\":\"fr-FR\",\"@id\":\"https:\\\/\\\/lasentinelle.dz\\\/#\\\/schema\\\/logo\\\/image\\\/\",\"url\":\"https:\\\/\\\/lasentinelle.dz\\\/wp-content\\\/uploads\\\/2021\\\/09\\\/logo-sentinelleSLOGAN-1.png\",\"contentUrl\":\"https:\\\/\\\/lasentinelle.dz\\\/wp-content\\\/uploads\\\/2021\\\/09\\\/logo-sentinelleSLOGAN-1.png\",\"width\":615,\"height\":142,\"caption\":\"Quotidien La Sentinelle\"},\"image\":{\"@id\":\"https:\\\/\\\/lasentinelle.dz\\\/#\\\/schema\\\/logo\\\/image\\\/\"},\"sameAs\":[\"https:\\\/\\\/www.facebook.com\\\/La-Sentinelle-104059864394773\"]},{\"@type\":\"Person\",\"@id\":\"https:\\\/\\\/lasentinelle.dz\\\/#\\\/schema\\\/person\\\/d865044e22e70a75174ce8bcad3acfb3\",\"name\":\"La Sentinelle\",\"image\":{\"@type\":\"ImageObject\",\"inLanguage\":\"fr-FR\",\"@id\":\"https:\\\/\\\/secure.gravatar.com\\\/avatar\\\/57de8e5d4b15d43fb361a71fbb36338450fe67865b528a43dd10ef7c51a20392?s=96&d=mm&r=g\",\"url\":\"https:\\\/\\\/secure.gravatar.com\\\/avatar\\\/57de8e5d4b15d43fb361a71fbb36338450fe67865b528a43dd10ef7c51a20392?s=96&d=mm&r=g\",\"contentUrl\":\"https:\\\/\\\/secure.gravatar.com\\\/avatar\\\/57de8e5d4b15d43fb361a71fbb36338450fe67865b528a43dd10ef7c51a20392?s=96&d=mm&r=g\",\"caption\":\"La Sentinelle\"},\"sameAs\":[\"http:\\\/\\\/www.lasentinelle.dz\"],\"url\":\"https:\\\/\\\/lasentinelle.dz\\\/author\\\/redaction\\\/\"}]}<\/script>\n<!-- \/ Yoast SEO plugin. -->","yoast_head_json":{"title":"Retard dans le lancement du projet\u00a0Solar 1000\u00a0:\u00a0Les op\u00e9rateurs r\u00e9clament la lib\u00e9ration des cahier des\u00a0charges - La Sentinelle","robots":{"index":"index","follow":"follow","max-snippet":"max-snippet:-1","max-image-preview":"max-image-preview:large","max-video-preview":"max-video-preview:-1"},"canonical":"https:\/\/lasentinelle.dz\/index.php\/2022\/02\/10\/retard-dans-le-lancement-du-projet-solar-1000-les-operateurs-reclament-la-liberation-des-cahier-des-charges\/","og_locale":"fr_FR","og_type":"article","og_title":"Retard dans le lancement du projet\u00a0Solar 1000\u00a0:\u00a0Les op\u00e9rateurs r\u00e9clament la lib\u00e9ration des cahier des\u00a0charges - La Sentinelle","og_description":"Afin de mettre un terme au retard qui freine le lancement du plus ambitieux projet \u00e9nerg\u00e9tique propre en Alg\u00e9rie, \u00ab\u00a0Solar","og_url":"https:\/\/lasentinelle.dz\/index.php\/2022\/02\/10\/retard-dans-le-lancement-du-projet-solar-1000-les-operateurs-reclament-la-liberation-des-cahier-des-charges\/","og_site_name":"La Sentinelle","article_publisher":"https:\/\/www.facebook.com\/La-Sentinelle-104059864394773","article_published_time":"2022-02-09T23:01:00+00:00","og_image":[{"width":1800,"height":900,"url":"https:\/\/lasentinelle.dz\/wp-content\/uploads\/2022\/02\/projet-solaire-de-4050-mw.png","type":"image\/png"}],"author":"La Sentinelle","twitter_card":"summary_large_image","twitter_misc":{"\u00c9crit par":"La Sentinelle","Dur\u00e9e de lecture estim\u00e9e":"3 minutes"},"schema":{"@context":"https:\/\/schema.org","@graph":[{"@type":"Article","@id":"https:\/\/lasentinelle.dz\/index.php\/2022\/02\/10\/retard-dans-le-lancement-du-projet-solar-1000-les-operateurs-reclament-la-liberation-des-cahier-des-charges\/#article","isPartOf":{"@id":"https:\/\/lasentinelle.dz\/index.php\/2022\/02\/10\/retard-dans-le-lancement-du-projet-solar-1000-les-operateurs-reclament-la-liberation-des-cahier-des-charges\/"},"author":{"name":"La Sentinelle","@id":"https:\/\/lasentinelle.dz\/#\/schema\/person\/d865044e22e70a75174ce8bcad3acfb3"},"headline":"Retard dans le lancement du projet\u00a0Solar 1000\u00a0:\u00a0Les op\u00e9rateurs r\u00e9clament la lib\u00e9ration des cahier des\u00a0charges","datePublished":"2022-02-09T23:01:00+00:00","mainEntityOfPage":{"@id":"https:\/\/lasentinelle.dz\/index.php\/2022\/02\/10\/retard-dans-le-lancement-du-projet-solar-1000-les-operateurs-reclament-la-liberation-des-cahier-des-charges\/"},"wordCount":590,"commentCount":0,"publisher":{"@id":"https:\/\/lasentinelle.dz\/#organization"},"image":{"@id":"https:\/\/lasentinelle.dz\/index.php\/2022\/02\/10\/retard-dans-le-lancement-du-projet-solar-1000-les-operateurs-reclament-la-liberation-des-cahier-des-charges\/#primaryimage"},"thumbnailUrl":"https:\/\/lasentinelle.dz\/wp-content\/uploads\/2022\/02\/projet-solaire-de-4050-mw.png","articleSection":["\u00c9conomie"],"inLanguage":"fr-FR","potentialAction":[{"@type":"CommentAction","name":"Comment","target":["https:\/\/lasentinelle.dz\/index.php\/2022\/02\/10\/retard-dans-le-lancement-du-projet-solar-1000-les-operateurs-reclament-la-liberation-des-cahier-des-charges\/#respond"]}]},{"@type":"WebPage","@id":"https:\/\/lasentinelle.dz\/index.php\/2022\/02\/10\/retard-dans-le-lancement-du-projet-solar-1000-les-operateurs-reclament-la-liberation-des-cahier-des-charges\/","url":"https:\/\/lasentinelle.dz\/index.php\/2022\/02\/10\/retard-dans-le-lancement-du-projet-solar-1000-les-operateurs-reclament-la-liberation-des-cahier-des-charges\/","name":"Retard dans le lancement du projet\u00a0Solar 1000\u00a0:\u00a0Les op\u00e9rateurs r\u00e9clament la lib\u00e9ration des cahier des\u00a0charges - La Sentinelle","isPartOf":{"@id":"https:\/\/lasentinelle.dz\/#website"},"primaryImageOfPage":{"@id":"https:\/\/lasentinelle.dz\/index.php\/2022\/02\/10\/retard-dans-le-lancement-du-projet-solar-1000-les-operateurs-reclament-la-liberation-des-cahier-des-charges\/#primaryimage"},"image":{"@id":"https:\/\/lasentinelle.dz\/index.php\/2022\/02\/10\/retard-dans-le-lancement-du-projet-solar-1000-les-operateurs-reclament-la-liberation-des-cahier-des-charges\/#primaryimage"},"thumbnailUrl":"https:\/\/lasentinelle.dz\/wp-content\/uploads\/2022\/02\/projet-solaire-de-4050-mw.png","datePublished":"2022-02-09T23:01:00+00:00","breadcrumb":{"@id":"https:\/\/lasentinelle.dz\/index.php\/2022\/02\/10\/retard-dans-le-lancement-du-projet-solar-1000-les-operateurs-reclament-la-liberation-des-cahier-des-charges\/#breadcrumb"},"inLanguage":"fr-FR","potentialAction":[{"@type":"ReadAction","target":["https:\/\/lasentinelle.dz\/index.php\/2022\/02\/10\/retard-dans-le-lancement-du-projet-solar-1000-les-operateurs-reclament-la-liberation-des-cahier-des-charges\/"]}]},{"@type":"ImageObject","inLanguage":"fr-FR","@id":"https:\/\/lasentinelle.dz\/index.php\/2022\/02\/10\/retard-dans-le-lancement-du-projet-solar-1000-les-operateurs-reclament-la-liberation-des-cahier-des-charges\/#primaryimage","url":"https:\/\/lasentinelle.dz\/wp-content\/uploads\/2022\/02\/projet-solaire-de-4050-mw.png","contentUrl":"https:\/\/lasentinelle.dz\/wp-content\/uploads\/2022\/02\/projet-solaire-de-4050-mw.png","width":1800,"height":900},{"@type":"BreadcrumbList","@id":"https:\/\/lasentinelle.dz\/index.php\/2022\/02\/10\/retard-dans-le-lancement-du-projet-solar-1000-les-operateurs-reclament-la-liberation-des-cahier-des-charges\/#breadcrumb","itemListElement":[{"@type":"ListItem","position":1,"name":"Accueil","item":"https:\/\/lasentinelle.dz\/"},{"@type":"ListItem","position":2,"name":"Retard dans le lancement du projet\u00a0Solar 1000\u00a0:\u00a0Les op\u00e9rateurs r\u00e9clament la lib\u00e9ration des cahier des\u00a0charges"}]},{"@type":"WebSite","@id":"https:\/\/lasentinelle.dz\/#website","url":"https:\/\/lasentinelle.dz\/","name":"La Sentinelle","description":"Quotidien national d&#039;information","publisher":{"@id":"https:\/\/lasentinelle.dz\/#organization"},"potentialAction":[{"@type":"SearchAction","target":{"@type":"EntryPoint","urlTemplate":"https:\/\/lasentinelle.dz\/?s={search_term_string}"},"query-input":{"@type":"PropertyValueSpecification","valueRequired":true,"valueName":"search_term_string"}}],"inLanguage":"fr-FR"},{"@type":"Organization","@id":"https:\/\/lasentinelle.dz\/#organization","name":"Quotidien La Sentinelle","url":"https:\/\/lasentinelle.dz\/","logo":{"@type":"ImageObject","inLanguage":"fr-FR","@id":"https:\/\/lasentinelle.dz\/#\/schema\/logo\/image\/","url":"https:\/\/lasentinelle.dz\/wp-content\/uploads\/2021\/09\/logo-sentinelleSLOGAN-1.png","contentUrl":"https:\/\/lasentinelle.dz\/wp-content\/uploads\/2021\/09\/logo-sentinelleSLOGAN-1.png","width":615,"height":142,"caption":"Quotidien La Sentinelle"},"image":{"@id":"https:\/\/lasentinelle.dz\/#\/schema\/logo\/image\/"},"sameAs":["https:\/\/www.facebook.com\/La-Sentinelle-104059864394773"]},{"@type":"Person","@id":"https:\/\/lasentinelle.dz\/#\/schema\/person\/d865044e22e70a75174ce8bcad3acfb3","name":"La Sentinelle","image":{"@type":"ImageObject","inLanguage":"fr-FR","@id":"https:\/\/secure.gravatar.com\/avatar\/57de8e5d4b15d43fb361a71fbb36338450fe67865b528a43dd10ef7c51a20392?s=96&d=mm&r=g","url":"https:\/\/secure.gravatar.com\/avatar\/57de8e5d4b15d43fb361a71fbb36338450fe67865b528a43dd10ef7c51a20392?s=96&d=mm&r=g","contentUrl":"https:\/\/secure.gravatar.com\/avatar\/57de8e5d4b15d43fb361a71fbb36338450fe67865b528a43dd10ef7c51a20392?s=96&d=mm&r=g","caption":"La Sentinelle"},"sameAs":["http:\/\/www.lasentinelle.dz"],"url":"https:\/\/lasentinelle.dz\/author\/redaction\/"}]}},"_links":{"self":[{"href":"https:\/\/lasentinelle.dz\/index.php\/wp-json\/wp\/v2\/posts\/16778","targetHints":{"allow":["GET"]}}],"collection":[{"href":"https:\/\/lasentinelle.dz\/index.php\/wp-json\/wp\/v2\/posts"}],"about":[{"href":"https:\/\/lasentinelle.dz\/index.php\/wp-json\/wp\/v2\/types\/post"}],"author":[{"embeddable":true,"href":"https:\/\/lasentinelle.dz\/index.php\/wp-json\/wp\/v2\/users\/3"}],"replies":[{"embeddable":true,"href":"https:\/\/lasentinelle.dz\/index.php\/wp-json\/wp\/v2\/comments?post=16778"}],"version-history":[{"count":1,"href":"https:\/\/lasentinelle.dz\/index.php\/wp-json\/wp\/v2\/posts\/16778\/revisions"}],"predecessor-version":[{"id":16784,"href":"https:\/\/lasentinelle.dz\/index.php\/wp-json\/wp\/v2\/posts\/16778\/revisions\/16784"}],"wp:featuredmedia":[{"embeddable":true,"href":"https:\/\/lasentinelle.dz\/index.php\/wp-json\/wp\/v2\/media\/16783"}],"wp:attachment":[{"href":"https:\/\/lasentinelle.dz\/index.php\/wp-json\/wp\/v2\/media?parent=16778"}],"wp:term":[{"taxonomy":"category","embeddable":true,"href":"https:\/\/lasentinelle.dz\/index.php\/wp-json\/wp\/v2\/categories?post=16778"},{"taxonomy":"post_tag","embeddable":true,"href":"https:\/\/lasentinelle.dz\/index.php\/wp-json\/wp\/v2\/tags?post=16778"}],"curies":[{"name":"wp","href":"https:\/\/api.w.org\/{rel}","templated":true}]}}