{"id":16789,"date":"2022-02-10T00:01:00","date_gmt":"2022-02-09T23:01:00","guid":{"rendered":"https:\/\/lasentinelle.dz\/?p=16789"},"modified":"2022-02-09T19:03:30","modified_gmt":"2022-02-09T18:03:30","slug":"elevage-hausse-des-quotas-dorge-subventionne","status":"publish","type":"post","link":"https:\/\/lasentinelle.dz\/index.php\/2022\/02\/10\/elevage-hausse-des-quotas-dorge-subventionne\/","title":{"rendered":"\u00c9levage\u00a0: Hausse des quotas d\u2019orge subventionn\u00e9"},"content":{"rendered":"\n<p>Dans un communiqu\u00e9 qu\u2019il a rendu public hier, le minist\u00e8re de l\u2019Agriculture et du D\u00e9veloppement rural a annonc\u00e9 l&rsquo;augmentation de la ration d&rsquo;orge subventionn\u00e9e pour le mois de f\u00e9vrier en cours.&nbsp;<\/p>\n\n\n\n<p>La m\u00eame source a expliqu\u00e9 que \u00abcela permettra aux \u00e9leveurs d&rsquo;ovins, de camelins et d&rsquo;\u00e9quins&nbsp;de disposer de quantit\u00e9s plus importantes en aliment de&nbsp;b\u00e9tail\u00bb. En effet, la ration d&rsquo;orge octroy\u00e9e au cheptel ovin est plafonn\u00e9e pour le cheptel. Ainsi, la part d\u2019orge accord\u00e9e quotidiennement \u00e0 la brebis sera, d\u00e9sormais de&nbsp;&nbsp;1 kg\/j, celle-ci \u00e9tait de 300 grammes. La consommation quotidienne du camelin, qui \u00e9tait de 2 kg\/jour\/chamelle, a doubl\u00e9. Elle&nbsp;&nbsp;est pass\u00e9e&nbsp;&nbsp;\u00e0 4 kg\/jour. Idem pour l\u2019\u00e9quin dont la ration a \u00e9t\u00e9 doubl\u00e9e. La distribution des quantit\u00e9s suppl\u00e9mentaires d&rsquo;orge est r\u00e9glement\u00e9e. Elle se fera en prenant en compte le listing \u00e0 \u00e9tablir par les \u00e9leveurs et dans lesquels ils d\u00e9taillent les besoins de leurs b\u00e9tails. Ils sont, par la suite, invit\u00e9s \u00e0 se rendre aupr\u00e8s des commissions locales et suivre les proc\u00e9dures en vigueur. La m\u00eame source indique que \u00abcette liste sera transmise aux coop\u00e9ratives des c\u00e9r\u00e9ales et des l\u00e9gumes secs\u00bb, ajoutant que ces institutions sont \u00abcharg\u00e9es de distribuer l&rsquo;aliment du b\u00e9tail subventionn\u00e9 par l&rsquo;Etat aux \u00e9leveurs concern\u00e9s\u00bb. \u00abLes \u00e9leveurs peuvent aussi b\u00e9n\u00e9ficier d&rsquo;aliment \u00e0 base d&rsquo;orge dans le cadre du partenariat de la triangulaire, en l\u2019occurrence Onab-Alviar-\u00e9leveurs\u00bb, ajoute le minist\u00e8re. Pour rappel, la triangulaire en question est mise en place suite \u00e0 la signature de la convention entre l&rsquo;Alg\u00e9rienne des viandes rouges (Alviar), l&rsquo;Office national de l&rsquo;aliment de b\u00e9tail (Onab) et la F\u00e9d\u00e9ration nationale des \u00e9leveurs. Elle permet aux \u00e9leveurs d&rsquo;\u00e9couler leur production par le biais des complexes d&rsquo;abattage, de b\u00e9n\u00e9ficier d&rsquo;un aliment subventionn\u00e9, en plus de l\u2019accompagnement sanitaire de leur cheptel. Eu \u00e9gard de l\u2019augmentation des cours d&rsquo;orge sur le march\u00e9 mondial, ce dernier revient au prix \u00e9gal \u00e0 4 000 dinars\/q. L\u2019Etat, qui a d\u00e9cid\u00e9 de revoir \u00e0 la hausse le prix de cet aliment, a fix\u00e9 cette c\u00e9r\u00e9ale, qui \u00e9tait c\u00e9d\u00e9 \u00e0 1.500 dinars\/q, au tarif de 2000 dinars\/q, soit une hausse de 500 dinars seulement.<\/p>\n\n\n\n<p><strong>Salim Abdenour<\/strong><\/p>\n","protected":false},"excerpt":{"rendered":"<p>Dans un communiqu\u00e9 qu\u2019il a rendu public hier, le minist\u00e8re de l\u2019Agriculture et du D\u00e9veloppement rural a annonc\u00e9 l&rsquo;augmentation de<\/p>\n","protected":false},"author":3,"featured_media":16792,"comment_status":"open","ping_status":"closed","sticky":false,"template":"","format":"standard","meta":{"colormag_page_container_layout":"default_layout","colormag_page_sidebar_layout":"default_layout","om_disable_all_campaigns":false,"_monsterinsights_skip_tracking":false,"_monsterinsights_sitenote_active":false,"_monsterinsights_sitenote_note":"","_monsterinsights_sitenote_category":0,"footnotes":"","_wpscppro_dont_share_socialmedia":false,"_wpscppro_custom_social_share_image":0,"_facebook_share_type":"","_twitter_share_type":"","_linkedin_share_type":"","_pinterest_share_type":"","_linkedin_share_type_page":"","_instagram_share_type":"","_medium_share_type":"","_threads_share_type":"","_google_business_share_type":"","_selected_social_profile":[],"_wpsp_enable_custom_social_template":false,"_wpsp_social_scheduling":{"enabled":false,"datetime":null,"platforms":[],"status":"template_only","dateOption":"today","timeOption":"now","customDays":"","customHours":"","customDate":"","customTime":"","schedulingType":"absolute"},"_wpsp_active_default_template":true},"categories":[29],"tags":[],"class_list":["post-16789","post","type-post","status-publish","format-standard","has-post-thumbnail","hentry","category-economie"],"aioseo_notices":[],"yoast_head":"<!-- This site is optimized with the Yoast SEO plugin v27.5 - https:\/\/yoast.com\/product\/yoast-seo-wordpress\/ -->\n<title>\u00c9levage\u00a0: Hausse des quotas d\u2019orge subventionn\u00e9 - La Sentinelle<\/title>\n<meta name=\"robots\" content=\"index, follow, max-snippet:-1, max-image-preview:large, max-video-preview:-1\" \/>\n<link rel=\"canonical\" href=\"https:\/\/lasentinelle.dz\/index.php\/2022\/02\/10\/elevage-hausse-des-quotas-dorge-subventionne\/\" \/>\n<meta property=\"og:locale\" content=\"fr_FR\" \/>\n<meta property=\"og:type\" content=\"article\" \/>\n<meta property=\"og:title\" content=\"\u00c9levage\u00a0: Hausse des quotas d\u2019orge subventionn\u00e9 - La Sentinelle\" \/>\n<meta property=\"og:description\" content=\"Dans un communiqu\u00e9 qu\u2019il a rendu public hier, le minist\u00e8re de l\u2019Agriculture et du D\u00e9veloppement rural a annonc\u00e9 l&rsquo;augmentation de\" \/>\n<meta property=\"og:url\" content=\"https:\/\/lasentinelle.dz\/index.php\/2022\/02\/10\/elevage-hausse-des-quotas-dorge-subventionne\/\" \/>\n<meta property=\"og:site_name\" content=\"La Sentinelle\" \/>\n<meta property=\"article:publisher\" content=\"https:\/\/www.facebook.com\/La-Sentinelle-104059864394773\" \/>\n<meta property=\"article:published_time\" content=\"2022-02-09T23:01:00+00:00\" \/>\n<meta property=\"og:image\" content=\"https:\/\/lasentinelle.dz\/wp-content\/uploads\/2022\/02\/elevage-laitier-3-1024x646.png\" \/>\n\t<meta property=\"og:image:width\" content=\"1024\" \/>\n\t<meta property=\"og:image:height\" content=\"646\" \/>\n\t<meta property=\"og:image:type\" content=\"image\/png\" \/>\n<meta name=\"author\" content=\"La Sentinelle\" \/>\n<meta name=\"twitter:card\" content=\"summary_large_image\" \/>\n<meta name=\"twitter:label1\" content=\"\u00c9crit par\" \/>\n\t<meta name=\"twitter:data1\" content=\"La Sentinelle\" \/>\n\t<meta name=\"twitter:label2\" content=\"Dur\u00e9e de lecture estim\u00e9e\" \/>\n\t<meta name=\"twitter:data2\" content=\"2 minutes\" \/>\n<script type=\"application\/ld+json\" class=\"yoast-schema-graph\">{\"@context\":\"https:\\\/\\\/schema.org\",\"@graph\":[{\"@type\":\"Article\",\"@id\":\"https:\\\/\\\/lasentinelle.dz\\\/index.php\\\/2022\\\/02\\\/10\\\/elevage-hausse-des-quotas-dorge-subventionne\\\/#article\",\"isPartOf\":{\"@id\":\"https:\\\/\\\/lasentinelle.dz\\\/index.php\\\/2022\\\/02\\\/10\\\/elevage-hausse-des-quotas-dorge-subventionne\\\/\"},\"author\":{\"name\":\"La Sentinelle\",\"@id\":\"https:\\\/\\\/lasentinelle.dz\\\/#\\\/schema\\\/person\\\/d865044e22e70a75174ce8bcad3acfb3\"},\"headline\":\"\u00c9levage\u00a0: Hausse des quotas d\u2019orge subventionn\u00e9\",\"datePublished\":\"2022-02-09T23:01:00+00:00\",\"mainEntityOfPage\":{\"@id\":\"https:\\\/\\\/lasentinelle.dz\\\/index.php\\\/2022\\\/02\\\/10\\\/elevage-hausse-des-quotas-dorge-subventionne\\\/\"},\"wordCount\":419,\"commentCount\":0,\"publisher\":{\"@id\":\"https:\\\/\\\/lasentinelle.dz\\\/#organization\"},\"image\":{\"@id\":\"https:\\\/\\\/lasentinelle.dz\\\/index.php\\\/2022\\\/02\\\/10\\\/elevage-hausse-des-quotas-dorge-subventionne\\\/#primaryimage\"},\"thumbnailUrl\":\"https:\\\/\\\/lasentinelle.dz\\\/wp-content\\\/uploads\\\/2022\\\/02\\\/elevage-laitier-3.png\",\"articleSection\":[\"\u00c9conomie\"],\"inLanguage\":\"fr-FR\",\"potentialAction\":[{\"@type\":\"CommentAction\",\"name\":\"Comment\",\"target\":[\"https:\\\/\\\/lasentinelle.dz\\\/index.php\\\/2022\\\/02\\\/10\\\/elevage-hausse-des-quotas-dorge-subventionne\\\/#respond\"]}]},{\"@type\":\"WebPage\",\"@id\":\"https:\\\/\\\/lasentinelle.dz\\\/index.php\\\/2022\\\/02\\\/10\\\/elevage-hausse-des-quotas-dorge-subventionne\\\/\",\"url\":\"https:\\\/\\\/lasentinelle.dz\\\/index.php\\\/2022\\\/02\\\/10\\\/elevage-hausse-des-quotas-dorge-subventionne\\\/\",\"name\":\"\u00c9levage\u00a0: Hausse des quotas d\u2019orge subventionn\u00e9 - La Sentinelle\",\"isPartOf\":{\"@id\":\"https:\\\/\\\/lasentinelle.dz\\\/#website\"},\"primaryImageOfPage\":{\"@id\":\"https:\\\/\\\/lasentinelle.dz\\\/index.php\\\/2022\\\/02\\\/10\\\/elevage-hausse-des-quotas-dorge-subventionne\\\/#primaryimage\"},\"image\":{\"@id\":\"https:\\\/\\\/lasentinelle.dz\\\/index.php\\\/2022\\\/02\\\/10\\\/elevage-hausse-des-quotas-dorge-subventionne\\\/#primaryimage\"},\"thumbnailUrl\":\"https:\\\/\\\/lasentinelle.dz\\\/wp-content\\\/uploads\\\/2022\\\/02\\\/elevage-laitier-3.png\",\"datePublished\":\"2022-02-09T23:01:00+00:00\",\"breadcrumb\":{\"@id\":\"https:\\\/\\\/lasentinelle.dz\\\/index.php\\\/2022\\\/02\\\/10\\\/elevage-hausse-des-quotas-dorge-subventionne\\\/#breadcrumb\"},\"inLanguage\":\"fr-FR\",\"potentialAction\":[{\"@type\":\"ReadAction\",\"target\":[\"https:\\\/\\\/lasentinelle.dz\\\/index.php\\\/2022\\\/02\\\/10\\\/elevage-hausse-des-quotas-dorge-subventionne\\\/\"]}]},{\"@type\":\"ImageObject\",\"inLanguage\":\"fr-FR\",\"@id\":\"https:\\\/\\\/lasentinelle.dz\\\/index.php\\\/2022\\\/02\\\/10\\\/elevage-hausse-des-quotas-dorge-subventionne\\\/#primaryimage\",\"url\":\"https:\\\/\\\/lasentinelle.dz\\\/wp-content\\\/uploads\\\/2022\\\/02\\\/elevage-laitier-3.png\",\"contentUrl\":\"https:\\\/\\\/lasentinelle.dz\\\/wp-content\\\/uploads\\\/2022\\\/02\\\/elevage-laitier-3.png\",\"width\":1426,\"height\":900},{\"@type\":\"BreadcrumbList\",\"@id\":\"https:\\\/\\\/lasentinelle.dz\\\/index.php\\\/2022\\\/02\\\/10\\\/elevage-hausse-des-quotas-dorge-subventionne\\\/#breadcrumb\",\"itemListElement\":[{\"@type\":\"ListItem\",\"position\":1,\"name\":\"Accueil\",\"item\":\"https:\\\/\\\/lasentinelle.dz\\\/\"},{\"@type\":\"ListItem\",\"position\":2,\"name\":\"\u00c9levage\u00a0: Hausse des quotas d\u2019orge subventionn\u00e9\"}]},{\"@type\":\"WebSite\",\"@id\":\"https:\\\/\\\/lasentinelle.dz\\\/#website\",\"url\":\"https:\\\/\\\/lasentinelle.dz\\\/\",\"name\":\"La Sentinelle\",\"description\":\"Quotidien national d&#039;information\",\"publisher\":{\"@id\":\"https:\\\/\\\/lasentinelle.dz\\\/#organization\"},\"potentialAction\":[{\"@type\":\"SearchAction\",\"target\":{\"@type\":\"EntryPoint\",\"urlTemplate\":\"https:\\\/\\\/lasentinelle.dz\\\/?s={search_term_string}\"},\"query-input\":{\"@type\":\"PropertyValueSpecification\",\"valueRequired\":true,\"valueName\":\"search_term_string\"}}],\"inLanguage\":\"fr-FR\"},{\"@type\":\"Organization\",\"@id\":\"https:\\\/\\\/lasentinelle.dz\\\/#organization\",\"name\":\"Quotidien La Sentinelle\",\"url\":\"https:\\\/\\\/lasentinelle.dz\\\/\",\"logo\":{\"@type\":\"ImageObject\",\"inLanguage\":\"fr-FR\",\"@id\":\"https:\\\/\\\/lasentinelle.dz\\\/#\\\/schema\\\/logo\\\/image\\\/\",\"url\":\"https:\\\/\\\/lasentinelle.dz\\\/wp-content\\\/uploads\\\/2021\\\/09\\\/logo-sentinelleSLOGAN-1.png\",\"contentUrl\":\"https:\\\/\\\/lasentinelle.dz\\\/wp-content\\\/uploads\\\/2021\\\/09\\\/logo-sentinelleSLOGAN-1.png\",\"width\":615,\"height\":142,\"caption\":\"Quotidien La Sentinelle\"},\"image\":{\"@id\":\"https:\\\/\\\/lasentinelle.dz\\\/#\\\/schema\\\/logo\\\/image\\\/\"},\"sameAs\":[\"https:\\\/\\\/www.facebook.com\\\/La-Sentinelle-104059864394773\"]},{\"@type\":\"Person\",\"@id\":\"https:\\\/\\\/lasentinelle.dz\\\/#\\\/schema\\\/person\\\/d865044e22e70a75174ce8bcad3acfb3\",\"name\":\"La Sentinelle\",\"image\":{\"@type\":\"ImageObject\",\"inLanguage\":\"fr-FR\",\"@id\":\"https:\\\/\\\/secure.gravatar.com\\\/avatar\\\/57de8e5d4b15d43fb361a71fbb36338450fe67865b528a43dd10ef7c51a20392?s=96&d=mm&r=g\",\"url\":\"https:\\\/\\\/secure.gravatar.com\\\/avatar\\\/57de8e5d4b15d43fb361a71fbb36338450fe67865b528a43dd10ef7c51a20392?s=96&d=mm&r=g\",\"contentUrl\":\"https:\\\/\\\/secure.gravatar.com\\\/avatar\\\/57de8e5d4b15d43fb361a71fbb36338450fe67865b528a43dd10ef7c51a20392?s=96&d=mm&r=g\",\"caption\":\"La Sentinelle\"},\"sameAs\":[\"http:\\\/\\\/www.lasentinelle.dz\"],\"url\":\"https:\\\/\\\/lasentinelle.dz\\\/author\\\/redaction\\\/\"}]}<\/script>\n<!-- \/ Yoast SEO plugin. -->","yoast_head_json":{"title":"\u00c9levage\u00a0: Hausse des quotas d\u2019orge subventionn\u00e9 - La Sentinelle","robots":{"index":"index","follow":"follow","max-snippet":"max-snippet:-1","max-image-preview":"max-image-preview:large","max-video-preview":"max-video-preview:-1"},"canonical":"https:\/\/lasentinelle.dz\/index.php\/2022\/02\/10\/elevage-hausse-des-quotas-dorge-subventionne\/","og_locale":"fr_FR","og_type":"article","og_title":"\u00c9levage\u00a0: Hausse des quotas d\u2019orge subventionn\u00e9 - La Sentinelle","og_description":"Dans un communiqu\u00e9 qu\u2019il a rendu public hier, le minist\u00e8re de l\u2019Agriculture et du D\u00e9veloppement rural a annonc\u00e9 l&rsquo;augmentation de","og_url":"https:\/\/lasentinelle.dz\/index.php\/2022\/02\/10\/elevage-hausse-des-quotas-dorge-subventionne\/","og_site_name":"La Sentinelle","article_publisher":"https:\/\/www.facebook.com\/La-Sentinelle-104059864394773","article_published_time":"2022-02-09T23:01:00+00:00","og_image":[{"width":1024,"height":646,"url":"https:\/\/lasentinelle.dz\/wp-content\/uploads\/2022\/02\/elevage-laitier-3-1024x646.png","type":"image\/png"}],"author":"La Sentinelle","twitter_card":"summary_large_image","twitter_misc":{"\u00c9crit par":"La Sentinelle","Dur\u00e9e de lecture estim\u00e9e":"2 minutes"},"schema":{"@context":"https:\/\/schema.org","@graph":[{"@type":"Article","@id":"https:\/\/lasentinelle.dz\/index.php\/2022\/02\/10\/elevage-hausse-des-quotas-dorge-subventionne\/#article","isPartOf":{"@id":"https:\/\/lasentinelle.dz\/index.php\/2022\/02\/10\/elevage-hausse-des-quotas-dorge-subventionne\/"},"author":{"name":"La Sentinelle","@id":"https:\/\/lasentinelle.dz\/#\/schema\/person\/d865044e22e70a75174ce8bcad3acfb3"},"headline":"\u00c9levage\u00a0: Hausse des quotas d\u2019orge subventionn\u00e9","datePublished":"2022-02-09T23:01:00+00:00","mainEntityOfPage":{"@id":"https:\/\/lasentinelle.dz\/index.php\/2022\/02\/10\/elevage-hausse-des-quotas-dorge-subventionne\/"},"wordCount":419,"commentCount":0,"publisher":{"@id":"https:\/\/lasentinelle.dz\/#organization"},"image":{"@id":"https:\/\/lasentinelle.dz\/index.php\/2022\/02\/10\/elevage-hausse-des-quotas-dorge-subventionne\/#primaryimage"},"thumbnailUrl":"https:\/\/lasentinelle.dz\/wp-content\/uploads\/2022\/02\/elevage-laitier-3.png","articleSection":["\u00c9conomie"],"inLanguage":"fr-FR","potentialAction":[{"@type":"CommentAction","name":"Comment","target":["https:\/\/lasentinelle.dz\/index.php\/2022\/02\/10\/elevage-hausse-des-quotas-dorge-subventionne\/#respond"]}]},{"@type":"WebPage","@id":"https:\/\/lasentinelle.dz\/index.php\/2022\/02\/10\/elevage-hausse-des-quotas-dorge-subventionne\/","url":"https:\/\/lasentinelle.dz\/index.php\/2022\/02\/10\/elevage-hausse-des-quotas-dorge-subventionne\/","name":"\u00c9levage\u00a0: Hausse des quotas d\u2019orge subventionn\u00e9 - La Sentinelle","isPartOf":{"@id":"https:\/\/lasentinelle.dz\/#website"},"primaryImageOfPage":{"@id":"https:\/\/lasentinelle.dz\/index.php\/2022\/02\/10\/elevage-hausse-des-quotas-dorge-subventionne\/#primaryimage"},"image":{"@id":"https:\/\/lasentinelle.dz\/index.php\/2022\/02\/10\/elevage-hausse-des-quotas-dorge-subventionne\/#primaryimage"},"thumbnailUrl":"https:\/\/lasentinelle.dz\/wp-content\/uploads\/2022\/02\/elevage-laitier-3.png","datePublished":"2022-02-09T23:01:00+00:00","breadcrumb":{"@id":"https:\/\/lasentinelle.dz\/index.php\/2022\/02\/10\/elevage-hausse-des-quotas-dorge-subventionne\/#breadcrumb"},"inLanguage":"fr-FR","potentialAction":[{"@type":"ReadAction","target":["https:\/\/lasentinelle.dz\/index.php\/2022\/02\/10\/elevage-hausse-des-quotas-dorge-subventionne\/"]}]},{"@type":"ImageObject","inLanguage":"fr-FR","@id":"https:\/\/lasentinelle.dz\/index.php\/2022\/02\/10\/elevage-hausse-des-quotas-dorge-subventionne\/#primaryimage","url":"https:\/\/lasentinelle.dz\/wp-content\/uploads\/2022\/02\/elevage-laitier-3.png","contentUrl":"https:\/\/lasentinelle.dz\/wp-content\/uploads\/2022\/02\/elevage-laitier-3.png","width":1426,"height":900},{"@type":"BreadcrumbList","@id":"https:\/\/lasentinelle.dz\/index.php\/2022\/02\/10\/elevage-hausse-des-quotas-dorge-subventionne\/#breadcrumb","itemListElement":[{"@type":"ListItem","position":1,"name":"Accueil","item":"https:\/\/lasentinelle.dz\/"},{"@type":"ListItem","position":2,"name":"\u00c9levage\u00a0: Hausse des quotas d\u2019orge subventionn\u00e9"}]},{"@type":"WebSite","@id":"https:\/\/lasentinelle.dz\/#website","url":"https:\/\/lasentinelle.dz\/","name":"La Sentinelle","description":"Quotidien national d&#039;information","publisher":{"@id":"https:\/\/lasentinelle.dz\/#organization"},"potentialAction":[{"@type":"SearchAction","target":{"@type":"EntryPoint","urlTemplate":"https:\/\/lasentinelle.dz\/?s={search_term_string}"},"query-input":{"@type":"PropertyValueSpecification","valueRequired":true,"valueName":"search_term_string"}}],"inLanguage":"fr-FR"},{"@type":"Organization","@id":"https:\/\/lasentinelle.dz\/#organization","name":"Quotidien La Sentinelle","url":"https:\/\/lasentinelle.dz\/","logo":{"@type":"ImageObject","inLanguage":"fr-FR","@id":"https:\/\/lasentinelle.dz\/#\/schema\/logo\/image\/","url":"https:\/\/lasentinelle.dz\/wp-content\/uploads\/2021\/09\/logo-sentinelleSLOGAN-1.png","contentUrl":"https:\/\/lasentinelle.dz\/wp-content\/uploads\/2021\/09\/logo-sentinelleSLOGAN-1.png","width":615,"height":142,"caption":"Quotidien La Sentinelle"},"image":{"@id":"https:\/\/lasentinelle.dz\/#\/schema\/logo\/image\/"},"sameAs":["https:\/\/www.facebook.com\/La-Sentinelle-104059864394773"]},{"@type":"Person","@id":"https:\/\/lasentinelle.dz\/#\/schema\/person\/d865044e22e70a75174ce8bcad3acfb3","name":"La Sentinelle","image":{"@type":"ImageObject","inLanguage":"fr-FR","@id":"https:\/\/secure.gravatar.com\/avatar\/57de8e5d4b15d43fb361a71fbb36338450fe67865b528a43dd10ef7c51a20392?s=96&d=mm&r=g","url":"https:\/\/secure.gravatar.com\/avatar\/57de8e5d4b15d43fb361a71fbb36338450fe67865b528a43dd10ef7c51a20392?s=96&d=mm&r=g","contentUrl":"https:\/\/secure.gravatar.com\/avatar\/57de8e5d4b15d43fb361a71fbb36338450fe67865b528a43dd10ef7c51a20392?s=96&d=mm&r=g","caption":"La Sentinelle"},"sameAs":["http:\/\/www.lasentinelle.dz"],"url":"https:\/\/lasentinelle.dz\/author\/redaction\/"}]}},"_links":{"self":[{"href":"https:\/\/lasentinelle.dz\/index.php\/wp-json\/wp\/v2\/posts\/16789","targetHints":{"allow":["GET"]}}],"collection":[{"href":"https:\/\/lasentinelle.dz\/index.php\/wp-json\/wp\/v2\/posts"}],"about":[{"href":"https:\/\/lasentinelle.dz\/index.php\/wp-json\/wp\/v2\/types\/post"}],"author":[{"embeddable":true,"href":"https:\/\/lasentinelle.dz\/index.php\/wp-json\/wp\/v2\/users\/3"}],"replies":[{"embeddable":true,"href":"https:\/\/lasentinelle.dz\/index.php\/wp-json\/wp\/v2\/comments?post=16789"}],"version-history":[{"count":1,"href":"https:\/\/lasentinelle.dz\/index.php\/wp-json\/wp\/v2\/posts\/16789\/revisions"}],"predecessor-version":[{"id":16793,"href":"https:\/\/lasentinelle.dz\/index.php\/wp-json\/wp\/v2\/posts\/16789\/revisions\/16793"}],"wp:featuredmedia":[{"embeddable":true,"href":"https:\/\/lasentinelle.dz\/index.php\/wp-json\/wp\/v2\/media\/16792"}],"wp:attachment":[{"href":"https:\/\/lasentinelle.dz\/index.php\/wp-json\/wp\/v2\/media?parent=16789"}],"wp:term":[{"taxonomy":"category","embeddable":true,"href":"https:\/\/lasentinelle.dz\/index.php\/wp-json\/wp\/v2\/categories?post=16789"},{"taxonomy":"post_tag","embeddable":true,"href":"https:\/\/lasentinelle.dz\/index.php\/wp-json\/wp\/v2\/tags?post=16789"}],"curies":[{"name":"wp","href":"https:\/\/api.w.org\/{rel}","templated":true}]}}