{"id":16924,"date":"2022-02-14T00:01:00","date_gmt":"2022-02-13T23:01:00","guid":{"rendered":"https:\/\/lasentinelle.dz\/?p=16924"},"modified":"2022-02-13T18:54:38","modified_gmt":"2022-02-13T17:54:38","slug":"baisse-des-prix-des-pates-alimentaires-le-satisfecit-du-ministere-de-lagriculture","status":"publish","type":"post","link":"https:\/\/lasentinelle.dz\/index.php\/2022\/02\/14\/baisse-des-prix-des-pates-alimentaires-le-satisfecit-du-ministere-de-lagriculture\/","title":{"rendered":"Baisse des prix des p\u00e2tes alimentaires\u00a0: Le satisfecit du minist\u00e8re de l\u2019Agriculture"},"content":{"rendered":"\n<p>&nbsp;Dans un communiqu\u00e9 rendu public hier, le minist\u00e8re de l&rsquo;Agriculture et du D\u00e9veloppement rural a not\u00e9 avec \u00ab\u00a0satisfaction\u00a0\u00bb&nbsp;&nbsp;la baisse des prix des p\u00e2tes alimentaires et du couscous allant parfois jusqu&rsquo;\u00e0 50% \u00e0 travers l&rsquo;ensemble du territoire national. Expliquant les raisons de cette r\u00e9vision \u00e0 la baisse des prix, le minist\u00e8re a tenu \u00e0 rappeler en effet que c\u2019est \u00ab\u00a0apr\u00e8s avoir pris en charge le dossier de la vente du bl\u00e9 dur, dans un contexte mondial caract\u00e9ris\u00e9 par une augmentation sans pr\u00e9c\u00e9dent des prix des bl\u00e9s, et avec l&rsquo;accord du Premier minist\u00e8re\u00a0\u00bb, le d\u00e9partement de l&rsquo;Agriculture a \u00ab\u00a0autoris\u00e9 l&rsquo;Office alg\u00e9rien interprofessionnel des c\u00e9r\u00e9ales (OAIC) \u00e0 vendre le bl\u00e9 dur aux fabricants de p\u00e2tes \u00e0 un prix subventionn\u00e9\u00a0\u00bb. Dans son communiqu\u00e9, le minist\u00e8re de l&rsquo;Agriculture et du D\u00e9veloppement rural n&rsquo;a pas manqu\u00e9 de pr\u00e9ciser que cette d\u00e9cision fait suite \u00e0 une r\u00e9union conjointe avec le minist\u00e8re du Commerce et de la Promotion des exportations, et les op\u00e9rateurs transformateurs, qui, rel\u00e8ve-t-on dans le communiqu\u00e9, ont respect\u00e9 leurs engagements de baisser les prix des produits cit\u00e9s. Cette d\u00e9cision de baisser les prix des produits alimentaires de large consommation est qualifi\u00e9e d&rsquo;ailleurs par le d\u00e9partement de l&rsquo;Agriculture, de \u00ab\u00a0bonne nouvelle\u00a0\u00bb pour les consommateurs et les chefs de famille.&nbsp;En effet, la nouvelle s&rsquo;est rapidement r\u00e9pandue \u00e0 travers le pays. Hier, pratiquement tous les commer\u00e7ants affichaient les prix des pates et du couscous \u00e0 des prix qui ont, pour ainsi dire, \u00e9tonn\u00e9 les clients. Beaucoup affirmaient en effet qu&rsquo;ils ont eu l&rsquo;information mais ils n&rsquo;ont pas vraiment cru tellement cette \u00e9ventualit\u00e9 s&rsquo;est \u00e9loign\u00e9e du registre des esp\u00e9rances des responsables des familles. D&rsquo;ailleurs, certaines personnes qui n&rsquo;ont pas manqu\u00e9 d&rsquo;exprimer leur soulagement n&rsquo;ont pas tard\u00e9 \u00e0 \u00eatre envahies par l&rsquo;angoissante question de savoir si les prix allaient rester en baisse o\u00f9 c&rsquo;est juste conjoncturel.&nbsp;Toutefois, la nouvelle qui a \u00e9gay\u00e9 les m\u00e9nages n&rsquo;est pas per\u00e7ue du m\u00eame oeil par certains commer\u00e7ants. Questionn\u00e9s, ces derniers n&rsquo;ont pas h\u00e9sit\u00e9 \u00e0 exprimer leur inqui\u00e9tude quant au stock de ce produit acquis avec les anciens prix. \u00ab\u00a0Nous sommes \u00e0 pr\u00e9sent oblig\u00e9s de vendre \u00e0 perte ce stock achet\u00e9 avec l&rsquo;ancien prix parce que les clients refusent de l&rsquo;acheter avec les nouveaux prix qui ne couvrent m\u00eame pas le prix d&rsquo;achat\u00a0\u00bb se plaint un commer\u00e7ant qui a \u00e9t\u00e9 vite remis \u00e0 l&rsquo;ordre par un client. \u00ab\u00a0Vous avez, \u00e0 beaucoup d&rsquo;occasions, vendu l&rsquo;ancien stock achet\u00e9 \u00e0 des prix bas avec de nouveaux prix tr\u00e8s chers\u00a0\u00bb r\u00e9torque-t-il. Il expliquera en effet que beaucoup de commer\u00e7ant augmentent les prix avant m\u00eame d&rsquo;\u00e9couler les anciens stocks achet\u00e9s avec les anciennes tarifications.&nbsp;Enfin, pour rappel, il convient de rappeler que les p\u00e2tes \u00e9taient l&rsquo;un des derniers produits accessibles pour les m\u00e9nages alg\u00e9riens. Mais, depuis quelques temps, m\u00eame ce produit a vu ses prix doubler sans aucune explication. Les p\u00e2tes qui repr\u00e9sentaient un plat accessible se verront ainsi adjuger d&rsquo;un autre statut et se rar\u00e9fient dans les cuisines des alg\u00e9riens.&nbsp;<\/p>\n\n\n\n<p>Kamel Nait Ameur<\/p>\n","protected":false},"excerpt":{"rendered":"<p>&nbsp;Dans un communiqu\u00e9 rendu public hier, le minist\u00e8re de l&rsquo;Agriculture et du D\u00e9veloppement rural a not\u00e9 avec \u00ab\u00a0satisfaction\u00a0\u00bb&nbsp;&nbsp;la baisse des<\/p>\n","protected":false},"author":3,"featured_media":16933,"comment_status":"open","ping_status":"closed","sticky":false,"template":"","format":"standard","meta":{"colormag_page_container_layout":"default_layout","colormag_page_sidebar_layout":"default_layout","om_disable_all_campaigns":false,"_monsterinsights_skip_tracking":false,"_monsterinsights_sitenote_active":false,"_monsterinsights_sitenote_note":"","_monsterinsights_sitenote_category":0,"footnotes":"","_wpscppro_dont_share_socialmedia":false,"_wpscppro_custom_social_share_image":0,"_facebook_share_type":"","_twitter_share_type":"","_linkedin_share_type":"","_pinterest_share_type":"","_linkedin_share_type_page":"","_instagram_share_type":"","_medium_share_type":"","_threads_share_type":"","_google_business_share_type":"","_selected_social_profile":[],"_wpsp_enable_custom_social_template":false,"_wpsp_social_scheduling":{"enabled":false,"datetime":null,"platforms":[],"status":"template_only","dateOption":"today","timeOption":"now","customDays":"","customHours":"","customDate":"","customTime":"","schedulingType":"absolute"},"_wpsp_active_default_template":true},"categories":[27],"tags":[],"class_list":["post-16924","post","type-post","status-publish","format-standard","has-post-thumbnail","hentry","category-actualite"],"aioseo_notices":[],"yoast_head":"<!-- This site is optimized with the Yoast SEO plugin v27.5 - https:\/\/yoast.com\/product\/yoast-seo-wordpress\/ -->\n<title>Baisse des prix des p\u00e2tes alimentaires\u00a0: Le satisfecit du minist\u00e8re de l\u2019Agriculture - La Sentinelle<\/title>\n<meta name=\"robots\" content=\"index, follow, max-snippet:-1, max-image-preview:large, max-video-preview:-1\" \/>\n<link rel=\"canonical\" href=\"https:\/\/lasentinelle.dz\/index.php\/2022\/02\/14\/baisse-des-prix-des-pates-alimentaires-le-satisfecit-du-ministere-de-lagriculture\/\" \/>\n<meta property=\"og:locale\" content=\"fr_FR\" \/>\n<meta property=\"og:type\" content=\"article\" \/>\n<meta property=\"og:title\" content=\"Baisse des prix des p\u00e2tes alimentaires\u00a0: Le satisfecit du minist\u00e8re de l\u2019Agriculture - La Sentinelle\" \/>\n<meta property=\"og:description\" content=\"&nbsp;Dans un communiqu\u00e9 rendu public hier, le minist\u00e8re de l&rsquo;Agriculture et du D\u00e9veloppement rural a not\u00e9 avec \u00ab\u00a0satisfaction\u00a0\u00bb&nbsp;&nbsp;la baisse des\" \/>\n<meta property=\"og:url\" content=\"https:\/\/lasentinelle.dz\/index.php\/2022\/02\/14\/baisse-des-prix-des-pates-alimentaires-le-satisfecit-du-ministere-de-lagriculture\/\" \/>\n<meta property=\"og:site_name\" content=\"La Sentinelle\" \/>\n<meta property=\"article:publisher\" content=\"https:\/\/www.facebook.com\/La-Sentinelle-104059864394773\" \/>\n<meta property=\"article:published_time\" content=\"2022-02-13T23:01:00+00:00\" \/>\n<meta property=\"og:image\" content=\"https:\/\/lasentinelle.dz\/wp-content\/uploads\/2022\/02\/pates-1024x586.png\" \/>\n\t<meta property=\"og:image:width\" content=\"1024\" \/>\n\t<meta property=\"og:image:height\" content=\"586\" \/>\n\t<meta property=\"og:image:type\" content=\"image\/png\" \/>\n<meta name=\"author\" content=\"La Sentinelle\" \/>\n<meta name=\"twitter:card\" content=\"summary_large_image\" \/>\n<meta name=\"twitter:label1\" content=\"\u00c9crit par\" \/>\n\t<meta name=\"twitter:data1\" content=\"La Sentinelle\" \/>\n\t<meta name=\"twitter:label2\" content=\"Dur\u00e9e de lecture estim\u00e9e\" \/>\n\t<meta name=\"twitter:data2\" content=\"3 minutes\" \/>\n<script type=\"application\/ld+json\" class=\"yoast-schema-graph\">{\"@context\":\"https:\\\/\\\/schema.org\",\"@graph\":[{\"@type\":\"Article\",\"@id\":\"https:\\\/\\\/lasentinelle.dz\\\/index.php\\\/2022\\\/02\\\/14\\\/baisse-des-prix-des-pates-alimentaires-le-satisfecit-du-ministere-de-lagriculture\\\/#article\",\"isPartOf\":{\"@id\":\"https:\\\/\\\/lasentinelle.dz\\\/index.php\\\/2022\\\/02\\\/14\\\/baisse-des-prix-des-pates-alimentaires-le-satisfecit-du-ministere-de-lagriculture\\\/\"},\"author\":{\"name\":\"La Sentinelle\",\"@id\":\"https:\\\/\\\/lasentinelle.dz\\\/#\\\/schema\\\/person\\\/d865044e22e70a75174ce8bcad3acfb3\"},\"headline\":\"Baisse des prix des p\u00e2tes alimentaires\u00a0: Le satisfecit du minist\u00e8re de l\u2019Agriculture\",\"datePublished\":\"2022-02-13T23:01:00+00:00\",\"mainEntityOfPage\":{\"@id\":\"https:\\\/\\\/lasentinelle.dz\\\/index.php\\\/2022\\\/02\\\/14\\\/baisse-des-prix-des-pates-alimentaires-le-satisfecit-du-ministere-de-lagriculture\\\/\"},\"wordCount\":580,\"commentCount\":0,\"publisher\":{\"@id\":\"https:\\\/\\\/lasentinelle.dz\\\/#organization\"},\"image\":{\"@id\":\"https:\\\/\\\/lasentinelle.dz\\\/index.php\\\/2022\\\/02\\\/14\\\/baisse-des-prix-des-pates-alimentaires-le-satisfecit-du-ministere-de-lagriculture\\\/#primaryimage\"},\"thumbnailUrl\":\"https:\\\/\\\/lasentinelle.dz\\\/wp-content\\\/uploads\\\/2022\\\/02\\\/pates.png\",\"articleSection\":[\"Actualit\u00e9\"],\"inLanguage\":\"fr-FR\",\"potentialAction\":[{\"@type\":\"CommentAction\",\"name\":\"Comment\",\"target\":[\"https:\\\/\\\/lasentinelle.dz\\\/index.php\\\/2022\\\/02\\\/14\\\/baisse-des-prix-des-pates-alimentaires-le-satisfecit-du-ministere-de-lagriculture\\\/#respond\"]}]},{\"@type\":\"WebPage\",\"@id\":\"https:\\\/\\\/lasentinelle.dz\\\/index.php\\\/2022\\\/02\\\/14\\\/baisse-des-prix-des-pates-alimentaires-le-satisfecit-du-ministere-de-lagriculture\\\/\",\"url\":\"https:\\\/\\\/lasentinelle.dz\\\/index.php\\\/2022\\\/02\\\/14\\\/baisse-des-prix-des-pates-alimentaires-le-satisfecit-du-ministere-de-lagriculture\\\/\",\"name\":\"Baisse des prix des p\u00e2tes alimentaires\u00a0: Le satisfecit du minist\u00e8re de l\u2019Agriculture - La Sentinelle\",\"isPartOf\":{\"@id\":\"https:\\\/\\\/lasentinelle.dz\\\/#website\"},\"primaryImageOfPage\":{\"@id\":\"https:\\\/\\\/lasentinelle.dz\\\/index.php\\\/2022\\\/02\\\/14\\\/baisse-des-prix-des-pates-alimentaires-le-satisfecit-du-ministere-de-lagriculture\\\/#primaryimage\"},\"image\":{\"@id\":\"https:\\\/\\\/lasentinelle.dz\\\/index.php\\\/2022\\\/02\\\/14\\\/baisse-des-prix-des-pates-alimentaires-le-satisfecit-du-ministere-de-lagriculture\\\/#primaryimage\"},\"thumbnailUrl\":\"https:\\\/\\\/lasentinelle.dz\\\/wp-content\\\/uploads\\\/2022\\\/02\\\/pates.png\",\"datePublished\":\"2022-02-13T23:01:00+00:00\",\"breadcrumb\":{\"@id\":\"https:\\\/\\\/lasentinelle.dz\\\/index.php\\\/2022\\\/02\\\/14\\\/baisse-des-prix-des-pates-alimentaires-le-satisfecit-du-ministere-de-lagriculture\\\/#breadcrumb\"},\"inLanguage\":\"fr-FR\",\"potentialAction\":[{\"@type\":\"ReadAction\",\"target\":[\"https:\\\/\\\/lasentinelle.dz\\\/index.php\\\/2022\\\/02\\\/14\\\/baisse-des-prix-des-pates-alimentaires-le-satisfecit-du-ministere-de-lagriculture\\\/\"]}]},{\"@type\":\"ImageObject\",\"inLanguage\":\"fr-FR\",\"@id\":\"https:\\\/\\\/lasentinelle.dz\\\/index.php\\\/2022\\\/02\\\/14\\\/baisse-des-prix-des-pates-alimentaires-le-satisfecit-du-ministere-de-lagriculture\\\/#primaryimage\",\"url\":\"https:\\\/\\\/lasentinelle.dz\\\/wp-content\\\/uploads\\\/2022\\\/02\\\/pates.png\",\"contentUrl\":\"https:\\\/\\\/lasentinelle.dz\\\/wp-content\\\/uploads\\\/2022\\\/02\\\/pates.png\",\"width\":1573,\"height\":900},{\"@type\":\"BreadcrumbList\",\"@id\":\"https:\\\/\\\/lasentinelle.dz\\\/index.php\\\/2022\\\/02\\\/14\\\/baisse-des-prix-des-pates-alimentaires-le-satisfecit-du-ministere-de-lagriculture\\\/#breadcrumb\",\"itemListElement\":[{\"@type\":\"ListItem\",\"position\":1,\"name\":\"Accueil\",\"item\":\"https:\\\/\\\/lasentinelle.dz\\\/\"},{\"@type\":\"ListItem\",\"position\":2,\"name\":\"Baisse des prix des p\u00e2tes alimentaires\u00a0: Le satisfecit du minist\u00e8re de l\u2019Agriculture\"}]},{\"@type\":\"WebSite\",\"@id\":\"https:\\\/\\\/lasentinelle.dz\\\/#website\",\"url\":\"https:\\\/\\\/lasentinelle.dz\\\/\",\"name\":\"La Sentinelle\",\"description\":\"Quotidien national d&#039;information\",\"publisher\":{\"@id\":\"https:\\\/\\\/lasentinelle.dz\\\/#organization\"},\"potentialAction\":[{\"@type\":\"SearchAction\",\"target\":{\"@type\":\"EntryPoint\",\"urlTemplate\":\"https:\\\/\\\/lasentinelle.dz\\\/?s={search_term_string}\"},\"query-input\":{\"@type\":\"PropertyValueSpecification\",\"valueRequired\":true,\"valueName\":\"search_term_string\"}}],\"inLanguage\":\"fr-FR\"},{\"@type\":\"Organization\",\"@id\":\"https:\\\/\\\/lasentinelle.dz\\\/#organization\",\"name\":\"Quotidien La Sentinelle\",\"url\":\"https:\\\/\\\/lasentinelle.dz\\\/\",\"logo\":{\"@type\":\"ImageObject\",\"inLanguage\":\"fr-FR\",\"@id\":\"https:\\\/\\\/lasentinelle.dz\\\/#\\\/schema\\\/logo\\\/image\\\/\",\"url\":\"https:\\\/\\\/lasentinelle.dz\\\/wp-content\\\/uploads\\\/2021\\\/09\\\/logo-sentinelleSLOGAN-1.png\",\"contentUrl\":\"https:\\\/\\\/lasentinelle.dz\\\/wp-content\\\/uploads\\\/2021\\\/09\\\/logo-sentinelleSLOGAN-1.png\",\"width\":615,\"height\":142,\"caption\":\"Quotidien La Sentinelle\"},\"image\":{\"@id\":\"https:\\\/\\\/lasentinelle.dz\\\/#\\\/schema\\\/logo\\\/image\\\/\"},\"sameAs\":[\"https:\\\/\\\/www.facebook.com\\\/La-Sentinelle-104059864394773\"]},{\"@type\":\"Person\",\"@id\":\"https:\\\/\\\/lasentinelle.dz\\\/#\\\/schema\\\/person\\\/d865044e22e70a75174ce8bcad3acfb3\",\"name\":\"La Sentinelle\",\"image\":{\"@type\":\"ImageObject\",\"inLanguage\":\"fr-FR\",\"@id\":\"https:\\\/\\\/secure.gravatar.com\\\/avatar\\\/57de8e5d4b15d43fb361a71fbb36338450fe67865b528a43dd10ef7c51a20392?s=96&d=mm&r=g\",\"url\":\"https:\\\/\\\/secure.gravatar.com\\\/avatar\\\/57de8e5d4b15d43fb361a71fbb36338450fe67865b528a43dd10ef7c51a20392?s=96&d=mm&r=g\",\"contentUrl\":\"https:\\\/\\\/secure.gravatar.com\\\/avatar\\\/57de8e5d4b15d43fb361a71fbb36338450fe67865b528a43dd10ef7c51a20392?s=96&d=mm&r=g\",\"caption\":\"La Sentinelle\"},\"sameAs\":[\"http:\\\/\\\/www.lasentinelle.dz\"],\"url\":\"https:\\\/\\\/lasentinelle.dz\\\/author\\\/redaction\\\/\"}]}<\/script>\n<!-- \/ Yoast SEO plugin. -->","yoast_head_json":{"title":"Baisse des prix des p\u00e2tes alimentaires\u00a0: Le satisfecit du minist\u00e8re de l\u2019Agriculture - La Sentinelle","robots":{"index":"index","follow":"follow","max-snippet":"max-snippet:-1","max-image-preview":"max-image-preview:large","max-video-preview":"max-video-preview:-1"},"canonical":"https:\/\/lasentinelle.dz\/index.php\/2022\/02\/14\/baisse-des-prix-des-pates-alimentaires-le-satisfecit-du-ministere-de-lagriculture\/","og_locale":"fr_FR","og_type":"article","og_title":"Baisse des prix des p\u00e2tes alimentaires\u00a0: Le satisfecit du minist\u00e8re de l\u2019Agriculture - La Sentinelle","og_description":"&nbsp;Dans un communiqu\u00e9 rendu public hier, le minist\u00e8re de l&rsquo;Agriculture et du D\u00e9veloppement rural a not\u00e9 avec \u00ab\u00a0satisfaction\u00a0\u00bb&nbsp;&nbsp;la baisse des","og_url":"https:\/\/lasentinelle.dz\/index.php\/2022\/02\/14\/baisse-des-prix-des-pates-alimentaires-le-satisfecit-du-ministere-de-lagriculture\/","og_site_name":"La Sentinelle","article_publisher":"https:\/\/www.facebook.com\/La-Sentinelle-104059864394773","article_published_time":"2022-02-13T23:01:00+00:00","og_image":[{"width":1024,"height":586,"url":"https:\/\/lasentinelle.dz\/wp-content\/uploads\/2022\/02\/pates-1024x586.png","type":"image\/png"}],"author":"La Sentinelle","twitter_card":"summary_large_image","twitter_misc":{"\u00c9crit par":"La Sentinelle","Dur\u00e9e de lecture estim\u00e9e":"3 minutes"},"schema":{"@context":"https:\/\/schema.org","@graph":[{"@type":"Article","@id":"https:\/\/lasentinelle.dz\/index.php\/2022\/02\/14\/baisse-des-prix-des-pates-alimentaires-le-satisfecit-du-ministere-de-lagriculture\/#article","isPartOf":{"@id":"https:\/\/lasentinelle.dz\/index.php\/2022\/02\/14\/baisse-des-prix-des-pates-alimentaires-le-satisfecit-du-ministere-de-lagriculture\/"},"author":{"name":"La Sentinelle","@id":"https:\/\/lasentinelle.dz\/#\/schema\/person\/d865044e22e70a75174ce8bcad3acfb3"},"headline":"Baisse des prix des p\u00e2tes alimentaires\u00a0: Le satisfecit du minist\u00e8re de l\u2019Agriculture","datePublished":"2022-02-13T23:01:00+00:00","mainEntityOfPage":{"@id":"https:\/\/lasentinelle.dz\/index.php\/2022\/02\/14\/baisse-des-prix-des-pates-alimentaires-le-satisfecit-du-ministere-de-lagriculture\/"},"wordCount":580,"commentCount":0,"publisher":{"@id":"https:\/\/lasentinelle.dz\/#organization"},"image":{"@id":"https:\/\/lasentinelle.dz\/index.php\/2022\/02\/14\/baisse-des-prix-des-pates-alimentaires-le-satisfecit-du-ministere-de-lagriculture\/#primaryimage"},"thumbnailUrl":"https:\/\/lasentinelle.dz\/wp-content\/uploads\/2022\/02\/pates.png","articleSection":["Actualit\u00e9"],"inLanguage":"fr-FR","potentialAction":[{"@type":"CommentAction","name":"Comment","target":["https:\/\/lasentinelle.dz\/index.php\/2022\/02\/14\/baisse-des-prix-des-pates-alimentaires-le-satisfecit-du-ministere-de-lagriculture\/#respond"]}]},{"@type":"WebPage","@id":"https:\/\/lasentinelle.dz\/index.php\/2022\/02\/14\/baisse-des-prix-des-pates-alimentaires-le-satisfecit-du-ministere-de-lagriculture\/","url":"https:\/\/lasentinelle.dz\/index.php\/2022\/02\/14\/baisse-des-prix-des-pates-alimentaires-le-satisfecit-du-ministere-de-lagriculture\/","name":"Baisse des prix des p\u00e2tes alimentaires\u00a0: Le satisfecit du minist\u00e8re de l\u2019Agriculture - La Sentinelle","isPartOf":{"@id":"https:\/\/lasentinelle.dz\/#website"},"primaryImageOfPage":{"@id":"https:\/\/lasentinelle.dz\/index.php\/2022\/02\/14\/baisse-des-prix-des-pates-alimentaires-le-satisfecit-du-ministere-de-lagriculture\/#primaryimage"},"image":{"@id":"https:\/\/lasentinelle.dz\/index.php\/2022\/02\/14\/baisse-des-prix-des-pates-alimentaires-le-satisfecit-du-ministere-de-lagriculture\/#primaryimage"},"thumbnailUrl":"https:\/\/lasentinelle.dz\/wp-content\/uploads\/2022\/02\/pates.png","datePublished":"2022-02-13T23:01:00+00:00","breadcrumb":{"@id":"https:\/\/lasentinelle.dz\/index.php\/2022\/02\/14\/baisse-des-prix-des-pates-alimentaires-le-satisfecit-du-ministere-de-lagriculture\/#breadcrumb"},"inLanguage":"fr-FR","potentialAction":[{"@type":"ReadAction","target":["https:\/\/lasentinelle.dz\/index.php\/2022\/02\/14\/baisse-des-prix-des-pates-alimentaires-le-satisfecit-du-ministere-de-lagriculture\/"]}]},{"@type":"ImageObject","inLanguage":"fr-FR","@id":"https:\/\/lasentinelle.dz\/index.php\/2022\/02\/14\/baisse-des-prix-des-pates-alimentaires-le-satisfecit-du-ministere-de-lagriculture\/#primaryimage","url":"https:\/\/lasentinelle.dz\/wp-content\/uploads\/2022\/02\/pates.png","contentUrl":"https:\/\/lasentinelle.dz\/wp-content\/uploads\/2022\/02\/pates.png","width":1573,"height":900},{"@type":"BreadcrumbList","@id":"https:\/\/lasentinelle.dz\/index.php\/2022\/02\/14\/baisse-des-prix-des-pates-alimentaires-le-satisfecit-du-ministere-de-lagriculture\/#breadcrumb","itemListElement":[{"@type":"ListItem","position":1,"name":"Accueil","item":"https:\/\/lasentinelle.dz\/"},{"@type":"ListItem","position":2,"name":"Baisse des prix des p\u00e2tes alimentaires\u00a0: Le satisfecit du minist\u00e8re de l\u2019Agriculture"}]},{"@type":"WebSite","@id":"https:\/\/lasentinelle.dz\/#website","url":"https:\/\/lasentinelle.dz\/","name":"La Sentinelle","description":"Quotidien national d&#039;information","publisher":{"@id":"https:\/\/lasentinelle.dz\/#organization"},"potentialAction":[{"@type":"SearchAction","target":{"@type":"EntryPoint","urlTemplate":"https:\/\/lasentinelle.dz\/?s={search_term_string}"},"query-input":{"@type":"PropertyValueSpecification","valueRequired":true,"valueName":"search_term_string"}}],"inLanguage":"fr-FR"},{"@type":"Organization","@id":"https:\/\/lasentinelle.dz\/#organization","name":"Quotidien La Sentinelle","url":"https:\/\/lasentinelle.dz\/","logo":{"@type":"ImageObject","inLanguage":"fr-FR","@id":"https:\/\/lasentinelle.dz\/#\/schema\/logo\/image\/","url":"https:\/\/lasentinelle.dz\/wp-content\/uploads\/2021\/09\/logo-sentinelleSLOGAN-1.png","contentUrl":"https:\/\/lasentinelle.dz\/wp-content\/uploads\/2021\/09\/logo-sentinelleSLOGAN-1.png","width":615,"height":142,"caption":"Quotidien La Sentinelle"},"image":{"@id":"https:\/\/lasentinelle.dz\/#\/schema\/logo\/image\/"},"sameAs":["https:\/\/www.facebook.com\/La-Sentinelle-104059864394773"]},{"@type":"Person","@id":"https:\/\/lasentinelle.dz\/#\/schema\/person\/d865044e22e70a75174ce8bcad3acfb3","name":"La Sentinelle","image":{"@type":"ImageObject","inLanguage":"fr-FR","@id":"https:\/\/secure.gravatar.com\/avatar\/57de8e5d4b15d43fb361a71fbb36338450fe67865b528a43dd10ef7c51a20392?s=96&d=mm&r=g","url":"https:\/\/secure.gravatar.com\/avatar\/57de8e5d4b15d43fb361a71fbb36338450fe67865b528a43dd10ef7c51a20392?s=96&d=mm&r=g","contentUrl":"https:\/\/secure.gravatar.com\/avatar\/57de8e5d4b15d43fb361a71fbb36338450fe67865b528a43dd10ef7c51a20392?s=96&d=mm&r=g","caption":"La Sentinelle"},"sameAs":["http:\/\/www.lasentinelle.dz"],"url":"https:\/\/lasentinelle.dz\/author\/redaction\/"}]}},"_links":{"self":[{"href":"https:\/\/lasentinelle.dz\/index.php\/wp-json\/wp\/v2\/posts\/16924","targetHints":{"allow":["GET"]}}],"collection":[{"href":"https:\/\/lasentinelle.dz\/index.php\/wp-json\/wp\/v2\/posts"}],"about":[{"href":"https:\/\/lasentinelle.dz\/index.php\/wp-json\/wp\/v2\/types\/post"}],"author":[{"embeddable":true,"href":"https:\/\/lasentinelle.dz\/index.php\/wp-json\/wp\/v2\/users\/3"}],"replies":[{"embeddable":true,"href":"https:\/\/lasentinelle.dz\/index.php\/wp-json\/wp\/v2\/comments?post=16924"}],"version-history":[{"count":1,"href":"https:\/\/lasentinelle.dz\/index.php\/wp-json\/wp\/v2\/posts\/16924\/revisions"}],"predecessor-version":[{"id":16936,"href":"https:\/\/lasentinelle.dz\/index.php\/wp-json\/wp\/v2\/posts\/16924\/revisions\/16936"}],"wp:featuredmedia":[{"embeddable":true,"href":"https:\/\/lasentinelle.dz\/index.php\/wp-json\/wp\/v2\/media\/16933"}],"wp:attachment":[{"href":"https:\/\/lasentinelle.dz\/index.php\/wp-json\/wp\/v2\/media?parent=16924"}],"wp:term":[{"taxonomy":"category","embeddable":true,"href":"https:\/\/lasentinelle.dz\/index.php\/wp-json\/wp\/v2\/categories?post=16924"},{"taxonomy":"post_tag","embeddable":true,"href":"https:\/\/lasentinelle.dz\/index.php\/wp-json\/wp\/v2\/tags?post=16924"}],"curies":[{"name":"wp","href":"https:\/\/api.w.org\/{rel}","templated":true}]}}