{"id":16938,"date":"2022-02-14T00:01:00","date_gmt":"2022-02-13T23:01:00","guid":{"rendered":"https:\/\/lasentinelle.dz\/?p=16938"},"modified":"2022-02-13T19:05:26","modified_gmt":"2022-02-13T18:05:26","slug":"64e-anniversaire-des-essais-nucleaires-francais-dans-le-sud-algerien-la-question-de-lindemnisation-des-victimes-demeure-posee","status":"publish","type":"post","link":"https:\/\/lasentinelle.dz\/index.php\/2022\/02\/14\/64e-anniversaire-des-essais-nucleaires-francais-dans-le-sud-algerien-la-question-de-lindemnisation-des-victimes-demeure-posee\/","title":{"rendered":"64e\u00a0anniversaire des essais nucl\u00e9aires\u00a0fran\u00e7ais dans le Sud\u00a0alg\u00e9rien\u00a0: La question de l\u2019indemnisation des victimes demeure pos\u00e9e"},"content":{"rendered":"\n<p>L\u2019ensemble des intellectuels et universitaires du pays et m\u00eame au-del\u00e0 ont exig\u00e9 de la France officielle de reconnaitre les crimes commis et les massacres engendr\u00e9s contre l\u2019environnement ainsi que les s\u00e9quelles rest\u00e9es b\u00e9antes \u00e0 cause des essais nucl\u00e9aires que l\u2019arm\u00e9e coloniale avait effectu\u00e9, il ya de cela, jour pour jour, soixante quatre ann\u00e9es.&nbsp;En effet, l\u2019historien Fouad Soufi a plaid\u00e9 \u00e0 cette occasion pour \u00ab l\u2019acc\u00e8s aux archives de l\u2019arm\u00e9e et des services de sant\u00e9, li\u00e9s \u00e0 cet \u00e9pisode de la colonisation, appelant la France \u00e0 \u00ab reconnaitre sa responsabilit\u00e9 quant aux cons\u00e9quences n\u00e9fastes de ses explosions nucl\u00e9aires en Alg\u00e9rie \u00bb. Foued Soufi deplore que cette reconnaissance demeure pos\u00e9e.&nbsp;L\u2019historien a estim\u00e9 dans ce contexte que \u00ab les cons\u00e9quences des essais nucl\u00e9aires sur la vie et la sant\u00e9 de la population&nbsp;alg\u00e9rienne du Sud continuent de poser le probl\u00e8me de la reconnaissance de la France quant \u00e0 sa responsabilit\u00e9 dans un \u00e9v\u00e9nement aussi tragique \u00bb.&nbsp;N\u00e9anmoins, dit-il \u00ab je doute fort que la reconnaissance signifie automatiquement indemnisation \u00bb. Il accuse la France de faire dans \u00ab les deux poids deux mesures \u00bb vis-\u00e0-vis de l\u2019Alg\u00e9rie par rapport \u00e0 la Polyn\u00e9sie face \u00e0 laquelle la France a reconnu sa responsabilit\u00e9.&nbsp;Mieux encore, rappelle cet historien, \u00ab le pr\u00e9sident Macron est all\u00e9 jusqu\u2019\u00e0 \u00e9voquer une dette&nbsp;&nbsp;de son pays pour les essais r\u00e9alis\u00e9s entre 1966 et 1996 en Polyn\u00e9sie \u00bb, ce qui a incit\u00e9 Fouad Soufi \u00e0 d\u00e9clarer qu\u2019il \u00ab ne peux que rappeler que la Polyn\u00e9sie est Fran\u00e7aise alors que l\u2019Alg\u00e9rie ne l\u2019est plus depuis 1962, en plus des 132 ans de colonisation \u00bb.&nbsp;De son c\u00f4t\u00e9, Tony Fortin, charg\u00e9 d\u2019\u00e9tudes \u00e0 l\u2019Observatoire des armements en France, estime que \u00ab la loi de la reconnaissance et d\u2019indemnisation des victimes des explosions nucl\u00e9aires de la France, dite \u201cLoi Morin\u201d pose un r\u00e9el probl\u00e8me, 12 ann\u00e9es apr\u00e8s sa promulgation \u00bb. Il pr\u00e9cisera qu\u2019 \u00ab un seul Alg\u00e9rien a b\u00e9n\u00e9fici\u00e9 des indemnisations pr\u00e9vues par cette loi \u00bb.&nbsp;Il indiquera dans le m\u00eame sillage que \u00ab la loi de la reconnaissance et d\u2019indemnisation des explosions nucl\u00e9aires de la France qui permet aux personnes de percevoir une indemnisation compensatrice a \u00e9t\u00e9 adopt\u00e9e 14 ans apr\u00e8s la fin des essais nucl\u00e9aires de la France en Polyn\u00e9sie \u00bb. Fortin rev\u00e8lera que cette loi \u00ab permet aux personnes reconnues comme victimes de percevoir une indemnisation compensatrice et qu\u2019au bout de&nbsp;&nbsp;dix ans de mise en \u0153uvre, nous observons qu\u2019une seule personne r\u00e9sidant en Alg\u00e9rie a pu en b\u00e9n\u00e9ficier \u00bb, ce qui est selon lui \u00ab incompr\u00e9hensible et ne correspond en rien \u00e0 la r\u00e9alit\u00e9 \u00bb.<\/p>\n\n\n\n<p>Selon Tony Fortin, auteur de plusieurs contributions sur les explosions nucl\u00e9aires dans le monde \u00ab il y a une situation compliqu\u00e9e concernant l\u2019indemnisation des victimes \u00bb et il estime que \u00ab seul l\u2019engagement des associations avec des avocats a permis l\u2019obtention d\u2019indemnisations \u00bb, lesquelles, dit-il, \u00ab restent extr\u00eamement limit\u00e9es par rapport au nombre r\u00e9el de victimes \u00bb.&nbsp;Ce chercheur \u00e0 l\u2019Observatoire d\u2019armements a \u00e9galement indiqu\u00e9 que \u00ab cette loi r\u00e9sulte d\u2019une mobilisation citoyenne importante ayant entrain\u00e9 le soutien des parlementaires et des m\u00e9dias et concerne th\u00e9oriquement toutes les victimes quelle que soit leur nationalit\u00e9 \u00bb. Il expliquera que \u00ab pour en b\u00e9n\u00e9ficier, il faut r\u00e9pondre \u00e0 des crit\u00e8res d\u00e9termin\u00e9s notamment \u00eatre dans une zone d\u00e9termin\u00e9e et ceci durant la p\u00e9riode des explosions et avoir une des 23 maladies list\u00e9es par d\u00e9cret \u00bb. Fortin d\u00e9plore toutefois que \u00ab l\u2019application de cette loi pose un r\u00e9el probl\u00e8me \u00bb.&nbsp;Concernant l\u2019emplacement des d\u00e9chets nucl\u00e9aires, cet expert a relev\u00e9 que \u00ab la d\u00e9cision prise par l\u2019Alg\u00e9rie en juin 2021 pour ce qui est des archives en relation avec l\u2019emplacement des d\u00e9chets nucl\u00e9aires fran\u00e7ais dans le Sud Alg\u00e9rien de cr\u00e9er une Agence de r\u00e9habilitation des anciens sites des explosions, est une premi\u00e8re \u00e9tape dans ce sens \u00bb.&nbsp;Il rappellera \u00e0 ce propos que l\u2019Observatoire des armements a co-publi\u00e9 avec ICAN France, en 2020, une \u00e9tude sur les d\u00e9chets nucl\u00e9aires Fran\u00e7ais en Alg\u00e9rie, intitul\u00e9 \u00ab Sous le sable, la radioactivit\u00e9 \u00bb, dont, dit-il \u00ab les recommandations ont \u00e9t\u00e9 reprises dans le rapport de l\u2019historien Benjamin Stora \u00bb. Il regrette toutefois qu\u2019 \u00ab ce jour rien ne semble bouger \u00e0 ce niveau, m\u00eame si des d\u00e9blocages sur les questions m\u00e9morielles ont eu lieu dans le cadre des relations entre l\u2019Alg\u00e9rie et la France \u00bb.&nbsp;Il \u00e9voquera \u00e0 la fin les op\u00e9rations de nettoyages effectu\u00e9es en 2008 dans le Sud Alg\u00e9rien et qu\u2019un groupe mixte Alg\u00e9ro- Fran\u00e7ais a \u00e9t\u00e9 mis en place \u00ab afin d\u2019\u00e9tablir un \u00e9tat des lieux et des recommandations \u00bb. L\u2019intervenant indique que ce groupe \u00ab se r\u00e9unit mais pour lequel nous ne disposons d\u2019aucun compte rendu de ses activit\u00e9s \u00bb.&nbsp;<\/p>\n\n\n\n<p><strong>Boubekeur Amrani<\/strong><\/p>\n","protected":false},"excerpt":{"rendered":"<p>L\u2019ensemble des intellectuels et universitaires du pays et m\u00eame au-del\u00e0 ont exig\u00e9 de la France officielle de reconnaitre les crimes<\/p>\n","protected":false},"author":3,"featured_media":16944,"comment_status":"open","ping_status":"closed","sticky":false,"template":"","format":"standard","meta":{"colormag_page_container_layout":"default_layout","colormag_page_sidebar_layout":"default_layout","om_disable_all_campaigns":false,"_monsterinsights_skip_tracking":false,"_monsterinsights_sitenote_active":false,"_monsterinsights_sitenote_note":"","_monsterinsights_sitenote_category":0,"footnotes":"","_wpscppro_dont_share_socialmedia":false,"_wpscppro_custom_social_share_image":0,"_facebook_share_type":"","_twitter_share_type":"","_linkedin_share_type":"","_pinterest_share_type":"","_linkedin_share_type_page":"","_instagram_share_type":"","_medium_share_type":"","_threads_share_type":"","_google_business_share_type":"","_selected_social_profile":[],"_wpsp_enable_custom_social_template":false,"_wpsp_social_scheduling":{"enabled":false,"datetime":null,"platforms":[],"status":"template_only","dateOption":"today","timeOption":"now","customDays":"","customHours":"","customDate":"","customTime":"","schedulingType":"absolute"},"_wpsp_active_default_template":true},"categories":[27],"tags":[],"class_list":["post-16938","post","type-post","status-publish","format-standard","has-post-thumbnail","hentry","category-actualite"],"aioseo_notices":[],"yoast_head":"<!-- This site is optimized with the Yoast SEO plugin v27.5 - https:\/\/yoast.com\/product\/yoast-seo-wordpress\/ -->\n<title>64e\u00a0anniversaire des essais nucl\u00e9aires\u00a0fran\u00e7ais dans le Sud\u00a0alg\u00e9rien\u00a0: La question de l\u2019indemnisation des victimes demeure pos\u00e9e - La Sentinelle<\/title>\n<meta name=\"robots\" content=\"index, follow, max-snippet:-1, max-image-preview:large, max-video-preview:-1\" \/>\n<link rel=\"canonical\" href=\"https:\/\/lasentinelle.dz\/index.php\/2022\/02\/14\/64e-anniversaire-des-essais-nucleaires-francais-dans-le-sud-algerien-la-question-de-lindemnisation-des-victimes-demeure-posee\/\" \/>\n<meta property=\"og:locale\" content=\"fr_FR\" \/>\n<meta property=\"og:type\" content=\"article\" \/>\n<meta property=\"og:title\" content=\"64e\u00a0anniversaire des essais nucl\u00e9aires\u00a0fran\u00e7ais dans le Sud\u00a0alg\u00e9rien\u00a0: La question de l\u2019indemnisation des victimes demeure pos\u00e9e - La Sentinelle\" \/>\n<meta property=\"og:description\" content=\"L\u2019ensemble des intellectuels et universitaires du pays et m\u00eame au-del\u00e0 ont exig\u00e9 de la France officielle de reconnaitre les crimes\" \/>\n<meta property=\"og:url\" content=\"https:\/\/lasentinelle.dz\/index.php\/2022\/02\/14\/64e-anniversaire-des-essais-nucleaires-francais-dans-le-sud-algerien-la-question-de-lindemnisation-des-victimes-demeure-posee\/\" \/>\n<meta property=\"og:site_name\" content=\"La Sentinelle\" \/>\n<meta property=\"article:publisher\" content=\"https:\/\/www.facebook.com\/La-Sentinelle-104059864394773\" \/>\n<meta property=\"article:published_time\" content=\"2022-02-13T23:01:00+00:00\" \/>\n<meta property=\"og:image\" content=\"https:\/\/lasentinelle.dz\/wp-content\/uploads\/2022\/02\/sssssxxx.png\" \/>\n\t<meta property=\"og:image:width\" content=\"1800\" \/>\n\t<meta property=\"og:image:height\" content=\"900\" \/>\n\t<meta property=\"og:image:type\" content=\"image\/png\" \/>\n<meta name=\"author\" content=\"La Sentinelle\" \/>\n<meta name=\"twitter:card\" content=\"summary_large_image\" \/>\n<meta name=\"twitter:label1\" content=\"\u00c9crit par\" \/>\n\t<meta name=\"twitter:data1\" content=\"La Sentinelle\" \/>\n\t<meta name=\"twitter:label2\" content=\"Dur\u00e9e de lecture estim\u00e9e\" \/>\n\t<meta name=\"twitter:data2\" content=\"4 minutes\" \/>\n<script type=\"application\/ld+json\" class=\"yoast-schema-graph\">{\"@context\":\"https:\\\/\\\/schema.org\",\"@graph\":[{\"@type\":\"Article\",\"@id\":\"https:\\\/\\\/lasentinelle.dz\\\/index.php\\\/2022\\\/02\\\/14\\\/64e-anniversaire-des-essais-nucleaires-francais-dans-le-sud-algerien-la-question-de-lindemnisation-des-victimes-demeure-posee\\\/#article\",\"isPartOf\":{\"@id\":\"https:\\\/\\\/lasentinelle.dz\\\/index.php\\\/2022\\\/02\\\/14\\\/64e-anniversaire-des-essais-nucleaires-francais-dans-le-sud-algerien-la-question-de-lindemnisation-des-victimes-demeure-posee\\\/\"},\"author\":{\"name\":\"La Sentinelle\",\"@id\":\"https:\\\/\\\/lasentinelle.dz\\\/#\\\/schema\\\/person\\\/d865044e22e70a75174ce8bcad3acfb3\"},\"headline\":\"64e\u00a0anniversaire des essais nucl\u00e9aires\u00a0fran\u00e7ais dans le Sud\u00a0alg\u00e9rien\u00a0: La question de l\u2019indemnisation des victimes demeure pos\u00e9e\",\"datePublished\":\"2022-02-13T23:01:00+00:00\",\"mainEntityOfPage\":{\"@id\":\"https:\\\/\\\/lasentinelle.dz\\\/index.php\\\/2022\\\/02\\\/14\\\/64e-anniversaire-des-essais-nucleaires-francais-dans-le-sud-algerien-la-question-de-lindemnisation-des-victimes-demeure-posee\\\/\"},\"wordCount\":881,\"commentCount\":0,\"publisher\":{\"@id\":\"https:\\\/\\\/lasentinelle.dz\\\/#organization\"},\"image\":{\"@id\":\"https:\\\/\\\/lasentinelle.dz\\\/index.php\\\/2022\\\/02\\\/14\\\/64e-anniversaire-des-essais-nucleaires-francais-dans-le-sud-algerien-la-question-de-lindemnisation-des-victimes-demeure-posee\\\/#primaryimage\"},\"thumbnailUrl\":\"https:\\\/\\\/lasentinelle.dz\\\/wp-content\\\/uploads\\\/2022\\\/02\\\/sssssxxx.png\",\"articleSection\":[\"Actualit\u00e9\"],\"inLanguage\":\"fr-FR\",\"potentialAction\":[{\"@type\":\"CommentAction\",\"name\":\"Comment\",\"target\":[\"https:\\\/\\\/lasentinelle.dz\\\/index.php\\\/2022\\\/02\\\/14\\\/64e-anniversaire-des-essais-nucleaires-francais-dans-le-sud-algerien-la-question-de-lindemnisation-des-victimes-demeure-posee\\\/#respond\"]}]},{\"@type\":\"WebPage\",\"@id\":\"https:\\\/\\\/lasentinelle.dz\\\/index.php\\\/2022\\\/02\\\/14\\\/64e-anniversaire-des-essais-nucleaires-francais-dans-le-sud-algerien-la-question-de-lindemnisation-des-victimes-demeure-posee\\\/\",\"url\":\"https:\\\/\\\/lasentinelle.dz\\\/index.php\\\/2022\\\/02\\\/14\\\/64e-anniversaire-des-essais-nucleaires-francais-dans-le-sud-algerien-la-question-de-lindemnisation-des-victimes-demeure-posee\\\/\",\"name\":\"64e\u00a0anniversaire des essais nucl\u00e9aires\u00a0fran\u00e7ais dans le Sud\u00a0alg\u00e9rien\u00a0: La question de l\u2019indemnisation des victimes demeure pos\u00e9e - La Sentinelle\",\"isPartOf\":{\"@id\":\"https:\\\/\\\/lasentinelle.dz\\\/#website\"},\"primaryImageOfPage\":{\"@id\":\"https:\\\/\\\/lasentinelle.dz\\\/index.php\\\/2022\\\/02\\\/14\\\/64e-anniversaire-des-essais-nucleaires-francais-dans-le-sud-algerien-la-question-de-lindemnisation-des-victimes-demeure-posee\\\/#primaryimage\"},\"image\":{\"@id\":\"https:\\\/\\\/lasentinelle.dz\\\/index.php\\\/2022\\\/02\\\/14\\\/64e-anniversaire-des-essais-nucleaires-francais-dans-le-sud-algerien-la-question-de-lindemnisation-des-victimes-demeure-posee\\\/#primaryimage\"},\"thumbnailUrl\":\"https:\\\/\\\/lasentinelle.dz\\\/wp-content\\\/uploads\\\/2022\\\/02\\\/sssssxxx.png\",\"datePublished\":\"2022-02-13T23:01:00+00:00\",\"breadcrumb\":{\"@id\":\"https:\\\/\\\/lasentinelle.dz\\\/index.php\\\/2022\\\/02\\\/14\\\/64e-anniversaire-des-essais-nucleaires-francais-dans-le-sud-algerien-la-question-de-lindemnisation-des-victimes-demeure-posee\\\/#breadcrumb\"},\"inLanguage\":\"fr-FR\",\"potentialAction\":[{\"@type\":\"ReadAction\",\"target\":[\"https:\\\/\\\/lasentinelle.dz\\\/index.php\\\/2022\\\/02\\\/14\\\/64e-anniversaire-des-essais-nucleaires-francais-dans-le-sud-algerien-la-question-de-lindemnisation-des-victimes-demeure-posee\\\/\"]}]},{\"@type\":\"ImageObject\",\"inLanguage\":\"fr-FR\",\"@id\":\"https:\\\/\\\/lasentinelle.dz\\\/index.php\\\/2022\\\/02\\\/14\\\/64e-anniversaire-des-essais-nucleaires-francais-dans-le-sud-algerien-la-question-de-lindemnisation-des-victimes-demeure-posee\\\/#primaryimage\",\"url\":\"https:\\\/\\\/lasentinelle.dz\\\/wp-content\\\/uploads\\\/2022\\\/02\\\/sssssxxx.png\",\"contentUrl\":\"https:\\\/\\\/lasentinelle.dz\\\/wp-content\\\/uploads\\\/2022\\\/02\\\/sssssxxx.png\",\"width\":1800,\"height\":900},{\"@type\":\"BreadcrumbList\",\"@id\":\"https:\\\/\\\/lasentinelle.dz\\\/index.php\\\/2022\\\/02\\\/14\\\/64e-anniversaire-des-essais-nucleaires-francais-dans-le-sud-algerien-la-question-de-lindemnisation-des-victimes-demeure-posee\\\/#breadcrumb\",\"itemListElement\":[{\"@type\":\"ListItem\",\"position\":1,\"name\":\"Accueil\",\"item\":\"https:\\\/\\\/lasentinelle.dz\\\/\"},{\"@type\":\"ListItem\",\"position\":2,\"name\":\"64e\u00a0anniversaire des essais nucl\u00e9aires\u00a0fran\u00e7ais dans le Sud\u00a0alg\u00e9rien\u00a0: La question de l\u2019indemnisation des victimes demeure pos\u00e9e\"}]},{\"@type\":\"WebSite\",\"@id\":\"https:\\\/\\\/lasentinelle.dz\\\/#website\",\"url\":\"https:\\\/\\\/lasentinelle.dz\\\/\",\"name\":\"La Sentinelle\",\"description\":\"Quotidien national d&#039;information\",\"publisher\":{\"@id\":\"https:\\\/\\\/lasentinelle.dz\\\/#organization\"},\"potentialAction\":[{\"@type\":\"SearchAction\",\"target\":{\"@type\":\"EntryPoint\",\"urlTemplate\":\"https:\\\/\\\/lasentinelle.dz\\\/?s={search_term_string}\"},\"query-input\":{\"@type\":\"PropertyValueSpecification\",\"valueRequired\":true,\"valueName\":\"search_term_string\"}}],\"inLanguage\":\"fr-FR\"},{\"@type\":\"Organization\",\"@id\":\"https:\\\/\\\/lasentinelle.dz\\\/#organization\",\"name\":\"Quotidien La Sentinelle\",\"url\":\"https:\\\/\\\/lasentinelle.dz\\\/\",\"logo\":{\"@type\":\"ImageObject\",\"inLanguage\":\"fr-FR\",\"@id\":\"https:\\\/\\\/lasentinelle.dz\\\/#\\\/schema\\\/logo\\\/image\\\/\",\"url\":\"https:\\\/\\\/lasentinelle.dz\\\/wp-content\\\/uploads\\\/2021\\\/09\\\/logo-sentinelleSLOGAN-1.png\",\"contentUrl\":\"https:\\\/\\\/lasentinelle.dz\\\/wp-content\\\/uploads\\\/2021\\\/09\\\/logo-sentinelleSLOGAN-1.png\",\"width\":615,\"height\":142,\"caption\":\"Quotidien La Sentinelle\"},\"image\":{\"@id\":\"https:\\\/\\\/lasentinelle.dz\\\/#\\\/schema\\\/logo\\\/image\\\/\"},\"sameAs\":[\"https:\\\/\\\/www.facebook.com\\\/La-Sentinelle-104059864394773\"]},{\"@type\":\"Person\",\"@id\":\"https:\\\/\\\/lasentinelle.dz\\\/#\\\/schema\\\/person\\\/d865044e22e70a75174ce8bcad3acfb3\",\"name\":\"La Sentinelle\",\"image\":{\"@type\":\"ImageObject\",\"inLanguage\":\"fr-FR\",\"@id\":\"https:\\\/\\\/secure.gravatar.com\\\/avatar\\\/57de8e5d4b15d43fb361a71fbb36338450fe67865b528a43dd10ef7c51a20392?s=96&d=mm&r=g\",\"url\":\"https:\\\/\\\/secure.gravatar.com\\\/avatar\\\/57de8e5d4b15d43fb361a71fbb36338450fe67865b528a43dd10ef7c51a20392?s=96&d=mm&r=g\",\"contentUrl\":\"https:\\\/\\\/secure.gravatar.com\\\/avatar\\\/57de8e5d4b15d43fb361a71fbb36338450fe67865b528a43dd10ef7c51a20392?s=96&d=mm&r=g\",\"caption\":\"La Sentinelle\"},\"sameAs\":[\"http:\\\/\\\/www.lasentinelle.dz\"],\"url\":\"https:\\\/\\\/lasentinelle.dz\\\/author\\\/redaction\\\/\"}]}<\/script>\n<!-- \/ Yoast SEO plugin. -->","yoast_head_json":{"title":"64e\u00a0anniversaire des essais nucl\u00e9aires\u00a0fran\u00e7ais dans le Sud\u00a0alg\u00e9rien\u00a0: La question de l\u2019indemnisation des victimes demeure pos\u00e9e - La Sentinelle","robots":{"index":"index","follow":"follow","max-snippet":"max-snippet:-1","max-image-preview":"max-image-preview:large","max-video-preview":"max-video-preview:-1"},"canonical":"https:\/\/lasentinelle.dz\/index.php\/2022\/02\/14\/64e-anniversaire-des-essais-nucleaires-francais-dans-le-sud-algerien-la-question-de-lindemnisation-des-victimes-demeure-posee\/","og_locale":"fr_FR","og_type":"article","og_title":"64e\u00a0anniversaire des essais nucl\u00e9aires\u00a0fran\u00e7ais dans le Sud\u00a0alg\u00e9rien\u00a0: La question de l\u2019indemnisation des victimes demeure pos\u00e9e - La Sentinelle","og_description":"L\u2019ensemble des intellectuels et universitaires du pays et m\u00eame au-del\u00e0 ont exig\u00e9 de la France officielle de reconnaitre les crimes","og_url":"https:\/\/lasentinelle.dz\/index.php\/2022\/02\/14\/64e-anniversaire-des-essais-nucleaires-francais-dans-le-sud-algerien-la-question-de-lindemnisation-des-victimes-demeure-posee\/","og_site_name":"La Sentinelle","article_publisher":"https:\/\/www.facebook.com\/La-Sentinelle-104059864394773","article_published_time":"2022-02-13T23:01:00+00:00","og_image":[{"width":1800,"height":900,"url":"https:\/\/lasentinelle.dz\/wp-content\/uploads\/2022\/02\/sssssxxx.png","type":"image\/png"}],"author":"La Sentinelle","twitter_card":"summary_large_image","twitter_misc":{"\u00c9crit par":"La Sentinelle","Dur\u00e9e de lecture estim\u00e9e":"4 minutes"},"schema":{"@context":"https:\/\/schema.org","@graph":[{"@type":"Article","@id":"https:\/\/lasentinelle.dz\/index.php\/2022\/02\/14\/64e-anniversaire-des-essais-nucleaires-francais-dans-le-sud-algerien-la-question-de-lindemnisation-des-victimes-demeure-posee\/#article","isPartOf":{"@id":"https:\/\/lasentinelle.dz\/index.php\/2022\/02\/14\/64e-anniversaire-des-essais-nucleaires-francais-dans-le-sud-algerien-la-question-de-lindemnisation-des-victimes-demeure-posee\/"},"author":{"name":"La Sentinelle","@id":"https:\/\/lasentinelle.dz\/#\/schema\/person\/d865044e22e70a75174ce8bcad3acfb3"},"headline":"64e\u00a0anniversaire des essais nucl\u00e9aires\u00a0fran\u00e7ais dans le Sud\u00a0alg\u00e9rien\u00a0: La question de l\u2019indemnisation des victimes demeure pos\u00e9e","datePublished":"2022-02-13T23:01:00+00:00","mainEntityOfPage":{"@id":"https:\/\/lasentinelle.dz\/index.php\/2022\/02\/14\/64e-anniversaire-des-essais-nucleaires-francais-dans-le-sud-algerien-la-question-de-lindemnisation-des-victimes-demeure-posee\/"},"wordCount":881,"commentCount":0,"publisher":{"@id":"https:\/\/lasentinelle.dz\/#organization"},"image":{"@id":"https:\/\/lasentinelle.dz\/index.php\/2022\/02\/14\/64e-anniversaire-des-essais-nucleaires-francais-dans-le-sud-algerien-la-question-de-lindemnisation-des-victimes-demeure-posee\/#primaryimage"},"thumbnailUrl":"https:\/\/lasentinelle.dz\/wp-content\/uploads\/2022\/02\/sssssxxx.png","articleSection":["Actualit\u00e9"],"inLanguage":"fr-FR","potentialAction":[{"@type":"CommentAction","name":"Comment","target":["https:\/\/lasentinelle.dz\/index.php\/2022\/02\/14\/64e-anniversaire-des-essais-nucleaires-francais-dans-le-sud-algerien-la-question-de-lindemnisation-des-victimes-demeure-posee\/#respond"]}]},{"@type":"WebPage","@id":"https:\/\/lasentinelle.dz\/index.php\/2022\/02\/14\/64e-anniversaire-des-essais-nucleaires-francais-dans-le-sud-algerien-la-question-de-lindemnisation-des-victimes-demeure-posee\/","url":"https:\/\/lasentinelle.dz\/index.php\/2022\/02\/14\/64e-anniversaire-des-essais-nucleaires-francais-dans-le-sud-algerien-la-question-de-lindemnisation-des-victimes-demeure-posee\/","name":"64e\u00a0anniversaire des essais nucl\u00e9aires\u00a0fran\u00e7ais dans le Sud\u00a0alg\u00e9rien\u00a0: La question de l\u2019indemnisation des victimes demeure pos\u00e9e - La Sentinelle","isPartOf":{"@id":"https:\/\/lasentinelle.dz\/#website"},"primaryImageOfPage":{"@id":"https:\/\/lasentinelle.dz\/index.php\/2022\/02\/14\/64e-anniversaire-des-essais-nucleaires-francais-dans-le-sud-algerien-la-question-de-lindemnisation-des-victimes-demeure-posee\/#primaryimage"},"image":{"@id":"https:\/\/lasentinelle.dz\/index.php\/2022\/02\/14\/64e-anniversaire-des-essais-nucleaires-francais-dans-le-sud-algerien-la-question-de-lindemnisation-des-victimes-demeure-posee\/#primaryimage"},"thumbnailUrl":"https:\/\/lasentinelle.dz\/wp-content\/uploads\/2022\/02\/sssssxxx.png","datePublished":"2022-02-13T23:01:00+00:00","breadcrumb":{"@id":"https:\/\/lasentinelle.dz\/index.php\/2022\/02\/14\/64e-anniversaire-des-essais-nucleaires-francais-dans-le-sud-algerien-la-question-de-lindemnisation-des-victimes-demeure-posee\/#breadcrumb"},"inLanguage":"fr-FR","potentialAction":[{"@type":"ReadAction","target":["https:\/\/lasentinelle.dz\/index.php\/2022\/02\/14\/64e-anniversaire-des-essais-nucleaires-francais-dans-le-sud-algerien-la-question-de-lindemnisation-des-victimes-demeure-posee\/"]}]},{"@type":"ImageObject","inLanguage":"fr-FR","@id":"https:\/\/lasentinelle.dz\/index.php\/2022\/02\/14\/64e-anniversaire-des-essais-nucleaires-francais-dans-le-sud-algerien-la-question-de-lindemnisation-des-victimes-demeure-posee\/#primaryimage","url":"https:\/\/lasentinelle.dz\/wp-content\/uploads\/2022\/02\/sssssxxx.png","contentUrl":"https:\/\/lasentinelle.dz\/wp-content\/uploads\/2022\/02\/sssssxxx.png","width":1800,"height":900},{"@type":"BreadcrumbList","@id":"https:\/\/lasentinelle.dz\/index.php\/2022\/02\/14\/64e-anniversaire-des-essais-nucleaires-francais-dans-le-sud-algerien-la-question-de-lindemnisation-des-victimes-demeure-posee\/#breadcrumb","itemListElement":[{"@type":"ListItem","position":1,"name":"Accueil","item":"https:\/\/lasentinelle.dz\/"},{"@type":"ListItem","position":2,"name":"64e\u00a0anniversaire des essais nucl\u00e9aires\u00a0fran\u00e7ais dans le Sud\u00a0alg\u00e9rien\u00a0: La question de l\u2019indemnisation des victimes demeure pos\u00e9e"}]},{"@type":"WebSite","@id":"https:\/\/lasentinelle.dz\/#website","url":"https:\/\/lasentinelle.dz\/","name":"La Sentinelle","description":"Quotidien national d&#039;information","publisher":{"@id":"https:\/\/lasentinelle.dz\/#organization"},"potentialAction":[{"@type":"SearchAction","target":{"@type":"EntryPoint","urlTemplate":"https:\/\/lasentinelle.dz\/?s={search_term_string}"},"query-input":{"@type":"PropertyValueSpecification","valueRequired":true,"valueName":"search_term_string"}}],"inLanguage":"fr-FR"},{"@type":"Organization","@id":"https:\/\/lasentinelle.dz\/#organization","name":"Quotidien La Sentinelle","url":"https:\/\/lasentinelle.dz\/","logo":{"@type":"ImageObject","inLanguage":"fr-FR","@id":"https:\/\/lasentinelle.dz\/#\/schema\/logo\/image\/","url":"https:\/\/lasentinelle.dz\/wp-content\/uploads\/2021\/09\/logo-sentinelleSLOGAN-1.png","contentUrl":"https:\/\/lasentinelle.dz\/wp-content\/uploads\/2021\/09\/logo-sentinelleSLOGAN-1.png","width":615,"height":142,"caption":"Quotidien La Sentinelle"},"image":{"@id":"https:\/\/lasentinelle.dz\/#\/schema\/logo\/image\/"},"sameAs":["https:\/\/www.facebook.com\/La-Sentinelle-104059864394773"]},{"@type":"Person","@id":"https:\/\/lasentinelle.dz\/#\/schema\/person\/d865044e22e70a75174ce8bcad3acfb3","name":"La Sentinelle","image":{"@type":"ImageObject","inLanguage":"fr-FR","@id":"https:\/\/secure.gravatar.com\/avatar\/57de8e5d4b15d43fb361a71fbb36338450fe67865b528a43dd10ef7c51a20392?s=96&d=mm&r=g","url":"https:\/\/secure.gravatar.com\/avatar\/57de8e5d4b15d43fb361a71fbb36338450fe67865b528a43dd10ef7c51a20392?s=96&d=mm&r=g","contentUrl":"https:\/\/secure.gravatar.com\/avatar\/57de8e5d4b15d43fb361a71fbb36338450fe67865b528a43dd10ef7c51a20392?s=96&d=mm&r=g","caption":"La Sentinelle"},"sameAs":["http:\/\/www.lasentinelle.dz"],"url":"https:\/\/lasentinelle.dz\/author\/redaction\/"}]}},"_links":{"self":[{"href":"https:\/\/lasentinelle.dz\/index.php\/wp-json\/wp\/v2\/posts\/16938","targetHints":{"allow":["GET"]}}],"collection":[{"href":"https:\/\/lasentinelle.dz\/index.php\/wp-json\/wp\/v2\/posts"}],"about":[{"href":"https:\/\/lasentinelle.dz\/index.php\/wp-json\/wp\/v2\/types\/post"}],"author":[{"embeddable":true,"href":"https:\/\/lasentinelle.dz\/index.php\/wp-json\/wp\/v2\/users\/3"}],"replies":[{"embeddable":true,"href":"https:\/\/lasentinelle.dz\/index.php\/wp-json\/wp\/v2\/comments?post=16938"}],"version-history":[{"count":1,"href":"https:\/\/lasentinelle.dz\/index.php\/wp-json\/wp\/v2\/posts\/16938\/revisions"}],"predecessor-version":[{"id":16945,"href":"https:\/\/lasentinelle.dz\/index.php\/wp-json\/wp\/v2\/posts\/16938\/revisions\/16945"}],"wp:featuredmedia":[{"embeddable":true,"href":"https:\/\/lasentinelle.dz\/index.php\/wp-json\/wp\/v2\/media\/16944"}],"wp:attachment":[{"href":"https:\/\/lasentinelle.dz\/index.php\/wp-json\/wp\/v2\/media?parent=16938"}],"wp:term":[{"taxonomy":"category","embeddable":true,"href":"https:\/\/lasentinelle.dz\/index.php\/wp-json\/wp\/v2\/categories?post=16938"},{"taxonomy":"post_tag","embeddable":true,"href":"https:\/\/lasentinelle.dz\/index.php\/wp-json\/wp\/v2\/tags?post=16938"}],"curies":[{"name":"wp","href":"https:\/\/api.w.org\/{rel}","templated":true}]}}