{"id":16949,"date":"2022-02-14T00:05:00","date_gmt":"2022-02-13T23:05:00","guid":{"rendered":"https:\/\/lasentinelle.dz\/?p=16949"},"modified":"2022-02-13T19:32:53","modified_gmt":"2022-02-13T18:32:53","slug":"un-texte-qui-doit-soumettre-le-secteur-aux-regles-du-marche-ou-est-donc-passee-la-loi-sur-la-publicite","status":"publish","type":"post","link":"https:\/\/lasentinelle.dz\/index.php\/2022\/02\/14\/un-texte-qui-doit-soumettre-le-secteur-aux-regles-du-marche-ou-est-donc-passee-la-loi-sur-la-publicite\/","title":{"rendered":"Un texte qui doit soumettre le secteur aux r\u00e8gles du march\u00e9\u00a0: O\u00f9 est donc pass\u00e9e la loi sur la publicit\u00e9 ?"},"content":{"rendered":"\n<p>Un nouveau cadre r\u00e9glementaire devant r\u00e9gir les m\u00e9dias est soumis \u00e0 d\u00e9bat. La loi sur l\u2019information a \u00e9t\u00e9 examin\u00e9e par le Gouvernement, il y a une dizaine de jours, et doit \u00eatre soumise au Conseil des ministres. Un texte qui doit traduire les principales dispositions de la Constitution et r\u00e9pondre aux besoins d\u2019organisation des professionnels, ainsi qu\u2019aux missions de service public et \u00e0 l\u2019int\u00e9r\u00eat g\u00e9n\u00e9ral. C\u2019est du moins la promesse.&nbsp;<\/p>\n\n\n\n<p>Cependant, l\u2019examen de cette loi nous invite \u00e0 nous pencher sur la situation actuelle du secteur, notamment celui de la presse \u00e9crite, qui subit les affres d\u2019une destruction programm\u00e9e sous le couvert de l\u2019argument de r\u00e9organisation.&nbsp;<\/p>\n\n\n\n<p>Disons-le, la presse \u00e9crite &#8211; plus pr\u00e9cis\u00e9ment les titres dirig\u00e9s par les journalistes professionnels &#8211; est dans tous ses \u00e9tats. Le fait est que ces titres sont soumis \u00e0 un processus d\u2019\u00e9tranglement financier injustifi\u00e9 par le biais de la r\u00e9duction de l\u2019aide publique continue et drastique accord\u00e9e par le biais de la publicit\u00e9 publique. La majorit\u00e9 des titres dirig\u00e9s par des journalistes professionnels qui r\u00e9pondent aux obligations de service public, de respect des r\u00e8gles de d\u00e9ontologie professionnelle et aux imp\u00e9ratifs de pr\u00e9servation des int\u00e9r\u00eats de la Nation sont sanctionn\u00e9s au profit d\u2019autres titres de presse qui ne r\u00e9pondent \u00e0 aucune de ses exigences. L\u2019on voit ainsi des titres dirig\u00e9s par des personnes qui n\u2019ont aucun lien ni de pr\u00e8s, ni de loin avec le journalisme, voire des pr\u00eate-noms, qui ne r\u00e9pondent \u00e0 aucune exigence de l\u2019\u00e9thique professionnelle, que l\u2019on ne retrouve nullement sur les \u00e9tals des kiosques, voire qui n\u2019ont m\u00eame pas un site internet, gratifi\u00e9s de plusieurs pages de publicit\u00e9 publique. Une situation qui laisse pantois quant aux objectifs r\u00e9els d\u2019une telle d\u00e9marche d\u2019\u00e9tranglement de la presse \u00e9crite, principale organe d\u2019\u00e9veil et d\u2019orientation de l\u2019opinion, au moment o\u00f9 les plus hautes autorit\u00e9s du pays appellent les m\u00e9dias \u00e0 participer \u00e0 l\u2019\u0153uvre nationale de r\u00e9\u00e9dification et de protection du pays des attaques dont il est la cible. Le 23 octobre dernier, lors de la c\u00e9l\u00e9bration de la Journ\u00e9e nationale de la presse, le pr\u00e9sident de la R\u00e9publique, Abdelmadjid Tebboune, avait appel\u00e9 le Gouvernement \u00e0 \u00ab soutenir le secteur de l&rsquo;information pour parvenir \u00e0 un v\u00e9ritable professionnalisme dans un monde o\u00f9 l&rsquo;arme de l&rsquo;information occupe une place avanc\u00e9e et vitale dans la d\u00e9fense des int\u00e9r\u00eats des peuples et des nations \u00bb. Au mois de d\u00e9cembre dernier, c\u2019\u00e9tait au tour du chef de l\u2019\u00c9tat-major de l\u2019ANP, Sa\u00efd Chanegriha, de souligner le r\u00f4le des m\u00e9dias qui devront \u00eatre au premier front pour \u00ab affronter les plans hostiles \u00e0 la stabilit\u00e9 du pays \u00bb. Or, la situation actuelle de la presse \u00e9crite refl\u00e8te une dichotomie entre le discours et la r\u00e9alit\u00e9 du terrain. La campagne qui cible actuellement la presse professionnelle s\u2019oppose, de mani\u00e8re flagrante, aux objectifs annonc\u00e9s.&nbsp;&nbsp;Cela est plus flagrant dans le cas des quotidiens sportifs. Passe encore le cas des grands quotidiens sportifs qui jouent un r\u00f4le politique et social determinant. Sinon comment justifier le soutien publicitaire sans pr\u00e9c\u00e9dent accord\u00e9 \u00e0 une cat\u00e9gorie de presse sportive quotidienne qui n\u2019a jamais travers\u00e9 l\u2019enceinte de l\u2019imprimerie publique et qui n\u2019est d\u2019aucun apport, ni en termes d\u2019information et encore moins en ce qui concerne les missions de service public.&nbsp;<\/p>\n\n\n\n<p>Un constat qui suscite des questionnements et qui pousse \u00e0 craindre la r\u00e9\u00e9dition de certains cas comme le scandale \u00ab El Balagh Erriadhi \u00bb n\u00e9 de l\u2019attribution de publicit\u00e9 publique \u00e0 un quotidien sportif qui ne paraissait m\u00eame plus et ce, m\u00eame apr\u00e8s la dissolution de la soci\u00e9t\u00e9 \u00e9ditrice.&nbsp;<\/p>\n\n\n\n<p><strong>Revoir l\u2019aide publique \u00e0 la presse<\/strong><\/p>\n\n\n\n<p>Le retour en force de ces pratiques risque aussi d\u2019avoir des r\u00e9percussions sur le plan \u00e9conomique, et plus particuli\u00e8rement sur l\u2019ex\u00e9cution des programmes de relance \u00e9conomique et des projets de d\u00e9veloppement public. La publication d\u2019appels d\u2019offres sur des journaux qui ne sortent pas de l\u2019imprimerie a d\u00e9j\u00e0 induit, par le pass\u00e9, une hausse du taux d\u2019infractuosit\u00e9 des appels d\u2019offres. Et cela risque encore aujourd\u2019hui d\u2019\u00eatre le cas.&nbsp;<\/p>\n\n\n\n<p>Cela pose surtout la probl\u00e9matique de l\u2019aide publique \u00e0 la presse. Car la r\u00e9organisation du secteur des m\u00e9dias devait passer par une r\u00e9vision de ce qu\u2019on appelle famili\u00e8rement \u00ab code de l\u2019information \u00bb et de la loi sur l\u2019audiovisuel, mais aussi par la publication d\u2019une loi sur la publicit\u00e9 ainsi que la r\u00e9activation du fonds d\u2019aide \u00e0 la presse.&nbsp;&nbsp;Des mesures qui devraient imposer le respect des r\u00e8gles du march\u00e9 sur le secteur de la publicit\u00e9, y compris publique. Mais aussi de revoir les m\u00e9canismes d\u2019aide \u00e0 la presse sur la base d\u2019un cahier des charges et des crit\u00e8res objectifs d\u2019\u00e9thique manag\u00e9riale et professionnelle. D\u2019ailleurs, 15 crit\u00e8res avaient \u00e9t\u00e9 annonc\u00e9s et auxquels devaient r\u00e9pondre les m\u00e9dias pour pouvoir b\u00e9n\u00e9ficier de l\u2019aide publique en attendant la refonte des textes. La loi sur la publicit\u00e9, elle, devait \u00eatre promulgu\u00e9e apr\u00e8s les l\u00e9gislatives. Or, ces questions ont tout simplement \u00e9t\u00e9 rel\u00e9gu\u00e9es aux calendes grecques, et ne sont m\u00eame plus \u00e9voqu\u00e9es par le nouveau ministre de la Communication cloitr\u00e9 dans ses s\u00e9ants en parfait spectateur.&nbsp;<\/p>\n\n\n\n<p><strong>Azzedine Belferag<\/strong><\/p>\n","protected":false},"excerpt":{"rendered":"<p>Un nouveau cadre r\u00e9glementaire devant r\u00e9gir les m\u00e9dias est soumis \u00e0 d\u00e9bat. La loi sur l\u2019information a \u00e9t\u00e9 examin\u00e9e par<\/p>\n","protected":false},"author":3,"featured_media":16950,"comment_status":"open","ping_status":"closed","sticky":false,"template":"","format":"standard","meta":{"colormag_page_container_layout":"default_layout","colormag_page_sidebar_layout":"default_layout","om_disable_all_campaigns":false,"_monsterinsights_skip_tracking":false,"_monsterinsights_sitenote_active":false,"_monsterinsights_sitenote_note":"","_monsterinsights_sitenote_category":0,"footnotes":"","_wpscppro_dont_share_socialmedia":false,"_wpscppro_custom_social_share_image":0,"_facebook_share_type":"","_twitter_share_type":"","_linkedin_share_type":"","_pinterest_share_type":"","_linkedin_share_type_page":"","_instagram_share_type":"","_medium_share_type":"","_threads_share_type":"","_google_business_share_type":"","_selected_social_profile":[],"_wpsp_enable_custom_social_template":false,"_wpsp_social_scheduling":{"enabled":false,"datetime":null,"platforms":[],"status":"template_only","dateOption":"today","timeOption":"now","customDays":"","customHours":"","customDate":"","customTime":"","schedulingType":"absolute"},"_wpsp_active_default_template":true},"categories":[52,27],"tags":[],"class_list":["post-16949","post","type-post","status-publish","format-standard","has-post-thumbnail","hentry","category-a-la-une","category-actualite"],"aioseo_notices":[],"yoast_head":"<!-- This site is optimized with the Yoast SEO plugin v27.5 - https:\/\/yoast.com\/product\/yoast-seo-wordpress\/ -->\n<title>Un texte qui doit soumettre le secteur aux r\u00e8gles du march\u00e9\u00a0: O\u00f9 est donc pass\u00e9e la loi sur la publicit\u00e9 ? - La Sentinelle<\/title>\n<meta name=\"robots\" content=\"index, follow, max-snippet:-1, max-image-preview:large, max-video-preview:-1\" \/>\n<link rel=\"canonical\" href=\"https:\/\/lasentinelle.dz\/index.php\/2022\/02\/14\/un-texte-qui-doit-soumettre-le-secteur-aux-regles-du-marche-ou-est-donc-passee-la-loi-sur-la-publicite\/\" \/>\n<meta property=\"og:locale\" content=\"fr_FR\" \/>\n<meta property=\"og:type\" content=\"article\" \/>\n<meta property=\"og:title\" content=\"Un texte qui doit soumettre le secteur aux r\u00e8gles du march\u00e9\u00a0: O\u00f9 est donc pass\u00e9e la loi sur la publicit\u00e9 ? - La Sentinelle\" \/>\n<meta property=\"og:description\" content=\"Un nouveau cadre r\u00e9glementaire devant r\u00e9gir les m\u00e9dias est soumis \u00e0 d\u00e9bat. La loi sur l\u2019information a \u00e9t\u00e9 examin\u00e9e par\" \/>\n<meta property=\"og:url\" content=\"https:\/\/lasentinelle.dz\/index.php\/2022\/02\/14\/un-texte-qui-doit-soumettre-le-secteur-aux-regles-du-marche-ou-est-donc-passee-la-loi-sur-la-publicite\/\" \/>\n<meta property=\"og:site_name\" content=\"La Sentinelle\" \/>\n<meta property=\"article:publisher\" content=\"https:\/\/www.facebook.com\/La-Sentinelle-104059864394773\" \/>\n<meta property=\"article:published_time\" content=\"2022-02-13T23:05:00+00:00\" \/>\n<meta property=\"og:image\" content=\"https:\/\/lasentinelle.dz\/wp-content\/uploads\/2022\/02\/xxxxw.png\" \/>\n\t<meta property=\"og:image:width\" content=\"1351\" \/>\n\t<meta property=\"og:image:height\" content=\"900\" \/>\n\t<meta property=\"og:image:type\" content=\"image\/png\" \/>\n<meta name=\"author\" content=\"La Sentinelle\" \/>\n<meta name=\"twitter:card\" content=\"summary_large_image\" \/>\n<meta name=\"twitter:label1\" content=\"\u00c9crit par\" \/>\n\t<meta name=\"twitter:data1\" content=\"La Sentinelle\" \/>\n\t<meta name=\"twitter:label2\" content=\"Dur\u00e9e de lecture estim\u00e9e\" \/>\n\t<meta name=\"twitter:data2\" content=\"5 minutes\" \/>\n<script type=\"application\/ld+json\" class=\"yoast-schema-graph\">{\"@context\":\"https:\\\/\\\/schema.org\",\"@graph\":[{\"@type\":\"Article\",\"@id\":\"https:\\\/\\\/lasentinelle.dz\\\/index.php\\\/2022\\\/02\\\/14\\\/un-texte-qui-doit-soumettre-le-secteur-aux-regles-du-marche-ou-est-donc-passee-la-loi-sur-la-publicite\\\/#article\",\"isPartOf\":{\"@id\":\"https:\\\/\\\/lasentinelle.dz\\\/index.php\\\/2022\\\/02\\\/14\\\/un-texte-qui-doit-soumettre-le-secteur-aux-regles-du-marche-ou-est-donc-passee-la-loi-sur-la-publicite\\\/\"},\"author\":{\"name\":\"La Sentinelle\",\"@id\":\"https:\\\/\\\/lasentinelle.dz\\\/#\\\/schema\\\/person\\\/d865044e22e70a75174ce8bcad3acfb3\"},\"headline\":\"Un texte qui doit soumettre le secteur aux r\u00e8gles du march\u00e9\u00a0: O\u00f9 est donc pass\u00e9e la loi sur la publicit\u00e9 ?\",\"datePublished\":\"2022-02-13T23:05:00+00:00\",\"mainEntityOfPage\":{\"@id\":\"https:\\\/\\\/lasentinelle.dz\\\/index.php\\\/2022\\\/02\\\/14\\\/un-texte-qui-doit-soumettre-le-secteur-aux-regles-du-marche-ou-est-donc-passee-la-loi-sur-la-publicite\\\/\"},\"wordCount\":981,\"commentCount\":0,\"publisher\":{\"@id\":\"https:\\\/\\\/lasentinelle.dz\\\/#organization\"},\"image\":{\"@id\":\"https:\\\/\\\/lasentinelle.dz\\\/index.php\\\/2022\\\/02\\\/14\\\/un-texte-qui-doit-soumettre-le-secteur-aux-regles-du-marche-ou-est-donc-passee-la-loi-sur-la-publicite\\\/#primaryimage\"},\"thumbnailUrl\":\"https:\\\/\\\/lasentinelle.dz\\\/wp-content\\\/uploads\\\/2022\\\/02\\\/xxxxw.png\",\"articleSection\":[\"\u00c0 la Une\",\"Actualit\u00e9\"],\"inLanguage\":\"fr-FR\",\"potentialAction\":[{\"@type\":\"CommentAction\",\"name\":\"Comment\",\"target\":[\"https:\\\/\\\/lasentinelle.dz\\\/index.php\\\/2022\\\/02\\\/14\\\/un-texte-qui-doit-soumettre-le-secteur-aux-regles-du-marche-ou-est-donc-passee-la-loi-sur-la-publicite\\\/#respond\"]}]},{\"@type\":\"WebPage\",\"@id\":\"https:\\\/\\\/lasentinelle.dz\\\/index.php\\\/2022\\\/02\\\/14\\\/un-texte-qui-doit-soumettre-le-secteur-aux-regles-du-marche-ou-est-donc-passee-la-loi-sur-la-publicite\\\/\",\"url\":\"https:\\\/\\\/lasentinelle.dz\\\/index.php\\\/2022\\\/02\\\/14\\\/un-texte-qui-doit-soumettre-le-secteur-aux-regles-du-marche-ou-est-donc-passee-la-loi-sur-la-publicite\\\/\",\"name\":\"Un texte qui doit soumettre le secteur aux r\u00e8gles du march\u00e9\u00a0: O\u00f9 est donc pass\u00e9e la loi sur la publicit\u00e9 ? - La Sentinelle\",\"isPartOf\":{\"@id\":\"https:\\\/\\\/lasentinelle.dz\\\/#website\"},\"primaryImageOfPage\":{\"@id\":\"https:\\\/\\\/lasentinelle.dz\\\/index.php\\\/2022\\\/02\\\/14\\\/un-texte-qui-doit-soumettre-le-secteur-aux-regles-du-marche-ou-est-donc-passee-la-loi-sur-la-publicite\\\/#primaryimage\"},\"image\":{\"@id\":\"https:\\\/\\\/lasentinelle.dz\\\/index.php\\\/2022\\\/02\\\/14\\\/un-texte-qui-doit-soumettre-le-secteur-aux-regles-du-marche-ou-est-donc-passee-la-loi-sur-la-publicite\\\/#primaryimage\"},\"thumbnailUrl\":\"https:\\\/\\\/lasentinelle.dz\\\/wp-content\\\/uploads\\\/2022\\\/02\\\/xxxxw.png\",\"datePublished\":\"2022-02-13T23:05:00+00:00\",\"breadcrumb\":{\"@id\":\"https:\\\/\\\/lasentinelle.dz\\\/index.php\\\/2022\\\/02\\\/14\\\/un-texte-qui-doit-soumettre-le-secteur-aux-regles-du-marche-ou-est-donc-passee-la-loi-sur-la-publicite\\\/#breadcrumb\"},\"inLanguage\":\"fr-FR\",\"potentialAction\":[{\"@type\":\"ReadAction\",\"target\":[\"https:\\\/\\\/lasentinelle.dz\\\/index.php\\\/2022\\\/02\\\/14\\\/un-texte-qui-doit-soumettre-le-secteur-aux-regles-du-marche-ou-est-donc-passee-la-loi-sur-la-publicite\\\/\"]}]},{\"@type\":\"ImageObject\",\"inLanguage\":\"fr-FR\",\"@id\":\"https:\\\/\\\/lasentinelle.dz\\\/index.php\\\/2022\\\/02\\\/14\\\/un-texte-qui-doit-soumettre-le-secteur-aux-regles-du-marche-ou-est-donc-passee-la-loi-sur-la-publicite\\\/#primaryimage\",\"url\":\"https:\\\/\\\/lasentinelle.dz\\\/wp-content\\\/uploads\\\/2022\\\/02\\\/xxxxw.png\",\"contentUrl\":\"https:\\\/\\\/lasentinelle.dz\\\/wp-content\\\/uploads\\\/2022\\\/02\\\/xxxxw.png\",\"width\":1351,\"height\":900},{\"@type\":\"BreadcrumbList\",\"@id\":\"https:\\\/\\\/lasentinelle.dz\\\/index.php\\\/2022\\\/02\\\/14\\\/un-texte-qui-doit-soumettre-le-secteur-aux-regles-du-marche-ou-est-donc-passee-la-loi-sur-la-publicite\\\/#breadcrumb\",\"itemListElement\":[{\"@type\":\"ListItem\",\"position\":1,\"name\":\"Accueil\",\"item\":\"https:\\\/\\\/lasentinelle.dz\\\/\"},{\"@type\":\"ListItem\",\"position\":2,\"name\":\"Un texte qui doit soumettre le secteur aux r\u00e8gles du march\u00e9\u00a0: O\u00f9 est donc pass\u00e9e la loi sur la publicit\u00e9 ?\"}]},{\"@type\":\"WebSite\",\"@id\":\"https:\\\/\\\/lasentinelle.dz\\\/#website\",\"url\":\"https:\\\/\\\/lasentinelle.dz\\\/\",\"name\":\"La Sentinelle\",\"description\":\"Quotidien national d&#039;information\",\"publisher\":{\"@id\":\"https:\\\/\\\/lasentinelle.dz\\\/#organization\"},\"potentialAction\":[{\"@type\":\"SearchAction\",\"target\":{\"@type\":\"EntryPoint\",\"urlTemplate\":\"https:\\\/\\\/lasentinelle.dz\\\/?s={search_term_string}\"},\"query-input\":{\"@type\":\"PropertyValueSpecification\",\"valueRequired\":true,\"valueName\":\"search_term_string\"}}],\"inLanguage\":\"fr-FR\"},{\"@type\":\"Organization\",\"@id\":\"https:\\\/\\\/lasentinelle.dz\\\/#organization\",\"name\":\"Quotidien La Sentinelle\",\"url\":\"https:\\\/\\\/lasentinelle.dz\\\/\",\"logo\":{\"@type\":\"ImageObject\",\"inLanguage\":\"fr-FR\",\"@id\":\"https:\\\/\\\/lasentinelle.dz\\\/#\\\/schema\\\/logo\\\/image\\\/\",\"url\":\"https:\\\/\\\/lasentinelle.dz\\\/wp-content\\\/uploads\\\/2021\\\/09\\\/logo-sentinelleSLOGAN-1.png\",\"contentUrl\":\"https:\\\/\\\/lasentinelle.dz\\\/wp-content\\\/uploads\\\/2021\\\/09\\\/logo-sentinelleSLOGAN-1.png\",\"width\":615,\"height\":142,\"caption\":\"Quotidien La Sentinelle\"},\"image\":{\"@id\":\"https:\\\/\\\/lasentinelle.dz\\\/#\\\/schema\\\/logo\\\/image\\\/\"},\"sameAs\":[\"https:\\\/\\\/www.facebook.com\\\/La-Sentinelle-104059864394773\"]},{\"@type\":\"Person\",\"@id\":\"https:\\\/\\\/lasentinelle.dz\\\/#\\\/schema\\\/person\\\/d865044e22e70a75174ce8bcad3acfb3\",\"name\":\"La Sentinelle\",\"image\":{\"@type\":\"ImageObject\",\"inLanguage\":\"fr-FR\",\"@id\":\"https:\\\/\\\/secure.gravatar.com\\\/avatar\\\/57de8e5d4b15d43fb361a71fbb36338450fe67865b528a43dd10ef7c51a20392?s=96&d=mm&r=g\",\"url\":\"https:\\\/\\\/secure.gravatar.com\\\/avatar\\\/57de8e5d4b15d43fb361a71fbb36338450fe67865b528a43dd10ef7c51a20392?s=96&d=mm&r=g\",\"contentUrl\":\"https:\\\/\\\/secure.gravatar.com\\\/avatar\\\/57de8e5d4b15d43fb361a71fbb36338450fe67865b528a43dd10ef7c51a20392?s=96&d=mm&r=g\",\"caption\":\"La Sentinelle\"},\"sameAs\":[\"http:\\\/\\\/www.lasentinelle.dz\"],\"url\":\"https:\\\/\\\/lasentinelle.dz\\\/author\\\/redaction\\\/\"}]}<\/script>\n<!-- \/ Yoast SEO plugin. -->","yoast_head_json":{"title":"Un texte qui doit soumettre le secteur aux r\u00e8gles du march\u00e9\u00a0: O\u00f9 est donc pass\u00e9e la loi sur la publicit\u00e9 ? - La Sentinelle","robots":{"index":"index","follow":"follow","max-snippet":"max-snippet:-1","max-image-preview":"max-image-preview:large","max-video-preview":"max-video-preview:-1"},"canonical":"https:\/\/lasentinelle.dz\/index.php\/2022\/02\/14\/un-texte-qui-doit-soumettre-le-secteur-aux-regles-du-marche-ou-est-donc-passee-la-loi-sur-la-publicite\/","og_locale":"fr_FR","og_type":"article","og_title":"Un texte qui doit soumettre le secteur aux r\u00e8gles du march\u00e9\u00a0: O\u00f9 est donc pass\u00e9e la loi sur la publicit\u00e9 ? - La Sentinelle","og_description":"Un nouveau cadre r\u00e9glementaire devant r\u00e9gir les m\u00e9dias est soumis \u00e0 d\u00e9bat. La loi sur l\u2019information a \u00e9t\u00e9 examin\u00e9e par","og_url":"https:\/\/lasentinelle.dz\/index.php\/2022\/02\/14\/un-texte-qui-doit-soumettre-le-secteur-aux-regles-du-marche-ou-est-donc-passee-la-loi-sur-la-publicite\/","og_site_name":"La Sentinelle","article_publisher":"https:\/\/www.facebook.com\/La-Sentinelle-104059864394773","article_published_time":"2022-02-13T23:05:00+00:00","og_image":[{"width":1351,"height":900,"url":"https:\/\/lasentinelle.dz\/wp-content\/uploads\/2022\/02\/xxxxw.png","type":"image\/png"}],"author":"La Sentinelle","twitter_card":"summary_large_image","twitter_misc":{"\u00c9crit par":"La Sentinelle","Dur\u00e9e de lecture estim\u00e9e":"5 minutes"},"schema":{"@context":"https:\/\/schema.org","@graph":[{"@type":"Article","@id":"https:\/\/lasentinelle.dz\/index.php\/2022\/02\/14\/un-texte-qui-doit-soumettre-le-secteur-aux-regles-du-marche-ou-est-donc-passee-la-loi-sur-la-publicite\/#article","isPartOf":{"@id":"https:\/\/lasentinelle.dz\/index.php\/2022\/02\/14\/un-texte-qui-doit-soumettre-le-secteur-aux-regles-du-marche-ou-est-donc-passee-la-loi-sur-la-publicite\/"},"author":{"name":"La Sentinelle","@id":"https:\/\/lasentinelle.dz\/#\/schema\/person\/d865044e22e70a75174ce8bcad3acfb3"},"headline":"Un texte qui doit soumettre le secteur aux r\u00e8gles du march\u00e9\u00a0: O\u00f9 est donc pass\u00e9e la loi sur la publicit\u00e9 ?","datePublished":"2022-02-13T23:05:00+00:00","mainEntityOfPage":{"@id":"https:\/\/lasentinelle.dz\/index.php\/2022\/02\/14\/un-texte-qui-doit-soumettre-le-secteur-aux-regles-du-marche-ou-est-donc-passee-la-loi-sur-la-publicite\/"},"wordCount":981,"commentCount":0,"publisher":{"@id":"https:\/\/lasentinelle.dz\/#organization"},"image":{"@id":"https:\/\/lasentinelle.dz\/index.php\/2022\/02\/14\/un-texte-qui-doit-soumettre-le-secteur-aux-regles-du-marche-ou-est-donc-passee-la-loi-sur-la-publicite\/#primaryimage"},"thumbnailUrl":"https:\/\/lasentinelle.dz\/wp-content\/uploads\/2022\/02\/xxxxw.png","articleSection":["\u00c0 la Une","Actualit\u00e9"],"inLanguage":"fr-FR","potentialAction":[{"@type":"CommentAction","name":"Comment","target":["https:\/\/lasentinelle.dz\/index.php\/2022\/02\/14\/un-texte-qui-doit-soumettre-le-secteur-aux-regles-du-marche-ou-est-donc-passee-la-loi-sur-la-publicite\/#respond"]}]},{"@type":"WebPage","@id":"https:\/\/lasentinelle.dz\/index.php\/2022\/02\/14\/un-texte-qui-doit-soumettre-le-secteur-aux-regles-du-marche-ou-est-donc-passee-la-loi-sur-la-publicite\/","url":"https:\/\/lasentinelle.dz\/index.php\/2022\/02\/14\/un-texte-qui-doit-soumettre-le-secteur-aux-regles-du-marche-ou-est-donc-passee-la-loi-sur-la-publicite\/","name":"Un texte qui doit soumettre le secteur aux r\u00e8gles du march\u00e9\u00a0: O\u00f9 est donc pass\u00e9e la loi sur la publicit\u00e9 ? - La Sentinelle","isPartOf":{"@id":"https:\/\/lasentinelle.dz\/#website"},"primaryImageOfPage":{"@id":"https:\/\/lasentinelle.dz\/index.php\/2022\/02\/14\/un-texte-qui-doit-soumettre-le-secteur-aux-regles-du-marche-ou-est-donc-passee-la-loi-sur-la-publicite\/#primaryimage"},"image":{"@id":"https:\/\/lasentinelle.dz\/index.php\/2022\/02\/14\/un-texte-qui-doit-soumettre-le-secteur-aux-regles-du-marche-ou-est-donc-passee-la-loi-sur-la-publicite\/#primaryimage"},"thumbnailUrl":"https:\/\/lasentinelle.dz\/wp-content\/uploads\/2022\/02\/xxxxw.png","datePublished":"2022-02-13T23:05:00+00:00","breadcrumb":{"@id":"https:\/\/lasentinelle.dz\/index.php\/2022\/02\/14\/un-texte-qui-doit-soumettre-le-secteur-aux-regles-du-marche-ou-est-donc-passee-la-loi-sur-la-publicite\/#breadcrumb"},"inLanguage":"fr-FR","potentialAction":[{"@type":"ReadAction","target":["https:\/\/lasentinelle.dz\/index.php\/2022\/02\/14\/un-texte-qui-doit-soumettre-le-secteur-aux-regles-du-marche-ou-est-donc-passee-la-loi-sur-la-publicite\/"]}]},{"@type":"ImageObject","inLanguage":"fr-FR","@id":"https:\/\/lasentinelle.dz\/index.php\/2022\/02\/14\/un-texte-qui-doit-soumettre-le-secteur-aux-regles-du-marche-ou-est-donc-passee-la-loi-sur-la-publicite\/#primaryimage","url":"https:\/\/lasentinelle.dz\/wp-content\/uploads\/2022\/02\/xxxxw.png","contentUrl":"https:\/\/lasentinelle.dz\/wp-content\/uploads\/2022\/02\/xxxxw.png","width":1351,"height":900},{"@type":"BreadcrumbList","@id":"https:\/\/lasentinelle.dz\/index.php\/2022\/02\/14\/un-texte-qui-doit-soumettre-le-secteur-aux-regles-du-marche-ou-est-donc-passee-la-loi-sur-la-publicite\/#breadcrumb","itemListElement":[{"@type":"ListItem","position":1,"name":"Accueil","item":"https:\/\/lasentinelle.dz\/"},{"@type":"ListItem","position":2,"name":"Un texte qui doit soumettre le secteur aux r\u00e8gles du march\u00e9\u00a0: O\u00f9 est donc pass\u00e9e la loi sur la publicit\u00e9 ?"}]},{"@type":"WebSite","@id":"https:\/\/lasentinelle.dz\/#website","url":"https:\/\/lasentinelle.dz\/","name":"La Sentinelle","description":"Quotidien national d&#039;information","publisher":{"@id":"https:\/\/lasentinelle.dz\/#organization"},"potentialAction":[{"@type":"SearchAction","target":{"@type":"EntryPoint","urlTemplate":"https:\/\/lasentinelle.dz\/?s={search_term_string}"},"query-input":{"@type":"PropertyValueSpecification","valueRequired":true,"valueName":"search_term_string"}}],"inLanguage":"fr-FR"},{"@type":"Organization","@id":"https:\/\/lasentinelle.dz\/#organization","name":"Quotidien La Sentinelle","url":"https:\/\/lasentinelle.dz\/","logo":{"@type":"ImageObject","inLanguage":"fr-FR","@id":"https:\/\/lasentinelle.dz\/#\/schema\/logo\/image\/","url":"https:\/\/lasentinelle.dz\/wp-content\/uploads\/2021\/09\/logo-sentinelleSLOGAN-1.png","contentUrl":"https:\/\/lasentinelle.dz\/wp-content\/uploads\/2021\/09\/logo-sentinelleSLOGAN-1.png","width":615,"height":142,"caption":"Quotidien La Sentinelle"},"image":{"@id":"https:\/\/lasentinelle.dz\/#\/schema\/logo\/image\/"},"sameAs":["https:\/\/www.facebook.com\/La-Sentinelle-104059864394773"]},{"@type":"Person","@id":"https:\/\/lasentinelle.dz\/#\/schema\/person\/d865044e22e70a75174ce8bcad3acfb3","name":"La Sentinelle","image":{"@type":"ImageObject","inLanguage":"fr-FR","@id":"https:\/\/secure.gravatar.com\/avatar\/57de8e5d4b15d43fb361a71fbb36338450fe67865b528a43dd10ef7c51a20392?s=96&d=mm&r=g","url":"https:\/\/secure.gravatar.com\/avatar\/57de8e5d4b15d43fb361a71fbb36338450fe67865b528a43dd10ef7c51a20392?s=96&d=mm&r=g","contentUrl":"https:\/\/secure.gravatar.com\/avatar\/57de8e5d4b15d43fb361a71fbb36338450fe67865b528a43dd10ef7c51a20392?s=96&d=mm&r=g","caption":"La Sentinelle"},"sameAs":["http:\/\/www.lasentinelle.dz"],"url":"https:\/\/lasentinelle.dz\/author\/redaction\/"}]}},"_links":{"self":[{"href":"https:\/\/lasentinelle.dz\/index.php\/wp-json\/wp\/v2\/posts\/16949","targetHints":{"allow":["GET"]}}],"collection":[{"href":"https:\/\/lasentinelle.dz\/index.php\/wp-json\/wp\/v2\/posts"}],"about":[{"href":"https:\/\/lasentinelle.dz\/index.php\/wp-json\/wp\/v2\/types\/post"}],"author":[{"embeddable":true,"href":"https:\/\/lasentinelle.dz\/index.php\/wp-json\/wp\/v2\/users\/3"}],"replies":[{"embeddable":true,"href":"https:\/\/lasentinelle.dz\/index.php\/wp-json\/wp\/v2\/comments?post=16949"}],"version-history":[{"count":1,"href":"https:\/\/lasentinelle.dz\/index.php\/wp-json\/wp\/v2\/posts\/16949\/revisions"}],"predecessor-version":[{"id":16951,"href":"https:\/\/lasentinelle.dz\/index.php\/wp-json\/wp\/v2\/posts\/16949\/revisions\/16951"}],"wp:featuredmedia":[{"embeddable":true,"href":"https:\/\/lasentinelle.dz\/index.php\/wp-json\/wp\/v2\/media\/16950"}],"wp:attachment":[{"href":"https:\/\/lasentinelle.dz\/index.php\/wp-json\/wp\/v2\/media?parent=16949"}],"wp:term":[{"taxonomy":"category","embeddable":true,"href":"https:\/\/lasentinelle.dz\/index.php\/wp-json\/wp\/v2\/categories?post=16949"},{"taxonomy":"post_tag","embeddable":true,"href":"https:\/\/lasentinelle.dz\/index.php\/wp-json\/wp\/v2\/tags?post=16949"}],"curies":[{"name":"wp","href":"https:\/\/api.w.org\/{rel}","templated":true}]}}