{"id":16952,"date":"2022-02-14T00:01:00","date_gmt":"2022-02-13T23:01:00","guid":{"rendered":"https:\/\/lasentinelle.dz\/?p=16952"},"modified":"2022-02-13T19:54:30","modified_gmt":"2022-02-13T18:54:30","slug":"ils-sopposent-a-la-mercantilisation-de-leur-profession-greve-cyclique-des-pharmaciens-des-le-28-fevrier","status":"publish","type":"post","link":"https:\/\/lasentinelle.dz\/index.php\/2022\/02\/14\/ils-sopposent-a-la-mercantilisation-de-leur-profession-greve-cyclique-des-pharmaciens-des-le-28-fevrier\/","title":{"rendered":"Ils s\u2019opposent \u00e0 la\u00a0mercantilisation\u00a0de leur profession\u00a0:\u00a0Gr\u00e8ve cyclique\u00a0des pharmaciens\u00a0d\u00e8s le 28 f\u00e9vrier\u00a0"},"content":{"rendered":"\n<p>Les derniers propos du&nbsp;ministre de la Sant\u00e9&nbsp;concernant la profession de pharmacien ont&nbsp;provoqu\u00e9 l\u2019ire de ces derniers qui ont brandi d\u00e8s hier la menace de recourir \u00e0 une gr\u00e8ve cyclique nationale \u00e0 partir du 28 f\u00e9vrier prochain.<\/p>\n\n\n\n<p>Le&nbsp;Syndicat national des pharmaciens d\u2019officines (SNAPO) a, dans un communiqu\u00e9 rendu public&nbsp;hier, fustig\u00e9 les propos tenus par le ministre de la Sant\u00e9, Abderrahmane Benbouzid face aux d\u00e9put\u00e9s, reprochant \u00e0 ce membre du gouvernement de \u00ab ne pas avoir associ\u00e9 les pharmaciens dans aucune action visant \u00e0 la r\u00e9vision probable des lois r\u00e9gissant les pharmacies d\u2019officines \u00bb.<\/p>\n\n\n\n<p>Les membres de cette organisation syndicale rappellent que \u00ab n\u2019importe quelle fonction li\u00e9e \u00e0 la sant\u00e9 ne doit pas \u00eatre soumise au principe de la libre concurrence bas\u00e9e sur des crit\u00e8res commerciaux et de profits \u00bb, ce qui risque&nbsp;&nbsp;selon&nbsp;le syndicat \u00ab d\u2019exposer la s\u00e9curit\u00e9 sanitaire \u00e0 des risques et mena\u00e7ant l\u2019avenir de la profession qui demeure avant tout soumise \u00e0 des bases de moralit\u00e9 et de d\u00e9ontologie en ad\u00e9quation aux besoins de la sant\u00e9 publique \u00bb.<\/p>\n\n\n\n<p>Le SNAPO indique que \u00ab le Conseil national de la haute instance du SNAPO, dans sa session extraordinaire a octroy\u00e9 d\u2019enti\u00e8res&nbsp;&nbsp;pr\u00e9rogatives au bureau national d\u2019adopter n\u2019importe quelle d\u00e9cision et d\u2019entreprendre n\u2019importe quelle action pour pr\u00e9server le m\u00e9tier \u00bb. Il annonce de ce fait l\u2019organisation d\u2019une gr\u00e8ve cyclique \u00e0 l\u2019\u00e9chelle&nbsp;&nbsp;nationale \u00e0 partir du 28 f\u00e9vrier prochain avec la tenue d\u2019une conf\u00e9rence de presse pr\u00e9vue pour le 16 du m\u00eame mois et qui aura lieu au niveau du bureau national du SNAPO.<\/p>\n\n\n\n<p><strong>Boubekeur Amrani<\/strong><\/p>\n","protected":false},"excerpt":{"rendered":"<p>Les derniers propos du&nbsp;ministre de la Sant\u00e9&nbsp;concernant la profession de pharmacien ont&nbsp;provoqu\u00e9 l\u2019ire de ces derniers qui ont brandi d\u00e8s<\/p>\n","protected":false},"author":3,"featured_media":16958,"comment_status":"open","ping_status":"closed","sticky":false,"template":"","format":"standard","meta":{"colormag_page_container_layout":"default_layout","colormag_page_sidebar_layout":"default_layout","om_disable_all_campaigns":false,"_monsterinsights_skip_tracking":false,"_monsterinsights_sitenote_active":false,"_monsterinsights_sitenote_note":"","_monsterinsights_sitenote_category":0,"footnotes":"","_wpscppro_dont_share_socialmedia":false,"_wpscppro_custom_social_share_image":0,"_facebook_share_type":"","_twitter_share_type":"","_linkedin_share_type":"","_pinterest_share_type":"","_linkedin_share_type_page":"","_instagram_share_type":"","_medium_share_type":"","_threads_share_type":"","_google_business_share_type":"","_selected_social_profile":[],"_wpsp_enable_custom_social_template":false,"_wpsp_social_scheduling":{"enabled":false,"datetime":null,"platforms":[],"status":"template_only","dateOption":"today","timeOption":"now","customDays":"","customHours":"","customDate":"","customTime":"","schedulingType":"absolute"},"_wpsp_active_default_template":true},"categories":[27],"tags":[],"class_list":["post-16952","post","type-post","status-publish","format-standard","has-post-thumbnail","hentry","category-actualite"],"aioseo_notices":[],"yoast_head":"<!-- This site is optimized with the Yoast SEO plugin v27.5 - https:\/\/yoast.com\/product\/yoast-seo-wordpress\/ -->\n<title>Ils s\u2019opposent \u00e0 la\u00a0mercantilisation\u00a0de leur profession\u00a0:\u00a0Gr\u00e8ve cyclique\u00a0des pharmaciens\u00a0d\u00e8s le 28 f\u00e9vrier\u00a0 - La Sentinelle<\/title>\n<meta name=\"robots\" content=\"index, follow, max-snippet:-1, max-image-preview:large, max-video-preview:-1\" \/>\n<link rel=\"canonical\" href=\"https:\/\/lasentinelle.dz\/index.php\/2022\/02\/14\/ils-sopposent-a-la-mercantilisation-de-leur-profession-greve-cyclique-des-pharmaciens-des-le-28-fevrier\/\" \/>\n<meta property=\"og:locale\" content=\"fr_FR\" \/>\n<meta property=\"og:type\" content=\"article\" \/>\n<meta property=\"og:title\" content=\"Ils s\u2019opposent \u00e0 la\u00a0mercantilisation\u00a0de leur profession\u00a0:\u00a0Gr\u00e8ve cyclique\u00a0des pharmaciens\u00a0d\u00e8s le 28 f\u00e9vrier\u00a0 - La Sentinelle\" \/>\n<meta property=\"og:description\" content=\"Les derniers propos du&nbsp;ministre de la Sant\u00e9&nbsp;concernant la profession de pharmacien ont&nbsp;provoqu\u00e9 l\u2019ire de ces derniers qui ont brandi d\u00e8s\" \/>\n<meta property=\"og:url\" content=\"https:\/\/lasentinelle.dz\/index.php\/2022\/02\/14\/ils-sopposent-a-la-mercantilisation-de-leur-profession-greve-cyclique-des-pharmaciens-des-le-28-fevrier\/\" \/>\n<meta property=\"og:site_name\" content=\"La Sentinelle\" \/>\n<meta property=\"article:publisher\" content=\"https:\/\/www.facebook.com\/La-Sentinelle-104059864394773\" \/>\n<meta property=\"article:published_time\" content=\"2022-02-13T23:01:00+00:00\" \/>\n<meta property=\"og:image\" content=\"https:\/\/lasentinelle.dz\/wp-content\/uploads\/2022\/02\/medecins-en-greve-780x470-1.jpg\" \/>\n\t<meta property=\"og:image:width\" content=\"780\" \/>\n\t<meta property=\"og:image:height\" content=\"470\" \/>\n\t<meta property=\"og:image:type\" content=\"image\/jpeg\" \/>\n<meta name=\"author\" content=\"La Sentinelle\" \/>\n<meta name=\"twitter:card\" content=\"summary_large_image\" \/>\n<meta name=\"twitter:label1\" content=\"\u00c9crit par\" \/>\n\t<meta name=\"twitter:data1\" content=\"La Sentinelle\" \/>\n\t<meta name=\"twitter:label2\" content=\"Dur\u00e9e de lecture estim\u00e9e\" \/>\n\t<meta name=\"twitter:data2\" content=\"2 minutes\" \/>\n<script type=\"application\/ld+json\" class=\"yoast-schema-graph\">{\"@context\":\"https:\\\/\\\/schema.org\",\"@graph\":[{\"@type\":\"Article\",\"@id\":\"https:\\\/\\\/lasentinelle.dz\\\/index.php\\\/2022\\\/02\\\/14\\\/ils-sopposent-a-la-mercantilisation-de-leur-profession-greve-cyclique-des-pharmaciens-des-le-28-fevrier\\\/#article\",\"isPartOf\":{\"@id\":\"https:\\\/\\\/lasentinelle.dz\\\/index.php\\\/2022\\\/02\\\/14\\\/ils-sopposent-a-la-mercantilisation-de-leur-profession-greve-cyclique-des-pharmaciens-des-le-28-fevrier\\\/\"},\"author\":{\"name\":\"La Sentinelle\",\"@id\":\"https:\\\/\\\/lasentinelle.dz\\\/#\\\/schema\\\/person\\\/d865044e22e70a75174ce8bcad3acfb3\"},\"headline\":\"Ils s\u2019opposent \u00e0 la\u00a0mercantilisation\u00a0de leur profession\u00a0:\u00a0Gr\u00e8ve cyclique\u00a0des pharmaciens\u00a0d\u00e8s le 28 f\u00e9vrier\u00a0\",\"datePublished\":\"2022-02-13T23:01:00+00:00\",\"mainEntityOfPage\":{\"@id\":\"https:\\\/\\\/lasentinelle.dz\\\/index.php\\\/2022\\\/02\\\/14\\\/ils-sopposent-a-la-mercantilisation-de-leur-profession-greve-cyclique-des-pharmaciens-des-le-28-fevrier\\\/\"},\"wordCount\":308,\"commentCount\":0,\"publisher\":{\"@id\":\"https:\\\/\\\/lasentinelle.dz\\\/#organization\"},\"image\":{\"@id\":\"https:\\\/\\\/lasentinelle.dz\\\/index.php\\\/2022\\\/02\\\/14\\\/ils-sopposent-a-la-mercantilisation-de-leur-profession-greve-cyclique-des-pharmaciens-des-le-28-fevrier\\\/#primaryimage\"},\"thumbnailUrl\":\"https:\\\/\\\/lasentinelle.dz\\\/wp-content\\\/uploads\\\/2022\\\/02\\\/medecins-en-greve-780x470-1.jpg\",\"articleSection\":[\"Actualit\u00e9\"],\"inLanguage\":\"fr-FR\",\"potentialAction\":[{\"@type\":\"CommentAction\",\"name\":\"Comment\",\"target\":[\"https:\\\/\\\/lasentinelle.dz\\\/index.php\\\/2022\\\/02\\\/14\\\/ils-sopposent-a-la-mercantilisation-de-leur-profession-greve-cyclique-des-pharmaciens-des-le-28-fevrier\\\/#respond\"]}]},{\"@type\":\"WebPage\",\"@id\":\"https:\\\/\\\/lasentinelle.dz\\\/index.php\\\/2022\\\/02\\\/14\\\/ils-sopposent-a-la-mercantilisation-de-leur-profession-greve-cyclique-des-pharmaciens-des-le-28-fevrier\\\/\",\"url\":\"https:\\\/\\\/lasentinelle.dz\\\/index.php\\\/2022\\\/02\\\/14\\\/ils-sopposent-a-la-mercantilisation-de-leur-profession-greve-cyclique-des-pharmaciens-des-le-28-fevrier\\\/\",\"name\":\"Ils s\u2019opposent \u00e0 la\u00a0mercantilisation\u00a0de leur profession\u00a0:\u00a0Gr\u00e8ve cyclique\u00a0des pharmaciens\u00a0d\u00e8s le 28 f\u00e9vrier\u00a0 - La Sentinelle\",\"isPartOf\":{\"@id\":\"https:\\\/\\\/lasentinelle.dz\\\/#website\"},\"primaryImageOfPage\":{\"@id\":\"https:\\\/\\\/lasentinelle.dz\\\/index.php\\\/2022\\\/02\\\/14\\\/ils-sopposent-a-la-mercantilisation-de-leur-profession-greve-cyclique-des-pharmaciens-des-le-28-fevrier\\\/#primaryimage\"},\"image\":{\"@id\":\"https:\\\/\\\/lasentinelle.dz\\\/index.php\\\/2022\\\/02\\\/14\\\/ils-sopposent-a-la-mercantilisation-de-leur-profession-greve-cyclique-des-pharmaciens-des-le-28-fevrier\\\/#primaryimage\"},\"thumbnailUrl\":\"https:\\\/\\\/lasentinelle.dz\\\/wp-content\\\/uploads\\\/2022\\\/02\\\/medecins-en-greve-780x470-1.jpg\",\"datePublished\":\"2022-02-13T23:01:00+00:00\",\"breadcrumb\":{\"@id\":\"https:\\\/\\\/lasentinelle.dz\\\/index.php\\\/2022\\\/02\\\/14\\\/ils-sopposent-a-la-mercantilisation-de-leur-profession-greve-cyclique-des-pharmaciens-des-le-28-fevrier\\\/#breadcrumb\"},\"inLanguage\":\"fr-FR\",\"potentialAction\":[{\"@type\":\"ReadAction\",\"target\":[\"https:\\\/\\\/lasentinelle.dz\\\/index.php\\\/2022\\\/02\\\/14\\\/ils-sopposent-a-la-mercantilisation-de-leur-profession-greve-cyclique-des-pharmaciens-des-le-28-fevrier\\\/\"]}]},{\"@type\":\"ImageObject\",\"inLanguage\":\"fr-FR\",\"@id\":\"https:\\\/\\\/lasentinelle.dz\\\/index.php\\\/2022\\\/02\\\/14\\\/ils-sopposent-a-la-mercantilisation-de-leur-profession-greve-cyclique-des-pharmaciens-des-le-28-fevrier\\\/#primaryimage\",\"url\":\"https:\\\/\\\/lasentinelle.dz\\\/wp-content\\\/uploads\\\/2022\\\/02\\\/medecins-en-greve-780x470-1.jpg\",\"contentUrl\":\"https:\\\/\\\/lasentinelle.dz\\\/wp-content\\\/uploads\\\/2022\\\/02\\\/medecins-en-greve-780x470-1.jpg\",\"width\":780,\"height\":470},{\"@type\":\"BreadcrumbList\",\"@id\":\"https:\\\/\\\/lasentinelle.dz\\\/index.php\\\/2022\\\/02\\\/14\\\/ils-sopposent-a-la-mercantilisation-de-leur-profession-greve-cyclique-des-pharmaciens-des-le-28-fevrier\\\/#breadcrumb\",\"itemListElement\":[{\"@type\":\"ListItem\",\"position\":1,\"name\":\"Accueil\",\"item\":\"https:\\\/\\\/lasentinelle.dz\\\/\"},{\"@type\":\"ListItem\",\"position\":2,\"name\":\"Ils s\u2019opposent \u00e0 la\u00a0mercantilisation\u00a0de leur profession\u00a0:\u00a0Gr\u00e8ve cyclique\u00a0des pharmaciens\u00a0d\u00e8s le 28 f\u00e9vrier\u00a0\"}]},{\"@type\":\"WebSite\",\"@id\":\"https:\\\/\\\/lasentinelle.dz\\\/#website\",\"url\":\"https:\\\/\\\/lasentinelle.dz\\\/\",\"name\":\"La Sentinelle\",\"description\":\"Quotidien national d&#039;information\",\"publisher\":{\"@id\":\"https:\\\/\\\/lasentinelle.dz\\\/#organization\"},\"potentialAction\":[{\"@type\":\"SearchAction\",\"target\":{\"@type\":\"EntryPoint\",\"urlTemplate\":\"https:\\\/\\\/lasentinelle.dz\\\/?s={search_term_string}\"},\"query-input\":{\"@type\":\"PropertyValueSpecification\",\"valueRequired\":true,\"valueName\":\"search_term_string\"}}],\"inLanguage\":\"fr-FR\"},{\"@type\":\"Organization\",\"@id\":\"https:\\\/\\\/lasentinelle.dz\\\/#organization\",\"name\":\"Quotidien La Sentinelle\",\"url\":\"https:\\\/\\\/lasentinelle.dz\\\/\",\"logo\":{\"@type\":\"ImageObject\",\"inLanguage\":\"fr-FR\",\"@id\":\"https:\\\/\\\/lasentinelle.dz\\\/#\\\/schema\\\/logo\\\/image\\\/\",\"url\":\"https:\\\/\\\/lasentinelle.dz\\\/wp-content\\\/uploads\\\/2021\\\/09\\\/logo-sentinelleSLOGAN-1.png\",\"contentUrl\":\"https:\\\/\\\/lasentinelle.dz\\\/wp-content\\\/uploads\\\/2021\\\/09\\\/logo-sentinelleSLOGAN-1.png\",\"width\":615,\"height\":142,\"caption\":\"Quotidien La Sentinelle\"},\"image\":{\"@id\":\"https:\\\/\\\/lasentinelle.dz\\\/#\\\/schema\\\/logo\\\/image\\\/\"},\"sameAs\":[\"https:\\\/\\\/www.facebook.com\\\/La-Sentinelle-104059864394773\"]},{\"@type\":\"Person\",\"@id\":\"https:\\\/\\\/lasentinelle.dz\\\/#\\\/schema\\\/person\\\/d865044e22e70a75174ce8bcad3acfb3\",\"name\":\"La Sentinelle\",\"image\":{\"@type\":\"ImageObject\",\"inLanguage\":\"fr-FR\",\"@id\":\"https:\\\/\\\/secure.gravatar.com\\\/avatar\\\/57de8e5d4b15d43fb361a71fbb36338450fe67865b528a43dd10ef7c51a20392?s=96&d=mm&r=g\",\"url\":\"https:\\\/\\\/secure.gravatar.com\\\/avatar\\\/57de8e5d4b15d43fb361a71fbb36338450fe67865b528a43dd10ef7c51a20392?s=96&d=mm&r=g\",\"contentUrl\":\"https:\\\/\\\/secure.gravatar.com\\\/avatar\\\/57de8e5d4b15d43fb361a71fbb36338450fe67865b528a43dd10ef7c51a20392?s=96&d=mm&r=g\",\"caption\":\"La Sentinelle\"},\"sameAs\":[\"http:\\\/\\\/www.lasentinelle.dz\"],\"url\":\"https:\\\/\\\/lasentinelle.dz\\\/author\\\/redaction\\\/\"}]}<\/script>\n<!-- \/ Yoast SEO plugin. -->","yoast_head_json":{"title":"Ils s\u2019opposent \u00e0 la\u00a0mercantilisation\u00a0de leur profession\u00a0:\u00a0Gr\u00e8ve cyclique\u00a0des pharmaciens\u00a0d\u00e8s le 28 f\u00e9vrier\u00a0 - La Sentinelle","robots":{"index":"index","follow":"follow","max-snippet":"max-snippet:-1","max-image-preview":"max-image-preview:large","max-video-preview":"max-video-preview:-1"},"canonical":"https:\/\/lasentinelle.dz\/index.php\/2022\/02\/14\/ils-sopposent-a-la-mercantilisation-de-leur-profession-greve-cyclique-des-pharmaciens-des-le-28-fevrier\/","og_locale":"fr_FR","og_type":"article","og_title":"Ils s\u2019opposent \u00e0 la\u00a0mercantilisation\u00a0de leur profession\u00a0:\u00a0Gr\u00e8ve cyclique\u00a0des pharmaciens\u00a0d\u00e8s le 28 f\u00e9vrier\u00a0 - La Sentinelle","og_description":"Les derniers propos du&nbsp;ministre de la Sant\u00e9&nbsp;concernant la profession de pharmacien ont&nbsp;provoqu\u00e9 l\u2019ire de ces derniers qui ont brandi d\u00e8s","og_url":"https:\/\/lasentinelle.dz\/index.php\/2022\/02\/14\/ils-sopposent-a-la-mercantilisation-de-leur-profession-greve-cyclique-des-pharmaciens-des-le-28-fevrier\/","og_site_name":"La Sentinelle","article_publisher":"https:\/\/www.facebook.com\/La-Sentinelle-104059864394773","article_published_time":"2022-02-13T23:01:00+00:00","og_image":[{"width":780,"height":470,"url":"https:\/\/lasentinelle.dz\/wp-content\/uploads\/2022\/02\/medecins-en-greve-780x470-1.jpg","type":"image\/jpeg"}],"author":"La Sentinelle","twitter_card":"summary_large_image","twitter_misc":{"\u00c9crit par":"La Sentinelle","Dur\u00e9e de lecture estim\u00e9e":"2 minutes"},"schema":{"@context":"https:\/\/schema.org","@graph":[{"@type":"Article","@id":"https:\/\/lasentinelle.dz\/index.php\/2022\/02\/14\/ils-sopposent-a-la-mercantilisation-de-leur-profession-greve-cyclique-des-pharmaciens-des-le-28-fevrier\/#article","isPartOf":{"@id":"https:\/\/lasentinelle.dz\/index.php\/2022\/02\/14\/ils-sopposent-a-la-mercantilisation-de-leur-profession-greve-cyclique-des-pharmaciens-des-le-28-fevrier\/"},"author":{"name":"La Sentinelle","@id":"https:\/\/lasentinelle.dz\/#\/schema\/person\/d865044e22e70a75174ce8bcad3acfb3"},"headline":"Ils s\u2019opposent \u00e0 la\u00a0mercantilisation\u00a0de leur profession\u00a0:\u00a0Gr\u00e8ve cyclique\u00a0des pharmaciens\u00a0d\u00e8s le 28 f\u00e9vrier\u00a0","datePublished":"2022-02-13T23:01:00+00:00","mainEntityOfPage":{"@id":"https:\/\/lasentinelle.dz\/index.php\/2022\/02\/14\/ils-sopposent-a-la-mercantilisation-de-leur-profession-greve-cyclique-des-pharmaciens-des-le-28-fevrier\/"},"wordCount":308,"commentCount":0,"publisher":{"@id":"https:\/\/lasentinelle.dz\/#organization"},"image":{"@id":"https:\/\/lasentinelle.dz\/index.php\/2022\/02\/14\/ils-sopposent-a-la-mercantilisation-de-leur-profession-greve-cyclique-des-pharmaciens-des-le-28-fevrier\/#primaryimage"},"thumbnailUrl":"https:\/\/lasentinelle.dz\/wp-content\/uploads\/2022\/02\/medecins-en-greve-780x470-1.jpg","articleSection":["Actualit\u00e9"],"inLanguage":"fr-FR","potentialAction":[{"@type":"CommentAction","name":"Comment","target":["https:\/\/lasentinelle.dz\/index.php\/2022\/02\/14\/ils-sopposent-a-la-mercantilisation-de-leur-profession-greve-cyclique-des-pharmaciens-des-le-28-fevrier\/#respond"]}]},{"@type":"WebPage","@id":"https:\/\/lasentinelle.dz\/index.php\/2022\/02\/14\/ils-sopposent-a-la-mercantilisation-de-leur-profession-greve-cyclique-des-pharmaciens-des-le-28-fevrier\/","url":"https:\/\/lasentinelle.dz\/index.php\/2022\/02\/14\/ils-sopposent-a-la-mercantilisation-de-leur-profession-greve-cyclique-des-pharmaciens-des-le-28-fevrier\/","name":"Ils s\u2019opposent \u00e0 la\u00a0mercantilisation\u00a0de leur profession\u00a0:\u00a0Gr\u00e8ve cyclique\u00a0des pharmaciens\u00a0d\u00e8s le 28 f\u00e9vrier\u00a0 - La Sentinelle","isPartOf":{"@id":"https:\/\/lasentinelle.dz\/#website"},"primaryImageOfPage":{"@id":"https:\/\/lasentinelle.dz\/index.php\/2022\/02\/14\/ils-sopposent-a-la-mercantilisation-de-leur-profession-greve-cyclique-des-pharmaciens-des-le-28-fevrier\/#primaryimage"},"image":{"@id":"https:\/\/lasentinelle.dz\/index.php\/2022\/02\/14\/ils-sopposent-a-la-mercantilisation-de-leur-profession-greve-cyclique-des-pharmaciens-des-le-28-fevrier\/#primaryimage"},"thumbnailUrl":"https:\/\/lasentinelle.dz\/wp-content\/uploads\/2022\/02\/medecins-en-greve-780x470-1.jpg","datePublished":"2022-02-13T23:01:00+00:00","breadcrumb":{"@id":"https:\/\/lasentinelle.dz\/index.php\/2022\/02\/14\/ils-sopposent-a-la-mercantilisation-de-leur-profession-greve-cyclique-des-pharmaciens-des-le-28-fevrier\/#breadcrumb"},"inLanguage":"fr-FR","potentialAction":[{"@type":"ReadAction","target":["https:\/\/lasentinelle.dz\/index.php\/2022\/02\/14\/ils-sopposent-a-la-mercantilisation-de-leur-profession-greve-cyclique-des-pharmaciens-des-le-28-fevrier\/"]}]},{"@type":"ImageObject","inLanguage":"fr-FR","@id":"https:\/\/lasentinelle.dz\/index.php\/2022\/02\/14\/ils-sopposent-a-la-mercantilisation-de-leur-profession-greve-cyclique-des-pharmaciens-des-le-28-fevrier\/#primaryimage","url":"https:\/\/lasentinelle.dz\/wp-content\/uploads\/2022\/02\/medecins-en-greve-780x470-1.jpg","contentUrl":"https:\/\/lasentinelle.dz\/wp-content\/uploads\/2022\/02\/medecins-en-greve-780x470-1.jpg","width":780,"height":470},{"@type":"BreadcrumbList","@id":"https:\/\/lasentinelle.dz\/index.php\/2022\/02\/14\/ils-sopposent-a-la-mercantilisation-de-leur-profession-greve-cyclique-des-pharmaciens-des-le-28-fevrier\/#breadcrumb","itemListElement":[{"@type":"ListItem","position":1,"name":"Accueil","item":"https:\/\/lasentinelle.dz\/"},{"@type":"ListItem","position":2,"name":"Ils s\u2019opposent \u00e0 la\u00a0mercantilisation\u00a0de leur profession\u00a0:\u00a0Gr\u00e8ve cyclique\u00a0des pharmaciens\u00a0d\u00e8s le 28 f\u00e9vrier\u00a0"}]},{"@type":"WebSite","@id":"https:\/\/lasentinelle.dz\/#website","url":"https:\/\/lasentinelle.dz\/","name":"La Sentinelle","description":"Quotidien national d&#039;information","publisher":{"@id":"https:\/\/lasentinelle.dz\/#organization"},"potentialAction":[{"@type":"SearchAction","target":{"@type":"EntryPoint","urlTemplate":"https:\/\/lasentinelle.dz\/?s={search_term_string}"},"query-input":{"@type":"PropertyValueSpecification","valueRequired":true,"valueName":"search_term_string"}}],"inLanguage":"fr-FR"},{"@type":"Organization","@id":"https:\/\/lasentinelle.dz\/#organization","name":"Quotidien La Sentinelle","url":"https:\/\/lasentinelle.dz\/","logo":{"@type":"ImageObject","inLanguage":"fr-FR","@id":"https:\/\/lasentinelle.dz\/#\/schema\/logo\/image\/","url":"https:\/\/lasentinelle.dz\/wp-content\/uploads\/2021\/09\/logo-sentinelleSLOGAN-1.png","contentUrl":"https:\/\/lasentinelle.dz\/wp-content\/uploads\/2021\/09\/logo-sentinelleSLOGAN-1.png","width":615,"height":142,"caption":"Quotidien La Sentinelle"},"image":{"@id":"https:\/\/lasentinelle.dz\/#\/schema\/logo\/image\/"},"sameAs":["https:\/\/www.facebook.com\/La-Sentinelle-104059864394773"]},{"@type":"Person","@id":"https:\/\/lasentinelle.dz\/#\/schema\/person\/d865044e22e70a75174ce8bcad3acfb3","name":"La Sentinelle","image":{"@type":"ImageObject","inLanguage":"fr-FR","@id":"https:\/\/secure.gravatar.com\/avatar\/57de8e5d4b15d43fb361a71fbb36338450fe67865b528a43dd10ef7c51a20392?s=96&d=mm&r=g","url":"https:\/\/secure.gravatar.com\/avatar\/57de8e5d4b15d43fb361a71fbb36338450fe67865b528a43dd10ef7c51a20392?s=96&d=mm&r=g","contentUrl":"https:\/\/secure.gravatar.com\/avatar\/57de8e5d4b15d43fb361a71fbb36338450fe67865b528a43dd10ef7c51a20392?s=96&d=mm&r=g","caption":"La Sentinelle"},"sameAs":["http:\/\/www.lasentinelle.dz"],"url":"https:\/\/lasentinelle.dz\/author\/redaction\/"}]}},"_links":{"self":[{"href":"https:\/\/lasentinelle.dz\/index.php\/wp-json\/wp\/v2\/posts\/16952","targetHints":{"allow":["GET"]}}],"collection":[{"href":"https:\/\/lasentinelle.dz\/index.php\/wp-json\/wp\/v2\/posts"}],"about":[{"href":"https:\/\/lasentinelle.dz\/index.php\/wp-json\/wp\/v2\/types\/post"}],"author":[{"embeddable":true,"href":"https:\/\/lasentinelle.dz\/index.php\/wp-json\/wp\/v2\/users\/3"}],"replies":[{"embeddable":true,"href":"https:\/\/lasentinelle.dz\/index.php\/wp-json\/wp\/v2\/comments?post=16952"}],"version-history":[{"count":1,"href":"https:\/\/lasentinelle.dz\/index.php\/wp-json\/wp\/v2\/posts\/16952\/revisions"}],"predecessor-version":[{"id":16959,"href":"https:\/\/lasentinelle.dz\/index.php\/wp-json\/wp\/v2\/posts\/16952\/revisions\/16959"}],"wp:featuredmedia":[{"embeddable":true,"href":"https:\/\/lasentinelle.dz\/index.php\/wp-json\/wp\/v2\/media\/16958"}],"wp:attachment":[{"href":"https:\/\/lasentinelle.dz\/index.php\/wp-json\/wp\/v2\/media?parent=16952"}],"wp:term":[{"taxonomy":"category","embeddable":true,"href":"https:\/\/lasentinelle.dz\/index.php\/wp-json\/wp\/v2\/categories?post=16952"},{"taxonomy":"post_tag","embeddable":true,"href":"https:\/\/lasentinelle.dz\/index.php\/wp-json\/wp\/v2\/tags?post=16952"}],"curies":[{"name":"wp","href":"https:\/\/api.w.org\/{rel}","templated":true}]}}