{"id":16986,"date":"2022-02-15T00:01:00","date_gmt":"2022-02-14T23:01:00","guid":{"rendered":"https:\/\/lasentinelle.dz\/?p=16986"},"modified":"2022-02-14T18:53:14","modified_gmt":"2022-02-14T17:53:14","slug":"a-la-veille-de-la-journee-internationale-du-cancer-des-enfants-des-specialistes-appellent-a-la-creation-de-centres-regionaux-specialises","status":"publish","type":"post","link":"https:\/\/lasentinelle.dz\/index.php\/2022\/02\/15\/a-la-veille-de-la-journee-internationale-du-cancer-des-enfants-des-specialistes-appellent-a-la-creation-de-centres-regionaux-specialises\/","title":{"rendered":"\u00c0\u00a0la veille de la journ\u00e9e internationale du cancer des enfants\u00a0:\u00a0Des sp\u00e9cialistes appellent\u00a0\u00e0 la cr\u00e9ation de centres r\u00e9gionaux sp\u00e9cialis\u00e9s"},"content":{"rendered":"\n<p>Afin d\u2019am\u00e9liorer la prise&nbsp;en charge&nbsp;des enfants canc\u00e9reux, au moment o\u00f9&nbsp;les grands h\u00f4pitaux&nbsp;ne sont plus en mesure de satisfaire la demande croissante, il est imp\u00e9rieux de cr\u00e9er des centres r\u00e9gionaux sp\u00e9cialis\u00e9s dans la prise en charge du cancer de l&rsquo;enfant \u00e0 travers le pays, a recommand\u00e9 hier&nbsp;&nbsp;le chef de service Oncologie p\u00e9diatrique \u00e0 l&rsquo;Etablissement hospitalier universitaire (EHU) Hassani Issaad, Pr Nabila Bouterfas. Celle-ci a expliqu\u00e9 dans un entretien \u00e0 l\u2019APS&nbsp;qu&rsquo;\u00ab&nbsp;il est devenu extr\u00eamement difficile de prendre en charge cette cat\u00e9gorie dans les grands \u00e9tablissements hospitaliers face au nombre croissant des malades, notamment en raison du manque de lits&nbsp;\u00bb.<\/p>\n\n\n\n<p>S&rsquo;exprimant la veille de la Journ\u00e9e internationale du cancer p\u00e9diatrique c\u00e9l\u00e9br\u00e9e le 15 f\u00e9vrier de chaque ann\u00e9e, Pr Bouterfas a \u00e9galement mis l&rsquo;accent sur&nbsp;&nbsp;la cr\u00e9ation de \u00ab\u00a0centres r\u00e9gionaux sp\u00e9cialis\u00e9s\u00a0\u00bb, le fait que les wilayas du sud sont parmi \u00ab\u00a0les r\u00e9gions les plus d\u00e9savantag\u00e9es en mati\u00e8re de prise en charge des enfants canc\u00e9reux\u00a0\u00bb. Une situation due, selon elle, \u00e0 l&rsquo;absence d&rsquo;\u00e9tablissements hospitaliers de proximit\u00e9 d\u00e9di\u00e9s \u00e0 ce volet. Pr Bouterfas a par ailleurs d\u00e9plor\u00e9 que les centres anti-cancer (CAC) r\u00e9partis \u00e0 travers le pays \u00ab\u00a0ne disposent pas de services \u00e9quip\u00e9s pour la prise en charge du cancer p\u00e9diatrique notamment en mati\u00e8re de chirurgie, de chimioth\u00e9rapie et de radioth\u00e9rapie outre l&rsquo;absence d&rsquo;un service de greffe de la moelle osseuse pour les enfants qui souffrent d&rsquo;une d\u00e9ficience immunitaire et de leuc\u00e9mie. elle citera en exemple les RDV de radioth\u00e9rapie qui sont tr\u00e8s difficiles \u00e0 obtenir entra\u00eenant parfois la perte de b\u00e9n\u00e9fice des traitements re\u00e7us auparavant.<\/p>\n\n\n\n<p>La sp\u00e9cialiste a \u00e9galement fait savoir que l&rsquo;unit\u00e9 d&rsquo;oncologie p\u00e9diatrique \u00e0 l&rsquo;EHS \u00ab\u00a0Pierre et Marie Curie\u00a0\u00bb \u00e0 Alger\u00a0\u00bb ne dispose pas d&rsquo;un nombre suffisant de lits et de fauteuils pour l&rsquo;h\u00f4pital de jour\u00a0\u00bb. des raisons suffisantes, pour elle, pour lancer un \u00ab\u00a0plan national d&rsquo;oncologie p\u00e9diatrique\u00a0\u00bb. Pour sa part,&nbsp;&nbsp;Pr. Fatiha Gachi, cheffe de service oncologie p\u00e9diatrique \u00e0 l&rsquo;EHS PMC, a indiqu\u00e9 qu&rsquo;il y a chaque ann\u00e9e 2000 nouveaux cas de cancers de l&rsquo;enfant dont la leuc\u00e9mie, le lymphome, les tumeurs du cerveau et des os, ainsi que d&rsquo;autres tumeurs b\u00e9nignes, la plupart \u00e9tant gu\u00e9rissables si elles sont diagnostiqu\u00e9es et prises en charge \u00e0 temps.&nbsp;La&nbsp;m\u00eame sp\u00e9cialiste expliquera que la pr\u00e9valence du cancer chez l&rsquo;enfant est&nbsp;principalement due \u00e0 des facteurs g\u00e9n\u00e9tiques, alors que chez l&rsquo;adulte, les&nbsp;&nbsp;facteurs environnementaux et d&rsquo;autres facteurs li\u00e9s \u00e0 l&rsquo;hygi\u00e8ne de vie sont en cause.&nbsp;L&rsquo;Institut national de sant\u00e9 publique (INSP), auteur du Registre national d&rsquo;oncologie p\u00e9diatrique en 2016, dans le cadre du premier plan national de lutte anti-cancer 2015\/2019, a estim\u00e9 la sp\u00e9cialiste&nbsp;&nbsp;a toutefois expliqu\u00e9 que la pand\u00e9mie de Covid-19 a \u00e9t\u00e9 pr\u00e9judiciable aux patients regrettant que leur prise en charge intervienne \u00e0 un stade avanc\u00e9 de la maladie.&nbsp;Enfin, la sp\u00e9cialiste a d\u00e9plor\u00e9 que les malades souffrent fr\u00e9quemment de ruptures m\u00e9dicamenteuses, malgr\u00e9 les efforts d\u00e9ploy\u00e9s par la Pharmacie centrale des h\u00f4pitaux (PCH) estimant que l&rsquo;ouverture prochaine d&rsquo;un service d&rsquo;oncologie p\u00e9diatrique au CHU Lamine Debaghine (Ex-Maillot) va att\u00e9nuer la pression sur les services des structures hospitali\u00e8res en charge de cette pathologie, quand bien m\u00eame les prestations demeurent \u00a0\u00bb insatisfaisantes.&nbsp;<\/p>\n\n\n\n<p><strong>Akli Amor<\/strong><\/p>\n","protected":false},"excerpt":{"rendered":"<p>Afin d\u2019am\u00e9liorer la prise&nbsp;en charge&nbsp;des enfants canc\u00e9reux, au moment o\u00f9&nbsp;les grands h\u00f4pitaux&nbsp;ne sont plus en mesure de satisfaire la demande<\/p>\n","protected":false},"author":3,"featured_media":17014,"comment_status":"open","ping_status":"closed","sticky":false,"template":"","format":"standard","meta":{"colormag_page_container_layout":"default_layout","colormag_page_sidebar_layout":"default_layout","om_disable_all_campaigns":false,"_monsterinsights_skip_tracking":false,"_monsterinsights_sitenote_active":false,"_monsterinsights_sitenote_note":"","_monsterinsights_sitenote_category":0,"footnotes":"","_wpscppro_dont_share_socialmedia":false,"_wpscppro_custom_social_share_image":0,"_facebook_share_type":"","_twitter_share_type":"","_linkedin_share_type":"","_pinterest_share_type":"","_linkedin_share_type_page":"","_instagram_share_type":"","_medium_share_type":"","_threads_share_type":"","_google_business_share_type":"","_selected_social_profile":[],"_wpsp_enable_custom_social_template":false,"_wpsp_social_scheduling":{"enabled":false,"datetime":null,"platforms":[],"status":"template_only","dateOption":"today","timeOption":"now","customDays":"","customHours":"","customDate":"","customTime":"","schedulingType":"absolute"},"_wpsp_active_default_template":true},"categories":[27],"tags":[],"class_list":["post-16986","post","type-post","status-publish","format-standard","has-post-thumbnail","hentry","category-actualite"],"aioseo_notices":[],"yoast_head":"<!-- This site is optimized with the Yoast SEO plugin v27.5 - https:\/\/yoast.com\/product\/yoast-seo-wordpress\/ -->\n<title>\u00c0\u00a0la veille de la journ\u00e9e internationale du cancer des enfants\u00a0:\u00a0Des sp\u00e9cialistes appellent\u00a0\u00e0 la cr\u00e9ation de centres r\u00e9gionaux sp\u00e9cialis\u00e9s - La Sentinelle<\/title>\n<meta name=\"robots\" content=\"index, follow, max-snippet:-1, max-image-preview:large, max-video-preview:-1\" \/>\n<link rel=\"canonical\" href=\"https:\/\/lasentinelle.dz\/index.php\/2022\/02\/15\/a-la-veille-de-la-journee-internationale-du-cancer-des-enfants-des-specialistes-appellent-a-la-creation-de-centres-regionaux-specialises\/\" \/>\n<meta property=\"og:locale\" content=\"fr_FR\" \/>\n<meta property=\"og:type\" content=\"article\" \/>\n<meta property=\"og:title\" content=\"\u00c0\u00a0la veille de la journ\u00e9e internationale du cancer des enfants\u00a0:\u00a0Des sp\u00e9cialistes appellent\u00a0\u00e0 la cr\u00e9ation de centres r\u00e9gionaux sp\u00e9cialis\u00e9s - La Sentinelle\" \/>\n<meta property=\"og:description\" content=\"Afin d\u2019am\u00e9liorer la prise&nbsp;en charge&nbsp;des enfants canc\u00e9reux, au moment o\u00f9&nbsp;les grands h\u00f4pitaux&nbsp;ne sont plus en mesure de satisfaire la demande\" \/>\n<meta property=\"og:url\" content=\"https:\/\/lasentinelle.dz\/index.php\/2022\/02\/15\/a-la-veille-de-la-journee-internationale-du-cancer-des-enfants-des-specialistes-appellent-a-la-creation-de-centres-regionaux-specialises\/\" \/>\n<meta property=\"og:site_name\" content=\"La Sentinelle\" \/>\n<meta property=\"article:publisher\" content=\"https:\/\/www.facebook.com\/La-Sentinelle-104059864394773\" \/>\n<meta property=\"article:published_time\" content=\"2022-02-14T23:01:00+00:00\" \/>\n<meta property=\"og:image\" content=\"https:\/\/lasentinelle.dz\/wp-content\/uploads\/2022\/02\/eca7.png\" \/>\n\t<meta property=\"og:image:width\" content=\"1348\" \/>\n\t<meta property=\"og:image:height\" content=\"900\" \/>\n\t<meta property=\"og:image:type\" content=\"image\/png\" \/>\n<meta name=\"author\" content=\"La Sentinelle\" \/>\n<meta name=\"twitter:card\" content=\"summary_large_image\" \/>\n<meta name=\"twitter:label1\" content=\"\u00c9crit par\" \/>\n\t<meta name=\"twitter:data1\" content=\"La Sentinelle\" \/>\n\t<meta name=\"twitter:label2\" content=\"Dur\u00e9e de lecture estim\u00e9e\" \/>\n\t<meta name=\"twitter:data2\" content=\"3 minutes\" \/>\n<script type=\"application\/ld+json\" class=\"yoast-schema-graph\">{\"@context\":\"https:\\\/\\\/schema.org\",\"@graph\":[{\"@type\":\"Article\",\"@id\":\"https:\\\/\\\/lasentinelle.dz\\\/index.php\\\/2022\\\/02\\\/15\\\/a-la-veille-de-la-journee-internationale-du-cancer-des-enfants-des-specialistes-appellent-a-la-creation-de-centres-regionaux-specialises\\\/#article\",\"isPartOf\":{\"@id\":\"https:\\\/\\\/lasentinelle.dz\\\/index.php\\\/2022\\\/02\\\/15\\\/a-la-veille-de-la-journee-internationale-du-cancer-des-enfants-des-specialistes-appellent-a-la-creation-de-centres-regionaux-specialises\\\/\"},\"author\":{\"name\":\"La Sentinelle\",\"@id\":\"https:\\\/\\\/lasentinelle.dz\\\/#\\\/schema\\\/person\\\/d865044e22e70a75174ce8bcad3acfb3\"},\"headline\":\"\u00c0\u00a0la veille de la journ\u00e9e internationale du cancer des enfants\u00a0:\u00a0Des sp\u00e9cialistes appellent\u00a0\u00e0 la cr\u00e9ation de centres r\u00e9gionaux sp\u00e9cialis\u00e9s\",\"datePublished\":\"2022-02-14T23:01:00+00:00\",\"mainEntityOfPage\":{\"@id\":\"https:\\\/\\\/lasentinelle.dz\\\/index.php\\\/2022\\\/02\\\/15\\\/a-la-veille-de-la-journee-internationale-du-cancer-des-enfants-des-specialistes-appellent-a-la-creation-de-centres-regionaux-specialises\\\/\"},\"wordCount\":650,\"commentCount\":0,\"publisher\":{\"@id\":\"https:\\\/\\\/lasentinelle.dz\\\/#organization\"},\"image\":{\"@id\":\"https:\\\/\\\/lasentinelle.dz\\\/index.php\\\/2022\\\/02\\\/15\\\/a-la-veille-de-la-journee-internationale-du-cancer-des-enfants-des-specialistes-appellent-a-la-creation-de-centres-regionaux-specialises\\\/#primaryimage\"},\"thumbnailUrl\":\"https:\\\/\\\/lasentinelle.dz\\\/wp-content\\\/uploads\\\/2022\\\/02\\\/eca7.png\",\"articleSection\":[\"Actualit\u00e9\"],\"inLanguage\":\"fr-FR\",\"potentialAction\":[{\"@type\":\"CommentAction\",\"name\":\"Comment\",\"target\":[\"https:\\\/\\\/lasentinelle.dz\\\/index.php\\\/2022\\\/02\\\/15\\\/a-la-veille-de-la-journee-internationale-du-cancer-des-enfants-des-specialistes-appellent-a-la-creation-de-centres-regionaux-specialises\\\/#respond\"]}]},{\"@type\":\"WebPage\",\"@id\":\"https:\\\/\\\/lasentinelle.dz\\\/index.php\\\/2022\\\/02\\\/15\\\/a-la-veille-de-la-journee-internationale-du-cancer-des-enfants-des-specialistes-appellent-a-la-creation-de-centres-regionaux-specialises\\\/\",\"url\":\"https:\\\/\\\/lasentinelle.dz\\\/index.php\\\/2022\\\/02\\\/15\\\/a-la-veille-de-la-journee-internationale-du-cancer-des-enfants-des-specialistes-appellent-a-la-creation-de-centres-regionaux-specialises\\\/\",\"name\":\"\u00c0\u00a0la veille de la journ\u00e9e internationale du cancer des enfants\u00a0:\u00a0Des sp\u00e9cialistes appellent\u00a0\u00e0 la cr\u00e9ation de centres r\u00e9gionaux sp\u00e9cialis\u00e9s - La Sentinelle\",\"isPartOf\":{\"@id\":\"https:\\\/\\\/lasentinelle.dz\\\/#website\"},\"primaryImageOfPage\":{\"@id\":\"https:\\\/\\\/lasentinelle.dz\\\/index.php\\\/2022\\\/02\\\/15\\\/a-la-veille-de-la-journee-internationale-du-cancer-des-enfants-des-specialistes-appellent-a-la-creation-de-centres-regionaux-specialises\\\/#primaryimage\"},\"image\":{\"@id\":\"https:\\\/\\\/lasentinelle.dz\\\/index.php\\\/2022\\\/02\\\/15\\\/a-la-veille-de-la-journee-internationale-du-cancer-des-enfants-des-specialistes-appellent-a-la-creation-de-centres-regionaux-specialises\\\/#primaryimage\"},\"thumbnailUrl\":\"https:\\\/\\\/lasentinelle.dz\\\/wp-content\\\/uploads\\\/2022\\\/02\\\/eca7.png\",\"datePublished\":\"2022-02-14T23:01:00+00:00\",\"breadcrumb\":{\"@id\":\"https:\\\/\\\/lasentinelle.dz\\\/index.php\\\/2022\\\/02\\\/15\\\/a-la-veille-de-la-journee-internationale-du-cancer-des-enfants-des-specialistes-appellent-a-la-creation-de-centres-regionaux-specialises\\\/#breadcrumb\"},\"inLanguage\":\"fr-FR\",\"potentialAction\":[{\"@type\":\"ReadAction\",\"target\":[\"https:\\\/\\\/lasentinelle.dz\\\/index.php\\\/2022\\\/02\\\/15\\\/a-la-veille-de-la-journee-internationale-du-cancer-des-enfants-des-specialistes-appellent-a-la-creation-de-centres-regionaux-specialises\\\/\"]}]},{\"@type\":\"ImageObject\",\"inLanguage\":\"fr-FR\",\"@id\":\"https:\\\/\\\/lasentinelle.dz\\\/index.php\\\/2022\\\/02\\\/15\\\/a-la-veille-de-la-journee-internationale-du-cancer-des-enfants-des-specialistes-appellent-a-la-creation-de-centres-regionaux-specialises\\\/#primaryimage\",\"url\":\"https:\\\/\\\/lasentinelle.dz\\\/wp-content\\\/uploads\\\/2022\\\/02\\\/eca7.png\",\"contentUrl\":\"https:\\\/\\\/lasentinelle.dz\\\/wp-content\\\/uploads\\\/2022\\\/02\\\/eca7.png\",\"width\":1348,\"height\":900},{\"@type\":\"BreadcrumbList\",\"@id\":\"https:\\\/\\\/lasentinelle.dz\\\/index.php\\\/2022\\\/02\\\/15\\\/a-la-veille-de-la-journee-internationale-du-cancer-des-enfants-des-specialistes-appellent-a-la-creation-de-centres-regionaux-specialises\\\/#breadcrumb\",\"itemListElement\":[{\"@type\":\"ListItem\",\"position\":1,\"name\":\"Accueil\",\"item\":\"https:\\\/\\\/lasentinelle.dz\\\/\"},{\"@type\":\"ListItem\",\"position\":2,\"name\":\"\u00c0\u00a0la veille de la journ\u00e9e internationale du cancer des enfants\u00a0:\u00a0Des sp\u00e9cialistes appellent\u00a0\u00e0 la cr\u00e9ation de centres r\u00e9gionaux sp\u00e9cialis\u00e9s\"}]},{\"@type\":\"WebSite\",\"@id\":\"https:\\\/\\\/lasentinelle.dz\\\/#website\",\"url\":\"https:\\\/\\\/lasentinelle.dz\\\/\",\"name\":\"La Sentinelle\",\"description\":\"Quotidien national d&#039;information\",\"publisher\":{\"@id\":\"https:\\\/\\\/lasentinelle.dz\\\/#organization\"},\"potentialAction\":[{\"@type\":\"SearchAction\",\"target\":{\"@type\":\"EntryPoint\",\"urlTemplate\":\"https:\\\/\\\/lasentinelle.dz\\\/?s={search_term_string}\"},\"query-input\":{\"@type\":\"PropertyValueSpecification\",\"valueRequired\":true,\"valueName\":\"search_term_string\"}}],\"inLanguage\":\"fr-FR\"},{\"@type\":\"Organization\",\"@id\":\"https:\\\/\\\/lasentinelle.dz\\\/#organization\",\"name\":\"Quotidien La Sentinelle\",\"url\":\"https:\\\/\\\/lasentinelle.dz\\\/\",\"logo\":{\"@type\":\"ImageObject\",\"inLanguage\":\"fr-FR\",\"@id\":\"https:\\\/\\\/lasentinelle.dz\\\/#\\\/schema\\\/logo\\\/image\\\/\",\"url\":\"https:\\\/\\\/lasentinelle.dz\\\/wp-content\\\/uploads\\\/2021\\\/09\\\/logo-sentinelleSLOGAN-1.png\",\"contentUrl\":\"https:\\\/\\\/lasentinelle.dz\\\/wp-content\\\/uploads\\\/2021\\\/09\\\/logo-sentinelleSLOGAN-1.png\",\"width\":615,\"height\":142,\"caption\":\"Quotidien La Sentinelle\"},\"image\":{\"@id\":\"https:\\\/\\\/lasentinelle.dz\\\/#\\\/schema\\\/logo\\\/image\\\/\"},\"sameAs\":[\"https:\\\/\\\/www.facebook.com\\\/La-Sentinelle-104059864394773\"]},{\"@type\":\"Person\",\"@id\":\"https:\\\/\\\/lasentinelle.dz\\\/#\\\/schema\\\/person\\\/d865044e22e70a75174ce8bcad3acfb3\",\"name\":\"La Sentinelle\",\"image\":{\"@type\":\"ImageObject\",\"inLanguage\":\"fr-FR\",\"@id\":\"https:\\\/\\\/secure.gravatar.com\\\/avatar\\\/57de8e5d4b15d43fb361a71fbb36338450fe67865b528a43dd10ef7c51a20392?s=96&d=mm&r=g\",\"url\":\"https:\\\/\\\/secure.gravatar.com\\\/avatar\\\/57de8e5d4b15d43fb361a71fbb36338450fe67865b528a43dd10ef7c51a20392?s=96&d=mm&r=g\",\"contentUrl\":\"https:\\\/\\\/secure.gravatar.com\\\/avatar\\\/57de8e5d4b15d43fb361a71fbb36338450fe67865b528a43dd10ef7c51a20392?s=96&d=mm&r=g\",\"caption\":\"La Sentinelle\"},\"sameAs\":[\"http:\\\/\\\/www.lasentinelle.dz\"],\"url\":\"https:\\\/\\\/lasentinelle.dz\\\/author\\\/redaction\\\/\"}]}<\/script>\n<!-- \/ Yoast SEO plugin. -->","yoast_head_json":{"title":"\u00c0\u00a0la veille de la journ\u00e9e internationale du cancer des enfants\u00a0:\u00a0Des sp\u00e9cialistes appellent\u00a0\u00e0 la cr\u00e9ation de centres r\u00e9gionaux sp\u00e9cialis\u00e9s - La Sentinelle","robots":{"index":"index","follow":"follow","max-snippet":"max-snippet:-1","max-image-preview":"max-image-preview:large","max-video-preview":"max-video-preview:-1"},"canonical":"https:\/\/lasentinelle.dz\/index.php\/2022\/02\/15\/a-la-veille-de-la-journee-internationale-du-cancer-des-enfants-des-specialistes-appellent-a-la-creation-de-centres-regionaux-specialises\/","og_locale":"fr_FR","og_type":"article","og_title":"\u00c0\u00a0la veille de la journ\u00e9e internationale du cancer des enfants\u00a0:\u00a0Des sp\u00e9cialistes appellent\u00a0\u00e0 la cr\u00e9ation de centres r\u00e9gionaux sp\u00e9cialis\u00e9s - La Sentinelle","og_description":"Afin d\u2019am\u00e9liorer la prise&nbsp;en charge&nbsp;des enfants canc\u00e9reux, au moment o\u00f9&nbsp;les grands h\u00f4pitaux&nbsp;ne sont plus en mesure de satisfaire la demande","og_url":"https:\/\/lasentinelle.dz\/index.php\/2022\/02\/15\/a-la-veille-de-la-journee-internationale-du-cancer-des-enfants-des-specialistes-appellent-a-la-creation-de-centres-regionaux-specialises\/","og_site_name":"La Sentinelle","article_publisher":"https:\/\/www.facebook.com\/La-Sentinelle-104059864394773","article_published_time":"2022-02-14T23:01:00+00:00","og_image":[{"width":1348,"height":900,"url":"https:\/\/lasentinelle.dz\/wp-content\/uploads\/2022\/02\/eca7.png","type":"image\/png"}],"author":"La Sentinelle","twitter_card":"summary_large_image","twitter_misc":{"\u00c9crit par":"La Sentinelle","Dur\u00e9e de lecture estim\u00e9e":"3 minutes"},"schema":{"@context":"https:\/\/schema.org","@graph":[{"@type":"Article","@id":"https:\/\/lasentinelle.dz\/index.php\/2022\/02\/15\/a-la-veille-de-la-journee-internationale-du-cancer-des-enfants-des-specialistes-appellent-a-la-creation-de-centres-regionaux-specialises\/#article","isPartOf":{"@id":"https:\/\/lasentinelle.dz\/index.php\/2022\/02\/15\/a-la-veille-de-la-journee-internationale-du-cancer-des-enfants-des-specialistes-appellent-a-la-creation-de-centres-regionaux-specialises\/"},"author":{"name":"La Sentinelle","@id":"https:\/\/lasentinelle.dz\/#\/schema\/person\/d865044e22e70a75174ce8bcad3acfb3"},"headline":"\u00c0\u00a0la veille de la journ\u00e9e internationale du cancer des enfants\u00a0:\u00a0Des sp\u00e9cialistes appellent\u00a0\u00e0 la cr\u00e9ation de centres r\u00e9gionaux sp\u00e9cialis\u00e9s","datePublished":"2022-02-14T23:01:00+00:00","mainEntityOfPage":{"@id":"https:\/\/lasentinelle.dz\/index.php\/2022\/02\/15\/a-la-veille-de-la-journee-internationale-du-cancer-des-enfants-des-specialistes-appellent-a-la-creation-de-centres-regionaux-specialises\/"},"wordCount":650,"commentCount":0,"publisher":{"@id":"https:\/\/lasentinelle.dz\/#organization"},"image":{"@id":"https:\/\/lasentinelle.dz\/index.php\/2022\/02\/15\/a-la-veille-de-la-journee-internationale-du-cancer-des-enfants-des-specialistes-appellent-a-la-creation-de-centres-regionaux-specialises\/#primaryimage"},"thumbnailUrl":"https:\/\/lasentinelle.dz\/wp-content\/uploads\/2022\/02\/eca7.png","articleSection":["Actualit\u00e9"],"inLanguage":"fr-FR","potentialAction":[{"@type":"CommentAction","name":"Comment","target":["https:\/\/lasentinelle.dz\/index.php\/2022\/02\/15\/a-la-veille-de-la-journee-internationale-du-cancer-des-enfants-des-specialistes-appellent-a-la-creation-de-centres-regionaux-specialises\/#respond"]}]},{"@type":"WebPage","@id":"https:\/\/lasentinelle.dz\/index.php\/2022\/02\/15\/a-la-veille-de-la-journee-internationale-du-cancer-des-enfants-des-specialistes-appellent-a-la-creation-de-centres-regionaux-specialises\/","url":"https:\/\/lasentinelle.dz\/index.php\/2022\/02\/15\/a-la-veille-de-la-journee-internationale-du-cancer-des-enfants-des-specialistes-appellent-a-la-creation-de-centres-regionaux-specialises\/","name":"\u00c0\u00a0la veille de la journ\u00e9e internationale du cancer des enfants\u00a0:\u00a0Des sp\u00e9cialistes appellent\u00a0\u00e0 la cr\u00e9ation de centres r\u00e9gionaux sp\u00e9cialis\u00e9s - La Sentinelle","isPartOf":{"@id":"https:\/\/lasentinelle.dz\/#website"},"primaryImageOfPage":{"@id":"https:\/\/lasentinelle.dz\/index.php\/2022\/02\/15\/a-la-veille-de-la-journee-internationale-du-cancer-des-enfants-des-specialistes-appellent-a-la-creation-de-centres-regionaux-specialises\/#primaryimage"},"image":{"@id":"https:\/\/lasentinelle.dz\/index.php\/2022\/02\/15\/a-la-veille-de-la-journee-internationale-du-cancer-des-enfants-des-specialistes-appellent-a-la-creation-de-centres-regionaux-specialises\/#primaryimage"},"thumbnailUrl":"https:\/\/lasentinelle.dz\/wp-content\/uploads\/2022\/02\/eca7.png","datePublished":"2022-02-14T23:01:00+00:00","breadcrumb":{"@id":"https:\/\/lasentinelle.dz\/index.php\/2022\/02\/15\/a-la-veille-de-la-journee-internationale-du-cancer-des-enfants-des-specialistes-appellent-a-la-creation-de-centres-regionaux-specialises\/#breadcrumb"},"inLanguage":"fr-FR","potentialAction":[{"@type":"ReadAction","target":["https:\/\/lasentinelle.dz\/index.php\/2022\/02\/15\/a-la-veille-de-la-journee-internationale-du-cancer-des-enfants-des-specialistes-appellent-a-la-creation-de-centres-regionaux-specialises\/"]}]},{"@type":"ImageObject","inLanguage":"fr-FR","@id":"https:\/\/lasentinelle.dz\/index.php\/2022\/02\/15\/a-la-veille-de-la-journee-internationale-du-cancer-des-enfants-des-specialistes-appellent-a-la-creation-de-centres-regionaux-specialises\/#primaryimage","url":"https:\/\/lasentinelle.dz\/wp-content\/uploads\/2022\/02\/eca7.png","contentUrl":"https:\/\/lasentinelle.dz\/wp-content\/uploads\/2022\/02\/eca7.png","width":1348,"height":900},{"@type":"BreadcrumbList","@id":"https:\/\/lasentinelle.dz\/index.php\/2022\/02\/15\/a-la-veille-de-la-journee-internationale-du-cancer-des-enfants-des-specialistes-appellent-a-la-creation-de-centres-regionaux-specialises\/#breadcrumb","itemListElement":[{"@type":"ListItem","position":1,"name":"Accueil","item":"https:\/\/lasentinelle.dz\/"},{"@type":"ListItem","position":2,"name":"\u00c0\u00a0la veille de la journ\u00e9e internationale du cancer des enfants\u00a0:\u00a0Des sp\u00e9cialistes appellent\u00a0\u00e0 la cr\u00e9ation de centres r\u00e9gionaux sp\u00e9cialis\u00e9s"}]},{"@type":"WebSite","@id":"https:\/\/lasentinelle.dz\/#website","url":"https:\/\/lasentinelle.dz\/","name":"La Sentinelle","description":"Quotidien national d&#039;information","publisher":{"@id":"https:\/\/lasentinelle.dz\/#organization"},"potentialAction":[{"@type":"SearchAction","target":{"@type":"EntryPoint","urlTemplate":"https:\/\/lasentinelle.dz\/?s={search_term_string}"},"query-input":{"@type":"PropertyValueSpecification","valueRequired":true,"valueName":"search_term_string"}}],"inLanguage":"fr-FR"},{"@type":"Organization","@id":"https:\/\/lasentinelle.dz\/#organization","name":"Quotidien La Sentinelle","url":"https:\/\/lasentinelle.dz\/","logo":{"@type":"ImageObject","inLanguage":"fr-FR","@id":"https:\/\/lasentinelle.dz\/#\/schema\/logo\/image\/","url":"https:\/\/lasentinelle.dz\/wp-content\/uploads\/2021\/09\/logo-sentinelleSLOGAN-1.png","contentUrl":"https:\/\/lasentinelle.dz\/wp-content\/uploads\/2021\/09\/logo-sentinelleSLOGAN-1.png","width":615,"height":142,"caption":"Quotidien La Sentinelle"},"image":{"@id":"https:\/\/lasentinelle.dz\/#\/schema\/logo\/image\/"},"sameAs":["https:\/\/www.facebook.com\/La-Sentinelle-104059864394773"]},{"@type":"Person","@id":"https:\/\/lasentinelle.dz\/#\/schema\/person\/d865044e22e70a75174ce8bcad3acfb3","name":"La Sentinelle","image":{"@type":"ImageObject","inLanguage":"fr-FR","@id":"https:\/\/secure.gravatar.com\/avatar\/57de8e5d4b15d43fb361a71fbb36338450fe67865b528a43dd10ef7c51a20392?s=96&d=mm&r=g","url":"https:\/\/secure.gravatar.com\/avatar\/57de8e5d4b15d43fb361a71fbb36338450fe67865b528a43dd10ef7c51a20392?s=96&d=mm&r=g","contentUrl":"https:\/\/secure.gravatar.com\/avatar\/57de8e5d4b15d43fb361a71fbb36338450fe67865b528a43dd10ef7c51a20392?s=96&d=mm&r=g","caption":"La Sentinelle"},"sameAs":["http:\/\/www.lasentinelle.dz"],"url":"https:\/\/lasentinelle.dz\/author\/redaction\/"}]}},"_links":{"self":[{"href":"https:\/\/lasentinelle.dz\/index.php\/wp-json\/wp\/v2\/posts\/16986","targetHints":{"allow":["GET"]}}],"collection":[{"href":"https:\/\/lasentinelle.dz\/index.php\/wp-json\/wp\/v2\/posts"}],"about":[{"href":"https:\/\/lasentinelle.dz\/index.php\/wp-json\/wp\/v2\/types\/post"}],"author":[{"embeddable":true,"href":"https:\/\/lasentinelle.dz\/index.php\/wp-json\/wp\/v2\/users\/3"}],"replies":[{"embeddable":true,"href":"https:\/\/lasentinelle.dz\/index.php\/wp-json\/wp\/v2\/comments?post=16986"}],"version-history":[{"count":1,"href":"https:\/\/lasentinelle.dz\/index.php\/wp-json\/wp\/v2\/posts\/16986\/revisions"}],"predecessor-version":[{"id":17018,"href":"https:\/\/lasentinelle.dz\/index.php\/wp-json\/wp\/v2\/posts\/16986\/revisions\/17018"}],"wp:featuredmedia":[{"embeddable":true,"href":"https:\/\/lasentinelle.dz\/index.php\/wp-json\/wp\/v2\/media\/17014"}],"wp:attachment":[{"href":"https:\/\/lasentinelle.dz\/index.php\/wp-json\/wp\/v2\/media?parent=16986"}],"wp:term":[{"taxonomy":"category","embeddable":true,"href":"https:\/\/lasentinelle.dz\/index.php\/wp-json\/wp\/v2\/categories?post=16986"},{"taxonomy":"post_tag","embeddable":true,"href":"https:\/\/lasentinelle.dz\/index.php\/wp-json\/wp\/v2\/tags?post=16986"}],"curies":[{"name":"wp","href":"https:\/\/api.w.org\/{rel}","templated":true}]}}