{"id":17007,"date":"2022-02-15T00:05:00","date_gmt":"2022-02-14T23:05:00","guid":{"rendered":"https:\/\/lasentinelle.dz\/?p=17007"},"modified":"2022-02-14T20:24:22","modified_gmt":"2022-02-14T19:24:22","slug":"4e-vague-de-contaminations-au-coronavirus-benbouzid-le-pire-est-passe","status":"publish","type":"post","link":"https:\/\/lasentinelle.dz\/index.php\/2022\/02\/15\/4e-vague-de-contaminations-au-coronavirus-benbouzid-le-pire-est-passe\/","title":{"rendered":"4e\u00a0vague de contaminations au coronavirus\u00a0: Benbouzid\u00a0: \u00ab\u00a0Le pire est pass\u00e9\u00a0!\u00a0\u00bb"},"content":{"rendered":"\n<p>Le ministre de la Sant\u00e9, de la Population et de la R\u00e9forme hospitali\u00e8re, le Pr Abderrahmane Benbouzid a indiqu\u00e9 hier \u00e0 Alger&nbsp;que le pic de la 4<sup>e<\/sup>&nbsp;vague de contamination au coronavirus est pass\u00e9, avant d\u2019assurer que la situation \u00e9pid\u00e9miologique est en constante am\u00e9lioration.&nbsp;<\/p>\n\n\n\n<p>Pr\u00e9sidant les travaux d\u2019une&nbsp;r\u00e9union d&rsquo;\u00e9valuation avec&nbsp;les&nbsp;Directeurs de&nbsp;la&nbsp;sant\u00e9&nbsp;publique&nbsp;et&nbsp;les responsables d&rsquo;h\u00f4pitaux \u00e0 travers le pays,&nbsp;le premier responsable du secteur a assur\u00e9&nbsp;que&nbsp;\u00ab&nbsp;le pic de la 4<sup>e<\/sup>&nbsp;vague de contamination au coronavirus a \u00e9t\u00e9 atteint&nbsp;le 25 janvier&nbsp;dernier, avec l&rsquo;enregistrement de 2.521 cas d&rsquo;infection et l&rsquo;admission de 6.000 patients dans les h\u00f4pitaux&nbsp;du pays&nbsp;\u00bb. Et de pr\u00e9ciser que les conclusions d&rsquo;une enqu\u00eate&nbsp;qui&nbsp;a \u00e9t\u00e9 men\u00e9e par le minist\u00e8re par le biais&nbsp;du s\u00e9quen\u00e7age g\u00e9n\u00e9tique au niveau du CHU&nbsp;\u00ab&nbsp;Hassani&nbsp;Isaad&nbsp;\u00bb&nbsp;a d\u00e9montr\u00e9 que les cas d\u2019infection ayant n\u00e9cessit\u00e9 l\u2019admission en soins intensifs&nbsp;ont \u00e9t\u00e9 caus\u00e9s par la souche \u00ab\u00a0Delta\u00a0\u00bb du&nbsp;coronavirus.&nbsp;<\/p>\n\n\n\n<p>Apr\u00e8s avoir appr\u00e9ci\u00e9 les efforts d\u00e9ploy\u00e9s par les&nbsp;personnels&nbsp;du secteur, le ministre s&rsquo;est dit \u00ab\u00a0satisfait\u00a0\u00bb de la baisse du nombre&nbsp;d\u2019infections&nbsp;lors de la quatri\u00e8me vague, de plus de 2000 lors des semaines pr\u00e9c\u00e9dentes \u00e0 plus de 400&nbsp;hier. Et d\u2019ajouter que l\u2019am\u00e9lioration de la situation sanitaire et la baisse des admissions de patients covid au niveau des h\u00f4pitaux permettra une r\u00e9ouverture&nbsp;\u00abprogressive\u00bb&nbsp;des services hospitaliers d\u00e9di\u00e9s \u00e0 la prise en charge&nbsp;&nbsp;d&rsquo;autres maladies&nbsp;et ce, apr\u00e8s la r\u00e9affectation&nbsp;des lits qui \u00e9taient destin\u00e9s aux&nbsp;patients covid.<\/p>\n\n\n\n<p>Le Pr.&nbsp;Benbouzid&nbsp;pr\u00e9cisera,&nbsp;dans le m\u00eame sillage,&nbsp;que&nbsp;le nombre de cas qui ont \u00e9t\u00e9 enregistr\u00e9s lors de la troisi\u00e8me vague en 2021&nbsp;s&rsquo;\u00e9levait \u00e0 environ 17.000&nbsp;cas, consid\u00e9rant que la prise en charge&nbsp;des patients&nbsp;et les d\u00e9s\u00e9quilibres enregistr\u00e9s lors de cette vague ont valu aux&nbsp;permis au secteur d\u2019acqu\u00e9rir&nbsp;une \u00ab exp\u00e9rience \u00bb&nbsp;qui lui permis d\u2019\u00eatre&nbsp;\u00ab bien pr\u00e9par\u00e9&nbsp;pour&nbsp;affronter la quatri\u00e8me vague&nbsp;\u00bb.<\/p>\n\n\n\n<p>Le ministre s&rsquo;est \u00e9galement dit \u00ab\u00a0satisfait\u00a0\u00bb des indicateurs \u00e9pid\u00e9miologiques qui ont connu une baisse depuis la semaine derni\u00e8re, r\u00e9it\u00e9rant son appel aux citoyens&nbsp;\u00e0 se faire vacciner en masse, qu&rsquo;il consid\u00e8re comme \u00ab\u00a0le seul moyen\u00a0\u00bb de briser la cha\u00eene de transmission de l&rsquo;infection.&nbsp;Prenant en compte l\u2019\u00e9volution de la situation sanitaire qu\u2019il juge d\u2019ailleurs de \u00abstable\u00bb, le ministre a affirm\u00e9 que \u00abnous ne cesserons pas la campagne de vaccination que nous avons lanc\u00e9e dans le d\u00e9but de l\u2019ann\u00e9e pass\u00e9e, et ce jusqu\u2019\u00e0 la disparition de l\u2019\u00e9pid\u00e9mie\u00bb. Car \u00able vaccin \u00e9vite les formes graves aux personnes ayant \u00e9t\u00e9 vaccin\u00e9es\u00bb. Pour le ministre, la vaccination \u00abconstitue le meilleur moyen permettant la ma\u00eetrise de la situation sanitaire\u00bb. Plaidant pour&nbsp;redoubler d\u2019efforts&nbsp;en ce sens, le ministre est, dans un autre chapitre, revenu sur les moyens mis en place par les pouvoirs publics, notamment en ce qui concerne l\u2019intensification de la vaccination, l\u2019estimant \u00abfaible\u00bb, compte tenu de la disponibilit\u00e9, en quantit\u00e9s largement suffisantes, du vaccin. \u00abSi l\u2019on prend compte les stocks dont nous disposons \u00e0 l\u2019Institut Pasteur, dans nos h\u00f4pitaux et dans les centres vaccinations, nous pouvons dire que nous avons de quoi vacciner pendant deux ann\u00e9es\u00bb, a-t-il soulign\u00e9. \u00abNous n\u2019avons aucun probl\u00e8me la disponibilit\u00e9 du vaccin\u00bb, a-t-il assur\u00e9. \u00abMon appel\u00bb, a ajout\u00e9 Benbouzid, est&nbsp;destin\u00e9&nbsp;la population&nbsp;qui doit&nbsp;\u00abse rendre&nbsp;&nbsp;en masse dans les centres des vaccination\u00bb, en plus&nbsp;&nbsp;de \u00abla n\u00e9cessit\u00e9 de rester&nbsp;&nbsp;mobilis\u00e9s en&nbsp;respectant&nbsp;rigoureusement les gestes barri\u00e8res. Sur sa lanc\u00e9e, le ministre a indiqu\u00e9 que \u00abnous sommes en passe de d\u00e9passer la 4e vague\u00bb, arguant que \u00ables derniers bilans sont r\u00e9v\u00e9lateurs de la baisse du nombre des contaminations\u00bb. Le ministre estime que \u00abla fermeture, r\u00e9cente, des \u00e9coles a constitu\u00e9 une voie salutaire ayant amplement contribu\u00e9 \u00e0 la baisse des contaminations\u00bb. Le ministre a, cependant, relev\u00e9 que \u00able nombre de d\u00e9c\u00e8s est en hausse\u00bb. Il a, par ailleurs, not\u00e9 que \u00ables moyens humains et mat\u00e9riels sont toujours mobilis\u00e9s\u00bb, appelant \u00e0 la \u00abpoursuite graduelle des autres activit\u00e9s m\u00e9dicales, tout en r\u00e9servant un couloir d\u00e9di\u00e9 exclusivement au covid 19, et ce pour lib\u00e9rer la place aux malades en attente de subir des interventions chirurgicales\u00bb. En d\u00e9pit de l\u2019exp\u00e9rience acquise par le personnel soignant, le ministre a estim\u00e9 que \u00abla crise sanitaire nous interpelle tous \u00e0 plus de mobilisation\u00bb.<\/p>\n\n\n\n<p><strong>Salim Abdenour<\/strong><\/p>\n","protected":false},"excerpt":{"rendered":"<p>Le ministre de la Sant\u00e9, de la Population et de la R\u00e9forme hospitali\u00e8re, le Pr Abderrahmane Benbouzid a indiqu\u00e9 hier<\/p>\n","protected":false},"author":3,"featured_media":17009,"comment_status":"open","ping_status":"closed","sticky":false,"template":"","format":"standard","meta":{"colormag_page_container_layout":"default_layout","colormag_page_sidebar_layout":"default_layout","om_disable_all_campaigns":false,"_monsterinsights_skip_tracking":false,"_monsterinsights_sitenote_active":false,"_monsterinsights_sitenote_note":"","_monsterinsights_sitenote_category":0,"footnotes":"","_wpscppro_dont_share_socialmedia":false,"_wpscppro_custom_social_share_image":0,"_facebook_share_type":"","_twitter_share_type":"","_linkedin_share_type":"","_pinterest_share_type":"","_linkedin_share_type_page":"","_instagram_share_type":"","_medium_share_type":"","_threads_share_type":"","_google_business_share_type":"","_selected_social_profile":[],"_wpsp_enable_custom_social_template":false,"_wpsp_social_scheduling":{"enabled":false,"datetime":null,"platforms":[],"status":"template_only","dateOption":"today","timeOption":"now","customDays":"","customHours":"","customDate":"","customTime":"","schedulingType":"absolute"},"_wpsp_active_default_template":true},"categories":[52,27],"tags":[],"class_list":["post-17007","post","type-post","status-publish","format-standard","has-post-thumbnail","hentry","category-a-la-une","category-actualite"],"aioseo_notices":[],"yoast_head":"<!-- This site is optimized with the Yoast SEO plugin v27.5 - https:\/\/yoast.com\/product\/yoast-seo-wordpress\/ -->\n<title>4e\u00a0vague de contaminations au coronavirus\u00a0: Benbouzid\u00a0: \u00ab\u00a0Le pire est pass\u00e9\u00a0!\u00a0\u00bb - La Sentinelle<\/title>\n<meta name=\"robots\" content=\"index, follow, max-snippet:-1, max-image-preview:large, max-video-preview:-1\" \/>\n<link rel=\"canonical\" href=\"https:\/\/lasentinelle.dz\/index.php\/2022\/02\/15\/4e-vague-de-contaminations-au-coronavirus-benbouzid-le-pire-est-passe\/\" \/>\n<meta property=\"og:locale\" content=\"fr_FR\" \/>\n<meta property=\"og:type\" content=\"article\" \/>\n<meta property=\"og:title\" content=\"4e\u00a0vague de contaminations au coronavirus\u00a0: Benbouzid\u00a0: \u00ab\u00a0Le pire est pass\u00e9\u00a0!\u00a0\u00bb - La Sentinelle\" \/>\n<meta property=\"og:description\" content=\"Le ministre de la Sant\u00e9, de la Population et de la R\u00e9forme hospitali\u00e8re, le Pr Abderrahmane Benbouzid a indiqu\u00e9 hier\" \/>\n<meta property=\"og:url\" content=\"https:\/\/lasentinelle.dz\/index.php\/2022\/02\/15\/4e-vague-de-contaminations-au-coronavirus-benbouzid-le-pire-est-passe\/\" \/>\n<meta property=\"og:site_name\" content=\"La Sentinelle\" \/>\n<meta property=\"article:publisher\" content=\"https:\/\/www.facebook.com\/La-Sentinelle-104059864394773\" \/>\n<meta property=\"article:published_time\" content=\"2022-02-14T23:05:00+00:00\" \/>\n<meta property=\"og:image\" content=\"https:\/\/lasentinelle.dz\/wp-content\/uploads\/2022\/02\/benbouzid-1.png\" \/>\n\t<meta property=\"og:image:width\" content=\"1597\" \/>\n\t<meta property=\"og:image:height\" content=\"900\" \/>\n\t<meta property=\"og:image:type\" content=\"image\/png\" \/>\n<meta name=\"author\" content=\"La Sentinelle\" \/>\n<meta name=\"twitter:card\" content=\"summary_large_image\" \/>\n<meta name=\"twitter:label1\" content=\"\u00c9crit par\" \/>\n\t<meta name=\"twitter:data1\" content=\"La Sentinelle\" \/>\n\t<meta name=\"twitter:label2\" content=\"Dur\u00e9e de lecture estim\u00e9e\" \/>\n\t<meta name=\"twitter:data2\" content=\"4 minutes\" \/>\n<script type=\"application\/ld+json\" class=\"yoast-schema-graph\">{\"@context\":\"https:\\\/\\\/schema.org\",\"@graph\":[{\"@type\":\"Article\",\"@id\":\"https:\\\/\\\/lasentinelle.dz\\\/index.php\\\/2022\\\/02\\\/15\\\/4e-vague-de-contaminations-au-coronavirus-benbouzid-le-pire-est-passe\\\/#article\",\"isPartOf\":{\"@id\":\"https:\\\/\\\/lasentinelle.dz\\\/index.php\\\/2022\\\/02\\\/15\\\/4e-vague-de-contaminations-au-coronavirus-benbouzid-le-pire-est-passe\\\/\"},\"author\":{\"name\":\"La Sentinelle\",\"@id\":\"https:\\\/\\\/lasentinelle.dz\\\/#\\\/schema\\\/person\\\/d865044e22e70a75174ce8bcad3acfb3\"},\"headline\":\"4e\u00a0vague de contaminations au coronavirus\u00a0: Benbouzid\u00a0: \u00ab\u00a0Le pire est pass\u00e9\u00a0!\u00a0\u00bb\",\"datePublished\":\"2022-02-14T23:05:00+00:00\",\"mainEntityOfPage\":{\"@id\":\"https:\\\/\\\/lasentinelle.dz\\\/index.php\\\/2022\\\/02\\\/15\\\/4e-vague-de-contaminations-au-coronavirus-benbouzid-le-pire-est-passe\\\/\"},\"wordCount\":870,\"commentCount\":0,\"publisher\":{\"@id\":\"https:\\\/\\\/lasentinelle.dz\\\/#organization\"},\"image\":{\"@id\":\"https:\\\/\\\/lasentinelle.dz\\\/index.php\\\/2022\\\/02\\\/15\\\/4e-vague-de-contaminations-au-coronavirus-benbouzid-le-pire-est-passe\\\/#primaryimage\"},\"thumbnailUrl\":\"https:\\\/\\\/lasentinelle.dz\\\/wp-content\\\/uploads\\\/2022\\\/02\\\/benbouzid-1.png\",\"articleSection\":[\"\u00c0 la Une\",\"Actualit\u00e9\"],\"inLanguage\":\"fr-FR\",\"potentialAction\":[{\"@type\":\"CommentAction\",\"name\":\"Comment\",\"target\":[\"https:\\\/\\\/lasentinelle.dz\\\/index.php\\\/2022\\\/02\\\/15\\\/4e-vague-de-contaminations-au-coronavirus-benbouzid-le-pire-est-passe\\\/#respond\"]}]},{\"@type\":\"WebPage\",\"@id\":\"https:\\\/\\\/lasentinelle.dz\\\/index.php\\\/2022\\\/02\\\/15\\\/4e-vague-de-contaminations-au-coronavirus-benbouzid-le-pire-est-passe\\\/\",\"url\":\"https:\\\/\\\/lasentinelle.dz\\\/index.php\\\/2022\\\/02\\\/15\\\/4e-vague-de-contaminations-au-coronavirus-benbouzid-le-pire-est-passe\\\/\",\"name\":\"4e\u00a0vague de contaminations au coronavirus\u00a0: Benbouzid\u00a0: \u00ab\u00a0Le pire est pass\u00e9\u00a0!\u00a0\u00bb - La Sentinelle\",\"isPartOf\":{\"@id\":\"https:\\\/\\\/lasentinelle.dz\\\/#website\"},\"primaryImageOfPage\":{\"@id\":\"https:\\\/\\\/lasentinelle.dz\\\/index.php\\\/2022\\\/02\\\/15\\\/4e-vague-de-contaminations-au-coronavirus-benbouzid-le-pire-est-passe\\\/#primaryimage\"},\"image\":{\"@id\":\"https:\\\/\\\/lasentinelle.dz\\\/index.php\\\/2022\\\/02\\\/15\\\/4e-vague-de-contaminations-au-coronavirus-benbouzid-le-pire-est-passe\\\/#primaryimage\"},\"thumbnailUrl\":\"https:\\\/\\\/lasentinelle.dz\\\/wp-content\\\/uploads\\\/2022\\\/02\\\/benbouzid-1.png\",\"datePublished\":\"2022-02-14T23:05:00+00:00\",\"breadcrumb\":{\"@id\":\"https:\\\/\\\/lasentinelle.dz\\\/index.php\\\/2022\\\/02\\\/15\\\/4e-vague-de-contaminations-au-coronavirus-benbouzid-le-pire-est-passe\\\/#breadcrumb\"},\"inLanguage\":\"fr-FR\",\"potentialAction\":[{\"@type\":\"ReadAction\",\"target\":[\"https:\\\/\\\/lasentinelle.dz\\\/index.php\\\/2022\\\/02\\\/15\\\/4e-vague-de-contaminations-au-coronavirus-benbouzid-le-pire-est-passe\\\/\"]}]},{\"@type\":\"ImageObject\",\"inLanguage\":\"fr-FR\",\"@id\":\"https:\\\/\\\/lasentinelle.dz\\\/index.php\\\/2022\\\/02\\\/15\\\/4e-vague-de-contaminations-au-coronavirus-benbouzid-le-pire-est-passe\\\/#primaryimage\",\"url\":\"https:\\\/\\\/lasentinelle.dz\\\/wp-content\\\/uploads\\\/2022\\\/02\\\/benbouzid-1.png\",\"contentUrl\":\"https:\\\/\\\/lasentinelle.dz\\\/wp-content\\\/uploads\\\/2022\\\/02\\\/benbouzid-1.png\",\"width\":1597,\"height\":900},{\"@type\":\"BreadcrumbList\",\"@id\":\"https:\\\/\\\/lasentinelle.dz\\\/index.php\\\/2022\\\/02\\\/15\\\/4e-vague-de-contaminations-au-coronavirus-benbouzid-le-pire-est-passe\\\/#breadcrumb\",\"itemListElement\":[{\"@type\":\"ListItem\",\"position\":1,\"name\":\"Accueil\",\"item\":\"https:\\\/\\\/lasentinelle.dz\\\/\"},{\"@type\":\"ListItem\",\"position\":2,\"name\":\"4e\u00a0vague de contaminations au coronavirus\u00a0: Benbouzid\u00a0: \u00ab\u00a0Le pire est pass\u00e9\u00a0!\u00a0\u00bb\"}]},{\"@type\":\"WebSite\",\"@id\":\"https:\\\/\\\/lasentinelle.dz\\\/#website\",\"url\":\"https:\\\/\\\/lasentinelle.dz\\\/\",\"name\":\"La Sentinelle\",\"description\":\"Quotidien national d&#039;information\",\"publisher\":{\"@id\":\"https:\\\/\\\/lasentinelle.dz\\\/#organization\"},\"potentialAction\":[{\"@type\":\"SearchAction\",\"target\":{\"@type\":\"EntryPoint\",\"urlTemplate\":\"https:\\\/\\\/lasentinelle.dz\\\/?s={search_term_string}\"},\"query-input\":{\"@type\":\"PropertyValueSpecification\",\"valueRequired\":true,\"valueName\":\"search_term_string\"}}],\"inLanguage\":\"fr-FR\"},{\"@type\":\"Organization\",\"@id\":\"https:\\\/\\\/lasentinelle.dz\\\/#organization\",\"name\":\"Quotidien La Sentinelle\",\"url\":\"https:\\\/\\\/lasentinelle.dz\\\/\",\"logo\":{\"@type\":\"ImageObject\",\"inLanguage\":\"fr-FR\",\"@id\":\"https:\\\/\\\/lasentinelle.dz\\\/#\\\/schema\\\/logo\\\/image\\\/\",\"url\":\"https:\\\/\\\/lasentinelle.dz\\\/wp-content\\\/uploads\\\/2021\\\/09\\\/logo-sentinelleSLOGAN-1.png\",\"contentUrl\":\"https:\\\/\\\/lasentinelle.dz\\\/wp-content\\\/uploads\\\/2021\\\/09\\\/logo-sentinelleSLOGAN-1.png\",\"width\":615,\"height\":142,\"caption\":\"Quotidien La Sentinelle\"},\"image\":{\"@id\":\"https:\\\/\\\/lasentinelle.dz\\\/#\\\/schema\\\/logo\\\/image\\\/\"},\"sameAs\":[\"https:\\\/\\\/www.facebook.com\\\/La-Sentinelle-104059864394773\"]},{\"@type\":\"Person\",\"@id\":\"https:\\\/\\\/lasentinelle.dz\\\/#\\\/schema\\\/person\\\/d865044e22e70a75174ce8bcad3acfb3\",\"name\":\"La Sentinelle\",\"image\":{\"@type\":\"ImageObject\",\"inLanguage\":\"fr-FR\",\"@id\":\"https:\\\/\\\/secure.gravatar.com\\\/avatar\\\/57de8e5d4b15d43fb361a71fbb36338450fe67865b528a43dd10ef7c51a20392?s=96&d=mm&r=g\",\"url\":\"https:\\\/\\\/secure.gravatar.com\\\/avatar\\\/57de8e5d4b15d43fb361a71fbb36338450fe67865b528a43dd10ef7c51a20392?s=96&d=mm&r=g\",\"contentUrl\":\"https:\\\/\\\/secure.gravatar.com\\\/avatar\\\/57de8e5d4b15d43fb361a71fbb36338450fe67865b528a43dd10ef7c51a20392?s=96&d=mm&r=g\",\"caption\":\"La Sentinelle\"},\"sameAs\":[\"http:\\\/\\\/www.lasentinelle.dz\"],\"url\":\"https:\\\/\\\/lasentinelle.dz\\\/author\\\/redaction\\\/\"}]}<\/script>\n<!-- \/ Yoast SEO plugin. -->","yoast_head_json":{"title":"4e\u00a0vague de contaminations au coronavirus\u00a0: Benbouzid\u00a0: \u00ab\u00a0Le pire est pass\u00e9\u00a0!\u00a0\u00bb - La Sentinelle","robots":{"index":"index","follow":"follow","max-snippet":"max-snippet:-1","max-image-preview":"max-image-preview:large","max-video-preview":"max-video-preview:-1"},"canonical":"https:\/\/lasentinelle.dz\/index.php\/2022\/02\/15\/4e-vague-de-contaminations-au-coronavirus-benbouzid-le-pire-est-passe\/","og_locale":"fr_FR","og_type":"article","og_title":"4e\u00a0vague de contaminations au coronavirus\u00a0: Benbouzid\u00a0: \u00ab\u00a0Le pire est pass\u00e9\u00a0!\u00a0\u00bb - La Sentinelle","og_description":"Le ministre de la Sant\u00e9, de la Population et de la R\u00e9forme hospitali\u00e8re, le Pr Abderrahmane Benbouzid a indiqu\u00e9 hier","og_url":"https:\/\/lasentinelle.dz\/index.php\/2022\/02\/15\/4e-vague-de-contaminations-au-coronavirus-benbouzid-le-pire-est-passe\/","og_site_name":"La Sentinelle","article_publisher":"https:\/\/www.facebook.com\/La-Sentinelle-104059864394773","article_published_time":"2022-02-14T23:05:00+00:00","og_image":[{"width":1597,"height":900,"url":"https:\/\/lasentinelle.dz\/wp-content\/uploads\/2022\/02\/benbouzid-1.png","type":"image\/png"}],"author":"La Sentinelle","twitter_card":"summary_large_image","twitter_misc":{"\u00c9crit par":"La Sentinelle","Dur\u00e9e de lecture estim\u00e9e":"4 minutes"},"schema":{"@context":"https:\/\/schema.org","@graph":[{"@type":"Article","@id":"https:\/\/lasentinelle.dz\/index.php\/2022\/02\/15\/4e-vague-de-contaminations-au-coronavirus-benbouzid-le-pire-est-passe\/#article","isPartOf":{"@id":"https:\/\/lasentinelle.dz\/index.php\/2022\/02\/15\/4e-vague-de-contaminations-au-coronavirus-benbouzid-le-pire-est-passe\/"},"author":{"name":"La Sentinelle","@id":"https:\/\/lasentinelle.dz\/#\/schema\/person\/d865044e22e70a75174ce8bcad3acfb3"},"headline":"4e\u00a0vague de contaminations au coronavirus\u00a0: Benbouzid\u00a0: \u00ab\u00a0Le pire est pass\u00e9\u00a0!\u00a0\u00bb","datePublished":"2022-02-14T23:05:00+00:00","mainEntityOfPage":{"@id":"https:\/\/lasentinelle.dz\/index.php\/2022\/02\/15\/4e-vague-de-contaminations-au-coronavirus-benbouzid-le-pire-est-passe\/"},"wordCount":870,"commentCount":0,"publisher":{"@id":"https:\/\/lasentinelle.dz\/#organization"},"image":{"@id":"https:\/\/lasentinelle.dz\/index.php\/2022\/02\/15\/4e-vague-de-contaminations-au-coronavirus-benbouzid-le-pire-est-passe\/#primaryimage"},"thumbnailUrl":"https:\/\/lasentinelle.dz\/wp-content\/uploads\/2022\/02\/benbouzid-1.png","articleSection":["\u00c0 la Une","Actualit\u00e9"],"inLanguage":"fr-FR","potentialAction":[{"@type":"CommentAction","name":"Comment","target":["https:\/\/lasentinelle.dz\/index.php\/2022\/02\/15\/4e-vague-de-contaminations-au-coronavirus-benbouzid-le-pire-est-passe\/#respond"]}]},{"@type":"WebPage","@id":"https:\/\/lasentinelle.dz\/index.php\/2022\/02\/15\/4e-vague-de-contaminations-au-coronavirus-benbouzid-le-pire-est-passe\/","url":"https:\/\/lasentinelle.dz\/index.php\/2022\/02\/15\/4e-vague-de-contaminations-au-coronavirus-benbouzid-le-pire-est-passe\/","name":"4e\u00a0vague de contaminations au coronavirus\u00a0: Benbouzid\u00a0: \u00ab\u00a0Le pire est pass\u00e9\u00a0!\u00a0\u00bb - La Sentinelle","isPartOf":{"@id":"https:\/\/lasentinelle.dz\/#website"},"primaryImageOfPage":{"@id":"https:\/\/lasentinelle.dz\/index.php\/2022\/02\/15\/4e-vague-de-contaminations-au-coronavirus-benbouzid-le-pire-est-passe\/#primaryimage"},"image":{"@id":"https:\/\/lasentinelle.dz\/index.php\/2022\/02\/15\/4e-vague-de-contaminations-au-coronavirus-benbouzid-le-pire-est-passe\/#primaryimage"},"thumbnailUrl":"https:\/\/lasentinelle.dz\/wp-content\/uploads\/2022\/02\/benbouzid-1.png","datePublished":"2022-02-14T23:05:00+00:00","breadcrumb":{"@id":"https:\/\/lasentinelle.dz\/index.php\/2022\/02\/15\/4e-vague-de-contaminations-au-coronavirus-benbouzid-le-pire-est-passe\/#breadcrumb"},"inLanguage":"fr-FR","potentialAction":[{"@type":"ReadAction","target":["https:\/\/lasentinelle.dz\/index.php\/2022\/02\/15\/4e-vague-de-contaminations-au-coronavirus-benbouzid-le-pire-est-passe\/"]}]},{"@type":"ImageObject","inLanguage":"fr-FR","@id":"https:\/\/lasentinelle.dz\/index.php\/2022\/02\/15\/4e-vague-de-contaminations-au-coronavirus-benbouzid-le-pire-est-passe\/#primaryimage","url":"https:\/\/lasentinelle.dz\/wp-content\/uploads\/2022\/02\/benbouzid-1.png","contentUrl":"https:\/\/lasentinelle.dz\/wp-content\/uploads\/2022\/02\/benbouzid-1.png","width":1597,"height":900},{"@type":"BreadcrumbList","@id":"https:\/\/lasentinelle.dz\/index.php\/2022\/02\/15\/4e-vague-de-contaminations-au-coronavirus-benbouzid-le-pire-est-passe\/#breadcrumb","itemListElement":[{"@type":"ListItem","position":1,"name":"Accueil","item":"https:\/\/lasentinelle.dz\/"},{"@type":"ListItem","position":2,"name":"4e\u00a0vague de contaminations au coronavirus\u00a0: Benbouzid\u00a0: \u00ab\u00a0Le pire est pass\u00e9\u00a0!\u00a0\u00bb"}]},{"@type":"WebSite","@id":"https:\/\/lasentinelle.dz\/#website","url":"https:\/\/lasentinelle.dz\/","name":"La Sentinelle","description":"Quotidien national d&#039;information","publisher":{"@id":"https:\/\/lasentinelle.dz\/#organization"},"potentialAction":[{"@type":"SearchAction","target":{"@type":"EntryPoint","urlTemplate":"https:\/\/lasentinelle.dz\/?s={search_term_string}"},"query-input":{"@type":"PropertyValueSpecification","valueRequired":true,"valueName":"search_term_string"}}],"inLanguage":"fr-FR"},{"@type":"Organization","@id":"https:\/\/lasentinelle.dz\/#organization","name":"Quotidien La Sentinelle","url":"https:\/\/lasentinelle.dz\/","logo":{"@type":"ImageObject","inLanguage":"fr-FR","@id":"https:\/\/lasentinelle.dz\/#\/schema\/logo\/image\/","url":"https:\/\/lasentinelle.dz\/wp-content\/uploads\/2021\/09\/logo-sentinelleSLOGAN-1.png","contentUrl":"https:\/\/lasentinelle.dz\/wp-content\/uploads\/2021\/09\/logo-sentinelleSLOGAN-1.png","width":615,"height":142,"caption":"Quotidien La Sentinelle"},"image":{"@id":"https:\/\/lasentinelle.dz\/#\/schema\/logo\/image\/"},"sameAs":["https:\/\/www.facebook.com\/La-Sentinelle-104059864394773"]},{"@type":"Person","@id":"https:\/\/lasentinelle.dz\/#\/schema\/person\/d865044e22e70a75174ce8bcad3acfb3","name":"La Sentinelle","image":{"@type":"ImageObject","inLanguage":"fr-FR","@id":"https:\/\/secure.gravatar.com\/avatar\/57de8e5d4b15d43fb361a71fbb36338450fe67865b528a43dd10ef7c51a20392?s=96&d=mm&r=g","url":"https:\/\/secure.gravatar.com\/avatar\/57de8e5d4b15d43fb361a71fbb36338450fe67865b528a43dd10ef7c51a20392?s=96&d=mm&r=g","contentUrl":"https:\/\/secure.gravatar.com\/avatar\/57de8e5d4b15d43fb361a71fbb36338450fe67865b528a43dd10ef7c51a20392?s=96&d=mm&r=g","caption":"La Sentinelle"},"sameAs":["http:\/\/www.lasentinelle.dz"],"url":"https:\/\/lasentinelle.dz\/author\/redaction\/"}]}},"_links":{"self":[{"href":"https:\/\/lasentinelle.dz\/index.php\/wp-json\/wp\/v2\/posts\/17007","targetHints":{"allow":["GET"]}}],"collection":[{"href":"https:\/\/lasentinelle.dz\/index.php\/wp-json\/wp\/v2\/posts"}],"about":[{"href":"https:\/\/lasentinelle.dz\/index.php\/wp-json\/wp\/v2\/types\/post"}],"author":[{"embeddable":true,"href":"https:\/\/lasentinelle.dz\/index.php\/wp-json\/wp\/v2\/users\/3"}],"replies":[{"embeddable":true,"href":"https:\/\/lasentinelle.dz\/index.php\/wp-json\/wp\/v2\/comments?post=17007"}],"version-history":[{"count":1,"href":"https:\/\/lasentinelle.dz\/index.php\/wp-json\/wp\/v2\/posts\/17007\/revisions"}],"predecessor-version":[{"id":17011,"href":"https:\/\/lasentinelle.dz\/index.php\/wp-json\/wp\/v2\/posts\/17007\/revisions\/17011"}],"wp:featuredmedia":[{"embeddable":true,"href":"https:\/\/lasentinelle.dz\/index.php\/wp-json\/wp\/v2\/media\/17009"}],"wp:attachment":[{"href":"https:\/\/lasentinelle.dz\/index.php\/wp-json\/wp\/v2\/media?parent=17007"}],"wp:term":[{"taxonomy":"category","embeddable":true,"href":"https:\/\/lasentinelle.dz\/index.php\/wp-json\/wp\/v2\/categories?post=17007"},{"taxonomy":"post_tag","embeddable":true,"href":"https:\/\/lasentinelle.dz\/index.php\/wp-json\/wp\/v2\/tags?post=17007"}],"curies":[{"name":"wp","href":"https:\/\/api.w.org\/{rel}","templated":true}]}}