{"id":17024,"date":"2022-02-15T00:05:00","date_gmt":"2022-02-14T23:05:00","guid":{"rendered":"https:\/\/lasentinelle.dz\/?p=17024"},"modified":"2022-02-14T20:07:53","modified_gmt":"2022-02-14T19:07:53","slug":"un-autre-navire-bloque-en-europe-recupere-par-lalgerie-la-gestion-du-transport-maritime-a-lindex","status":"publish","type":"post","link":"https:\/\/lasentinelle.dz\/index.php\/2022\/02\/15\/un-autre-navire-bloque-en-europe-recupere-par-lalgerie-la-gestion-du-transport-maritime-a-lindex\/","title":{"rendered":"Un autre navire bloqu\u00e9 en Europe r\u00e9cup\u00e9r\u00e9 par l\u2019Alg\u00e9rie\u00a0: La gestion du transport maritime \u00e0 l\u2019index"},"content":{"rendered":"\n<p>La gestion du transport maritime pose de s\u00e9rieuses interrogations. Les litiges sur les navires battant pavillon alg\u00e9rien sont multiples et mettent \u00e0 l\u2019index la gouvernance d\u2019un secteur n\u00e9vralgique, qui doit pourtant contribuer \u00e0 baisser la facture des services.&nbsp;<\/p>\n\n\n\n<p>Bloqu\u00e9 depuis plus de trois mois en France, le navire&nbsp;alg\u00e9rien&nbsp;\u00ab&nbsp;Imedghassen&nbsp;\u00bb a finalement \u00e9t\u00e9 r\u00e9cup\u00e9r\u00e9. Dans ce contexte,&nbsp;le Procureur g\u00e9n\u00e9ral pr\u00e8s la Cour d&rsquo;Alger, Mourad Sid Ahmed&nbsp;a pr\u00e9cis\u00e9 dimanche soir que&nbsp;\u00able&nbsp;navire&nbsp;faisait l&rsquo;objet d&rsquo;une saisie judiciaire dans le cadre d&rsquo;une enqu\u00eate dans une affaire de corruption\u00bb. La m\u00eame source a, en ce sens, fait&nbsp;part&nbsp;du \u00abplacement sous mandat de d\u00e9p\u00f4t du principal mis en cause, et sous contr\u00f4le judiciaire d&rsquo;un autre mis en cause\u00bb. Soulignant que \u00abcette affaire a \u00e9t\u00e9 largement relay\u00e9e sur les r\u00e9seaux sociaux fait l&rsquo;objet de suivi par les hautes autorit\u00e9s du pays \u00bb,&nbsp;le magistrat&nbsp;a pr\u00e9cis\u00e9 qu&rsquo;il s&rsquo;agissait l\u00e0 d&rsquo;une affaire de r\u00e9cup\u00e9ration des biens et avoirs issus des affaires de corruption\u00bb. \u00ab La valeur de ce navire est de 18 millions de dollars et faisait l&rsquo;objet de saisie suite \u00e0 une enqu\u00eate judiciaire dans une affaire de corruption, et voil\u00e0 que l&rsquo;affr\u00e9teur le d\u00e9tourne vers l&rsquo;\u00e9tranger, d&rsquo;o\u00f9 sa saisie dans un port \u00e9tranger \u00bb, a expliqu\u00e9 le Procureur G\u00e9n\u00e9ral, pr\u00e9cisant que \u00ables auteurs de ces actes ont \u00e9t\u00e9 poursuivis pour recel d&rsquo;avoirs criminels issus des affaires de corruption et du blanchiment d&rsquo;argent\u00bb. D\u00e9taillant les tenants et les aboutissants de cette affaire, le Procureur g\u00e9n\u00e9ral a ajout\u00e9 qu\u2019\u00aben date du 23 janvier 2022, le juge d&rsquo;instruction a ouvert une enqu\u00eate sur l&rsquo;affaire, suite \u00e0 quoi le principal accus\u00e9 qui est&nbsp;le dirigeant&nbsp;d&rsquo;une soci\u00e9t\u00e9 priv\u00e9e, a \u00e9t\u00e9 plac\u00e9 en d\u00e9tention provisoire, alors qu&rsquo;un autre accus\u00e9 a \u00e9t\u00e9 mis sous contr\u00f4le judiciaire\u00bb. Apr\u00e8s une s\u00e9rie de contentieux commerciaux et de poursuites p\u00e9nales ces efforts ont \u00e9t\u00e9 couronn\u00e9s par la r\u00e9cup\u00e9ration du navire qui a accost\u00e9 dimanche au port d&rsquo;Alger. De capacit\u00e9 de plus de 2.000 conteneurs, le navire alg\u00e9rien, appartenant \u00e0 la compagnie maritime alg\u00e9rienne Global Maritime Algeria, est l\u2019un des gros&nbsp;porteurs de la flotte de la marine marchande alg\u00e9rienne, en plus des technologies de points dont il dispose. Il a fait l\u2019objet d\u2019une sous saisie conservatoire, suite \u00e0 la demande&nbsp;&nbsp;formul\u00e9e par son affr\u00e9teur \u00e0 savoir Anisfer Line. Construit en 2012, le navire Imedghassen est revenu au co\u00fbt de 14 millions de dollars.&nbsp;<\/p>\n\n\n\n<p>Il faut dire que ce n\u2019est pas la premi\u00e8re fois que des litiges commerciaux affectent le secteur du transport maritime alg\u00e9rien. Apr\u00e8s le blocage de plusieurs natives de la Cnan-Nord et de la Cnan-Med dans des ports europ\u00e9ens en raison de r\u00e9serves techniques, cette \u00e9ni\u00e8me affaire pose de s\u00e9rieuses questions sur la gestion du secteur. Une gestion d\u2019ailleurs d\u00e9nonc\u00e9e par le premier responsable du secteur, Aissa Bekkai qui fait un lourd constat il y a quelques jours. Il a jet\u00e9 un pav\u00e9 dans la marre la semaine derni\u00e8re que le Navire de transport de voyageurs Tarik Ibn Ziad appartenant \u00e0 la compagnie publique Alg\u00e9rie Ferries a failli \u00eatre vendu en ferraille \u00e0 l\u2019\u00e9tranger.<\/p>\n\n\n\n<p>D\u2019ailleurs, Bekkai \u00e9voque dans ce contexte les intentions malveillantes de certains responsables. Ces derniers sont all\u00e9s jusqu\u2019\u00e0 vouloir vendre le fer du navire Tariq ibn Ziyad au kilo, a-t-il r\u00e9v\u00e9l\u00e9.<\/p>\n\n\n\n<p><strong>Salim Abdenour&nbsp;<\/strong><\/p>\n","protected":false},"excerpt":{"rendered":"<p>La gestion du transport maritime pose de s\u00e9rieuses interrogations. Les litiges sur les navires battant pavillon alg\u00e9rien sont multiples et<\/p>\n","protected":false},"author":3,"featured_media":17029,"comment_status":"open","ping_status":"closed","sticky":false,"template":"","format":"standard","meta":{"colormag_page_container_layout":"default_layout","colormag_page_sidebar_layout":"default_layout","om_disable_all_campaigns":false,"_monsterinsights_skip_tracking":false,"_monsterinsights_sitenote_active":false,"_monsterinsights_sitenote_note":"","_monsterinsights_sitenote_category":0,"footnotes":"","_wpscppro_dont_share_socialmedia":false,"_wpscppro_custom_social_share_image":0,"_facebook_share_type":"","_twitter_share_type":"","_linkedin_share_type":"","_pinterest_share_type":"","_linkedin_share_type_page":"","_instagram_share_type":"","_medium_share_type":"","_threads_share_type":"","_google_business_share_type":"","_selected_social_profile":[],"_wpsp_enable_custom_social_template":false,"_wpsp_social_scheduling":{"enabled":false,"datetime":null,"platforms":[],"status":"template_only","dateOption":"today","timeOption":"now","customDays":"","customHours":"","customDate":"","customTime":"","schedulingType":"absolute"},"_wpsp_active_default_template":true},"categories":[52,27],"tags":[],"class_list":["post-17024","post","type-post","status-publish","format-standard","has-post-thumbnail","hentry","category-a-la-une","category-actualite"],"aioseo_notices":[],"yoast_head":"<!-- This site is optimized with the Yoast SEO plugin v27.5 - https:\/\/yoast.com\/product\/yoast-seo-wordpress\/ -->\n<title>Un autre navire bloqu\u00e9 en Europe r\u00e9cup\u00e9r\u00e9 par l\u2019Alg\u00e9rie\u00a0: La gestion du transport maritime \u00e0 l\u2019index - La Sentinelle<\/title>\n<meta name=\"robots\" content=\"index, follow, max-snippet:-1, max-image-preview:large, max-video-preview:-1\" \/>\n<link rel=\"canonical\" href=\"https:\/\/lasentinelle.dz\/index.php\/2022\/02\/15\/un-autre-navire-bloque-en-europe-recupere-par-lalgerie-la-gestion-du-transport-maritime-a-lindex\/\" \/>\n<meta property=\"og:locale\" content=\"fr_FR\" \/>\n<meta property=\"og:type\" content=\"article\" \/>\n<meta property=\"og:title\" content=\"Un autre navire bloqu\u00e9 en Europe r\u00e9cup\u00e9r\u00e9 par l\u2019Alg\u00e9rie\u00a0: La gestion du transport maritime \u00e0 l\u2019index - La Sentinelle\" \/>\n<meta property=\"og:description\" content=\"La gestion du transport maritime pose de s\u00e9rieuses interrogations. Les litiges sur les navires battant pavillon alg\u00e9rien sont multiples et\" \/>\n<meta property=\"og:url\" content=\"https:\/\/lasentinelle.dz\/index.php\/2022\/02\/15\/un-autre-navire-bloque-en-europe-recupere-par-lalgerie-la-gestion-du-transport-maritime-a-lindex\/\" \/>\n<meta property=\"og:site_name\" content=\"La Sentinelle\" \/>\n<meta property=\"article:publisher\" content=\"https:\/\/www.facebook.com\/La-Sentinelle-104059864394773\" \/>\n<meta property=\"article:published_time\" content=\"2022-02-14T23:05:00+00:00\" \/>\n<meta property=\"og:image\" content=\"https:\/\/lasentinelle.dz\/wp-content\/uploads\/2022\/02\/port-dalger-vide--1024x512.png\" \/>\n\t<meta property=\"og:image:width\" content=\"1024\" \/>\n\t<meta property=\"og:image:height\" content=\"512\" \/>\n\t<meta property=\"og:image:type\" content=\"image\/png\" \/>\n<meta name=\"author\" content=\"La Sentinelle\" \/>\n<meta name=\"twitter:card\" content=\"summary_large_image\" \/>\n<meta name=\"twitter:label1\" content=\"\u00c9crit par\" \/>\n\t<meta name=\"twitter:data1\" content=\"La Sentinelle\" \/>\n\t<meta name=\"twitter:label2\" content=\"Dur\u00e9e de lecture estim\u00e9e\" \/>\n\t<meta name=\"twitter:data2\" content=\"3 minutes\" \/>\n<script type=\"application\/ld+json\" class=\"yoast-schema-graph\">{\"@context\":\"https:\\\/\\\/schema.org\",\"@graph\":[{\"@type\":\"Article\",\"@id\":\"https:\\\/\\\/lasentinelle.dz\\\/index.php\\\/2022\\\/02\\\/15\\\/un-autre-navire-bloque-en-europe-recupere-par-lalgerie-la-gestion-du-transport-maritime-a-lindex\\\/#article\",\"isPartOf\":{\"@id\":\"https:\\\/\\\/lasentinelle.dz\\\/index.php\\\/2022\\\/02\\\/15\\\/un-autre-navire-bloque-en-europe-recupere-par-lalgerie-la-gestion-du-transport-maritime-a-lindex\\\/\"},\"author\":{\"name\":\"La Sentinelle\",\"@id\":\"https:\\\/\\\/lasentinelle.dz\\\/#\\\/schema\\\/person\\\/d865044e22e70a75174ce8bcad3acfb3\"},\"headline\":\"Un autre navire bloqu\u00e9 en Europe r\u00e9cup\u00e9r\u00e9 par l\u2019Alg\u00e9rie\u00a0: La gestion du transport maritime \u00e0 l\u2019index\",\"datePublished\":\"2022-02-14T23:05:00+00:00\",\"mainEntityOfPage\":{\"@id\":\"https:\\\/\\\/lasentinelle.dz\\\/index.php\\\/2022\\\/02\\\/15\\\/un-autre-navire-bloque-en-europe-recupere-par-lalgerie-la-gestion-du-transport-maritime-a-lindex\\\/\"},\"wordCount\":652,\"commentCount\":0,\"publisher\":{\"@id\":\"https:\\\/\\\/lasentinelle.dz\\\/#organization\"},\"image\":{\"@id\":\"https:\\\/\\\/lasentinelle.dz\\\/index.php\\\/2022\\\/02\\\/15\\\/un-autre-navire-bloque-en-europe-recupere-par-lalgerie-la-gestion-du-transport-maritime-a-lindex\\\/#primaryimage\"},\"thumbnailUrl\":\"https:\\\/\\\/lasentinelle.dz\\\/wp-content\\\/uploads\\\/2022\\\/02\\\/port-dalger-vide-.png\",\"articleSection\":[\"\u00c0 la Une\",\"Actualit\u00e9\"],\"inLanguage\":\"fr-FR\",\"potentialAction\":[{\"@type\":\"CommentAction\",\"name\":\"Comment\",\"target\":[\"https:\\\/\\\/lasentinelle.dz\\\/index.php\\\/2022\\\/02\\\/15\\\/un-autre-navire-bloque-en-europe-recupere-par-lalgerie-la-gestion-du-transport-maritime-a-lindex\\\/#respond\"]}]},{\"@type\":\"WebPage\",\"@id\":\"https:\\\/\\\/lasentinelle.dz\\\/index.php\\\/2022\\\/02\\\/15\\\/un-autre-navire-bloque-en-europe-recupere-par-lalgerie-la-gestion-du-transport-maritime-a-lindex\\\/\",\"url\":\"https:\\\/\\\/lasentinelle.dz\\\/index.php\\\/2022\\\/02\\\/15\\\/un-autre-navire-bloque-en-europe-recupere-par-lalgerie-la-gestion-du-transport-maritime-a-lindex\\\/\",\"name\":\"Un autre navire bloqu\u00e9 en Europe r\u00e9cup\u00e9r\u00e9 par l\u2019Alg\u00e9rie\u00a0: La gestion du transport maritime \u00e0 l\u2019index - La Sentinelle\",\"isPartOf\":{\"@id\":\"https:\\\/\\\/lasentinelle.dz\\\/#website\"},\"primaryImageOfPage\":{\"@id\":\"https:\\\/\\\/lasentinelle.dz\\\/index.php\\\/2022\\\/02\\\/15\\\/un-autre-navire-bloque-en-europe-recupere-par-lalgerie-la-gestion-du-transport-maritime-a-lindex\\\/#primaryimage\"},\"image\":{\"@id\":\"https:\\\/\\\/lasentinelle.dz\\\/index.php\\\/2022\\\/02\\\/15\\\/un-autre-navire-bloque-en-europe-recupere-par-lalgerie-la-gestion-du-transport-maritime-a-lindex\\\/#primaryimage\"},\"thumbnailUrl\":\"https:\\\/\\\/lasentinelle.dz\\\/wp-content\\\/uploads\\\/2022\\\/02\\\/port-dalger-vide-.png\",\"datePublished\":\"2022-02-14T23:05:00+00:00\",\"breadcrumb\":{\"@id\":\"https:\\\/\\\/lasentinelle.dz\\\/index.php\\\/2022\\\/02\\\/15\\\/un-autre-navire-bloque-en-europe-recupere-par-lalgerie-la-gestion-du-transport-maritime-a-lindex\\\/#breadcrumb\"},\"inLanguage\":\"fr-FR\",\"potentialAction\":[{\"@type\":\"ReadAction\",\"target\":[\"https:\\\/\\\/lasentinelle.dz\\\/index.php\\\/2022\\\/02\\\/15\\\/un-autre-navire-bloque-en-europe-recupere-par-lalgerie-la-gestion-du-transport-maritime-a-lindex\\\/\"]}]},{\"@type\":\"ImageObject\",\"inLanguage\":\"fr-FR\",\"@id\":\"https:\\\/\\\/lasentinelle.dz\\\/index.php\\\/2022\\\/02\\\/15\\\/un-autre-navire-bloque-en-europe-recupere-par-lalgerie-la-gestion-du-transport-maritime-a-lindex\\\/#primaryimage\",\"url\":\"https:\\\/\\\/lasentinelle.dz\\\/wp-content\\\/uploads\\\/2022\\\/02\\\/port-dalger-vide-.png\",\"contentUrl\":\"https:\\\/\\\/lasentinelle.dz\\\/wp-content\\\/uploads\\\/2022\\\/02\\\/port-dalger-vide-.png\",\"width\":1800,\"height\":900},{\"@type\":\"BreadcrumbList\",\"@id\":\"https:\\\/\\\/lasentinelle.dz\\\/index.php\\\/2022\\\/02\\\/15\\\/un-autre-navire-bloque-en-europe-recupere-par-lalgerie-la-gestion-du-transport-maritime-a-lindex\\\/#breadcrumb\",\"itemListElement\":[{\"@type\":\"ListItem\",\"position\":1,\"name\":\"Accueil\",\"item\":\"https:\\\/\\\/lasentinelle.dz\\\/\"},{\"@type\":\"ListItem\",\"position\":2,\"name\":\"Un autre navire bloqu\u00e9 en Europe r\u00e9cup\u00e9r\u00e9 par l\u2019Alg\u00e9rie\u00a0: La gestion du transport maritime \u00e0 l\u2019index\"}]},{\"@type\":\"WebSite\",\"@id\":\"https:\\\/\\\/lasentinelle.dz\\\/#website\",\"url\":\"https:\\\/\\\/lasentinelle.dz\\\/\",\"name\":\"La Sentinelle\",\"description\":\"Quotidien national d&#039;information\",\"publisher\":{\"@id\":\"https:\\\/\\\/lasentinelle.dz\\\/#organization\"},\"potentialAction\":[{\"@type\":\"SearchAction\",\"target\":{\"@type\":\"EntryPoint\",\"urlTemplate\":\"https:\\\/\\\/lasentinelle.dz\\\/?s={search_term_string}\"},\"query-input\":{\"@type\":\"PropertyValueSpecification\",\"valueRequired\":true,\"valueName\":\"search_term_string\"}}],\"inLanguage\":\"fr-FR\"},{\"@type\":\"Organization\",\"@id\":\"https:\\\/\\\/lasentinelle.dz\\\/#organization\",\"name\":\"Quotidien La Sentinelle\",\"url\":\"https:\\\/\\\/lasentinelle.dz\\\/\",\"logo\":{\"@type\":\"ImageObject\",\"inLanguage\":\"fr-FR\",\"@id\":\"https:\\\/\\\/lasentinelle.dz\\\/#\\\/schema\\\/logo\\\/image\\\/\",\"url\":\"https:\\\/\\\/lasentinelle.dz\\\/wp-content\\\/uploads\\\/2021\\\/09\\\/logo-sentinelleSLOGAN-1.png\",\"contentUrl\":\"https:\\\/\\\/lasentinelle.dz\\\/wp-content\\\/uploads\\\/2021\\\/09\\\/logo-sentinelleSLOGAN-1.png\",\"width\":615,\"height\":142,\"caption\":\"Quotidien La Sentinelle\"},\"image\":{\"@id\":\"https:\\\/\\\/lasentinelle.dz\\\/#\\\/schema\\\/logo\\\/image\\\/\"},\"sameAs\":[\"https:\\\/\\\/www.facebook.com\\\/La-Sentinelle-104059864394773\"]},{\"@type\":\"Person\",\"@id\":\"https:\\\/\\\/lasentinelle.dz\\\/#\\\/schema\\\/person\\\/d865044e22e70a75174ce8bcad3acfb3\",\"name\":\"La Sentinelle\",\"image\":{\"@type\":\"ImageObject\",\"inLanguage\":\"fr-FR\",\"@id\":\"https:\\\/\\\/secure.gravatar.com\\\/avatar\\\/57de8e5d4b15d43fb361a71fbb36338450fe67865b528a43dd10ef7c51a20392?s=96&d=mm&r=g\",\"url\":\"https:\\\/\\\/secure.gravatar.com\\\/avatar\\\/57de8e5d4b15d43fb361a71fbb36338450fe67865b528a43dd10ef7c51a20392?s=96&d=mm&r=g\",\"contentUrl\":\"https:\\\/\\\/secure.gravatar.com\\\/avatar\\\/57de8e5d4b15d43fb361a71fbb36338450fe67865b528a43dd10ef7c51a20392?s=96&d=mm&r=g\",\"caption\":\"La Sentinelle\"},\"sameAs\":[\"http:\\\/\\\/www.lasentinelle.dz\"],\"url\":\"https:\\\/\\\/lasentinelle.dz\\\/author\\\/redaction\\\/\"}]}<\/script>\n<!-- \/ Yoast SEO plugin. -->","yoast_head_json":{"title":"Un autre navire bloqu\u00e9 en Europe r\u00e9cup\u00e9r\u00e9 par l\u2019Alg\u00e9rie\u00a0: La gestion du transport maritime \u00e0 l\u2019index - La Sentinelle","robots":{"index":"index","follow":"follow","max-snippet":"max-snippet:-1","max-image-preview":"max-image-preview:large","max-video-preview":"max-video-preview:-1"},"canonical":"https:\/\/lasentinelle.dz\/index.php\/2022\/02\/15\/un-autre-navire-bloque-en-europe-recupere-par-lalgerie-la-gestion-du-transport-maritime-a-lindex\/","og_locale":"fr_FR","og_type":"article","og_title":"Un autre navire bloqu\u00e9 en Europe r\u00e9cup\u00e9r\u00e9 par l\u2019Alg\u00e9rie\u00a0: La gestion du transport maritime \u00e0 l\u2019index - La Sentinelle","og_description":"La gestion du transport maritime pose de s\u00e9rieuses interrogations. Les litiges sur les navires battant pavillon alg\u00e9rien sont multiples et","og_url":"https:\/\/lasentinelle.dz\/index.php\/2022\/02\/15\/un-autre-navire-bloque-en-europe-recupere-par-lalgerie-la-gestion-du-transport-maritime-a-lindex\/","og_site_name":"La Sentinelle","article_publisher":"https:\/\/www.facebook.com\/La-Sentinelle-104059864394773","article_published_time":"2022-02-14T23:05:00+00:00","og_image":[{"width":1024,"height":512,"url":"https:\/\/lasentinelle.dz\/wp-content\/uploads\/2022\/02\/port-dalger-vide--1024x512.png","type":"image\/png"}],"author":"La Sentinelle","twitter_card":"summary_large_image","twitter_misc":{"\u00c9crit par":"La Sentinelle","Dur\u00e9e de lecture estim\u00e9e":"3 minutes"},"schema":{"@context":"https:\/\/schema.org","@graph":[{"@type":"Article","@id":"https:\/\/lasentinelle.dz\/index.php\/2022\/02\/15\/un-autre-navire-bloque-en-europe-recupere-par-lalgerie-la-gestion-du-transport-maritime-a-lindex\/#article","isPartOf":{"@id":"https:\/\/lasentinelle.dz\/index.php\/2022\/02\/15\/un-autre-navire-bloque-en-europe-recupere-par-lalgerie-la-gestion-du-transport-maritime-a-lindex\/"},"author":{"name":"La Sentinelle","@id":"https:\/\/lasentinelle.dz\/#\/schema\/person\/d865044e22e70a75174ce8bcad3acfb3"},"headline":"Un autre navire bloqu\u00e9 en Europe r\u00e9cup\u00e9r\u00e9 par l\u2019Alg\u00e9rie\u00a0: La gestion du transport maritime \u00e0 l\u2019index","datePublished":"2022-02-14T23:05:00+00:00","mainEntityOfPage":{"@id":"https:\/\/lasentinelle.dz\/index.php\/2022\/02\/15\/un-autre-navire-bloque-en-europe-recupere-par-lalgerie-la-gestion-du-transport-maritime-a-lindex\/"},"wordCount":652,"commentCount":0,"publisher":{"@id":"https:\/\/lasentinelle.dz\/#organization"},"image":{"@id":"https:\/\/lasentinelle.dz\/index.php\/2022\/02\/15\/un-autre-navire-bloque-en-europe-recupere-par-lalgerie-la-gestion-du-transport-maritime-a-lindex\/#primaryimage"},"thumbnailUrl":"https:\/\/lasentinelle.dz\/wp-content\/uploads\/2022\/02\/port-dalger-vide-.png","articleSection":["\u00c0 la Une","Actualit\u00e9"],"inLanguage":"fr-FR","potentialAction":[{"@type":"CommentAction","name":"Comment","target":["https:\/\/lasentinelle.dz\/index.php\/2022\/02\/15\/un-autre-navire-bloque-en-europe-recupere-par-lalgerie-la-gestion-du-transport-maritime-a-lindex\/#respond"]}]},{"@type":"WebPage","@id":"https:\/\/lasentinelle.dz\/index.php\/2022\/02\/15\/un-autre-navire-bloque-en-europe-recupere-par-lalgerie-la-gestion-du-transport-maritime-a-lindex\/","url":"https:\/\/lasentinelle.dz\/index.php\/2022\/02\/15\/un-autre-navire-bloque-en-europe-recupere-par-lalgerie-la-gestion-du-transport-maritime-a-lindex\/","name":"Un autre navire bloqu\u00e9 en Europe r\u00e9cup\u00e9r\u00e9 par l\u2019Alg\u00e9rie\u00a0: La gestion du transport maritime \u00e0 l\u2019index - La Sentinelle","isPartOf":{"@id":"https:\/\/lasentinelle.dz\/#website"},"primaryImageOfPage":{"@id":"https:\/\/lasentinelle.dz\/index.php\/2022\/02\/15\/un-autre-navire-bloque-en-europe-recupere-par-lalgerie-la-gestion-du-transport-maritime-a-lindex\/#primaryimage"},"image":{"@id":"https:\/\/lasentinelle.dz\/index.php\/2022\/02\/15\/un-autre-navire-bloque-en-europe-recupere-par-lalgerie-la-gestion-du-transport-maritime-a-lindex\/#primaryimage"},"thumbnailUrl":"https:\/\/lasentinelle.dz\/wp-content\/uploads\/2022\/02\/port-dalger-vide-.png","datePublished":"2022-02-14T23:05:00+00:00","breadcrumb":{"@id":"https:\/\/lasentinelle.dz\/index.php\/2022\/02\/15\/un-autre-navire-bloque-en-europe-recupere-par-lalgerie-la-gestion-du-transport-maritime-a-lindex\/#breadcrumb"},"inLanguage":"fr-FR","potentialAction":[{"@type":"ReadAction","target":["https:\/\/lasentinelle.dz\/index.php\/2022\/02\/15\/un-autre-navire-bloque-en-europe-recupere-par-lalgerie-la-gestion-du-transport-maritime-a-lindex\/"]}]},{"@type":"ImageObject","inLanguage":"fr-FR","@id":"https:\/\/lasentinelle.dz\/index.php\/2022\/02\/15\/un-autre-navire-bloque-en-europe-recupere-par-lalgerie-la-gestion-du-transport-maritime-a-lindex\/#primaryimage","url":"https:\/\/lasentinelle.dz\/wp-content\/uploads\/2022\/02\/port-dalger-vide-.png","contentUrl":"https:\/\/lasentinelle.dz\/wp-content\/uploads\/2022\/02\/port-dalger-vide-.png","width":1800,"height":900},{"@type":"BreadcrumbList","@id":"https:\/\/lasentinelle.dz\/index.php\/2022\/02\/15\/un-autre-navire-bloque-en-europe-recupere-par-lalgerie-la-gestion-du-transport-maritime-a-lindex\/#breadcrumb","itemListElement":[{"@type":"ListItem","position":1,"name":"Accueil","item":"https:\/\/lasentinelle.dz\/"},{"@type":"ListItem","position":2,"name":"Un autre navire bloqu\u00e9 en Europe r\u00e9cup\u00e9r\u00e9 par l\u2019Alg\u00e9rie\u00a0: La gestion du transport maritime \u00e0 l\u2019index"}]},{"@type":"WebSite","@id":"https:\/\/lasentinelle.dz\/#website","url":"https:\/\/lasentinelle.dz\/","name":"La Sentinelle","description":"Quotidien national d&#039;information","publisher":{"@id":"https:\/\/lasentinelle.dz\/#organization"},"potentialAction":[{"@type":"SearchAction","target":{"@type":"EntryPoint","urlTemplate":"https:\/\/lasentinelle.dz\/?s={search_term_string}"},"query-input":{"@type":"PropertyValueSpecification","valueRequired":true,"valueName":"search_term_string"}}],"inLanguage":"fr-FR"},{"@type":"Organization","@id":"https:\/\/lasentinelle.dz\/#organization","name":"Quotidien La Sentinelle","url":"https:\/\/lasentinelle.dz\/","logo":{"@type":"ImageObject","inLanguage":"fr-FR","@id":"https:\/\/lasentinelle.dz\/#\/schema\/logo\/image\/","url":"https:\/\/lasentinelle.dz\/wp-content\/uploads\/2021\/09\/logo-sentinelleSLOGAN-1.png","contentUrl":"https:\/\/lasentinelle.dz\/wp-content\/uploads\/2021\/09\/logo-sentinelleSLOGAN-1.png","width":615,"height":142,"caption":"Quotidien La Sentinelle"},"image":{"@id":"https:\/\/lasentinelle.dz\/#\/schema\/logo\/image\/"},"sameAs":["https:\/\/www.facebook.com\/La-Sentinelle-104059864394773"]},{"@type":"Person","@id":"https:\/\/lasentinelle.dz\/#\/schema\/person\/d865044e22e70a75174ce8bcad3acfb3","name":"La Sentinelle","image":{"@type":"ImageObject","inLanguage":"fr-FR","@id":"https:\/\/secure.gravatar.com\/avatar\/57de8e5d4b15d43fb361a71fbb36338450fe67865b528a43dd10ef7c51a20392?s=96&d=mm&r=g","url":"https:\/\/secure.gravatar.com\/avatar\/57de8e5d4b15d43fb361a71fbb36338450fe67865b528a43dd10ef7c51a20392?s=96&d=mm&r=g","contentUrl":"https:\/\/secure.gravatar.com\/avatar\/57de8e5d4b15d43fb361a71fbb36338450fe67865b528a43dd10ef7c51a20392?s=96&d=mm&r=g","caption":"La Sentinelle"},"sameAs":["http:\/\/www.lasentinelle.dz"],"url":"https:\/\/lasentinelle.dz\/author\/redaction\/"}]}},"_links":{"self":[{"href":"https:\/\/lasentinelle.dz\/index.php\/wp-json\/wp\/v2\/posts\/17024","targetHints":{"allow":["GET"]}}],"collection":[{"href":"https:\/\/lasentinelle.dz\/index.php\/wp-json\/wp\/v2\/posts"}],"about":[{"href":"https:\/\/lasentinelle.dz\/index.php\/wp-json\/wp\/v2\/types\/post"}],"author":[{"embeddable":true,"href":"https:\/\/lasentinelle.dz\/index.php\/wp-json\/wp\/v2\/users\/3"}],"replies":[{"embeddable":true,"href":"https:\/\/lasentinelle.dz\/index.php\/wp-json\/wp\/v2\/comments?post=17024"}],"version-history":[{"count":1,"href":"https:\/\/lasentinelle.dz\/index.php\/wp-json\/wp\/v2\/posts\/17024\/revisions"}],"predecessor-version":[{"id":17032,"href":"https:\/\/lasentinelle.dz\/index.php\/wp-json\/wp\/v2\/posts\/17024\/revisions\/17032"}],"wp:featuredmedia":[{"embeddable":true,"href":"https:\/\/lasentinelle.dz\/index.php\/wp-json\/wp\/v2\/media\/17029"}],"wp:attachment":[{"href":"https:\/\/lasentinelle.dz\/index.php\/wp-json\/wp\/v2\/media?parent=17024"}],"wp:term":[{"taxonomy":"category","embeddable":true,"href":"https:\/\/lasentinelle.dz\/index.php\/wp-json\/wp\/v2\/categories?post=17024"},{"taxonomy":"post_tag","embeddable":true,"href":"https:\/\/lasentinelle.dz\/index.php\/wp-json\/wp\/v2\/tags?post=17024"}],"curies":[{"name":"wp","href":"https:\/\/api.w.org\/{rel}","templated":true}]}}