{"id":17075,"date":"2022-02-16T00:05:00","date_gmt":"2022-02-15T23:05:00","guid":{"rendered":"https:\/\/lasentinelle.dz\/?p=17075"},"modified":"2022-02-15T20:21:34","modified_gmt":"2022-02-15T19:21:34","slug":"le-chef-detat-major-de-lanp-recoit-son-homologue-angolais-la-lutte-contre-le-terrorisme-necessite-la-consolidation-de-la-cooperation","status":"publish","type":"post","link":"https:\/\/lasentinelle.dz\/index.php\/2022\/02\/16\/le-chef-detat-major-de-lanp-recoit-son-homologue-angolais-la-lutte-contre-le-terrorisme-necessite-la-consolidation-de-la-cooperation\/","title":{"rendered":"Le chef de L\u2019Etat major de l\u2019ANP\u00a0re\u00e7oit son\u00a0homologue\u00a0angolais\u00a0: \u00ab\u00a0La lutte contre le terrorisme n\u00e9cessite la consolidation de la coop\u00e9ration\u00a0\u00bb"},"content":{"rendered":"\n<p>Le Chef de l\u2019\u00c9tat-major de l\u2019ANP a soulign\u00e9, hier qu\u2019aucun pays n\u2019est \u00e0 l\u2019abris de la menace terroriste, soulignant que la lutte contre le terrorisme et l\u2019extr\u00e9misme n\u00e9cessit\u00e9 de consolider la coop\u00e9ration, notamment en Afrique.&nbsp;<\/p>\n\n\n\n<p>Le&nbsp;Chef de l\u2019\u00c9tat-major de l\u2019ANP,&nbsp;le G\u00e9n\u00e9ral de corps d\u2019Arm\u00e9e Said Chengriha, a re\u00e7u hier au si\u00e8ge de l\u2019Etat major de l\u2019Arm\u00e9e nationale populaire,&nbsp;le&nbsp;G\u00e9n\u00e9ral d\u2019Arm\u00e9e Antonio Egidio De Sousa Santos,&nbsp;Chef d\u2019Etat-major des forces arm\u00e9es&nbsp;angolaises, qui est en visite officielle en Alg\u00e9rie pour trois jours,&nbsp;accompagn\u00e9 d\u2019une forte d\u00e9l\u00e9gation militaire.<\/p>\n\n\n\n<p>La rencontre a d\u2019ailleurs \u00e9t\u00e9 une opportunit\u00e9 pour le G\u00e9n\u00e9ral de corps d\u2019Arm\u00e9e Sa\u00efd Chanegriha de mettre en avant l\u2019exp\u00e9rience de l\u2019Alg\u00e9rie en mati\u00e8re de lutte anti-terroriste. Dans ce contexte, et dans une allocution qu\u2019il a prononc\u00e9e \u00e0 l\u2019occasion, le Chef de l\u2019\u00c9tat-major de l\u2019ANP a rappel\u00e9 que&nbsp;\u00ab l\u2019Alg\u00e9rie \u00e0 toujours contribu\u00e9 \u00e0 la sensibilisation de la communaut\u00e9 internationale quant au caract\u00e8re transfrontalier du fl\u00e9au du terrorisme et de ses dangers, partant de sa riche et longue exp\u00e9rience en la mati\u00e8re \u00bb. Et d\u2019ajouter,&nbsp;dans le m\u00eame sillage,&nbsp;\u00ab qu\u2019au fil des ann\u00e9es, l\u2019exp\u00e9rience acquise de notre combat contre le terrorisme, fait ressortir qu\u2019aucun pays n\u2019est \u00e0 l\u2019abri de la menace terroriste et que la lutte contre ce ph\u00e9nom\u00e8ne ne peut \u00eatre la mission d\u2019un seul pays \u00bb. C\u2019est pourquoi, poursuit le chef d\u2019Etat major de l\u2019ANP, \u00ab l\u2019Alg\u00e9rie a grandement contribu\u00e9 \u00e0 la prise de conscience, par la communaut\u00e9 internationale, quant \u00e0 la dimension transfrontali\u00e8re et des dangers de ce fl\u00e9au, comme elle a activement \u0153uvr\u00e9 pour que les pays de la r\u00e9gion, disposent de capacit\u00e9s militaires et de l\u2019efficacit\u00e9 requise en mati\u00e8re de lutte contre le terrorisme \u00bb.<\/p>\n\n\n\n<p>Il a dans ce sens soulign\u00e9 l\u2019importance de la d\u00e9l\u00e9gation militaire angolaise en Alg\u00e9rie en ce qu\u2019elle&nbsp;\u00ab r\u00e9affirme notre d\u00e9termination \u00e0 travailler ensemble \u00e0 la faveur de la volont\u00e9 clairvoyante qui aura pour effet positif direct de multiplier les opportunit\u00e9s de rencontres et ce de concertations, ce qui nous permettra d\u2019\u00e9changer r\u00e9guli\u00e8rement les points de vues sur les questions d\u2019int\u00e9r\u00eat commun \u00bb.&nbsp;\u00ab Notre volont\u00e9 de coop\u00e9ration bilat\u00e9rale est en mesure de refl\u00e9ter une dynamique \u00e0 m\u00eame d\u2019ent\u00e9riner nos relations dans un processus p\u00e9renne et pragmatique et de hisser \u00e0 la hauteur des ambitions de nos deux arm\u00e9es \u00bb, a d\u00e9clar\u00e9&nbsp;le G\u00e9n\u00e9ral de corps d\u2019Arm\u00e9e, Said Chengriha, soulignant qu\u2019 \u00ab en fait, notre rencontre d\u2019aujourd\u2019hui repr\u00e9sente une opportunit\u00e9 pour d\u00e9finir les volets de notre coop\u00e9ration militaire bilat\u00e9rale et concr\u00e9tiser ses perspectives \u00bb.<\/p>\n\n\n\n<p>Said Chanegriha a \u00e9galement rappel\u00e9&nbsp;le dernier sommet de l\u2019Union&nbsp;africaine&nbsp;lors duquel \u00ab le pr\u00e9sident de la R\u00e9publique, Abdelmadjid Tebboune&nbsp;&nbsp;a plaid\u00e9 pour la conception d\u2019une nouvelle approche&nbsp;africaine globale et int\u00e9gr\u00e9e pour la lutte contre le terrorisme et l\u2019extr\u00e9misme violent \u00bb estimant que \u00ab la bataille contre ce dangereux fl\u00e9au, n\u00e9cessit\u00e9 la conjugaison des efforts de tous, notamment en ce contexte d\u2019instabilit\u00e9 que connait la r\u00e9gion du Sahel et du Sahara, marqu\u00e9 \u00e9galement par l\u2019aggravation, de la menace terroriste et la prolif\u00e9ration des organisations connexes dans plusieurs pays du continent \u00bb.<\/p>\n\n\n\n<p>Cette approche, explique le chef d\u2019Etat-major&nbsp;de l\u2019ANP,&nbsp;\u00ab repose sur deux volets majeurs, \u00e0 savoir la lutte contre les groupes extr\u00e9mistes sur le terrain d\u2019une part, et la lutte contre les id\u00e9es radicales et l\u2019immunisation des soci\u00e9t\u00e9s&nbsp;africaines&nbsp;&nbsp;contre ces id\u00e9ologies insidieuses, d\u2019autre part \u00bb.<\/p>\n\n\n\n<p><strong>Boubekeur Amrani<\/strong><\/p>\n","protected":false},"excerpt":{"rendered":"<p>Le Chef de l\u2019\u00c9tat-major de l\u2019ANP a soulign\u00e9, hier qu\u2019aucun pays n\u2019est \u00e0 l\u2019abris de la menace terroriste, soulignant que<\/p>\n","protected":false},"author":3,"featured_media":17097,"comment_status":"open","ping_status":"closed","sticky":false,"template":"","format":"standard","meta":{"colormag_page_container_layout":"default_layout","colormag_page_sidebar_layout":"default_layout","om_disable_all_campaigns":false,"_monsterinsights_skip_tracking":false,"_monsterinsights_sitenote_active":false,"_monsterinsights_sitenote_note":"","_monsterinsights_sitenote_category":0,"footnotes":"","_wpscppro_dont_share_socialmedia":false,"_wpscppro_custom_social_share_image":0,"_facebook_share_type":"","_twitter_share_type":"","_linkedin_share_type":"","_pinterest_share_type":"","_linkedin_share_type_page":"","_instagram_share_type":"","_medium_share_type":"","_threads_share_type":"","_google_business_share_type":"","_selected_social_profile":[],"_wpsp_enable_custom_social_template":false,"_wpsp_social_scheduling":{"enabled":false,"datetime":null,"platforms":[],"status":"template_only","dateOption":"today","timeOption":"now","customDays":"","customHours":"","customDate":"","customTime":"","schedulingType":"absolute"},"_wpsp_active_default_template":true},"categories":[52,27],"tags":[],"class_list":["post-17075","post","type-post","status-publish","format-standard","has-post-thumbnail","hentry","category-a-la-une","category-actualite"],"aioseo_notices":[],"yoast_head":"<!-- This site is optimized with the Yoast SEO plugin v27.5 - https:\/\/yoast.com\/product\/yoast-seo-wordpress\/ -->\n<title>Le chef de L\u2019Etat major de l\u2019ANP\u00a0re\u00e7oit son\u00a0homologue\u00a0angolais\u00a0: \u00ab\u00a0La lutte contre le terrorisme n\u00e9cessite la consolidation de la coop\u00e9ration\u00a0\u00bb - La Sentinelle<\/title>\n<meta name=\"robots\" content=\"index, follow, max-snippet:-1, max-image-preview:large, max-video-preview:-1\" \/>\n<link rel=\"canonical\" href=\"https:\/\/lasentinelle.dz\/index.php\/2022\/02\/16\/le-chef-detat-major-de-lanp-recoit-son-homologue-angolais-la-lutte-contre-le-terrorisme-necessite-la-consolidation-de-la-cooperation\/\" \/>\n<meta property=\"og:locale\" content=\"fr_FR\" \/>\n<meta property=\"og:type\" content=\"article\" \/>\n<meta property=\"og:title\" content=\"Le chef de L\u2019Etat major de l\u2019ANP\u00a0re\u00e7oit son\u00a0homologue\u00a0angolais\u00a0: \u00ab\u00a0La lutte contre le terrorisme n\u00e9cessite la consolidation de la coop\u00e9ration\u00a0\u00bb - La Sentinelle\" \/>\n<meta property=\"og:description\" content=\"Le Chef de l\u2019\u00c9tat-major de l\u2019ANP a soulign\u00e9, hier qu\u2019aucun pays n\u2019est \u00e0 l\u2019abris de la menace terroriste, soulignant que\" \/>\n<meta property=\"og:url\" content=\"https:\/\/lasentinelle.dz\/index.php\/2022\/02\/16\/le-chef-detat-major-de-lanp-recoit-son-homologue-angolais-la-lutte-contre-le-terrorisme-necessite-la-consolidation-de-la-cooperation\/\" \/>\n<meta property=\"og:site_name\" content=\"La Sentinelle\" \/>\n<meta property=\"article:publisher\" content=\"https:\/\/www.facebook.com\/La-Sentinelle-104059864394773\" \/>\n<meta property=\"article:published_time\" content=\"2022-02-15T23:05:00+00:00\" \/>\n<meta property=\"og:image\" content=\"https:\/\/lasentinelle.dz\/wp-content\/uploads\/2022\/02\/Chengriha-125-696x406-1.png\" \/>\n\t<meta property=\"og:image:width\" content=\"1543\" \/>\n\t<meta property=\"og:image:height\" content=\"900\" \/>\n\t<meta property=\"og:image:type\" content=\"image\/png\" \/>\n<meta name=\"author\" content=\"La Sentinelle\" \/>\n<meta name=\"twitter:card\" content=\"summary_large_image\" \/>\n<meta name=\"twitter:label1\" content=\"\u00c9crit par\" \/>\n\t<meta name=\"twitter:data1\" content=\"La Sentinelle\" \/>\n\t<meta name=\"twitter:label2\" content=\"Dur\u00e9e de lecture estim\u00e9e\" \/>\n\t<meta name=\"twitter:data2\" content=\"3 minutes\" \/>\n<script type=\"application\/ld+json\" class=\"yoast-schema-graph\">{\"@context\":\"https:\\\/\\\/schema.org\",\"@graph\":[{\"@type\":\"Article\",\"@id\":\"https:\\\/\\\/lasentinelle.dz\\\/index.php\\\/2022\\\/02\\\/16\\\/le-chef-detat-major-de-lanp-recoit-son-homologue-angolais-la-lutte-contre-le-terrorisme-necessite-la-consolidation-de-la-cooperation\\\/#article\",\"isPartOf\":{\"@id\":\"https:\\\/\\\/lasentinelle.dz\\\/index.php\\\/2022\\\/02\\\/16\\\/le-chef-detat-major-de-lanp-recoit-son-homologue-angolais-la-lutte-contre-le-terrorisme-necessite-la-consolidation-de-la-cooperation\\\/\"},\"author\":{\"name\":\"La Sentinelle\",\"@id\":\"https:\\\/\\\/lasentinelle.dz\\\/#\\\/schema\\\/person\\\/d865044e22e70a75174ce8bcad3acfb3\"},\"headline\":\"Le chef de L\u2019Etat major de l\u2019ANP\u00a0re\u00e7oit son\u00a0homologue\u00a0angolais\u00a0: \u00ab\u00a0La lutte contre le terrorisme n\u00e9cessite la consolidation de la coop\u00e9ration\u00a0\u00bb\",\"datePublished\":\"2022-02-15T23:05:00+00:00\",\"mainEntityOfPage\":{\"@id\":\"https:\\\/\\\/lasentinelle.dz\\\/index.php\\\/2022\\\/02\\\/16\\\/le-chef-detat-major-de-lanp-recoit-son-homologue-angolais-la-lutte-contre-le-terrorisme-necessite-la-consolidation-de-la-cooperation\\\/\"},\"wordCount\":710,\"commentCount\":0,\"publisher\":{\"@id\":\"https:\\\/\\\/lasentinelle.dz\\\/#organization\"},\"image\":{\"@id\":\"https:\\\/\\\/lasentinelle.dz\\\/index.php\\\/2022\\\/02\\\/16\\\/le-chef-detat-major-de-lanp-recoit-son-homologue-angolais-la-lutte-contre-le-terrorisme-necessite-la-consolidation-de-la-cooperation\\\/#primaryimage\"},\"thumbnailUrl\":\"https:\\\/\\\/lasentinelle.dz\\\/wp-content\\\/uploads\\\/2022\\\/02\\\/Chengriha-125-696x406-1.png\",\"articleSection\":[\"\u00c0 la Une\",\"Actualit\u00e9\"],\"inLanguage\":\"fr-FR\",\"potentialAction\":[{\"@type\":\"CommentAction\",\"name\":\"Comment\",\"target\":[\"https:\\\/\\\/lasentinelle.dz\\\/index.php\\\/2022\\\/02\\\/16\\\/le-chef-detat-major-de-lanp-recoit-son-homologue-angolais-la-lutte-contre-le-terrorisme-necessite-la-consolidation-de-la-cooperation\\\/#respond\"]}]},{\"@type\":\"WebPage\",\"@id\":\"https:\\\/\\\/lasentinelle.dz\\\/index.php\\\/2022\\\/02\\\/16\\\/le-chef-detat-major-de-lanp-recoit-son-homologue-angolais-la-lutte-contre-le-terrorisme-necessite-la-consolidation-de-la-cooperation\\\/\",\"url\":\"https:\\\/\\\/lasentinelle.dz\\\/index.php\\\/2022\\\/02\\\/16\\\/le-chef-detat-major-de-lanp-recoit-son-homologue-angolais-la-lutte-contre-le-terrorisme-necessite-la-consolidation-de-la-cooperation\\\/\",\"name\":\"Le chef de L\u2019Etat major de l\u2019ANP\u00a0re\u00e7oit son\u00a0homologue\u00a0angolais\u00a0: \u00ab\u00a0La lutte contre le terrorisme n\u00e9cessite la consolidation de la coop\u00e9ration\u00a0\u00bb - La Sentinelle\",\"isPartOf\":{\"@id\":\"https:\\\/\\\/lasentinelle.dz\\\/#website\"},\"primaryImageOfPage\":{\"@id\":\"https:\\\/\\\/lasentinelle.dz\\\/index.php\\\/2022\\\/02\\\/16\\\/le-chef-detat-major-de-lanp-recoit-son-homologue-angolais-la-lutte-contre-le-terrorisme-necessite-la-consolidation-de-la-cooperation\\\/#primaryimage\"},\"image\":{\"@id\":\"https:\\\/\\\/lasentinelle.dz\\\/index.php\\\/2022\\\/02\\\/16\\\/le-chef-detat-major-de-lanp-recoit-son-homologue-angolais-la-lutte-contre-le-terrorisme-necessite-la-consolidation-de-la-cooperation\\\/#primaryimage\"},\"thumbnailUrl\":\"https:\\\/\\\/lasentinelle.dz\\\/wp-content\\\/uploads\\\/2022\\\/02\\\/Chengriha-125-696x406-1.png\",\"datePublished\":\"2022-02-15T23:05:00+00:00\",\"breadcrumb\":{\"@id\":\"https:\\\/\\\/lasentinelle.dz\\\/index.php\\\/2022\\\/02\\\/16\\\/le-chef-detat-major-de-lanp-recoit-son-homologue-angolais-la-lutte-contre-le-terrorisme-necessite-la-consolidation-de-la-cooperation\\\/#breadcrumb\"},\"inLanguage\":\"fr-FR\",\"potentialAction\":[{\"@type\":\"ReadAction\",\"target\":[\"https:\\\/\\\/lasentinelle.dz\\\/index.php\\\/2022\\\/02\\\/16\\\/le-chef-detat-major-de-lanp-recoit-son-homologue-angolais-la-lutte-contre-le-terrorisme-necessite-la-consolidation-de-la-cooperation\\\/\"]}]},{\"@type\":\"ImageObject\",\"inLanguage\":\"fr-FR\",\"@id\":\"https:\\\/\\\/lasentinelle.dz\\\/index.php\\\/2022\\\/02\\\/16\\\/le-chef-detat-major-de-lanp-recoit-son-homologue-angolais-la-lutte-contre-le-terrorisme-necessite-la-consolidation-de-la-cooperation\\\/#primaryimage\",\"url\":\"https:\\\/\\\/lasentinelle.dz\\\/wp-content\\\/uploads\\\/2022\\\/02\\\/Chengriha-125-696x406-1.png\",\"contentUrl\":\"https:\\\/\\\/lasentinelle.dz\\\/wp-content\\\/uploads\\\/2022\\\/02\\\/Chengriha-125-696x406-1.png\",\"width\":1543,\"height\":900},{\"@type\":\"BreadcrumbList\",\"@id\":\"https:\\\/\\\/lasentinelle.dz\\\/index.php\\\/2022\\\/02\\\/16\\\/le-chef-detat-major-de-lanp-recoit-son-homologue-angolais-la-lutte-contre-le-terrorisme-necessite-la-consolidation-de-la-cooperation\\\/#breadcrumb\",\"itemListElement\":[{\"@type\":\"ListItem\",\"position\":1,\"name\":\"Accueil\",\"item\":\"https:\\\/\\\/lasentinelle.dz\\\/\"},{\"@type\":\"ListItem\",\"position\":2,\"name\":\"Le chef de L\u2019Etat major de l\u2019ANP\u00a0re\u00e7oit son\u00a0homologue\u00a0angolais\u00a0: \u00ab\u00a0La lutte contre le terrorisme n\u00e9cessite la consolidation de la coop\u00e9ration\u00a0\u00bb\"}]},{\"@type\":\"WebSite\",\"@id\":\"https:\\\/\\\/lasentinelle.dz\\\/#website\",\"url\":\"https:\\\/\\\/lasentinelle.dz\\\/\",\"name\":\"La Sentinelle\",\"description\":\"Quotidien national d&#039;information\",\"publisher\":{\"@id\":\"https:\\\/\\\/lasentinelle.dz\\\/#organization\"},\"potentialAction\":[{\"@type\":\"SearchAction\",\"target\":{\"@type\":\"EntryPoint\",\"urlTemplate\":\"https:\\\/\\\/lasentinelle.dz\\\/?s={search_term_string}\"},\"query-input\":{\"@type\":\"PropertyValueSpecification\",\"valueRequired\":true,\"valueName\":\"search_term_string\"}}],\"inLanguage\":\"fr-FR\"},{\"@type\":\"Organization\",\"@id\":\"https:\\\/\\\/lasentinelle.dz\\\/#organization\",\"name\":\"Quotidien La Sentinelle\",\"url\":\"https:\\\/\\\/lasentinelle.dz\\\/\",\"logo\":{\"@type\":\"ImageObject\",\"inLanguage\":\"fr-FR\",\"@id\":\"https:\\\/\\\/lasentinelle.dz\\\/#\\\/schema\\\/logo\\\/image\\\/\",\"url\":\"https:\\\/\\\/lasentinelle.dz\\\/wp-content\\\/uploads\\\/2021\\\/09\\\/logo-sentinelleSLOGAN-1.png\",\"contentUrl\":\"https:\\\/\\\/lasentinelle.dz\\\/wp-content\\\/uploads\\\/2021\\\/09\\\/logo-sentinelleSLOGAN-1.png\",\"width\":615,\"height\":142,\"caption\":\"Quotidien La Sentinelle\"},\"image\":{\"@id\":\"https:\\\/\\\/lasentinelle.dz\\\/#\\\/schema\\\/logo\\\/image\\\/\"},\"sameAs\":[\"https:\\\/\\\/www.facebook.com\\\/La-Sentinelle-104059864394773\"]},{\"@type\":\"Person\",\"@id\":\"https:\\\/\\\/lasentinelle.dz\\\/#\\\/schema\\\/person\\\/d865044e22e70a75174ce8bcad3acfb3\",\"name\":\"La Sentinelle\",\"image\":{\"@type\":\"ImageObject\",\"inLanguage\":\"fr-FR\",\"@id\":\"https:\\\/\\\/secure.gravatar.com\\\/avatar\\\/57de8e5d4b15d43fb361a71fbb36338450fe67865b528a43dd10ef7c51a20392?s=96&d=mm&r=g\",\"url\":\"https:\\\/\\\/secure.gravatar.com\\\/avatar\\\/57de8e5d4b15d43fb361a71fbb36338450fe67865b528a43dd10ef7c51a20392?s=96&d=mm&r=g\",\"contentUrl\":\"https:\\\/\\\/secure.gravatar.com\\\/avatar\\\/57de8e5d4b15d43fb361a71fbb36338450fe67865b528a43dd10ef7c51a20392?s=96&d=mm&r=g\",\"caption\":\"La Sentinelle\"},\"sameAs\":[\"http:\\\/\\\/www.lasentinelle.dz\"],\"url\":\"https:\\\/\\\/lasentinelle.dz\\\/author\\\/redaction\\\/\"}]}<\/script>\n<!-- \/ Yoast SEO plugin. -->","yoast_head_json":{"title":"Le chef de L\u2019Etat major de l\u2019ANP\u00a0re\u00e7oit son\u00a0homologue\u00a0angolais\u00a0: \u00ab\u00a0La lutte contre le terrorisme n\u00e9cessite la consolidation de la coop\u00e9ration\u00a0\u00bb - La Sentinelle","robots":{"index":"index","follow":"follow","max-snippet":"max-snippet:-1","max-image-preview":"max-image-preview:large","max-video-preview":"max-video-preview:-1"},"canonical":"https:\/\/lasentinelle.dz\/index.php\/2022\/02\/16\/le-chef-detat-major-de-lanp-recoit-son-homologue-angolais-la-lutte-contre-le-terrorisme-necessite-la-consolidation-de-la-cooperation\/","og_locale":"fr_FR","og_type":"article","og_title":"Le chef de L\u2019Etat major de l\u2019ANP\u00a0re\u00e7oit son\u00a0homologue\u00a0angolais\u00a0: \u00ab\u00a0La lutte contre le terrorisme n\u00e9cessite la consolidation de la coop\u00e9ration\u00a0\u00bb - La Sentinelle","og_description":"Le Chef de l\u2019\u00c9tat-major de l\u2019ANP a soulign\u00e9, hier qu\u2019aucun pays n\u2019est \u00e0 l\u2019abris de la menace terroriste, soulignant que","og_url":"https:\/\/lasentinelle.dz\/index.php\/2022\/02\/16\/le-chef-detat-major-de-lanp-recoit-son-homologue-angolais-la-lutte-contre-le-terrorisme-necessite-la-consolidation-de-la-cooperation\/","og_site_name":"La Sentinelle","article_publisher":"https:\/\/www.facebook.com\/La-Sentinelle-104059864394773","article_published_time":"2022-02-15T23:05:00+00:00","og_image":[{"width":1543,"height":900,"url":"https:\/\/lasentinelle.dz\/wp-content\/uploads\/2022\/02\/Chengriha-125-696x406-1.png","type":"image\/png"}],"author":"La Sentinelle","twitter_card":"summary_large_image","twitter_misc":{"\u00c9crit par":"La Sentinelle","Dur\u00e9e de lecture estim\u00e9e":"3 minutes"},"schema":{"@context":"https:\/\/schema.org","@graph":[{"@type":"Article","@id":"https:\/\/lasentinelle.dz\/index.php\/2022\/02\/16\/le-chef-detat-major-de-lanp-recoit-son-homologue-angolais-la-lutte-contre-le-terrorisme-necessite-la-consolidation-de-la-cooperation\/#article","isPartOf":{"@id":"https:\/\/lasentinelle.dz\/index.php\/2022\/02\/16\/le-chef-detat-major-de-lanp-recoit-son-homologue-angolais-la-lutte-contre-le-terrorisme-necessite-la-consolidation-de-la-cooperation\/"},"author":{"name":"La Sentinelle","@id":"https:\/\/lasentinelle.dz\/#\/schema\/person\/d865044e22e70a75174ce8bcad3acfb3"},"headline":"Le chef de L\u2019Etat major de l\u2019ANP\u00a0re\u00e7oit son\u00a0homologue\u00a0angolais\u00a0: \u00ab\u00a0La lutte contre le terrorisme n\u00e9cessite la consolidation de la coop\u00e9ration\u00a0\u00bb","datePublished":"2022-02-15T23:05:00+00:00","mainEntityOfPage":{"@id":"https:\/\/lasentinelle.dz\/index.php\/2022\/02\/16\/le-chef-detat-major-de-lanp-recoit-son-homologue-angolais-la-lutte-contre-le-terrorisme-necessite-la-consolidation-de-la-cooperation\/"},"wordCount":710,"commentCount":0,"publisher":{"@id":"https:\/\/lasentinelle.dz\/#organization"},"image":{"@id":"https:\/\/lasentinelle.dz\/index.php\/2022\/02\/16\/le-chef-detat-major-de-lanp-recoit-son-homologue-angolais-la-lutte-contre-le-terrorisme-necessite-la-consolidation-de-la-cooperation\/#primaryimage"},"thumbnailUrl":"https:\/\/lasentinelle.dz\/wp-content\/uploads\/2022\/02\/Chengriha-125-696x406-1.png","articleSection":["\u00c0 la Une","Actualit\u00e9"],"inLanguage":"fr-FR","potentialAction":[{"@type":"CommentAction","name":"Comment","target":["https:\/\/lasentinelle.dz\/index.php\/2022\/02\/16\/le-chef-detat-major-de-lanp-recoit-son-homologue-angolais-la-lutte-contre-le-terrorisme-necessite-la-consolidation-de-la-cooperation\/#respond"]}]},{"@type":"WebPage","@id":"https:\/\/lasentinelle.dz\/index.php\/2022\/02\/16\/le-chef-detat-major-de-lanp-recoit-son-homologue-angolais-la-lutte-contre-le-terrorisme-necessite-la-consolidation-de-la-cooperation\/","url":"https:\/\/lasentinelle.dz\/index.php\/2022\/02\/16\/le-chef-detat-major-de-lanp-recoit-son-homologue-angolais-la-lutte-contre-le-terrorisme-necessite-la-consolidation-de-la-cooperation\/","name":"Le chef de L\u2019Etat major de l\u2019ANP\u00a0re\u00e7oit son\u00a0homologue\u00a0angolais\u00a0: \u00ab\u00a0La lutte contre le terrorisme n\u00e9cessite la consolidation de la coop\u00e9ration\u00a0\u00bb - La Sentinelle","isPartOf":{"@id":"https:\/\/lasentinelle.dz\/#website"},"primaryImageOfPage":{"@id":"https:\/\/lasentinelle.dz\/index.php\/2022\/02\/16\/le-chef-detat-major-de-lanp-recoit-son-homologue-angolais-la-lutte-contre-le-terrorisme-necessite-la-consolidation-de-la-cooperation\/#primaryimage"},"image":{"@id":"https:\/\/lasentinelle.dz\/index.php\/2022\/02\/16\/le-chef-detat-major-de-lanp-recoit-son-homologue-angolais-la-lutte-contre-le-terrorisme-necessite-la-consolidation-de-la-cooperation\/#primaryimage"},"thumbnailUrl":"https:\/\/lasentinelle.dz\/wp-content\/uploads\/2022\/02\/Chengriha-125-696x406-1.png","datePublished":"2022-02-15T23:05:00+00:00","breadcrumb":{"@id":"https:\/\/lasentinelle.dz\/index.php\/2022\/02\/16\/le-chef-detat-major-de-lanp-recoit-son-homologue-angolais-la-lutte-contre-le-terrorisme-necessite-la-consolidation-de-la-cooperation\/#breadcrumb"},"inLanguage":"fr-FR","potentialAction":[{"@type":"ReadAction","target":["https:\/\/lasentinelle.dz\/index.php\/2022\/02\/16\/le-chef-detat-major-de-lanp-recoit-son-homologue-angolais-la-lutte-contre-le-terrorisme-necessite-la-consolidation-de-la-cooperation\/"]}]},{"@type":"ImageObject","inLanguage":"fr-FR","@id":"https:\/\/lasentinelle.dz\/index.php\/2022\/02\/16\/le-chef-detat-major-de-lanp-recoit-son-homologue-angolais-la-lutte-contre-le-terrorisme-necessite-la-consolidation-de-la-cooperation\/#primaryimage","url":"https:\/\/lasentinelle.dz\/wp-content\/uploads\/2022\/02\/Chengriha-125-696x406-1.png","contentUrl":"https:\/\/lasentinelle.dz\/wp-content\/uploads\/2022\/02\/Chengriha-125-696x406-1.png","width":1543,"height":900},{"@type":"BreadcrumbList","@id":"https:\/\/lasentinelle.dz\/index.php\/2022\/02\/16\/le-chef-detat-major-de-lanp-recoit-son-homologue-angolais-la-lutte-contre-le-terrorisme-necessite-la-consolidation-de-la-cooperation\/#breadcrumb","itemListElement":[{"@type":"ListItem","position":1,"name":"Accueil","item":"https:\/\/lasentinelle.dz\/"},{"@type":"ListItem","position":2,"name":"Le chef de L\u2019Etat major de l\u2019ANP\u00a0re\u00e7oit son\u00a0homologue\u00a0angolais\u00a0: \u00ab\u00a0La lutte contre le terrorisme n\u00e9cessite la consolidation de la coop\u00e9ration\u00a0\u00bb"}]},{"@type":"WebSite","@id":"https:\/\/lasentinelle.dz\/#website","url":"https:\/\/lasentinelle.dz\/","name":"La Sentinelle","description":"Quotidien national d&#039;information","publisher":{"@id":"https:\/\/lasentinelle.dz\/#organization"},"potentialAction":[{"@type":"SearchAction","target":{"@type":"EntryPoint","urlTemplate":"https:\/\/lasentinelle.dz\/?s={search_term_string}"},"query-input":{"@type":"PropertyValueSpecification","valueRequired":true,"valueName":"search_term_string"}}],"inLanguage":"fr-FR"},{"@type":"Organization","@id":"https:\/\/lasentinelle.dz\/#organization","name":"Quotidien La Sentinelle","url":"https:\/\/lasentinelle.dz\/","logo":{"@type":"ImageObject","inLanguage":"fr-FR","@id":"https:\/\/lasentinelle.dz\/#\/schema\/logo\/image\/","url":"https:\/\/lasentinelle.dz\/wp-content\/uploads\/2021\/09\/logo-sentinelleSLOGAN-1.png","contentUrl":"https:\/\/lasentinelle.dz\/wp-content\/uploads\/2021\/09\/logo-sentinelleSLOGAN-1.png","width":615,"height":142,"caption":"Quotidien La Sentinelle"},"image":{"@id":"https:\/\/lasentinelle.dz\/#\/schema\/logo\/image\/"},"sameAs":["https:\/\/www.facebook.com\/La-Sentinelle-104059864394773"]},{"@type":"Person","@id":"https:\/\/lasentinelle.dz\/#\/schema\/person\/d865044e22e70a75174ce8bcad3acfb3","name":"La Sentinelle","image":{"@type":"ImageObject","inLanguage":"fr-FR","@id":"https:\/\/secure.gravatar.com\/avatar\/57de8e5d4b15d43fb361a71fbb36338450fe67865b528a43dd10ef7c51a20392?s=96&d=mm&r=g","url":"https:\/\/secure.gravatar.com\/avatar\/57de8e5d4b15d43fb361a71fbb36338450fe67865b528a43dd10ef7c51a20392?s=96&d=mm&r=g","contentUrl":"https:\/\/secure.gravatar.com\/avatar\/57de8e5d4b15d43fb361a71fbb36338450fe67865b528a43dd10ef7c51a20392?s=96&d=mm&r=g","caption":"La Sentinelle"},"sameAs":["http:\/\/www.lasentinelle.dz"],"url":"https:\/\/lasentinelle.dz\/author\/redaction\/"}]}},"_links":{"self":[{"href":"https:\/\/lasentinelle.dz\/index.php\/wp-json\/wp\/v2\/posts\/17075","targetHints":{"allow":["GET"]}}],"collection":[{"href":"https:\/\/lasentinelle.dz\/index.php\/wp-json\/wp\/v2\/posts"}],"about":[{"href":"https:\/\/lasentinelle.dz\/index.php\/wp-json\/wp\/v2\/types\/post"}],"author":[{"embeddable":true,"href":"https:\/\/lasentinelle.dz\/index.php\/wp-json\/wp\/v2\/users\/3"}],"replies":[{"embeddable":true,"href":"https:\/\/lasentinelle.dz\/index.php\/wp-json\/wp\/v2\/comments?post=17075"}],"version-history":[{"count":2,"href":"https:\/\/lasentinelle.dz\/index.php\/wp-json\/wp\/v2\/posts\/17075\/revisions"}],"predecessor-version":[{"id":17103,"href":"https:\/\/lasentinelle.dz\/index.php\/wp-json\/wp\/v2\/posts\/17075\/revisions\/17103"}],"wp:featuredmedia":[{"embeddable":true,"href":"https:\/\/lasentinelle.dz\/index.php\/wp-json\/wp\/v2\/media\/17097"}],"wp:attachment":[{"href":"https:\/\/lasentinelle.dz\/index.php\/wp-json\/wp\/v2\/media?parent=17075"}],"wp:term":[{"taxonomy":"category","embeddable":true,"href":"https:\/\/lasentinelle.dz\/index.php\/wp-json\/wp\/v2\/categories?post=17075"},{"taxonomy":"post_tag","embeddable":true,"href":"https:\/\/lasentinelle.dz\/index.php\/wp-json\/wp\/v2\/tags?post=17075"}],"curies":[{"name":"wp","href":"https:\/\/api.w.org\/{rel}","templated":true}]}}