{"id":17077,"date":"2022-02-16T00:05:00","date_gmt":"2022-02-15T23:05:00","guid":{"rendered":"https:\/\/lasentinelle.dz\/?p=17077"},"modified":"2022-02-15T20:31:44","modified_gmt":"2022-02-15T19:31:44","slug":"regularisation-des-constructions-non-conformes-de-nouvelles-conditions-fixees","status":"publish","type":"post","link":"https:\/\/lasentinelle.dz\/index.php\/2022\/02\/16\/regularisation-des-constructions-non-conformes-de-nouvelles-conditions-fixees\/","title":{"rendered":"R\u00e9gularisation des constructions non-conformes\u00a0: De nouvelles conditions fix\u00e9es"},"content":{"rendered":"\n<p>L&rsquo;anarchie qui caract\u00e9rise le paysage urbanistique jointe \u00e0 celle qui entache grandement le volet juridique n\u00e9cessite un traitement efficace et urgent. La situation pr\u00e9valant sur le terrain, appelle en effet des solutions efficaces \u00e0 m\u00eame de r\u00e9glementer le cr\u00e9neau. Mais, avant de passer \u00e0 cette \u00e9tape cruciale, il y a urgence de prendre en charge d\u00e9finitivement les situations conflictuelles engendr\u00e9es par les infractions et les irr\u00e9gularit\u00e9s qui ont caract\u00e9ris\u00e9 les anciennes constructions. Combler les vides juridiques et r\u00e9adapter l&rsquo;arsenal juridique aux exigences du terrain et du moment s&rsquo;av\u00e8re ainsi \u00eatre une priorit\u00e9 pour les pouvoirs publics qui entament ainsi un travail de r\u00e9gularisation des constructions non conformes au permis de construire.&nbsp;&nbsp;&nbsp;Ce document cl\u00e9 n\u00e9cessaire \u00e0 toute construction \u00e0 usage individuel, collectif ou autres vient de se voir dot\u00e9 d&rsquo;un arsenal juridique pr\u00e9cis paru dans le journal officiel du mois de f\u00e9vrier 2022. En effet, le D\u00e9cret ex\u00e9cutif n\u00b0 22-55 du Aouel Rajab 1443 correspondant au 2 f\u00e9vrier 2022 porte sur les conditions de r\u00e9gularisation des constructions non-conformes au permis de construire d\u00e9livr\u00e9. Le premier article d\u00e9finit ainsi l&rsquo;ensemble des r\u00e8gles juridiques qui r\u00e9gissent le voisinage notamment en mati\u00e8re de mitoyennet\u00e9, d&rsquo;alignement, d&rsquo;ouverture sur fa\u00e7ade et d&#8217;emprise au sol et de gabarit. Le cadre juridique comportant les droits et les obligations garantissant le respect des r\u00e8gles de construction en mati\u00e8re de s\u00e9curit\u00e9 et de stabilit\u00e9 de l&rsquo;ouvrage et enfin la valeur de la partie de la construction ajout\u00e9e ou modifi\u00e9e.&nbsp;&nbsp;Aussi, les constructions en infraction doivent selon ce d\u00e9cret r\u00e9pondre \u00e0 des crit\u00e8res et normes juridiques tr\u00e8s pr\u00e9cises. Elles doivent respecter les r\u00e8gles g\u00e9n\u00e9rales de l&rsquo;urbanisme pour ne pas constituer une anomalie dans le paysage urbanistique. Ainsi, l&rsquo;article 4 qui prend en charge ce point stipule que ces b\u00e2tisses doivent \u00eatre conformes aux normes d&#8217;empi\u00e8tement sur l&rsquo;espace de recul \u00e0 l&rsquo;int\u00e9rieur de la propri\u00e9t\u00e9, respecter l&rsquo;ouverture des fa\u00e7ades non-autoris\u00e9es sur le permis de construire, adapter le niveau de sur\u00e9l\u00e9vation de niveau ou d&rsquo;\u00e9tages et enfin respecter les normes de s\u00e9curit\u00e9 notamment en zone sismique.<\/p>\n\n\n\n<p>Par ailleurs, le d\u00e9cret pr\u00e9voit la prise en charge de ce volet au niveau de la wilaya via une commission qui est cr\u00e9\u00e9e par arr\u00eat\u00e9 du pr\u00e9sident de l&rsquo;Assembl\u00e9e populaire communale ou du wali d\u00e9l\u00e9gu\u00e9 ou du wali. L&rsquo;instruction du dossier se fait au niveau du guichet unique. L&rsquo;article 6 pr\u00e9cise \u00e9galement que la commission est compos\u00e9e de repr\u00e9sentants de l&rsquo;\u00c9tat charg\u00e9 de l&rsquo;urbanisme, service de l&rsquo;urbanisme communal, la protection civile avec possibilit\u00e9 de son \u00e9largissement \u00e0 d&rsquo;autres organismes comme la Sonelgaz. Celle-ci peut aussi, selon l&rsquo;article 7, effectuer des visites sur site pour constater les infractions et porter les renseignements obtenus sur la fiche dont le mod\u00e8le type est annex\u00e9 au d\u00e9cret. Ainsi, tout demandeur du permis de construire modificatif doit fournir une demande comportant des documents demand\u00e9s \u00e0 l&rsquo;instar des rapports d&rsquo;expertise d\u00fbment sign\u00e9 par un ing\u00e9nieur en g\u00e9nie civil agr\u00e9\u00e9. Un autre volet relatif aux conditions et sanctions appliqu\u00e9es est trait\u00e9 dans les articles 14 \u00e0 22.&nbsp;<\/p>\n\n\n\n<p><strong>Akli Amor<\/strong><\/p>\n","protected":false},"excerpt":{"rendered":"<p>L&rsquo;anarchie qui caract\u00e9rise le paysage urbanistique jointe \u00e0 celle qui entache grandement le volet juridique n\u00e9cessite un traitement efficace et<\/p>\n","protected":false},"author":3,"featured_media":17093,"comment_status":"open","ping_status":"closed","sticky":false,"template":"","format":"standard","meta":{"colormag_page_container_layout":"default_layout","colormag_page_sidebar_layout":"default_layout","om_disable_all_campaigns":false,"_monsterinsights_skip_tracking":false,"_monsterinsights_sitenote_active":false,"_monsterinsights_sitenote_note":"","_monsterinsights_sitenote_category":0,"footnotes":"","_wpscppro_dont_share_socialmedia":false,"_wpscppro_custom_social_share_image":0,"_facebook_share_type":"","_twitter_share_type":"","_linkedin_share_type":"","_pinterest_share_type":"","_linkedin_share_type_page":"","_instagram_share_type":"","_medium_share_type":"","_threads_share_type":"","_google_business_share_type":"","_selected_social_profile":[],"_wpsp_enable_custom_social_template":false,"_wpsp_social_scheduling":{"enabled":false,"datetime":null,"platforms":[],"status":"template_only","dateOption":"today","timeOption":"now","customDays":"","customHours":"","customDate":"","customTime":"","schedulingType":"absolute"},"_wpsp_active_default_template":true},"categories":[52,27],"tags":[],"class_list":["post-17077","post","type-post","status-publish","format-standard","has-post-thumbnail","hentry","category-a-la-une","category-actualite"],"aioseo_notices":[],"yoast_head":"<!-- This site is optimized with the Yoast SEO plugin v27.5 - https:\/\/yoast.com\/product\/yoast-seo-wordpress\/ -->\n<title>R\u00e9gularisation des constructions non-conformes\u00a0: De nouvelles conditions fix\u00e9es - La Sentinelle<\/title>\n<meta name=\"robots\" content=\"index, follow, max-snippet:-1, max-image-preview:large, max-video-preview:-1\" \/>\n<link rel=\"canonical\" href=\"https:\/\/lasentinelle.dz\/index.php\/2022\/02\/16\/regularisation-des-constructions-non-conformes-de-nouvelles-conditions-fixees\/\" \/>\n<meta property=\"og:locale\" content=\"fr_FR\" \/>\n<meta property=\"og:type\" content=\"article\" \/>\n<meta property=\"og:title\" content=\"R\u00e9gularisation des constructions non-conformes\u00a0: De nouvelles conditions fix\u00e9es - La Sentinelle\" \/>\n<meta property=\"og:description\" content=\"L&rsquo;anarchie qui caract\u00e9rise le paysage urbanistique jointe \u00e0 celle qui entache grandement le volet juridique n\u00e9cessite un traitement efficace et\" \/>\n<meta property=\"og:url\" content=\"https:\/\/lasentinelle.dz\/index.php\/2022\/02\/16\/regularisation-des-constructions-non-conformes-de-nouvelles-conditions-fixees\/\" \/>\n<meta property=\"og:site_name\" content=\"La Sentinelle\" \/>\n<meta property=\"article:publisher\" content=\"https:\/\/www.facebook.com\/La-Sentinelle-104059864394773\" \/>\n<meta property=\"article:published_time\" content=\"2022-02-15T23:05:00+00:00\" \/>\n<meta property=\"og:image\" content=\"https:\/\/lasentinelle.dz\/wp-content\/uploads\/2022\/02\/ddddd.png\" \/>\n\t<meta property=\"og:image:width\" content=\"1800\" \/>\n\t<meta property=\"og:image:height\" content=\"900\" \/>\n\t<meta property=\"og:image:type\" content=\"image\/png\" \/>\n<meta name=\"author\" content=\"La Sentinelle\" \/>\n<meta name=\"twitter:card\" content=\"summary_large_image\" \/>\n<meta name=\"twitter:label1\" content=\"\u00c9crit par\" \/>\n\t<meta name=\"twitter:data1\" content=\"La Sentinelle\" \/>\n\t<meta name=\"twitter:label2\" content=\"Dur\u00e9e de lecture estim\u00e9e\" \/>\n\t<meta name=\"twitter:data2\" content=\"3 minutes\" \/>\n<script type=\"application\/ld+json\" class=\"yoast-schema-graph\">{\"@context\":\"https:\\\/\\\/schema.org\",\"@graph\":[{\"@type\":\"Article\",\"@id\":\"https:\\\/\\\/lasentinelle.dz\\\/index.php\\\/2022\\\/02\\\/16\\\/regularisation-des-constructions-non-conformes-de-nouvelles-conditions-fixees\\\/#article\",\"isPartOf\":{\"@id\":\"https:\\\/\\\/lasentinelle.dz\\\/index.php\\\/2022\\\/02\\\/16\\\/regularisation-des-constructions-non-conformes-de-nouvelles-conditions-fixees\\\/\"},\"author\":{\"name\":\"La Sentinelle\",\"@id\":\"https:\\\/\\\/lasentinelle.dz\\\/#\\\/schema\\\/person\\\/d865044e22e70a75174ce8bcad3acfb3\"},\"headline\":\"R\u00e9gularisation des constructions non-conformes\u00a0: De nouvelles conditions fix\u00e9es\",\"datePublished\":\"2022-02-15T23:05:00+00:00\",\"mainEntityOfPage\":{\"@id\":\"https:\\\/\\\/lasentinelle.dz\\\/index.php\\\/2022\\\/02\\\/16\\\/regularisation-des-constructions-non-conformes-de-nouvelles-conditions-fixees\\\/\"},\"wordCount\":586,\"commentCount\":1,\"publisher\":{\"@id\":\"https:\\\/\\\/lasentinelle.dz\\\/#organization\"},\"image\":{\"@id\":\"https:\\\/\\\/lasentinelle.dz\\\/index.php\\\/2022\\\/02\\\/16\\\/regularisation-des-constructions-non-conformes-de-nouvelles-conditions-fixees\\\/#primaryimage\"},\"thumbnailUrl\":\"https:\\\/\\\/lasentinelle.dz\\\/wp-content\\\/uploads\\\/2022\\\/02\\\/ddddd.png\",\"articleSection\":[\"\u00c0 la Une\",\"Actualit\u00e9\"],\"inLanguage\":\"fr-FR\",\"potentialAction\":[{\"@type\":\"CommentAction\",\"name\":\"Comment\",\"target\":[\"https:\\\/\\\/lasentinelle.dz\\\/index.php\\\/2022\\\/02\\\/16\\\/regularisation-des-constructions-non-conformes-de-nouvelles-conditions-fixees\\\/#respond\"]}]},{\"@type\":\"WebPage\",\"@id\":\"https:\\\/\\\/lasentinelle.dz\\\/index.php\\\/2022\\\/02\\\/16\\\/regularisation-des-constructions-non-conformes-de-nouvelles-conditions-fixees\\\/\",\"url\":\"https:\\\/\\\/lasentinelle.dz\\\/index.php\\\/2022\\\/02\\\/16\\\/regularisation-des-constructions-non-conformes-de-nouvelles-conditions-fixees\\\/\",\"name\":\"R\u00e9gularisation des constructions non-conformes\u00a0: De nouvelles conditions fix\u00e9es - La Sentinelle\",\"isPartOf\":{\"@id\":\"https:\\\/\\\/lasentinelle.dz\\\/#website\"},\"primaryImageOfPage\":{\"@id\":\"https:\\\/\\\/lasentinelle.dz\\\/index.php\\\/2022\\\/02\\\/16\\\/regularisation-des-constructions-non-conformes-de-nouvelles-conditions-fixees\\\/#primaryimage\"},\"image\":{\"@id\":\"https:\\\/\\\/lasentinelle.dz\\\/index.php\\\/2022\\\/02\\\/16\\\/regularisation-des-constructions-non-conformes-de-nouvelles-conditions-fixees\\\/#primaryimage\"},\"thumbnailUrl\":\"https:\\\/\\\/lasentinelle.dz\\\/wp-content\\\/uploads\\\/2022\\\/02\\\/ddddd.png\",\"datePublished\":\"2022-02-15T23:05:00+00:00\",\"breadcrumb\":{\"@id\":\"https:\\\/\\\/lasentinelle.dz\\\/index.php\\\/2022\\\/02\\\/16\\\/regularisation-des-constructions-non-conformes-de-nouvelles-conditions-fixees\\\/#breadcrumb\"},\"inLanguage\":\"fr-FR\",\"potentialAction\":[{\"@type\":\"ReadAction\",\"target\":[\"https:\\\/\\\/lasentinelle.dz\\\/index.php\\\/2022\\\/02\\\/16\\\/regularisation-des-constructions-non-conformes-de-nouvelles-conditions-fixees\\\/\"]}]},{\"@type\":\"ImageObject\",\"inLanguage\":\"fr-FR\",\"@id\":\"https:\\\/\\\/lasentinelle.dz\\\/index.php\\\/2022\\\/02\\\/16\\\/regularisation-des-constructions-non-conformes-de-nouvelles-conditions-fixees\\\/#primaryimage\",\"url\":\"https:\\\/\\\/lasentinelle.dz\\\/wp-content\\\/uploads\\\/2022\\\/02\\\/ddddd.png\",\"contentUrl\":\"https:\\\/\\\/lasentinelle.dz\\\/wp-content\\\/uploads\\\/2022\\\/02\\\/ddddd.png\",\"width\":1800,\"height\":900},{\"@type\":\"BreadcrumbList\",\"@id\":\"https:\\\/\\\/lasentinelle.dz\\\/index.php\\\/2022\\\/02\\\/16\\\/regularisation-des-constructions-non-conformes-de-nouvelles-conditions-fixees\\\/#breadcrumb\",\"itemListElement\":[{\"@type\":\"ListItem\",\"position\":1,\"name\":\"Accueil\",\"item\":\"https:\\\/\\\/lasentinelle.dz\\\/\"},{\"@type\":\"ListItem\",\"position\":2,\"name\":\"R\u00e9gularisation des constructions non-conformes\u00a0: De nouvelles conditions fix\u00e9es\"}]},{\"@type\":\"WebSite\",\"@id\":\"https:\\\/\\\/lasentinelle.dz\\\/#website\",\"url\":\"https:\\\/\\\/lasentinelle.dz\\\/\",\"name\":\"La Sentinelle\",\"description\":\"Quotidien national d&#039;information\",\"publisher\":{\"@id\":\"https:\\\/\\\/lasentinelle.dz\\\/#organization\"},\"potentialAction\":[{\"@type\":\"SearchAction\",\"target\":{\"@type\":\"EntryPoint\",\"urlTemplate\":\"https:\\\/\\\/lasentinelle.dz\\\/?s={search_term_string}\"},\"query-input\":{\"@type\":\"PropertyValueSpecification\",\"valueRequired\":true,\"valueName\":\"search_term_string\"}}],\"inLanguage\":\"fr-FR\"},{\"@type\":\"Organization\",\"@id\":\"https:\\\/\\\/lasentinelle.dz\\\/#organization\",\"name\":\"Quotidien La Sentinelle\",\"url\":\"https:\\\/\\\/lasentinelle.dz\\\/\",\"logo\":{\"@type\":\"ImageObject\",\"inLanguage\":\"fr-FR\",\"@id\":\"https:\\\/\\\/lasentinelle.dz\\\/#\\\/schema\\\/logo\\\/image\\\/\",\"url\":\"https:\\\/\\\/lasentinelle.dz\\\/wp-content\\\/uploads\\\/2021\\\/09\\\/logo-sentinelleSLOGAN-1.png\",\"contentUrl\":\"https:\\\/\\\/lasentinelle.dz\\\/wp-content\\\/uploads\\\/2021\\\/09\\\/logo-sentinelleSLOGAN-1.png\",\"width\":615,\"height\":142,\"caption\":\"Quotidien La Sentinelle\"},\"image\":{\"@id\":\"https:\\\/\\\/lasentinelle.dz\\\/#\\\/schema\\\/logo\\\/image\\\/\"},\"sameAs\":[\"https:\\\/\\\/www.facebook.com\\\/La-Sentinelle-104059864394773\"]},{\"@type\":\"Person\",\"@id\":\"https:\\\/\\\/lasentinelle.dz\\\/#\\\/schema\\\/person\\\/d865044e22e70a75174ce8bcad3acfb3\",\"name\":\"La Sentinelle\",\"image\":{\"@type\":\"ImageObject\",\"inLanguage\":\"fr-FR\",\"@id\":\"https:\\\/\\\/secure.gravatar.com\\\/avatar\\\/57de8e5d4b15d43fb361a71fbb36338450fe67865b528a43dd10ef7c51a20392?s=96&d=mm&r=g\",\"url\":\"https:\\\/\\\/secure.gravatar.com\\\/avatar\\\/57de8e5d4b15d43fb361a71fbb36338450fe67865b528a43dd10ef7c51a20392?s=96&d=mm&r=g\",\"contentUrl\":\"https:\\\/\\\/secure.gravatar.com\\\/avatar\\\/57de8e5d4b15d43fb361a71fbb36338450fe67865b528a43dd10ef7c51a20392?s=96&d=mm&r=g\",\"caption\":\"La Sentinelle\"},\"sameAs\":[\"http:\\\/\\\/www.lasentinelle.dz\"],\"url\":\"https:\\\/\\\/lasentinelle.dz\\\/author\\\/redaction\\\/\"}]}<\/script>\n<!-- \/ Yoast SEO plugin. -->","yoast_head_json":{"title":"R\u00e9gularisation des constructions non-conformes\u00a0: De nouvelles conditions fix\u00e9es - La Sentinelle","robots":{"index":"index","follow":"follow","max-snippet":"max-snippet:-1","max-image-preview":"max-image-preview:large","max-video-preview":"max-video-preview:-1"},"canonical":"https:\/\/lasentinelle.dz\/index.php\/2022\/02\/16\/regularisation-des-constructions-non-conformes-de-nouvelles-conditions-fixees\/","og_locale":"fr_FR","og_type":"article","og_title":"R\u00e9gularisation des constructions non-conformes\u00a0: De nouvelles conditions fix\u00e9es - La Sentinelle","og_description":"L&rsquo;anarchie qui caract\u00e9rise le paysage urbanistique jointe \u00e0 celle qui entache grandement le volet juridique n\u00e9cessite un traitement efficace et","og_url":"https:\/\/lasentinelle.dz\/index.php\/2022\/02\/16\/regularisation-des-constructions-non-conformes-de-nouvelles-conditions-fixees\/","og_site_name":"La Sentinelle","article_publisher":"https:\/\/www.facebook.com\/La-Sentinelle-104059864394773","article_published_time":"2022-02-15T23:05:00+00:00","og_image":[{"width":1800,"height":900,"url":"https:\/\/lasentinelle.dz\/wp-content\/uploads\/2022\/02\/ddddd.png","type":"image\/png"}],"author":"La Sentinelle","twitter_card":"summary_large_image","twitter_misc":{"\u00c9crit par":"La Sentinelle","Dur\u00e9e de lecture estim\u00e9e":"3 minutes"},"schema":{"@context":"https:\/\/schema.org","@graph":[{"@type":"Article","@id":"https:\/\/lasentinelle.dz\/index.php\/2022\/02\/16\/regularisation-des-constructions-non-conformes-de-nouvelles-conditions-fixees\/#article","isPartOf":{"@id":"https:\/\/lasentinelle.dz\/index.php\/2022\/02\/16\/regularisation-des-constructions-non-conformes-de-nouvelles-conditions-fixees\/"},"author":{"name":"La Sentinelle","@id":"https:\/\/lasentinelle.dz\/#\/schema\/person\/d865044e22e70a75174ce8bcad3acfb3"},"headline":"R\u00e9gularisation des constructions non-conformes\u00a0: De nouvelles conditions fix\u00e9es","datePublished":"2022-02-15T23:05:00+00:00","mainEntityOfPage":{"@id":"https:\/\/lasentinelle.dz\/index.php\/2022\/02\/16\/regularisation-des-constructions-non-conformes-de-nouvelles-conditions-fixees\/"},"wordCount":586,"commentCount":1,"publisher":{"@id":"https:\/\/lasentinelle.dz\/#organization"},"image":{"@id":"https:\/\/lasentinelle.dz\/index.php\/2022\/02\/16\/regularisation-des-constructions-non-conformes-de-nouvelles-conditions-fixees\/#primaryimage"},"thumbnailUrl":"https:\/\/lasentinelle.dz\/wp-content\/uploads\/2022\/02\/ddddd.png","articleSection":["\u00c0 la Une","Actualit\u00e9"],"inLanguage":"fr-FR","potentialAction":[{"@type":"CommentAction","name":"Comment","target":["https:\/\/lasentinelle.dz\/index.php\/2022\/02\/16\/regularisation-des-constructions-non-conformes-de-nouvelles-conditions-fixees\/#respond"]}]},{"@type":"WebPage","@id":"https:\/\/lasentinelle.dz\/index.php\/2022\/02\/16\/regularisation-des-constructions-non-conformes-de-nouvelles-conditions-fixees\/","url":"https:\/\/lasentinelle.dz\/index.php\/2022\/02\/16\/regularisation-des-constructions-non-conformes-de-nouvelles-conditions-fixees\/","name":"R\u00e9gularisation des constructions non-conformes\u00a0: De nouvelles conditions fix\u00e9es - La Sentinelle","isPartOf":{"@id":"https:\/\/lasentinelle.dz\/#website"},"primaryImageOfPage":{"@id":"https:\/\/lasentinelle.dz\/index.php\/2022\/02\/16\/regularisation-des-constructions-non-conformes-de-nouvelles-conditions-fixees\/#primaryimage"},"image":{"@id":"https:\/\/lasentinelle.dz\/index.php\/2022\/02\/16\/regularisation-des-constructions-non-conformes-de-nouvelles-conditions-fixees\/#primaryimage"},"thumbnailUrl":"https:\/\/lasentinelle.dz\/wp-content\/uploads\/2022\/02\/ddddd.png","datePublished":"2022-02-15T23:05:00+00:00","breadcrumb":{"@id":"https:\/\/lasentinelle.dz\/index.php\/2022\/02\/16\/regularisation-des-constructions-non-conformes-de-nouvelles-conditions-fixees\/#breadcrumb"},"inLanguage":"fr-FR","potentialAction":[{"@type":"ReadAction","target":["https:\/\/lasentinelle.dz\/index.php\/2022\/02\/16\/regularisation-des-constructions-non-conformes-de-nouvelles-conditions-fixees\/"]}]},{"@type":"ImageObject","inLanguage":"fr-FR","@id":"https:\/\/lasentinelle.dz\/index.php\/2022\/02\/16\/regularisation-des-constructions-non-conformes-de-nouvelles-conditions-fixees\/#primaryimage","url":"https:\/\/lasentinelle.dz\/wp-content\/uploads\/2022\/02\/ddddd.png","contentUrl":"https:\/\/lasentinelle.dz\/wp-content\/uploads\/2022\/02\/ddddd.png","width":1800,"height":900},{"@type":"BreadcrumbList","@id":"https:\/\/lasentinelle.dz\/index.php\/2022\/02\/16\/regularisation-des-constructions-non-conformes-de-nouvelles-conditions-fixees\/#breadcrumb","itemListElement":[{"@type":"ListItem","position":1,"name":"Accueil","item":"https:\/\/lasentinelle.dz\/"},{"@type":"ListItem","position":2,"name":"R\u00e9gularisation des constructions non-conformes\u00a0: De nouvelles conditions fix\u00e9es"}]},{"@type":"WebSite","@id":"https:\/\/lasentinelle.dz\/#website","url":"https:\/\/lasentinelle.dz\/","name":"La Sentinelle","description":"Quotidien national d&#039;information","publisher":{"@id":"https:\/\/lasentinelle.dz\/#organization"},"potentialAction":[{"@type":"SearchAction","target":{"@type":"EntryPoint","urlTemplate":"https:\/\/lasentinelle.dz\/?s={search_term_string}"},"query-input":{"@type":"PropertyValueSpecification","valueRequired":true,"valueName":"search_term_string"}}],"inLanguage":"fr-FR"},{"@type":"Organization","@id":"https:\/\/lasentinelle.dz\/#organization","name":"Quotidien La Sentinelle","url":"https:\/\/lasentinelle.dz\/","logo":{"@type":"ImageObject","inLanguage":"fr-FR","@id":"https:\/\/lasentinelle.dz\/#\/schema\/logo\/image\/","url":"https:\/\/lasentinelle.dz\/wp-content\/uploads\/2021\/09\/logo-sentinelleSLOGAN-1.png","contentUrl":"https:\/\/lasentinelle.dz\/wp-content\/uploads\/2021\/09\/logo-sentinelleSLOGAN-1.png","width":615,"height":142,"caption":"Quotidien La Sentinelle"},"image":{"@id":"https:\/\/lasentinelle.dz\/#\/schema\/logo\/image\/"},"sameAs":["https:\/\/www.facebook.com\/La-Sentinelle-104059864394773"]},{"@type":"Person","@id":"https:\/\/lasentinelle.dz\/#\/schema\/person\/d865044e22e70a75174ce8bcad3acfb3","name":"La Sentinelle","image":{"@type":"ImageObject","inLanguage":"fr-FR","@id":"https:\/\/secure.gravatar.com\/avatar\/57de8e5d4b15d43fb361a71fbb36338450fe67865b528a43dd10ef7c51a20392?s=96&d=mm&r=g","url":"https:\/\/secure.gravatar.com\/avatar\/57de8e5d4b15d43fb361a71fbb36338450fe67865b528a43dd10ef7c51a20392?s=96&d=mm&r=g","contentUrl":"https:\/\/secure.gravatar.com\/avatar\/57de8e5d4b15d43fb361a71fbb36338450fe67865b528a43dd10ef7c51a20392?s=96&d=mm&r=g","caption":"La Sentinelle"},"sameAs":["http:\/\/www.lasentinelle.dz"],"url":"https:\/\/lasentinelle.dz\/author\/redaction\/"}]}},"_links":{"self":[{"href":"https:\/\/lasentinelle.dz\/index.php\/wp-json\/wp\/v2\/posts\/17077","targetHints":{"allow":["GET"]}}],"collection":[{"href":"https:\/\/lasentinelle.dz\/index.php\/wp-json\/wp\/v2\/posts"}],"about":[{"href":"https:\/\/lasentinelle.dz\/index.php\/wp-json\/wp\/v2\/types\/post"}],"author":[{"embeddable":true,"href":"https:\/\/lasentinelle.dz\/index.php\/wp-json\/wp\/v2\/users\/3"}],"replies":[{"embeddable":true,"href":"https:\/\/lasentinelle.dz\/index.php\/wp-json\/wp\/v2\/comments?post=17077"}],"version-history":[{"count":1,"href":"https:\/\/lasentinelle.dz\/index.php\/wp-json\/wp\/v2\/posts\/17077\/revisions"}],"predecessor-version":[{"id":17094,"href":"https:\/\/lasentinelle.dz\/index.php\/wp-json\/wp\/v2\/posts\/17077\/revisions\/17094"}],"wp:featuredmedia":[{"embeddable":true,"href":"https:\/\/lasentinelle.dz\/index.php\/wp-json\/wp\/v2\/media\/17093"}],"wp:attachment":[{"href":"https:\/\/lasentinelle.dz\/index.php\/wp-json\/wp\/v2\/media?parent=17077"}],"wp:term":[{"taxonomy":"category","embeddable":true,"href":"https:\/\/lasentinelle.dz\/index.php\/wp-json\/wp\/v2\/categories?post=17077"},{"taxonomy":"post_tag","embeddable":true,"href":"https:\/\/lasentinelle.dz\/index.php\/wp-json\/wp\/v2\/tags?post=17077"}],"curies":[{"name":"wp","href":"https:\/\/api.w.org\/{rel}","templated":true}]}}