{"id":17152,"date":"2022-02-17T00:05:00","date_gmt":"2022-02-16T23:05:00","guid":{"rendered":"https:\/\/lasentinelle.dz\/?p=17152"},"modified":"2022-02-16T20:40:32","modified_gmt":"2022-02-16T19:40:32","slug":"tebboune-annonce-que-le-sommet-arabe-se-tiendra-au-dernier-trimestre-de-lannee-arretons-la-desunion","status":"publish","type":"post","link":"https:\/\/lasentinelle.dz\/index.php\/2022\/02\/17\/tebboune-annonce-que-le-sommet-arabe-se-tiendra-au-dernier-trimestre-de-lannee-arretons-la-desunion\/","title":{"rendered":"Tebboune annonce\u00a0 la tenue du Sommet arabe au dernier trimestre de l\u2019ann\u00e9e\u00a0: \u00ab\u00a0Arr\u00eatons la d\u00e9sunion\u00a0!\u00a0\u00bb"},"content":{"rendered":"\n<p><\/p>\n\n\n\n<p>Le pr\u00e9sident de la R\u00e9publique, Abdelmadjid Tebboune, a balay\u00e9 d\u2019un revers de la main toute la d\u00e9sinformation que certaines parties sur le Sommet arabe d\u2019Alger. Un sommet qui fait consensus et qui sera assur\u00e9ment couronn\u00e9 de succ\u00e8s, affirme le Pr\u00e9sident Tebboune.&nbsp;<\/p>\n\n\n\n<p>C\u2019est au cours de la d\u00e9sormais traditionnelle rencontre avec des m\u00e9dias nationaux que le chef de l\u2019\u00c9tat a annonc\u00e9 que le&nbsp;Sommet arabe en Alg\u00e9rie se tiendra au cours du dernier trimestre de l\u2019ann\u00e9e en cours.&nbsp;Juste apr\u00e8s avoir confirm\u00e9 la tenue de cette rencontre des pays arabes comme annonc\u00e9 en Alg\u00e9rie, le chef de l\u2019Etat&nbsp;a tenu \u00e0 apporter un d\u00e9menti au sujet d\u2019un \u00ab d\u00e9saccord \u00bb entre les pays arabes quant \u00e0 la tenue de ce sommet en Alg\u00e9rie.<\/p>\n\n\n\n<p>A ce sujet, le pr\u00e9sident Abdelmadjid Tebboune ass\u00e8ne qu\u2019 \u00ab il n\u2019y&nbsp;a aucun d\u00e9saccord \u00bb, au contraire, poursuit-il \u00ab nous n\u2019avons trouv\u00e9 que des encouragements de la part des dirigeants arabes fr\u00e8res, du Golfe, de l\u2019Egypte, de la Tunisie et du Y\u00e9men qui attendent la tenue de ce sommet en Alg\u00e9rie \u00bb.&nbsp;\u00ab&nbsp;Tous les fr\u00e8res arabes&nbsp;\u00bb, affirme dans le m\u00eame ordre d\u2019id\u00e9es&nbsp;le pr\u00e9sident de la R\u00e9publique,&nbsp;\u00ab attendent le&nbsp;Sommet en raison de la politique de l\u2019Alg\u00e9rie, \u00e9quidistante \u00e0 l\u2019\u00e9gard de toutes les parties et qui ne jette pas de l\u2019huile sur le feu pour provoquer la Fitna entre les pays \u00bb. Il r\u00e9affirmera \u00e0 ce sujet les positions constantes de l\u2019Alg\u00e9rie,&nbsp;pr\u00e9cisant que \u00ab nous tenons plut\u00f4t \u00e0 unir les pays autant que possible \u00bb.<\/p>\n\n\n\n<p>Le chef de l\u2019Etat a \u00e9galement \u00e9mis le v\u0153u de voir le sommet d\u2019Alger \u00eatre couronn\u00e9 de r\u00e9sultats \u00ab tr\u00e8s positifs \u00bb, d\u2019autant que \u00ab le monde arabe en a besoin \u00bb et d\u2019ajouter \u00abarr\u00eatons la d\u00e9sunion \u00bb.<\/p>\n\n\n\n<p>Il a aussi estim\u00e9 que&nbsp;&nbsp;la Ligue arabe a,&nbsp;aujourd\u2019hui,&nbsp;besoin de \u00ab revoir ses textes et ses lois \u00bb, au vu, argue-t-il \u00ab de la tourn\u00e9e effectu\u00e9e par le ministre des&nbsp;Affaires \u00e9trang\u00e8res et de la&nbsp;Communaut\u00e9 nationale \u00e0 l\u2019\u00e9tranger, Ramtane Lamamra, dans certains pays arabes. Tout le monde \u00e9tait d\u2019accord pour la tenue du sommet d\u2019Alger \u00bb.<\/p>\n\n\n\n<p>Concernant la date de ce sommet arabe, le pr\u00e9sident de la R\u00e9publique a indiqu\u00e9, qu\u2019 \u00ab une r\u00e9union officielle des ministres arabes des&nbsp;Affaires \u00e9trang\u00e8res sera tenue en mars prochain au Caire durant laquelle la date d\u00e9finitive du sommet sera officialis\u00e9e \u00bb, r\u00e9v\u00e9lant que \u00ab l\u2019\u00e9v\u00e9nement est pr\u00e9vu pour le dernier trimestre de l\u2019ann\u00e9e en cours et il sera probablement li\u00e9 \u00e0 une journ\u00e9e historique pour l\u2019Alg\u00e9rie \u00bb. Il prendra&nbsp;le soin d\u2019ajouter qu\u2019 \u00ab aucun \u00e9v\u00e9nement ne doit \u00eatre anticip\u00e9, car la rencontre des fr\u00e8res&nbsp;arabes&nbsp;en mars d\u00e9terminera la date du sommet \u00bb.<\/p>\n\n\n\n<p><strong>Maroc&nbsp;: \u00ab&nbsp;les choses se sont aggrav\u00e9es&nbsp;\u00bb<\/strong><\/p>\n\n\n\n<p>Il est utile de rappeler que le Sommet d\u2019Alger soit se pencher sur des questions vitales, \u00e0 l\u2019image de la consolidation de l\u2019action arabe commune, la question palestinienne et la relance du l\u2019initiative arabe de paix. Des questions qui agacent les promoteurs du statut quo au Proche-Orient, \u00e0 savoir l\u2019entit\u00e9 sioniste et ses relais, lesquels redoublent d\u2019efforts pour semer les graines de la division et le doute \u00e0 travers leur appareil de d\u00e9sinformation.&nbsp;<\/p>\n\n\n\n<p>\u00c0 propos de d\u00e9sinformation justement, le pr\u00e9sident de la R\u00e9publique pointe du doigt, l\u2019attitude belliqueuse du Makhzen, soutenu par l\u2019entit\u00e9 sioniste.&nbsp;&nbsp;Abdelmadjid Tebboune a lanc\u00e9,&nbsp;tout de go, \u00e0 propos des relations avec le Maroc&nbsp;que \u00ab rien n\u2019a chang\u00e9 mais au contraire les choses se sont aggrav\u00e9es \u00bb.&nbsp;Il pr\u00e9cise que le Makhzen n\u2019arr\u00eate pas de cibler l\u2019Alg\u00e9rie. \u00ab&nbsp;Actuellement,&nbsp;le Maroc s\u2019appuie sur la propagande et les fake-news avec le soutien d\u2019Isra\u00ebl \u00bb,&nbsp;ad\u00e9clar\u00e9 dans le m\u00eame contexte le pr\u00e9sident Tebboune, soulignant que le citoyen&nbsp;alg\u00e9rien \u00e9tait conscient que \u00ab tout ce qui porte atteinte \u00e0 l\u2019unit\u00e9 nationale et tente d\u2019attaquer l\u2019arm\u00e9e et tout ce qui vise \u00e0 inventer des probl\u00e8mes entre le pr\u00e9sident et l\u2019arm\u00e9e, viennent de l\u2019appareil de propagande mobilis\u00e9 par le voisin contre l\u2019Alg\u00e9rie et soutenu par Isra\u00ebl \u00bb.<\/p>\n\n\n\n<p>Autre sujet, celui relatif aux relations avec la France et sur lequel le pr\u00e9sident de la R\u00e9publique a \u00e9t\u00e9 interpell\u00e9. Il a dans ce sens&nbsp;de \u00ab d\u00e9gel \u00bb dans les relations entre l\u2019Alg\u00e9rie et la France apr\u00e8s une p\u00e9riode de crise notamment suite aux propos tenus par le pr\u00e9sident Emmanuel Macron \u00e0 l\u2019\u00e9gard de l\u2019Alg\u00e9rie et de son existence en tant qu\u2019Etat&nbsp;&nbsp;bien avant la pr\u00e9sence coloniale, soulignant dans son passage que&nbsp;&nbsp;l\u2019Alg\u00e9rie&nbsp;&nbsp;demeurait \u00ab un pays incontournable pour l\u2019Afrique et&nbsp;&nbsp;une puissance Africaine av\u00e9r\u00e9e \u00bb.<\/p>\n\n\n\n<p>Tout en mettant l\u2019accent sur la n\u00e9cessit\u00e9 d\u2019une \u00ab entente \u00bb bas\u00e9e sur le respect mutuel, le pr\u00e9sident de la R\u00e9publique a toutefois relev\u00e9 qu\u2019il ne pouvait pas, \u00ab&nbsp;&nbsp;dire plus que cela dans le soucis de ne pas influencer sur le processus \u00e9lectoral en France \u00bb, laquelle \u00e9lection pr\u00e9sidentielle est pr\u00e9vue dans&nbsp;&nbsp;deux mois.&nbsp;Il indique n\u00e9anmoins que \u00ab de mani\u00e8re g\u00e9n\u00e9rale les choses se sont tass\u00e9es \u00bb, rappelant les r\u00e9sultats \u00ab tr\u00e8s positifs \u00bb ayant couronn\u00e9 la r\u00e9cente r\u00e9union tenue \u00e0 Alger entre une d\u00e9l\u00e9gation conduite par le secr\u00e9taire g\u00e9n\u00e9ral du minist\u00e8re des affaires \u00e9trang\u00e8res Fran\u00e7ais avec une d\u00e9l\u00e9gation conduite \u00e9galement le secr\u00e9taire g\u00e9n\u00e9ral du minist\u00e8re des affaires \u00e9trang\u00e8res et de la communaut\u00e9 nationale \u00e0 l\u2019\u00e9tranger.<\/p>\n\n\n\n<p>Le chef de l\u2019Etat&nbsp;indique enfin&nbsp;que \u00ab les choses commencent \u00e0 prendre une autre direction \u00bb,&nbsp;\u00e9voquant \u00e0 ce propos \u00ab le geste \u00bb du pr\u00e9sident&nbsp;fran\u00e7ais qui a rendu hommage aux victimes des manifestations pour la paix et contre l\u2019OAS en Alg\u00e9rie, le 8 f\u00e9vrier 1962 r\u00e9prim\u00e9es dans le sang \u00e0 la station de m\u00e9tro, sur ordre du pr\u00e9fet de Paris Maurice Papon.<\/p>\n\n\n\n<p><strong>Boubekeur Amrani<\/strong><\/p>\n","protected":false},"excerpt":{"rendered":"<p>Le pr\u00e9sident de la R\u00e9publique, Abdelmadjid Tebboune, a balay\u00e9 d\u2019un revers de la main toute la d\u00e9sinformation que certaines parties<\/p>\n","protected":false},"author":3,"featured_media":17162,"comment_status":"open","ping_status":"closed","sticky":false,"template":"","format":"standard","meta":{"colormag_page_container_layout":"default_layout","colormag_page_sidebar_layout":"default_layout","om_disable_all_campaigns":false,"_monsterinsights_skip_tracking":false,"_monsterinsights_sitenote_active":false,"_monsterinsights_sitenote_note":"","_monsterinsights_sitenote_category":0,"footnotes":"","_wpscppro_dont_share_socialmedia":false,"_wpscppro_custom_social_share_image":0,"_facebook_share_type":"","_twitter_share_type":"","_linkedin_share_type":"","_pinterest_share_type":"","_linkedin_share_type_page":"","_instagram_share_type":"","_medium_share_type":"","_threads_share_type":"","_google_business_share_type":"","_selected_social_profile":[],"_wpsp_enable_custom_social_template":false,"_wpsp_social_scheduling":{"enabled":false,"datetime":null,"platforms":[],"status":"template_only","dateOption":"today","timeOption":"now","customDays":"","customHours":"","customDate":"","customTime":"","schedulingType":"absolute"},"_wpsp_active_default_template":true},"categories":[52,27],"tags":[],"class_list":["post-17152","post","type-post","status-publish","format-standard","has-post-thumbnail","hentry","category-a-la-une","category-actualite"],"aioseo_notices":[],"yoast_head":"<!-- This site is optimized with the Yoast SEO plugin v27.5 - https:\/\/yoast.com\/product\/yoast-seo-wordpress\/ -->\n<title>Tebboune annonce\u00a0 la tenue du Sommet arabe au dernier trimestre de l\u2019ann\u00e9e\u00a0: \u00ab\u00a0Arr\u00eatons la d\u00e9sunion\u00a0!\u00a0\u00bb - La Sentinelle<\/title>\n<meta name=\"robots\" content=\"index, follow, max-snippet:-1, max-image-preview:large, max-video-preview:-1\" \/>\n<link rel=\"canonical\" href=\"https:\/\/lasentinelle.dz\/index.php\/2022\/02\/17\/tebboune-annonce-que-le-sommet-arabe-se-tiendra-au-dernier-trimestre-de-lannee-arretons-la-desunion\/\" \/>\n<meta property=\"og:locale\" content=\"fr_FR\" \/>\n<meta property=\"og:type\" content=\"article\" \/>\n<meta property=\"og:title\" content=\"Tebboune annonce\u00a0 la tenue du Sommet arabe au dernier trimestre de l\u2019ann\u00e9e\u00a0: \u00ab\u00a0Arr\u00eatons la d\u00e9sunion\u00a0!\u00a0\u00bb - La Sentinelle\" \/>\n<meta property=\"og:description\" content=\"Le pr\u00e9sident de la R\u00e9publique, Abdelmadjid Tebboune, a balay\u00e9 d\u2019un revers de la main toute la d\u00e9sinformation que certaines parties\" \/>\n<meta property=\"og:url\" content=\"https:\/\/lasentinelle.dz\/index.php\/2022\/02\/17\/tebboune-annonce-que-le-sommet-arabe-se-tiendra-au-dernier-trimestre-de-lannee-arretons-la-desunion\/\" \/>\n<meta property=\"og:site_name\" content=\"La Sentinelle\" \/>\n<meta property=\"article:publisher\" content=\"https:\/\/www.facebook.com\/La-Sentinelle-104059864394773\" \/>\n<meta property=\"article:published_time\" content=\"2022-02-16T23:05:00+00:00\" \/>\n<meta property=\"og:image\" content=\"https:\/\/lasentinelle.dz\/wp-content\/uploads\/2022\/02\/tebboune-medias-1024x683.png\" \/>\n\t<meta property=\"og:image:width\" content=\"1024\" \/>\n\t<meta property=\"og:image:height\" content=\"683\" \/>\n\t<meta property=\"og:image:type\" content=\"image\/png\" \/>\n<meta name=\"author\" content=\"La Sentinelle\" \/>\n<meta name=\"twitter:card\" content=\"summary_large_image\" \/>\n<meta name=\"twitter:label1\" content=\"\u00c9crit par\" \/>\n\t<meta name=\"twitter:data1\" content=\"La Sentinelle\" \/>\n\t<meta name=\"twitter:label2\" content=\"Dur\u00e9e de lecture estim\u00e9e\" \/>\n\t<meta name=\"twitter:data2\" content=\"5 minutes\" \/>\n<script type=\"application\/ld+json\" class=\"yoast-schema-graph\">{\"@context\":\"https:\\\/\\\/schema.org\",\"@graph\":[{\"@type\":\"Article\",\"@id\":\"https:\\\/\\\/lasentinelle.dz\\\/index.php\\\/2022\\\/02\\\/17\\\/tebboune-annonce-que-le-sommet-arabe-se-tiendra-au-dernier-trimestre-de-lannee-arretons-la-desunion\\\/#article\",\"isPartOf\":{\"@id\":\"https:\\\/\\\/lasentinelle.dz\\\/index.php\\\/2022\\\/02\\\/17\\\/tebboune-annonce-que-le-sommet-arabe-se-tiendra-au-dernier-trimestre-de-lannee-arretons-la-desunion\\\/\"},\"author\":{\"name\":\"La Sentinelle\",\"@id\":\"https:\\\/\\\/lasentinelle.dz\\\/#\\\/schema\\\/person\\\/d865044e22e70a75174ce8bcad3acfb3\"},\"headline\":\"Tebboune annonce\u00a0 la tenue du Sommet arabe au dernier trimestre de l\u2019ann\u00e9e\u00a0: \u00ab\u00a0Arr\u00eatons la d\u00e9sunion\u00a0!\u00a0\u00bb\",\"datePublished\":\"2022-02-16T23:05:00+00:00\",\"mainEntityOfPage\":{\"@id\":\"https:\\\/\\\/lasentinelle.dz\\\/index.php\\\/2022\\\/02\\\/17\\\/tebboune-annonce-que-le-sommet-arabe-se-tiendra-au-dernier-trimestre-de-lannee-arretons-la-desunion\\\/\"},\"wordCount\":1113,\"commentCount\":0,\"publisher\":{\"@id\":\"https:\\\/\\\/lasentinelle.dz\\\/#organization\"},\"image\":{\"@id\":\"https:\\\/\\\/lasentinelle.dz\\\/index.php\\\/2022\\\/02\\\/17\\\/tebboune-annonce-que-le-sommet-arabe-se-tiendra-au-dernier-trimestre-de-lannee-arretons-la-desunion\\\/#primaryimage\"},\"thumbnailUrl\":\"https:\\\/\\\/lasentinelle.dz\\\/wp-content\\\/uploads\\\/2022\\\/02\\\/tebboune-medias.png\",\"articleSection\":[\"\u00c0 la Une\",\"Actualit\u00e9\"],\"inLanguage\":\"fr-FR\",\"potentialAction\":[{\"@type\":\"CommentAction\",\"name\":\"Comment\",\"target\":[\"https:\\\/\\\/lasentinelle.dz\\\/index.php\\\/2022\\\/02\\\/17\\\/tebboune-annonce-que-le-sommet-arabe-se-tiendra-au-dernier-trimestre-de-lannee-arretons-la-desunion\\\/#respond\"]}]},{\"@type\":\"WebPage\",\"@id\":\"https:\\\/\\\/lasentinelle.dz\\\/index.php\\\/2022\\\/02\\\/17\\\/tebboune-annonce-que-le-sommet-arabe-se-tiendra-au-dernier-trimestre-de-lannee-arretons-la-desunion\\\/\",\"url\":\"https:\\\/\\\/lasentinelle.dz\\\/index.php\\\/2022\\\/02\\\/17\\\/tebboune-annonce-que-le-sommet-arabe-se-tiendra-au-dernier-trimestre-de-lannee-arretons-la-desunion\\\/\",\"name\":\"Tebboune annonce\u00a0 la tenue du Sommet arabe au dernier trimestre de l\u2019ann\u00e9e\u00a0: \u00ab\u00a0Arr\u00eatons la d\u00e9sunion\u00a0!\u00a0\u00bb - La Sentinelle\",\"isPartOf\":{\"@id\":\"https:\\\/\\\/lasentinelle.dz\\\/#website\"},\"primaryImageOfPage\":{\"@id\":\"https:\\\/\\\/lasentinelle.dz\\\/index.php\\\/2022\\\/02\\\/17\\\/tebboune-annonce-que-le-sommet-arabe-se-tiendra-au-dernier-trimestre-de-lannee-arretons-la-desunion\\\/#primaryimage\"},\"image\":{\"@id\":\"https:\\\/\\\/lasentinelle.dz\\\/index.php\\\/2022\\\/02\\\/17\\\/tebboune-annonce-que-le-sommet-arabe-se-tiendra-au-dernier-trimestre-de-lannee-arretons-la-desunion\\\/#primaryimage\"},\"thumbnailUrl\":\"https:\\\/\\\/lasentinelle.dz\\\/wp-content\\\/uploads\\\/2022\\\/02\\\/tebboune-medias.png\",\"datePublished\":\"2022-02-16T23:05:00+00:00\",\"breadcrumb\":{\"@id\":\"https:\\\/\\\/lasentinelle.dz\\\/index.php\\\/2022\\\/02\\\/17\\\/tebboune-annonce-que-le-sommet-arabe-se-tiendra-au-dernier-trimestre-de-lannee-arretons-la-desunion\\\/#breadcrumb\"},\"inLanguage\":\"fr-FR\",\"potentialAction\":[{\"@type\":\"ReadAction\",\"target\":[\"https:\\\/\\\/lasentinelle.dz\\\/index.php\\\/2022\\\/02\\\/17\\\/tebboune-annonce-que-le-sommet-arabe-se-tiendra-au-dernier-trimestre-de-lannee-arretons-la-desunion\\\/\"]}]},{\"@type\":\"ImageObject\",\"inLanguage\":\"fr-FR\",\"@id\":\"https:\\\/\\\/lasentinelle.dz\\\/index.php\\\/2022\\\/02\\\/17\\\/tebboune-annonce-que-le-sommet-arabe-se-tiendra-au-dernier-trimestre-de-lannee-arretons-la-desunion\\\/#primaryimage\",\"url\":\"https:\\\/\\\/lasentinelle.dz\\\/wp-content\\\/uploads\\\/2022\\\/02\\\/tebboune-medias.png\",\"contentUrl\":\"https:\\\/\\\/lasentinelle.dz\\\/wp-content\\\/uploads\\\/2022\\\/02\\\/tebboune-medias.png\",\"width\":1350,\"height\":900},{\"@type\":\"BreadcrumbList\",\"@id\":\"https:\\\/\\\/lasentinelle.dz\\\/index.php\\\/2022\\\/02\\\/17\\\/tebboune-annonce-que-le-sommet-arabe-se-tiendra-au-dernier-trimestre-de-lannee-arretons-la-desunion\\\/#breadcrumb\",\"itemListElement\":[{\"@type\":\"ListItem\",\"position\":1,\"name\":\"Accueil\",\"item\":\"https:\\\/\\\/lasentinelle.dz\\\/\"},{\"@type\":\"ListItem\",\"position\":2,\"name\":\"Tebboune annonce\u00a0 la tenue du Sommet arabe au dernier trimestre de l\u2019ann\u00e9e\u00a0: \u00ab\u00a0Arr\u00eatons la d\u00e9sunion\u00a0!\u00a0\u00bb\"}]},{\"@type\":\"WebSite\",\"@id\":\"https:\\\/\\\/lasentinelle.dz\\\/#website\",\"url\":\"https:\\\/\\\/lasentinelle.dz\\\/\",\"name\":\"La Sentinelle\",\"description\":\"Quotidien national d&#039;information\",\"publisher\":{\"@id\":\"https:\\\/\\\/lasentinelle.dz\\\/#organization\"},\"potentialAction\":[{\"@type\":\"SearchAction\",\"target\":{\"@type\":\"EntryPoint\",\"urlTemplate\":\"https:\\\/\\\/lasentinelle.dz\\\/?s={search_term_string}\"},\"query-input\":{\"@type\":\"PropertyValueSpecification\",\"valueRequired\":true,\"valueName\":\"search_term_string\"}}],\"inLanguage\":\"fr-FR\"},{\"@type\":\"Organization\",\"@id\":\"https:\\\/\\\/lasentinelle.dz\\\/#organization\",\"name\":\"Quotidien La Sentinelle\",\"url\":\"https:\\\/\\\/lasentinelle.dz\\\/\",\"logo\":{\"@type\":\"ImageObject\",\"inLanguage\":\"fr-FR\",\"@id\":\"https:\\\/\\\/lasentinelle.dz\\\/#\\\/schema\\\/logo\\\/image\\\/\",\"url\":\"https:\\\/\\\/lasentinelle.dz\\\/wp-content\\\/uploads\\\/2021\\\/09\\\/logo-sentinelleSLOGAN-1.png\",\"contentUrl\":\"https:\\\/\\\/lasentinelle.dz\\\/wp-content\\\/uploads\\\/2021\\\/09\\\/logo-sentinelleSLOGAN-1.png\",\"width\":615,\"height\":142,\"caption\":\"Quotidien La Sentinelle\"},\"image\":{\"@id\":\"https:\\\/\\\/lasentinelle.dz\\\/#\\\/schema\\\/logo\\\/image\\\/\"},\"sameAs\":[\"https:\\\/\\\/www.facebook.com\\\/La-Sentinelle-104059864394773\"]},{\"@type\":\"Person\",\"@id\":\"https:\\\/\\\/lasentinelle.dz\\\/#\\\/schema\\\/person\\\/d865044e22e70a75174ce8bcad3acfb3\",\"name\":\"La Sentinelle\",\"image\":{\"@type\":\"ImageObject\",\"inLanguage\":\"fr-FR\",\"@id\":\"https:\\\/\\\/secure.gravatar.com\\\/avatar\\\/57de8e5d4b15d43fb361a71fbb36338450fe67865b528a43dd10ef7c51a20392?s=96&d=mm&r=g\",\"url\":\"https:\\\/\\\/secure.gravatar.com\\\/avatar\\\/57de8e5d4b15d43fb361a71fbb36338450fe67865b528a43dd10ef7c51a20392?s=96&d=mm&r=g\",\"contentUrl\":\"https:\\\/\\\/secure.gravatar.com\\\/avatar\\\/57de8e5d4b15d43fb361a71fbb36338450fe67865b528a43dd10ef7c51a20392?s=96&d=mm&r=g\",\"caption\":\"La Sentinelle\"},\"sameAs\":[\"http:\\\/\\\/www.lasentinelle.dz\"],\"url\":\"https:\\\/\\\/lasentinelle.dz\\\/author\\\/redaction\\\/\"}]}<\/script>\n<!-- \/ Yoast SEO plugin. -->","yoast_head_json":{"title":"Tebboune annonce\u00a0 la tenue du Sommet arabe au dernier trimestre de l\u2019ann\u00e9e\u00a0: \u00ab\u00a0Arr\u00eatons la d\u00e9sunion\u00a0!\u00a0\u00bb - La Sentinelle","robots":{"index":"index","follow":"follow","max-snippet":"max-snippet:-1","max-image-preview":"max-image-preview:large","max-video-preview":"max-video-preview:-1"},"canonical":"https:\/\/lasentinelle.dz\/index.php\/2022\/02\/17\/tebboune-annonce-que-le-sommet-arabe-se-tiendra-au-dernier-trimestre-de-lannee-arretons-la-desunion\/","og_locale":"fr_FR","og_type":"article","og_title":"Tebboune annonce\u00a0 la tenue du Sommet arabe au dernier trimestre de l\u2019ann\u00e9e\u00a0: \u00ab\u00a0Arr\u00eatons la d\u00e9sunion\u00a0!\u00a0\u00bb - La Sentinelle","og_description":"Le pr\u00e9sident de la R\u00e9publique, Abdelmadjid Tebboune, a balay\u00e9 d\u2019un revers de la main toute la d\u00e9sinformation que certaines parties","og_url":"https:\/\/lasentinelle.dz\/index.php\/2022\/02\/17\/tebboune-annonce-que-le-sommet-arabe-se-tiendra-au-dernier-trimestre-de-lannee-arretons-la-desunion\/","og_site_name":"La Sentinelle","article_publisher":"https:\/\/www.facebook.com\/La-Sentinelle-104059864394773","article_published_time":"2022-02-16T23:05:00+00:00","og_image":[{"width":1024,"height":683,"url":"https:\/\/lasentinelle.dz\/wp-content\/uploads\/2022\/02\/tebboune-medias-1024x683.png","type":"image\/png"}],"author":"La Sentinelle","twitter_card":"summary_large_image","twitter_misc":{"\u00c9crit par":"La Sentinelle","Dur\u00e9e de lecture estim\u00e9e":"5 minutes"},"schema":{"@context":"https:\/\/schema.org","@graph":[{"@type":"Article","@id":"https:\/\/lasentinelle.dz\/index.php\/2022\/02\/17\/tebboune-annonce-que-le-sommet-arabe-se-tiendra-au-dernier-trimestre-de-lannee-arretons-la-desunion\/#article","isPartOf":{"@id":"https:\/\/lasentinelle.dz\/index.php\/2022\/02\/17\/tebboune-annonce-que-le-sommet-arabe-se-tiendra-au-dernier-trimestre-de-lannee-arretons-la-desunion\/"},"author":{"name":"La Sentinelle","@id":"https:\/\/lasentinelle.dz\/#\/schema\/person\/d865044e22e70a75174ce8bcad3acfb3"},"headline":"Tebboune annonce\u00a0 la tenue du Sommet arabe au dernier trimestre de l\u2019ann\u00e9e\u00a0: \u00ab\u00a0Arr\u00eatons la d\u00e9sunion\u00a0!\u00a0\u00bb","datePublished":"2022-02-16T23:05:00+00:00","mainEntityOfPage":{"@id":"https:\/\/lasentinelle.dz\/index.php\/2022\/02\/17\/tebboune-annonce-que-le-sommet-arabe-se-tiendra-au-dernier-trimestre-de-lannee-arretons-la-desunion\/"},"wordCount":1113,"commentCount":0,"publisher":{"@id":"https:\/\/lasentinelle.dz\/#organization"},"image":{"@id":"https:\/\/lasentinelle.dz\/index.php\/2022\/02\/17\/tebboune-annonce-que-le-sommet-arabe-se-tiendra-au-dernier-trimestre-de-lannee-arretons-la-desunion\/#primaryimage"},"thumbnailUrl":"https:\/\/lasentinelle.dz\/wp-content\/uploads\/2022\/02\/tebboune-medias.png","articleSection":["\u00c0 la Une","Actualit\u00e9"],"inLanguage":"fr-FR","potentialAction":[{"@type":"CommentAction","name":"Comment","target":["https:\/\/lasentinelle.dz\/index.php\/2022\/02\/17\/tebboune-annonce-que-le-sommet-arabe-se-tiendra-au-dernier-trimestre-de-lannee-arretons-la-desunion\/#respond"]}]},{"@type":"WebPage","@id":"https:\/\/lasentinelle.dz\/index.php\/2022\/02\/17\/tebboune-annonce-que-le-sommet-arabe-se-tiendra-au-dernier-trimestre-de-lannee-arretons-la-desunion\/","url":"https:\/\/lasentinelle.dz\/index.php\/2022\/02\/17\/tebboune-annonce-que-le-sommet-arabe-se-tiendra-au-dernier-trimestre-de-lannee-arretons-la-desunion\/","name":"Tebboune annonce\u00a0 la tenue du Sommet arabe au dernier trimestre de l\u2019ann\u00e9e\u00a0: \u00ab\u00a0Arr\u00eatons la d\u00e9sunion\u00a0!\u00a0\u00bb - La Sentinelle","isPartOf":{"@id":"https:\/\/lasentinelle.dz\/#website"},"primaryImageOfPage":{"@id":"https:\/\/lasentinelle.dz\/index.php\/2022\/02\/17\/tebboune-annonce-que-le-sommet-arabe-se-tiendra-au-dernier-trimestre-de-lannee-arretons-la-desunion\/#primaryimage"},"image":{"@id":"https:\/\/lasentinelle.dz\/index.php\/2022\/02\/17\/tebboune-annonce-que-le-sommet-arabe-se-tiendra-au-dernier-trimestre-de-lannee-arretons-la-desunion\/#primaryimage"},"thumbnailUrl":"https:\/\/lasentinelle.dz\/wp-content\/uploads\/2022\/02\/tebboune-medias.png","datePublished":"2022-02-16T23:05:00+00:00","breadcrumb":{"@id":"https:\/\/lasentinelle.dz\/index.php\/2022\/02\/17\/tebboune-annonce-que-le-sommet-arabe-se-tiendra-au-dernier-trimestre-de-lannee-arretons-la-desunion\/#breadcrumb"},"inLanguage":"fr-FR","potentialAction":[{"@type":"ReadAction","target":["https:\/\/lasentinelle.dz\/index.php\/2022\/02\/17\/tebboune-annonce-que-le-sommet-arabe-se-tiendra-au-dernier-trimestre-de-lannee-arretons-la-desunion\/"]}]},{"@type":"ImageObject","inLanguage":"fr-FR","@id":"https:\/\/lasentinelle.dz\/index.php\/2022\/02\/17\/tebboune-annonce-que-le-sommet-arabe-se-tiendra-au-dernier-trimestre-de-lannee-arretons-la-desunion\/#primaryimage","url":"https:\/\/lasentinelle.dz\/wp-content\/uploads\/2022\/02\/tebboune-medias.png","contentUrl":"https:\/\/lasentinelle.dz\/wp-content\/uploads\/2022\/02\/tebboune-medias.png","width":1350,"height":900},{"@type":"BreadcrumbList","@id":"https:\/\/lasentinelle.dz\/index.php\/2022\/02\/17\/tebboune-annonce-que-le-sommet-arabe-se-tiendra-au-dernier-trimestre-de-lannee-arretons-la-desunion\/#breadcrumb","itemListElement":[{"@type":"ListItem","position":1,"name":"Accueil","item":"https:\/\/lasentinelle.dz\/"},{"@type":"ListItem","position":2,"name":"Tebboune annonce\u00a0 la tenue du Sommet arabe au dernier trimestre de l\u2019ann\u00e9e\u00a0: \u00ab\u00a0Arr\u00eatons la d\u00e9sunion\u00a0!\u00a0\u00bb"}]},{"@type":"WebSite","@id":"https:\/\/lasentinelle.dz\/#website","url":"https:\/\/lasentinelle.dz\/","name":"La Sentinelle","description":"Quotidien national d&#039;information","publisher":{"@id":"https:\/\/lasentinelle.dz\/#organization"},"potentialAction":[{"@type":"SearchAction","target":{"@type":"EntryPoint","urlTemplate":"https:\/\/lasentinelle.dz\/?s={search_term_string}"},"query-input":{"@type":"PropertyValueSpecification","valueRequired":true,"valueName":"search_term_string"}}],"inLanguage":"fr-FR"},{"@type":"Organization","@id":"https:\/\/lasentinelle.dz\/#organization","name":"Quotidien La Sentinelle","url":"https:\/\/lasentinelle.dz\/","logo":{"@type":"ImageObject","inLanguage":"fr-FR","@id":"https:\/\/lasentinelle.dz\/#\/schema\/logo\/image\/","url":"https:\/\/lasentinelle.dz\/wp-content\/uploads\/2021\/09\/logo-sentinelleSLOGAN-1.png","contentUrl":"https:\/\/lasentinelle.dz\/wp-content\/uploads\/2021\/09\/logo-sentinelleSLOGAN-1.png","width":615,"height":142,"caption":"Quotidien La Sentinelle"},"image":{"@id":"https:\/\/lasentinelle.dz\/#\/schema\/logo\/image\/"},"sameAs":["https:\/\/www.facebook.com\/La-Sentinelle-104059864394773"]},{"@type":"Person","@id":"https:\/\/lasentinelle.dz\/#\/schema\/person\/d865044e22e70a75174ce8bcad3acfb3","name":"La Sentinelle","image":{"@type":"ImageObject","inLanguage":"fr-FR","@id":"https:\/\/secure.gravatar.com\/avatar\/57de8e5d4b15d43fb361a71fbb36338450fe67865b528a43dd10ef7c51a20392?s=96&d=mm&r=g","url":"https:\/\/secure.gravatar.com\/avatar\/57de8e5d4b15d43fb361a71fbb36338450fe67865b528a43dd10ef7c51a20392?s=96&d=mm&r=g","contentUrl":"https:\/\/secure.gravatar.com\/avatar\/57de8e5d4b15d43fb361a71fbb36338450fe67865b528a43dd10ef7c51a20392?s=96&d=mm&r=g","caption":"La Sentinelle"},"sameAs":["http:\/\/www.lasentinelle.dz"],"url":"https:\/\/lasentinelle.dz\/author\/redaction\/"}]}},"_links":{"self":[{"href":"https:\/\/lasentinelle.dz\/index.php\/wp-json\/wp\/v2\/posts\/17152","targetHints":{"allow":["GET"]}}],"collection":[{"href":"https:\/\/lasentinelle.dz\/index.php\/wp-json\/wp\/v2\/posts"}],"about":[{"href":"https:\/\/lasentinelle.dz\/index.php\/wp-json\/wp\/v2\/types\/post"}],"author":[{"embeddable":true,"href":"https:\/\/lasentinelle.dz\/index.php\/wp-json\/wp\/v2\/users\/3"}],"replies":[{"embeddable":true,"href":"https:\/\/lasentinelle.dz\/index.php\/wp-json\/wp\/v2\/comments?post=17152"}],"version-history":[{"count":2,"href":"https:\/\/lasentinelle.dz\/index.php\/wp-json\/wp\/v2\/posts\/17152\/revisions"}],"predecessor-version":[{"id":17173,"href":"https:\/\/lasentinelle.dz\/index.php\/wp-json\/wp\/v2\/posts\/17152\/revisions\/17173"}],"wp:featuredmedia":[{"embeddable":true,"href":"https:\/\/lasentinelle.dz\/index.php\/wp-json\/wp\/v2\/media\/17162"}],"wp:attachment":[{"href":"https:\/\/lasentinelle.dz\/index.php\/wp-json\/wp\/v2\/media?parent=17152"}],"wp:term":[{"taxonomy":"category","embeddable":true,"href":"https:\/\/lasentinelle.dz\/index.php\/wp-json\/wp\/v2\/categories?post=17152"},{"taxonomy":"post_tag","embeddable":true,"href":"https:\/\/lasentinelle.dz\/index.php\/wp-json\/wp\/v2\/tags?post=17152"}],"curies":[{"name":"wp","href":"https:\/\/api.w.org\/{rel}","templated":true}]}}