{"id":17157,"date":"2022-02-17T00:01:00","date_gmt":"2022-02-16T23:01:00","guid":{"rendered":"https:\/\/lasentinelle.dz\/?p=17157"},"modified":"2022-02-16T20:33:25","modified_gmt":"2022-02-16T19:33:25","slug":"bilan-operationnel-de-lanp-arrestation-de-9-elements-de-soutien-aux-terroristes","status":"publish","type":"post","link":"https:\/\/lasentinelle.dz\/index.php\/2022\/02\/17\/bilan-operationnel-de-lanp-arrestation-de-9-elements-de-soutien-aux-terroristes\/","title":{"rendered":"Bilan\u00a0op\u00e9rationnel de l\u2019ANP\u00a0:\u00a0Arrestation de 9 \u00e9l\u00e9ments de soutien aux terroristes"},"content":{"rendered":"\n<p>Dans le cadre de la&nbsp;lutte contre le terrorisme et la criminalit\u00e9 transfrontali\u00e8re, les d\u00e9tachements de l\u2019Arm\u00e9e&nbsp;nationalepopulaire ont arr\u00eat\u00e9 au cours des derniers jours, neuf \u00e9l\u00e9ments de soutien aux groupes terroristes,&nbsp;dans des op\u00e9rations distinctes \u00e0 travers le territoire national. Selon le bilan op\u00e9rationnel de l\u2019ANP, pour&nbsp;la p\u00e9riode allant du 9 au 15 f\u00e9vrier&nbsp;en cours,&nbsp;et publi\u00e9 hier le minist\u00e8re de la D\u00e9fense nationale, les d\u00e9tachements de l\u2019ANP ont \u00e9galement&nbsp;saisi, lors d\u2019une patrouille \u00e0 Djanet, un lot de munition de guerre&nbsp;comptant&nbsp;943 balles de diff\u00e9rents calibres.&nbsp;<\/p>\n\n\n\n<p>Au titre de la lutte contre la criminalit\u00e9,&nbsp;Le m\u00eame bilan indiqu\u00e9 que \u00ab&nbsp;14 narcotrafiquants ont \u00e9t\u00e9 arr\u00eat\u00e9s par des d\u00e9tachements combin\u00e9s de l\u2019ANP, en coordination avec les diff\u00e9rents services de s\u00e9curit\u00e9 au niveau des territoires des 2e et 3e R\u00e9gions militaires&nbsp;\u00bb. De m\u00eame que&nbsp;\u00ab&nbsp;des tentatives d\u2019introduction d\u2019importantes&nbsp;quantit\u00e9s de drogue \u00e0 travers les fronti\u00e8res avec le Maroc, s\u2019\u00e9levant \u00e0 09 qx et 29,5 kg de kif trait\u00e9, ont \u00e9t\u00e9 d\u00e9jou\u00e9es&nbsp;Aussi, \u00ab&nbsp;23 autres narcotrafiquants ont \u00e9t\u00e9 arr\u00eat\u00e9s en possession de 68,5 kg de la m\u00eame substance,&nbsp;de&nbsp;1,140 kg de coca\u00efne et 603.299 comprim\u00e9s psychotropes, saisis lors de diverses op\u00e9rations ex\u00e9cut\u00e9es \u00e0 travers les autres R\u00e9gions militaires&nbsp;\u00bb.<\/p>\n\n\n\n<p>&nbsp;Par ailleurs, des d\u00e9tachements de l\u2019ANP ont arr\u00eat\u00e9s \u00e0 Tamanrasset, Bordj Badji Mokhtar, Djanet et Tindouf,&nbsp;\u00ab&nbsp;158 individus et&nbsp;&nbsp;saisi 14 v\u00e9hicules, 196 groupes \u00e9lectrog\u00e8nes, 137 marteaux piqueurs, des quantit\u00e9s d\u2019explosifs, des outils de d\u00e9tonation et d\u2019autres \u00e9quipements utilis\u00e9s dans des op\u00e9rations d\u2019orpaillage illicite&nbsp;\u00bb,&nbsp;&nbsp;pr\u00e9cise le&nbsp;bilan. Dans le m\u00eame contexte&nbsp;\u00ab&nbsp;20 autres individus ont \u00e9t\u00e9 arr\u00eat\u00e9s \u00e0 S\u00e9tif, Batna, Constantine, Biskra, Laghouat, El-Tarf et M\u2019sila,&nbsp;&nbsp;en leur possession&nbsp;&nbsp;de 13 fusils de chasse, 37 qx de tabacs, 28036 unit\u00e9s de diff\u00e9rentes boissons&nbsp;&nbsp;et 2.351 Smartphones&nbsp;\u00bb, ajoute&nbsp;la m\u00eame source. Pour leur part, les&nbsp;Gardes-fronti\u00e8res&nbsp;\u00ab&nbsp;ont d\u00e9jou\u00e9 des tentatives de contrebandes depuis les wilayas de T\u00e9bessa, El Tarf, Souk Ahras, Tamanrasset et Tindouf de quantit\u00e9s de carburants s\u2019\u00e9levant \u00e0 33.490 litres&nbsp;\u00bb. S\u2019agissant de la lutte contre l\u2019\u00e9migration clandestine,&nbsp;\u00ab&nbsp;les Garde-c\u00f4tes ont d\u00e9jou\u00e9, au niveau de nos c\u00f4tes nationales, des tentatives d\u2019\u00e9migration clandestine et ont proc\u00e9d\u00e9 au sauvetage de 184 individus \u00e0 bord d\u2019embarcations de construction artisanale, alors que 111 immigrants clandestins de diff\u00e9rentes nationalit\u00e9s ont \u00e9t\u00e9 arr\u00eat\u00e9s \u00e0 Adrar, Tlemcen, N\u00e2ama, Ouargla, In Amenas, El-Oued et Tindouf&nbsp;\u00bb, a conclu le m\u00eame communiqu\u00e9.<\/p>\n\n\n\n<p><strong>Sofia Chahine<\/strong><\/p>\n","protected":false},"excerpt":{"rendered":"<p>Dans le cadre de la&nbsp;lutte contre le terrorisme et la criminalit\u00e9 transfrontali\u00e8re, les d\u00e9tachements de l\u2019Arm\u00e9e&nbsp;nationalepopulaire ont arr\u00eat\u00e9 au cours<\/p>\n","protected":false},"author":3,"featured_media":17171,"comment_status":"open","ping_status":"closed","sticky":false,"template":"","format":"standard","meta":{"colormag_page_container_layout":"default_layout","colormag_page_sidebar_layout":"default_layout","om_disable_all_campaigns":false,"_monsterinsights_skip_tracking":false,"_monsterinsights_sitenote_active":false,"_monsterinsights_sitenote_note":"","_monsterinsights_sitenote_category":0,"footnotes":"","_wpscppro_dont_share_socialmedia":false,"_wpscppro_custom_social_share_image":0,"_facebook_share_type":"","_twitter_share_type":"","_linkedin_share_type":"","_pinterest_share_type":"","_linkedin_share_type_page":"","_instagram_share_type":"","_medium_share_type":"","_threads_share_type":"","_google_business_share_type":"","_selected_social_profile":[],"_wpsp_enable_custom_social_template":false,"_wpsp_social_scheduling":{"enabled":false,"datetime":null,"platforms":[],"status":"template_only","dateOption":"today","timeOption":"now","customDays":"","customHours":"","customDate":"","customTime":"","schedulingType":"absolute"},"_wpsp_active_default_template":true},"categories":[27],"tags":[],"class_list":["post-17157","post","type-post","status-publish","format-standard","has-post-thumbnail","hentry","category-actualite"],"aioseo_notices":[],"yoast_head":"<!-- This site is optimized with the Yoast SEO plugin v27.5 - https:\/\/yoast.com\/product\/yoast-seo-wordpress\/ -->\n<title>Bilan\u00a0op\u00e9rationnel de l\u2019ANP\u00a0:\u00a0Arrestation de 9 \u00e9l\u00e9ments de soutien aux terroristes - La Sentinelle<\/title>\n<meta name=\"robots\" content=\"index, follow, max-snippet:-1, max-image-preview:large, max-video-preview:-1\" \/>\n<link rel=\"canonical\" href=\"https:\/\/lasentinelle.dz\/index.php\/2022\/02\/17\/bilan-operationnel-de-lanp-arrestation-de-9-elements-de-soutien-aux-terroristes\/\" \/>\n<meta property=\"og:locale\" content=\"fr_FR\" \/>\n<meta property=\"og:type\" content=\"article\" \/>\n<meta property=\"og:title\" content=\"Bilan\u00a0op\u00e9rationnel de l\u2019ANP\u00a0:\u00a0Arrestation de 9 \u00e9l\u00e9ments de soutien aux terroristes - La Sentinelle\" \/>\n<meta property=\"og:description\" content=\"Dans le cadre de la&nbsp;lutte contre le terrorisme et la criminalit\u00e9 transfrontali\u00e8re, les d\u00e9tachements de l\u2019Arm\u00e9e&nbsp;nationalepopulaire ont arr\u00eat\u00e9 au cours\" \/>\n<meta property=\"og:url\" content=\"https:\/\/lasentinelle.dz\/index.php\/2022\/02\/17\/bilan-operationnel-de-lanp-arrestation-de-9-elements-de-soutien-aux-terroristes\/\" \/>\n<meta property=\"og:site_name\" content=\"La Sentinelle\" \/>\n<meta property=\"article:publisher\" content=\"https:\/\/www.facebook.com\/La-Sentinelle-104059864394773\" \/>\n<meta property=\"article:published_time\" content=\"2022-02-16T23:01:00+00:00\" \/>\n<meta property=\"og:image\" content=\"https:\/\/lasentinelle.dz\/wp-content\/uploads\/2022\/02\/mar.webp.jpeg\" \/>\n\t<meta property=\"og:image:width\" content=\"800\" \/>\n\t<meta property=\"og:image:height\" content=\"600\" \/>\n\t<meta property=\"og:image:type\" content=\"image\/jpeg\" \/>\n<meta name=\"author\" content=\"La Sentinelle\" \/>\n<meta name=\"twitter:card\" content=\"summary_large_image\" \/>\n<meta name=\"twitter:label1\" content=\"\u00c9crit par\" \/>\n\t<meta name=\"twitter:data1\" content=\"La Sentinelle\" \/>\n\t<meta name=\"twitter:label2\" content=\"Dur\u00e9e de lecture estim\u00e9e\" \/>\n\t<meta name=\"twitter:data2\" content=\"2 minutes\" \/>\n<script type=\"application\/ld+json\" class=\"yoast-schema-graph\">{\"@context\":\"https:\\\/\\\/schema.org\",\"@graph\":[{\"@type\":\"Article\",\"@id\":\"https:\\\/\\\/lasentinelle.dz\\\/index.php\\\/2022\\\/02\\\/17\\\/bilan-operationnel-de-lanp-arrestation-de-9-elements-de-soutien-aux-terroristes\\\/#article\",\"isPartOf\":{\"@id\":\"https:\\\/\\\/lasentinelle.dz\\\/index.php\\\/2022\\\/02\\\/17\\\/bilan-operationnel-de-lanp-arrestation-de-9-elements-de-soutien-aux-terroristes\\\/\"},\"author\":{\"name\":\"La Sentinelle\",\"@id\":\"https:\\\/\\\/lasentinelle.dz\\\/#\\\/schema\\\/person\\\/d865044e22e70a75174ce8bcad3acfb3\"},\"headline\":\"Bilan\u00a0op\u00e9rationnel de l\u2019ANP\u00a0:\u00a0Arrestation de 9 \u00e9l\u00e9ments de soutien aux terroristes\",\"datePublished\":\"2022-02-16T23:01:00+00:00\",\"mainEntityOfPage\":{\"@id\":\"https:\\\/\\\/lasentinelle.dz\\\/index.php\\\/2022\\\/02\\\/17\\\/bilan-operationnel-de-lanp-arrestation-de-9-elements-de-soutien-aux-terroristes\\\/\"},\"wordCount\":497,\"commentCount\":0,\"publisher\":{\"@id\":\"https:\\\/\\\/lasentinelle.dz\\\/#organization\"},\"image\":{\"@id\":\"https:\\\/\\\/lasentinelle.dz\\\/index.php\\\/2022\\\/02\\\/17\\\/bilan-operationnel-de-lanp-arrestation-de-9-elements-de-soutien-aux-terroristes\\\/#primaryimage\"},\"thumbnailUrl\":\"https:\\\/\\\/lasentinelle.dz\\\/wp-content\\\/uploads\\\/2022\\\/02\\\/mar.webp.jpeg\",\"articleSection\":[\"Actualit\u00e9\"],\"inLanguage\":\"fr-FR\",\"potentialAction\":[{\"@type\":\"CommentAction\",\"name\":\"Comment\",\"target\":[\"https:\\\/\\\/lasentinelle.dz\\\/index.php\\\/2022\\\/02\\\/17\\\/bilan-operationnel-de-lanp-arrestation-de-9-elements-de-soutien-aux-terroristes\\\/#respond\"]}]},{\"@type\":\"WebPage\",\"@id\":\"https:\\\/\\\/lasentinelle.dz\\\/index.php\\\/2022\\\/02\\\/17\\\/bilan-operationnel-de-lanp-arrestation-de-9-elements-de-soutien-aux-terroristes\\\/\",\"url\":\"https:\\\/\\\/lasentinelle.dz\\\/index.php\\\/2022\\\/02\\\/17\\\/bilan-operationnel-de-lanp-arrestation-de-9-elements-de-soutien-aux-terroristes\\\/\",\"name\":\"Bilan\u00a0op\u00e9rationnel de l\u2019ANP\u00a0:\u00a0Arrestation de 9 \u00e9l\u00e9ments de soutien aux terroristes - La Sentinelle\",\"isPartOf\":{\"@id\":\"https:\\\/\\\/lasentinelle.dz\\\/#website\"},\"primaryImageOfPage\":{\"@id\":\"https:\\\/\\\/lasentinelle.dz\\\/index.php\\\/2022\\\/02\\\/17\\\/bilan-operationnel-de-lanp-arrestation-de-9-elements-de-soutien-aux-terroristes\\\/#primaryimage\"},\"image\":{\"@id\":\"https:\\\/\\\/lasentinelle.dz\\\/index.php\\\/2022\\\/02\\\/17\\\/bilan-operationnel-de-lanp-arrestation-de-9-elements-de-soutien-aux-terroristes\\\/#primaryimage\"},\"thumbnailUrl\":\"https:\\\/\\\/lasentinelle.dz\\\/wp-content\\\/uploads\\\/2022\\\/02\\\/mar.webp.jpeg\",\"datePublished\":\"2022-02-16T23:01:00+00:00\",\"breadcrumb\":{\"@id\":\"https:\\\/\\\/lasentinelle.dz\\\/index.php\\\/2022\\\/02\\\/17\\\/bilan-operationnel-de-lanp-arrestation-de-9-elements-de-soutien-aux-terroristes\\\/#breadcrumb\"},\"inLanguage\":\"fr-FR\",\"potentialAction\":[{\"@type\":\"ReadAction\",\"target\":[\"https:\\\/\\\/lasentinelle.dz\\\/index.php\\\/2022\\\/02\\\/17\\\/bilan-operationnel-de-lanp-arrestation-de-9-elements-de-soutien-aux-terroristes\\\/\"]}]},{\"@type\":\"ImageObject\",\"inLanguage\":\"fr-FR\",\"@id\":\"https:\\\/\\\/lasentinelle.dz\\\/index.php\\\/2022\\\/02\\\/17\\\/bilan-operationnel-de-lanp-arrestation-de-9-elements-de-soutien-aux-terroristes\\\/#primaryimage\",\"url\":\"https:\\\/\\\/lasentinelle.dz\\\/wp-content\\\/uploads\\\/2022\\\/02\\\/mar.webp.jpeg\",\"contentUrl\":\"https:\\\/\\\/lasentinelle.dz\\\/wp-content\\\/uploads\\\/2022\\\/02\\\/mar.webp.jpeg\",\"width\":800,\"height\":600},{\"@type\":\"BreadcrumbList\",\"@id\":\"https:\\\/\\\/lasentinelle.dz\\\/index.php\\\/2022\\\/02\\\/17\\\/bilan-operationnel-de-lanp-arrestation-de-9-elements-de-soutien-aux-terroristes\\\/#breadcrumb\",\"itemListElement\":[{\"@type\":\"ListItem\",\"position\":1,\"name\":\"Accueil\",\"item\":\"https:\\\/\\\/lasentinelle.dz\\\/\"},{\"@type\":\"ListItem\",\"position\":2,\"name\":\"Bilan\u00a0op\u00e9rationnel de l\u2019ANP\u00a0:\u00a0Arrestation de 9 \u00e9l\u00e9ments de soutien aux terroristes\"}]},{\"@type\":\"WebSite\",\"@id\":\"https:\\\/\\\/lasentinelle.dz\\\/#website\",\"url\":\"https:\\\/\\\/lasentinelle.dz\\\/\",\"name\":\"La Sentinelle\",\"description\":\"Quotidien national d&#039;information\",\"publisher\":{\"@id\":\"https:\\\/\\\/lasentinelle.dz\\\/#organization\"},\"potentialAction\":[{\"@type\":\"SearchAction\",\"target\":{\"@type\":\"EntryPoint\",\"urlTemplate\":\"https:\\\/\\\/lasentinelle.dz\\\/?s={search_term_string}\"},\"query-input\":{\"@type\":\"PropertyValueSpecification\",\"valueRequired\":true,\"valueName\":\"search_term_string\"}}],\"inLanguage\":\"fr-FR\"},{\"@type\":\"Organization\",\"@id\":\"https:\\\/\\\/lasentinelle.dz\\\/#organization\",\"name\":\"Quotidien La Sentinelle\",\"url\":\"https:\\\/\\\/lasentinelle.dz\\\/\",\"logo\":{\"@type\":\"ImageObject\",\"inLanguage\":\"fr-FR\",\"@id\":\"https:\\\/\\\/lasentinelle.dz\\\/#\\\/schema\\\/logo\\\/image\\\/\",\"url\":\"https:\\\/\\\/lasentinelle.dz\\\/wp-content\\\/uploads\\\/2021\\\/09\\\/logo-sentinelleSLOGAN-1.png\",\"contentUrl\":\"https:\\\/\\\/lasentinelle.dz\\\/wp-content\\\/uploads\\\/2021\\\/09\\\/logo-sentinelleSLOGAN-1.png\",\"width\":615,\"height\":142,\"caption\":\"Quotidien La Sentinelle\"},\"image\":{\"@id\":\"https:\\\/\\\/lasentinelle.dz\\\/#\\\/schema\\\/logo\\\/image\\\/\"},\"sameAs\":[\"https:\\\/\\\/www.facebook.com\\\/La-Sentinelle-104059864394773\"]},{\"@type\":\"Person\",\"@id\":\"https:\\\/\\\/lasentinelle.dz\\\/#\\\/schema\\\/person\\\/d865044e22e70a75174ce8bcad3acfb3\",\"name\":\"La Sentinelle\",\"image\":{\"@type\":\"ImageObject\",\"inLanguage\":\"fr-FR\",\"@id\":\"https:\\\/\\\/secure.gravatar.com\\\/avatar\\\/57de8e5d4b15d43fb361a71fbb36338450fe67865b528a43dd10ef7c51a20392?s=96&d=mm&r=g\",\"url\":\"https:\\\/\\\/secure.gravatar.com\\\/avatar\\\/57de8e5d4b15d43fb361a71fbb36338450fe67865b528a43dd10ef7c51a20392?s=96&d=mm&r=g\",\"contentUrl\":\"https:\\\/\\\/secure.gravatar.com\\\/avatar\\\/57de8e5d4b15d43fb361a71fbb36338450fe67865b528a43dd10ef7c51a20392?s=96&d=mm&r=g\",\"caption\":\"La Sentinelle\"},\"sameAs\":[\"http:\\\/\\\/www.lasentinelle.dz\"],\"url\":\"https:\\\/\\\/lasentinelle.dz\\\/author\\\/redaction\\\/\"}]}<\/script>\n<!-- \/ Yoast SEO plugin. -->","yoast_head_json":{"title":"Bilan\u00a0op\u00e9rationnel de l\u2019ANP\u00a0:\u00a0Arrestation de 9 \u00e9l\u00e9ments de soutien aux terroristes - La Sentinelle","robots":{"index":"index","follow":"follow","max-snippet":"max-snippet:-1","max-image-preview":"max-image-preview:large","max-video-preview":"max-video-preview:-1"},"canonical":"https:\/\/lasentinelle.dz\/index.php\/2022\/02\/17\/bilan-operationnel-de-lanp-arrestation-de-9-elements-de-soutien-aux-terroristes\/","og_locale":"fr_FR","og_type":"article","og_title":"Bilan\u00a0op\u00e9rationnel de l\u2019ANP\u00a0:\u00a0Arrestation de 9 \u00e9l\u00e9ments de soutien aux terroristes - La Sentinelle","og_description":"Dans le cadre de la&nbsp;lutte contre le terrorisme et la criminalit\u00e9 transfrontali\u00e8re, les d\u00e9tachements de l\u2019Arm\u00e9e&nbsp;nationalepopulaire ont arr\u00eat\u00e9 au cours","og_url":"https:\/\/lasentinelle.dz\/index.php\/2022\/02\/17\/bilan-operationnel-de-lanp-arrestation-de-9-elements-de-soutien-aux-terroristes\/","og_site_name":"La Sentinelle","article_publisher":"https:\/\/www.facebook.com\/La-Sentinelle-104059864394773","article_published_time":"2022-02-16T23:01:00+00:00","og_image":[{"width":800,"height":600,"url":"https:\/\/lasentinelle.dz\/wp-content\/uploads\/2022\/02\/mar.webp.jpeg","type":"image\/jpeg"}],"author":"La Sentinelle","twitter_card":"summary_large_image","twitter_misc":{"\u00c9crit par":"La Sentinelle","Dur\u00e9e de lecture estim\u00e9e":"2 minutes"},"schema":{"@context":"https:\/\/schema.org","@graph":[{"@type":"Article","@id":"https:\/\/lasentinelle.dz\/index.php\/2022\/02\/17\/bilan-operationnel-de-lanp-arrestation-de-9-elements-de-soutien-aux-terroristes\/#article","isPartOf":{"@id":"https:\/\/lasentinelle.dz\/index.php\/2022\/02\/17\/bilan-operationnel-de-lanp-arrestation-de-9-elements-de-soutien-aux-terroristes\/"},"author":{"name":"La Sentinelle","@id":"https:\/\/lasentinelle.dz\/#\/schema\/person\/d865044e22e70a75174ce8bcad3acfb3"},"headline":"Bilan\u00a0op\u00e9rationnel de l\u2019ANP\u00a0:\u00a0Arrestation de 9 \u00e9l\u00e9ments de soutien aux terroristes","datePublished":"2022-02-16T23:01:00+00:00","mainEntityOfPage":{"@id":"https:\/\/lasentinelle.dz\/index.php\/2022\/02\/17\/bilan-operationnel-de-lanp-arrestation-de-9-elements-de-soutien-aux-terroristes\/"},"wordCount":497,"commentCount":0,"publisher":{"@id":"https:\/\/lasentinelle.dz\/#organization"},"image":{"@id":"https:\/\/lasentinelle.dz\/index.php\/2022\/02\/17\/bilan-operationnel-de-lanp-arrestation-de-9-elements-de-soutien-aux-terroristes\/#primaryimage"},"thumbnailUrl":"https:\/\/lasentinelle.dz\/wp-content\/uploads\/2022\/02\/mar.webp.jpeg","articleSection":["Actualit\u00e9"],"inLanguage":"fr-FR","potentialAction":[{"@type":"CommentAction","name":"Comment","target":["https:\/\/lasentinelle.dz\/index.php\/2022\/02\/17\/bilan-operationnel-de-lanp-arrestation-de-9-elements-de-soutien-aux-terroristes\/#respond"]}]},{"@type":"WebPage","@id":"https:\/\/lasentinelle.dz\/index.php\/2022\/02\/17\/bilan-operationnel-de-lanp-arrestation-de-9-elements-de-soutien-aux-terroristes\/","url":"https:\/\/lasentinelle.dz\/index.php\/2022\/02\/17\/bilan-operationnel-de-lanp-arrestation-de-9-elements-de-soutien-aux-terroristes\/","name":"Bilan\u00a0op\u00e9rationnel de l\u2019ANP\u00a0:\u00a0Arrestation de 9 \u00e9l\u00e9ments de soutien aux terroristes - La Sentinelle","isPartOf":{"@id":"https:\/\/lasentinelle.dz\/#website"},"primaryImageOfPage":{"@id":"https:\/\/lasentinelle.dz\/index.php\/2022\/02\/17\/bilan-operationnel-de-lanp-arrestation-de-9-elements-de-soutien-aux-terroristes\/#primaryimage"},"image":{"@id":"https:\/\/lasentinelle.dz\/index.php\/2022\/02\/17\/bilan-operationnel-de-lanp-arrestation-de-9-elements-de-soutien-aux-terroristes\/#primaryimage"},"thumbnailUrl":"https:\/\/lasentinelle.dz\/wp-content\/uploads\/2022\/02\/mar.webp.jpeg","datePublished":"2022-02-16T23:01:00+00:00","breadcrumb":{"@id":"https:\/\/lasentinelle.dz\/index.php\/2022\/02\/17\/bilan-operationnel-de-lanp-arrestation-de-9-elements-de-soutien-aux-terroristes\/#breadcrumb"},"inLanguage":"fr-FR","potentialAction":[{"@type":"ReadAction","target":["https:\/\/lasentinelle.dz\/index.php\/2022\/02\/17\/bilan-operationnel-de-lanp-arrestation-de-9-elements-de-soutien-aux-terroristes\/"]}]},{"@type":"ImageObject","inLanguage":"fr-FR","@id":"https:\/\/lasentinelle.dz\/index.php\/2022\/02\/17\/bilan-operationnel-de-lanp-arrestation-de-9-elements-de-soutien-aux-terroristes\/#primaryimage","url":"https:\/\/lasentinelle.dz\/wp-content\/uploads\/2022\/02\/mar.webp.jpeg","contentUrl":"https:\/\/lasentinelle.dz\/wp-content\/uploads\/2022\/02\/mar.webp.jpeg","width":800,"height":600},{"@type":"BreadcrumbList","@id":"https:\/\/lasentinelle.dz\/index.php\/2022\/02\/17\/bilan-operationnel-de-lanp-arrestation-de-9-elements-de-soutien-aux-terroristes\/#breadcrumb","itemListElement":[{"@type":"ListItem","position":1,"name":"Accueil","item":"https:\/\/lasentinelle.dz\/"},{"@type":"ListItem","position":2,"name":"Bilan\u00a0op\u00e9rationnel de l\u2019ANP\u00a0:\u00a0Arrestation de 9 \u00e9l\u00e9ments de soutien aux terroristes"}]},{"@type":"WebSite","@id":"https:\/\/lasentinelle.dz\/#website","url":"https:\/\/lasentinelle.dz\/","name":"La Sentinelle","description":"Quotidien national d&#039;information","publisher":{"@id":"https:\/\/lasentinelle.dz\/#organization"},"potentialAction":[{"@type":"SearchAction","target":{"@type":"EntryPoint","urlTemplate":"https:\/\/lasentinelle.dz\/?s={search_term_string}"},"query-input":{"@type":"PropertyValueSpecification","valueRequired":true,"valueName":"search_term_string"}}],"inLanguage":"fr-FR"},{"@type":"Organization","@id":"https:\/\/lasentinelle.dz\/#organization","name":"Quotidien La Sentinelle","url":"https:\/\/lasentinelle.dz\/","logo":{"@type":"ImageObject","inLanguage":"fr-FR","@id":"https:\/\/lasentinelle.dz\/#\/schema\/logo\/image\/","url":"https:\/\/lasentinelle.dz\/wp-content\/uploads\/2021\/09\/logo-sentinelleSLOGAN-1.png","contentUrl":"https:\/\/lasentinelle.dz\/wp-content\/uploads\/2021\/09\/logo-sentinelleSLOGAN-1.png","width":615,"height":142,"caption":"Quotidien La Sentinelle"},"image":{"@id":"https:\/\/lasentinelle.dz\/#\/schema\/logo\/image\/"},"sameAs":["https:\/\/www.facebook.com\/La-Sentinelle-104059864394773"]},{"@type":"Person","@id":"https:\/\/lasentinelle.dz\/#\/schema\/person\/d865044e22e70a75174ce8bcad3acfb3","name":"La Sentinelle","image":{"@type":"ImageObject","inLanguage":"fr-FR","@id":"https:\/\/secure.gravatar.com\/avatar\/57de8e5d4b15d43fb361a71fbb36338450fe67865b528a43dd10ef7c51a20392?s=96&d=mm&r=g","url":"https:\/\/secure.gravatar.com\/avatar\/57de8e5d4b15d43fb361a71fbb36338450fe67865b528a43dd10ef7c51a20392?s=96&d=mm&r=g","contentUrl":"https:\/\/secure.gravatar.com\/avatar\/57de8e5d4b15d43fb361a71fbb36338450fe67865b528a43dd10ef7c51a20392?s=96&d=mm&r=g","caption":"La Sentinelle"},"sameAs":["http:\/\/www.lasentinelle.dz"],"url":"https:\/\/lasentinelle.dz\/author\/redaction\/"}]}},"_links":{"self":[{"href":"https:\/\/lasentinelle.dz\/index.php\/wp-json\/wp\/v2\/posts\/17157","targetHints":{"allow":["GET"]}}],"collection":[{"href":"https:\/\/lasentinelle.dz\/index.php\/wp-json\/wp\/v2\/posts"}],"about":[{"href":"https:\/\/lasentinelle.dz\/index.php\/wp-json\/wp\/v2\/types\/post"}],"author":[{"embeddable":true,"href":"https:\/\/lasentinelle.dz\/index.php\/wp-json\/wp\/v2\/users\/3"}],"replies":[{"embeddable":true,"href":"https:\/\/lasentinelle.dz\/index.php\/wp-json\/wp\/v2\/comments?post=17157"}],"version-history":[{"count":1,"href":"https:\/\/lasentinelle.dz\/index.php\/wp-json\/wp\/v2\/posts\/17157\/revisions"}],"predecessor-version":[{"id":17172,"href":"https:\/\/lasentinelle.dz\/index.php\/wp-json\/wp\/v2\/posts\/17157\/revisions\/17172"}],"wp:featuredmedia":[{"embeddable":true,"href":"https:\/\/lasentinelle.dz\/index.php\/wp-json\/wp\/v2\/media\/17171"}],"wp:attachment":[{"href":"https:\/\/lasentinelle.dz\/index.php\/wp-json\/wp\/v2\/media?parent=17157"}],"wp:term":[{"taxonomy":"category","embeddable":true,"href":"https:\/\/lasentinelle.dz\/index.php\/wp-json\/wp\/v2\/categories?post=17157"},{"taxonomy":"post_tag","embeddable":true,"href":"https:\/\/lasentinelle.dz\/index.php\/wp-json\/wp\/v2\/tags?post=17157"}],"curies":[{"name":"wp","href":"https:\/\/api.w.org\/{rel}","templated":true}]}}