{"id":17206,"date":"2022-02-20T00:01:00","date_gmt":"2022-02-19T23:01:00","guid":{"rendered":"https:\/\/lasentinelle.dz\/?p=17206"},"modified":"2022-02-19T19:35:01","modified_gmt":"2022-02-19T18:35:01","slug":"assainissement-du-foncier-industriel-500-hectares-recuperes","status":"publish","type":"post","link":"https:\/\/lasentinelle.dz\/index.php\/2022\/02\/20\/assainissement-du-foncier-industriel-500-hectares-recuperes\/","title":{"rendered":"Assainissement du foncier industriel\u00a0: 500 hectares r\u00e9cup\u00e9r\u00e9s"},"content":{"rendered":"\n<p>Le ministre de l\u2019Industrie, Ahmed Zeghdar&nbsp;a effectu\u00e9 jeudi et vendre une visite de deux jours&nbsp;&nbsp;dans la wilaya de B\u00e9char. L\u2019occasion pour lui de se pencher sur la situation du secteur dans la wilaya, notamment en ce qui concerne la gestion du foncier industriel. C\u2019est ainsi qu\u2019en marge de sa visite, le ministre a fait savoir&nbsp;savoir que l\u2019op\u00e9ration&nbsp;d\u2019assainissement&nbsp;du foncier industriel se poursuit et a r\u00e9v\u00e9l\u00e9 \u00e0 ce sujet que 1.081&nbsp;assiettes ont \u00e9t\u00e9 r\u00e9cup\u00e9r\u00e9es \u00e0 travers le territoire national. Une op\u00e9ration qui a, pr\u00e9cise-t-il, permis de gagner 500 hectares. Profitant toujours son p\u00e9riple \u00e0 Bechar, M. Zeghdar n\u2019a pas manqu\u00e9&nbsp;&nbsp;d\u2019assurer que cette wilaya poss\u00e8de un grand potentiel minier qu\u2019il faudra mettre \u00e0 profit pour d\u00e9velopper l\u2019industrie nationale. Pour se faire, ajoute le ministre, les pouvoirs publics, via son d\u00e9partement minist\u00e9riel, comptent accompagner les projets d\u2019exploration et d\u2019exploitation en d\u00e9veloppant le potentiel des industrie de transformation de minerais alimentant le secteur industriel national de mati\u00e8res premi\u00e8res.<\/p>\n\n\n\n<p>Lors de sa deuxi\u00e8me journ\u00e9e de visite, le ministre de l\u2019Industrie a effectu\u00e9 plusieurs visites de terrain dans des entreprises. C\u2019est ainsi qu\u2019il s\u2019est rendu dans le complexe industriel Saoura de production de ciment qui rel\u00e8ve du groupe industriel sp\u00e9cialis\u00e9 Gica.&nbsp;Selon les explications des responsables de l\u2019unit\u00e9, ce complexe industriel&nbsp;produit quotidiennement 4.000 tonnes de ciment Portland et 3.200 tonnes de ciment Klinker outre le lancement de la production de ciment r\u00e9sistant au souffre avec des quantit\u00e9s \u00e9valu\u00e9es \u00e0 3.&nbsp;200 tonnes. Ce produit, expliquent les m\u00eames responsables, est utilis\u00e9 dans les chantiers du b\u00e2timent, des travaux publics outre les grands&nbsp;infrastructures&nbsp;\u00e0 l\u2019instar des a\u00e9roports, des barrages pour sa grande r\u00e9sistance&nbsp;&nbsp;aux al\u00e9as naturels. Outre le ciment cit\u00e9, le groupe Gica pr\u00e9voit \u00e9galement de se lancer dans la production de ciment p\u00e9trolier utilis\u00e9 dans la production p\u00e9troli\u00e8re.<\/p>\n\n\n\n<p>A l\u2019issu de sa visite, le ministre de l\u2019Industrie a affirm\u00e9 que le&nbsp;Groupe&nbsp;Gica et ses filiales jouent&nbsp;un r\u00f4le tr\u00e8s important dans le d\u00e9veloppement \u00e9conomique national. Un effort qui se poursuivra \u00e9galement dans l\u2019exportation qui permettra ainsi de poursuivre la politique national de diversification des exportations visant \u00e0 sortir de la d\u00e9pendance aux hydrocarbures. La proximit\u00e9 de la r\u00e9gion avec les pays africains permet d\u2019ailleurs de pr\u00e9voir cette option avec notamment les pays frontaliers de l\u2019Alg\u00e9rie \u00e0 l\u2019instar du Mali et du Niger, ajoute M. Zeghdar qui a appel\u00e9 les responsables du complexe \u00e0 augmenter la production afin de satisfaire la demande nationale, d\u2019aller vers l\u2019exportation et ainsi augmenter la part du secteur industriel dans le Produit Int\u00e9rieur brut (PIB).<\/p>\n\n\n\n<p>Enfin, il faut noter que la visite de M. Zeghdar&nbsp;dans la wilaya de B\u00e9char a constitu\u00e9 pour lui une opportunit\u00e9 pour se rendre&nbsp;la nouvelle zone industrielle afin de s\u2019enqu\u00e9rir de l\u2019avanc\u00e9e des travaux de son am\u00e9nagement et sa viabilisation qui ont, selon les responsables du projet, atteint 90% d\u2019avancement. Un espace d\u00e9di\u00e9e aux projets avec 94 assiettes fonci\u00e8res r\u00e9parties sur 178 hectares.&nbsp;<\/p>\n\n\n\n<p><strong>Kamel Nait Ameur<\/strong><\/p>\n","protected":false},"excerpt":{"rendered":"<p>Le ministre de l\u2019Industrie, Ahmed Zeghdar&nbsp;a effectu\u00e9 jeudi et vendre une visite de deux jours&nbsp;&nbsp;dans la wilaya de B\u00e9char. L\u2019occasion<\/p>\n","protected":false},"author":3,"featured_media":17215,"comment_status":"open","ping_status":"closed","sticky":false,"template":"","format":"standard","meta":{"colormag_page_container_layout":"default_layout","colormag_page_sidebar_layout":"default_layout","om_disable_all_campaigns":false,"_monsterinsights_skip_tracking":false,"_monsterinsights_sitenote_active":false,"_monsterinsights_sitenote_note":"","_monsterinsights_sitenote_category":0,"footnotes":"","_wpscppro_dont_share_socialmedia":false,"_wpscppro_custom_social_share_image":0,"_facebook_share_type":"","_twitter_share_type":"","_linkedin_share_type":"","_pinterest_share_type":"","_linkedin_share_type_page":"","_instagram_share_type":"","_medium_share_type":"","_threads_share_type":"","_google_business_share_type":"","_selected_social_profile":[],"_wpsp_enable_custom_social_template":false,"_wpsp_social_scheduling":{"enabled":false,"datetime":null,"platforms":[],"status":"template_only","dateOption":"today","timeOption":"now","customDays":"","customHours":"","customDate":"","customTime":"","schedulingType":"absolute"},"_wpsp_active_default_template":true},"categories":[29],"tags":[],"class_list":["post-17206","post","type-post","status-publish","format-standard","has-post-thumbnail","hentry","category-economie"],"aioseo_notices":[],"yoast_head":"<!-- This site is optimized with the Yoast SEO plugin v27.4 - https:\/\/yoast.com\/product\/yoast-seo-wordpress\/ -->\n<title>Assainissement du foncier industriel\u00a0: 500 hectares r\u00e9cup\u00e9r\u00e9s - La Sentinelle<\/title>\n<meta name=\"robots\" content=\"index, follow, max-snippet:-1, max-image-preview:large, max-video-preview:-1\" \/>\n<link rel=\"canonical\" href=\"https:\/\/lasentinelle.dz\/index.php\/2022\/02\/20\/assainissement-du-foncier-industriel-500-hectares-recuperes\/\" \/>\n<meta property=\"og:locale\" content=\"fr_FR\" \/>\n<meta property=\"og:type\" content=\"article\" \/>\n<meta property=\"og:title\" content=\"Assainissement du foncier industriel\u00a0: 500 hectares r\u00e9cup\u00e9r\u00e9s - La Sentinelle\" \/>\n<meta property=\"og:description\" content=\"Le ministre de l\u2019Industrie, Ahmed Zeghdar&nbsp;a effectu\u00e9 jeudi et vendre une visite de deux jours&nbsp;&nbsp;dans la wilaya de B\u00e9char. L\u2019occasion\" \/>\n<meta property=\"og:url\" content=\"https:\/\/lasentinelle.dz\/index.php\/2022\/02\/20\/assainissement-du-foncier-industriel-500-hectares-recuperes\/\" \/>\n<meta property=\"og:site_name\" content=\"La Sentinelle\" \/>\n<meta property=\"article:publisher\" content=\"https:\/\/www.facebook.com\/La-Sentinelle-104059864394773\" \/>\n<meta property=\"article:published_time\" content=\"2022-02-19T23:01:00+00:00\" \/>\n<meta property=\"og:image\" content=\"https:\/\/lasentinelle.dz\/wp-content\/uploads\/2022\/02\/ddddd-1.png\" \/>\n\t<meta property=\"og:image:width\" content=\"1594\" \/>\n\t<meta property=\"og:image:height\" content=\"900\" \/>\n\t<meta property=\"og:image:type\" content=\"image\/png\" \/>\n<meta name=\"author\" content=\"La Sentinelle\" \/>\n<meta name=\"twitter:card\" content=\"summary_large_image\" \/>\n<meta name=\"twitter:label1\" content=\"\u00c9crit par\" \/>\n\t<meta name=\"twitter:data1\" content=\"La Sentinelle\" \/>\n\t<meta name=\"twitter:label2\" content=\"Dur\u00e9e de lecture estim\u00e9e\" \/>\n\t<meta name=\"twitter:data2\" content=\"3 minutes\" \/>\n<script type=\"application\/ld+json\" class=\"yoast-schema-graph\">{\"@context\":\"https:\\\/\\\/schema.org\",\"@graph\":[{\"@type\":\"Article\",\"@id\":\"https:\\\/\\\/lasentinelle.dz\\\/index.php\\\/2022\\\/02\\\/20\\\/assainissement-du-foncier-industriel-500-hectares-recuperes\\\/#article\",\"isPartOf\":{\"@id\":\"https:\\\/\\\/lasentinelle.dz\\\/index.php\\\/2022\\\/02\\\/20\\\/assainissement-du-foncier-industriel-500-hectares-recuperes\\\/\"},\"author\":{\"name\":\"La Sentinelle\",\"@id\":\"https:\\\/\\\/lasentinelle.dz\\\/#\\\/schema\\\/person\\\/d865044e22e70a75174ce8bcad3acfb3\"},\"headline\":\"Assainissement du foncier industriel\u00a0: 500 hectares r\u00e9cup\u00e9r\u00e9s\",\"datePublished\":\"2022-02-19T23:01:00+00:00\",\"mainEntityOfPage\":{\"@id\":\"https:\\\/\\\/lasentinelle.dz\\\/index.php\\\/2022\\\/02\\\/20\\\/assainissement-du-foncier-industriel-500-hectares-recuperes\\\/\"},\"wordCount\":579,\"commentCount\":0,\"publisher\":{\"@id\":\"https:\\\/\\\/lasentinelle.dz\\\/#organization\"},\"image\":{\"@id\":\"https:\\\/\\\/lasentinelle.dz\\\/index.php\\\/2022\\\/02\\\/20\\\/assainissement-du-foncier-industriel-500-hectares-recuperes\\\/#primaryimage\"},\"thumbnailUrl\":\"https:\\\/\\\/lasentinelle.dz\\\/wp-content\\\/uploads\\\/2022\\\/02\\\/ddddd-1.png\",\"articleSection\":[\"\u00c9conomie\"],\"inLanguage\":\"fr-FR\",\"potentialAction\":[{\"@type\":\"CommentAction\",\"name\":\"Comment\",\"target\":[\"https:\\\/\\\/lasentinelle.dz\\\/index.php\\\/2022\\\/02\\\/20\\\/assainissement-du-foncier-industriel-500-hectares-recuperes\\\/#respond\"]}]},{\"@type\":\"WebPage\",\"@id\":\"https:\\\/\\\/lasentinelle.dz\\\/index.php\\\/2022\\\/02\\\/20\\\/assainissement-du-foncier-industriel-500-hectares-recuperes\\\/\",\"url\":\"https:\\\/\\\/lasentinelle.dz\\\/index.php\\\/2022\\\/02\\\/20\\\/assainissement-du-foncier-industriel-500-hectares-recuperes\\\/\",\"name\":\"Assainissement du foncier industriel\u00a0: 500 hectares r\u00e9cup\u00e9r\u00e9s - La Sentinelle\",\"isPartOf\":{\"@id\":\"https:\\\/\\\/lasentinelle.dz\\\/#website\"},\"primaryImageOfPage\":{\"@id\":\"https:\\\/\\\/lasentinelle.dz\\\/index.php\\\/2022\\\/02\\\/20\\\/assainissement-du-foncier-industriel-500-hectares-recuperes\\\/#primaryimage\"},\"image\":{\"@id\":\"https:\\\/\\\/lasentinelle.dz\\\/index.php\\\/2022\\\/02\\\/20\\\/assainissement-du-foncier-industriel-500-hectares-recuperes\\\/#primaryimage\"},\"thumbnailUrl\":\"https:\\\/\\\/lasentinelle.dz\\\/wp-content\\\/uploads\\\/2022\\\/02\\\/ddddd-1.png\",\"datePublished\":\"2022-02-19T23:01:00+00:00\",\"breadcrumb\":{\"@id\":\"https:\\\/\\\/lasentinelle.dz\\\/index.php\\\/2022\\\/02\\\/20\\\/assainissement-du-foncier-industriel-500-hectares-recuperes\\\/#breadcrumb\"},\"inLanguage\":\"fr-FR\",\"potentialAction\":[{\"@type\":\"ReadAction\",\"target\":[\"https:\\\/\\\/lasentinelle.dz\\\/index.php\\\/2022\\\/02\\\/20\\\/assainissement-du-foncier-industriel-500-hectares-recuperes\\\/\"]}]},{\"@type\":\"ImageObject\",\"inLanguage\":\"fr-FR\",\"@id\":\"https:\\\/\\\/lasentinelle.dz\\\/index.php\\\/2022\\\/02\\\/20\\\/assainissement-du-foncier-industriel-500-hectares-recuperes\\\/#primaryimage\",\"url\":\"https:\\\/\\\/lasentinelle.dz\\\/wp-content\\\/uploads\\\/2022\\\/02\\\/ddddd-1.png\",\"contentUrl\":\"https:\\\/\\\/lasentinelle.dz\\\/wp-content\\\/uploads\\\/2022\\\/02\\\/ddddd-1.png\",\"width\":1594,\"height\":900},{\"@type\":\"BreadcrumbList\",\"@id\":\"https:\\\/\\\/lasentinelle.dz\\\/index.php\\\/2022\\\/02\\\/20\\\/assainissement-du-foncier-industriel-500-hectares-recuperes\\\/#breadcrumb\",\"itemListElement\":[{\"@type\":\"ListItem\",\"position\":1,\"name\":\"Accueil\",\"item\":\"https:\\\/\\\/lasentinelle.dz\\\/\"},{\"@type\":\"ListItem\",\"position\":2,\"name\":\"Assainissement du foncier industriel\u00a0: 500 hectares r\u00e9cup\u00e9r\u00e9s\"}]},{\"@type\":\"WebSite\",\"@id\":\"https:\\\/\\\/lasentinelle.dz\\\/#website\",\"url\":\"https:\\\/\\\/lasentinelle.dz\\\/\",\"name\":\"La Sentinelle\",\"description\":\"Quotidien national d&#039;information\",\"publisher\":{\"@id\":\"https:\\\/\\\/lasentinelle.dz\\\/#organization\"},\"potentialAction\":[{\"@type\":\"SearchAction\",\"target\":{\"@type\":\"EntryPoint\",\"urlTemplate\":\"https:\\\/\\\/lasentinelle.dz\\\/?s={search_term_string}\"},\"query-input\":{\"@type\":\"PropertyValueSpecification\",\"valueRequired\":true,\"valueName\":\"search_term_string\"}}],\"inLanguage\":\"fr-FR\"},{\"@type\":\"Organization\",\"@id\":\"https:\\\/\\\/lasentinelle.dz\\\/#organization\",\"name\":\"Quotidien La Sentinelle\",\"url\":\"https:\\\/\\\/lasentinelle.dz\\\/\",\"logo\":{\"@type\":\"ImageObject\",\"inLanguage\":\"fr-FR\",\"@id\":\"https:\\\/\\\/lasentinelle.dz\\\/#\\\/schema\\\/logo\\\/image\\\/\",\"url\":\"https:\\\/\\\/lasentinelle.dz\\\/wp-content\\\/uploads\\\/2021\\\/09\\\/logo-sentinelleSLOGAN-1.png\",\"contentUrl\":\"https:\\\/\\\/lasentinelle.dz\\\/wp-content\\\/uploads\\\/2021\\\/09\\\/logo-sentinelleSLOGAN-1.png\",\"width\":615,\"height\":142,\"caption\":\"Quotidien La Sentinelle\"},\"image\":{\"@id\":\"https:\\\/\\\/lasentinelle.dz\\\/#\\\/schema\\\/logo\\\/image\\\/\"},\"sameAs\":[\"https:\\\/\\\/www.facebook.com\\\/La-Sentinelle-104059864394773\"]},{\"@type\":\"Person\",\"@id\":\"https:\\\/\\\/lasentinelle.dz\\\/#\\\/schema\\\/person\\\/d865044e22e70a75174ce8bcad3acfb3\",\"name\":\"La Sentinelle\",\"image\":{\"@type\":\"ImageObject\",\"inLanguage\":\"fr-FR\",\"@id\":\"https:\\\/\\\/secure.gravatar.com\\\/avatar\\\/57de8e5d4b15d43fb361a71fbb36338450fe67865b528a43dd10ef7c51a20392?s=96&d=mm&r=g\",\"url\":\"https:\\\/\\\/secure.gravatar.com\\\/avatar\\\/57de8e5d4b15d43fb361a71fbb36338450fe67865b528a43dd10ef7c51a20392?s=96&d=mm&r=g\",\"contentUrl\":\"https:\\\/\\\/secure.gravatar.com\\\/avatar\\\/57de8e5d4b15d43fb361a71fbb36338450fe67865b528a43dd10ef7c51a20392?s=96&d=mm&r=g\",\"caption\":\"La Sentinelle\"},\"sameAs\":[\"http:\\\/\\\/www.lasentinelle.dz\"],\"url\":\"https:\\\/\\\/lasentinelle.dz\\\/author\\\/redaction\\\/\"}]}<\/script>\n<!-- \/ Yoast SEO plugin. -->","yoast_head_json":{"title":"Assainissement du foncier industriel\u00a0: 500 hectares r\u00e9cup\u00e9r\u00e9s - La Sentinelle","robots":{"index":"index","follow":"follow","max-snippet":"max-snippet:-1","max-image-preview":"max-image-preview:large","max-video-preview":"max-video-preview:-1"},"canonical":"https:\/\/lasentinelle.dz\/index.php\/2022\/02\/20\/assainissement-du-foncier-industriel-500-hectares-recuperes\/","og_locale":"fr_FR","og_type":"article","og_title":"Assainissement du foncier industriel\u00a0: 500 hectares r\u00e9cup\u00e9r\u00e9s - La Sentinelle","og_description":"Le ministre de l\u2019Industrie, Ahmed Zeghdar&nbsp;a effectu\u00e9 jeudi et vendre une visite de deux jours&nbsp;&nbsp;dans la wilaya de B\u00e9char. L\u2019occasion","og_url":"https:\/\/lasentinelle.dz\/index.php\/2022\/02\/20\/assainissement-du-foncier-industriel-500-hectares-recuperes\/","og_site_name":"La Sentinelle","article_publisher":"https:\/\/www.facebook.com\/La-Sentinelle-104059864394773","article_published_time":"2022-02-19T23:01:00+00:00","og_image":[{"width":1594,"height":900,"url":"https:\/\/lasentinelle.dz\/wp-content\/uploads\/2022\/02\/ddddd-1.png","type":"image\/png"}],"author":"La Sentinelle","twitter_card":"summary_large_image","twitter_misc":{"\u00c9crit par":"La Sentinelle","Dur\u00e9e de lecture estim\u00e9e":"3 minutes"},"schema":{"@context":"https:\/\/schema.org","@graph":[{"@type":"Article","@id":"https:\/\/lasentinelle.dz\/index.php\/2022\/02\/20\/assainissement-du-foncier-industriel-500-hectares-recuperes\/#article","isPartOf":{"@id":"https:\/\/lasentinelle.dz\/index.php\/2022\/02\/20\/assainissement-du-foncier-industriel-500-hectares-recuperes\/"},"author":{"name":"La Sentinelle","@id":"https:\/\/lasentinelle.dz\/#\/schema\/person\/d865044e22e70a75174ce8bcad3acfb3"},"headline":"Assainissement du foncier industriel\u00a0: 500 hectares r\u00e9cup\u00e9r\u00e9s","datePublished":"2022-02-19T23:01:00+00:00","mainEntityOfPage":{"@id":"https:\/\/lasentinelle.dz\/index.php\/2022\/02\/20\/assainissement-du-foncier-industriel-500-hectares-recuperes\/"},"wordCount":579,"commentCount":0,"publisher":{"@id":"https:\/\/lasentinelle.dz\/#organization"},"image":{"@id":"https:\/\/lasentinelle.dz\/index.php\/2022\/02\/20\/assainissement-du-foncier-industriel-500-hectares-recuperes\/#primaryimage"},"thumbnailUrl":"https:\/\/lasentinelle.dz\/wp-content\/uploads\/2022\/02\/ddddd-1.png","articleSection":["\u00c9conomie"],"inLanguage":"fr-FR","potentialAction":[{"@type":"CommentAction","name":"Comment","target":["https:\/\/lasentinelle.dz\/index.php\/2022\/02\/20\/assainissement-du-foncier-industriel-500-hectares-recuperes\/#respond"]}]},{"@type":"WebPage","@id":"https:\/\/lasentinelle.dz\/index.php\/2022\/02\/20\/assainissement-du-foncier-industriel-500-hectares-recuperes\/","url":"https:\/\/lasentinelle.dz\/index.php\/2022\/02\/20\/assainissement-du-foncier-industriel-500-hectares-recuperes\/","name":"Assainissement du foncier industriel\u00a0: 500 hectares r\u00e9cup\u00e9r\u00e9s - La Sentinelle","isPartOf":{"@id":"https:\/\/lasentinelle.dz\/#website"},"primaryImageOfPage":{"@id":"https:\/\/lasentinelle.dz\/index.php\/2022\/02\/20\/assainissement-du-foncier-industriel-500-hectares-recuperes\/#primaryimage"},"image":{"@id":"https:\/\/lasentinelle.dz\/index.php\/2022\/02\/20\/assainissement-du-foncier-industriel-500-hectares-recuperes\/#primaryimage"},"thumbnailUrl":"https:\/\/lasentinelle.dz\/wp-content\/uploads\/2022\/02\/ddddd-1.png","datePublished":"2022-02-19T23:01:00+00:00","breadcrumb":{"@id":"https:\/\/lasentinelle.dz\/index.php\/2022\/02\/20\/assainissement-du-foncier-industriel-500-hectares-recuperes\/#breadcrumb"},"inLanguage":"fr-FR","potentialAction":[{"@type":"ReadAction","target":["https:\/\/lasentinelle.dz\/index.php\/2022\/02\/20\/assainissement-du-foncier-industriel-500-hectares-recuperes\/"]}]},{"@type":"ImageObject","inLanguage":"fr-FR","@id":"https:\/\/lasentinelle.dz\/index.php\/2022\/02\/20\/assainissement-du-foncier-industriel-500-hectares-recuperes\/#primaryimage","url":"https:\/\/lasentinelle.dz\/wp-content\/uploads\/2022\/02\/ddddd-1.png","contentUrl":"https:\/\/lasentinelle.dz\/wp-content\/uploads\/2022\/02\/ddddd-1.png","width":1594,"height":900},{"@type":"BreadcrumbList","@id":"https:\/\/lasentinelle.dz\/index.php\/2022\/02\/20\/assainissement-du-foncier-industriel-500-hectares-recuperes\/#breadcrumb","itemListElement":[{"@type":"ListItem","position":1,"name":"Accueil","item":"https:\/\/lasentinelle.dz\/"},{"@type":"ListItem","position":2,"name":"Assainissement du foncier industriel\u00a0: 500 hectares r\u00e9cup\u00e9r\u00e9s"}]},{"@type":"WebSite","@id":"https:\/\/lasentinelle.dz\/#website","url":"https:\/\/lasentinelle.dz\/","name":"La Sentinelle","description":"Quotidien national d&#039;information","publisher":{"@id":"https:\/\/lasentinelle.dz\/#organization"},"potentialAction":[{"@type":"SearchAction","target":{"@type":"EntryPoint","urlTemplate":"https:\/\/lasentinelle.dz\/?s={search_term_string}"},"query-input":{"@type":"PropertyValueSpecification","valueRequired":true,"valueName":"search_term_string"}}],"inLanguage":"fr-FR"},{"@type":"Organization","@id":"https:\/\/lasentinelle.dz\/#organization","name":"Quotidien La Sentinelle","url":"https:\/\/lasentinelle.dz\/","logo":{"@type":"ImageObject","inLanguage":"fr-FR","@id":"https:\/\/lasentinelle.dz\/#\/schema\/logo\/image\/","url":"https:\/\/lasentinelle.dz\/wp-content\/uploads\/2021\/09\/logo-sentinelleSLOGAN-1.png","contentUrl":"https:\/\/lasentinelle.dz\/wp-content\/uploads\/2021\/09\/logo-sentinelleSLOGAN-1.png","width":615,"height":142,"caption":"Quotidien La Sentinelle"},"image":{"@id":"https:\/\/lasentinelle.dz\/#\/schema\/logo\/image\/"},"sameAs":["https:\/\/www.facebook.com\/La-Sentinelle-104059864394773"]},{"@type":"Person","@id":"https:\/\/lasentinelle.dz\/#\/schema\/person\/d865044e22e70a75174ce8bcad3acfb3","name":"La Sentinelle","image":{"@type":"ImageObject","inLanguage":"fr-FR","@id":"https:\/\/secure.gravatar.com\/avatar\/57de8e5d4b15d43fb361a71fbb36338450fe67865b528a43dd10ef7c51a20392?s=96&d=mm&r=g","url":"https:\/\/secure.gravatar.com\/avatar\/57de8e5d4b15d43fb361a71fbb36338450fe67865b528a43dd10ef7c51a20392?s=96&d=mm&r=g","contentUrl":"https:\/\/secure.gravatar.com\/avatar\/57de8e5d4b15d43fb361a71fbb36338450fe67865b528a43dd10ef7c51a20392?s=96&d=mm&r=g","caption":"La Sentinelle"},"sameAs":["http:\/\/www.lasentinelle.dz"],"url":"https:\/\/lasentinelle.dz\/author\/redaction\/"}]}},"_links":{"self":[{"href":"https:\/\/lasentinelle.dz\/index.php\/wp-json\/wp\/v2\/posts\/17206","targetHints":{"allow":["GET"]}}],"collection":[{"href":"https:\/\/lasentinelle.dz\/index.php\/wp-json\/wp\/v2\/posts"}],"about":[{"href":"https:\/\/lasentinelle.dz\/index.php\/wp-json\/wp\/v2\/types\/post"}],"author":[{"embeddable":true,"href":"https:\/\/lasentinelle.dz\/index.php\/wp-json\/wp\/v2\/users\/3"}],"replies":[{"embeddable":true,"href":"https:\/\/lasentinelle.dz\/index.php\/wp-json\/wp\/v2\/comments?post=17206"}],"version-history":[{"count":1,"href":"https:\/\/lasentinelle.dz\/index.php\/wp-json\/wp\/v2\/posts\/17206\/revisions"}],"predecessor-version":[{"id":17218,"href":"https:\/\/lasentinelle.dz\/index.php\/wp-json\/wp\/v2\/posts\/17206\/revisions\/17218"}],"wp:featuredmedia":[{"embeddable":true,"href":"https:\/\/lasentinelle.dz\/index.php\/wp-json\/wp\/v2\/media\/17215"}],"wp:attachment":[{"href":"https:\/\/lasentinelle.dz\/index.php\/wp-json\/wp\/v2\/media?parent=17206"}],"wp:term":[{"taxonomy":"category","embeddable":true,"href":"https:\/\/lasentinelle.dz\/index.php\/wp-json\/wp\/v2\/categories?post=17206"},{"taxonomy":"post_tag","embeddable":true,"href":"https:\/\/lasentinelle.dz\/index.php\/wp-json\/wp\/v2\/tags?post=17206"}],"curies":[{"name":"wp","href":"https:\/\/api.w.org\/{rel}","templated":true}]}}