{"id":17230,"date":"2022-02-20T00:01:00","date_gmt":"2022-02-19T23:01:00","guid":{"rendered":"https:\/\/lasentinelle.dz\/?p=17230"},"modified":"2022-02-19T20:34:59","modified_gmt":"2022-02-19T19:34:59","slug":"le-president-de-la-republique-prendra-part-au-6e-sommet-du-gecf-garantir-la-stabilite-de-lapprovisionnement-en-gaz","status":"publish","type":"post","link":"https:\/\/lasentinelle.dz\/index.php\/2022\/02\/20\/le-president-de-la-republique-prendra-part-au-6e-sommet-du-gecf-garantir-la-stabilite-de-lapprovisionnement-en-gaz\/","title":{"rendered":"Le pr\u00e9sident de la R\u00e9publique prendra part au 6e\u00a0Sommet du GECF\u00a0: Garantir la stabilit\u00e9 de l\u2019approvisionnement en gaz"},"content":{"rendered":"\n<p>Le Pr\u00e9sident de la R\u00e9publique, Abdelmadjid Tebboune, doit prendre part au 6<sup>e<\/sup>&nbsp;Sommet du Forum des pays exportateurs de gaz (GECF) mardi \u00e0 Doha. Un Sommet des plus acteurs et producteurs du march\u00e9 mondial du gaz et qui intervient dans un contexte particulier. Un contexte marqu\u00e9 par d\u2019importantes tensions sur les approvisionnements du march\u00e9 en gaz, dans le sillage de la baisse des investissements induits par la pand\u00e9mie de covid-19 et le crash des march\u00e9s qu\u2019elle a induit en 2019.&nbsp;<\/p>\n\n\n\n<p>Il intervient \u00e9galement sur fond de tensions g\u00e9opolitiques, notamment en Europe, en raison de la crise ukrainienne, et de la menace de sanctions qui p\u00e8se sur la Russie principale fournisseur en gaz et en p\u00e9trole du march\u00e9 europ\u00e9en. Le Sommet de Doha doit d\u00e8s lors prendre une dimension diplomatique particuli\u00e8re, dans la mesure o\u00f9 le Qatar a d\u00e9j\u00e0 affich\u00e9 son intention de jouer un r\u00f4le plus marqu\u00e9 sur le march\u00e9 europ\u00e9en dans ce contexte de crise.&nbsp;<\/p>\n\n\n\n<p>Pour sa part, l\u2019Alg\u00e9rie qui prend part \u00e0 ce sommet et qui est l\u2019un des acteurs majeurs du march\u00e9 gazier notamment dans le bassin m\u00e9diterran\u00e9en et le Sud de l\u2019Europe, s\u2019appuie sur son passif de fournisseur fiable et attach\u00e9 au respect de ses engagements afin de plaider pour des r\u00e8gles de march\u00e9s plus \u00e9quilibr\u00e9s, dans le cadre de contrats \u00e0 long terme, qui permettent d\u2019assurer des revenus suffisants \u00e0 long terme afin de garantir le maintien des investissements en amont et s\u00e9curiser les approvisionnements. Une position r\u00e9affirm\u00e9e, il y a quelques jours, par le Secr\u00e9taire g\u00e9n\u00e9ral du GECF, l\u2019Alg\u00e9rien Mohamed Hamel.&nbsp;<\/p>\n\n\n\n<p>Lors du symposium annuel AIE-IEF-OPEP sur les perspectives \u00e9nerg\u00e9tiques \u2013 organis\u00e9&nbsp;la semaine derni\u00e8re&nbsp;par ses parties permanentes, l&rsquo;Agence internationale de l&rsquo;\u00e9nergie (AIE), le Forum international de l&rsquo;\u00e9nergie (IEF) et l&rsquo;Organisation des pays exportateurs de p\u00e9trole (OPEP) \u2013&nbsp;&nbsp;Mohamed Hamel a soulign\u00e9 \u00ab&nbsp;qu&rsquo;un manque d&rsquo;investissement aujourd&rsquo;hui rendra le gaz inabordable demain&nbsp;\u00bb.&nbsp;Il a \u00e9galement soulign\u00e9 que&nbsp;\u00ab&nbsp;l&rsquo;industrie du gaz naturel est \u00e0 forte intensit\u00e9 de capital, avec de longs d\u00e9lais d&rsquo;approvisionnement et des p\u00e9riodes de r\u00e9cup\u00e9ration. Elle&nbsp;a besoin de&nbsp;stabilit\u00e9 des politiques et de la r\u00e9glementation&nbsp;\u00bb.&nbsp;\u00ab&nbsp;Cela exige \u00e9galement une juste valeur et un partage \u00e9quitable des risques entre toutes les parties prenantes pour maintenir la s\u00e9curit\u00e9 de la demande, ainsi que la s\u00e9curit\u00e9 de l&rsquo;approvisionnement \u00bb, a-t-il d\u00e9clar\u00e9.<\/p>\n\n\n\n<p>Notons que le sommet du GECF sera pr\u00e9c\u00e9d\u00e9 la veille par une r\u00e9union minist\u00e9rielle \u00e0 laquelle prendra part le ministre de l\u2019\u00c9nergie et des Mines Mohamed Arkab \u00e0 Doha.&nbsp;<\/p>\n\n\n\n<p>Le GECF est&nbsp;compos\u00e9 de 11 pays membres, en l&rsquo;occurrence l&rsquo;Alg\u00e9rie, la Bolivie, la Guin\u00e9e \u00e9quatoriale, l&rsquo;Egypte, l&rsquo;Iran, la Libye, le Nig\u00e9ria, le Qatar, la Russie, Trinidad et Tobago et le Venezuela, ainsi que de sept pays observateurs, \u00e0 savoir l&rsquo;Angola, l&rsquo;Irak, la Norv\u00e8ge, le P\u00e9rou, les Emirats arabes unis et l&rsquo;Azerba\u00efdjan.<\/p>\n\n\n\n<p><strong>Chokri Hafed<\/strong><\/p>\n","protected":false},"excerpt":{"rendered":"<p>Le Pr\u00e9sident de la R\u00e9publique, Abdelmadjid Tebboune, doit prendre part au 6e&nbsp;Sommet du Forum des pays exportateurs de gaz (GECF)<\/p>\n","protected":false},"author":3,"featured_media":17233,"comment_status":"open","ping_status":"closed","sticky":false,"template":"","format":"standard","meta":{"colormag_page_container_layout":"default_layout","colormag_page_sidebar_layout":"default_layout","om_disable_all_campaigns":false,"_monsterinsights_skip_tracking":false,"_monsterinsights_sitenote_active":false,"_monsterinsights_sitenote_note":"","_monsterinsights_sitenote_category":0,"footnotes":"","_wpscppro_dont_share_socialmedia":false,"_wpscppro_custom_social_share_image":0,"_facebook_share_type":"","_twitter_share_type":"","_linkedin_share_type":"","_pinterest_share_type":"","_linkedin_share_type_page":"","_instagram_share_type":"","_medium_share_type":"","_threads_share_type":"","_google_business_share_type":"","_selected_social_profile":[],"_wpsp_enable_custom_social_template":false,"_wpsp_social_scheduling":{"enabled":false,"datetime":null,"platforms":[],"status":"template_only","dateOption":"today","timeOption":"now","customDays":"","customHours":"","customDate":"","customTime":"","schedulingType":"absolute"},"_wpsp_active_default_template":true},"categories":[27],"tags":[],"class_list":["post-17230","post","type-post","status-publish","format-standard","has-post-thumbnail","hentry","category-actualite"],"aioseo_notices":[],"yoast_head":"<!-- This site is optimized with the Yoast SEO plugin v27.5 - https:\/\/yoast.com\/product\/yoast-seo-wordpress\/ -->\n<title>Le pr\u00e9sident de la R\u00e9publique prendra part au 6e\u00a0Sommet du GECF\u00a0: Garantir la stabilit\u00e9 de l\u2019approvisionnement en gaz - La Sentinelle<\/title>\n<meta name=\"robots\" content=\"index, follow, max-snippet:-1, max-image-preview:large, max-video-preview:-1\" \/>\n<link rel=\"canonical\" href=\"https:\/\/lasentinelle.dz\/index.php\/2022\/02\/20\/le-president-de-la-republique-prendra-part-au-6e-sommet-du-gecf-garantir-la-stabilite-de-lapprovisionnement-en-gaz\/\" \/>\n<meta property=\"og:locale\" content=\"fr_FR\" \/>\n<meta property=\"og:type\" content=\"article\" \/>\n<meta property=\"og:title\" content=\"Le pr\u00e9sident de la R\u00e9publique prendra part au 6e\u00a0Sommet du GECF\u00a0: Garantir la stabilit\u00e9 de l\u2019approvisionnement en gaz - La Sentinelle\" \/>\n<meta property=\"og:description\" content=\"Le Pr\u00e9sident de la R\u00e9publique, Abdelmadjid Tebboune, doit prendre part au 6e&nbsp;Sommet du Forum des pays exportateurs de gaz (GECF)\" \/>\n<meta property=\"og:url\" content=\"https:\/\/lasentinelle.dz\/index.php\/2022\/02\/20\/le-president-de-la-republique-prendra-part-au-6e-sommet-du-gecf-garantir-la-stabilite-de-lapprovisionnement-en-gaz\/\" \/>\n<meta property=\"og:site_name\" content=\"La Sentinelle\" \/>\n<meta property=\"article:publisher\" content=\"https:\/\/www.facebook.com\/La-Sentinelle-104059864394773\" \/>\n<meta property=\"article:published_time\" content=\"2022-02-19T23:01:00+00:00\" \/>\n<meta property=\"og:image\" content=\"https:\/\/lasentinelle.dz\/wp-content\/uploads\/2022\/02\/Unknown-9.jpeg\" \/>\n\t<meta property=\"og:image:width\" content=\"293\" \/>\n\t<meta property=\"og:image:height\" content=\"172\" \/>\n\t<meta property=\"og:image:type\" content=\"image\/jpeg\" \/>\n<meta name=\"author\" content=\"La Sentinelle\" \/>\n<meta name=\"twitter:card\" content=\"summary_large_image\" \/>\n<meta name=\"twitter:label1\" content=\"\u00c9crit par\" \/>\n\t<meta name=\"twitter:data1\" content=\"La Sentinelle\" \/>\n\t<meta name=\"twitter:label2\" content=\"Dur\u00e9e de lecture estim\u00e9e\" \/>\n\t<meta name=\"twitter:data2\" content=\"3 minutes\" \/>\n<script type=\"application\/ld+json\" class=\"yoast-schema-graph\">{\"@context\":\"https:\\\/\\\/schema.org\",\"@graph\":[{\"@type\":\"Article\",\"@id\":\"https:\\\/\\\/lasentinelle.dz\\\/index.php\\\/2022\\\/02\\\/20\\\/le-president-de-la-republique-prendra-part-au-6e-sommet-du-gecf-garantir-la-stabilite-de-lapprovisionnement-en-gaz\\\/#article\",\"isPartOf\":{\"@id\":\"https:\\\/\\\/lasentinelle.dz\\\/index.php\\\/2022\\\/02\\\/20\\\/le-president-de-la-republique-prendra-part-au-6e-sommet-du-gecf-garantir-la-stabilite-de-lapprovisionnement-en-gaz\\\/\"},\"author\":{\"name\":\"La Sentinelle\",\"@id\":\"https:\\\/\\\/lasentinelle.dz\\\/#\\\/schema\\\/person\\\/d865044e22e70a75174ce8bcad3acfb3\"},\"headline\":\"Le pr\u00e9sident de la R\u00e9publique prendra part au 6e\u00a0Sommet du GECF\u00a0: Garantir la stabilit\u00e9 de l\u2019approvisionnement en gaz\",\"datePublished\":\"2022-02-19T23:01:00+00:00\",\"mainEntityOfPage\":{\"@id\":\"https:\\\/\\\/lasentinelle.dz\\\/index.php\\\/2022\\\/02\\\/20\\\/le-president-de-la-republique-prendra-part-au-6e-sommet-du-gecf-garantir-la-stabilite-de-lapprovisionnement-en-gaz\\\/\"},\"wordCount\":562,\"commentCount\":0,\"publisher\":{\"@id\":\"https:\\\/\\\/lasentinelle.dz\\\/#organization\"},\"image\":{\"@id\":\"https:\\\/\\\/lasentinelle.dz\\\/index.php\\\/2022\\\/02\\\/20\\\/le-president-de-la-republique-prendra-part-au-6e-sommet-du-gecf-garantir-la-stabilite-de-lapprovisionnement-en-gaz\\\/#primaryimage\"},\"thumbnailUrl\":\"https:\\\/\\\/lasentinelle.dz\\\/wp-content\\\/uploads\\\/2022\\\/02\\\/Unknown-9.jpeg\",\"articleSection\":[\"Actualit\u00e9\"],\"inLanguage\":\"fr-FR\",\"potentialAction\":[{\"@type\":\"CommentAction\",\"name\":\"Comment\",\"target\":[\"https:\\\/\\\/lasentinelle.dz\\\/index.php\\\/2022\\\/02\\\/20\\\/le-president-de-la-republique-prendra-part-au-6e-sommet-du-gecf-garantir-la-stabilite-de-lapprovisionnement-en-gaz\\\/#respond\"]}]},{\"@type\":\"WebPage\",\"@id\":\"https:\\\/\\\/lasentinelle.dz\\\/index.php\\\/2022\\\/02\\\/20\\\/le-president-de-la-republique-prendra-part-au-6e-sommet-du-gecf-garantir-la-stabilite-de-lapprovisionnement-en-gaz\\\/\",\"url\":\"https:\\\/\\\/lasentinelle.dz\\\/index.php\\\/2022\\\/02\\\/20\\\/le-president-de-la-republique-prendra-part-au-6e-sommet-du-gecf-garantir-la-stabilite-de-lapprovisionnement-en-gaz\\\/\",\"name\":\"Le pr\u00e9sident de la R\u00e9publique prendra part au 6e\u00a0Sommet du GECF\u00a0: Garantir la stabilit\u00e9 de l\u2019approvisionnement en gaz - La Sentinelle\",\"isPartOf\":{\"@id\":\"https:\\\/\\\/lasentinelle.dz\\\/#website\"},\"primaryImageOfPage\":{\"@id\":\"https:\\\/\\\/lasentinelle.dz\\\/index.php\\\/2022\\\/02\\\/20\\\/le-president-de-la-republique-prendra-part-au-6e-sommet-du-gecf-garantir-la-stabilite-de-lapprovisionnement-en-gaz\\\/#primaryimage\"},\"image\":{\"@id\":\"https:\\\/\\\/lasentinelle.dz\\\/index.php\\\/2022\\\/02\\\/20\\\/le-president-de-la-republique-prendra-part-au-6e-sommet-du-gecf-garantir-la-stabilite-de-lapprovisionnement-en-gaz\\\/#primaryimage\"},\"thumbnailUrl\":\"https:\\\/\\\/lasentinelle.dz\\\/wp-content\\\/uploads\\\/2022\\\/02\\\/Unknown-9.jpeg\",\"datePublished\":\"2022-02-19T23:01:00+00:00\",\"breadcrumb\":{\"@id\":\"https:\\\/\\\/lasentinelle.dz\\\/index.php\\\/2022\\\/02\\\/20\\\/le-president-de-la-republique-prendra-part-au-6e-sommet-du-gecf-garantir-la-stabilite-de-lapprovisionnement-en-gaz\\\/#breadcrumb\"},\"inLanguage\":\"fr-FR\",\"potentialAction\":[{\"@type\":\"ReadAction\",\"target\":[\"https:\\\/\\\/lasentinelle.dz\\\/index.php\\\/2022\\\/02\\\/20\\\/le-president-de-la-republique-prendra-part-au-6e-sommet-du-gecf-garantir-la-stabilite-de-lapprovisionnement-en-gaz\\\/\"]}]},{\"@type\":\"ImageObject\",\"inLanguage\":\"fr-FR\",\"@id\":\"https:\\\/\\\/lasentinelle.dz\\\/index.php\\\/2022\\\/02\\\/20\\\/le-president-de-la-republique-prendra-part-au-6e-sommet-du-gecf-garantir-la-stabilite-de-lapprovisionnement-en-gaz\\\/#primaryimage\",\"url\":\"https:\\\/\\\/lasentinelle.dz\\\/wp-content\\\/uploads\\\/2022\\\/02\\\/Unknown-9.jpeg\",\"contentUrl\":\"https:\\\/\\\/lasentinelle.dz\\\/wp-content\\\/uploads\\\/2022\\\/02\\\/Unknown-9.jpeg\",\"width\":293,\"height\":172},{\"@type\":\"BreadcrumbList\",\"@id\":\"https:\\\/\\\/lasentinelle.dz\\\/index.php\\\/2022\\\/02\\\/20\\\/le-president-de-la-republique-prendra-part-au-6e-sommet-du-gecf-garantir-la-stabilite-de-lapprovisionnement-en-gaz\\\/#breadcrumb\",\"itemListElement\":[{\"@type\":\"ListItem\",\"position\":1,\"name\":\"Accueil\",\"item\":\"https:\\\/\\\/lasentinelle.dz\\\/\"},{\"@type\":\"ListItem\",\"position\":2,\"name\":\"Le pr\u00e9sident de la R\u00e9publique prendra part au 6e\u00a0Sommet du GECF\u00a0: Garantir la stabilit\u00e9 de l\u2019approvisionnement en gaz\"}]},{\"@type\":\"WebSite\",\"@id\":\"https:\\\/\\\/lasentinelle.dz\\\/#website\",\"url\":\"https:\\\/\\\/lasentinelle.dz\\\/\",\"name\":\"La Sentinelle\",\"description\":\"Quotidien national d&#039;information\",\"publisher\":{\"@id\":\"https:\\\/\\\/lasentinelle.dz\\\/#organization\"},\"potentialAction\":[{\"@type\":\"SearchAction\",\"target\":{\"@type\":\"EntryPoint\",\"urlTemplate\":\"https:\\\/\\\/lasentinelle.dz\\\/?s={search_term_string}\"},\"query-input\":{\"@type\":\"PropertyValueSpecification\",\"valueRequired\":true,\"valueName\":\"search_term_string\"}}],\"inLanguage\":\"fr-FR\"},{\"@type\":\"Organization\",\"@id\":\"https:\\\/\\\/lasentinelle.dz\\\/#organization\",\"name\":\"Quotidien La Sentinelle\",\"url\":\"https:\\\/\\\/lasentinelle.dz\\\/\",\"logo\":{\"@type\":\"ImageObject\",\"inLanguage\":\"fr-FR\",\"@id\":\"https:\\\/\\\/lasentinelle.dz\\\/#\\\/schema\\\/logo\\\/image\\\/\",\"url\":\"https:\\\/\\\/lasentinelle.dz\\\/wp-content\\\/uploads\\\/2021\\\/09\\\/logo-sentinelleSLOGAN-1.png\",\"contentUrl\":\"https:\\\/\\\/lasentinelle.dz\\\/wp-content\\\/uploads\\\/2021\\\/09\\\/logo-sentinelleSLOGAN-1.png\",\"width\":615,\"height\":142,\"caption\":\"Quotidien La Sentinelle\"},\"image\":{\"@id\":\"https:\\\/\\\/lasentinelle.dz\\\/#\\\/schema\\\/logo\\\/image\\\/\"},\"sameAs\":[\"https:\\\/\\\/www.facebook.com\\\/La-Sentinelle-104059864394773\"]},{\"@type\":\"Person\",\"@id\":\"https:\\\/\\\/lasentinelle.dz\\\/#\\\/schema\\\/person\\\/d865044e22e70a75174ce8bcad3acfb3\",\"name\":\"La Sentinelle\",\"image\":{\"@type\":\"ImageObject\",\"inLanguage\":\"fr-FR\",\"@id\":\"https:\\\/\\\/secure.gravatar.com\\\/avatar\\\/57de8e5d4b15d43fb361a71fbb36338450fe67865b528a43dd10ef7c51a20392?s=96&d=mm&r=g\",\"url\":\"https:\\\/\\\/secure.gravatar.com\\\/avatar\\\/57de8e5d4b15d43fb361a71fbb36338450fe67865b528a43dd10ef7c51a20392?s=96&d=mm&r=g\",\"contentUrl\":\"https:\\\/\\\/secure.gravatar.com\\\/avatar\\\/57de8e5d4b15d43fb361a71fbb36338450fe67865b528a43dd10ef7c51a20392?s=96&d=mm&r=g\",\"caption\":\"La Sentinelle\"},\"sameAs\":[\"http:\\\/\\\/www.lasentinelle.dz\"],\"url\":\"https:\\\/\\\/lasentinelle.dz\\\/author\\\/redaction\\\/\"}]}<\/script>\n<!-- \/ Yoast SEO plugin. -->","yoast_head_json":{"title":"Le pr\u00e9sident de la R\u00e9publique prendra part au 6e\u00a0Sommet du GECF\u00a0: Garantir la stabilit\u00e9 de l\u2019approvisionnement en gaz - La Sentinelle","robots":{"index":"index","follow":"follow","max-snippet":"max-snippet:-1","max-image-preview":"max-image-preview:large","max-video-preview":"max-video-preview:-1"},"canonical":"https:\/\/lasentinelle.dz\/index.php\/2022\/02\/20\/le-president-de-la-republique-prendra-part-au-6e-sommet-du-gecf-garantir-la-stabilite-de-lapprovisionnement-en-gaz\/","og_locale":"fr_FR","og_type":"article","og_title":"Le pr\u00e9sident de la R\u00e9publique prendra part au 6e\u00a0Sommet du GECF\u00a0: Garantir la stabilit\u00e9 de l\u2019approvisionnement en gaz - La Sentinelle","og_description":"Le Pr\u00e9sident de la R\u00e9publique, Abdelmadjid Tebboune, doit prendre part au 6e&nbsp;Sommet du Forum des pays exportateurs de gaz (GECF)","og_url":"https:\/\/lasentinelle.dz\/index.php\/2022\/02\/20\/le-president-de-la-republique-prendra-part-au-6e-sommet-du-gecf-garantir-la-stabilite-de-lapprovisionnement-en-gaz\/","og_site_name":"La Sentinelle","article_publisher":"https:\/\/www.facebook.com\/La-Sentinelle-104059864394773","article_published_time":"2022-02-19T23:01:00+00:00","og_image":[{"width":293,"height":172,"url":"https:\/\/lasentinelle.dz\/wp-content\/uploads\/2022\/02\/Unknown-9.jpeg","type":"image\/jpeg"}],"author":"La Sentinelle","twitter_card":"summary_large_image","twitter_misc":{"\u00c9crit par":"La Sentinelle","Dur\u00e9e de lecture estim\u00e9e":"3 minutes"},"schema":{"@context":"https:\/\/schema.org","@graph":[{"@type":"Article","@id":"https:\/\/lasentinelle.dz\/index.php\/2022\/02\/20\/le-president-de-la-republique-prendra-part-au-6e-sommet-du-gecf-garantir-la-stabilite-de-lapprovisionnement-en-gaz\/#article","isPartOf":{"@id":"https:\/\/lasentinelle.dz\/index.php\/2022\/02\/20\/le-president-de-la-republique-prendra-part-au-6e-sommet-du-gecf-garantir-la-stabilite-de-lapprovisionnement-en-gaz\/"},"author":{"name":"La Sentinelle","@id":"https:\/\/lasentinelle.dz\/#\/schema\/person\/d865044e22e70a75174ce8bcad3acfb3"},"headline":"Le pr\u00e9sident de la R\u00e9publique prendra part au 6e\u00a0Sommet du GECF\u00a0: Garantir la stabilit\u00e9 de l\u2019approvisionnement en gaz","datePublished":"2022-02-19T23:01:00+00:00","mainEntityOfPage":{"@id":"https:\/\/lasentinelle.dz\/index.php\/2022\/02\/20\/le-president-de-la-republique-prendra-part-au-6e-sommet-du-gecf-garantir-la-stabilite-de-lapprovisionnement-en-gaz\/"},"wordCount":562,"commentCount":0,"publisher":{"@id":"https:\/\/lasentinelle.dz\/#organization"},"image":{"@id":"https:\/\/lasentinelle.dz\/index.php\/2022\/02\/20\/le-president-de-la-republique-prendra-part-au-6e-sommet-du-gecf-garantir-la-stabilite-de-lapprovisionnement-en-gaz\/#primaryimage"},"thumbnailUrl":"https:\/\/lasentinelle.dz\/wp-content\/uploads\/2022\/02\/Unknown-9.jpeg","articleSection":["Actualit\u00e9"],"inLanguage":"fr-FR","potentialAction":[{"@type":"CommentAction","name":"Comment","target":["https:\/\/lasentinelle.dz\/index.php\/2022\/02\/20\/le-president-de-la-republique-prendra-part-au-6e-sommet-du-gecf-garantir-la-stabilite-de-lapprovisionnement-en-gaz\/#respond"]}]},{"@type":"WebPage","@id":"https:\/\/lasentinelle.dz\/index.php\/2022\/02\/20\/le-president-de-la-republique-prendra-part-au-6e-sommet-du-gecf-garantir-la-stabilite-de-lapprovisionnement-en-gaz\/","url":"https:\/\/lasentinelle.dz\/index.php\/2022\/02\/20\/le-president-de-la-republique-prendra-part-au-6e-sommet-du-gecf-garantir-la-stabilite-de-lapprovisionnement-en-gaz\/","name":"Le pr\u00e9sident de la R\u00e9publique prendra part au 6e\u00a0Sommet du GECF\u00a0: Garantir la stabilit\u00e9 de l\u2019approvisionnement en gaz - La Sentinelle","isPartOf":{"@id":"https:\/\/lasentinelle.dz\/#website"},"primaryImageOfPage":{"@id":"https:\/\/lasentinelle.dz\/index.php\/2022\/02\/20\/le-president-de-la-republique-prendra-part-au-6e-sommet-du-gecf-garantir-la-stabilite-de-lapprovisionnement-en-gaz\/#primaryimage"},"image":{"@id":"https:\/\/lasentinelle.dz\/index.php\/2022\/02\/20\/le-president-de-la-republique-prendra-part-au-6e-sommet-du-gecf-garantir-la-stabilite-de-lapprovisionnement-en-gaz\/#primaryimage"},"thumbnailUrl":"https:\/\/lasentinelle.dz\/wp-content\/uploads\/2022\/02\/Unknown-9.jpeg","datePublished":"2022-02-19T23:01:00+00:00","breadcrumb":{"@id":"https:\/\/lasentinelle.dz\/index.php\/2022\/02\/20\/le-president-de-la-republique-prendra-part-au-6e-sommet-du-gecf-garantir-la-stabilite-de-lapprovisionnement-en-gaz\/#breadcrumb"},"inLanguage":"fr-FR","potentialAction":[{"@type":"ReadAction","target":["https:\/\/lasentinelle.dz\/index.php\/2022\/02\/20\/le-president-de-la-republique-prendra-part-au-6e-sommet-du-gecf-garantir-la-stabilite-de-lapprovisionnement-en-gaz\/"]}]},{"@type":"ImageObject","inLanguage":"fr-FR","@id":"https:\/\/lasentinelle.dz\/index.php\/2022\/02\/20\/le-president-de-la-republique-prendra-part-au-6e-sommet-du-gecf-garantir-la-stabilite-de-lapprovisionnement-en-gaz\/#primaryimage","url":"https:\/\/lasentinelle.dz\/wp-content\/uploads\/2022\/02\/Unknown-9.jpeg","contentUrl":"https:\/\/lasentinelle.dz\/wp-content\/uploads\/2022\/02\/Unknown-9.jpeg","width":293,"height":172},{"@type":"BreadcrumbList","@id":"https:\/\/lasentinelle.dz\/index.php\/2022\/02\/20\/le-president-de-la-republique-prendra-part-au-6e-sommet-du-gecf-garantir-la-stabilite-de-lapprovisionnement-en-gaz\/#breadcrumb","itemListElement":[{"@type":"ListItem","position":1,"name":"Accueil","item":"https:\/\/lasentinelle.dz\/"},{"@type":"ListItem","position":2,"name":"Le pr\u00e9sident de la R\u00e9publique prendra part au 6e\u00a0Sommet du GECF\u00a0: Garantir la stabilit\u00e9 de l\u2019approvisionnement en gaz"}]},{"@type":"WebSite","@id":"https:\/\/lasentinelle.dz\/#website","url":"https:\/\/lasentinelle.dz\/","name":"La Sentinelle","description":"Quotidien national d&#039;information","publisher":{"@id":"https:\/\/lasentinelle.dz\/#organization"},"potentialAction":[{"@type":"SearchAction","target":{"@type":"EntryPoint","urlTemplate":"https:\/\/lasentinelle.dz\/?s={search_term_string}"},"query-input":{"@type":"PropertyValueSpecification","valueRequired":true,"valueName":"search_term_string"}}],"inLanguage":"fr-FR"},{"@type":"Organization","@id":"https:\/\/lasentinelle.dz\/#organization","name":"Quotidien La Sentinelle","url":"https:\/\/lasentinelle.dz\/","logo":{"@type":"ImageObject","inLanguage":"fr-FR","@id":"https:\/\/lasentinelle.dz\/#\/schema\/logo\/image\/","url":"https:\/\/lasentinelle.dz\/wp-content\/uploads\/2021\/09\/logo-sentinelleSLOGAN-1.png","contentUrl":"https:\/\/lasentinelle.dz\/wp-content\/uploads\/2021\/09\/logo-sentinelleSLOGAN-1.png","width":615,"height":142,"caption":"Quotidien La Sentinelle"},"image":{"@id":"https:\/\/lasentinelle.dz\/#\/schema\/logo\/image\/"},"sameAs":["https:\/\/www.facebook.com\/La-Sentinelle-104059864394773"]},{"@type":"Person","@id":"https:\/\/lasentinelle.dz\/#\/schema\/person\/d865044e22e70a75174ce8bcad3acfb3","name":"La Sentinelle","image":{"@type":"ImageObject","inLanguage":"fr-FR","@id":"https:\/\/secure.gravatar.com\/avatar\/57de8e5d4b15d43fb361a71fbb36338450fe67865b528a43dd10ef7c51a20392?s=96&d=mm&r=g","url":"https:\/\/secure.gravatar.com\/avatar\/57de8e5d4b15d43fb361a71fbb36338450fe67865b528a43dd10ef7c51a20392?s=96&d=mm&r=g","contentUrl":"https:\/\/secure.gravatar.com\/avatar\/57de8e5d4b15d43fb361a71fbb36338450fe67865b528a43dd10ef7c51a20392?s=96&d=mm&r=g","caption":"La Sentinelle"},"sameAs":["http:\/\/www.lasentinelle.dz"],"url":"https:\/\/lasentinelle.dz\/author\/redaction\/"}]}},"_links":{"self":[{"href":"https:\/\/lasentinelle.dz\/index.php\/wp-json\/wp\/v2\/posts\/17230","targetHints":{"allow":["GET"]}}],"collection":[{"href":"https:\/\/lasentinelle.dz\/index.php\/wp-json\/wp\/v2\/posts"}],"about":[{"href":"https:\/\/lasentinelle.dz\/index.php\/wp-json\/wp\/v2\/types\/post"}],"author":[{"embeddable":true,"href":"https:\/\/lasentinelle.dz\/index.php\/wp-json\/wp\/v2\/users\/3"}],"replies":[{"embeddable":true,"href":"https:\/\/lasentinelle.dz\/index.php\/wp-json\/wp\/v2\/comments?post=17230"}],"version-history":[{"count":1,"href":"https:\/\/lasentinelle.dz\/index.php\/wp-json\/wp\/v2\/posts\/17230\/revisions"}],"predecessor-version":[{"id":17234,"href":"https:\/\/lasentinelle.dz\/index.php\/wp-json\/wp\/v2\/posts\/17230\/revisions\/17234"}],"wp:featuredmedia":[{"embeddable":true,"href":"https:\/\/lasentinelle.dz\/index.php\/wp-json\/wp\/v2\/media\/17233"}],"wp:attachment":[{"href":"https:\/\/lasentinelle.dz\/index.php\/wp-json\/wp\/v2\/media?parent=17230"}],"wp:term":[{"taxonomy":"category","embeddable":true,"href":"https:\/\/lasentinelle.dz\/index.php\/wp-json\/wp\/v2\/categories?post=17230"},{"taxonomy":"post_tag","embeddable":true,"href":"https:\/\/lasentinelle.dz\/index.php\/wp-json\/wp\/v2\/tags?post=17230"}],"curies":[{"name":"wp","href":"https:\/\/api.w.org\/{rel}","templated":true}]}}