{"id":17257,"date":"2022-02-21T00:01:00","date_gmt":"2022-02-20T23:01:00","guid":{"rendered":"https:\/\/lasentinelle.dz\/?p=17257"},"modified":"2022-02-20T17:38:17","modified_gmt":"2022-02-20T16:38:17","slug":"jijel-un-pharmacien-a-la-tete-dun-reseau-de-narcotrafiquants","status":"publish","type":"post","link":"https:\/\/lasentinelle.dz\/index.php\/2022\/02\/21\/jijel-un-pharmacien-a-la-tete-dun-reseau-de-narcotrafiquants\/","title":{"rendered":"Jijel\u00a0:\u00a0Un pharmacien \u00e0 la t\u00eate d\u2019un r\u00e9seau de narcotrafiquants"},"content":{"rendered":"\n<p>Les \u00e9l\u00e9ments de la police judiciaire de la&nbsp;S\u00e9curit\u00e9 de da\u00efra de Tahir dans la wilaya de Jijel&nbsp;ont mis fin \u00e0 l\u2019activit\u00e9 d\u2019un r\u00e9seau de trafiquants de comprim\u00e9s hallucinog\u00e8nes, apprend-on de source s\u00e9curitaire. Le dealer de ce r\u00e9seau compos\u00e9 de 10 personnes est un pharmacien, qui active dans le trafic de psychotropes,&nbsp;gr\u00e2ce \u00e0&nbsp;de fausses ordonnances m\u00e9dicalesprescrites aux noms de personnes fictives, a expliqu\u00e9 notre source. L&rsquo;op\u00e9ration est intervenue suite \u00e0 l\u2019exploitation des informations parvenues aux services de s\u00e9curit\u00e9&nbsp;&nbsp;et selon lesquelles un groupe d\u2019individus commercialise des substances psychotropes dans certains quartiers voisins en utilisant de fausses ordonnances m\u00e9dicales, a expliqu\u00e9 notre source. Un plan minutieux&nbsp;&nbsp;a \u00e9t\u00e9 \u00e9labor\u00e9 aboutissant \u00e0 l&rsquo;arrestation de l&rsquo;un des suspects en flagrant d\u00e9lit de tentative de vente d&rsquo;une quantit\u00e9 de comprim\u00e9s hallucinog\u00e8nes. Le narcotrafiquant a \u00e9t\u00e9 intercept\u00e9 \u00e0 bord d\u2019un taxi&nbsp;clandestin, qu\u2019il utilisait, nous dit-on, pour tromper les services de s\u00e9curit\u00e9, avant d\u2019\u00eatre arr\u00eat\u00e9s.&nbsp;Apr\u00e8s&nbsp;les aveux du pr\u00e9venu lors de l\u2019interrogatoire, une enqu\u00eate a aussit\u00f4t \u00e9t\u00e9 ouverte sur l\u2019affaire, avec activation de l&rsquo;\u00e9l\u00e9ment d&rsquo;information et de toutes les technologies modernes dans la d\u00e9tection du crime organis\u00e9, aboutissant \u00e0 l\u2019identification des principaux suspects, nous dit-on.&nbsp;&nbsp;Il s&rsquo;agit de six personnes, \u00e2g\u00e9es de 25 \u00e0 63 ans, dont un pharmacien et un commer\u00e7ant. Ils ont \u00e9t\u00e9 arr\u00eat\u00e9s et une quantit\u00e9 de substances psychotropes a \u00e9t\u00e9 saisie, dont plus de 880 comprim\u00e9s de diff\u00e9rentes marques, 24 ordonnances falsifi\u00e9es et d\u2019autres suspect\u00e9es falsifi\u00e9es, des photocopies de fausses cartes d&rsquo;identit\u00e9 ainsi que du mat\u00e9riel informatique que les pr\u00e9venus utilisaient dans des op\u00e9rations de falsification. Les suspects ont \u00e9t\u00e9 d\u00e9f\u00e9r\u00e9s hier, devant les autorit\u00e9s judiciaires, qui ont ordonn\u00e9 la mise sous mandat de d\u00e9p\u00f4t&nbsp;&nbsp;de 7 d\u2019entre eux, tandis que les 3 autres ont b\u00e9n\u00e9fici\u00e9 de la mesure du contr\u00f4le judiciaire.<\/p>\n\n\n\n<p><strong>Sofia Chahine<\/strong><\/p>\n","protected":false},"excerpt":{"rendered":"<p>Les \u00e9l\u00e9ments de la police judiciaire de la&nbsp;S\u00e9curit\u00e9 de da\u00efra de Tahir dans la wilaya de Jijel&nbsp;ont mis fin \u00e0<\/p>\n","protected":false},"author":3,"featured_media":17264,"comment_status":"open","ping_status":"closed","sticky":false,"template":"","format":"standard","meta":{"colormag_page_container_layout":"default_layout","colormag_page_sidebar_layout":"default_layout","om_disable_all_campaigns":false,"_monsterinsights_skip_tracking":false,"_monsterinsights_sitenote_active":false,"_monsterinsights_sitenote_note":"","_monsterinsights_sitenote_category":0,"footnotes":"","_wpscppro_dont_share_socialmedia":false,"_wpscppro_custom_social_share_image":0,"_facebook_share_type":"","_twitter_share_type":"","_linkedin_share_type":"","_pinterest_share_type":"","_linkedin_share_type_page":"","_instagram_share_type":"","_medium_share_type":"","_threads_share_type":"","_google_business_share_type":"","_selected_social_profile":[],"_wpsp_enable_custom_social_template":false,"_wpsp_social_scheduling":{"enabled":false,"datetime":null,"platforms":[],"status":"template_only","dateOption":"today","timeOption":"now","customDays":"","customHours":"","customDate":"","customTime":"","schedulingType":"absolute"},"_wpsp_active_default_template":true},"categories":[31],"tags":[],"class_list":["post-17257","post","type-post","status-publish","format-standard","has-post-thumbnail","hentry","category-regions"],"aioseo_notices":[],"yoast_head":"<!-- This site is optimized with the Yoast SEO plugin v27.4 - https:\/\/yoast.com\/product\/yoast-seo-wordpress\/ -->\n<title>Jijel\u00a0:\u00a0Un pharmacien \u00e0 la t\u00eate d\u2019un r\u00e9seau de narcotrafiquants - La Sentinelle<\/title>\n<meta name=\"robots\" content=\"index, follow, max-snippet:-1, max-image-preview:large, max-video-preview:-1\" \/>\n<link rel=\"canonical\" href=\"https:\/\/lasentinelle.dz\/index.php\/2022\/02\/21\/jijel-un-pharmacien-a-la-tete-dun-reseau-de-narcotrafiquants\/\" \/>\n<meta property=\"og:locale\" content=\"fr_FR\" \/>\n<meta property=\"og:type\" content=\"article\" \/>\n<meta property=\"og:title\" content=\"Jijel\u00a0:\u00a0Un pharmacien \u00e0 la t\u00eate d\u2019un r\u00e9seau de narcotrafiquants - La Sentinelle\" \/>\n<meta property=\"og:description\" content=\"Les \u00e9l\u00e9ments de la police judiciaire de la&nbsp;S\u00e9curit\u00e9 de da\u00efra de Tahir dans la wilaya de Jijel&nbsp;ont mis fin \u00e0\" \/>\n<meta property=\"og:url\" content=\"https:\/\/lasentinelle.dz\/index.php\/2022\/02\/21\/jijel-un-pharmacien-a-la-tete-dun-reseau-de-narcotrafiquants\/\" \/>\n<meta property=\"og:site_name\" content=\"La Sentinelle\" \/>\n<meta property=\"article:publisher\" content=\"https:\/\/www.facebook.com\/La-Sentinelle-104059864394773\" \/>\n<meta property=\"article:published_time\" content=\"2022-02-20T23:01:00+00:00\" \/>\n<meta property=\"og:image\" content=\"https:\/\/lasentinelle.dz\/wp-content\/uploads\/2022\/02\/guelma.png\" \/>\n\t<meta property=\"og:image:width\" content=\"600\" \/>\n\t<meta property=\"og:image:height\" content=\"383\" \/>\n\t<meta property=\"og:image:type\" content=\"image\/png\" \/>\n<meta name=\"author\" content=\"La Sentinelle\" \/>\n<meta name=\"twitter:card\" content=\"summary_large_image\" \/>\n<meta name=\"twitter:label1\" content=\"\u00c9crit par\" \/>\n\t<meta name=\"twitter:data1\" content=\"La Sentinelle\" \/>\n\t<meta name=\"twitter:label2\" content=\"Dur\u00e9e de lecture estim\u00e9e\" \/>\n\t<meta name=\"twitter:data2\" content=\"2 minutes\" \/>\n<script type=\"application\/ld+json\" class=\"yoast-schema-graph\">{\"@context\":\"https:\\\/\\\/schema.org\",\"@graph\":[{\"@type\":\"Article\",\"@id\":\"https:\\\/\\\/lasentinelle.dz\\\/index.php\\\/2022\\\/02\\\/21\\\/jijel-un-pharmacien-a-la-tete-dun-reseau-de-narcotrafiquants\\\/#article\",\"isPartOf\":{\"@id\":\"https:\\\/\\\/lasentinelle.dz\\\/index.php\\\/2022\\\/02\\\/21\\\/jijel-un-pharmacien-a-la-tete-dun-reseau-de-narcotrafiquants\\\/\"},\"author\":{\"name\":\"La Sentinelle\",\"@id\":\"https:\\\/\\\/lasentinelle.dz\\\/#\\\/schema\\\/person\\\/d865044e22e70a75174ce8bcad3acfb3\"},\"headline\":\"Jijel\u00a0:\u00a0Un pharmacien \u00e0 la t\u00eate d\u2019un r\u00e9seau de narcotrafiquants\",\"datePublished\":\"2022-02-20T23:01:00+00:00\",\"mainEntityOfPage\":{\"@id\":\"https:\\\/\\\/lasentinelle.dz\\\/index.php\\\/2022\\\/02\\\/21\\\/jijel-un-pharmacien-a-la-tete-dun-reseau-de-narcotrafiquants\\\/\"},\"wordCount\":376,\"commentCount\":0,\"publisher\":{\"@id\":\"https:\\\/\\\/lasentinelle.dz\\\/#organization\"},\"image\":{\"@id\":\"https:\\\/\\\/lasentinelle.dz\\\/index.php\\\/2022\\\/02\\\/21\\\/jijel-un-pharmacien-a-la-tete-dun-reseau-de-narcotrafiquants\\\/#primaryimage\"},\"thumbnailUrl\":\"https:\\\/\\\/lasentinelle.dz\\\/wp-content\\\/uploads\\\/2022\\\/02\\\/guelma.png\",\"articleSection\":[\"R\u00e9gions\"],\"inLanguage\":\"fr-FR\",\"potentialAction\":[{\"@type\":\"CommentAction\",\"name\":\"Comment\",\"target\":[\"https:\\\/\\\/lasentinelle.dz\\\/index.php\\\/2022\\\/02\\\/21\\\/jijel-un-pharmacien-a-la-tete-dun-reseau-de-narcotrafiquants\\\/#respond\"]}]},{\"@type\":\"WebPage\",\"@id\":\"https:\\\/\\\/lasentinelle.dz\\\/index.php\\\/2022\\\/02\\\/21\\\/jijel-un-pharmacien-a-la-tete-dun-reseau-de-narcotrafiquants\\\/\",\"url\":\"https:\\\/\\\/lasentinelle.dz\\\/index.php\\\/2022\\\/02\\\/21\\\/jijel-un-pharmacien-a-la-tete-dun-reseau-de-narcotrafiquants\\\/\",\"name\":\"Jijel\u00a0:\u00a0Un pharmacien \u00e0 la t\u00eate d\u2019un r\u00e9seau de narcotrafiquants - La Sentinelle\",\"isPartOf\":{\"@id\":\"https:\\\/\\\/lasentinelle.dz\\\/#website\"},\"primaryImageOfPage\":{\"@id\":\"https:\\\/\\\/lasentinelle.dz\\\/index.php\\\/2022\\\/02\\\/21\\\/jijel-un-pharmacien-a-la-tete-dun-reseau-de-narcotrafiquants\\\/#primaryimage\"},\"image\":{\"@id\":\"https:\\\/\\\/lasentinelle.dz\\\/index.php\\\/2022\\\/02\\\/21\\\/jijel-un-pharmacien-a-la-tete-dun-reseau-de-narcotrafiquants\\\/#primaryimage\"},\"thumbnailUrl\":\"https:\\\/\\\/lasentinelle.dz\\\/wp-content\\\/uploads\\\/2022\\\/02\\\/guelma.png\",\"datePublished\":\"2022-02-20T23:01:00+00:00\",\"breadcrumb\":{\"@id\":\"https:\\\/\\\/lasentinelle.dz\\\/index.php\\\/2022\\\/02\\\/21\\\/jijel-un-pharmacien-a-la-tete-dun-reseau-de-narcotrafiquants\\\/#breadcrumb\"},\"inLanguage\":\"fr-FR\",\"potentialAction\":[{\"@type\":\"ReadAction\",\"target\":[\"https:\\\/\\\/lasentinelle.dz\\\/index.php\\\/2022\\\/02\\\/21\\\/jijel-un-pharmacien-a-la-tete-dun-reseau-de-narcotrafiquants\\\/\"]}]},{\"@type\":\"ImageObject\",\"inLanguage\":\"fr-FR\",\"@id\":\"https:\\\/\\\/lasentinelle.dz\\\/index.php\\\/2022\\\/02\\\/21\\\/jijel-un-pharmacien-a-la-tete-dun-reseau-de-narcotrafiquants\\\/#primaryimage\",\"url\":\"https:\\\/\\\/lasentinelle.dz\\\/wp-content\\\/uploads\\\/2022\\\/02\\\/guelma.png\",\"contentUrl\":\"https:\\\/\\\/lasentinelle.dz\\\/wp-content\\\/uploads\\\/2022\\\/02\\\/guelma.png\",\"width\":600,\"height\":383},{\"@type\":\"BreadcrumbList\",\"@id\":\"https:\\\/\\\/lasentinelle.dz\\\/index.php\\\/2022\\\/02\\\/21\\\/jijel-un-pharmacien-a-la-tete-dun-reseau-de-narcotrafiquants\\\/#breadcrumb\",\"itemListElement\":[{\"@type\":\"ListItem\",\"position\":1,\"name\":\"Accueil\",\"item\":\"https:\\\/\\\/lasentinelle.dz\\\/\"},{\"@type\":\"ListItem\",\"position\":2,\"name\":\"Jijel\u00a0:\u00a0Un pharmacien \u00e0 la t\u00eate d\u2019un r\u00e9seau de narcotrafiquants\"}]},{\"@type\":\"WebSite\",\"@id\":\"https:\\\/\\\/lasentinelle.dz\\\/#website\",\"url\":\"https:\\\/\\\/lasentinelle.dz\\\/\",\"name\":\"La Sentinelle\",\"description\":\"Quotidien national d&#039;information\",\"publisher\":{\"@id\":\"https:\\\/\\\/lasentinelle.dz\\\/#organization\"},\"potentialAction\":[{\"@type\":\"SearchAction\",\"target\":{\"@type\":\"EntryPoint\",\"urlTemplate\":\"https:\\\/\\\/lasentinelle.dz\\\/?s={search_term_string}\"},\"query-input\":{\"@type\":\"PropertyValueSpecification\",\"valueRequired\":true,\"valueName\":\"search_term_string\"}}],\"inLanguage\":\"fr-FR\"},{\"@type\":\"Organization\",\"@id\":\"https:\\\/\\\/lasentinelle.dz\\\/#organization\",\"name\":\"Quotidien La Sentinelle\",\"url\":\"https:\\\/\\\/lasentinelle.dz\\\/\",\"logo\":{\"@type\":\"ImageObject\",\"inLanguage\":\"fr-FR\",\"@id\":\"https:\\\/\\\/lasentinelle.dz\\\/#\\\/schema\\\/logo\\\/image\\\/\",\"url\":\"https:\\\/\\\/lasentinelle.dz\\\/wp-content\\\/uploads\\\/2021\\\/09\\\/logo-sentinelleSLOGAN-1.png\",\"contentUrl\":\"https:\\\/\\\/lasentinelle.dz\\\/wp-content\\\/uploads\\\/2021\\\/09\\\/logo-sentinelleSLOGAN-1.png\",\"width\":615,\"height\":142,\"caption\":\"Quotidien La Sentinelle\"},\"image\":{\"@id\":\"https:\\\/\\\/lasentinelle.dz\\\/#\\\/schema\\\/logo\\\/image\\\/\"},\"sameAs\":[\"https:\\\/\\\/www.facebook.com\\\/La-Sentinelle-104059864394773\"]},{\"@type\":\"Person\",\"@id\":\"https:\\\/\\\/lasentinelle.dz\\\/#\\\/schema\\\/person\\\/d865044e22e70a75174ce8bcad3acfb3\",\"name\":\"La Sentinelle\",\"image\":{\"@type\":\"ImageObject\",\"inLanguage\":\"fr-FR\",\"@id\":\"https:\\\/\\\/secure.gravatar.com\\\/avatar\\\/57de8e5d4b15d43fb361a71fbb36338450fe67865b528a43dd10ef7c51a20392?s=96&d=mm&r=g\",\"url\":\"https:\\\/\\\/secure.gravatar.com\\\/avatar\\\/57de8e5d4b15d43fb361a71fbb36338450fe67865b528a43dd10ef7c51a20392?s=96&d=mm&r=g\",\"contentUrl\":\"https:\\\/\\\/secure.gravatar.com\\\/avatar\\\/57de8e5d4b15d43fb361a71fbb36338450fe67865b528a43dd10ef7c51a20392?s=96&d=mm&r=g\",\"caption\":\"La Sentinelle\"},\"sameAs\":[\"http:\\\/\\\/www.lasentinelle.dz\"],\"url\":\"https:\\\/\\\/lasentinelle.dz\\\/author\\\/redaction\\\/\"}]}<\/script>\n<!-- \/ Yoast SEO plugin. -->","yoast_head_json":{"title":"Jijel\u00a0:\u00a0Un pharmacien \u00e0 la t\u00eate d\u2019un r\u00e9seau de narcotrafiquants - La Sentinelle","robots":{"index":"index","follow":"follow","max-snippet":"max-snippet:-1","max-image-preview":"max-image-preview:large","max-video-preview":"max-video-preview:-1"},"canonical":"https:\/\/lasentinelle.dz\/index.php\/2022\/02\/21\/jijel-un-pharmacien-a-la-tete-dun-reseau-de-narcotrafiquants\/","og_locale":"fr_FR","og_type":"article","og_title":"Jijel\u00a0:\u00a0Un pharmacien \u00e0 la t\u00eate d\u2019un r\u00e9seau de narcotrafiquants - La Sentinelle","og_description":"Les \u00e9l\u00e9ments de la police judiciaire de la&nbsp;S\u00e9curit\u00e9 de da\u00efra de Tahir dans la wilaya de Jijel&nbsp;ont mis fin \u00e0","og_url":"https:\/\/lasentinelle.dz\/index.php\/2022\/02\/21\/jijel-un-pharmacien-a-la-tete-dun-reseau-de-narcotrafiquants\/","og_site_name":"La Sentinelle","article_publisher":"https:\/\/www.facebook.com\/La-Sentinelle-104059864394773","article_published_time":"2022-02-20T23:01:00+00:00","og_image":[{"width":600,"height":383,"url":"https:\/\/lasentinelle.dz\/wp-content\/uploads\/2022\/02\/guelma.png","type":"image\/png"}],"author":"La Sentinelle","twitter_card":"summary_large_image","twitter_misc":{"\u00c9crit par":"La Sentinelle","Dur\u00e9e de lecture estim\u00e9e":"2 minutes"},"schema":{"@context":"https:\/\/schema.org","@graph":[{"@type":"Article","@id":"https:\/\/lasentinelle.dz\/index.php\/2022\/02\/21\/jijel-un-pharmacien-a-la-tete-dun-reseau-de-narcotrafiquants\/#article","isPartOf":{"@id":"https:\/\/lasentinelle.dz\/index.php\/2022\/02\/21\/jijel-un-pharmacien-a-la-tete-dun-reseau-de-narcotrafiquants\/"},"author":{"name":"La Sentinelle","@id":"https:\/\/lasentinelle.dz\/#\/schema\/person\/d865044e22e70a75174ce8bcad3acfb3"},"headline":"Jijel\u00a0:\u00a0Un pharmacien \u00e0 la t\u00eate d\u2019un r\u00e9seau de narcotrafiquants","datePublished":"2022-02-20T23:01:00+00:00","mainEntityOfPage":{"@id":"https:\/\/lasentinelle.dz\/index.php\/2022\/02\/21\/jijel-un-pharmacien-a-la-tete-dun-reseau-de-narcotrafiquants\/"},"wordCount":376,"commentCount":0,"publisher":{"@id":"https:\/\/lasentinelle.dz\/#organization"},"image":{"@id":"https:\/\/lasentinelle.dz\/index.php\/2022\/02\/21\/jijel-un-pharmacien-a-la-tete-dun-reseau-de-narcotrafiquants\/#primaryimage"},"thumbnailUrl":"https:\/\/lasentinelle.dz\/wp-content\/uploads\/2022\/02\/guelma.png","articleSection":["R\u00e9gions"],"inLanguage":"fr-FR","potentialAction":[{"@type":"CommentAction","name":"Comment","target":["https:\/\/lasentinelle.dz\/index.php\/2022\/02\/21\/jijel-un-pharmacien-a-la-tete-dun-reseau-de-narcotrafiquants\/#respond"]}]},{"@type":"WebPage","@id":"https:\/\/lasentinelle.dz\/index.php\/2022\/02\/21\/jijel-un-pharmacien-a-la-tete-dun-reseau-de-narcotrafiquants\/","url":"https:\/\/lasentinelle.dz\/index.php\/2022\/02\/21\/jijel-un-pharmacien-a-la-tete-dun-reseau-de-narcotrafiquants\/","name":"Jijel\u00a0:\u00a0Un pharmacien \u00e0 la t\u00eate d\u2019un r\u00e9seau de narcotrafiquants - La Sentinelle","isPartOf":{"@id":"https:\/\/lasentinelle.dz\/#website"},"primaryImageOfPage":{"@id":"https:\/\/lasentinelle.dz\/index.php\/2022\/02\/21\/jijel-un-pharmacien-a-la-tete-dun-reseau-de-narcotrafiquants\/#primaryimage"},"image":{"@id":"https:\/\/lasentinelle.dz\/index.php\/2022\/02\/21\/jijel-un-pharmacien-a-la-tete-dun-reseau-de-narcotrafiquants\/#primaryimage"},"thumbnailUrl":"https:\/\/lasentinelle.dz\/wp-content\/uploads\/2022\/02\/guelma.png","datePublished":"2022-02-20T23:01:00+00:00","breadcrumb":{"@id":"https:\/\/lasentinelle.dz\/index.php\/2022\/02\/21\/jijel-un-pharmacien-a-la-tete-dun-reseau-de-narcotrafiquants\/#breadcrumb"},"inLanguage":"fr-FR","potentialAction":[{"@type":"ReadAction","target":["https:\/\/lasentinelle.dz\/index.php\/2022\/02\/21\/jijel-un-pharmacien-a-la-tete-dun-reseau-de-narcotrafiquants\/"]}]},{"@type":"ImageObject","inLanguage":"fr-FR","@id":"https:\/\/lasentinelle.dz\/index.php\/2022\/02\/21\/jijel-un-pharmacien-a-la-tete-dun-reseau-de-narcotrafiquants\/#primaryimage","url":"https:\/\/lasentinelle.dz\/wp-content\/uploads\/2022\/02\/guelma.png","contentUrl":"https:\/\/lasentinelle.dz\/wp-content\/uploads\/2022\/02\/guelma.png","width":600,"height":383},{"@type":"BreadcrumbList","@id":"https:\/\/lasentinelle.dz\/index.php\/2022\/02\/21\/jijel-un-pharmacien-a-la-tete-dun-reseau-de-narcotrafiquants\/#breadcrumb","itemListElement":[{"@type":"ListItem","position":1,"name":"Accueil","item":"https:\/\/lasentinelle.dz\/"},{"@type":"ListItem","position":2,"name":"Jijel\u00a0:\u00a0Un pharmacien \u00e0 la t\u00eate d\u2019un r\u00e9seau de narcotrafiquants"}]},{"@type":"WebSite","@id":"https:\/\/lasentinelle.dz\/#website","url":"https:\/\/lasentinelle.dz\/","name":"La Sentinelle","description":"Quotidien national d&#039;information","publisher":{"@id":"https:\/\/lasentinelle.dz\/#organization"},"potentialAction":[{"@type":"SearchAction","target":{"@type":"EntryPoint","urlTemplate":"https:\/\/lasentinelle.dz\/?s={search_term_string}"},"query-input":{"@type":"PropertyValueSpecification","valueRequired":true,"valueName":"search_term_string"}}],"inLanguage":"fr-FR"},{"@type":"Organization","@id":"https:\/\/lasentinelle.dz\/#organization","name":"Quotidien La Sentinelle","url":"https:\/\/lasentinelle.dz\/","logo":{"@type":"ImageObject","inLanguage":"fr-FR","@id":"https:\/\/lasentinelle.dz\/#\/schema\/logo\/image\/","url":"https:\/\/lasentinelle.dz\/wp-content\/uploads\/2021\/09\/logo-sentinelleSLOGAN-1.png","contentUrl":"https:\/\/lasentinelle.dz\/wp-content\/uploads\/2021\/09\/logo-sentinelleSLOGAN-1.png","width":615,"height":142,"caption":"Quotidien La Sentinelle"},"image":{"@id":"https:\/\/lasentinelle.dz\/#\/schema\/logo\/image\/"},"sameAs":["https:\/\/www.facebook.com\/La-Sentinelle-104059864394773"]},{"@type":"Person","@id":"https:\/\/lasentinelle.dz\/#\/schema\/person\/d865044e22e70a75174ce8bcad3acfb3","name":"La Sentinelle","image":{"@type":"ImageObject","inLanguage":"fr-FR","@id":"https:\/\/secure.gravatar.com\/avatar\/57de8e5d4b15d43fb361a71fbb36338450fe67865b528a43dd10ef7c51a20392?s=96&d=mm&r=g","url":"https:\/\/secure.gravatar.com\/avatar\/57de8e5d4b15d43fb361a71fbb36338450fe67865b528a43dd10ef7c51a20392?s=96&d=mm&r=g","contentUrl":"https:\/\/secure.gravatar.com\/avatar\/57de8e5d4b15d43fb361a71fbb36338450fe67865b528a43dd10ef7c51a20392?s=96&d=mm&r=g","caption":"La Sentinelle"},"sameAs":["http:\/\/www.lasentinelle.dz"],"url":"https:\/\/lasentinelle.dz\/author\/redaction\/"}]}},"_links":{"self":[{"href":"https:\/\/lasentinelle.dz\/index.php\/wp-json\/wp\/v2\/posts\/17257","targetHints":{"allow":["GET"]}}],"collection":[{"href":"https:\/\/lasentinelle.dz\/index.php\/wp-json\/wp\/v2\/posts"}],"about":[{"href":"https:\/\/lasentinelle.dz\/index.php\/wp-json\/wp\/v2\/types\/post"}],"author":[{"embeddable":true,"href":"https:\/\/lasentinelle.dz\/index.php\/wp-json\/wp\/v2\/users\/3"}],"replies":[{"embeddable":true,"href":"https:\/\/lasentinelle.dz\/index.php\/wp-json\/wp\/v2\/comments?post=17257"}],"version-history":[{"count":1,"href":"https:\/\/lasentinelle.dz\/index.php\/wp-json\/wp\/v2\/posts\/17257\/revisions"}],"predecessor-version":[{"id":17265,"href":"https:\/\/lasentinelle.dz\/index.php\/wp-json\/wp\/v2\/posts\/17257\/revisions\/17265"}],"wp:featuredmedia":[{"embeddable":true,"href":"https:\/\/lasentinelle.dz\/index.php\/wp-json\/wp\/v2\/media\/17264"}],"wp:attachment":[{"href":"https:\/\/lasentinelle.dz\/index.php\/wp-json\/wp\/v2\/media?parent=17257"}],"wp:term":[{"taxonomy":"category","embeddable":true,"href":"https:\/\/lasentinelle.dz\/index.php\/wp-json\/wp\/v2\/categories?post=17257"},{"taxonomy":"post_tag","embeddable":true,"href":"https:\/\/lasentinelle.dz\/index.php\/wp-json\/wp\/v2\/tags?post=17257"}],"curies":[{"name":"wp","href":"https:\/\/api.w.org\/{rel}","templated":true}]}}