{"id":17274,"date":"2022-02-21T00:05:00","date_gmt":"2022-02-20T23:05:00","guid":{"rendered":"https:\/\/lasentinelle.dz\/?p=17274"},"modified":"2022-02-20T20:15:08","modified_gmt":"2022-02-20T19:15:08","slug":"greve-des-camionneurs-le-ministere-des-transports-promet-des-mesures","status":"publish","type":"post","link":"https:\/\/lasentinelle.dz\/index.php\/2022\/02\/21\/greve-des-camionneurs-le-ministere-des-transports-promet-des-mesures\/","title":{"rendered":"Gr\u00e8ve des camionneurs\u00a0: Le minist\u00e8re des Transports promet des mesures"},"content":{"rendered":"\n<p>Des camionneurs contestent les mesures prises par les pouvoirs publics afin de limiter la charge totale des poids lourds afin de limiter les risques d\u2019accidents. Certains d\u2019entre-eux ont d\u00e9cid\u00e9 de mener des actions qui impactent l\u2019\u00e9conomie nationale. Une situation qui a pouss\u00e9 le minist\u00e8re \u00e0 annoncer des mesures.&nbsp;La contestation des transporteurs poids lourds qui continue commence \u00e0 impacter n\u00e9gativement sur l&rsquo;\u00e9conomie nationale particuli\u00e8rement les activit\u00e9s des cimenteries. Ces derni\u00e8res se plaignaient en effet de difficult\u00e9s \u00e0 acheminer d&rsquo;abord leur production vers les destinations notamment les entreprises nationales en chantier et vers les ports servant de points de d\u00e9part des op\u00e9rations d&rsquo;exportation de ce produit. Les transporteurs, auteurs de plusieurs infractions dont la surcharge&nbsp;constitue un&nbsp;danger sur la s\u00e9curit\u00e9 routi\u00e8re, semblent agir pour faire pression sur le minist\u00e8re des Transports pour entre autres l&rsquo;augmentation du prix du transport et lever les sanctions prises \u00e0 leur encontre dans le cadre&nbsp;&nbsp;de la pr\u00e9servation de la s\u00e9curit\u00e9 des usagers.<strong><\/strong><\/p>\n\n\n\n<p>En fait,&nbsp;et selon un communiqu\u00e9 du minist\u00e8re des Transports,&nbsp;une r\u00e9union pour traiter cette situation s&rsquo;est tenue jeudi&nbsp;dernier&nbsp;au minist\u00e8re des Transports conjointement avec les d\u00e9partements minist\u00e9riels&nbsp;&nbsp;concern\u00e9s \u00e0 savoir le minist\u00e8re de l&rsquo;Int\u00e9rieur, des Collectivit\u00e9s locales et de l&rsquo;Am\u00e9nagement du territoire,&nbsp;&nbsp;le minist\u00e8re des Travaux publics, le minist\u00e8re de l&rsquo;Energie et des Mines, le commandement de la Gendarmerie nationale ainsi que la&nbsp;Direction&nbsp;&nbsp;g\u00e9n\u00e9rale&nbsp;de la s\u00fbret\u00e9 nationale via son service charg\u00e9 de la s\u00e9curit\u00e9 routi\u00e8re. La r\u00e9union a ainsi confirm\u00e9&nbsp;le&nbsp;non-respect des normes de poids de la part de la majorit\u00e9 des transporteurs de marchandises.<\/p>\n\n\n\n<p>La r\u00e9union a ainsi constat\u00e9 l&rsquo;impact n\u00e9gatif de ces infractions relatives \u00e0 la surcharge sur l&rsquo;\u00e9tat des infrastructures routi\u00e8res et de leur s\u00e9curit\u00e9. Toujours au chapitre des infractions, la r\u00e9union a eu \u00e0 d\u00e9plorer certains comportements qui engendrent des blocages de la circulation et des entraves \u00e0 la libert\u00e9 de circulation sur les routes. Des pratiques, ajoute le minist\u00e8re des Transports, qui nuisent gravement \u00e0 l&rsquo;activit\u00e9 \u00e9conomique nationale. Par ailleurs, la r\u00e9union a \u00e9galement eu \u00e0 traiter des normes&nbsp;&nbsp;et caract\u00e9ristiques techniques des v\u00e9hicules de transport de marchandises.<\/p>\n\n\n\n<p>La r\u00e9union, ajoute le minist\u00e8re des Transports, qui a \u00e9galement \u00e9t\u00e9 l&rsquo;occasion de traiter des dol\u00e9ances \u00e9mises par les op\u00e9rateurs \u00e9conomiques durement impact\u00e9s par ces actions a indiqu\u00e9 qu&rsquo;\u00e0 l&rsquo;issue&nbsp;de l&rsquo;\u00e9valuation du travail effectu\u00e9 en mati\u00e8re de contr\u00f4le et de sensibilisation, un groupe de travail compos\u00e9 de membres de tous les intervenants cit\u00e9s se mettra \u00e0 l&rsquo;\u00e9tude des manques soulev\u00e9s et de leur prise en charge afin de mettre en place les conditions de r\u00e9ussite de ses missions.&nbsp;&nbsp;&nbsp;<\/p>\n\n\n\n<p>Il est utile&nbsp;rappeler enfin que les entreprises exportatrices de ciment Clinker ont, dans un communiqu\u00e9, exprim\u00e9 leur craintes \u00ab\u00a0pour l\u2019avenir des exportations de notre pays, du fait que nos clients \u00e0 l\u2019\u00e9tranger, tr\u00e8s m\u00e9contents de cette situation, se redirigent rapidement vers d\u2019autres producteurs voisins concurrents qui seront ravis de les r\u00e9cup\u00e9rer et les servir avec un bien meilleur service\u00a0\u00bb.&nbsp;<\/p>\n\n\n\n<p>Kamel Nait Ameur<\/p>\n","protected":false},"excerpt":{"rendered":"<p>Des camionneurs contestent les mesures prises par les pouvoirs publics afin de limiter la charge totale des poids lourds afin<\/p>\n","protected":false},"author":3,"featured_media":17275,"comment_status":"open","ping_status":"closed","sticky":false,"template":"","format":"standard","meta":{"colormag_page_container_layout":"default_layout","colormag_page_sidebar_layout":"default_layout","om_disable_all_campaigns":false,"_monsterinsights_skip_tracking":false,"_monsterinsights_sitenote_active":false,"_monsterinsights_sitenote_note":"","_monsterinsights_sitenote_category":0,"footnotes":"","_wpscppro_dont_share_socialmedia":false,"_wpscppro_custom_social_share_image":0,"_facebook_share_type":"","_twitter_share_type":"","_linkedin_share_type":"","_pinterest_share_type":"","_linkedin_share_type_page":"","_instagram_share_type":"","_medium_share_type":"","_threads_share_type":"","_google_business_share_type":"","_selected_social_profile":[],"_wpsp_enable_custom_social_template":false,"_wpsp_social_scheduling":{"enabled":false,"datetime":null,"platforms":[],"status":"template_only","dateOption":"today","timeOption":"now","customDays":"","customHours":"","customDate":"","customTime":"","schedulingType":"absolute"},"_wpsp_active_default_template":true},"categories":[52,29],"tags":[],"class_list":["post-17274","post","type-post","status-publish","format-standard","has-post-thumbnail","hentry","category-a-la-une","category-economie"],"aioseo_notices":[],"yoast_head":"<!-- This site is optimized with the Yoast SEO plugin v27.5 - https:\/\/yoast.com\/product\/yoast-seo-wordpress\/ -->\n<title>Gr\u00e8ve des camionneurs\u00a0: Le minist\u00e8re des Transports promet des mesures - La Sentinelle<\/title>\n<meta name=\"robots\" content=\"index, follow, max-snippet:-1, max-image-preview:large, max-video-preview:-1\" \/>\n<link rel=\"canonical\" href=\"https:\/\/lasentinelle.dz\/index.php\/2022\/02\/21\/greve-des-camionneurs-le-ministere-des-transports-promet-des-mesures\/\" \/>\n<meta property=\"og:locale\" content=\"fr_FR\" \/>\n<meta property=\"og:type\" content=\"article\" \/>\n<meta property=\"og:title\" content=\"Gr\u00e8ve des camionneurs\u00a0: Le minist\u00e8re des Transports promet des mesures - La Sentinelle\" \/>\n<meta property=\"og:description\" content=\"Des camionneurs contestent les mesures prises par les pouvoirs publics afin de limiter la charge totale des poids lourds afin\" \/>\n<meta property=\"og:url\" content=\"https:\/\/lasentinelle.dz\/index.php\/2022\/02\/21\/greve-des-camionneurs-le-ministere-des-transports-promet-des-mesures\/\" \/>\n<meta property=\"og:site_name\" content=\"La Sentinelle\" \/>\n<meta property=\"article:publisher\" content=\"https:\/\/www.facebook.com\/La-Sentinelle-104059864394773\" \/>\n<meta property=\"article:published_time\" content=\"2022-02-20T23:05:00+00:00\" \/>\n<meta property=\"og:image\" content=\"https:\/\/lasentinelle.dz\/wp-content\/uploads\/2022\/02\/camions.png\" \/>\n\t<meta property=\"og:image:width\" content=\"1459\" \/>\n\t<meta property=\"og:image:height\" content=\"900\" \/>\n\t<meta property=\"og:image:type\" content=\"image\/png\" \/>\n<meta name=\"author\" content=\"La Sentinelle\" \/>\n<meta name=\"twitter:card\" content=\"summary_large_image\" \/>\n<meta name=\"twitter:label1\" content=\"\u00c9crit par\" \/>\n\t<meta name=\"twitter:data1\" content=\"La Sentinelle\" \/>\n\t<meta name=\"twitter:label2\" content=\"Dur\u00e9e de lecture estim\u00e9e\" \/>\n\t<meta name=\"twitter:data2\" content=\"3 minutes\" \/>\n<script type=\"application\/ld+json\" class=\"yoast-schema-graph\">{\"@context\":\"https:\\\/\\\/schema.org\",\"@graph\":[{\"@type\":\"Article\",\"@id\":\"https:\\\/\\\/lasentinelle.dz\\\/index.php\\\/2022\\\/02\\\/21\\\/greve-des-camionneurs-le-ministere-des-transports-promet-des-mesures\\\/#article\",\"isPartOf\":{\"@id\":\"https:\\\/\\\/lasentinelle.dz\\\/index.php\\\/2022\\\/02\\\/21\\\/greve-des-camionneurs-le-ministere-des-transports-promet-des-mesures\\\/\"},\"author\":{\"name\":\"La Sentinelle\",\"@id\":\"https:\\\/\\\/lasentinelle.dz\\\/#\\\/schema\\\/person\\\/d865044e22e70a75174ce8bcad3acfb3\"},\"headline\":\"Gr\u00e8ve des camionneurs\u00a0: Le minist\u00e8re des Transports promet des mesures\",\"datePublished\":\"2022-02-20T23:05:00+00:00\",\"mainEntityOfPage\":{\"@id\":\"https:\\\/\\\/lasentinelle.dz\\\/index.php\\\/2022\\\/02\\\/21\\\/greve-des-camionneurs-le-ministere-des-transports-promet-des-mesures\\\/\"},\"wordCount\":592,\"commentCount\":0,\"publisher\":{\"@id\":\"https:\\\/\\\/lasentinelle.dz\\\/#organization\"},\"image\":{\"@id\":\"https:\\\/\\\/lasentinelle.dz\\\/index.php\\\/2022\\\/02\\\/21\\\/greve-des-camionneurs-le-ministere-des-transports-promet-des-mesures\\\/#primaryimage\"},\"thumbnailUrl\":\"https:\\\/\\\/lasentinelle.dz\\\/wp-content\\\/uploads\\\/2022\\\/02\\\/camions.png\",\"articleSection\":[\"\u00c0 la Une\",\"\u00c9conomie\"],\"inLanguage\":\"fr-FR\",\"potentialAction\":[{\"@type\":\"CommentAction\",\"name\":\"Comment\",\"target\":[\"https:\\\/\\\/lasentinelle.dz\\\/index.php\\\/2022\\\/02\\\/21\\\/greve-des-camionneurs-le-ministere-des-transports-promet-des-mesures\\\/#respond\"]}]},{\"@type\":\"WebPage\",\"@id\":\"https:\\\/\\\/lasentinelle.dz\\\/index.php\\\/2022\\\/02\\\/21\\\/greve-des-camionneurs-le-ministere-des-transports-promet-des-mesures\\\/\",\"url\":\"https:\\\/\\\/lasentinelle.dz\\\/index.php\\\/2022\\\/02\\\/21\\\/greve-des-camionneurs-le-ministere-des-transports-promet-des-mesures\\\/\",\"name\":\"Gr\u00e8ve des camionneurs\u00a0: Le minist\u00e8re des Transports promet des mesures - La Sentinelle\",\"isPartOf\":{\"@id\":\"https:\\\/\\\/lasentinelle.dz\\\/#website\"},\"primaryImageOfPage\":{\"@id\":\"https:\\\/\\\/lasentinelle.dz\\\/index.php\\\/2022\\\/02\\\/21\\\/greve-des-camionneurs-le-ministere-des-transports-promet-des-mesures\\\/#primaryimage\"},\"image\":{\"@id\":\"https:\\\/\\\/lasentinelle.dz\\\/index.php\\\/2022\\\/02\\\/21\\\/greve-des-camionneurs-le-ministere-des-transports-promet-des-mesures\\\/#primaryimage\"},\"thumbnailUrl\":\"https:\\\/\\\/lasentinelle.dz\\\/wp-content\\\/uploads\\\/2022\\\/02\\\/camions.png\",\"datePublished\":\"2022-02-20T23:05:00+00:00\",\"breadcrumb\":{\"@id\":\"https:\\\/\\\/lasentinelle.dz\\\/index.php\\\/2022\\\/02\\\/21\\\/greve-des-camionneurs-le-ministere-des-transports-promet-des-mesures\\\/#breadcrumb\"},\"inLanguage\":\"fr-FR\",\"potentialAction\":[{\"@type\":\"ReadAction\",\"target\":[\"https:\\\/\\\/lasentinelle.dz\\\/index.php\\\/2022\\\/02\\\/21\\\/greve-des-camionneurs-le-ministere-des-transports-promet-des-mesures\\\/\"]}]},{\"@type\":\"ImageObject\",\"inLanguage\":\"fr-FR\",\"@id\":\"https:\\\/\\\/lasentinelle.dz\\\/index.php\\\/2022\\\/02\\\/21\\\/greve-des-camionneurs-le-ministere-des-transports-promet-des-mesures\\\/#primaryimage\",\"url\":\"https:\\\/\\\/lasentinelle.dz\\\/wp-content\\\/uploads\\\/2022\\\/02\\\/camions.png\",\"contentUrl\":\"https:\\\/\\\/lasentinelle.dz\\\/wp-content\\\/uploads\\\/2022\\\/02\\\/camions.png\",\"width\":1459,\"height\":900},{\"@type\":\"BreadcrumbList\",\"@id\":\"https:\\\/\\\/lasentinelle.dz\\\/index.php\\\/2022\\\/02\\\/21\\\/greve-des-camionneurs-le-ministere-des-transports-promet-des-mesures\\\/#breadcrumb\",\"itemListElement\":[{\"@type\":\"ListItem\",\"position\":1,\"name\":\"Accueil\",\"item\":\"https:\\\/\\\/lasentinelle.dz\\\/\"},{\"@type\":\"ListItem\",\"position\":2,\"name\":\"Gr\u00e8ve des camionneurs\u00a0: Le minist\u00e8re des Transports promet des mesures\"}]},{\"@type\":\"WebSite\",\"@id\":\"https:\\\/\\\/lasentinelle.dz\\\/#website\",\"url\":\"https:\\\/\\\/lasentinelle.dz\\\/\",\"name\":\"La Sentinelle\",\"description\":\"Quotidien national d&#039;information\",\"publisher\":{\"@id\":\"https:\\\/\\\/lasentinelle.dz\\\/#organization\"},\"potentialAction\":[{\"@type\":\"SearchAction\",\"target\":{\"@type\":\"EntryPoint\",\"urlTemplate\":\"https:\\\/\\\/lasentinelle.dz\\\/?s={search_term_string}\"},\"query-input\":{\"@type\":\"PropertyValueSpecification\",\"valueRequired\":true,\"valueName\":\"search_term_string\"}}],\"inLanguage\":\"fr-FR\"},{\"@type\":\"Organization\",\"@id\":\"https:\\\/\\\/lasentinelle.dz\\\/#organization\",\"name\":\"Quotidien La Sentinelle\",\"url\":\"https:\\\/\\\/lasentinelle.dz\\\/\",\"logo\":{\"@type\":\"ImageObject\",\"inLanguage\":\"fr-FR\",\"@id\":\"https:\\\/\\\/lasentinelle.dz\\\/#\\\/schema\\\/logo\\\/image\\\/\",\"url\":\"https:\\\/\\\/lasentinelle.dz\\\/wp-content\\\/uploads\\\/2021\\\/09\\\/logo-sentinelleSLOGAN-1.png\",\"contentUrl\":\"https:\\\/\\\/lasentinelle.dz\\\/wp-content\\\/uploads\\\/2021\\\/09\\\/logo-sentinelleSLOGAN-1.png\",\"width\":615,\"height\":142,\"caption\":\"Quotidien La Sentinelle\"},\"image\":{\"@id\":\"https:\\\/\\\/lasentinelle.dz\\\/#\\\/schema\\\/logo\\\/image\\\/\"},\"sameAs\":[\"https:\\\/\\\/www.facebook.com\\\/La-Sentinelle-104059864394773\"]},{\"@type\":\"Person\",\"@id\":\"https:\\\/\\\/lasentinelle.dz\\\/#\\\/schema\\\/person\\\/d865044e22e70a75174ce8bcad3acfb3\",\"name\":\"La Sentinelle\",\"image\":{\"@type\":\"ImageObject\",\"inLanguage\":\"fr-FR\",\"@id\":\"https:\\\/\\\/secure.gravatar.com\\\/avatar\\\/57de8e5d4b15d43fb361a71fbb36338450fe67865b528a43dd10ef7c51a20392?s=96&d=mm&r=g\",\"url\":\"https:\\\/\\\/secure.gravatar.com\\\/avatar\\\/57de8e5d4b15d43fb361a71fbb36338450fe67865b528a43dd10ef7c51a20392?s=96&d=mm&r=g\",\"contentUrl\":\"https:\\\/\\\/secure.gravatar.com\\\/avatar\\\/57de8e5d4b15d43fb361a71fbb36338450fe67865b528a43dd10ef7c51a20392?s=96&d=mm&r=g\",\"caption\":\"La Sentinelle\"},\"sameAs\":[\"http:\\\/\\\/www.lasentinelle.dz\"],\"url\":\"https:\\\/\\\/lasentinelle.dz\\\/author\\\/redaction\\\/\"}]}<\/script>\n<!-- \/ Yoast SEO plugin. -->","yoast_head_json":{"title":"Gr\u00e8ve des camionneurs\u00a0: Le minist\u00e8re des Transports promet des mesures - La Sentinelle","robots":{"index":"index","follow":"follow","max-snippet":"max-snippet:-1","max-image-preview":"max-image-preview:large","max-video-preview":"max-video-preview:-1"},"canonical":"https:\/\/lasentinelle.dz\/index.php\/2022\/02\/21\/greve-des-camionneurs-le-ministere-des-transports-promet-des-mesures\/","og_locale":"fr_FR","og_type":"article","og_title":"Gr\u00e8ve des camionneurs\u00a0: Le minist\u00e8re des Transports promet des mesures - La Sentinelle","og_description":"Des camionneurs contestent les mesures prises par les pouvoirs publics afin de limiter la charge totale des poids lourds afin","og_url":"https:\/\/lasentinelle.dz\/index.php\/2022\/02\/21\/greve-des-camionneurs-le-ministere-des-transports-promet-des-mesures\/","og_site_name":"La Sentinelle","article_publisher":"https:\/\/www.facebook.com\/La-Sentinelle-104059864394773","article_published_time":"2022-02-20T23:05:00+00:00","og_image":[{"width":1459,"height":900,"url":"https:\/\/lasentinelle.dz\/wp-content\/uploads\/2022\/02\/camions.png","type":"image\/png"}],"author":"La Sentinelle","twitter_card":"summary_large_image","twitter_misc":{"\u00c9crit par":"La Sentinelle","Dur\u00e9e de lecture estim\u00e9e":"3 minutes"},"schema":{"@context":"https:\/\/schema.org","@graph":[{"@type":"Article","@id":"https:\/\/lasentinelle.dz\/index.php\/2022\/02\/21\/greve-des-camionneurs-le-ministere-des-transports-promet-des-mesures\/#article","isPartOf":{"@id":"https:\/\/lasentinelle.dz\/index.php\/2022\/02\/21\/greve-des-camionneurs-le-ministere-des-transports-promet-des-mesures\/"},"author":{"name":"La Sentinelle","@id":"https:\/\/lasentinelle.dz\/#\/schema\/person\/d865044e22e70a75174ce8bcad3acfb3"},"headline":"Gr\u00e8ve des camionneurs\u00a0: Le minist\u00e8re des Transports promet des mesures","datePublished":"2022-02-20T23:05:00+00:00","mainEntityOfPage":{"@id":"https:\/\/lasentinelle.dz\/index.php\/2022\/02\/21\/greve-des-camionneurs-le-ministere-des-transports-promet-des-mesures\/"},"wordCount":592,"commentCount":0,"publisher":{"@id":"https:\/\/lasentinelle.dz\/#organization"},"image":{"@id":"https:\/\/lasentinelle.dz\/index.php\/2022\/02\/21\/greve-des-camionneurs-le-ministere-des-transports-promet-des-mesures\/#primaryimage"},"thumbnailUrl":"https:\/\/lasentinelle.dz\/wp-content\/uploads\/2022\/02\/camions.png","articleSection":["\u00c0 la Une","\u00c9conomie"],"inLanguage":"fr-FR","potentialAction":[{"@type":"CommentAction","name":"Comment","target":["https:\/\/lasentinelle.dz\/index.php\/2022\/02\/21\/greve-des-camionneurs-le-ministere-des-transports-promet-des-mesures\/#respond"]}]},{"@type":"WebPage","@id":"https:\/\/lasentinelle.dz\/index.php\/2022\/02\/21\/greve-des-camionneurs-le-ministere-des-transports-promet-des-mesures\/","url":"https:\/\/lasentinelle.dz\/index.php\/2022\/02\/21\/greve-des-camionneurs-le-ministere-des-transports-promet-des-mesures\/","name":"Gr\u00e8ve des camionneurs\u00a0: Le minist\u00e8re des Transports promet des mesures - La Sentinelle","isPartOf":{"@id":"https:\/\/lasentinelle.dz\/#website"},"primaryImageOfPage":{"@id":"https:\/\/lasentinelle.dz\/index.php\/2022\/02\/21\/greve-des-camionneurs-le-ministere-des-transports-promet-des-mesures\/#primaryimage"},"image":{"@id":"https:\/\/lasentinelle.dz\/index.php\/2022\/02\/21\/greve-des-camionneurs-le-ministere-des-transports-promet-des-mesures\/#primaryimage"},"thumbnailUrl":"https:\/\/lasentinelle.dz\/wp-content\/uploads\/2022\/02\/camions.png","datePublished":"2022-02-20T23:05:00+00:00","breadcrumb":{"@id":"https:\/\/lasentinelle.dz\/index.php\/2022\/02\/21\/greve-des-camionneurs-le-ministere-des-transports-promet-des-mesures\/#breadcrumb"},"inLanguage":"fr-FR","potentialAction":[{"@type":"ReadAction","target":["https:\/\/lasentinelle.dz\/index.php\/2022\/02\/21\/greve-des-camionneurs-le-ministere-des-transports-promet-des-mesures\/"]}]},{"@type":"ImageObject","inLanguage":"fr-FR","@id":"https:\/\/lasentinelle.dz\/index.php\/2022\/02\/21\/greve-des-camionneurs-le-ministere-des-transports-promet-des-mesures\/#primaryimage","url":"https:\/\/lasentinelle.dz\/wp-content\/uploads\/2022\/02\/camions.png","contentUrl":"https:\/\/lasentinelle.dz\/wp-content\/uploads\/2022\/02\/camions.png","width":1459,"height":900},{"@type":"BreadcrumbList","@id":"https:\/\/lasentinelle.dz\/index.php\/2022\/02\/21\/greve-des-camionneurs-le-ministere-des-transports-promet-des-mesures\/#breadcrumb","itemListElement":[{"@type":"ListItem","position":1,"name":"Accueil","item":"https:\/\/lasentinelle.dz\/"},{"@type":"ListItem","position":2,"name":"Gr\u00e8ve des camionneurs\u00a0: Le minist\u00e8re des Transports promet des mesures"}]},{"@type":"WebSite","@id":"https:\/\/lasentinelle.dz\/#website","url":"https:\/\/lasentinelle.dz\/","name":"La Sentinelle","description":"Quotidien national d&#039;information","publisher":{"@id":"https:\/\/lasentinelle.dz\/#organization"},"potentialAction":[{"@type":"SearchAction","target":{"@type":"EntryPoint","urlTemplate":"https:\/\/lasentinelle.dz\/?s={search_term_string}"},"query-input":{"@type":"PropertyValueSpecification","valueRequired":true,"valueName":"search_term_string"}}],"inLanguage":"fr-FR"},{"@type":"Organization","@id":"https:\/\/lasentinelle.dz\/#organization","name":"Quotidien La Sentinelle","url":"https:\/\/lasentinelle.dz\/","logo":{"@type":"ImageObject","inLanguage":"fr-FR","@id":"https:\/\/lasentinelle.dz\/#\/schema\/logo\/image\/","url":"https:\/\/lasentinelle.dz\/wp-content\/uploads\/2021\/09\/logo-sentinelleSLOGAN-1.png","contentUrl":"https:\/\/lasentinelle.dz\/wp-content\/uploads\/2021\/09\/logo-sentinelleSLOGAN-1.png","width":615,"height":142,"caption":"Quotidien La Sentinelle"},"image":{"@id":"https:\/\/lasentinelle.dz\/#\/schema\/logo\/image\/"},"sameAs":["https:\/\/www.facebook.com\/La-Sentinelle-104059864394773"]},{"@type":"Person","@id":"https:\/\/lasentinelle.dz\/#\/schema\/person\/d865044e22e70a75174ce8bcad3acfb3","name":"La Sentinelle","image":{"@type":"ImageObject","inLanguage":"fr-FR","@id":"https:\/\/secure.gravatar.com\/avatar\/57de8e5d4b15d43fb361a71fbb36338450fe67865b528a43dd10ef7c51a20392?s=96&d=mm&r=g","url":"https:\/\/secure.gravatar.com\/avatar\/57de8e5d4b15d43fb361a71fbb36338450fe67865b528a43dd10ef7c51a20392?s=96&d=mm&r=g","contentUrl":"https:\/\/secure.gravatar.com\/avatar\/57de8e5d4b15d43fb361a71fbb36338450fe67865b528a43dd10ef7c51a20392?s=96&d=mm&r=g","caption":"La Sentinelle"},"sameAs":["http:\/\/www.lasentinelle.dz"],"url":"https:\/\/lasentinelle.dz\/author\/redaction\/"}]}},"_links":{"self":[{"href":"https:\/\/lasentinelle.dz\/index.php\/wp-json\/wp\/v2\/posts\/17274","targetHints":{"allow":["GET"]}}],"collection":[{"href":"https:\/\/lasentinelle.dz\/index.php\/wp-json\/wp\/v2\/posts"}],"about":[{"href":"https:\/\/lasentinelle.dz\/index.php\/wp-json\/wp\/v2\/types\/post"}],"author":[{"embeddable":true,"href":"https:\/\/lasentinelle.dz\/index.php\/wp-json\/wp\/v2\/users\/3"}],"replies":[{"embeddable":true,"href":"https:\/\/lasentinelle.dz\/index.php\/wp-json\/wp\/v2\/comments?post=17274"}],"version-history":[{"count":1,"href":"https:\/\/lasentinelle.dz\/index.php\/wp-json\/wp\/v2\/posts\/17274\/revisions"}],"predecessor-version":[{"id":17276,"href":"https:\/\/lasentinelle.dz\/index.php\/wp-json\/wp\/v2\/posts\/17274\/revisions\/17276"}],"wp:featuredmedia":[{"embeddable":true,"href":"https:\/\/lasentinelle.dz\/index.php\/wp-json\/wp\/v2\/media\/17275"}],"wp:attachment":[{"href":"https:\/\/lasentinelle.dz\/index.php\/wp-json\/wp\/v2\/media?parent=17274"}],"wp:term":[{"taxonomy":"category","embeddable":true,"href":"https:\/\/lasentinelle.dz\/index.php\/wp-json\/wp\/v2\/categories?post=17274"},{"taxonomy":"post_tag","embeddable":true,"href":"https:\/\/lasentinelle.dz\/index.php\/wp-json\/wp\/v2\/tags?post=17274"}],"curies":[{"name":"wp","href":"https:\/\/api.w.org\/{rel}","templated":true}]}}