{"id":17320,"date":"2022-02-22T00:01:00","date_gmt":"2022-02-21T23:01:00","guid":{"rendered":"https:\/\/lasentinelle.dz\/?p=17320"},"modified":"2022-02-21T17:02:50","modified_gmt":"2022-02-21T16:02:50","slug":"brest-insultes-racistes-envers-belaili","status":"publish","type":"post","link":"https:\/\/lasentinelle.dz\/index.php\/2022\/02\/22\/brest-insultes-racistes-envers-belaili\/","title":{"rendered":"Brest\u00a0:\u00a0Insultes racistes envers Bela\u00efli\u00a0\u00a0?"},"content":{"rendered":"\n<p>Selon des sources m\u00e9diatiques le milieu offensif de Brest, aurait \u00e9t\u00e9 victime d&rsquo;insultes racistes lors de la rencontre \u00e0 Reims (1-1).&nbsp;&nbsp;<\/p>\n\n\n\n<p>Une pol\u00e9mique a \u00e9clat\u00e9 lors du match Reims-Brest (1-1) apr\u00e8s la publication d&rsquo;un tweet d&rsquo;Ilyes Ramdani, journaliste de Mediapart, \u00e9voquant des insultes racistes \u00e0 l&rsquo;encontre de Youcef Bela\u00efli, milieu offensif du club breton. \u00ab Entre les sifflets, les doigts d&rsquo;honneur et les insultes, des chants qui sentent bon le racisme : \u00a0\u00bbOn est en France\u00a0\u00bb, \u00a0\u00bbOne two three, rentre dans ton pays&#8230;\u00a0\u00bb \u00bb, est-il ainsi mentionn\u00e9 dans le message. Apr\u00e8s la rencontre, le journaliste a donn\u00e9 \u00e0 l\u2019Equipe davantage de pr\u00e9cisions. \u00ab J&rsquo;\u00e9tais au niveau du poteau de corner, proche du Kop r\u00e9mois, explique-t-il. Au d\u00e9but du match, c&rsquo;\u00e9tait assez calme puis \u00e7a s&rsquo;est agit\u00e9 d&rsquo;un coup vers le quart d&rsquo;heure de jeu. Les chants \u00a0\u00bbOne, two, three, rentre dans ton pays\u00a0\u00bb, \u00a0\u00bbIci c&rsquo;est Reims\u00a0\u00bb, etc&#8230; ont \u00e9t\u00e9 lanc\u00e9s depuis le kop et massivement repris. Il y en a deux ou trois autres que je n&rsquo;ai pas entendus assez clairement pour en parler. Les hu\u00e9es \u00e0 chaque fois que Bela\u00efli touchait le ballon venaient aussi du kop. Ind\u00e9pendamment de \u00e7a, il y a eu une flop\u00e9e d&rsquo;actes plus individuels, en tout cas pas directement imputables au kop : les insultes, doigts et bras d&rsquo;honneur&#8230; Qui visaient beaucoup les supporters identifi\u00e9s comme pro-Bela\u00efli, aussi. \u00bb Arriv\u00e9 en France lors du dernier jour du mercato hivernal, l&rsquo;international de 29 ans est tr\u00e8s suivi au pays et plusieurs drapeaux alg\u00e9riens \u00e9taient d&rsquo;ailleurs pr\u00e9sents au Stade Auguste-Delaune, dimanche. Les insultes \u00e9voqu\u00e9es n&rsquo;\u00e9taient en tout cas pas audibles en tribune de presse ni du banc de touche car, Michel Der Zakarian, interrog\u00e9 \u00e0 ce sujet, s&rsquo;est montr\u00e9 surpris. \u00ab Ah bon ? Non, il ne m&rsquo;en a pas fait part, a indiqu\u00e9 l&rsquo;entra\u00eeneur brestois. On ne m&rsquo;a pas parl\u00e9 de \u00e7a. \u00bb Sollicit\u00e9, le club finist\u00e9rien a r\u00e9agi par la voix de Gr\u00e9gory Lorenzi, son directeur sportif. \u00ab Nous avons entendu parler de ces \u00e9ventuelles insultes racistes, a affirm\u00e9 le dirigeant. Nous ne r\u00e9agirons pas \u00e0 chaud et nous allons mener l&rsquo;enqu\u00eate en collaboration avec le club de Reims pour \u00e9tablir les actions \u00e9ventuelles \u00e0 mener. \u00bb Aux alentours de 19h, le Stade de Reims n&rsquo;avait pas encore \u00e9t\u00e9 contact\u00e9 par le Stade Brestois. Mais le club champenois et son responsable de la s\u00e9curit\u00e9, alert\u00e9s par ce tweet, \u00e9taient en train de r\u00e9colter des informations pour faire un travail d&rsquo;identification. \u00ab \u00c0 l&rsquo;heure actuelle, il n&rsquo;y a aucune preuve, que ce soit par des t\u00e9moignages ou au niveau mat\u00e9riel, avec des vid\u00e9os ou photos, nous a-t-on indiqu\u00e9s. \u00c0 l&rsquo;instant T, il n&rsquo;y a rien d&rsquo;identifiable et de caract\u00e9risable. \u00bb<\/p>\n\n\n\n<p>R. S.&nbsp;<\/p>\n","protected":false},"excerpt":{"rendered":"<p>Selon des sources m\u00e9diatiques le milieu offensif de Brest, aurait \u00e9t\u00e9 victime d&rsquo;insultes racistes lors de la rencontre \u00e0 Reims<\/p>\n","protected":false},"author":3,"featured_media":17328,"comment_status":"open","ping_status":"closed","sticky":false,"template":"","format":"standard","meta":{"colormag_page_container_layout":"default_layout","colormag_page_sidebar_layout":"default_layout","om_disable_all_campaigns":false,"_monsterinsights_skip_tracking":false,"_monsterinsights_sitenote_active":false,"_monsterinsights_sitenote_note":"","_monsterinsights_sitenote_category":0,"footnotes":"","_wpscppro_dont_share_socialmedia":false,"_wpscppro_custom_social_share_image":0,"_facebook_share_type":"","_twitter_share_type":"","_linkedin_share_type":"","_pinterest_share_type":"","_linkedin_share_type_page":"","_instagram_share_type":"","_medium_share_type":"","_threads_share_type":"","_google_business_share_type":"","_selected_social_profile":[],"_wpsp_enable_custom_social_template":false,"_wpsp_social_scheduling":{"enabled":false,"datetime":null,"platforms":[],"status":"template_only","dateOption":"today","timeOption":"now","customDays":"","customHours":"","customDate":"","customTime":"","schedulingType":"absolute"},"_wpsp_active_default_template":true},"categories":[33],"tags":[],"class_list":["post-17320","post","type-post","status-publish","format-standard","has-post-thumbnail","hentry","category-sports"],"aioseo_notices":[],"yoast_head":"<!-- This site is optimized with the Yoast SEO plugin v27.5 - https:\/\/yoast.com\/product\/yoast-seo-wordpress\/ -->\n<title>Brest\u00a0:\u00a0Insultes racistes envers Bela\u00efli\u00a0\u00a0? - La Sentinelle<\/title>\n<meta name=\"robots\" content=\"index, follow, max-snippet:-1, max-image-preview:large, max-video-preview:-1\" \/>\n<link rel=\"canonical\" href=\"https:\/\/lasentinelle.dz\/index.php\/2022\/02\/22\/brest-insultes-racistes-envers-belaili\/\" \/>\n<meta property=\"og:locale\" content=\"fr_FR\" \/>\n<meta property=\"og:type\" content=\"article\" \/>\n<meta property=\"og:title\" content=\"Brest\u00a0:\u00a0Insultes racistes envers Bela\u00efli\u00a0\u00a0? - La Sentinelle\" \/>\n<meta property=\"og:description\" content=\"Selon des sources m\u00e9diatiques le milieu offensif de Brest, aurait \u00e9t\u00e9 victime d&rsquo;insultes racistes lors de la rencontre \u00e0 Reims\" \/>\n<meta property=\"og:url\" content=\"https:\/\/lasentinelle.dz\/index.php\/2022\/02\/22\/brest-insultes-racistes-envers-belaili\/\" \/>\n<meta property=\"og:site_name\" content=\"La Sentinelle\" \/>\n<meta property=\"article:publisher\" content=\"https:\/\/www.facebook.com\/La-Sentinelle-104059864394773\" \/>\n<meta property=\"article:published_time\" content=\"2022-02-21T23:01:00+00:00\" \/>\n<meta property=\"og:image\" content=\"https:\/\/lasentinelle.dz\/wp-content\/uploads\/2022\/02\/Belaili-1-scaled.jpg\" \/>\n\t<meta property=\"og:image:width\" content=\"2560\" \/>\n\t<meta property=\"og:image:height\" content=\"1707\" \/>\n\t<meta property=\"og:image:type\" content=\"image\/jpeg\" \/>\n<meta name=\"author\" content=\"La Sentinelle\" \/>\n<meta name=\"twitter:card\" content=\"summary_large_image\" \/>\n<meta name=\"twitter:label1\" content=\"\u00c9crit par\" \/>\n\t<meta name=\"twitter:data1\" content=\"La Sentinelle\" \/>\n\t<meta name=\"twitter:label2\" content=\"Dur\u00e9e de lecture estim\u00e9e\" \/>\n\t<meta name=\"twitter:data2\" content=\"3 minutes\" \/>\n<script type=\"application\/ld+json\" class=\"yoast-schema-graph\">{\"@context\":\"https:\\\/\\\/schema.org\",\"@graph\":[{\"@type\":\"Article\",\"@id\":\"https:\\\/\\\/lasentinelle.dz\\\/index.php\\\/2022\\\/02\\\/22\\\/brest-insultes-racistes-envers-belaili\\\/#article\",\"isPartOf\":{\"@id\":\"https:\\\/\\\/lasentinelle.dz\\\/index.php\\\/2022\\\/02\\\/22\\\/brest-insultes-racistes-envers-belaili\\\/\"},\"author\":{\"name\":\"La Sentinelle\",\"@id\":\"https:\\\/\\\/lasentinelle.dz\\\/#\\\/schema\\\/person\\\/d865044e22e70a75174ce8bcad3acfb3\"},\"headline\":\"Brest\u00a0:\u00a0Insultes racistes envers Bela\u00efli\u00a0\u00a0?\",\"datePublished\":\"2022-02-21T23:01:00+00:00\",\"mainEntityOfPage\":{\"@id\":\"https:\\\/\\\/lasentinelle.dz\\\/index.php\\\/2022\\\/02\\\/22\\\/brest-insultes-racistes-envers-belaili\\\/\"},\"wordCount\":496,\"commentCount\":0,\"publisher\":{\"@id\":\"https:\\\/\\\/lasentinelle.dz\\\/#organization\"},\"image\":{\"@id\":\"https:\\\/\\\/lasentinelle.dz\\\/index.php\\\/2022\\\/02\\\/22\\\/brest-insultes-racistes-envers-belaili\\\/#primaryimage\"},\"thumbnailUrl\":\"https:\\\/\\\/lasentinelle.dz\\\/wp-content\\\/uploads\\\/2022\\\/02\\\/Belaili-1-scaled.jpg\",\"articleSection\":[\"Sports\"],\"inLanguage\":\"fr-FR\",\"potentialAction\":[{\"@type\":\"CommentAction\",\"name\":\"Comment\",\"target\":[\"https:\\\/\\\/lasentinelle.dz\\\/index.php\\\/2022\\\/02\\\/22\\\/brest-insultes-racistes-envers-belaili\\\/#respond\"]}]},{\"@type\":\"WebPage\",\"@id\":\"https:\\\/\\\/lasentinelle.dz\\\/index.php\\\/2022\\\/02\\\/22\\\/brest-insultes-racistes-envers-belaili\\\/\",\"url\":\"https:\\\/\\\/lasentinelle.dz\\\/index.php\\\/2022\\\/02\\\/22\\\/brest-insultes-racistes-envers-belaili\\\/\",\"name\":\"Brest\u00a0:\u00a0Insultes racistes envers Bela\u00efli\u00a0\u00a0? - La Sentinelle\",\"isPartOf\":{\"@id\":\"https:\\\/\\\/lasentinelle.dz\\\/#website\"},\"primaryImageOfPage\":{\"@id\":\"https:\\\/\\\/lasentinelle.dz\\\/index.php\\\/2022\\\/02\\\/22\\\/brest-insultes-racistes-envers-belaili\\\/#primaryimage\"},\"image\":{\"@id\":\"https:\\\/\\\/lasentinelle.dz\\\/index.php\\\/2022\\\/02\\\/22\\\/brest-insultes-racistes-envers-belaili\\\/#primaryimage\"},\"thumbnailUrl\":\"https:\\\/\\\/lasentinelle.dz\\\/wp-content\\\/uploads\\\/2022\\\/02\\\/Belaili-1-scaled.jpg\",\"datePublished\":\"2022-02-21T23:01:00+00:00\",\"breadcrumb\":{\"@id\":\"https:\\\/\\\/lasentinelle.dz\\\/index.php\\\/2022\\\/02\\\/22\\\/brest-insultes-racistes-envers-belaili\\\/#breadcrumb\"},\"inLanguage\":\"fr-FR\",\"potentialAction\":[{\"@type\":\"ReadAction\",\"target\":[\"https:\\\/\\\/lasentinelle.dz\\\/index.php\\\/2022\\\/02\\\/22\\\/brest-insultes-racistes-envers-belaili\\\/\"]}]},{\"@type\":\"ImageObject\",\"inLanguage\":\"fr-FR\",\"@id\":\"https:\\\/\\\/lasentinelle.dz\\\/index.php\\\/2022\\\/02\\\/22\\\/brest-insultes-racistes-envers-belaili\\\/#primaryimage\",\"url\":\"https:\\\/\\\/lasentinelle.dz\\\/wp-content\\\/uploads\\\/2022\\\/02\\\/Belaili-1-scaled.jpg\",\"contentUrl\":\"https:\\\/\\\/lasentinelle.dz\\\/wp-content\\\/uploads\\\/2022\\\/02\\\/Belaili-1-scaled.jpg\",\"width\":2560,\"height\":1707,\"caption\":\"Belaili Youcef (Stade Brestois) || 222561_0079 2021 2022 Brest foot FOOTBALL ligue1 new news reims SOCCER sport\"},{\"@type\":\"BreadcrumbList\",\"@id\":\"https:\\\/\\\/lasentinelle.dz\\\/index.php\\\/2022\\\/02\\\/22\\\/brest-insultes-racistes-envers-belaili\\\/#breadcrumb\",\"itemListElement\":[{\"@type\":\"ListItem\",\"position\":1,\"name\":\"Accueil\",\"item\":\"https:\\\/\\\/lasentinelle.dz\\\/\"},{\"@type\":\"ListItem\",\"position\":2,\"name\":\"Brest\u00a0:\u00a0Insultes racistes envers Bela\u00efli\u00a0\u00a0?\"}]},{\"@type\":\"WebSite\",\"@id\":\"https:\\\/\\\/lasentinelle.dz\\\/#website\",\"url\":\"https:\\\/\\\/lasentinelle.dz\\\/\",\"name\":\"La Sentinelle\",\"description\":\"Quotidien national d&#039;information\",\"publisher\":{\"@id\":\"https:\\\/\\\/lasentinelle.dz\\\/#organization\"},\"potentialAction\":[{\"@type\":\"SearchAction\",\"target\":{\"@type\":\"EntryPoint\",\"urlTemplate\":\"https:\\\/\\\/lasentinelle.dz\\\/?s={search_term_string}\"},\"query-input\":{\"@type\":\"PropertyValueSpecification\",\"valueRequired\":true,\"valueName\":\"search_term_string\"}}],\"inLanguage\":\"fr-FR\"},{\"@type\":\"Organization\",\"@id\":\"https:\\\/\\\/lasentinelle.dz\\\/#organization\",\"name\":\"Quotidien La Sentinelle\",\"url\":\"https:\\\/\\\/lasentinelle.dz\\\/\",\"logo\":{\"@type\":\"ImageObject\",\"inLanguage\":\"fr-FR\",\"@id\":\"https:\\\/\\\/lasentinelle.dz\\\/#\\\/schema\\\/logo\\\/image\\\/\",\"url\":\"https:\\\/\\\/lasentinelle.dz\\\/wp-content\\\/uploads\\\/2021\\\/09\\\/logo-sentinelleSLOGAN-1.png\",\"contentUrl\":\"https:\\\/\\\/lasentinelle.dz\\\/wp-content\\\/uploads\\\/2021\\\/09\\\/logo-sentinelleSLOGAN-1.png\",\"width\":615,\"height\":142,\"caption\":\"Quotidien La Sentinelle\"},\"image\":{\"@id\":\"https:\\\/\\\/lasentinelle.dz\\\/#\\\/schema\\\/logo\\\/image\\\/\"},\"sameAs\":[\"https:\\\/\\\/www.facebook.com\\\/La-Sentinelle-104059864394773\"]},{\"@type\":\"Person\",\"@id\":\"https:\\\/\\\/lasentinelle.dz\\\/#\\\/schema\\\/person\\\/d865044e22e70a75174ce8bcad3acfb3\",\"name\":\"La Sentinelle\",\"image\":{\"@type\":\"ImageObject\",\"inLanguage\":\"fr-FR\",\"@id\":\"https:\\\/\\\/secure.gravatar.com\\\/avatar\\\/57de8e5d4b15d43fb361a71fbb36338450fe67865b528a43dd10ef7c51a20392?s=96&d=mm&r=g\",\"url\":\"https:\\\/\\\/secure.gravatar.com\\\/avatar\\\/57de8e5d4b15d43fb361a71fbb36338450fe67865b528a43dd10ef7c51a20392?s=96&d=mm&r=g\",\"contentUrl\":\"https:\\\/\\\/secure.gravatar.com\\\/avatar\\\/57de8e5d4b15d43fb361a71fbb36338450fe67865b528a43dd10ef7c51a20392?s=96&d=mm&r=g\",\"caption\":\"La Sentinelle\"},\"sameAs\":[\"http:\\\/\\\/www.lasentinelle.dz\"],\"url\":\"https:\\\/\\\/lasentinelle.dz\\\/author\\\/redaction\\\/\"}]}<\/script>\n<!-- \/ Yoast SEO plugin. -->","yoast_head_json":{"title":"Brest\u00a0:\u00a0Insultes racistes envers Bela\u00efli\u00a0\u00a0? - La Sentinelle","robots":{"index":"index","follow":"follow","max-snippet":"max-snippet:-1","max-image-preview":"max-image-preview:large","max-video-preview":"max-video-preview:-1"},"canonical":"https:\/\/lasentinelle.dz\/index.php\/2022\/02\/22\/brest-insultes-racistes-envers-belaili\/","og_locale":"fr_FR","og_type":"article","og_title":"Brest\u00a0:\u00a0Insultes racistes envers Bela\u00efli\u00a0\u00a0? - La Sentinelle","og_description":"Selon des sources m\u00e9diatiques le milieu offensif de Brest, aurait \u00e9t\u00e9 victime d&rsquo;insultes racistes lors de la rencontre \u00e0 Reims","og_url":"https:\/\/lasentinelle.dz\/index.php\/2022\/02\/22\/brest-insultes-racistes-envers-belaili\/","og_site_name":"La Sentinelle","article_publisher":"https:\/\/www.facebook.com\/La-Sentinelle-104059864394773","article_published_time":"2022-02-21T23:01:00+00:00","og_image":[{"width":2560,"height":1707,"url":"https:\/\/lasentinelle.dz\/wp-content\/uploads\/2022\/02\/Belaili-1-scaled.jpg","type":"image\/jpeg"}],"author":"La Sentinelle","twitter_card":"summary_large_image","twitter_misc":{"\u00c9crit par":"La Sentinelle","Dur\u00e9e de lecture estim\u00e9e":"3 minutes"},"schema":{"@context":"https:\/\/schema.org","@graph":[{"@type":"Article","@id":"https:\/\/lasentinelle.dz\/index.php\/2022\/02\/22\/brest-insultes-racistes-envers-belaili\/#article","isPartOf":{"@id":"https:\/\/lasentinelle.dz\/index.php\/2022\/02\/22\/brest-insultes-racistes-envers-belaili\/"},"author":{"name":"La Sentinelle","@id":"https:\/\/lasentinelle.dz\/#\/schema\/person\/d865044e22e70a75174ce8bcad3acfb3"},"headline":"Brest\u00a0:\u00a0Insultes racistes envers Bela\u00efli\u00a0\u00a0?","datePublished":"2022-02-21T23:01:00+00:00","mainEntityOfPage":{"@id":"https:\/\/lasentinelle.dz\/index.php\/2022\/02\/22\/brest-insultes-racistes-envers-belaili\/"},"wordCount":496,"commentCount":0,"publisher":{"@id":"https:\/\/lasentinelle.dz\/#organization"},"image":{"@id":"https:\/\/lasentinelle.dz\/index.php\/2022\/02\/22\/brest-insultes-racistes-envers-belaili\/#primaryimage"},"thumbnailUrl":"https:\/\/lasentinelle.dz\/wp-content\/uploads\/2022\/02\/Belaili-1-scaled.jpg","articleSection":["Sports"],"inLanguage":"fr-FR","potentialAction":[{"@type":"CommentAction","name":"Comment","target":["https:\/\/lasentinelle.dz\/index.php\/2022\/02\/22\/brest-insultes-racistes-envers-belaili\/#respond"]}]},{"@type":"WebPage","@id":"https:\/\/lasentinelle.dz\/index.php\/2022\/02\/22\/brest-insultes-racistes-envers-belaili\/","url":"https:\/\/lasentinelle.dz\/index.php\/2022\/02\/22\/brest-insultes-racistes-envers-belaili\/","name":"Brest\u00a0:\u00a0Insultes racistes envers Bela\u00efli\u00a0\u00a0? - La Sentinelle","isPartOf":{"@id":"https:\/\/lasentinelle.dz\/#website"},"primaryImageOfPage":{"@id":"https:\/\/lasentinelle.dz\/index.php\/2022\/02\/22\/brest-insultes-racistes-envers-belaili\/#primaryimage"},"image":{"@id":"https:\/\/lasentinelle.dz\/index.php\/2022\/02\/22\/brest-insultes-racistes-envers-belaili\/#primaryimage"},"thumbnailUrl":"https:\/\/lasentinelle.dz\/wp-content\/uploads\/2022\/02\/Belaili-1-scaled.jpg","datePublished":"2022-02-21T23:01:00+00:00","breadcrumb":{"@id":"https:\/\/lasentinelle.dz\/index.php\/2022\/02\/22\/brest-insultes-racistes-envers-belaili\/#breadcrumb"},"inLanguage":"fr-FR","potentialAction":[{"@type":"ReadAction","target":["https:\/\/lasentinelle.dz\/index.php\/2022\/02\/22\/brest-insultes-racistes-envers-belaili\/"]}]},{"@type":"ImageObject","inLanguage":"fr-FR","@id":"https:\/\/lasentinelle.dz\/index.php\/2022\/02\/22\/brest-insultes-racistes-envers-belaili\/#primaryimage","url":"https:\/\/lasentinelle.dz\/wp-content\/uploads\/2022\/02\/Belaili-1-scaled.jpg","contentUrl":"https:\/\/lasentinelle.dz\/wp-content\/uploads\/2022\/02\/Belaili-1-scaled.jpg","width":2560,"height":1707,"caption":"Belaili Youcef (Stade Brestois) || 222561_0079 2021 2022 Brest foot FOOTBALL ligue1 new news reims SOCCER sport"},{"@type":"BreadcrumbList","@id":"https:\/\/lasentinelle.dz\/index.php\/2022\/02\/22\/brest-insultes-racistes-envers-belaili\/#breadcrumb","itemListElement":[{"@type":"ListItem","position":1,"name":"Accueil","item":"https:\/\/lasentinelle.dz\/"},{"@type":"ListItem","position":2,"name":"Brest\u00a0:\u00a0Insultes racistes envers Bela\u00efli\u00a0\u00a0?"}]},{"@type":"WebSite","@id":"https:\/\/lasentinelle.dz\/#website","url":"https:\/\/lasentinelle.dz\/","name":"La Sentinelle","description":"Quotidien national d&#039;information","publisher":{"@id":"https:\/\/lasentinelle.dz\/#organization"},"potentialAction":[{"@type":"SearchAction","target":{"@type":"EntryPoint","urlTemplate":"https:\/\/lasentinelle.dz\/?s={search_term_string}"},"query-input":{"@type":"PropertyValueSpecification","valueRequired":true,"valueName":"search_term_string"}}],"inLanguage":"fr-FR"},{"@type":"Organization","@id":"https:\/\/lasentinelle.dz\/#organization","name":"Quotidien La Sentinelle","url":"https:\/\/lasentinelle.dz\/","logo":{"@type":"ImageObject","inLanguage":"fr-FR","@id":"https:\/\/lasentinelle.dz\/#\/schema\/logo\/image\/","url":"https:\/\/lasentinelle.dz\/wp-content\/uploads\/2021\/09\/logo-sentinelleSLOGAN-1.png","contentUrl":"https:\/\/lasentinelle.dz\/wp-content\/uploads\/2021\/09\/logo-sentinelleSLOGAN-1.png","width":615,"height":142,"caption":"Quotidien La Sentinelle"},"image":{"@id":"https:\/\/lasentinelle.dz\/#\/schema\/logo\/image\/"},"sameAs":["https:\/\/www.facebook.com\/La-Sentinelle-104059864394773"]},{"@type":"Person","@id":"https:\/\/lasentinelle.dz\/#\/schema\/person\/d865044e22e70a75174ce8bcad3acfb3","name":"La Sentinelle","image":{"@type":"ImageObject","inLanguage":"fr-FR","@id":"https:\/\/secure.gravatar.com\/avatar\/57de8e5d4b15d43fb361a71fbb36338450fe67865b528a43dd10ef7c51a20392?s=96&d=mm&r=g","url":"https:\/\/secure.gravatar.com\/avatar\/57de8e5d4b15d43fb361a71fbb36338450fe67865b528a43dd10ef7c51a20392?s=96&d=mm&r=g","contentUrl":"https:\/\/secure.gravatar.com\/avatar\/57de8e5d4b15d43fb361a71fbb36338450fe67865b528a43dd10ef7c51a20392?s=96&d=mm&r=g","caption":"La Sentinelle"},"sameAs":["http:\/\/www.lasentinelle.dz"],"url":"https:\/\/lasentinelle.dz\/author\/redaction\/"}]}},"_links":{"self":[{"href":"https:\/\/lasentinelle.dz\/index.php\/wp-json\/wp\/v2\/posts\/17320","targetHints":{"allow":["GET"]}}],"collection":[{"href":"https:\/\/lasentinelle.dz\/index.php\/wp-json\/wp\/v2\/posts"}],"about":[{"href":"https:\/\/lasentinelle.dz\/index.php\/wp-json\/wp\/v2\/types\/post"}],"author":[{"embeddable":true,"href":"https:\/\/lasentinelle.dz\/index.php\/wp-json\/wp\/v2\/users\/3"}],"replies":[{"embeddable":true,"href":"https:\/\/lasentinelle.dz\/index.php\/wp-json\/wp\/v2\/comments?post=17320"}],"version-history":[{"count":1,"href":"https:\/\/lasentinelle.dz\/index.php\/wp-json\/wp\/v2\/posts\/17320\/revisions"}],"predecessor-version":[{"id":17332,"href":"https:\/\/lasentinelle.dz\/index.php\/wp-json\/wp\/v2\/posts\/17320\/revisions\/17332"}],"wp:featuredmedia":[{"embeddable":true,"href":"https:\/\/lasentinelle.dz\/index.php\/wp-json\/wp\/v2\/media\/17328"}],"wp:attachment":[{"href":"https:\/\/lasentinelle.dz\/index.php\/wp-json\/wp\/v2\/media?parent=17320"}],"wp:term":[{"taxonomy":"category","embeddable":true,"href":"https:\/\/lasentinelle.dz\/index.php\/wp-json\/wp\/v2\/categories?post=17320"},{"taxonomy":"post_tag","embeddable":true,"href":"https:\/\/lasentinelle.dz\/index.php\/wp-json\/wp\/v2\/tags?post=17320"}],"curies":[{"name":"wp","href":"https:\/\/api.w.org\/{rel}","templated":true}]}}