{"id":17327,"date":"2022-02-22T00:01:00","date_gmt":"2022-02-21T23:01:00","guid":{"rendered":"https:\/\/lasentinelle.dz\/?p=17327"},"modified":"2022-02-21T17:06:12","modified_gmt":"2022-02-21T16:06:12","slug":"mila-des-cadres-et-des-entrepreneurs-sous-enquete","status":"publish","type":"post","link":"https:\/\/lasentinelle.dz\/index.php\/2022\/02\/22\/mila-des-cadres-et-des-entrepreneurs-sous-enquete\/","title":{"rendered":"Mila\u00a0:\u00a0Des cadres\u00a0et des entrepreneurs sous enqu\u00eate"},"content":{"rendered":"\n<p>Le juge d&rsquo;instruction de la quatri\u00e8me chambre du tribunal de premi\u00e8re instance de Constantine a ouvert une information judiciaire compl\u00e9mentaire, dans l&rsquo;affaire de l&rsquo;octroi&nbsp;&nbsp;d\u2019assiettes fonci\u00e8res, dont ont b\u00e9n\u00e9fici\u00e9 des promoteurs immobiliers, des entrepreneurs, dans la commune de Chelghoum&nbsp;El A\u00efd&nbsp;dans la wilaya de&nbsp;Mila, apprend-on de source judiciaire.&nbsp;Des directeurs de l\u2019urbanisme, de la construction et du logement de la wilaya de Mila&nbsp;ont \u00e9t\u00e9 convoqu\u00e9s pour audition, dans le cadre de cette affaire, en plus d&rsquo;un promoteur immobilier et de plusieurs&nbsp;entrepreneurs, pour compl\u00e9ter les proc\u00e9dures d&rsquo;instruction judiciaire dans l&rsquo;affaire, fait savoir notre source. Une&nbsp;&nbsp;affaire pour laquelle, le juge d\u2019instruction&nbsp;&nbsp;avait pr\u00e9c\u00e9demment ordonn\u00e9 le&nbsp;&nbsp;placement&nbsp;des pr\u00e9venus susmentionn\u00e9s en libert\u00e9 provisoire. La mesure avait fait l&rsquo;objet d&rsquo;un recours du Procureur de la R\u00e9publique pr\u00e8s ladite juridiction, apr\u00e8s qu&rsquo;il eut demand\u00e9 que tous les pr\u00e9venus soient plac\u00e9s sous mandat de d\u00e9p\u00f4t, a rappel\u00e9 la m\u00eame source. Le dossier avait \u00e9t\u00e9, d\u00e8s lors, transf\u00e9r\u00e9&nbsp;en mai dernier \u00e0 la chambre d&rsquo;accusation de la&nbsp;Cour de Constantine pour la poursuite de l\u2019enqu\u00eate, a encore rappel\u00e9 notre source. Apr\u00e8s avoir ajourn\u00e9 la d\u00e9cision sur le dossier quatre fois de suite, la chambre d&rsquo;accusation a confirm\u00e9 l&rsquo;ordonnance rendue par le juge d&rsquo;instruction,&nbsp;&nbsp;de la quatri\u00e8me chambre du tribunal de premi\u00e8re instance de Constantine, portant le maintien des pr\u00e9venus en libert\u00e9 provisoire avec ordre de poursuivre l&rsquo;instruction judiciaire.&nbsp;Selon les&nbsp;informations&nbsp;rapport\u00e9es par notre source sur cette affaire qui remonte \u00e0 2018, cela se rapporte \u00e0 l\u2019octroi d\u2019assiettes fonci\u00e8res par la commission technique charg\u00e9e de l&rsquo;appui \u00e0 l&rsquo;investissement \u00e0 Mila \u00e0 de nombreux promoteurs immobiliers et entrepreneurs, pour la r\u00e9alisation de logements promotionnels et divers autres projets, \u00e0 la sortie ouest de la commune de Chelghoum El A\u00efd (Mila). Le magistrat instructeur a r\u00e9dig\u00e9 une demande d&rsquo;ouverture&nbsp;&nbsp;d\u2019une enqu\u00eate, selon laquelle l&rsquo;affaire a \u00e9t\u00e9 renvoy\u00e9e devant le procureur de la r\u00e9publique pr\u00e8s le tribunal de premi\u00e8re instance de Ziadia (Constantine). Le dossier a \u00e9t\u00e9 transmis&nbsp;&nbsp;au juge d&rsquo;instruction de la quatri\u00e8me chambre avec ordonnance d&rsquo;ouverture d&rsquo;une information judiciaire sur l&rsquo;affaire. Toutes les parties, y compris les accus\u00e9s, les parties civiles et autres, ont \u00e9t\u00e9 convoqu\u00e9es pour \u00eatre auditionn\u00e9es. La&nbsp;&nbsp;relance&nbsp;&nbsp;de cette information judiciaire, qui est toujours en cours, devra confirmer ou infirmer les faits&nbsp;&nbsp;d\u2019octroi&nbsp;d\u2019induprivil\u00e8ges, surtout qu\u2019il s\u2019agit du foncier, a pr\u00e9cis\u00e9 la m\u00eame source.&nbsp;&nbsp;<\/p>\n\n\n\n<p><strong>Sofia Chahine<\/strong><strong><\/strong><\/p>\n","protected":false},"excerpt":{"rendered":"<p>Le juge d&rsquo;instruction de la quatri\u00e8me chambre du tribunal de premi\u00e8re instance de Constantine a ouvert une information judiciaire compl\u00e9mentaire,<\/p>\n","protected":false},"author":3,"featured_media":17333,"comment_status":"open","ping_status":"closed","sticky":false,"template":"","format":"standard","meta":{"colormag_page_container_layout":"default_layout","colormag_page_sidebar_layout":"default_layout","om_disable_all_campaigns":false,"_monsterinsights_skip_tracking":false,"_monsterinsights_sitenote_active":false,"_monsterinsights_sitenote_note":"","_monsterinsights_sitenote_category":0,"footnotes":"","_wpscppro_dont_share_socialmedia":false,"_wpscppro_custom_social_share_image":0,"_facebook_share_type":"","_twitter_share_type":"","_linkedin_share_type":"","_pinterest_share_type":"","_linkedin_share_type_page":"","_instagram_share_type":"","_medium_share_type":"","_threads_share_type":"","_google_business_share_type":"","_selected_social_profile":[],"_wpsp_enable_custom_social_template":false,"_wpsp_social_scheduling":{"enabled":false,"datetime":null,"platforms":[],"status":"template_only","dateOption":"today","timeOption":"now","customDays":"","customHours":"","customDate":"","customTime":"","schedulingType":"absolute"},"_wpsp_active_default_template":true},"categories":[31],"tags":[],"class_list":["post-17327","post","type-post","status-publish","format-standard","has-post-thumbnail","hentry","category-regions"],"aioseo_notices":[],"yoast_head":"<!-- This site is optimized with the Yoast SEO plugin v27.5 - https:\/\/yoast.com\/product\/yoast-seo-wordpress\/ -->\n<title>Mila\u00a0:\u00a0Des cadres\u00a0et des entrepreneurs sous enqu\u00eate - La Sentinelle<\/title>\n<meta name=\"robots\" content=\"index, follow, max-snippet:-1, max-image-preview:large, max-video-preview:-1\" \/>\n<link rel=\"canonical\" href=\"https:\/\/lasentinelle.dz\/index.php\/2022\/02\/22\/mila-des-cadres-et-des-entrepreneurs-sous-enquete\/\" \/>\n<meta property=\"og:locale\" content=\"fr_FR\" \/>\n<meta property=\"og:type\" content=\"article\" \/>\n<meta property=\"og:title\" content=\"Mila\u00a0:\u00a0Des cadres\u00a0et des entrepreneurs sous enqu\u00eate - La Sentinelle\" \/>\n<meta property=\"og:description\" content=\"Le juge d&rsquo;instruction de la quatri\u00e8me chambre du tribunal de premi\u00e8re instance de Constantine a ouvert une information judiciaire compl\u00e9mentaire,\" \/>\n<meta property=\"og:url\" content=\"https:\/\/lasentinelle.dz\/index.php\/2022\/02\/22\/mila-des-cadres-et-des-entrepreneurs-sous-enquete\/\" \/>\n<meta property=\"og:site_name\" content=\"La Sentinelle\" \/>\n<meta property=\"article:publisher\" content=\"https:\/\/www.facebook.com\/La-Sentinelle-104059864394773\" \/>\n<meta property=\"article:published_time\" content=\"2022-02-21T23:01:00+00:00\" \/>\n<meta property=\"og:image\" content=\"https:\/\/lasentinelle.dz\/wp-content\/uploads\/2022\/02\/Msila-1500x9999-c.png\" \/>\n\t<meta property=\"og:image:width\" content=\"1250\" \/>\n\t<meta property=\"og:image:height\" content=\"900\" \/>\n\t<meta property=\"og:image:type\" content=\"image\/png\" \/>\n<meta name=\"author\" content=\"La Sentinelle\" \/>\n<meta name=\"twitter:card\" content=\"summary_large_image\" \/>\n<meta name=\"twitter:label1\" content=\"\u00c9crit par\" \/>\n\t<meta name=\"twitter:data1\" content=\"La Sentinelle\" \/>\n\t<meta name=\"twitter:label2\" content=\"Dur\u00e9e de lecture estim\u00e9e\" \/>\n\t<meta name=\"twitter:data2\" content=\"2 minutes\" \/>\n<script type=\"application\/ld+json\" class=\"yoast-schema-graph\">{\"@context\":\"https:\\\/\\\/schema.org\",\"@graph\":[{\"@type\":\"Article\",\"@id\":\"https:\\\/\\\/lasentinelle.dz\\\/index.php\\\/2022\\\/02\\\/22\\\/mila-des-cadres-et-des-entrepreneurs-sous-enquete\\\/#article\",\"isPartOf\":{\"@id\":\"https:\\\/\\\/lasentinelle.dz\\\/index.php\\\/2022\\\/02\\\/22\\\/mila-des-cadres-et-des-entrepreneurs-sous-enquete\\\/\"},\"author\":{\"name\":\"La Sentinelle\",\"@id\":\"https:\\\/\\\/lasentinelle.dz\\\/#\\\/schema\\\/person\\\/d865044e22e70a75174ce8bcad3acfb3\"},\"headline\":\"Mila\u00a0:\u00a0Des cadres\u00a0et des entrepreneurs sous enqu\u00eate\",\"datePublished\":\"2022-02-21T23:01:00+00:00\",\"mainEntityOfPage\":{\"@id\":\"https:\\\/\\\/lasentinelle.dz\\\/index.php\\\/2022\\\/02\\\/22\\\/mila-des-cadres-et-des-entrepreneurs-sous-enquete\\\/\"},\"wordCount\":504,\"commentCount\":0,\"publisher\":{\"@id\":\"https:\\\/\\\/lasentinelle.dz\\\/#organization\"},\"image\":{\"@id\":\"https:\\\/\\\/lasentinelle.dz\\\/index.php\\\/2022\\\/02\\\/22\\\/mila-des-cadres-et-des-entrepreneurs-sous-enquete\\\/#primaryimage\"},\"thumbnailUrl\":\"https:\\\/\\\/lasentinelle.dz\\\/wp-content\\\/uploads\\\/2022\\\/02\\\/Msila-1500x9999-c.png\",\"articleSection\":[\"R\u00e9gions\"],\"inLanguage\":\"fr-FR\",\"potentialAction\":[{\"@type\":\"CommentAction\",\"name\":\"Comment\",\"target\":[\"https:\\\/\\\/lasentinelle.dz\\\/index.php\\\/2022\\\/02\\\/22\\\/mila-des-cadres-et-des-entrepreneurs-sous-enquete\\\/#respond\"]}]},{\"@type\":\"WebPage\",\"@id\":\"https:\\\/\\\/lasentinelle.dz\\\/index.php\\\/2022\\\/02\\\/22\\\/mila-des-cadres-et-des-entrepreneurs-sous-enquete\\\/\",\"url\":\"https:\\\/\\\/lasentinelle.dz\\\/index.php\\\/2022\\\/02\\\/22\\\/mila-des-cadres-et-des-entrepreneurs-sous-enquete\\\/\",\"name\":\"Mila\u00a0:\u00a0Des cadres\u00a0et des entrepreneurs sous enqu\u00eate - La Sentinelle\",\"isPartOf\":{\"@id\":\"https:\\\/\\\/lasentinelle.dz\\\/#website\"},\"primaryImageOfPage\":{\"@id\":\"https:\\\/\\\/lasentinelle.dz\\\/index.php\\\/2022\\\/02\\\/22\\\/mila-des-cadres-et-des-entrepreneurs-sous-enquete\\\/#primaryimage\"},\"image\":{\"@id\":\"https:\\\/\\\/lasentinelle.dz\\\/index.php\\\/2022\\\/02\\\/22\\\/mila-des-cadres-et-des-entrepreneurs-sous-enquete\\\/#primaryimage\"},\"thumbnailUrl\":\"https:\\\/\\\/lasentinelle.dz\\\/wp-content\\\/uploads\\\/2022\\\/02\\\/Msila-1500x9999-c.png\",\"datePublished\":\"2022-02-21T23:01:00+00:00\",\"breadcrumb\":{\"@id\":\"https:\\\/\\\/lasentinelle.dz\\\/index.php\\\/2022\\\/02\\\/22\\\/mila-des-cadres-et-des-entrepreneurs-sous-enquete\\\/#breadcrumb\"},\"inLanguage\":\"fr-FR\",\"potentialAction\":[{\"@type\":\"ReadAction\",\"target\":[\"https:\\\/\\\/lasentinelle.dz\\\/index.php\\\/2022\\\/02\\\/22\\\/mila-des-cadres-et-des-entrepreneurs-sous-enquete\\\/\"]}]},{\"@type\":\"ImageObject\",\"inLanguage\":\"fr-FR\",\"@id\":\"https:\\\/\\\/lasentinelle.dz\\\/index.php\\\/2022\\\/02\\\/22\\\/mila-des-cadres-et-des-entrepreneurs-sous-enquete\\\/#primaryimage\",\"url\":\"https:\\\/\\\/lasentinelle.dz\\\/wp-content\\\/uploads\\\/2022\\\/02\\\/Msila-1500x9999-c.png\",\"contentUrl\":\"https:\\\/\\\/lasentinelle.dz\\\/wp-content\\\/uploads\\\/2022\\\/02\\\/Msila-1500x9999-c.png\",\"width\":1250,\"height\":900},{\"@type\":\"BreadcrumbList\",\"@id\":\"https:\\\/\\\/lasentinelle.dz\\\/index.php\\\/2022\\\/02\\\/22\\\/mila-des-cadres-et-des-entrepreneurs-sous-enquete\\\/#breadcrumb\",\"itemListElement\":[{\"@type\":\"ListItem\",\"position\":1,\"name\":\"Accueil\",\"item\":\"https:\\\/\\\/lasentinelle.dz\\\/\"},{\"@type\":\"ListItem\",\"position\":2,\"name\":\"Mila\u00a0:\u00a0Des cadres\u00a0et des entrepreneurs sous enqu\u00eate\"}]},{\"@type\":\"WebSite\",\"@id\":\"https:\\\/\\\/lasentinelle.dz\\\/#website\",\"url\":\"https:\\\/\\\/lasentinelle.dz\\\/\",\"name\":\"La Sentinelle\",\"description\":\"Quotidien national d&#039;information\",\"publisher\":{\"@id\":\"https:\\\/\\\/lasentinelle.dz\\\/#organization\"},\"potentialAction\":[{\"@type\":\"SearchAction\",\"target\":{\"@type\":\"EntryPoint\",\"urlTemplate\":\"https:\\\/\\\/lasentinelle.dz\\\/?s={search_term_string}\"},\"query-input\":{\"@type\":\"PropertyValueSpecification\",\"valueRequired\":true,\"valueName\":\"search_term_string\"}}],\"inLanguage\":\"fr-FR\"},{\"@type\":\"Organization\",\"@id\":\"https:\\\/\\\/lasentinelle.dz\\\/#organization\",\"name\":\"Quotidien La Sentinelle\",\"url\":\"https:\\\/\\\/lasentinelle.dz\\\/\",\"logo\":{\"@type\":\"ImageObject\",\"inLanguage\":\"fr-FR\",\"@id\":\"https:\\\/\\\/lasentinelle.dz\\\/#\\\/schema\\\/logo\\\/image\\\/\",\"url\":\"https:\\\/\\\/lasentinelle.dz\\\/wp-content\\\/uploads\\\/2021\\\/09\\\/logo-sentinelleSLOGAN-1.png\",\"contentUrl\":\"https:\\\/\\\/lasentinelle.dz\\\/wp-content\\\/uploads\\\/2021\\\/09\\\/logo-sentinelleSLOGAN-1.png\",\"width\":615,\"height\":142,\"caption\":\"Quotidien La Sentinelle\"},\"image\":{\"@id\":\"https:\\\/\\\/lasentinelle.dz\\\/#\\\/schema\\\/logo\\\/image\\\/\"},\"sameAs\":[\"https:\\\/\\\/www.facebook.com\\\/La-Sentinelle-104059864394773\"]},{\"@type\":\"Person\",\"@id\":\"https:\\\/\\\/lasentinelle.dz\\\/#\\\/schema\\\/person\\\/d865044e22e70a75174ce8bcad3acfb3\",\"name\":\"La Sentinelle\",\"image\":{\"@type\":\"ImageObject\",\"inLanguage\":\"fr-FR\",\"@id\":\"https:\\\/\\\/secure.gravatar.com\\\/avatar\\\/57de8e5d4b15d43fb361a71fbb36338450fe67865b528a43dd10ef7c51a20392?s=96&d=mm&r=g\",\"url\":\"https:\\\/\\\/secure.gravatar.com\\\/avatar\\\/57de8e5d4b15d43fb361a71fbb36338450fe67865b528a43dd10ef7c51a20392?s=96&d=mm&r=g\",\"contentUrl\":\"https:\\\/\\\/secure.gravatar.com\\\/avatar\\\/57de8e5d4b15d43fb361a71fbb36338450fe67865b528a43dd10ef7c51a20392?s=96&d=mm&r=g\",\"caption\":\"La Sentinelle\"},\"sameAs\":[\"http:\\\/\\\/www.lasentinelle.dz\"],\"url\":\"https:\\\/\\\/lasentinelle.dz\\\/author\\\/redaction\\\/\"}]}<\/script>\n<!-- \/ Yoast SEO plugin. -->","yoast_head_json":{"title":"Mila\u00a0:\u00a0Des cadres\u00a0et des entrepreneurs sous enqu\u00eate - La Sentinelle","robots":{"index":"index","follow":"follow","max-snippet":"max-snippet:-1","max-image-preview":"max-image-preview:large","max-video-preview":"max-video-preview:-1"},"canonical":"https:\/\/lasentinelle.dz\/index.php\/2022\/02\/22\/mila-des-cadres-et-des-entrepreneurs-sous-enquete\/","og_locale":"fr_FR","og_type":"article","og_title":"Mila\u00a0:\u00a0Des cadres\u00a0et des entrepreneurs sous enqu\u00eate - La Sentinelle","og_description":"Le juge d&rsquo;instruction de la quatri\u00e8me chambre du tribunal de premi\u00e8re instance de Constantine a ouvert une information judiciaire compl\u00e9mentaire,","og_url":"https:\/\/lasentinelle.dz\/index.php\/2022\/02\/22\/mila-des-cadres-et-des-entrepreneurs-sous-enquete\/","og_site_name":"La Sentinelle","article_publisher":"https:\/\/www.facebook.com\/La-Sentinelle-104059864394773","article_published_time":"2022-02-21T23:01:00+00:00","og_image":[{"width":1250,"height":900,"url":"https:\/\/lasentinelle.dz\/wp-content\/uploads\/2022\/02\/Msila-1500x9999-c.png","type":"image\/png"}],"author":"La Sentinelle","twitter_card":"summary_large_image","twitter_misc":{"\u00c9crit par":"La Sentinelle","Dur\u00e9e de lecture estim\u00e9e":"2 minutes"},"schema":{"@context":"https:\/\/schema.org","@graph":[{"@type":"Article","@id":"https:\/\/lasentinelle.dz\/index.php\/2022\/02\/22\/mila-des-cadres-et-des-entrepreneurs-sous-enquete\/#article","isPartOf":{"@id":"https:\/\/lasentinelle.dz\/index.php\/2022\/02\/22\/mila-des-cadres-et-des-entrepreneurs-sous-enquete\/"},"author":{"name":"La Sentinelle","@id":"https:\/\/lasentinelle.dz\/#\/schema\/person\/d865044e22e70a75174ce8bcad3acfb3"},"headline":"Mila\u00a0:\u00a0Des cadres\u00a0et des entrepreneurs sous enqu\u00eate","datePublished":"2022-02-21T23:01:00+00:00","mainEntityOfPage":{"@id":"https:\/\/lasentinelle.dz\/index.php\/2022\/02\/22\/mila-des-cadres-et-des-entrepreneurs-sous-enquete\/"},"wordCount":504,"commentCount":0,"publisher":{"@id":"https:\/\/lasentinelle.dz\/#organization"},"image":{"@id":"https:\/\/lasentinelle.dz\/index.php\/2022\/02\/22\/mila-des-cadres-et-des-entrepreneurs-sous-enquete\/#primaryimage"},"thumbnailUrl":"https:\/\/lasentinelle.dz\/wp-content\/uploads\/2022\/02\/Msila-1500x9999-c.png","articleSection":["R\u00e9gions"],"inLanguage":"fr-FR","potentialAction":[{"@type":"CommentAction","name":"Comment","target":["https:\/\/lasentinelle.dz\/index.php\/2022\/02\/22\/mila-des-cadres-et-des-entrepreneurs-sous-enquete\/#respond"]}]},{"@type":"WebPage","@id":"https:\/\/lasentinelle.dz\/index.php\/2022\/02\/22\/mila-des-cadres-et-des-entrepreneurs-sous-enquete\/","url":"https:\/\/lasentinelle.dz\/index.php\/2022\/02\/22\/mila-des-cadres-et-des-entrepreneurs-sous-enquete\/","name":"Mila\u00a0:\u00a0Des cadres\u00a0et des entrepreneurs sous enqu\u00eate - La Sentinelle","isPartOf":{"@id":"https:\/\/lasentinelle.dz\/#website"},"primaryImageOfPage":{"@id":"https:\/\/lasentinelle.dz\/index.php\/2022\/02\/22\/mila-des-cadres-et-des-entrepreneurs-sous-enquete\/#primaryimage"},"image":{"@id":"https:\/\/lasentinelle.dz\/index.php\/2022\/02\/22\/mila-des-cadres-et-des-entrepreneurs-sous-enquete\/#primaryimage"},"thumbnailUrl":"https:\/\/lasentinelle.dz\/wp-content\/uploads\/2022\/02\/Msila-1500x9999-c.png","datePublished":"2022-02-21T23:01:00+00:00","breadcrumb":{"@id":"https:\/\/lasentinelle.dz\/index.php\/2022\/02\/22\/mila-des-cadres-et-des-entrepreneurs-sous-enquete\/#breadcrumb"},"inLanguage":"fr-FR","potentialAction":[{"@type":"ReadAction","target":["https:\/\/lasentinelle.dz\/index.php\/2022\/02\/22\/mila-des-cadres-et-des-entrepreneurs-sous-enquete\/"]}]},{"@type":"ImageObject","inLanguage":"fr-FR","@id":"https:\/\/lasentinelle.dz\/index.php\/2022\/02\/22\/mila-des-cadres-et-des-entrepreneurs-sous-enquete\/#primaryimage","url":"https:\/\/lasentinelle.dz\/wp-content\/uploads\/2022\/02\/Msila-1500x9999-c.png","contentUrl":"https:\/\/lasentinelle.dz\/wp-content\/uploads\/2022\/02\/Msila-1500x9999-c.png","width":1250,"height":900},{"@type":"BreadcrumbList","@id":"https:\/\/lasentinelle.dz\/index.php\/2022\/02\/22\/mila-des-cadres-et-des-entrepreneurs-sous-enquete\/#breadcrumb","itemListElement":[{"@type":"ListItem","position":1,"name":"Accueil","item":"https:\/\/lasentinelle.dz\/"},{"@type":"ListItem","position":2,"name":"Mila\u00a0:\u00a0Des cadres\u00a0et des entrepreneurs sous enqu\u00eate"}]},{"@type":"WebSite","@id":"https:\/\/lasentinelle.dz\/#website","url":"https:\/\/lasentinelle.dz\/","name":"La Sentinelle","description":"Quotidien national d&#039;information","publisher":{"@id":"https:\/\/lasentinelle.dz\/#organization"},"potentialAction":[{"@type":"SearchAction","target":{"@type":"EntryPoint","urlTemplate":"https:\/\/lasentinelle.dz\/?s={search_term_string}"},"query-input":{"@type":"PropertyValueSpecification","valueRequired":true,"valueName":"search_term_string"}}],"inLanguage":"fr-FR"},{"@type":"Organization","@id":"https:\/\/lasentinelle.dz\/#organization","name":"Quotidien La Sentinelle","url":"https:\/\/lasentinelle.dz\/","logo":{"@type":"ImageObject","inLanguage":"fr-FR","@id":"https:\/\/lasentinelle.dz\/#\/schema\/logo\/image\/","url":"https:\/\/lasentinelle.dz\/wp-content\/uploads\/2021\/09\/logo-sentinelleSLOGAN-1.png","contentUrl":"https:\/\/lasentinelle.dz\/wp-content\/uploads\/2021\/09\/logo-sentinelleSLOGAN-1.png","width":615,"height":142,"caption":"Quotidien La Sentinelle"},"image":{"@id":"https:\/\/lasentinelle.dz\/#\/schema\/logo\/image\/"},"sameAs":["https:\/\/www.facebook.com\/La-Sentinelle-104059864394773"]},{"@type":"Person","@id":"https:\/\/lasentinelle.dz\/#\/schema\/person\/d865044e22e70a75174ce8bcad3acfb3","name":"La Sentinelle","image":{"@type":"ImageObject","inLanguage":"fr-FR","@id":"https:\/\/secure.gravatar.com\/avatar\/57de8e5d4b15d43fb361a71fbb36338450fe67865b528a43dd10ef7c51a20392?s=96&d=mm&r=g","url":"https:\/\/secure.gravatar.com\/avatar\/57de8e5d4b15d43fb361a71fbb36338450fe67865b528a43dd10ef7c51a20392?s=96&d=mm&r=g","contentUrl":"https:\/\/secure.gravatar.com\/avatar\/57de8e5d4b15d43fb361a71fbb36338450fe67865b528a43dd10ef7c51a20392?s=96&d=mm&r=g","caption":"La Sentinelle"},"sameAs":["http:\/\/www.lasentinelle.dz"],"url":"https:\/\/lasentinelle.dz\/author\/redaction\/"}]}},"_links":{"self":[{"href":"https:\/\/lasentinelle.dz\/index.php\/wp-json\/wp\/v2\/posts\/17327","targetHints":{"allow":["GET"]}}],"collection":[{"href":"https:\/\/lasentinelle.dz\/index.php\/wp-json\/wp\/v2\/posts"}],"about":[{"href":"https:\/\/lasentinelle.dz\/index.php\/wp-json\/wp\/v2\/types\/post"}],"author":[{"embeddable":true,"href":"https:\/\/lasentinelle.dz\/index.php\/wp-json\/wp\/v2\/users\/3"}],"replies":[{"embeddable":true,"href":"https:\/\/lasentinelle.dz\/index.php\/wp-json\/wp\/v2\/comments?post=17327"}],"version-history":[{"count":1,"href":"https:\/\/lasentinelle.dz\/index.php\/wp-json\/wp\/v2\/posts\/17327\/revisions"}],"predecessor-version":[{"id":17334,"href":"https:\/\/lasentinelle.dz\/index.php\/wp-json\/wp\/v2\/posts\/17327\/revisions\/17334"}],"wp:featuredmedia":[{"embeddable":true,"href":"https:\/\/lasentinelle.dz\/index.php\/wp-json\/wp\/v2\/media\/17333"}],"wp:attachment":[{"href":"https:\/\/lasentinelle.dz\/index.php\/wp-json\/wp\/v2\/media?parent=17327"}],"wp:term":[{"taxonomy":"category","embeddable":true,"href":"https:\/\/lasentinelle.dz\/index.php\/wp-json\/wp\/v2\/categories?post=17327"},{"taxonomy":"post_tag","embeddable":true,"href":"https:\/\/lasentinelle.dz\/index.php\/wp-json\/wp\/v2\/tags?post=17327"}],"curies":[{"name":"wp","href":"https:\/\/api.w.org\/{rel}","templated":true}]}}