{"id":17387,"date":"2022-02-23T00:01:00","date_gmt":"2022-02-22T23:01:00","guid":{"rendered":"https:\/\/lasentinelle.dz\/?p=17387"},"modified":"2022-02-22T16:01:19","modified_gmt":"2022-02-22T15:01:19","slug":"can-2022-dames-dernier-tour-qualificatif-les-vertes-visent-une-remontada","status":"publish","type":"post","link":"https:\/\/lasentinelle.dz\/index.php\/2022\/02\/23\/can-2022-dames-dernier-tour-qualificatif-les-vertes-visent-une-remontada\/","title":{"rendered":"CAN-2022 dames (Dernier tour qualificatif)\u00a0:\u00a0Les Vertes visent une \u00ab\u00a0remontada\u00a0\u00bb\u00a0"},"content":{"rendered":"\n<p>Battues lors de la premi\u00e8re manche face \u00e0 l\u2019Afrique du Sud (0-2), les co\u00e9quipi\u00e8res de la capitaine Na\u00efma Bouheni devront rattraper&nbsp;leur retard face aux vice-championnes d&rsquo;Afrique.&nbsp;<\/p>\n\n\n\n<p>L&rsquo;\u00e9quipe nationale de football (dames), dos au mur, est appel\u00e9e \u00e0 relever la t\u00eate pour esp\u00e8re arracher sa qualification \u00e0 la phase finale de la Coupe d&rsquo;Afrique des nations CAN-2022 au Maroc, \u00e0 l&rsquo;occasion de la r\u00e9ception de l&rsquo;Afrique du Sud, ce soir au stade Omar-Hamadi (18h), pour le compte du 2e et dernier tour qualificatif. Battues lors de la premi\u00e8re manche, disput\u00e9e vendredi dernier au stade d&rsquo;Orlando \u00e0 Johannesburg (0-2), les co\u00e9quipi\u00e8res de la capitaine Na\u00efma Bouheni devront refaire leur retard face aux vice-championnes d&rsquo;Afrique, pour esp\u00e9rer une sixi\u00e8me qualification pour la CAN. \u00ab Le premier match a \u00e9t\u00e9 difficile. Les joueuses ont fourni beaucoup d&rsquo;efforts, notamment sur le plan physique. Nous avons ax\u00e9 l&rsquo;essentiel du travail sur la r\u00e9cup\u00e9ration eu \u00e9gard du rapprochement entre les deux matchs. Un travail psychologique a \u00e9t\u00e9 \u00e9galement au programme pour pr\u00e9parer les joueuses en vue de cette seconde manche qui s&rsquo;annonce difficile \u00bb, a affirm\u00e9 la s\u00e9lectionneuse nationale Radia Fertoul. Qualifi\u00e9e sans forcer pour ce dernier tour aux d\u00e9pens du Soudan (aller : 14-0, le match retour ne s&rsquo;est pas jou\u00e9, Ndlr), les Alg\u00e9riennes n&rsquo;auront d&rsquo;autre alternative que de refaire leur retard face \u00e0 une \u00e9quipe sud-africaine aguerrie \u00e0 ce genre de rendez-vous. \u00ab Nous devons effacer la d\u00e9ception de la d\u00e9faite au premier match, qui nous a tous touch\u00e9. Nous ne sommes pas encore \u00e9limin\u00e9s, \u00e0 nous de relever le d\u00e9fi mercredi pour tenter de renverser la vapeur chez nous. L&rsquo;adversaire n&rsquo;est plus \u00e0 pr\u00e9senter. Il avait pris part \u00e0 l&rsquo;ensemble des \u00e9ditions de la CAN, et avait m\u00eame particip\u00e9 au dernier Mondial 2019 en France. Les joueuses doivent comprendre que nous avons une derni\u00e8re chance, \u00e0 nous de la saisir \u00bb, a-t-elle ajout\u00e9. Pour rappel, la s\u00e9lectionneuse nationale a fait appel \u00e0 23 joueuses, dont 7 \u00e9voluant en championnat alg\u00e9rien, en vue de cette double confrontation qualificative. De son c\u00f4t\u00e9, l&rsquo;Afrique du Sud, \u00e0 pied d&rsquo;\u0153uvre depuis dimanche \u00e0 Alger, dirig\u00e9e sur le banc par Desiree Ellis, aborde ce rendez-vous d\u00e9cisif avec l&rsquo;intention de pr\u00e9server son pr\u00e9cieux avantage.&nbsp;<\/p>\n\n\n\n<p>R. S.<\/p>\n","protected":false},"excerpt":{"rendered":"<p>Battues lors de la premi\u00e8re manche face \u00e0 l\u2019Afrique du Sud (0-2), les co\u00e9quipi\u00e8res de la capitaine Na\u00efma Bouheni devront<\/p>\n","protected":false},"author":3,"featured_media":17396,"comment_status":"open","ping_status":"closed","sticky":false,"template":"","format":"standard","meta":{"colormag_page_container_layout":"default_layout","colormag_page_sidebar_layout":"default_layout","om_disable_all_campaigns":false,"_monsterinsights_skip_tracking":false,"_monsterinsights_sitenote_active":false,"_monsterinsights_sitenote_note":"","_monsterinsights_sitenote_category":0,"footnotes":"","_wpscppro_dont_share_socialmedia":false,"_wpscppro_custom_social_share_image":0,"_facebook_share_type":"","_twitter_share_type":"","_linkedin_share_type":"","_pinterest_share_type":"","_linkedin_share_type_page":"","_instagram_share_type":"","_medium_share_type":"","_threads_share_type":"","_google_business_share_type":"","_selected_social_profile":[],"_wpsp_enable_custom_social_template":false,"_wpsp_social_scheduling":{"enabled":false,"datetime":null,"platforms":[],"status":"template_only","dateOption":"today","timeOption":"now","customDays":"","customHours":"","customDate":"","customTime":"","schedulingType":"absolute"},"_wpsp_active_default_template":true},"categories":[33],"tags":[],"class_list":["post-17387","post","type-post","status-publish","format-standard","has-post-thumbnail","hentry","category-sports"],"aioseo_notices":[],"yoast_head":"<!-- This site is optimized with the Yoast SEO plugin v27.5 - https:\/\/yoast.com\/product\/yoast-seo-wordpress\/ -->\n<title>CAN-2022 dames (Dernier tour qualificatif)\u00a0:\u00a0Les Vertes visent une &quot;remontada&quot;\u00a0 - La Sentinelle<\/title>\n<meta name=\"robots\" content=\"index, follow, max-snippet:-1, max-image-preview:large, max-video-preview:-1\" \/>\n<link rel=\"canonical\" href=\"https:\/\/lasentinelle.dz\/index.php\/2022\/02\/23\/can-2022-dames-dernier-tour-qualificatif-les-vertes-visent-une-remontada\/\" \/>\n<meta property=\"og:locale\" content=\"fr_FR\" \/>\n<meta property=\"og:type\" content=\"article\" \/>\n<meta property=\"og:title\" content=\"CAN-2022 dames (Dernier tour qualificatif)\u00a0:\u00a0Les Vertes visent une &quot;remontada&quot;\u00a0 - La Sentinelle\" \/>\n<meta property=\"og:description\" content=\"Battues lors de la premi\u00e8re manche face \u00e0 l\u2019Afrique du Sud (0-2), les co\u00e9quipi\u00e8res de la capitaine Na\u00efma Bouheni devront\" \/>\n<meta property=\"og:url\" content=\"https:\/\/lasentinelle.dz\/index.php\/2022\/02\/23\/can-2022-dames-dernier-tour-qualificatif-les-vertes-visent-une-remontada\/\" \/>\n<meta property=\"og:site_name\" content=\"La Sentinelle\" \/>\n<meta property=\"article:publisher\" content=\"https:\/\/www.facebook.com\/La-Sentinelle-104059864394773\" \/>\n<meta property=\"article:published_time\" content=\"2022-02-22T23:01:00+00:00\" \/>\n<meta property=\"og:image\" content=\"https:\/\/lasentinelle.dz\/wp-content\/uploads\/2022\/02\/Dames-scaled.jpg\" \/>\n\t<meta property=\"og:image:width\" content=\"2560\" \/>\n\t<meta property=\"og:image:height\" content=\"1707\" \/>\n\t<meta property=\"og:image:type\" content=\"image\/jpeg\" \/>\n<meta name=\"author\" content=\"La Sentinelle\" \/>\n<meta name=\"twitter:card\" content=\"summary_large_image\" \/>\n<meta name=\"twitter:label1\" content=\"\u00c9crit par\" \/>\n\t<meta name=\"twitter:data1\" content=\"La Sentinelle\" \/>\n\t<meta name=\"twitter:label2\" content=\"Dur\u00e9e de lecture estim\u00e9e\" \/>\n\t<meta name=\"twitter:data2\" content=\"2 minutes\" \/>\n<script type=\"application\/ld+json\" class=\"yoast-schema-graph\">{\"@context\":\"https:\\\/\\\/schema.org\",\"@graph\":[{\"@type\":\"Article\",\"@id\":\"https:\\\/\\\/lasentinelle.dz\\\/index.php\\\/2022\\\/02\\\/23\\\/can-2022-dames-dernier-tour-qualificatif-les-vertes-visent-une-remontada\\\/#article\",\"isPartOf\":{\"@id\":\"https:\\\/\\\/lasentinelle.dz\\\/index.php\\\/2022\\\/02\\\/23\\\/can-2022-dames-dernier-tour-qualificatif-les-vertes-visent-une-remontada\\\/\"},\"author\":{\"name\":\"La Sentinelle\",\"@id\":\"https:\\\/\\\/lasentinelle.dz\\\/#\\\/schema\\\/person\\\/d865044e22e70a75174ce8bcad3acfb3\"},\"headline\":\"CAN-2022 dames (Dernier tour qualificatif)\u00a0:\u00a0Les Vertes visent une \u00ab\u00a0remontada\u00a0\u00bb\u00a0\",\"datePublished\":\"2022-02-22T23:01:00+00:00\",\"mainEntityOfPage\":{\"@id\":\"https:\\\/\\\/lasentinelle.dz\\\/index.php\\\/2022\\\/02\\\/23\\\/can-2022-dames-dernier-tour-qualificatif-les-vertes-visent-une-remontada\\\/\"},\"wordCount\":414,\"commentCount\":0,\"publisher\":{\"@id\":\"https:\\\/\\\/lasentinelle.dz\\\/#organization\"},\"image\":{\"@id\":\"https:\\\/\\\/lasentinelle.dz\\\/index.php\\\/2022\\\/02\\\/23\\\/can-2022-dames-dernier-tour-qualificatif-les-vertes-visent-une-remontada\\\/#primaryimage\"},\"thumbnailUrl\":\"https:\\\/\\\/lasentinelle.dz\\\/wp-content\\\/uploads\\\/2022\\\/02\\\/Dames-scaled.jpg\",\"articleSection\":[\"Sports\"],\"inLanguage\":\"fr-FR\",\"potentialAction\":[{\"@type\":\"CommentAction\",\"name\":\"Comment\",\"target\":[\"https:\\\/\\\/lasentinelle.dz\\\/index.php\\\/2022\\\/02\\\/23\\\/can-2022-dames-dernier-tour-qualificatif-les-vertes-visent-une-remontada\\\/#respond\"]}]},{\"@type\":\"WebPage\",\"@id\":\"https:\\\/\\\/lasentinelle.dz\\\/index.php\\\/2022\\\/02\\\/23\\\/can-2022-dames-dernier-tour-qualificatif-les-vertes-visent-une-remontada\\\/\",\"url\":\"https:\\\/\\\/lasentinelle.dz\\\/index.php\\\/2022\\\/02\\\/23\\\/can-2022-dames-dernier-tour-qualificatif-les-vertes-visent-une-remontada\\\/\",\"name\":\"CAN-2022 dames (Dernier tour qualificatif)\u00a0:\u00a0Les Vertes visent une \\\"remontada\\\"\u00a0 - La Sentinelle\",\"isPartOf\":{\"@id\":\"https:\\\/\\\/lasentinelle.dz\\\/#website\"},\"primaryImageOfPage\":{\"@id\":\"https:\\\/\\\/lasentinelle.dz\\\/index.php\\\/2022\\\/02\\\/23\\\/can-2022-dames-dernier-tour-qualificatif-les-vertes-visent-une-remontada\\\/#primaryimage\"},\"image\":{\"@id\":\"https:\\\/\\\/lasentinelle.dz\\\/index.php\\\/2022\\\/02\\\/23\\\/can-2022-dames-dernier-tour-qualificatif-les-vertes-visent-une-remontada\\\/#primaryimage\"},\"thumbnailUrl\":\"https:\\\/\\\/lasentinelle.dz\\\/wp-content\\\/uploads\\\/2022\\\/02\\\/Dames-scaled.jpg\",\"datePublished\":\"2022-02-22T23:01:00+00:00\",\"breadcrumb\":{\"@id\":\"https:\\\/\\\/lasentinelle.dz\\\/index.php\\\/2022\\\/02\\\/23\\\/can-2022-dames-dernier-tour-qualificatif-les-vertes-visent-une-remontada\\\/#breadcrumb\"},\"inLanguage\":\"fr-FR\",\"potentialAction\":[{\"@type\":\"ReadAction\",\"target\":[\"https:\\\/\\\/lasentinelle.dz\\\/index.php\\\/2022\\\/02\\\/23\\\/can-2022-dames-dernier-tour-qualificatif-les-vertes-visent-une-remontada\\\/\"]}]},{\"@type\":\"ImageObject\",\"inLanguage\":\"fr-FR\",\"@id\":\"https:\\\/\\\/lasentinelle.dz\\\/index.php\\\/2022\\\/02\\\/23\\\/can-2022-dames-dernier-tour-qualificatif-les-vertes-visent-une-remontada\\\/#primaryimage\",\"url\":\"https:\\\/\\\/lasentinelle.dz\\\/wp-content\\\/uploads\\\/2022\\\/02\\\/Dames-scaled.jpg\",\"contentUrl\":\"https:\\\/\\\/lasentinelle.dz\\\/wp-content\\\/uploads\\\/2022\\\/02\\\/Dames-scaled.jpg\",\"width\":2560,\"height\":1707},{\"@type\":\"BreadcrumbList\",\"@id\":\"https:\\\/\\\/lasentinelle.dz\\\/index.php\\\/2022\\\/02\\\/23\\\/can-2022-dames-dernier-tour-qualificatif-les-vertes-visent-une-remontada\\\/#breadcrumb\",\"itemListElement\":[{\"@type\":\"ListItem\",\"position\":1,\"name\":\"Accueil\",\"item\":\"https:\\\/\\\/lasentinelle.dz\\\/\"},{\"@type\":\"ListItem\",\"position\":2,\"name\":\"CAN-2022 dames (Dernier tour qualificatif)\u00a0:\u00a0Les Vertes visent une \u00ab\u00a0remontada\u00a0\u00bb\u00a0\"}]},{\"@type\":\"WebSite\",\"@id\":\"https:\\\/\\\/lasentinelle.dz\\\/#website\",\"url\":\"https:\\\/\\\/lasentinelle.dz\\\/\",\"name\":\"La Sentinelle\",\"description\":\"Quotidien national d&#039;information\",\"publisher\":{\"@id\":\"https:\\\/\\\/lasentinelle.dz\\\/#organization\"},\"potentialAction\":[{\"@type\":\"SearchAction\",\"target\":{\"@type\":\"EntryPoint\",\"urlTemplate\":\"https:\\\/\\\/lasentinelle.dz\\\/?s={search_term_string}\"},\"query-input\":{\"@type\":\"PropertyValueSpecification\",\"valueRequired\":true,\"valueName\":\"search_term_string\"}}],\"inLanguage\":\"fr-FR\"},{\"@type\":\"Organization\",\"@id\":\"https:\\\/\\\/lasentinelle.dz\\\/#organization\",\"name\":\"Quotidien La Sentinelle\",\"url\":\"https:\\\/\\\/lasentinelle.dz\\\/\",\"logo\":{\"@type\":\"ImageObject\",\"inLanguage\":\"fr-FR\",\"@id\":\"https:\\\/\\\/lasentinelle.dz\\\/#\\\/schema\\\/logo\\\/image\\\/\",\"url\":\"https:\\\/\\\/lasentinelle.dz\\\/wp-content\\\/uploads\\\/2021\\\/09\\\/logo-sentinelleSLOGAN-1.png\",\"contentUrl\":\"https:\\\/\\\/lasentinelle.dz\\\/wp-content\\\/uploads\\\/2021\\\/09\\\/logo-sentinelleSLOGAN-1.png\",\"width\":615,\"height\":142,\"caption\":\"Quotidien La Sentinelle\"},\"image\":{\"@id\":\"https:\\\/\\\/lasentinelle.dz\\\/#\\\/schema\\\/logo\\\/image\\\/\"},\"sameAs\":[\"https:\\\/\\\/www.facebook.com\\\/La-Sentinelle-104059864394773\"]},{\"@type\":\"Person\",\"@id\":\"https:\\\/\\\/lasentinelle.dz\\\/#\\\/schema\\\/person\\\/d865044e22e70a75174ce8bcad3acfb3\",\"name\":\"La Sentinelle\",\"image\":{\"@type\":\"ImageObject\",\"inLanguage\":\"fr-FR\",\"@id\":\"https:\\\/\\\/secure.gravatar.com\\\/avatar\\\/57de8e5d4b15d43fb361a71fbb36338450fe67865b528a43dd10ef7c51a20392?s=96&d=mm&r=g\",\"url\":\"https:\\\/\\\/secure.gravatar.com\\\/avatar\\\/57de8e5d4b15d43fb361a71fbb36338450fe67865b528a43dd10ef7c51a20392?s=96&d=mm&r=g\",\"contentUrl\":\"https:\\\/\\\/secure.gravatar.com\\\/avatar\\\/57de8e5d4b15d43fb361a71fbb36338450fe67865b528a43dd10ef7c51a20392?s=96&d=mm&r=g\",\"caption\":\"La Sentinelle\"},\"sameAs\":[\"http:\\\/\\\/www.lasentinelle.dz\"],\"url\":\"https:\\\/\\\/lasentinelle.dz\\\/author\\\/redaction\\\/\"}]}<\/script>\n<!-- \/ Yoast SEO plugin. -->","yoast_head_json":{"title":"CAN-2022 dames (Dernier tour qualificatif)\u00a0:\u00a0Les Vertes visent une \"remontada\"\u00a0 - La Sentinelle","robots":{"index":"index","follow":"follow","max-snippet":"max-snippet:-1","max-image-preview":"max-image-preview:large","max-video-preview":"max-video-preview:-1"},"canonical":"https:\/\/lasentinelle.dz\/index.php\/2022\/02\/23\/can-2022-dames-dernier-tour-qualificatif-les-vertes-visent-une-remontada\/","og_locale":"fr_FR","og_type":"article","og_title":"CAN-2022 dames (Dernier tour qualificatif)\u00a0:\u00a0Les Vertes visent une \"remontada\"\u00a0 - La Sentinelle","og_description":"Battues lors de la premi\u00e8re manche face \u00e0 l\u2019Afrique du Sud (0-2), les co\u00e9quipi\u00e8res de la capitaine Na\u00efma Bouheni devront","og_url":"https:\/\/lasentinelle.dz\/index.php\/2022\/02\/23\/can-2022-dames-dernier-tour-qualificatif-les-vertes-visent-une-remontada\/","og_site_name":"La Sentinelle","article_publisher":"https:\/\/www.facebook.com\/La-Sentinelle-104059864394773","article_published_time":"2022-02-22T23:01:00+00:00","og_image":[{"width":2560,"height":1707,"url":"https:\/\/lasentinelle.dz\/wp-content\/uploads\/2022\/02\/Dames-scaled.jpg","type":"image\/jpeg"}],"author":"La Sentinelle","twitter_card":"summary_large_image","twitter_misc":{"\u00c9crit par":"La Sentinelle","Dur\u00e9e de lecture estim\u00e9e":"2 minutes"},"schema":{"@context":"https:\/\/schema.org","@graph":[{"@type":"Article","@id":"https:\/\/lasentinelle.dz\/index.php\/2022\/02\/23\/can-2022-dames-dernier-tour-qualificatif-les-vertes-visent-une-remontada\/#article","isPartOf":{"@id":"https:\/\/lasentinelle.dz\/index.php\/2022\/02\/23\/can-2022-dames-dernier-tour-qualificatif-les-vertes-visent-une-remontada\/"},"author":{"name":"La Sentinelle","@id":"https:\/\/lasentinelle.dz\/#\/schema\/person\/d865044e22e70a75174ce8bcad3acfb3"},"headline":"CAN-2022 dames (Dernier tour qualificatif)\u00a0:\u00a0Les Vertes visent une \u00ab\u00a0remontada\u00a0\u00bb\u00a0","datePublished":"2022-02-22T23:01:00+00:00","mainEntityOfPage":{"@id":"https:\/\/lasentinelle.dz\/index.php\/2022\/02\/23\/can-2022-dames-dernier-tour-qualificatif-les-vertes-visent-une-remontada\/"},"wordCount":414,"commentCount":0,"publisher":{"@id":"https:\/\/lasentinelle.dz\/#organization"},"image":{"@id":"https:\/\/lasentinelle.dz\/index.php\/2022\/02\/23\/can-2022-dames-dernier-tour-qualificatif-les-vertes-visent-une-remontada\/#primaryimage"},"thumbnailUrl":"https:\/\/lasentinelle.dz\/wp-content\/uploads\/2022\/02\/Dames-scaled.jpg","articleSection":["Sports"],"inLanguage":"fr-FR","potentialAction":[{"@type":"CommentAction","name":"Comment","target":["https:\/\/lasentinelle.dz\/index.php\/2022\/02\/23\/can-2022-dames-dernier-tour-qualificatif-les-vertes-visent-une-remontada\/#respond"]}]},{"@type":"WebPage","@id":"https:\/\/lasentinelle.dz\/index.php\/2022\/02\/23\/can-2022-dames-dernier-tour-qualificatif-les-vertes-visent-une-remontada\/","url":"https:\/\/lasentinelle.dz\/index.php\/2022\/02\/23\/can-2022-dames-dernier-tour-qualificatif-les-vertes-visent-une-remontada\/","name":"CAN-2022 dames (Dernier tour qualificatif)\u00a0:\u00a0Les Vertes visent une \"remontada\"\u00a0 - La Sentinelle","isPartOf":{"@id":"https:\/\/lasentinelle.dz\/#website"},"primaryImageOfPage":{"@id":"https:\/\/lasentinelle.dz\/index.php\/2022\/02\/23\/can-2022-dames-dernier-tour-qualificatif-les-vertes-visent-une-remontada\/#primaryimage"},"image":{"@id":"https:\/\/lasentinelle.dz\/index.php\/2022\/02\/23\/can-2022-dames-dernier-tour-qualificatif-les-vertes-visent-une-remontada\/#primaryimage"},"thumbnailUrl":"https:\/\/lasentinelle.dz\/wp-content\/uploads\/2022\/02\/Dames-scaled.jpg","datePublished":"2022-02-22T23:01:00+00:00","breadcrumb":{"@id":"https:\/\/lasentinelle.dz\/index.php\/2022\/02\/23\/can-2022-dames-dernier-tour-qualificatif-les-vertes-visent-une-remontada\/#breadcrumb"},"inLanguage":"fr-FR","potentialAction":[{"@type":"ReadAction","target":["https:\/\/lasentinelle.dz\/index.php\/2022\/02\/23\/can-2022-dames-dernier-tour-qualificatif-les-vertes-visent-une-remontada\/"]}]},{"@type":"ImageObject","inLanguage":"fr-FR","@id":"https:\/\/lasentinelle.dz\/index.php\/2022\/02\/23\/can-2022-dames-dernier-tour-qualificatif-les-vertes-visent-une-remontada\/#primaryimage","url":"https:\/\/lasentinelle.dz\/wp-content\/uploads\/2022\/02\/Dames-scaled.jpg","contentUrl":"https:\/\/lasentinelle.dz\/wp-content\/uploads\/2022\/02\/Dames-scaled.jpg","width":2560,"height":1707},{"@type":"BreadcrumbList","@id":"https:\/\/lasentinelle.dz\/index.php\/2022\/02\/23\/can-2022-dames-dernier-tour-qualificatif-les-vertes-visent-une-remontada\/#breadcrumb","itemListElement":[{"@type":"ListItem","position":1,"name":"Accueil","item":"https:\/\/lasentinelle.dz\/"},{"@type":"ListItem","position":2,"name":"CAN-2022 dames (Dernier tour qualificatif)\u00a0:\u00a0Les Vertes visent une \u00ab\u00a0remontada\u00a0\u00bb\u00a0"}]},{"@type":"WebSite","@id":"https:\/\/lasentinelle.dz\/#website","url":"https:\/\/lasentinelle.dz\/","name":"La Sentinelle","description":"Quotidien national d&#039;information","publisher":{"@id":"https:\/\/lasentinelle.dz\/#organization"},"potentialAction":[{"@type":"SearchAction","target":{"@type":"EntryPoint","urlTemplate":"https:\/\/lasentinelle.dz\/?s={search_term_string}"},"query-input":{"@type":"PropertyValueSpecification","valueRequired":true,"valueName":"search_term_string"}}],"inLanguage":"fr-FR"},{"@type":"Organization","@id":"https:\/\/lasentinelle.dz\/#organization","name":"Quotidien La Sentinelle","url":"https:\/\/lasentinelle.dz\/","logo":{"@type":"ImageObject","inLanguage":"fr-FR","@id":"https:\/\/lasentinelle.dz\/#\/schema\/logo\/image\/","url":"https:\/\/lasentinelle.dz\/wp-content\/uploads\/2021\/09\/logo-sentinelleSLOGAN-1.png","contentUrl":"https:\/\/lasentinelle.dz\/wp-content\/uploads\/2021\/09\/logo-sentinelleSLOGAN-1.png","width":615,"height":142,"caption":"Quotidien La Sentinelle"},"image":{"@id":"https:\/\/lasentinelle.dz\/#\/schema\/logo\/image\/"},"sameAs":["https:\/\/www.facebook.com\/La-Sentinelle-104059864394773"]},{"@type":"Person","@id":"https:\/\/lasentinelle.dz\/#\/schema\/person\/d865044e22e70a75174ce8bcad3acfb3","name":"La Sentinelle","image":{"@type":"ImageObject","inLanguage":"fr-FR","@id":"https:\/\/secure.gravatar.com\/avatar\/57de8e5d4b15d43fb361a71fbb36338450fe67865b528a43dd10ef7c51a20392?s=96&d=mm&r=g","url":"https:\/\/secure.gravatar.com\/avatar\/57de8e5d4b15d43fb361a71fbb36338450fe67865b528a43dd10ef7c51a20392?s=96&d=mm&r=g","contentUrl":"https:\/\/secure.gravatar.com\/avatar\/57de8e5d4b15d43fb361a71fbb36338450fe67865b528a43dd10ef7c51a20392?s=96&d=mm&r=g","caption":"La Sentinelle"},"sameAs":["http:\/\/www.lasentinelle.dz"],"url":"https:\/\/lasentinelle.dz\/author\/redaction\/"}]}},"_links":{"self":[{"href":"https:\/\/lasentinelle.dz\/index.php\/wp-json\/wp\/v2\/posts\/17387","targetHints":{"allow":["GET"]}}],"collection":[{"href":"https:\/\/lasentinelle.dz\/index.php\/wp-json\/wp\/v2\/posts"}],"about":[{"href":"https:\/\/lasentinelle.dz\/index.php\/wp-json\/wp\/v2\/types\/post"}],"author":[{"embeddable":true,"href":"https:\/\/lasentinelle.dz\/index.php\/wp-json\/wp\/v2\/users\/3"}],"replies":[{"embeddable":true,"href":"https:\/\/lasentinelle.dz\/index.php\/wp-json\/wp\/v2\/comments?post=17387"}],"version-history":[{"count":1,"href":"https:\/\/lasentinelle.dz\/index.php\/wp-json\/wp\/v2\/posts\/17387\/revisions"}],"predecessor-version":[{"id":17399,"href":"https:\/\/lasentinelle.dz\/index.php\/wp-json\/wp\/v2\/posts\/17387\/revisions\/17399"}],"wp:featuredmedia":[{"embeddable":true,"href":"https:\/\/lasentinelle.dz\/index.php\/wp-json\/wp\/v2\/media\/17396"}],"wp:attachment":[{"href":"https:\/\/lasentinelle.dz\/index.php\/wp-json\/wp\/v2\/media?parent=17387"}],"wp:term":[{"taxonomy":"category","embeddable":true,"href":"https:\/\/lasentinelle.dz\/index.php\/wp-json\/wp\/v2\/categories?post=17387"},{"taxonomy":"post_tag","embeddable":true,"href":"https:\/\/lasentinelle.dz\/index.php\/wp-json\/wp\/v2\/tags?post=17387"}],"curies":[{"name":"wp","href":"https:\/\/api.w.org\/{rel}","templated":true}]}}