{"id":1739,"date":"2021-07-19T00:01:00","date_gmt":"2021-07-18T23:01:00","guid":{"rendered":"https:\/\/lasentinelle.dz\/?p=1739"},"modified":"2021-07-18T19:52:52","modified_gmt":"2021-07-18T18:52:52","slug":"le-ffs-reagit-a-la-derive-du-makhzen-lunite-de-lalgerie-est-une-ligne-rouge","status":"publish","type":"post","link":"https:\/\/lasentinelle.dz\/index.php\/2021\/07\/19\/le-ffs-reagit-a-la-derive-du-makhzen-lunite-de-lalgerie-est-une-ligne-rouge\/","title":{"rendered":"Le FFS r\u00e9agit \u00e0 la d\u00e9rive du Makhzen : \u00abL\u2019unit\u00e9 de l\u2019Alg\u00e9rie est une ligne rouge\u00bb"},"content":{"rendered":"\n<p>La note distribu\u00e9e par le repr\u00e9sentant du Makhzen aux Nations unies au pays membres du Mouvement des Non-align\u00e9s, \u00e0 propos d\u2019un soutien \u00e0 un pr\u00e9tendu \u00ab&nbsp;droit \u00e0 l\u2019autod\u00e9termination du peuple kabyle&nbsp;\u00bb continue de susciter les r\u00e9actions de la classe politique qui d\u00e9nonce une agression contre l\u2019Alg\u00e9rie. Hier, ce fut le tour du parti du d\u00e9funt Hocine Ait Ahmed, le FFS de condamner \u00e9nergiquement une tentative \u00ab&nbsp;d\u00e9sesp\u00e9r\u00e9e&nbsp;\u00bb de porter atteinte \u00e0 l\u2019unit\u00e9 nationale.<\/p>\n\n\n\n<p>Dans un communiqu\u00e9 publi\u00e9 hier sur sa page Facebook officielle, le parti d\u2019opposition a d\u00e9nonc\u00e9 \u00ab les vaines tentatives du (Makhzen) de porter atteinte l\u2019unit\u00e9 de notre ch\u00e8re Alg\u00e9rie \u00bb, affirmant que \u00ab l\u2019ind\u00e9pendance et l\u2019unit\u00e9 sacr\u00e9es du pays, sont une ligne rouge que personne ne peut outrepasser quel qu\u2019en soit le pr\u00e9texte \u00bb.<\/p>\n\n\n\n<p>Qualifiant de \u00ab provocatrice \u00bb la distribution d\u2019un document par le repr\u00e9sentant du Makhzen aux Nations Unis, lors de la r\u00e9union des pays Non align\u00e9s, concernant la pr\u00e9tendue \u00ab&nbsp;droit \u00e0 l\u2019autod\u00e9termination du peuple kabyle&nbsp;\u00bb, le FFS, estime \u00ab qu\u2019une telle man\u0153uvre d\u00e9sesp\u00e9r\u00e9e visant \u00e0 atteindre l\u2019unit\u00e9 de notre ch\u00e8re patrie et semer la zizanie au sein peuple uni, n\u2019est que calomie \u00bb.<\/p>\n\n\n\n<p>\u00ab Ce comportement vilne refl\u00e8te en rien la fraternit\u00e9 qui lie les deux peuple, alg\u00e9rien et marocain \u00bb, est-il indiqu\u00e9, consid\u00e9rant les propos tenus par le repr\u00e9sentant du Makhzen comme \u00ab une grave d\u00e9rive et un comportement vil, \u00e9loign\u00e9 des bases de la diplomatie instaur\u00e9es entre les deux pays voisins \u00bb.Il interpelle ainsi ceux qui ont la m\u00e9moire courte et leur rappelle \u00ab que la r\u00e9gion de Kabylie est une partie indivisible du reste du territoire national et qu\u2019elle \u00e9tait le berceau de la r\u00e9volution et des r\u00e9volutionnaires et qu\u2019elle ne peut s\u2019exprimer en dehors du cadre national \u00bb.<\/p>\n\n\n\n<p>S\u2019adressant \u00ab aux&nbsp; propagandistes de la division \u00bb, le FFS rappelle que \u00ab leur comportement et leur position contre l\u2019Alg\u00e9rie,&nbsp; ne feront que consolider l\u2019attachement des Alg\u00e9riens \u00e0 travers les quatre coins du pays, aux constantes de la Nation et de son unit\u00e9 ainsi que de l\u2019homog\u00e9n\u00e9it\u00e9 de son peuple \u00bb.<\/p>\n\n\n\n<p>Le communiqu\u00e9 rappelle le contexte de la premi\u00e8re r\u00e9union des pays Non-align\u00e9s \u00e0 Bandung, en 1955&nbsp; au cours de laquelle la d\u00e9l\u00e9gation ralg\u00e9rienne pr\u00e9sid\u00e9e par le d\u00e9funt Hocine Ait Ahmed et d\u2019estimer \u00ab qu\u2019il est aujourd\u2019hui&nbsp; ind\u00e9cent de pr\u00e9senter un document visant \u00e0 d\u00e9stabiliser notre unit\u00e9 et notre coh\u00e9sion sociale \u00e0 travers la m\u00eame tribune de cette organisation qui demeure oppos\u00e9e \u00e0 tous ceux qui s\u2019attaquent aux fondements de l\u2019Etat Nation \u00bb.<\/p>\n\n\n\n<p>Dans ce communiqu\u00e9 le FFS estime \u00e9galement \u00ab que de tels comportements n\u2019arrangent en rien les int\u00e9r\u00eats de notre r\u00e9gion du Maghreb encore moins ceux de ses peuples, ils visent bien au contraire \u00e0 servir les int\u00e9r\u00eats des forces n\u00e9ocoloniales&nbsp; et celles n\u00e9olib\u00e9rales avec tous leurs&nbsp; prolongements qui servent d\u2019appuis \u00e0 la mise en pratique de leurs agendas visant \u00e0 soumettre nos Etats Nations \u00bb.<\/p>\n\n\n\n<p><strong>Jil Jadid&nbsp;: L\u2019aveu du Makhzen<\/strong><\/p>\n\n\n\n<p>Pour sa part, Jil Jadid, a lui aussi condamn\u00e9 avec force la man\u0153uvre du Makhzen. \u00ab&nbsp;Aujourd&rsquo;hui, l&rsquo;attaque de l&rsquo;ambassadeur onusien du Maroc contre le peuple alg\u00e9rien, dans son unit\u00e9 et sa coh\u00e9sion nationale, prend l&rsquo;allure d&rsquo;un aveu officiel sur les man\u0153uvres sournoises que m\u00e8ne ce pays contre l&rsquo;Alg\u00e9rie&nbsp;\u00bb, a affirm\u00e9 le parti dans un communiqu\u00e9.<\/p>\n\n\n\n<p>Pour la formation de Soufiane Djilali, \u00ab\u00a0le plus inqui\u00e9tant dans cette affaire est que le Maroc semble \u00eatre d\u00e9finitivement entr\u00e9 dans une phase irr\u00e9versible dans son animosit\u00e9 et sera probablement port\u00e9 \u00e0 aggraver la situation\u00a0\u00bb, relevant que les relations entre l&rsquo;Alg\u00e9rie et le Maroc \u00ab\u00a0viennent de prendre une forme dangereuse apr\u00e8s l&rsquo;agression caract\u00e9ris\u00e9e de la diplomatie marocaine contre notre pays\u00a0\u00bb.Il a jug\u00e9, \u00e0 ce titre, que \u00ab\u00a0la d\u00e9rive marocaine dans le traitement des cons\u00e9quences de son aventure au Sahara Occidental, outrepasse largement les limites acceptables pour un voisinage pacifique entre deux pays dont les peuples auraient d\u00fb \u00eatre pourtant tr\u00e8s proches\u00a0\u00bb.Selon Jil Jadid, \u00ab\u00a0le +deal+ pass\u00e9 avec l&rsquo;ancien pr\u00e9sident des \u00c9tats-Unis consistant en la reconnaissance de la marocanit\u00e9 du Sahara occidental en contrepartie de l&rsquo;\u00e9tablissement des relations diplomatiques avec Isra\u00ebl montre \u00e0 quel point le Makhzen est pr\u00eat \u00e0 assumer des politiques extr\u00eames, qui menacent la paix dans la r\u00e9gion, pour atteindre son objectif\u00a0\u00bb.Il a estim\u00e9, dans ce contexte, que \u00ab\u00a0le pays doit se pr\u00e9parer \u00e0 affronter des menaces, d\u00e9sormais \u00e9videntes pour tous quant \u00e0 sa s\u00e9curit\u00e9, son unit\u00e9 et sa coh\u00e9sion interne\u00a0\u00bb, soulignant que \u00ab\u00a0c&rsquo;est maintenant aux autorit\u00e9s nationales de prendre les mesures politiques idoines et de communiquer clairement pour rassurer le peuple alg\u00e9rien sur son avenir\u00a0\u00bb.<\/p>\n\n\n\n<p><strong>Boubekeur Amrani<\/strong><\/p>\n","protected":false},"excerpt":{"rendered":"<p>La note distribu\u00e9e par le repr\u00e9sentant du Makhzen aux Nations unies au pays membres du Mouvement des Non-align\u00e9s, \u00e0 propos<\/p>\n","protected":false},"author":3,"featured_media":1740,"comment_status":"open","ping_status":"closed","sticky":false,"template":"","format":"standard","meta":{"colormag_page_container_layout":"default_layout","colormag_page_sidebar_layout":"default_layout","om_disable_all_campaigns":false,"_monsterinsights_skip_tracking":false,"_monsterinsights_sitenote_active":false,"_monsterinsights_sitenote_note":"","_monsterinsights_sitenote_category":0,"footnotes":"","_wpscppro_dont_share_socialmedia":false,"_wpscppro_custom_social_share_image":0,"_facebook_share_type":"","_twitter_share_type":"","_linkedin_share_type":"","_pinterest_share_type":"","_linkedin_share_type_page":"","_instagram_share_type":"","_medium_share_type":"","_threads_share_type":"","_google_business_share_type":"","_selected_social_profile":[],"_wpsp_enable_custom_social_template":false,"_wpsp_social_scheduling":{"enabled":false,"datetime":null,"platforms":[],"status":"template_only","dateOption":"today","timeOption":"now","customDays":"","customHours":"","customDate":"","customTime":"","schedulingType":"absolute"},"_wpsp_active_default_template":true},"categories":[52,27],"tags":[],"class_list":["post-1739","post","type-post","status-publish","format-standard","has-post-thumbnail","hentry","category-a-la-une","category-actualite"],"aioseo_notices":[],"yoast_head":"<!-- This site is optimized with the Yoast SEO plugin v27.5 - https:\/\/yoast.com\/product\/yoast-seo-wordpress\/ -->\n<title>Le FFS r\u00e9agit \u00e0 la d\u00e9rive du Makhzen : \u00abL\u2019unit\u00e9 de l\u2019Alg\u00e9rie est une ligne rouge\u00bb - La Sentinelle<\/title>\n<meta name=\"robots\" content=\"index, follow, max-snippet:-1, max-image-preview:large, max-video-preview:-1\" \/>\n<link rel=\"canonical\" href=\"https:\/\/lasentinelle.dz\/index.php\/2021\/07\/19\/le-ffs-reagit-a-la-derive-du-makhzen-lunite-de-lalgerie-est-une-ligne-rouge\/\" \/>\n<meta property=\"og:locale\" content=\"fr_FR\" \/>\n<meta property=\"og:type\" content=\"article\" \/>\n<meta property=\"og:title\" content=\"Le FFS r\u00e9agit \u00e0 la d\u00e9rive du Makhzen : \u00abL\u2019unit\u00e9 de l\u2019Alg\u00e9rie est une ligne rouge\u00bb - La Sentinelle\" \/>\n<meta property=\"og:description\" content=\"La note distribu\u00e9e par le repr\u00e9sentant du Makhzen aux Nations unies au pays membres du Mouvement des Non-align\u00e9s, \u00e0 propos\" \/>\n<meta property=\"og:url\" content=\"https:\/\/lasentinelle.dz\/index.php\/2021\/07\/19\/le-ffs-reagit-a-la-derive-du-makhzen-lunite-de-lalgerie-est-une-ligne-rouge\/\" \/>\n<meta property=\"og:site_name\" content=\"La Sentinelle\" \/>\n<meta property=\"article:publisher\" content=\"https:\/\/www.facebook.com\/La-Sentinelle-104059864394773\" \/>\n<meta property=\"article:published_time\" content=\"2021-07-18T23:01:00+00:00\" \/>\n<meta property=\"og:image\" content=\"https:\/\/lasentinelle.dz\/wp-content\/uploads\/2021\/07\/FFS-siege.png\" \/>\n\t<meta property=\"og:image:width\" content=\"1351\" \/>\n\t<meta property=\"og:image:height\" content=\"900\" \/>\n\t<meta property=\"og:image:type\" content=\"image\/png\" \/>\n<meta name=\"author\" content=\"La Sentinelle\" \/>\n<meta name=\"twitter:card\" content=\"summary_large_image\" \/>\n<meta name=\"twitter:label1\" content=\"\u00c9crit par\" \/>\n\t<meta name=\"twitter:data1\" content=\"La Sentinelle\" \/>\n\t<meta name=\"twitter:label2\" content=\"Dur\u00e9e de lecture estim\u00e9e\" \/>\n\t<meta name=\"twitter:data2\" content=\"4 minutes\" \/>\n<script type=\"application\/ld+json\" class=\"yoast-schema-graph\">{\"@context\":\"https:\\\/\\\/schema.org\",\"@graph\":[{\"@type\":\"Article\",\"@id\":\"https:\\\/\\\/lasentinelle.dz\\\/index.php\\\/2021\\\/07\\\/19\\\/le-ffs-reagit-a-la-derive-du-makhzen-lunite-de-lalgerie-est-une-ligne-rouge\\\/#article\",\"isPartOf\":{\"@id\":\"https:\\\/\\\/lasentinelle.dz\\\/index.php\\\/2021\\\/07\\\/19\\\/le-ffs-reagit-a-la-derive-du-makhzen-lunite-de-lalgerie-est-une-ligne-rouge\\\/\"},\"author\":{\"name\":\"La Sentinelle\",\"@id\":\"https:\\\/\\\/lasentinelle.dz\\\/#\\\/schema\\\/person\\\/d865044e22e70a75174ce8bcad3acfb3\"},\"headline\":\"Le FFS r\u00e9agit \u00e0 la d\u00e9rive du Makhzen : \u00abL\u2019unit\u00e9 de l\u2019Alg\u00e9rie est une ligne rouge\u00bb\",\"datePublished\":\"2021-07-18T23:01:00+00:00\",\"mainEntityOfPage\":{\"@id\":\"https:\\\/\\\/lasentinelle.dz\\\/index.php\\\/2021\\\/07\\\/19\\\/le-ffs-reagit-a-la-derive-du-makhzen-lunite-de-lalgerie-est-une-ligne-rouge\\\/\"},\"wordCount\":872,\"commentCount\":0,\"publisher\":{\"@id\":\"https:\\\/\\\/lasentinelle.dz\\\/#organization\"},\"image\":{\"@id\":\"https:\\\/\\\/lasentinelle.dz\\\/index.php\\\/2021\\\/07\\\/19\\\/le-ffs-reagit-a-la-derive-du-makhzen-lunite-de-lalgerie-est-une-ligne-rouge\\\/#primaryimage\"},\"thumbnailUrl\":\"https:\\\/\\\/lasentinelle.dz\\\/wp-content\\\/uploads\\\/2021\\\/07\\\/FFS-siege.png\",\"articleSection\":[\"\u00c0 la Une\",\"Actualit\u00e9\"],\"inLanguage\":\"fr-FR\",\"potentialAction\":[{\"@type\":\"CommentAction\",\"name\":\"Comment\",\"target\":[\"https:\\\/\\\/lasentinelle.dz\\\/index.php\\\/2021\\\/07\\\/19\\\/le-ffs-reagit-a-la-derive-du-makhzen-lunite-de-lalgerie-est-une-ligne-rouge\\\/#respond\"]}]},{\"@type\":\"WebPage\",\"@id\":\"https:\\\/\\\/lasentinelle.dz\\\/index.php\\\/2021\\\/07\\\/19\\\/le-ffs-reagit-a-la-derive-du-makhzen-lunite-de-lalgerie-est-une-ligne-rouge\\\/\",\"url\":\"https:\\\/\\\/lasentinelle.dz\\\/index.php\\\/2021\\\/07\\\/19\\\/le-ffs-reagit-a-la-derive-du-makhzen-lunite-de-lalgerie-est-une-ligne-rouge\\\/\",\"name\":\"Le FFS r\u00e9agit \u00e0 la d\u00e9rive du Makhzen : \u00abL\u2019unit\u00e9 de l\u2019Alg\u00e9rie est une ligne rouge\u00bb - La Sentinelle\",\"isPartOf\":{\"@id\":\"https:\\\/\\\/lasentinelle.dz\\\/#website\"},\"primaryImageOfPage\":{\"@id\":\"https:\\\/\\\/lasentinelle.dz\\\/index.php\\\/2021\\\/07\\\/19\\\/le-ffs-reagit-a-la-derive-du-makhzen-lunite-de-lalgerie-est-une-ligne-rouge\\\/#primaryimage\"},\"image\":{\"@id\":\"https:\\\/\\\/lasentinelle.dz\\\/index.php\\\/2021\\\/07\\\/19\\\/le-ffs-reagit-a-la-derive-du-makhzen-lunite-de-lalgerie-est-une-ligne-rouge\\\/#primaryimage\"},\"thumbnailUrl\":\"https:\\\/\\\/lasentinelle.dz\\\/wp-content\\\/uploads\\\/2021\\\/07\\\/FFS-siege.png\",\"datePublished\":\"2021-07-18T23:01:00+00:00\",\"breadcrumb\":{\"@id\":\"https:\\\/\\\/lasentinelle.dz\\\/index.php\\\/2021\\\/07\\\/19\\\/le-ffs-reagit-a-la-derive-du-makhzen-lunite-de-lalgerie-est-une-ligne-rouge\\\/#breadcrumb\"},\"inLanguage\":\"fr-FR\",\"potentialAction\":[{\"@type\":\"ReadAction\",\"target\":[\"https:\\\/\\\/lasentinelle.dz\\\/index.php\\\/2021\\\/07\\\/19\\\/le-ffs-reagit-a-la-derive-du-makhzen-lunite-de-lalgerie-est-une-ligne-rouge\\\/\"]}]},{\"@type\":\"ImageObject\",\"inLanguage\":\"fr-FR\",\"@id\":\"https:\\\/\\\/lasentinelle.dz\\\/index.php\\\/2021\\\/07\\\/19\\\/le-ffs-reagit-a-la-derive-du-makhzen-lunite-de-lalgerie-est-une-ligne-rouge\\\/#primaryimage\",\"url\":\"https:\\\/\\\/lasentinelle.dz\\\/wp-content\\\/uploads\\\/2021\\\/07\\\/FFS-siege.png\",\"contentUrl\":\"https:\\\/\\\/lasentinelle.dz\\\/wp-content\\\/uploads\\\/2021\\\/07\\\/FFS-siege.png\",\"width\":1351,\"height\":900},{\"@type\":\"BreadcrumbList\",\"@id\":\"https:\\\/\\\/lasentinelle.dz\\\/index.php\\\/2021\\\/07\\\/19\\\/le-ffs-reagit-a-la-derive-du-makhzen-lunite-de-lalgerie-est-une-ligne-rouge\\\/#breadcrumb\",\"itemListElement\":[{\"@type\":\"ListItem\",\"position\":1,\"name\":\"Accueil\",\"item\":\"https:\\\/\\\/lasentinelle.dz\\\/\"},{\"@type\":\"ListItem\",\"position\":2,\"name\":\"Le FFS r\u00e9agit \u00e0 la d\u00e9rive du Makhzen : \u00abL\u2019unit\u00e9 de l\u2019Alg\u00e9rie est une ligne rouge\u00bb\"}]},{\"@type\":\"WebSite\",\"@id\":\"https:\\\/\\\/lasentinelle.dz\\\/#website\",\"url\":\"https:\\\/\\\/lasentinelle.dz\\\/\",\"name\":\"La Sentinelle\",\"description\":\"Quotidien national d&#039;information\",\"publisher\":{\"@id\":\"https:\\\/\\\/lasentinelle.dz\\\/#organization\"},\"potentialAction\":[{\"@type\":\"SearchAction\",\"target\":{\"@type\":\"EntryPoint\",\"urlTemplate\":\"https:\\\/\\\/lasentinelle.dz\\\/?s={search_term_string}\"},\"query-input\":{\"@type\":\"PropertyValueSpecification\",\"valueRequired\":true,\"valueName\":\"search_term_string\"}}],\"inLanguage\":\"fr-FR\"},{\"@type\":\"Organization\",\"@id\":\"https:\\\/\\\/lasentinelle.dz\\\/#organization\",\"name\":\"Quotidien La Sentinelle\",\"url\":\"https:\\\/\\\/lasentinelle.dz\\\/\",\"logo\":{\"@type\":\"ImageObject\",\"inLanguage\":\"fr-FR\",\"@id\":\"https:\\\/\\\/lasentinelle.dz\\\/#\\\/schema\\\/logo\\\/image\\\/\",\"url\":\"https:\\\/\\\/lasentinelle.dz\\\/wp-content\\\/uploads\\\/2021\\\/09\\\/logo-sentinelleSLOGAN-1.png\",\"contentUrl\":\"https:\\\/\\\/lasentinelle.dz\\\/wp-content\\\/uploads\\\/2021\\\/09\\\/logo-sentinelleSLOGAN-1.png\",\"width\":615,\"height\":142,\"caption\":\"Quotidien La Sentinelle\"},\"image\":{\"@id\":\"https:\\\/\\\/lasentinelle.dz\\\/#\\\/schema\\\/logo\\\/image\\\/\"},\"sameAs\":[\"https:\\\/\\\/www.facebook.com\\\/La-Sentinelle-104059864394773\"]},{\"@type\":\"Person\",\"@id\":\"https:\\\/\\\/lasentinelle.dz\\\/#\\\/schema\\\/person\\\/d865044e22e70a75174ce8bcad3acfb3\",\"name\":\"La Sentinelle\",\"image\":{\"@type\":\"ImageObject\",\"inLanguage\":\"fr-FR\",\"@id\":\"https:\\\/\\\/secure.gravatar.com\\\/avatar\\\/57de8e5d4b15d43fb361a71fbb36338450fe67865b528a43dd10ef7c51a20392?s=96&d=mm&r=g\",\"url\":\"https:\\\/\\\/secure.gravatar.com\\\/avatar\\\/57de8e5d4b15d43fb361a71fbb36338450fe67865b528a43dd10ef7c51a20392?s=96&d=mm&r=g\",\"contentUrl\":\"https:\\\/\\\/secure.gravatar.com\\\/avatar\\\/57de8e5d4b15d43fb361a71fbb36338450fe67865b528a43dd10ef7c51a20392?s=96&d=mm&r=g\",\"caption\":\"La Sentinelle\"},\"sameAs\":[\"http:\\\/\\\/www.lasentinelle.dz\"],\"url\":\"https:\\\/\\\/lasentinelle.dz\\\/author\\\/redaction\\\/\"}]}<\/script>\n<!-- \/ Yoast SEO plugin. -->","yoast_head_json":{"title":"Le FFS r\u00e9agit \u00e0 la d\u00e9rive du Makhzen : \u00abL\u2019unit\u00e9 de l\u2019Alg\u00e9rie est une ligne rouge\u00bb - La Sentinelle","robots":{"index":"index","follow":"follow","max-snippet":"max-snippet:-1","max-image-preview":"max-image-preview:large","max-video-preview":"max-video-preview:-1"},"canonical":"https:\/\/lasentinelle.dz\/index.php\/2021\/07\/19\/le-ffs-reagit-a-la-derive-du-makhzen-lunite-de-lalgerie-est-une-ligne-rouge\/","og_locale":"fr_FR","og_type":"article","og_title":"Le FFS r\u00e9agit \u00e0 la d\u00e9rive du Makhzen : \u00abL\u2019unit\u00e9 de l\u2019Alg\u00e9rie est une ligne rouge\u00bb - La Sentinelle","og_description":"La note distribu\u00e9e par le repr\u00e9sentant du Makhzen aux Nations unies au pays membres du Mouvement des Non-align\u00e9s, \u00e0 propos","og_url":"https:\/\/lasentinelle.dz\/index.php\/2021\/07\/19\/le-ffs-reagit-a-la-derive-du-makhzen-lunite-de-lalgerie-est-une-ligne-rouge\/","og_site_name":"La Sentinelle","article_publisher":"https:\/\/www.facebook.com\/La-Sentinelle-104059864394773","article_published_time":"2021-07-18T23:01:00+00:00","og_image":[{"width":1351,"height":900,"url":"https:\/\/lasentinelle.dz\/wp-content\/uploads\/2021\/07\/FFS-siege.png","type":"image\/png"}],"author":"La Sentinelle","twitter_card":"summary_large_image","twitter_misc":{"\u00c9crit par":"La Sentinelle","Dur\u00e9e de lecture estim\u00e9e":"4 minutes"},"schema":{"@context":"https:\/\/schema.org","@graph":[{"@type":"Article","@id":"https:\/\/lasentinelle.dz\/index.php\/2021\/07\/19\/le-ffs-reagit-a-la-derive-du-makhzen-lunite-de-lalgerie-est-une-ligne-rouge\/#article","isPartOf":{"@id":"https:\/\/lasentinelle.dz\/index.php\/2021\/07\/19\/le-ffs-reagit-a-la-derive-du-makhzen-lunite-de-lalgerie-est-une-ligne-rouge\/"},"author":{"name":"La Sentinelle","@id":"https:\/\/lasentinelle.dz\/#\/schema\/person\/d865044e22e70a75174ce8bcad3acfb3"},"headline":"Le FFS r\u00e9agit \u00e0 la d\u00e9rive du Makhzen : \u00abL\u2019unit\u00e9 de l\u2019Alg\u00e9rie est une ligne rouge\u00bb","datePublished":"2021-07-18T23:01:00+00:00","mainEntityOfPage":{"@id":"https:\/\/lasentinelle.dz\/index.php\/2021\/07\/19\/le-ffs-reagit-a-la-derive-du-makhzen-lunite-de-lalgerie-est-une-ligne-rouge\/"},"wordCount":872,"commentCount":0,"publisher":{"@id":"https:\/\/lasentinelle.dz\/#organization"},"image":{"@id":"https:\/\/lasentinelle.dz\/index.php\/2021\/07\/19\/le-ffs-reagit-a-la-derive-du-makhzen-lunite-de-lalgerie-est-une-ligne-rouge\/#primaryimage"},"thumbnailUrl":"https:\/\/lasentinelle.dz\/wp-content\/uploads\/2021\/07\/FFS-siege.png","articleSection":["\u00c0 la Une","Actualit\u00e9"],"inLanguage":"fr-FR","potentialAction":[{"@type":"CommentAction","name":"Comment","target":["https:\/\/lasentinelle.dz\/index.php\/2021\/07\/19\/le-ffs-reagit-a-la-derive-du-makhzen-lunite-de-lalgerie-est-une-ligne-rouge\/#respond"]}]},{"@type":"WebPage","@id":"https:\/\/lasentinelle.dz\/index.php\/2021\/07\/19\/le-ffs-reagit-a-la-derive-du-makhzen-lunite-de-lalgerie-est-une-ligne-rouge\/","url":"https:\/\/lasentinelle.dz\/index.php\/2021\/07\/19\/le-ffs-reagit-a-la-derive-du-makhzen-lunite-de-lalgerie-est-une-ligne-rouge\/","name":"Le FFS r\u00e9agit \u00e0 la d\u00e9rive du Makhzen : \u00abL\u2019unit\u00e9 de l\u2019Alg\u00e9rie est une ligne rouge\u00bb - La Sentinelle","isPartOf":{"@id":"https:\/\/lasentinelle.dz\/#website"},"primaryImageOfPage":{"@id":"https:\/\/lasentinelle.dz\/index.php\/2021\/07\/19\/le-ffs-reagit-a-la-derive-du-makhzen-lunite-de-lalgerie-est-une-ligne-rouge\/#primaryimage"},"image":{"@id":"https:\/\/lasentinelle.dz\/index.php\/2021\/07\/19\/le-ffs-reagit-a-la-derive-du-makhzen-lunite-de-lalgerie-est-une-ligne-rouge\/#primaryimage"},"thumbnailUrl":"https:\/\/lasentinelle.dz\/wp-content\/uploads\/2021\/07\/FFS-siege.png","datePublished":"2021-07-18T23:01:00+00:00","breadcrumb":{"@id":"https:\/\/lasentinelle.dz\/index.php\/2021\/07\/19\/le-ffs-reagit-a-la-derive-du-makhzen-lunite-de-lalgerie-est-une-ligne-rouge\/#breadcrumb"},"inLanguage":"fr-FR","potentialAction":[{"@type":"ReadAction","target":["https:\/\/lasentinelle.dz\/index.php\/2021\/07\/19\/le-ffs-reagit-a-la-derive-du-makhzen-lunite-de-lalgerie-est-une-ligne-rouge\/"]}]},{"@type":"ImageObject","inLanguage":"fr-FR","@id":"https:\/\/lasentinelle.dz\/index.php\/2021\/07\/19\/le-ffs-reagit-a-la-derive-du-makhzen-lunite-de-lalgerie-est-une-ligne-rouge\/#primaryimage","url":"https:\/\/lasentinelle.dz\/wp-content\/uploads\/2021\/07\/FFS-siege.png","contentUrl":"https:\/\/lasentinelle.dz\/wp-content\/uploads\/2021\/07\/FFS-siege.png","width":1351,"height":900},{"@type":"BreadcrumbList","@id":"https:\/\/lasentinelle.dz\/index.php\/2021\/07\/19\/le-ffs-reagit-a-la-derive-du-makhzen-lunite-de-lalgerie-est-une-ligne-rouge\/#breadcrumb","itemListElement":[{"@type":"ListItem","position":1,"name":"Accueil","item":"https:\/\/lasentinelle.dz\/"},{"@type":"ListItem","position":2,"name":"Le FFS r\u00e9agit \u00e0 la d\u00e9rive du Makhzen : \u00abL\u2019unit\u00e9 de l\u2019Alg\u00e9rie est une ligne rouge\u00bb"}]},{"@type":"WebSite","@id":"https:\/\/lasentinelle.dz\/#website","url":"https:\/\/lasentinelle.dz\/","name":"La Sentinelle","description":"Quotidien national d&#039;information","publisher":{"@id":"https:\/\/lasentinelle.dz\/#organization"},"potentialAction":[{"@type":"SearchAction","target":{"@type":"EntryPoint","urlTemplate":"https:\/\/lasentinelle.dz\/?s={search_term_string}"},"query-input":{"@type":"PropertyValueSpecification","valueRequired":true,"valueName":"search_term_string"}}],"inLanguage":"fr-FR"},{"@type":"Organization","@id":"https:\/\/lasentinelle.dz\/#organization","name":"Quotidien La Sentinelle","url":"https:\/\/lasentinelle.dz\/","logo":{"@type":"ImageObject","inLanguage":"fr-FR","@id":"https:\/\/lasentinelle.dz\/#\/schema\/logo\/image\/","url":"https:\/\/lasentinelle.dz\/wp-content\/uploads\/2021\/09\/logo-sentinelleSLOGAN-1.png","contentUrl":"https:\/\/lasentinelle.dz\/wp-content\/uploads\/2021\/09\/logo-sentinelleSLOGAN-1.png","width":615,"height":142,"caption":"Quotidien La Sentinelle"},"image":{"@id":"https:\/\/lasentinelle.dz\/#\/schema\/logo\/image\/"},"sameAs":["https:\/\/www.facebook.com\/La-Sentinelle-104059864394773"]},{"@type":"Person","@id":"https:\/\/lasentinelle.dz\/#\/schema\/person\/d865044e22e70a75174ce8bcad3acfb3","name":"La Sentinelle","image":{"@type":"ImageObject","inLanguage":"fr-FR","@id":"https:\/\/secure.gravatar.com\/avatar\/57de8e5d4b15d43fb361a71fbb36338450fe67865b528a43dd10ef7c51a20392?s=96&d=mm&r=g","url":"https:\/\/secure.gravatar.com\/avatar\/57de8e5d4b15d43fb361a71fbb36338450fe67865b528a43dd10ef7c51a20392?s=96&d=mm&r=g","contentUrl":"https:\/\/secure.gravatar.com\/avatar\/57de8e5d4b15d43fb361a71fbb36338450fe67865b528a43dd10ef7c51a20392?s=96&d=mm&r=g","caption":"La Sentinelle"},"sameAs":["http:\/\/www.lasentinelle.dz"],"url":"https:\/\/lasentinelle.dz\/author\/redaction\/"}]}},"_links":{"self":[{"href":"https:\/\/lasentinelle.dz\/index.php\/wp-json\/wp\/v2\/posts\/1739","targetHints":{"allow":["GET"]}}],"collection":[{"href":"https:\/\/lasentinelle.dz\/index.php\/wp-json\/wp\/v2\/posts"}],"about":[{"href":"https:\/\/lasentinelle.dz\/index.php\/wp-json\/wp\/v2\/types\/post"}],"author":[{"embeddable":true,"href":"https:\/\/lasentinelle.dz\/index.php\/wp-json\/wp\/v2\/users\/3"}],"replies":[{"embeddable":true,"href":"https:\/\/lasentinelle.dz\/index.php\/wp-json\/wp\/v2\/comments?post=1739"}],"version-history":[{"count":1,"href":"https:\/\/lasentinelle.dz\/index.php\/wp-json\/wp\/v2\/posts\/1739\/revisions"}],"predecessor-version":[{"id":1741,"href":"https:\/\/lasentinelle.dz\/index.php\/wp-json\/wp\/v2\/posts\/1739\/revisions\/1741"}],"wp:featuredmedia":[{"embeddable":true,"href":"https:\/\/lasentinelle.dz\/index.php\/wp-json\/wp\/v2\/media\/1740"}],"wp:attachment":[{"href":"https:\/\/lasentinelle.dz\/index.php\/wp-json\/wp\/v2\/media?parent=1739"}],"wp:term":[{"taxonomy":"category","embeddable":true,"href":"https:\/\/lasentinelle.dz\/index.php\/wp-json\/wp\/v2\/categories?post=1739"},{"taxonomy":"post_tag","embeddable":true,"href":"https:\/\/lasentinelle.dz\/index.php\/wp-json\/wp\/v2\/tags?post=1739"}],"curies":[{"name":"wp","href":"https:\/\/api.w.org\/{rel}","templated":true}]}}