{"id":17445,"date":"2022-02-23T00:05:00","date_gmt":"2022-02-22T23:05:00","guid":{"rendered":"https:\/\/lasentinelle.dz\/?p=17445"},"modified":"2022-02-22T20:32:31","modified_gmt":"2022-02-22T19:32:31","slug":"6e-sommet-du-forum-des-pays-exportateurs-de-gaz-les-premices-dune-opep-du-gaz","status":"publish","type":"post","link":"https:\/\/lasentinelle.dz\/index.php\/2022\/02\/23\/6e-sommet-du-forum-des-pays-exportateurs-de-gaz-les-premices-dune-opep-du-gaz\/","title":{"rendered":"6e Sommet du Forum des pays exportateurs de gaz\u00a0:\u00a0Les pr\u00e9mices d\u2019une Opep du gaz ?"},"content":{"rendered":"\n<p>Le Forum des pays exportateurs de gaz va-t-il op\u00e9rer une mue afin de devenir une Opep du gaz ? Tout semble l\u2019indiquer. Hier, \u00e0 Doha les membres du Forum ont affich\u00e9 des positions communes sur les questions gazi\u00e8res, \u00e9conomiques et g\u00e9opolitiques. Au regard des crises pass\u00e9es et du contexte actuel, ils plaident pour le renforcement du dialogue et des r\u00e8gles plus justes afin de garantir un approvisionnement \u00ab fiable \u00bb du march\u00e9 gazier.&nbsp;<\/p>\n\n\n\n<p>Le 6e Sommet du Forum des pays exportateurs de gaz (GECF) s\u2019est tenu, hier \u00e0 Doha, dans un contexte exceptionnel marqu\u00e9 par des tensions sur le march\u00e9 du gaz exacerb\u00e9es par la crise ukrainienne.&nbsp;<\/p>\n\n\n\n<p>On s\u2019y attendait, le Sommet du GECF a \u00e9t\u00e9 \u00e9minemment g\u00e9opolitique. Et si le d\u00e9bat avait \u00e9t\u00e9 orient\u00e9, sciemment, ces derniers jours sur les possibilit\u00e9s qu\u2019ont les pays exportateurs de gaz \u00e0 constituer une alternative au gaz russe, les membres du Forum ont d\u00e9cid\u00e9 de se pr\u00e9senter en front uni et parler d\u2019une seule voix au nom des producteurs traditionnels de gaz et d\u00e9fendre leurs int\u00e9r\u00eats face aux consommateurs. D\u2019autant que le contexte s\u2019y pr\u00eate, car le vent a tourn\u00e9 sur le march\u00e9 gazier en faveur des exportateurs de gaz qui ont aujourd\u2019hui l\u2019opportunit\u00e9 d\u2019imposer des r\u00e8gles plus justes, non seulement sur le march\u00e9 gazier, mais aussi en mati\u00e8re de d\u00e9veloppement durable, de changement climatique, mais aussi et surtout sur le plan g\u00e9opolitique. La d\u00e9claration finale du GECF l\u2019a d\u2019ailleurs soulign\u00e9 sans ambages, les pays membres expriment leur \u00ab profonde pr\u00e9occupation \u00bb et leur \u00ab d\u00e9saccord \u00bb concernant \u00ab les restrictions unilat\u00e9rales entreprises sans l&rsquo;approbation du Conseil de s\u00e9curit\u00e9 de l&rsquo;ONU contre des pays membres qui affectent n\u00e9gativement le d\u00e9veloppement et le commerce du gaz naturel \u00bb, ainsi que \u00ab l&rsquo;application extraterritoriale des lois et r\u00e9glementations nationales \u00bb contre des pays membres. Il est difficile de ne pas y voir une r\u00e9f\u00e9rence aux sanctions \u00e9conomiques impos\u00e9es \u00e0 certains pays \u00e0 l\u2019image de la Russie ou encore de l\u2019Iran. Ils ont fait part \u00e9galement de leur \u00ab pr\u00e9occupation face \u00e0 l&rsquo;utilisation de l&rsquo;agenda climatique pour perp\u00e9tuer les in\u00e9galit\u00e9s, l&rsquo;introduction de pratiques discriminatoires et l&rsquo;incitation \u00e0 des mesures protectionnistes en violation directe des r\u00e8gles du commerce mondial \u00bb.<\/p>\n\n\n\n<p>Les pays du Forum ont \u00e9galement plaid\u00e9 pour des r\u00e8gles plus justes sur le march\u00e9 gazier, l&rsquo;importance des contrats \u00e0 long terme pour le gaz et le GNL et des prix \u00e9quitables et stables pour soutenir la poursuite des investissements dans l&rsquo;industrie mondiale vitale du gaz, seul moyen de garantir des approvisionnements \u00ab fiables \u00bb. Car, il faut le souligner, le recours aux march\u00e9s spots et les pressions exerc\u00e9es par les consommateurs sur les pays producteurs au plus haut de la pand\u00e9mie qui ont pouss\u00e9 les prix du gaz en zone n\u00e9gative a lourdement affect\u00e9 les plans d\u2019investissement dans l\u2019industrie gazi\u00e8re, r\u00e9duisant les capacit\u00e9s de ces derniers \u00e0 r\u00e9pondre \u00e0 la hausse actuelle de la demande. Et cela, le Forum a tenu \u00e0 le souligner. C\u2019est dans ce contexte que les pays du GECF ont soulign\u00e9 \u00ab l&rsquo;importance de la coordination et de la coop\u00e9ration au sein et entre les pays membres, et du dialogue entre les producteurs, les consommateurs et les autres parties prenantes concern\u00e9es, pour la promotion de la coop\u00e9ration internationale visant \u00e0 assurer la viabilit\u00e9 et la durabilit\u00e9 des march\u00e9s du gaz \u00bb.<\/p>\n\n\n\n<p><strong>Mobiliser plus de producteurs<\/strong><\/p>\n\n\n\n<p>Ainsi, et 20 ans apr\u00e8s sa cr\u00e9ation le Forum des pays exportateurs de gaz se rapproche d\u2019une Opep du gaz capable d\u2019\u00e9laborer une vision commune pour s\u00e9curiser les approvisionnements.&nbsp;&nbsp;Un forum qui devra mobiliser davantage de producteurs de gaz pour relever les d\u00e9fis de l\u2019heure. C\u2019est dans ce contexte justement que le pr\u00e9sident de la R\u00e9publique, Abdelmadjid Tebboune, a appel\u00e9, dans son allocution durant le Sommet du GECF, \u00e0 mobiliser davantage d&rsquo;acteurs \u00e0 travers l&rsquo;adh\u00e9sion de nouveaux producteurs de gaz au Forum. Abdelmadjid Tebboune a rappel\u00e9 que le GECF \u00ab est aujourd&rsquo;hui une organisation gouvernementale internationale reconnue, capable d&rsquo;attirer l&rsquo;attention sur de nombreuses questions prioritaires \u00bb. En t\u00eate de ces priorit\u00e9s, le Pr\u00e9sident de la R\u00e9publique a mis en avant la \u00ab mobilisation davantage d&rsquo;acteurs convaincus de l&rsquo;importance du gaz naturel pour relever les d\u00e9fis actuels et futurs par l&rsquo;adh\u00e9sion de nouveaux Etats exportateurs et producteurs de gaz naturel, renforcer leur r\u00f4le et pr\u00e9server leurs int\u00e9r\u00eats \u00e0 travers le dialogue avec les Etats consommateurs qui exploitent le gaz comme moteur essentiel pour d\u00e9velopper leurs \u00e9conomies \u00bb.&nbsp;<\/p>\n\n\n\n<p>\u00ab En tant que membre fondateur de l\u2019organisation, l\u2019Alg\u00e9rie a su d\u00e9montrer l\u2019importance du gaz naturel en tant que facteur de d\u00e9veloppement durable, comme l\u2019indique la d\u00e9claration de Doha de 2011 \u00bb, rappelle le Pr\u00e9sident Tebboune qui pr\u00e9cise que \u00ab le r\u00f4le positif du gaz naturel s\u2019est confirm\u00e9 durant la pand\u00e9mie de Covid-19 \u00bb.<\/p>\n\n\n\n<p><strong>L\u2019Alg\u00e9rie, un fournisseur fiable<\/strong><\/p>\n\n\n\n<p>Le Pr\u00e9sident Tebboune a soulign\u00e9 que \u201cl&rsquo;Alg\u00e9rie, en sa qualit\u00e9 de membre fondateur du forum, n&rsquo;a eu de cesse de souligner l&rsquo;importance du gaz dans le d\u00e9veloppement durable, qui s&rsquo;est confirm\u00e9e, a-t-il pr\u00e9cis\u00e9, lors de la crise sanitaire induite par la pand\u00e9mie (Covid-19) o\u00f9 le monde entier a recouru \u00e0 cette ressource pour satisfaire ses besoins \u00e9nerg\u00e9tiques\u00a0\u00bb.<\/p>\n\n\n\n<p>Abdelmadjid Tebboune a \u00e9galement rappel\u00e9 que l&rsquo;Alg\u00e9rie est \u00ab pionni\u00e8re dans le d\u00e9veloppement et la valorisation du gaz naturel \u00bb, et \u00e0 la t\u00eate du progr\u00e8s r\u00e9alis\u00e9 dans l&rsquo;industrie du gaz naturel liqu\u00e9fi\u00e9 (GNL). Elle tend \u00e0 poursuivre le d\u00e9veloppement de ses ressources \u00ab\u00a0importantes\u00a0\u00bb de gaz naturel \u00ab\u00a0au mieux des int\u00e9r\u00eats de notre peuple et de la meilleure mani\u00e8re qui soit dans le cadre de la coop\u00e9ration et du partenariat, en veillant \u00e0 pr\u00e9server l&rsquo;environnement\u00a0\u00bb, a ajout\u00e9 le pr\u00e9sident de la R\u00e9publique. Il a dans ce sens soulign\u00e9 que l\u2019Alg\u00e9rie est un fournisseur fiable de gaz et compte le rester. \u00ab Mon pays est reconnu pour \u00eatre un distributeur et un fournisseur fiable de gaz naturel depuis plus d&rsquo;un demi-si\u00e8cle et il compte le rester \u00bb, a-t-il soulign\u00e9.&nbsp;&nbsp;<\/p>\n\n\n\n<p><strong>Samira Ghrib<\/strong><\/p>\n","protected":false},"excerpt":{"rendered":"<p>Le Forum des pays exportateurs de gaz va-t-il op\u00e9rer une mue afin de devenir une Opep du gaz ? Tout<\/p>\n","protected":false},"author":3,"featured_media":17446,"comment_status":"open","ping_status":"closed","sticky":false,"template":"","format":"standard","meta":{"colormag_page_container_layout":"default_layout","colormag_page_sidebar_layout":"default_layout","om_disable_all_campaigns":false,"_monsterinsights_skip_tracking":false,"_monsterinsights_sitenote_active":false,"_monsterinsights_sitenote_note":"","_monsterinsights_sitenote_category":0,"footnotes":"","_wpscppro_dont_share_socialmedia":false,"_wpscppro_custom_social_share_image":0,"_facebook_share_type":"","_twitter_share_type":"","_linkedin_share_type":"","_pinterest_share_type":"","_linkedin_share_type_page":"","_instagram_share_type":"","_medium_share_type":"","_threads_share_type":"","_google_business_share_type":"","_selected_social_profile":[],"_wpsp_enable_custom_social_template":false,"_wpsp_social_scheduling":{"enabled":false,"datetime":null,"platforms":[],"status":"template_only","dateOption":"today","timeOption":"now","customDays":"","customHours":"","customDate":"","customTime":"","schedulingType":"absolute"},"_wpsp_active_default_template":true},"categories":[52,27],"tags":[],"class_list":["post-17445","post","type-post","status-publish","format-standard","has-post-thumbnail","hentry","category-a-la-une","category-actualite"],"aioseo_notices":[],"yoast_head":"<!-- This site is optimized with the Yoast SEO plugin v27.5 - https:\/\/yoast.com\/product\/yoast-seo-wordpress\/ -->\n<title>6e Sommet du Forum des pays exportateurs de gaz\u00a0:\u00a0Les pr\u00e9mices d\u2019une Opep du gaz ? - La Sentinelle<\/title>\n<meta name=\"robots\" content=\"index, follow, max-snippet:-1, max-image-preview:large, max-video-preview:-1\" \/>\n<link rel=\"canonical\" href=\"https:\/\/lasentinelle.dz\/index.php\/2022\/02\/23\/6e-sommet-du-forum-des-pays-exportateurs-de-gaz-les-premices-dune-opep-du-gaz\/\" \/>\n<meta property=\"og:locale\" content=\"fr_FR\" \/>\n<meta property=\"og:type\" content=\"article\" \/>\n<meta property=\"og:title\" content=\"6e Sommet du Forum des pays exportateurs de gaz\u00a0:\u00a0Les pr\u00e9mices d\u2019une Opep du gaz ? - La Sentinelle\" \/>\n<meta property=\"og:description\" content=\"Le Forum des pays exportateurs de gaz va-t-il op\u00e9rer une mue afin de devenir une Opep du gaz ? Tout\" \/>\n<meta property=\"og:url\" content=\"https:\/\/lasentinelle.dz\/index.php\/2022\/02\/23\/6e-sommet-du-forum-des-pays-exportateurs-de-gaz-les-premices-dune-opep-du-gaz\/\" \/>\n<meta property=\"og:site_name\" content=\"La Sentinelle\" \/>\n<meta property=\"article:publisher\" content=\"https:\/\/www.facebook.com\/La-Sentinelle-104059864394773\" \/>\n<meta property=\"article:published_time\" content=\"2022-02-22T23:05:00+00:00\" \/>\n<meta property=\"og:image\" content=\"https:\/\/lasentinelle.dz\/wp-content\/uploads\/2022\/02\/Gaz.png\" \/>\n\t<meta property=\"og:image:width\" content=\"1470\" \/>\n\t<meta property=\"og:image:height\" content=\"900\" \/>\n\t<meta property=\"og:image:type\" content=\"image\/png\" \/>\n<meta name=\"author\" content=\"La Sentinelle\" \/>\n<meta name=\"twitter:card\" content=\"summary_large_image\" \/>\n<meta name=\"twitter:label1\" content=\"\u00c9crit par\" \/>\n\t<meta name=\"twitter:data1\" content=\"La Sentinelle\" \/>\n\t<meta name=\"twitter:label2\" content=\"Dur\u00e9e de lecture estim\u00e9e\" \/>\n\t<meta name=\"twitter:data2\" content=\"5 minutes\" \/>\n<script type=\"application\/ld+json\" class=\"yoast-schema-graph\">{\"@context\":\"https:\\\/\\\/schema.org\",\"@graph\":[{\"@type\":\"Article\",\"@id\":\"https:\\\/\\\/lasentinelle.dz\\\/index.php\\\/2022\\\/02\\\/23\\\/6e-sommet-du-forum-des-pays-exportateurs-de-gaz-les-premices-dune-opep-du-gaz\\\/#article\",\"isPartOf\":{\"@id\":\"https:\\\/\\\/lasentinelle.dz\\\/index.php\\\/2022\\\/02\\\/23\\\/6e-sommet-du-forum-des-pays-exportateurs-de-gaz-les-premices-dune-opep-du-gaz\\\/\"},\"author\":{\"name\":\"La Sentinelle\",\"@id\":\"https:\\\/\\\/lasentinelle.dz\\\/#\\\/schema\\\/person\\\/d865044e22e70a75174ce8bcad3acfb3\"},\"headline\":\"6e Sommet du Forum des pays exportateurs de gaz\u00a0:\u00a0Les pr\u00e9mices d\u2019une Opep du gaz ?\",\"datePublished\":\"2022-02-22T23:05:00+00:00\",\"mainEntityOfPage\":{\"@id\":\"https:\\\/\\\/lasentinelle.dz\\\/index.php\\\/2022\\\/02\\\/23\\\/6e-sommet-du-forum-des-pays-exportateurs-de-gaz-les-premices-dune-opep-du-gaz\\\/\"},\"wordCount\":1101,\"commentCount\":0,\"publisher\":{\"@id\":\"https:\\\/\\\/lasentinelle.dz\\\/#organization\"},\"image\":{\"@id\":\"https:\\\/\\\/lasentinelle.dz\\\/index.php\\\/2022\\\/02\\\/23\\\/6e-sommet-du-forum-des-pays-exportateurs-de-gaz-les-premices-dune-opep-du-gaz\\\/#primaryimage\"},\"thumbnailUrl\":\"https:\\\/\\\/lasentinelle.dz\\\/wp-content\\\/uploads\\\/2022\\\/02\\\/Gaz.png\",\"articleSection\":[\"\u00c0 la Une\",\"Actualit\u00e9\"],\"inLanguage\":\"fr-FR\",\"potentialAction\":[{\"@type\":\"CommentAction\",\"name\":\"Comment\",\"target\":[\"https:\\\/\\\/lasentinelle.dz\\\/index.php\\\/2022\\\/02\\\/23\\\/6e-sommet-du-forum-des-pays-exportateurs-de-gaz-les-premices-dune-opep-du-gaz\\\/#respond\"]}]},{\"@type\":\"WebPage\",\"@id\":\"https:\\\/\\\/lasentinelle.dz\\\/index.php\\\/2022\\\/02\\\/23\\\/6e-sommet-du-forum-des-pays-exportateurs-de-gaz-les-premices-dune-opep-du-gaz\\\/\",\"url\":\"https:\\\/\\\/lasentinelle.dz\\\/index.php\\\/2022\\\/02\\\/23\\\/6e-sommet-du-forum-des-pays-exportateurs-de-gaz-les-premices-dune-opep-du-gaz\\\/\",\"name\":\"6e Sommet du Forum des pays exportateurs de gaz\u00a0:\u00a0Les pr\u00e9mices d\u2019une Opep du gaz ? - La Sentinelle\",\"isPartOf\":{\"@id\":\"https:\\\/\\\/lasentinelle.dz\\\/#website\"},\"primaryImageOfPage\":{\"@id\":\"https:\\\/\\\/lasentinelle.dz\\\/index.php\\\/2022\\\/02\\\/23\\\/6e-sommet-du-forum-des-pays-exportateurs-de-gaz-les-premices-dune-opep-du-gaz\\\/#primaryimage\"},\"image\":{\"@id\":\"https:\\\/\\\/lasentinelle.dz\\\/index.php\\\/2022\\\/02\\\/23\\\/6e-sommet-du-forum-des-pays-exportateurs-de-gaz-les-premices-dune-opep-du-gaz\\\/#primaryimage\"},\"thumbnailUrl\":\"https:\\\/\\\/lasentinelle.dz\\\/wp-content\\\/uploads\\\/2022\\\/02\\\/Gaz.png\",\"datePublished\":\"2022-02-22T23:05:00+00:00\",\"breadcrumb\":{\"@id\":\"https:\\\/\\\/lasentinelle.dz\\\/index.php\\\/2022\\\/02\\\/23\\\/6e-sommet-du-forum-des-pays-exportateurs-de-gaz-les-premices-dune-opep-du-gaz\\\/#breadcrumb\"},\"inLanguage\":\"fr-FR\",\"potentialAction\":[{\"@type\":\"ReadAction\",\"target\":[\"https:\\\/\\\/lasentinelle.dz\\\/index.php\\\/2022\\\/02\\\/23\\\/6e-sommet-du-forum-des-pays-exportateurs-de-gaz-les-premices-dune-opep-du-gaz\\\/\"]}]},{\"@type\":\"ImageObject\",\"inLanguage\":\"fr-FR\",\"@id\":\"https:\\\/\\\/lasentinelle.dz\\\/index.php\\\/2022\\\/02\\\/23\\\/6e-sommet-du-forum-des-pays-exportateurs-de-gaz-les-premices-dune-opep-du-gaz\\\/#primaryimage\",\"url\":\"https:\\\/\\\/lasentinelle.dz\\\/wp-content\\\/uploads\\\/2022\\\/02\\\/Gaz.png\",\"contentUrl\":\"https:\\\/\\\/lasentinelle.dz\\\/wp-content\\\/uploads\\\/2022\\\/02\\\/Gaz.png\",\"width\":1470,\"height\":900},{\"@type\":\"BreadcrumbList\",\"@id\":\"https:\\\/\\\/lasentinelle.dz\\\/index.php\\\/2022\\\/02\\\/23\\\/6e-sommet-du-forum-des-pays-exportateurs-de-gaz-les-premices-dune-opep-du-gaz\\\/#breadcrumb\",\"itemListElement\":[{\"@type\":\"ListItem\",\"position\":1,\"name\":\"Accueil\",\"item\":\"https:\\\/\\\/lasentinelle.dz\\\/\"},{\"@type\":\"ListItem\",\"position\":2,\"name\":\"6e Sommet du Forum des pays exportateurs de gaz\u00a0:\u00a0Les pr\u00e9mices d\u2019une Opep du gaz ?\"}]},{\"@type\":\"WebSite\",\"@id\":\"https:\\\/\\\/lasentinelle.dz\\\/#website\",\"url\":\"https:\\\/\\\/lasentinelle.dz\\\/\",\"name\":\"La Sentinelle\",\"description\":\"Quotidien national d&#039;information\",\"publisher\":{\"@id\":\"https:\\\/\\\/lasentinelle.dz\\\/#organization\"},\"potentialAction\":[{\"@type\":\"SearchAction\",\"target\":{\"@type\":\"EntryPoint\",\"urlTemplate\":\"https:\\\/\\\/lasentinelle.dz\\\/?s={search_term_string}\"},\"query-input\":{\"@type\":\"PropertyValueSpecification\",\"valueRequired\":true,\"valueName\":\"search_term_string\"}}],\"inLanguage\":\"fr-FR\"},{\"@type\":\"Organization\",\"@id\":\"https:\\\/\\\/lasentinelle.dz\\\/#organization\",\"name\":\"Quotidien La Sentinelle\",\"url\":\"https:\\\/\\\/lasentinelle.dz\\\/\",\"logo\":{\"@type\":\"ImageObject\",\"inLanguage\":\"fr-FR\",\"@id\":\"https:\\\/\\\/lasentinelle.dz\\\/#\\\/schema\\\/logo\\\/image\\\/\",\"url\":\"https:\\\/\\\/lasentinelle.dz\\\/wp-content\\\/uploads\\\/2021\\\/09\\\/logo-sentinelleSLOGAN-1.png\",\"contentUrl\":\"https:\\\/\\\/lasentinelle.dz\\\/wp-content\\\/uploads\\\/2021\\\/09\\\/logo-sentinelleSLOGAN-1.png\",\"width\":615,\"height\":142,\"caption\":\"Quotidien La Sentinelle\"},\"image\":{\"@id\":\"https:\\\/\\\/lasentinelle.dz\\\/#\\\/schema\\\/logo\\\/image\\\/\"},\"sameAs\":[\"https:\\\/\\\/www.facebook.com\\\/La-Sentinelle-104059864394773\"]},{\"@type\":\"Person\",\"@id\":\"https:\\\/\\\/lasentinelle.dz\\\/#\\\/schema\\\/person\\\/d865044e22e70a75174ce8bcad3acfb3\",\"name\":\"La Sentinelle\",\"image\":{\"@type\":\"ImageObject\",\"inLanguage\":\"fr-FR\",\"@id\":\"https:\\\/\\\/secure.gravatar.com\\\/avatar\\\/57de8e5d4b15d43fb361a71fbb36338450fe67865b528a43dd10ef7c51a20392?s=96&d=mm&r=g\",\"url\":\"https:\\\/\\\/secure.gravatar.com\\\/avatar\\\/57de8e5d4b15d43fb361a71fbb36338450fe67865b528a43dd10ef7c51a20392?s=96&d=mm&r=g\",\"contentUrl\":\"https:\\\/\\\/secure.gravatar.com\\\/avatar\\\/57de8e5d4b15d43fb361a71fbb36338450fe67865b528a43dd10ef7c51a20392?s=96&d=mm&r=g\",\"caption\":\"La Sentinelle\"},\"sameAs\":[\"http:\\\/\\\/www.lasentinelle.dz\"],\"url\":\"https:\\\/\\\/lasentinelle.dz\\\/author\\\/redaction\\\/\"}]}<\/script>\n<!-- \/ Yoast SEO plugin. -->","yoast_head_json":{"title":"6e Sommet du Forum des pays exportateurs de gaz\u00a0:\u00a0Les pr\u00e9mices d\u2019une Opep du gaz ? - La Sentinelle","robots":{"index":"index","follow":"follow","max-snippet":"max-snippet:-1","max-image-preview":"max-image-preview:large","max-video-preview":"max-video-preview:-1"},"canonical":"https:\/\/lasentinelle.dz\/index.php\/2022\/02\/23\/6e-sommet-du-forum-des-pays-exportateurs-de-gaz-les-premices-dune-opep-du-gaz\/","og_locale":"fr_FR","og_type":"article","og_title":"6e Sommet du Forum des pays exportateurs de gaz\u00a0:\u00a0Les pr\u00e9mices d\u2019une Opep du gaz ? - La Sentinelle","og_description":"Le Forum des pays exportateurs de gaz va-t-il op\u00e9rer une mue afin de devenir une Opep du gaz ? Tout","og_url":"https:\/\/lasentinelle.dz\/index.php\/2022\/02\/23\/6e-sommet-du-forum-des-pays-exportateurs-de-gaz-les-premices-dune-opep-du-gaz\/","og_site_name":"La Sentinelle","article_publisher":"https:\/\/www.facebook.com\/La-Sentinelle-104059864394773","article_published_time":"2022-02-22T23:05:00+00:00","og_image":[{"width":1470,"height":900,"url":"https:\/\/lasentinelle.dz\/wp-content\/uploads\/2022\/02\/Gaz.png","type":"image\/png"}],"author":"La Sentinelle","twitter_card":"summary_large_image","twitter_misc":{"\u00c9crit par":"La Sentinelle","Dur\u00e9e de lecture estim\u00e9e":"5 minutes"},"schema":{"@context":"https:\/\/schema.org","@graph":[{"@type":"Article","@id":"https:\/\/lasentinelle.dz\/index.php\/2022\/02\/23\/6e-sommet-du-forum-des-pays-exportateurs-de-gaz-les-premices-dune-opep-du-gaz\/#article","isPartOf":{"@id":"https:\/\/lasentinelle.dz\/index.php\/2022\/02\/23\/6e-sommet-du-forum-des-pays-exportateurs-de-gaz-les-premices-dune-opep-du-gaz\/"},"author":{"name":"La Sentinelle","@id":"https:\/\/lasentinelle.dz\/#\/schema\/person\/d865044e22e70a75174ce8bcad3acfb3"},"headline":"6e Sommet du Forum des pays exportateurs de gaz\u00a0:\u00a0Les pr\u00e9mices d\u2019une Opep du gaz ?","datePublished":"2022-02-22T23:05:00+00:00","mainEntityOfPage":{"@id":"https:\/\/lasentinelle.dz\/index.php\/2022\/02\/23\/6e-sommet-du-forum-des-pays-exportateurs-de-gaz-les-premices-dune-opep-du-gaz\/"},"wordCount":1101,"commentCount":0,"publisher":{"@id":"https:\/\/lasentinelle.dz\/#organization"},"image":{"@id":"https:\/\/lasentinelle.dz\/index.php\/2022\/02\/23\/6e-sommet-du-forum-des-pays-exportateurs-de-gaz-les-premices-dune-opep-du-gaz\/#primaryimage"},"thumbnailUrl":"https:\/\/lasentinelle.dz\/wp-content\/uploads\/2022\/02\/Gaz.png","articleSection":["\u00c0 la Une","Actualit\u00e9"],"inLanguage":"fr-FR","potentialAction":[{"@type":"CommentAction","name":"Comment","target":["https:\/\/lasentinelle.dz\/index.php\/2022\/02\/23\/6e-sommet-du-forum-des-pays-exportateurs-de-gaz-les-premices-dune-opep-du-gaz\/#respond"]}]},{"@type":"WebPage","@id":"https:\/\/lasentinelle.dz\/index.php\/2022\/02\/23\/6e-sommet-du-forum-des-pays-exportateurs-de-gaz-les-premices-dune-opep-du-gaz\/","url":"https:\/\/lasentinelle.dz\/index.php\/2022\/02\/23\/6e-sommet-du-forum-des-pays-exportateurs-de-gaz-les-premices-dune-opep-du-gaz\/","name":"6e Sommet du Forum des pays exportateurs de gaz\u00a0:\u00a0Les pr\u00e9mices d\u2019une Opep du gaz ? - La Sentinelle","isPartOf":{"@id":"https:\/\/lasentinelle.dz\/#website"},"primaryImageOfPage":{"@id":"https:\/\/lasentinelle.dz\/index.php\/2022\/02\/23\/6e-sommet-du-forum-des-pays-exportateurs-de-gaz-les-premices-dune-opep-du-gaz\/#primaryimage"},"image":{"@id":"https:\/\/lasentinelle.dz\/index.php\/2022\/02\/23\/6e-sommet-du-forum-des-pays-exportateurs-de-gaz-les-premices-dune-opep-du-gaz\/#primaryimage"},"thumbnailUrl":"https:\/\/lasentinelle.dz\/wp-content\/uploads\/2022\/02\/Gaz.png","datePublished":"2022-02-22T23:05:00+00:00","breadcrumb":{"@id":"https:\/\/lasentinelle.dz\/index.php\/2022\/02\/23\/6e-sommet-du-forum-des-pays-exportateurs-de-gaz-les-premices-dune-opep-du-gaz\/#breadcrumb"},"inLanguage":"fr-FR","potentialAction":[{"@type":"ReadAction","target":["https:\/\/lasentinelle.dz\/index.php\/2022\/02\/23\/6e-sommet-du-forum-des-pays-exportateurs-de-gaz-les-premices-dune-opep-du-gaz\/"]}]},{"@type":"ImageObject","inLanguage":"fr-FR","@id":"https:\/\/lasentinelle.dz\/index.php\/2022\/02\/23\/6e-sommet-du-forum-des-pays-exportateurs-de-gaz-les-premices-dune-opep-du-gaz\/#primaryimage","url":"https:\/\/lasentinelle.dz\/wp-content\/uploads\/2022\/02\/Gaz.png","contentUrl":"https:\/\/lasentinelle.dz\/wp-content\/uploads\/2022\/02\/Gaz.png","width":1470,"height":900},{"@type":"BreadcrumbList","@id":"https:\/\/lasentinelle.dz\/index.php\/2022\/02\/23\/6e-sommet-du-forum-des-pays-exportateurs-de-gaz-les-premices-dune-opep-du-gaz\/#breadcrumb","itemListElement":[{"@type":"ListItem","position":1,"name":"Accueil","item":"https:\/\/lasentinelle.dz\/"},{"@type":"ListItem","position":2,"name":"6e Sommet du Forum des pays exportateurs de gaz\u00a0:\u00a0Les pr\u00e9mices d\u2019une Opep du gaz ?"}]},{"@type":"WebSite","@id":"https:\/\/lasentinelle.dz\/#website","url":"https:\/\/lasentinelle.dz\/","name":"La Sentinelle","description":"Quotidien national d&#039;information","publisher":{"@id":"https:\/\/lasentinelle.dz\/#organization"},"potentialAction":[{"@type":"SearchAction","target":{"@type":"EntryPoint","urlTemplate":"https:\/\/lasentinelle.dz\/?s={search_term_string}"},"query-input":{"@type":"PropertyValueSpecification","valueRequired":true,"valueName":"search_term_string"}}],"inLanguage":"fr-FR"},{"@type":"Organization","@id":"https:\/\/lasentinelle.dz\/#organization","name":"Quotidien La Sentinelle","url":"https:\/\/lasentinelle.dz\/","logo":{"@type":"ImageObject","inLanguage":"fr-FR","@id":"https:\/\/lasentinelle.dz\/#\/schema\/logo\/image\/","url":"https:\/\/lasentinelle.dz\/wp-content\/uploads\/2021\/09\/logo-sentinelleSLOGAN-1.png","contentUrl":"https:\/\/lasentinelle.dz\/wp-content\/uploads\/2021\/09\/logo-sentinelleSLOGAN-1.png","width":615,"height":142,"caption":"Quotidien La Sentinelle"},"image":{"@id":"https:\/\/lasentinelle.dz\/#\/schema\/logo\/image\/"},"sameAs":["https:\/\/www.facebook.com\/La-Sentinelle-104059864394773"]},{"@type":"Person","@id":"https:\/\/lasentinelle.dz\/#\/schema\/person\/d865044e22e70a75174ce8bcad3acfb3","name":"La Sentinelle","image":{"@type":"ImageObject","inLanguage":"fr-FR","@id":"https:\/\/secure.gravatar.com\/avatar\/57de8e5d4b15d43fb361a71fbb36338450fe67865b528a43dd10ef7c51a20392?s=96&d=mm&r=g","url":"https:\/\/secure.gravatar.com\/avatar\/57de8e5d4b15d43fb361a71fbb36338450fe67865b528a43dd10ef7c51a20392?s=96&d=mm&r=g","contentUrl":"https:\/\/secure.gravatar.com\/avatar\/57de8e5d4b15d43fb361a71fbb36338450fe67865b528a43dd10ef7c51a20392?s=96&d=mm&r=g","caption":"La Sentinelle"},"sameAs":["http:\/\/www.lasentinelle.dz"],"url":"https:\/\/lasentinelle.dz\/author\/redaction\/"}]}},"_links":{"self":[{"href":"https:\/\/lasentinelle.dz\/index.php\/wp-json\/wp\/v2\/posts\/17445","targetHints":{"allow":["GET"]}}],"collection":[{"href":"https:\/\/lasentinelle.dz\/index.php\/wp-json\/wp\/v2\/posts"}],"about":[{"href":"https:\/\/lasentinelle.dz\/index.php\/wp-json\/wp\/v2\/types\/post"}],"author":[{"embeddable":true,"href":"https:\/\/lasentinelle.dz\/index.php\/wp-json\/wp\/v2\/users\/3"}],"replies":[{"embeddable":true,"href":"https:\/\/lasentinelle.dz\/index.php\/wp-json\/wp\/v2\/comments?post=17445"}],"version-history":[{"count":1,"href":"https:\/\/lasentinelle.dz\/index.php\/wp-json\/wp\/v2\/posts\/17445\/revisions"}],"predecessor-version":[{"id":17447,"href":"https:\/\/lasentinelle.dz\/index.php\/wp-json\/wp\/v2\/posts\/17445\/revisions\/17447"}],"wp:featuredmedia":[{"embeddable":true,"href":"https:\/\/lasentinelle.dz\/index.php\/wp-json\/wp\/v2\/media\/17446"}],"wp:attachment":[{"href":"https:\/\/lasentinelle.dz\/index.php\/wp-json\/wp\/v2\/media?parent=17445"}],"wp:term":[{"taxonomy":"category","embeddable":true,"href":"https:\/\/lasentinelle.dz\/index.php\/wp-json\/wp\/v2\/categories?post=17445"},{"taxonomy":"post_tag","embeddable":true,"href":"https:\/\/lasentinelle.dz\/index.php\/wp-json\/wp\/v2\/tags?post=17445"}],"curies":[{"name":"wp","href":"https:\/\/api.w.org\/{rel}","templated":true}]}}