{"id":17453,"date":"2022-02-24T00:01:00","date_gmt":"2022-02-23T23:01:00","guid":{"rendered":"https:\/\/lasentinelle.dz\/?p=17453"},"modified":"2022-02-23T20:30:03","modified_gmt":"2022-02-23T19:30:03","slug":"le-president-de-la-republique-rencontre-la-diaspora-algerienne-au-koweit-plusieurs-preoccupations-soulevees","status":"publish","type":"post","link":"https:\/\/lasentinelle.dz\/index.php\/2022\/02\/24\/le-president-de-la-republique-rencontre-la-diaspora-algerienne-au-koweit-plusieurs-preoccupations-soulevees\/","title":{"rendered":"Le pr\u00e9sident de la R\u00e9publique rencontre la\u00a0diaspora alg\u00e9rienne au Koweit\u00a0: Plusieurs pr\u00e9occupations soulev\u00e9es"},"content":{"rendered":"\n<p>Poursuivant son p\u00e9riple dans les pays du Golfe, le pr\u00e9sident de la R\u00e9publique, Abdelmadjid Tebboune, qui \u00e9tait hier en visite au Kowe\u00eft a rencontr\u00e9 la communaut\u00e9 nationale vivant dans ce pays et qui a exprim\u00e9 \u00e0 l&rsquo;occasion ses pr\u00e9occupations. Dans une rencontre empreinte de cordialit\u00e9, le pr\u00e9sident de la R\u00e9publique a r\u00e9pondu \u00e0 toutes les questions pos\u00e9es par la diaspora algerienne r\u00e9sidant dans ce pays au sujet de diverses questions d&rsquo;actualit\u00e9 nationale \u00e9conomique, sociale ou politique outre les relations alg\u00e9ro-koweitiennes et les voies et moyens de les renforcer.<\/p>\n\n\n\n<p>A ce sujet justement, Abdelmadjid Tebboune a estim\u00e9 que les deux pays sont li\u00e9s par des relations fraternelles tr\u00e8s \u00e9troites. L&rsquo;Alg\u00e9rie, ajoute-t-il, au m\u00eame sujet, \u201c oeuvre constamment au rapprochement malgr\u00e9 l&rsquo;\u00e9loignement g\u00e9ographique avec la r\u00e9gion du Golf, il n&rsquo;en demeure qu&rsquo;elle a toujours d\u00e9fendu les pays fr\u00e8res dans toutes les questions qui les touchent\u201d. Par ailleurs, relevant le r\u00f4le de la communaut\u00e9 nationale vivant au Kowe\u00eft,&nbsp;&nbsp;Abdelmadjid Tebboune n&rsquo;a pas manqu\u00e9 de rappeler l&rsquo;importance du renforcement des relations bilat\u00e9rales entre les deux pays . Des relations \u00e9conomiques o\u00f9 la communaut\u00e9 alg\u00e9rienne peut prendre part activement en investissant ou en attirant les investissements dans leurs pays.&nbsp;A cet effet, le pr\u00e9sident de la R\u00e9publique, qui a mis l&rsquo;accent sur le r\u00f4le des&nbsp;Alg\u00e9riens r\u00e9sidant dans ce pays, n&rsquo;a par ailleurs pas manqu\u00e9 de rappeler l&rsquo;ouverture&nbsp;&nbsp;de l&rsquo;\u00e9conomie alg\u00e9rienne sur les investissements \u00e9trangers notamment via la prochaine loi sur l&rsquo;investissement qui sera promulgu\u00e9e dans un mois. Une loi qui permettra ainsi aux investisseurs \u00e9trangers de disposer de leurs b\u00e9n\u00e9fices en les transf\u00e9rant dans leur pays ou en les r\u00e9injectant dans leurs projets en Alg\u00e9rie. \u00ab\u00a0L&rsquo;Alg\u00e9rie nouvelle, c&rsquo;est une question de pratiques et non de personnes\u00a0\u00bb, explique-t-il, tout en insistant sur le fait que \u201cl&rsquo;\u00e9conomie b\u00e9n\u00e9fice du p\u00e9trole mais ne doit pas compter sur cette \u00e9nergie fossile\u00a0\u00bb.&nbsp;Toujours au chapitre des pr\u00e9occupations de la communaut\u00e9 nationale vivant \u00e0 l&rsquo;\u00e9tranger, le pr\u00e9sident de la R\u00e9publique n&rsquo;a pas manqu\u00e9 d&rsquo;aborder les&nbsp;conditions&nbsp;d&rsquo;ordre socio-professionnel&nbsp;difficiles dans certains pays. Il aura d&rsquo;ailleurs \u00e0 r\u00e9pondre sur la question d&rsquo;absence de cotisation pour la retraite dans certains pays. Une question qui pr\u00e9occupe un nombre important d&rsquo;Alg\u00e9riens vivant \u00e0 l&rsquo;\u00e9tranger. A cet effet justement le Pr\u00e9sident Tebboune a assur\u00e9 que sur sa recommandation, le&nbsp;d\u00e9partementde la Solidarit\u00e9&nbsp;nationale&nbsp;se penche&nbsp;sur ce probl\u00e8me et compte sortir dans peu de temps avec des recommandations pour la prise en charge de cette pr\u00e9occupation.&nbsp;Enfin, affirmant que la question de l&rsquo;ouverture de ligne de transport est une question de gain et de rentabilit\u00e9 qui revient aux soci\u00e9t\u00e9s elles-m\u00eames, le pr\u00e9sident de la R\u00e9publique a soulign\u00e9 que les investissements des fonds souverains de certains pays sont les bienvenus en Alg\u00e9rie pour peu qu&rsquo;ils soient investis dans des projets cr\u00e9ateurs de richesses.&nbsp;<\/p>\n\n\n\n<p><strong>Akli Amor<\/strong><\/p>\n","protected":false},"excerpt":{"rendered":"<p>Poursuivant son p\u00e9riple dans les pays du Golfe, le pr\u00e9sident de la R\u00e9publique, Abdelmadjid Tebboune, qui \u00e9tait hier en visite<\/p>\n","protected":false},"author":3,"featured_media":17519,"comment_status":"open","ping_status":"closed","sticky":false,"template":"","format":"standard","meta":{"colormag_page_container_layout":"default_layout","colormag_page_sidebar_layout":"default_layout","om_disable_all_campaigns":false,"_monsterinsights_skip_tracking":false,"_monsterinsights_sitenote_active":false,"_monsterinsights_sitenote_note":"","_monsterinsights_sitenote_category":0,"footnotes":"","_wpscppro_dont_share_socialmedia":false,"_wpscppro_custom_social_share_image":0,"_facebook_share_type":"","_twitter_share_type":"","_linkedin_share_type":"","_pinterest_share_type":"","_linkedin_share_type_page":"","_instagram_share_type":"","_medium_share_type":"","_threads_share_type":"","_google_business_share_type":"","_selected_social_profile":[],"_wpsp_enable_custom_social_template":false,"_wpsp_social_scheduling":{"enabled":false,"datetime":null,"platforms":[],"status":"template_only","dateOption":"today","timeOption":"now","customDays":"","customHours":"","customDate":"","customTime":"","schedulingType":"absolute"},"_wpsp_active_default_template":true},"categories":[27],"tags":[],"class_list":["post-17453","post","type-post","status-publish","format-standard","has-post-thumbnail","hentry","category-actualite"],"aioseo_notices":[],"yoast_head":"<!-- This site is optimized with the Yoast SEO plugin v27.5 - https:\/\/yoast.com\/product\/yoast-seo-wordpress\/ -->\n<title>Le pr\u00e9sident de la R\u00e9publique rencontre la\u00a0diaspora alg\u00e9rienne au Koweit\u00a0: Plusieurs pr\u00e9occupations soulev\u00e9es - La Sentinelle<\/title>\n<meta name=\"robots\" content=\"index, follow, max-snippet:-1, max-image-preview:large, max-video-preview:-1\" \/>\n<link rel=\"canonical\" href=\"https:\/\/lasentinelle.dz\/index.php\/2022\/02\/24\/le-president-de-la-republique-rencontre-la-diaspora-algerienne-au-koweit-plusieurs-preoccupations-soulevees\/\" \/>\n<meta property=\"og:locale\" content=\"fr_FR\" \/>\n<meta property=\"og:type\" content=\"article\" \/>\n<meta property=\"og:title\" content=\"Le pr\u00e9sident de la R\u00e9publique rencontre la\u00a0diaspora alg\u00e9rienne au Koweit\u00a0: Plusieurs pr\u00e9occupations soulev\u00e9es - La Sentinelle\" \/>\n<meta property=\"og:description\" content=\"Poursuivant son p\u00e9riple dans les pays du Golfe, le pr\u00e9sident de la R\u00e9publique, Abdelmadjid Tebboune, qui \u00e9tait hier en visite\" \/>\n<meta property=\"og:url\" content=\"https:\/\/lasentinelle.dz\/index.php\/2022\/02\/24\/le-president-de-la-republique-rencontre-la-diaspora-algerienne-au-koweit-plusieurs-preoccupations-soulevees\/\" \/>\n<meta property=\"og:site_name\" content=\"La Sentinelle\" \/>\n<meta property=\"article:publisher\" content=\"https:\/\/www.facebook.com\/La-Sentinelle-104059864394773\" \/>\n<meta property=\"article:published_time\" content=\"2022-02-23T23:01:00+00:00\" \/>\n<meta property=\"og:image\" content=\"https:\/\/lasentinelle.dz\/wp-content\/uploads\/2022\/02\/070301464004-web-tete.jpg\" \/>\n\t<meta property=\"og:image:width\" content=\"1280\" \/>\n\t<meta property=\"og:image:height\" content=\"720\" \/>\n\t<meta property=\"og:image:type\" content=\"image\/jpeg\" \/>\n<meta name=\"author\" content=\"La Sentinelle\" \/>\n<meta name=\"twitter:card\" content=\"summary_large_image\" \/>\n<meta name=\"twitter:label1\" content=\"\u00c9crit par\" \/>\n\t<meta name=\"twitter:data1\" content=\"La Sentinelle\" \/>\n\t<meta name=\"twitter:label2\" content=\"Dur\u00e9e de lecture estim\u00e9e\" \/>\n\t<meta name=\"twitter:data2\" content=\"3 minutes\" \/>\n<script type=\"application\/ld+json\" class=\"yoast-schema-graph\">{\"@context\":\"https:\\\/\\\/schema.org\",\"@graph\":[{\"@type\":\"Article\",\"@id\":\"https:\\\/\\\/lasentinelle.dz\\\/index.php\\\/2022\\\/02\\\/24\\\/le-president-de-la-republique-rencontre-la-diaspora-algerienne-au-koweit-plusieurs-preoccupations-soulevees\\\/#article\",\"isPartOf\":{\"@id\":\"https:\\\/\\\/lasentinelle.dz\\\/index.php\\\/2022\\\/02\\\/24\\\/le-president-de-la-republique-rencontre-la-diaspora-algerienne-au-koweit-plusieurs-preoccupations-soulevees\\\/\"},\"author\":{\"name\":\"La Sentinelle\",\"@id\":\"https:\\\/\\\/lasentinelle.dz\\\/#\\\/schema\\\/person\\\/d865044e22e70a75174ce8bcad3acfb3\"},\"headline\":\"Le pr\u00e9sident de la R\u00e9publique rencontre la\u00a0diaspora alg\u00e9rienne au Koweit\u00a0: Plusieurs pr\u00e9occupations soulev\u00e9es\",\"datePublished\":\"2022-02-23T23:01:00+00:00\",\"mainEntityOfPage\":{\"@id\":\"https:\\\/\\\/lasentinelle.dz\\\/index.php\\\/2022\\\/02\\\/24\\\/le-president-de-la-republique-rencontre-la-diaspora-algerienne-au-koweit-plusieurs-preoccupations-soulevees\\\/\"},\"wordCount\":569,\"commentCount\":0,\"publisher\":{\"@id\":\"https:\\\/\\\/lasentinelle.dz\\\/#organization\"},\"image\":{\"@id\":\"https:\\\/\\\/lasentinelle.dz\\\/index.php\\\/2022\\\/02\\\/24\\\/le-president-de-la-republique-rencontre-la-diaspora-algerienne-au-koweit-plusieurs-preoccupations-soulevees\\\/#primaryimage\"},\"thumbnailUrl\":\"https:\\\/\\\/lasentinelle.dz\\\/wp-content\\\/uploads\\\/2022\\\/02\\\/070301464004-web-tete.jpg\",\"articleSection\":[\"Actualit\u00e9\"],\"inLanguage\":\"fr-FR\",\"potentialAction\":[{\"@type\":\"CommentAction\",\"name\":\"Comment\",\"target\":[\"https:\\\/\\\/lasentinelle.dz\\\/index.php\\\/2022\\\/02\\\/24\\\/le-president-de-la-republique-rencontre-la-diaspora-algerienne-au-koweit-plusieurs-preoccupations-soulevees\\\/#respond\"]}]},{\"@type\":\"WebPage\",\"@id\":\"https:\\\/\\\/lasentinelle.dz\\\/index.php\\\/2022\\\/02\\\/24\\\/le-president-de-la-republique-rencontre-la-diaspora-algerienne-au-koweit-plusieurs-preoccupations-soulevees\\\/\",\"url\":\"https:\\\/\\\/lasentinelle.dz\\\/index.php\\\/2022\\\/02\\\/24\\\/le-president-de-la-republique-rencontre-la-diaspora-algerienne-au-koweit-plusieurs-preoccupations-soulevees\\\/\",\"name\":\"Le pr\u00e9sident de la R\u00e9publique rencontre la\u00a0diaspora alg\u00e9rienne au Koweit\u00a0: Plusieurs pr\u00e9occupations soulev\u00e9es - La Sentinelle\",\"isPartOf\":{\"@id\":\"https:\\\/\\\/lasentinelle.dz\\\/#website\"},\"primaryImageOfPage\":{\"@id\":\"https:\\\/\\\/lasentinelle.dz\\\/index.php\\\/2022\\\/02\\\/24\\\/le-president-de-la-republique-rencontre-la-diaspora-algerienne-au-koweit-plusieurs-preoccupations-soulevees\\\/#primaryimage\"},\"image\":{\"@id\":\"https:\\\/\\\/lasentinelle.dz\\\/index.php\\\/2022\\\/02\\\/24\\\/le-president-de-la-republique-rencontre-la-diaspora-algerienne-au-koweit-plusieurs-preoccupations-soulevees\\\/#primaryimage\"},\"thumbnailUrl\":\"https:\\\/\\\/lasentinelle.dz\\\/wp-content\\\/uploads\\\/2022\\\/02\\\/070301464004-web-tete.jpg\",\"datePublished\":\"2022-02-23T23:01:00+00:00\",\"breadcrumb\":{\"@id\":\"https:\\\/\\\/lasentinelle.dz\\\/index.php\\\/2022\\\/02\\\/24\\\/le-president-de-la-republique-rencontre-la-diaspora-algerienne-au-koweit-plusieurs-preoccupations-soulevees\\\/#breadcrumb\"},\"inLanguage\":\"fr-FR\",\"potentialAction\":[{\"@type\":\"ReadAction\",\"target\":[\"https:\\\/\\\/lasentinelle.dz\\\/index.php\\\/2022\\\/02\\\/24\\\/le-president-de-la-republique-rencontre-la-diaspora-algerienne-au-koweit-plusieurs-preoccupations-soulevees\\\/\"]}]},{\"@type\":\"ImageObject\",\"inLanguage\":\"fr-FR\",\"@id\":\"https:\\\/\\\/lasentinelle.dz\\\/index.php\\\/2022\\\/02\\\/24\\\/le-president-de-la-republique-rencontre-la-diaspora-algerienne-au-koweit-plusieurs-preoccupations-soulevees\\\/#primaryimage\",\"url\":\"https:\\\/\\\/lasentinelle.dz\\\/wp-content\\\/uploads\\\/2022\\\/02\\\/070301464004-web-tete.jpg\",\"contentUrl\":\"https:\\\/\\\/lasentinelle.dz\\\/wp-content\\\/uploads\\\/2022\\\/02\\\/070301464004-web-tete.jpg\",\"width\":1280,\"height\":720,\"caption\":\"Algerian President Abdelmadjid Tebboune meets with the visiting French Foreign Minister (unseen) in the capital Algiers on January 21, 2020. - Le Drian arrived to Algiers for a brief visit to discuss bilateral and regional issues, starting with the Libyan crisis and the Sahel. (Photo by RYAD KRAMDI \\\/ AFP)\"},{\"@type\":\"BreadcrumbList\",\"@id\":\"https:\\\/\\\/lasentinelle.dz\\\/index.php\\\/2022\\\/02\\\/24\\\/le-president-de-la-republique-rencontre-la-diaspora-algerienne-au-koweit-plusieurs-preoccupations-soulevees\\\/#breadcrumb\",\"itemListElement\":[{\"@type\":\"ListItem\",\"position\":1,\"name\":\"Accueil\",\"item\":\"https:\\\/\\\/lasentinelle.dz\\\/\"},{\"@type\":\"ListItem\",\"position\":2,\"name\":\"Le pr\u00e9sident de la R\u00e9publique rencontre la\u00a0diaspora alg\u00e9rienne au Koweit\u00a0: Plusieurs pr\u00e9occupations soulev\u00e9es\"}]},{\"@type\":\"WebSite\",\"@id\":\"https:\\\/\\\/lasentinelle.dz\\\/#website\",\"url\":\"https:\\\/\\\/lasentinelle.dz\\\/\",\"name\":\"La Sentinelle\",\"description\":\"Quotidien national d&#039;information\",\"publisher\":{\"@id\":\"https:\\\/\\\/lasentinelle.dz\\\/#organization\"},\"potentialAction\":[{\"@type\":\"SearchAction\",\"target\":{\"@type\":\"EntryPoint\",\"urlTemplate\":\"https:\\\/\\\/lasentinelle.dz\\\/?s={search_term_string}\"},\"query-input\":{\"@type\":\"PropertyValueSpecification\",\"valueRequired\":true,\"valueName\":\"search_term_string\"}}],\"inLanguage\":\"fr-FR\"},{\"@type\":\"Organization\",\"@id\":\"https:\\\/\\\/lasentinelle.dz\\\/#organization\",\"name\":\"Quotidien La Sentinelle\",\"url\":\"https:\\\/\\\/lasentinelle.dz\\\/\",\"logo\":{\"@type\":\"ImageObject\",\"inLanguage\":\"fr-FR\",\"@id\":\"https:\\\/\\\/lasentinelle.dz\\\/#\\\/schema\\\/logo\\\/image\\\/\",\"url\":\"https:\\\/\\\/lasentinelle.dz\\\/wp-content\\\/uploads\\\/2021\\\/09\\\/logo-sentinelleSLOGAN-1.png\",\"contentUrl\":\"https:\\\/\\\/lasentinelle.dz\\\/wp-content\\\/uploads\\\/2021\\\/09\\\/logo-sentinelleSLOGAN-1.png\",\"width\":615,\"height\":142,\"caption\":\"Quotidien La Sentinelle\"},\"image\":{\"@id\":\"https:\\\/\\\/lasentinelle.dz\\\/#\\\/schema\\\/logo\\\/image\\\/\"},\"sameAs\":[\"https:\\\/\\\/www.facebook.com\\\/La-Sentinelle-104059864394773\"]},{\"@type\":\"Person\",\"@id\":\"https:\\\/\\\/lasentinelle.dz\\\/#\\\/schema\\\/person\\\/d865044e22e70a75174ce8bcad3acfb3\",\"name\":\"La Sentinelle\",\"image\":{\"@type\":\"ImageObject\",\"inLanguage\":\"fr-FR\",\"@id\":\"https:\\\/\\\/secure.gravatar.com\\\/avatar\\\/57de8e5d4b15d43fb361a71fbb36338450fe67865b528a43dd10ef7c51a20392?s=96&d=mm&r=g\",\"url\":\"https:\\\/\\\/secure.gravatar.com\\\/avatar\\\/57de8e5d4b15d43fb361a71fbb36338450fe67865b528a43dd10ef7c51a20392?s=96&d=mm&r=g\",\"contentUrl\":\"https:\\\/\\\/secure.gravatar.com\\\/avatar\\\/57de8e5d4b15d43fb361a71fbb36338450fe67865b528a43dd10ef7c51a20392?s=96&d=mm&r=g\",\"caption\":\"La Sentinelle\"},\"sameAs\":[\"http:\\\/\\\/www.lasentinelle.dz\"],\"url\":\"https:\\\/\\\/lasentinelle.dz\\\/author\\\/redaction\\\/\"}]}<\/script>\n<!-- \/ Yoast SEO plugin. -->","yoast_head_json":{"title":"Le pr\u00e9sident de la R\u00e9publique rencontre la\u00a0diaspora alg\u00e9rienne au Koweit\u00a0: Plusieurs pr\u00e9occupations soulev\u00e9es - La Sentinelle","robots":{"index":"index","follow":"follow","max-snippet":"max-snippet:-1","max-image-preview":"max-image-preview:large","max-video-preview":"max-video-preview:-1"},"canonical":"https:\/\/lasentinelle.dz\/index.php\/2022\/02\/24\/le-president-de-la-republique-rencontre-la-diaspora-algerienne-au-koweit-plusieurs-preoccupations-soulevees\/","og_locale":"fr_FR","og_type":"article","og_title":"Le pr\u00e9sident de la R\u00e9publique rencontre la\u00a0diaspora alg\u00e9rienne au Koweit\u00a0: Plusieurs pr\u00e9occupations soulev\u00e9es - La Sentinelle","og_description":"Poursuivant son p\u00e9riple dans les pays du Golfe, le pr\u00e9sident de la R\u00e9publique, Abdelmadjid Tebboune, qui \u00e9tait hier en visite","og_url":"https:\/\/lasentinelle.dz\/index.php\/2022\/02\/24\/le-president-de-la-republique-rencontre-la-diaspora-algerienne-au-koweit-plusieurs-preoccupations-soulevees\/","og_site_name":"La Sentinelle","article_publisher":"https:\/\/www.facebook.com\/La-Sentinelle-104059864394773","article_published_time":"2022-02-23T23:01:00+00:00","og_image":[{"width":1280,"height":720,"url":"https:\/\/lasentinelle.dz\/wp-content\/uploads\/2022\/02\/070301464004-web-tete.jpg","type":"image\/jpeg"}],"author":"La Sentinelle","twitter_card":"summary_large_image","twitter_misc":{"\u00c9crit par":"La Sentinelle","Dur\u00e9e de lecture estim\u00e9e":"3 minutes"},"schema":{"@context":"https:\/\/schema.org","@graph":[{"@type":"Article","@id":"https:\/\/lasentinelle.dz\/index.php\/2022\/02\/24\/le-president-de-la-republique-rencontre-la-diaspora-algerienne-au-koweit-plusieurs-preoccupations-soulevees\/#article","isPartOf":{"@id":"https:\/\/lasentinelle.dz\/index.php\/2022\/02\/24\/le-president-de-la-republique-rencontre-la-diaspora-algerienne-au-koweit-plusieurs-preoccupations-soulevees\/"},"author":{"name":"La Sentinelle","@id":"https:\/\/lasentinelle.dz\/#\/schema\/person\/d865044e22e70a75174ce8bcad3acfb3"},"headline":"Le pr\u00e9sident de la R\u00e9publique rencontre la\u00a0diaspora alg\u00e9rienne au Koweit\u00a0: Plusieurs pr\u00e9occupations soulev\u00e9es","datePublished":"2022-02-23T23:01:00+00:00","mainEntityOfPage":{"@id":"https:\/\/lasentinelle.dz\/index.php\/2022\/02\/24\/le-president-de-la-republique-rencontre-la-diaspora-algerienne-au-koweit-plusieurs-preoccupations-soulevees\/"},"wordCount":569,"commentCount":0,"publisher":{"@id":"https:\/\/lasentinelle.dz\/#organization"},"image":{"@id":"https:\/\/lasentinelle.dz\/index.php\/2022\/02\/24\/le-president-de-la-republique-rencontre-la-diaspora-algerienne-au-koweit-plusieurs-preoccupations-soulevees\/#primaryimage"},"thumbnailUrl":"https:\/\/lasentinelle.dz\/wp-content\/uploads\/2022\/02\/070301464004-web-tete.jpg","articleSection":["Actualit\u00e9"],"inLanguage":"fr-FR","potentialAction":[{"@type":"CommentAction","name":"Comment","target":["https:\/\/lasentinelle.dz\/index.php\/2022\/02\/24\/le-president-de-la-republique-rencontre-la-diaspora-algerienne-au-koweit-plusieurs-preoccupations-soulevees\/#respond"]}]},{"@type":"WebPage","@id":"https:\/\/lasentinelle.dz\/index.php\/2022\/02\/24\/le-president-de-la-republique-rencontre-la-diaspora-algerienne-au-koweit-plusieurs-preoccupations-soulevees\/","url":"https:\/\/lasentinelle.dz\/index.php\/2022\/02\/24\/le-president-de-la-republique-rencontre-la-diaspora-algerienne-au-koweit-plusieurs-preoccupations-soulevees\/","name":"Le pr\u00e9sident de la R\u00e9publique rencontre la\u00a0diaspora alg\u00e9rienne au Koweit\u00a0: Plusieurs pr\u00e9occupations soulev\u00e9es - La Sentinelle","isPartOf":{"@id":"https:\/\/lasentinelle.dz\/#website"},"primaryImageOfPage":{"@id":"https:\/\/lasentinelle.dz\/index.php\/2022\/02\/24\/le-president-de-la-republique-rencontre-la-diaspora-algerienne-au-koweit-plusieurs-preoccupations-soulevees\/#primaryimage"},"image":{"@id":"https:\/\/lasentinelle.dz\/index.php\/2022\/02\/24\/le-president-de-la-republique-rencontre-la-diaspora-algerienne-au-koweit-plusieurs-preoccupations-soulevees\/#primaryimage"},"thumbnailUrl":"https:\/\/lasentinelle.dz\/wp-content\/uploads\/2022\/02\/070301464004-web-tete.jpg","datePublished":"2022-02-23T23:01:00+00:00","breadcrumb":{"@id":"https:\/\/lasentinelle.dz\/index.php\/2022\/02\/24\/le-president-de-la-republique-rencontre-la-diaspora-algerienne-au-koweit-plusieurs-preoccupations-soulevees\/#breadcrumb"},"inLanguage":"fr-FR","potentialAction":[{"@type":"ReadAction","target":["https:\/\/lasentinelle.dz\/index.php\/2022\/02\/24\/le-president-de-la-republique-rencontre-la-diaspora-algerienne-au-koweit-plusieurs-preoccupations-soulevees\/"]}]},{"@type":"ImageObject","inLanguage":"fr-FR","@id":"https:\/\/lasentinelle.dz\/index.php\/2022\/02\/24\/le-president-de-la-republique-rencontre-la-diaspora-algerienne-au-koweit-plusieurs-preoccupations-soulevees\/#primaryimage","url":"https:\/\/lasentinelle.dz\/wp-content\/uploads\/2022\/02\/070301464004-web-tete.jpg","contentUrl":"https:\/\/lasentinelle.dz\/wp-content\/uploads\/2022\/02\/070301464004-web-tete.jpg","width":1280,"height":720,"caption":"Algerian President Abdelmadjid Tebboune meets with the visiting French Foreign Minister (unseen) in the capital Algiers on January 21, 2020. - Le Drian arrived to Algiers for a brief visit to discuss bilateral and regional issues, starting with the Libyan crisis and the Sahel. (Photo by RYAD KRAMDI \/ AFP)"},{"@type":"BreadcrumbList","@id":"https:\/\/lasentinelle.dz\/index.php\/2022\/02\/24\/le-president-de-la-republique-rencontre-la-diaspora-algerienne-au-koweit-plusieurs-preoccupations-soulevees\/#breadcrumb","itemListElement":[{"@type":"ListItem","position":1,"name":"Accueil","item":"https:\/\/lasentinelle.dz\/"},{"@type":"ListItem","position":2,"name":"Le pr\u00e9sident de la R\u00e9publique rencontre la\u00a0diaspora alg\u00e9rienne au Koweit\u00a0: Plusieurs pr\u00e9occupations soulev\u00e9es"}]},{"@type":"WebSite","@id":"https:\/\/lasentinelle.dz\/#website","url":"https:\/\/lasentinelle.dz\/","name":"La Sentinelle","description":"Quotidien national d&#039;information","publisher":{"@id":"https:\/\/lasentinelle.dz\/#organization"},"potentialAction":[{"@type":"SearchAction","target":{"@type":"EntryPoint","urlTemplate":"https:\/\/lasentinelle.dz\/?s={search_term_string}"},"query-input":{"@type":"PropertyValueSpecification","valueRequired":true,"valueName":"search_term_string"}}],"inLanguage":"fr-FR"},{"@type":"Organization","@id":"https:\/\/lasentinelle.dz\/#organization","name":"Quotidien La Sentinelle","url":"https:\/\/lasentinelle.dz\/","logo":{"@type":"ImageObject","inLanguage":"fr-FR","@id":"https:\/\/lasentinelle.dz\/#\/schema\/logo\/image\/","url":"https:\/\/lasentinelle.dz\/wp-content\/uploads\/2021\/09\/logo-sentinelleSLOGAN-1.png","contentUrl":"https:\/\/lasentinelle.dz\/wp-content\/uploads\/2021\/09\/logo-sentinelleSLOGAN-1.png","width":615,"height":142,"caption":"Quotidien La Sentinelle"},"image":{"@id":"https:\/\/lasentinelle.dz\/#\/schema\/logo\/image\/"},"sameAs":["https:\/\/www.facebook.com\/La-Sentinelle-104059864394773"]},{"@type":"Person","@id":"https:\/\/lasentinelle.dz\/#\/schema\/person\/d865044e22e70a75174ce8bcad3acfb3","name":"La Sentinelle","image":{"@type":"ImageObject","inLanguage":"fr-FR","@id":"https:\/\/secure.gravatar.com\/avatar\/57de8e5d4b15d43fb361a71fbb36338450fe67865b528a43dd10ef7c51a20392?s=96&d=mm&r=g","url":"https:\/\/secure.gravatar.com\/avatar\/57de8e5d4b15d43fb361a71fbb36338450fe67865b528a43dd10ef7c51a20392?s=96&d=mm&r=g","contentUrl":"https:\/\/secure.gravatar.com\/avatar\/57de8e5d4b15d43fb361a71fbb36338450fe67865b528a43dd10ef7c51a20392?s=96&d=mm&r=g","caption":"La Sentinelle"},"sameAs":["http:\/\/www.lasentinelle.dz"],"url":"https:\/\/lasentinelle.dz\/author\/redaction\/"}]}},"_links":{"self":[{"href":"https:\/\/lasentinelle.dz\/index.php\/wp-json\/wp\/v2\/posts\/17453","targetHints":{"allow":["GET"]}}],"collection":[{"href":"https:\/\/lasentinelle.dz\/index.php\/wp-json\/wp\/v2\/posts"}],"about":[{"href":"https:\/\/lasentinelle.dz\/index.php\/wp-json\/wp\/v2\/types\/post"}],"author":[{"embeddable":true,"href":"https:\/\/lasentinelle.dz\/index.php\/wp-json\/wp\/v2\/users\/3"}],"replies":[{"embeddable":true,"href":"https:\/\/lasentinelle.dz\/index.php\/wp-json\/wp\/v2\/comments?post=17453"}],"version-history":[{"count":1,"href":"https:\/\/lasentinelle.dz\/index.php\/wp-json\/wp\/v2\/posts\/17453\/revisions"}],"predecessor-version":[{"id":17523,"href":"https:\/\/lasentinelle.dz\/index.php\/wp-json\/wp\/v2\/posts\/17453\/revisions\/17523"}],"wp:featuredmedia":[{"embeddable":true,"href":"https:\/\/lasentinelle.dz\/index.php\/wp-json\/wp\/v2\/media\/17519"}],"wp:attachment":[{"href":"https:\/\/lasentinelle.dz\/index.php\/wp-json\/wp\/v2\/media?parent=17453"}],"wp:term":[{"taxonomy":"category","embeddable":true,"href":"https:\/\/lasentinelle.dz\/index.php\/wp-json\/wp\/v2\/categories?post=17453"},{"taxonomy":"post_tag","embeddable":true,"href":"https:\/\/lasentinelle.dz\/index.php\/wp-json\/wp\/v2\/tags?post=17453"}],"curies":[{"name":"wp","href":"https:\/\/api.w.org\/{rel}","templated":true}]}}