{"id":17455,"date":"2022-02-24T00:01:00","date_gmt":"2022-02-23T23:01:00","guid":{"rendered":"https:\/\/lasentinelle.dz\/?p=17455"},"modified":"2022-02-23T20:29:56","modified_gmt":"2022-02-23T19:29:56","slug":"bilan-operationnel-de-lanp-dimportantes-quantites-de-kif-en-provenance-du-maroc-saisies","status":"publish","type":"post","link":"https:\/\/lasentinelle.dz\/index.php\/2022\/02\/24\/bilan-operationnel-de-lanp-dimportantes-quantites-de-kif-en-provenance-du-maroc-saisies\/","title":{"rendered":"Bilan op\u00e9rationnel de l\u2019ANP\u00a0: D\u2019importantes quantit\u00e9s de kif en provenance du Maroc saisies"},"content":{"rendered":"\n<p>Les \u00e9l\u00e9ments de l\u2019Arm\u00e9e nationale populaire ont, une nouvelle fois, mis en \u00e9chec des tentatives d\u2019introduction d\u2019importantes quantit\u00e9s de kif en provenance du Maroc sur le territoire national. Selon le bilan op\u00e9rationnel de l\u2019ANP pour la p\u00e9riode&nbsp;allant du 16 au 22 f\u00e9vrier&nbsp;en cours, les d\u00e9tachements combin\u00e9s de l\u2019ANP, en coordination avec les diff\u00e9rents services de s\u00e9curit\u00e9 au niveau des territoires des 2e et 3e R\u00e9gions militaires,&nbsp;ont interpell\u00e9&nbsp;8 narcotrafiquants et&nbsp;ont saisi&nbsp;11,91&nbsp;quintaux&nbsp;de kif trait\u00e9. Le bilan publi\u00e9 hier par le minist\u00e8re de la D\u00e9fense nationale&nbsp;a pr\u00e9cis\u00e9 que&nbsp;20 autres trafiquants ont \u00e9t\u00e9 arr\u00eat\u00e9s en possession de 508.558 comprim\u00e9s psychotropes, saisis lors de diverses op\u00e9rations ex\u00e9cut\u00e9es \u00e0 travers les diff\u00e9rentes R\u00e9gions militaires. Ces op\u00e9rations s\u2019inscrivent&nbsp;\u00ab&nbsp;dans le cadre de la lutte contre la criminalit\u00e9 organis\u00e9e et en continuit\u00e9 des efforts soutenus visant \u00e0 contenir le fl\u00e9au du narcotrafic dans notre pays\u2019\u2019, a soulign\u00e9 la m\u00eame source. Dans un autre contexte et \u201cdans le cadre de la lutte antiterroriste et suite \u00e0 une op\u00e9ration de fouille et de ratissage pr\u00e8s de la commune de Beni Zid, \u00e0 Skikda, des d\u00e9tachements de l\u2019Arm\u00e9e nationale populaire ont abattu, le 19 f\u00e9vrier&nbsp;en cours, sept terroristes, r\u00e9cup\u00e9r\u00e9 six pistolets mitrailleurs de type Kalachnikov, un fusil \u00e0 lunette, des quantit\u00e9s consid\u00e9rables de munitions, et d\u00e9truit 3 bombes de confection artisanale et des casemates pour terroristes contenant des m\u00e9dicaments, des denr\u00e9es alimentaires, des v\u00eatements et d\u2019autres effets\u201d, indique le communiqu\u00e9, ajoutant que d\u2019autres d\u00e9tachements de l\u2019ANP \u201cont arr\u00eat\u00e9 4 \u00e9l\u00e9ments de soutien aux groupes terroristes dans des op\u00e9rations distinctes \u00e0 travers le territoire national\u201d. Au volet de la s\u00e9curisation des fronti\u00e8res et la lutte contre la contrebande et le crime organis\u00e9,&nbsp;&nbsp;l\u2019orpaillage illicite et la contrebande notamment, , la m\u00eame source fait \u00e9tat de l\u2019 interception, \u00e0 Tamanrasset, Bordj Badji Mokhtar, In Guezzam, Djanet et Tindouf 211 individus et saisi 29 v\u00e9hicules, 240 groupes \u00e9lectrog\u00e8nes, 161 marteaux piqueurs, 10 d\u00e9tecteurs de m\u00e9taux, des quantit\u00e9s d\u2019explosifs, des outils de d\u00e9tonation et d\u2019autres \u00e9quipements utilis\u00e9s dans des op\u00e9rations d\u2019orpaillage illicite, ainsi que 58,5 tonnes de m\u00e9lange d\u2019or brut et de pierres. Dans le m\u00eame contexte, 14 autres individus ont \u00e9t\u00e9 appr\u00e9hend\u00e9s en leur possession 10 fusils de chasse et 72 quintaux de tabacs \u00e0 Batna, Biskra, Touggourt, M\u2019sila et Na\u00e2ma, a d\u00e9taill\u00e9 ledit communiqu\u00e9.&nbsp;<\/p>\n\n\n\n<p><strong>Sofia Chahine<\/strong><\/p>\n","protected":false},"excerpt":{"rendered":"<p>Les \u00e9l\u00e9ments de l\u2019Arm\u00e9e nationale populaire ont, une nouvelle fois, mis en \u00e9chec des tentatives d\u2019introduction d\u2019importantes quantit\u00e9s de kif<\/p>\n","protected":false},"author":3,"featured_media":17520,"comment_status":"open","ping_status":"closed","sticky":false,"template":"","format":"standard","meta":{"colormag_page_container_layout":"default_layout","colormag_page_sidebar_layout":"default_layout","om_disable_all_campaigns":false,"_monsterinsights_skip_tracking":false,"_monsterinsights_sitenote_active":false,"_monsterinsights_sitenote_note":"","_monsterinsights_sitenote_category":0,"footnotes":"","_wpscppro_dont_share_socialmedia":false,"_wpscppro_custom_social_share_image":0,"_facebook_share_type":"","_twitter_share_type":"","_linkedin_share_type":"","_pinterest_share_type":"","_linkedin_share_type_page":"","_instagram_share_type":"","_medium_share_type":"","_threads_share_type":"","_google_business_share_type":"","_selected_social_profile":[],"_wpsp_enable_custom_social_template":false,"_wpsp_social_scheduling":{"enabled":false,"datetime":null,"platforms":[],"status":"template_only","dateOption":"today","timeOption":"now","customDays":"","customHours":"","customDate":"","customTime":"","schedulingType":"absolute"},"_wpsp_active_default_template":true},"categories":[27],"tags":[],"class_list":["post-17455","post","type-post","status-publish","format-standard","has-post-thumbnail","hentry","category-actualite"],"aioseo_notices":[],"yoast_head":"<!-- This site is optimized with the Yoast SEO plugin v27.5 - https:\/\/yoast.com\/product\/yoast-seo-wordpress\/ -->\n<title>Bilan op\u00e9rationnel de l\u2019ANP\u00a0: D\u2019importantes quantit\u00e9s de kif en provenance du Maroc saisies - La Sentinelle<\/title>\n<meta name=\"robots\" content=\"index, follow, max-snippet:-1, max-image-preview:large, max-video-preview:-1\" \/>\n<link rel=\"canonical\" href=\"https:\/\/lasentinelle.dz\/index.php\/2022\/02\/24\/bilan-operationnel-de-lanp-dimportantes-quantites-de-kif-en-provenance-du-maroc-saisies\/\" \/>\n<meta property=\"og:locale\" content=\"fr_FR\" \/>\n<meta property=\"og:type\" content=\"article\" \/>\n<meta property=\"og:title\" content=\"Bilan op\u00e9rationnel de l\u2019ANP\u00a0: D\u2019importantes quantit\u00e9s de kif en provenance du Maroc saisies - La Sentinelle\" \/>\n<meta property=\"og:description\" content=\"Les \u00e9l\u00e9ments de l\u2019Arm\u00e9e nationale populaire ont, une nouvelle fois, mis en \u00e9chec des tentatives d\u2019introduction d\u2019importantes quantit\u00e9s de kif\" \/>\n<meta property=\"og:url\" content=\"https:\/\/lasentinelle.dz\/index.php\/2022\/02\/24\/bilan-operationnel-de-lanp-dimportantes-quantites-de-kif-en-provenance-du-maroc-saisies\/\" \/>\n<meta property=\"og:site_name\" content=\"La Sentinelle\" \/>\n<meta property=\"article:publisher\" content=\"https:\/\/www.facebook.com\/La-Sentinelle-104059864394773\" \/>\n<meta property=\"article:published_time\" content=\"2022-02-23T23:01:00+00:00\" \/>\n<meta property=\"og:image\" content=\"https:\/\/lasentinelle.dz\/wp-content\/uploads\/2022\/02\/28cfb6c2d3d144640aad86309e9c8495_M-1500x9999-c.jpg\" \/>\n\t<meta property=\"og:image:width\" content=\"580\" \/>\n\t<meta property=\"og:image:height\" content=\"350\" \/>\n\t<meta property=\"og:image:type\" content=\"image\/jpeg\" \/>\n<meta name=\"author\" content=\"La Sentinelle\" \/>\n<meta name=\"twitter:card\" content=\"summary_large_image\" \/>\n<meta name=\"twitter:label1\" content=\"\u00c9crit par\" \/>\n\t<meta name=\"twitter:data1\" content=\"La Sentinelle\" \/>\n\t<meta name=\"twitter:label2\" content=\"Dur\u00e9e de lecture estim\u00e9e\" \/>\n\t<meta name=\"twitter:data2\" content=\"2 minutes\" \/>\n<script type=\"application\/ld+json\" class=\"yoast-schema-graph\">{\"@context\":\"https:\\\/\\\/schema.org\",\"@graph\":[{\"@type\":\"Article\",\"@id\":\"https:\\\/\\\/lasentinelle.dz\\\/index.php\\\/2022\\\/02\\\/24\\\/bilan-operationnel-de-lanp-dimportantes-quantites-de-kif-en-provenance-du-maroc-saisies\\\/#article\",\"isPartOf\":{\"@id\":\"https:\\\/\\\/lasentinelle.dz\\\/index.php\\\/2022\\\/02\\\/24\\\/bilan-operationnel-de-lanp-dimportantes-quantites-de-kif-en-provenance-du-maroc-saisies\\\/\"},\"author\":{\"name\":\"La Sentinelle\",\"@id\":\"https:\\\/\\\/lasentinelle.dz\\\/#\\\/schema\\\/person\\\/d865044e22e70a75174ce8bcad3acfb3\"},\"headline\":\"Bilan op\u00e9rationnel de l\u2019ANP\u00a0: D\u2019importantes quantit\u00e9s de kif en provenance du Maroc saisies\",\"datePublished\":\"2022-02-23T23:01:00+00:00\",\"mainEntityOfPage\":{\"@id\":\"https:\\\/\\\/lasentinelle.dz\\\/index.php\\\/2022\\\/02\\\/24\\\/bilan-operationnel-de-lanp-dimportantes-quantites-de-kif-en-provenance-du-maroc-saisies\\\/\"},\"wordCount\":466,\"commentCount\":0,\"publisher\":{\"@id\":\"https:\\\/\\\/lasentinelle.dz\\\/#organization\"},\"image\":{\"@id\":\"https:\\\/\\\/lasentinelle.dz\\\/index.php\\\/2022\\\/02\\\/24\\\/bilan-operationnel-de-lanp-dimportantes-quantites-de-kif-en-provenance-du-maroc-saisies\\\/#primaryimage\"},\"thumbnailUrl\":\"https:\\\/\\\/lasentinelle.dz\\\/wp-content\\\/uploads\\\/2022\\\/02\\\/28cfb6c2d3d144640aad86309e9c8495_M-1500x9999-c.jpg\",\"articleSection\":[\"Actualit\u00e9\"],\"inLanguage\":\"fr-FR\",\"potentialAction\":[{\"@type\":\"CommentAction\",\"name\":\"Comment\",\"target\":[\"https:\\\/\\\/lasentinelle.dz\\\/index.php\\\/2022\\\/02\\\/24\\\/bilan-operationnel-de-lanp-dimportantes-quantites-de-kif-en-provenance-du-maroc-saisies\\\/#respond\"]}]},{\"@type\":\"WebPage\",\"@id\":\"https:\\\/\\\/lasentinelle.dz\\\/index.php\\\/2022\\\/02\\\/24\\\/bilan-operationnel-de-lanp-dimportantes-quantites-de-kif-en-provenance-du-maroc-saisies\\\/\",\"url\":\"https:\\\/\\\/lasentinelle.dz\\\/index.php\\\/2022\\\/02\\\/24\\\/bilan-operationnel-de-lanp-dimportantes-quantites-de-kif-en-provenance-du-maroc-saisies\\\/\",\"name\":\"Bilan op\u00e9rationnel de l\u2019ANP\u00a0: D\u2019importantes quantit\u00e9s de kif en provenance du Maroc saisies - La Sentinelle\",\"isPartOf\":{\"@id\":\"https:\\\/\\\/lasentinelle.dz\\\/#website\"},\"primaryImageOfPage\":{\"@id\":\"https:\\\/\\\/lasentinelle.dz\\\/index.php\\\/2022\\\/02\\\/24\\\/bilan-operationnel-de-lanp-dimportantes-quantites-de-kif-en-provenance-du-maroc-saisies\\\/#primaryimage\"},\"image\":{\"@id\":\"https:\\\/\\\/lasentinelle.dz\\\/index.php\\\/2022\\\/02\\\/24\\\/bilan-operationnel-de-lanp-dimportantes-quantites-de-kif-en-provenance-du-maroc-saisies\\\/#primaryimage\"},\"thumbnailUrl\":\"https:\\\/\\\/lasentinelle.dz\\\/wp-content\\\/uploads\\\/2022\\\/02\\\/28cfb6c2d3d144640aad86309e9c8495_M-1500x9999-c.jpg\",\"datePublished\":\"2022-02-23T23:01:00+00:00\",\"breadcrumb\":{\"@id\":\"https:\\\/\\\/lasentinelle.dz\\\/index.php\\\/2022\\\/02\\\/24\\\/bilan-operationnel-de-lanp-dimportantes-quantites-de-kif-en-provenance-du-maroc-saisies\\\/#breadcrumb\"},\"inLanguage\":\"fr-FR\",\"potentialAction\":[{\"@type\":\"ReadAction\",\"target\":[\"https:\\\/\\\/lasentinelle.dz\\\/index.php\\\/2022\\\/02\\\/24\\\/bilan-operationnel-de-lanp-dimportantes-quantites-de-kif-en-provenance-du-maroc-saisies\\\/\"]}]},{\"@type\":\"ImageObject\",\"inLanguage\":\"fr-FR\",\"@id\":\"https:\\\/\\\/lasentinelle.dz\\\/index.php\\\/2022\\\/02\\\/24\\\/bilan-operationnel-de-lanp-dimportantes-quantites-de-kif-en-provenance-du-maroc-saisies\\\/#primaryimage\",\"url\":\"https:\\\/\\\/lasentinelle.dz\\\/wp-content\\\/uploads\\\/2022\\\/02\\\/28cfb6c2d3d144640aad86309e9c8495_M-1500x9999-c.jpg\",\"contentUrl\":\"https:\\\/\\\/lasentinelle.dz\\\/wp-content\\\/uploads\\\/2022\\\/02\\\/28cfb6c2d3d144640aad86309e9c8495_M-1500x9999-c.jpg\",\"width\":580,\"height\":350},{\"@type\":\"BreadcrumbList\",\"@id\":\"https:\\\/\\\/lasentinelle.dz\\\/index.php\\\/2022\\\/02\\\/24\\\/bilan-operationnel-de-lanp-dimportantes-quantites-de-kif-en-provenance-du-maroc-saisies\\\/#breadcrumb\",\"itemListElement\":[{\"@type\":\"ListItem\",\"position\":1,\"name\":\"Accueil\",\"item\":\"https:\\\/\\\/lasentinelle.dz\\\/\"},{\"@type\":\"ListItem\",\"position\":2,\"name\":\"Bilan op\u00e9rationnel de l\u2019ANP\u00a0: D\u2019importantes quantit\u00e9s de kif en provenance du Maroc saisies\"}]},{\"@type\":\"WebSite\",\"@id\":\"https:\\\/\\\/lasentinelle.dz\\\/#website\",\"url\":\"https:\\\/\\\/lasentinelle.dz\\\/\",\"name\":\"La Sentinelle\",\"description\":\"Quotidien national d&#039;information\",\"publisher\":{\"@id\":\"https:\\\/\\\/lasentinelle.dz\\\/#organization\"},\"potentialAction\":[{\"@type\":\"SearchAction\",\"target\":{\"@type\":\"EntryPoint\",\"urlTemplate\":\"https:\\\/\\\/lasentinelle.dz\\\/?s={search_term_string}\"},\"query-input\":{\"@type\":\"PropertyValueSpecification\",\"valueRequired\":true,\"valueName\":\"search_term_string\"}}],\"inLanguage\":\"fr-FR\"},{\"@type\":\"Organization\",\"@id\":\"https:\\\/\\\/lasentinelle.dz\\\/#organization\",\"name\":\"Quotidien La Sentinelle\",\"url\":\"https:\\\/\\\/lasentinelle.dz\\\/\",\"logo\":{\"@type\":\"ImageObject\",\"inLanguage\":\"fr-FR\",\"@id\":\"https:\\\/\\\/lasentinelle.dz\\\/#\\\/schema\\\/logo\\\/image\\\/\",\"url\":\"https:\\\/\\\/lasentinelle.dz\\\/wp-content\\\/uploads\\\/2021\\\/09\\\/logo-sentinelleSLOGAN-1.png\",\"contentUrl\":\"https:\\\/\\\/lasentinelle.dz\\\/wp-content\\\/uploads\\\/2021\\\/09\\\/logo-sentinelleSLOGAN-1.png\",\"width\":615,\"height\":142,\"caption\":\"Quotidien La Sentinelle\"},\"image\":{\"@id\":\"https:\\\/\\\/lasentinelle.dz\\\/#\\\/schema\\\/logo\\\/image\\\/\"},\"sameAs\":[\"https:\\\/\\\/www.facebook.com\\\/La-Sentinelle-104059864394773\"]},{\"@type\":\"Person\",\"@id\":\"https:\\\/\\\/lasentinelle.dz\\\/#\\\/schema\\\/person\\\/d865044e22e70a75174ce8bcad3acfb3\",\"name\":\"La Sentinelle\",\"image\":{\"@type\":\"ImageObject\",\"inLanguage\":\"fr-FR\",\"@id\":\"https:\\\/\\\/secure.gravatar.com\\\/avatar\\\/57de8e5d4b15d43fb361a71fbb36338450fe67865b528a43dd10ef7c51a20392?s=96&d=mm&r=g\",\"url\":\"https:\\\/\\\/secure.gravatar.com\\\/avatar\\\/57de8e5d4b15d43fb361a71fbb36338450fe67865b528a43dd10ef7c51a20392?s=96&d=mm&r=g\",\"contentUrl\":\"https:\\\/\\\/secure.gravatar.com\\\/avatar\\\/57de8e5d4b15d43fb361a71fbb36338450fe67865b528a43dd10ef7c51a20392?s=96&d=mm&r=g\",\"caption\":\"La Sentinelle\"},\"sameAs\":[\"http:\\\/\\\/www.lasentinelle.dz\"],\"url\":\"https:\\\/\\\/lasentinelle.dz\\\/author\\\/redaction\\\/\"}]}<\/script>\n<!-- \/ Yoast SEO plugin. -->","yoast_head_json":{"title":"Bilan op\u00e9rationnel de l\u2019ANP\u00a0: D\u2019importantes quantit\u00e9s de kif en provenance du Maroc saisies - La Sentinelle","robots":{"index":"index","follow":"follow","max-snippet":"max-snippet:-1","max-image-preview":"max-image-preview:large","max-video-preview":"max-video-preview:-1"},"canonical":"https:\/\/lasentinelle.dz\/index.php\/2022\/02\/24\/bilan-operationnel-de-lanp-dimportantes-quantites-de-kif-en-provenance-du-maroc-saisies\/","og_locale":"fr_FR","og_type":"article","og_title":"Bilan op\u00e9rationnel de l\u2019ANP\u00a0: D\u2019importantes quantit\u00e9s de kif en provenance du Maroc saisies - La Sentinelle","og_description":"Les \u00e9l\u00e9ments de l\u2019Arm\u00e9e nationale populaire ont, une nouvelle fois, mis en \u00e9chec des tentatives d\u2019introduction d\u2019importantes quantit\u00e9s de kif","og_url":"https:\/\/lasentinelle.dz\/index.php\/2022\/02\/24\/bilan-operationnel-de-lanp-dimportantes-quantites-de-kif-en-provenance-du-maroc-saisies\/","og_site_name":"La Sentinelle","article_publisher":"https:\/\/www.facebook.com\/La-Sentinelle-104059864394773","article_published_time":"2022-02-23T23:01:00+00:00","og_image":[{"width":580,"height":350,"url":"https:\/\/lasentinelle.dz\/wp-content\/uploads\/2022\/02\/28cfb6c2d3d144640aad86309e9c8495_M-1500x9999-c.jpg","type":"image\/jpeg"}],"author":"La Sentinelle","twitter_card":"summary_large_image","twitter_misc":{"\u00c9crit par":"La Sentinelle","Dur\u00e9e de lecture estim\u00e9e":"2 minutes"},"schema":{"@context":"https:\/\/schema.org","@graph":[{"@type":"Article","@id":"https:\/\/lasentinelle.dz\/index.php\/2022\/02\/24\/bilan-operationnel-de-lanp-dimportantes-quantites-de-kif-en-provenance-du-maroc-saisies\/#article","isPartOf":{"@id":"https:\/\/lasentinelle.dz\/index.php\/2022\/02\/24\/bilan-operationnel-de-lanp-dimportantes-quantites-de-kif-en-provenance-du-maroc-saisies\/"},"author":{"name":"La Sentinelle","@id":"https:\/\/lasentinelle.dz\/#\/schema\/person\/d865044e22e70a75174ce8bcad3acfb3"},"headline":"Bilan op\u00e9rationnel de l\u2019ANP\u00a0: D\u2019importantes quantit\u00e9s de kif en provenance du Maroc saisies","datePublished":"2022-02-23T23:01:00+00:00","mainEntityOfPage":{"@id":"https:\/\/lasentinelle.dz\/index.php\/2022\/02\/24\/bilan-operationnel-de-lanp-dimportantes-quantites-de-kif-en-provenance-du-maroc-saisies\/"},"wordCount":466,"commentCount":0,"publisher":{"@id":"https:\/\/lasentinelle.dz\/#organization"},"image":{"@id":"https:\/\/lasentinelle.dz\/index.php\/2022\/02\/24\/bilan-operationnel-de-lanp-dimportantes-quantites-de-kif-en-provenance-du-maroc-saisies\/#primaryimage"},"thumbnailUrl":"https:\/\/lasentinelle.dz\/wp-content\/uploads\/2022\/02\/28cfb6c2d3d144640aad86309e9c8495_M-1500x9999-c.jpg","articleSection":["Actualit\u00e9"],"inLanguage":"fr-FR","potentialAction":[{"@type":"CommentAction","name":"Comment","target":["https:\/\/lasentinelle.dz\/index.php\/2022\/02\/24\/bilan-operationnel-de-lanp-dimportantes-quantites-de-kif-en-provenance-du-maroc-saisies\/#respond"]}]},{"@type":"WebPage","@id":"https:\/\/lasentinelle.dz\/index.php\/2022\/02\/24\/bilan-operationnel-de-lanp-dimportantes-quantites-de-kif-en-provenance-du-maroc-saisies\/","url":"https:\/\/lasentinelle.dz\/index.php\/2022\/02\/24\/bilan-operationnel-de-lanp-dimportantes-quantites-de-kif-en-provenance-du-maroc-saisies\/","name":"Bilan op\u00e9rationnel de l\u2019ANP\u00a0: D\u2019importantes quantit\u00e9s de kif en provenance du Maroc saisies - La Sentinelle","isPartOf":{"@id":"https:\/\/lasentinelle.dz\/#website"},"primaryImageOfPage":{"@id":"https:\/\/lasentinelle.dz\/index.php\/2022\/02\/24\/bilan-operationnel-de-lanp-dimportantes-quantites-de-kif-en-provenance-du-maroc-saisies\/#primaryimage"},"image":{"@id":"https:\/\/lasentinelle.dz\/index.php\/2022\/02\/24\/bilan-operationnel-de-lanp-dimportantes-quantites-de-kif-en-provenance-du-maroc-saisies\/#primaryimage"},"thumbnailUrl":"https:\/\/lasentinelle.dz\/wp-content\/uploads\/2022\/02\/28cfb6c2d3d144640aad86309e9c8495_M-1500x9999-c.jpg","datePublished":"2022-02-23T23:01:00+00:00","breadcrumb":{"@id":"https:\/\/lasentinelle.dz\/index.php\/2022\/02\/24\/bilan-operationnel-de-lanp-dimportantes-quantites-de-kif-en-provenance-du-maroc-saisies\/#breadcrumb"},"inLanguage":"fr-FR","potentialAction":[{"@type":"ReadAction","target":["https:\/\/lasentinelle.dz\/index.php\/2022\/02\/24\/bilan-operationnel-de-lanp-dimportantes-quantites-de-kif-en-provenance-du-maroc-saisies\/"]}]},{"@type":"ImageObject","inLanguage":"fr-FR","@id":"https:\/\/lasentinelle.dz\/index.php\/2022\/02\/24\/bilan-operationnel-de-lanp-dimportantes-quantites-de-kif-en-provenance-du-maroc-saisies\/#primaryimage","url":"https:\/\/lasentinelle.dz\/wp-content\/uploads\/2022\/02\/28cfb6c2d3d144640aad86309e9c8495_M-1500x9999-c.jpg","contentUrl":"https:\/\/lasentinelle.dz\/wp-content\/uploads\/2022\/02\/28cfb6c2d3d144640aad86309e9c8495_M-1500x9999-c.jpg","width":580,"height":350},{"@type":"BreadcrumbList","@id":"https:\/\/lasentinelle.dz\/index.php\/2022\/02\/24\/bilan-operationnel-de-lanp-dimportantes-quantites-de-kif-en-provenance-du-maroc-saisies\/#breadcrumb","itemListElement":[{"@type":"ListItem","position":1,"name":"Accueil","item":"https:\/\/lasentinelle.dz\/"},{"@type":"ListItem","position":2,"name":"Bilan op\u00e9rationnel de l\u2019ANP\u00a0: D\u2019importantes quantit\u00e9s de kif en provenance du Maroc saisies"}]},{"@type":"WebSite","@id":"https:\/\/lasentinelle.dz\/#website","url":"https:\/\/lasentinelle.dz\/","name":"La Sentinelle","description":"Quotidien national d&#039;information","publisher":{"@id":"https:\/\/lasentinelle.dz\/#organization"},"potentialAction":[{"@type":"SearchAction","target":{"@type":"EntryPoint","urlTemplate":"https:\/\/lasentinelle.dz\/?s={search_term_string}"},"query-input":{"@type":"PropertyValueSpecification","valueRequired":true,"valueName":"search_term_string"}}],"inLanguage":"fr-FR"},{"@type":"Organization","@id":"https:\/\/lasentinelle.dz\/#organization","name":"Quotidien La Sentinelle","url":"https:\/\/lasentinelle.dz\/","logo":{"@type":"ImageObject","inLanguage":"fr-FR","@id":"https:\/\/lasentinelle.dz\/#\/schema\/logo\/image\/","url":"https:\/\/lasentinelle.dz\/wp-content\/uploads\/2021\/09\/logo-sentinelleSLOGAN-1.png","contentUrl":"https:\/\/lasentinelle.dz\/wp-content\/uploads\/2021\/09\/logo-sentinelleSLOGAN-1.png","width":615,"height":142,"caption":"Quotidien La Sentinelle"},"image":{"@id":"https:\/\/lasentinelle.dz\/#\/schema\/logo\/image\/"},"sameAs":["https:\/\/www.facebook.com\/La-Sentinelle-104059864394773"]},{"@type":"Person","@id":"https:\/\/lasentinelle.dz\/#\/schema\/person\/d865044e22e70a75174ce8bcad3acfb3","name":"La Sentinelle","image":{"@type":"ImageObject","inLanguage":"fr-FR","@id":"https:\/\/secure.gravatar.com\/avatar\/57de8e5d4b15d43fb361a71fbb36338450fe67865b528a43dd10ef7c51a20392?s=96&d=mm&r=g","url":"https:\/\/secure.gravatar.com\/avatar\/57de8e5d4b15d43fb361a71fbb36338450fe67865b528a43dd10ef7c51a20392?s=96&d=mm&r=g","contentUrl":"https:\/\/secure.gravatar.com\/avatar\/57de8e5d4b15d43fb361a71fbb36338450fe67865b528a43dd10ef7c51a20392?s=96&d=mm&r=g","caption":"La Sentinelle"},"sameAs":["http:\/\/www.lasentinelle.dz"],"url":"https:\/\/lasentinelle.dz\/author\/redaction\/"}]}},"_links":{"self":[{"href":"https:\/\/lasentinelle.dz\/index.php\/wp-json\/wp\/v2\/posts\/17455","targetHints":{"allow":["GET"]}}],"collection":[{"href":"https:\/\/lasentinelle.dz\/index.php\/wp-json\/wp\/v2\/posts"}],"about":[{"href":"https:\/\/lasentinelle.dz\/index.php\/wp-json\/wp\/v2\/types\/post"}],"author":[{"embeddable":true,"href":"https:\/\/lasentinelle.dz\/index.php\/wp-json\/wp\/v2\/users\/3"}],"replies":[{"embeddable":true,"href":"https:\/\/lasentinelle.dz\/index.php\/wp-json\/wp\/v2\/comments?post=17455"}],"version-history":[{"count":1,"href":"https:\/\/lasentinelle.dz\/index.php\/wp-json\/wp\/v2\/posts\/17455\/revisions"}],"predecessor-version":[{"id":17521,"href":"https:\/\/lasentinelle.dz\/index.php\/wp-json\/wp\/v2\/posts\/17455\/revisions\/17521"}],"wp:featuredmedia":[{"embeddable":true,"href":"https:\/\/lasentinelle.dz\/index.php\/wp-json\/wp\/v2\/media\/17520"}],"wp:attachment":[{"href":"https:\/\/lasentinelle.dz\/index.php\/wp-json\/wp\/v2\/media?parent=17455"}],"wp:term":[{"taxonomy":"category","embeddable":true,"href":"https:\/\/lasentinelle.dz\/index.php\/wp-json\/wp\/v2\/categories?post=17455"},{"taxonomy":"post_tag","embeddable":true,"href":"https:\/\/lasentinelle.dz\/index.php\/wp-json\/wp\/v2\/tags?post=17455"}],"curies":[{"name":"wp","href":"https:\/\/api.w.org\/{rel}","templated":true}]}}