{"id":1747,"date":"2021-07-19T00:01:00","date_gmt":"2021-07-18T23:01:00","guid":{"rendered":"https:\/\/lasentinelle.dz\/?p=1747"},"modified":"2021-07-18T20:25:18","modified_gmt":"2021-07-18T19:25:18","slug":"cloture-de-la-session-parlementaire-lundi-prochain-la-presentation-du-plan-daction-du-gouvernement-renvoyee","status":"publish","type":"post","link":"https:\/\/lasentinelle.dz\/index.php\/2021\/07\/19\/cloture-de-la-session-parlementaire-lundi-prochain-la-presentation-du-plan-daction-du-gouvernement-renvoyee\/","title":{"rendered":"Cl\u00f4ture de la session parlementaire lundi prochain : La pr\u00e9sentation du plan d\u2019action du gouvernement renvoy\u00e9e ?"},"content":{"rendered":"\n<p>La pr\u00e9sentation du plan d\u2019action du gouvernement pourrait bien attendre l\u2019ouverture de la prochaine session parlementaire dans la mesure o\u00f9 le calendrier actuel ne permettra pas au Premier ministre de se pr\u00e9senter devant le Parlement avant la cl\u00f4ture de la session en cours, pr\u00e9vue la semaine prochaine. Un communiqu\u00e9 du Conseil de la nation a indiqu\u00e9, hier, que la session parlementaire ordinaire 2020-2021 sera cl\u00f4tur\u00e9e le lundi 26 juillet courant. \u00ab En coordination avec les bureaux des deux chambres du parlement et en concertation avec le Premier ministre, il a \u00e9t\u00e9 d\u00e9cid\u00e9 de la cl\u00f4ture de la session ordinaire 2020-2021 le lundi 26 juillet 2021 \u00bb, pr\u00e9cise le communiqu\u00e9.&nbsp;&nbsp; Cette d\u00e9cision intervient \u00ab suite au communiqu\u00e9 rendu public le 28 juin 2021 portant prorogation de la session parlementaire ordinaire 2020-2021, en application de la Constitution, notamment son article 138, et en vertu de la loi organique N 16-12 d\u00e9finissant l&rsquo;organisation de l&rsquo;APN et du Conseil de la nation ainsi que les relations fonctionnelles entre les deux chambres du Parlement et le Gouvernement, particuli\u00e8rement dans son article 5 \u00bb, ajoute la m\u00eame source. Il est utile de rappeler dans ce sens que les dispositions constitutionnelles pr\u00e9voient que le Parlement se r\u00e9unit en session ordinaire de dix mois du deuxi\u00e8me jour ouvrable du mois de septembre jusqu\u2019\u00e0 la fin du mois de juin. Or, la session parlementaire a \u00e9t\u00e9 prolong\u00e9e cette ann\u00e9e dans le sillage des \u00e9lections l\u00e9gislatives anticip\u00e9es du 12 juin dernier. Une prolongation qui a permis d\u2019installer la nouvelle Assembl\u00e9e populaire nationale, l\u2019\u00e9lection de son pr\u00e9sident ainsi que de son bureau et de mener certains travaux d\u2019ordre organisationnel. Aussi, et si la d\u00e9signation des membres des douze commissions permanentes de l\u2019Assembl\u00e9e a \u00e9t\u00e9 report\u00e9e \u00e0 la prochaine session parlementaire, des interrogations ont subsist\u00e9 quant \u00e0 la possibilit\u00e9 de voir si la prolongation de la session en cours ne permettrait pas au Premier ministre de pr\u00e9senter son plan d\u2019action, dans la mesure o\u00f9 il est tenu par un d\u00e9lai r\u00e9glementaire de 45 jours. Le calendrier de cl\u00f4ture annonc\u00e9 par le Parlement met fin \u00e0 toutes les supputations. Reste \u00e0 savoir si la pr\u00e9sentation du plan d\u2019action du gouvernement n\u00e9cessitera la convocation d\u2019une session extraordinaire du Parlement afin de respecter les d\u00e9lais ou sera renvoy\u00e9e \u00e0 la prochaine session. Dans ce sens, les constitutionnalistes Amar Rekhila et Fatiha Benabbou ont r\u00e9cemment opt\u00e9 pour la seconde option et \u00e9cart\u00e9 la possibilit\u00e9 d\u2019organiser une session extraordinaire. N\u00e9anmoins toutes les options restent ouvertes, d\u2019autant plus que nous apprenons que le Premier ministre Aymen Benabderrahmane qui a du se confiner une semaine \u00e0 la suite d\u2019une contamination au covid-19 aurait repris l\u2019ensemble de ses activit\u00e9s et devrait r\u00e9unir son staff gouvernemental dans les tous prochains jours.&nbsp;<\/p>\n\n\n\n<p><strong>Samira Ghrib<\/strong><\/p>\n","protected":false},"excerpt":{"rendered":"<p>La pr\u00e9sentation du plan d\u2019action du gouvernement pourrait bien attendre l\u2019ouverture de la prochaine session parlementaire dans la mesure o\u00f9<\/p>\n","protected":false},"author":3,"featured_media":1748,"comment_status":"open","ping_status":"closed","sticky":false,"template":"","format":"standard","meta":{"colormag_page_container_layout":"default_layout","colormag_page_sidebar_layout":"default_layout","om_disable_all_campaigns":false,"_monsterinsights_skip_tracking":false,"_monsterinsights_sitenote_active":false,"_monsterinsights_sitenote_note":"","_monsterinsights_sitenote_category":0,"footnotes":"","_wpscppro_dont_share_socialmedia":false,"_wpscppro_custom_social_share_image":0,"_facebook_share_type":"","_twitter_share_type":"","_linkedin_share_type":"","_pinterest_share_type":"","_linkedin_share_type_page":"","_instagram_share_type":"","_medium_share_type":"","_threads_share_type":"","_google_business_share_type":"","_selected_social_profile":[],"_wpsp_enable_custom_social_template":false,"_wpsp_social_scheduling":{"enabled":false,"datetime":null,"platforms":[],"status":"template_only","dateOption":"today","timeOption":"now","customDays":"","customHours":"","customDate":"","customTime":"","schedulingType":"absolute"},"_wpsp_active_default_template":true},"categories":[52,27],"tags":[],"class_list":["post-1747","post","type-post","status-publish","format-standard","has-post-thumbnail","hentry","category-a-la-une","category-actualite"],"aioseo_notices":[],"yoast_head":"<!-- This site is optimized with the Yoast SEO plugin v27.5 - https:\/\/yoast.com\/product\/yoast-seo-wordpress\/ -->\n<title>Cl\u00f4ture de la session parlementaire lundi prochain : La pr\u00e9sentation du plan d\u2019action du gouvernement renvoy\u00e9e ? - La Sentinelle<\/title>\n<meta name=\"robots\" content=\"index, follow, max-snippet:-1, max-image-preview:large, max-video-preview:-1\" \/>\n<link rel=\"canonical\" href=\"https:\/\/lasentinelle.dz\/index.php\/2021\/07\/19\/cloture-de-la-session-parlementaire-lundi-prochain-la-presentation-du-plan-daction-du-gouvernement-renvoyee\/\" \/>\n<meta property=\"og:locale\" content=\"fr_FR\" \/>\n<meta property=\"og:type\" content=\"article\" \/>\n<meta property=\"og:title\" content=\"Cl\u00f4ture de la session parlementaire lundi prochain : La pr\u00e9sentation du plan d\u2019action du gouvernement renvoy\u00e9e ? - La Sentinelle\" \/>\n<meta property=\"og:description\" content=\"La pr\u00e9sentation du plan d\u2019action du gouvernement pourrait bien attendre l\u2019ouverture de la prochaine session parlementaire dans la mesure o\u00f9\" \/>\n<meta property=\"og:url\" content=\"https:\/\/lasentinelle.dz\/index.php\/2021\/07\/19\/cloture-de-la-session-parlementaire-lundi-prochain-la-presentation-du-plan-daction-du-gouvernement-renvoyee\/\" \/>\n<meta property=\"og:site_name\" content=\"La Sentinelle\" \/>\n<meta property=\"article:publisher\" content=\"https:\/\/www.facebook.com\/La-Sentinelle-104059864394773\" \/>\n<meta property=\"article:published_time\" content=\"2021-07-18T23:01:00+00:00\" \/>\n<meta property=\"og:image\" content=\"https:\/\/lasentinelle.dz\/wp-content\/uploads\/2021\/07\/apn-1.png\" \/>\n\t<meta property=\"og:image:width\" content=\"1199\" \/>\n\t<meta property=\"og:image:height\" content=\"900\" \/>\n\t<meta property=\"og:image:type\" content=\"image\/png\" \/>\n<meta name=\"author\" content=\"La Sentinelle\" \/>\n<meta name=\"twitter:card\" content=\"summary_large_image\" \/>\n<meta name=\"twitter:label1\" content=\"\u00c9crit par\" \/>\n\t<meta name=\"twitter:data1\" content=\"La Sentinelle\" \/>\n\t<meta name=\"twitter:label2\" content=\"Dur\u00e9e de lecture estim\u00e9e\" \/>\n\t<meta name=\"twitter:data2\" content=\"2 minutes\" \/>\n<script type=\"application\/ld+json\" class=\"yoast-schema-graph\">{\"@context\":\"https:\\\/\\\/schema.org\",\"@graph\":[{\"@type\":\"Article\",\"@id\":\"https:\\\/\\\/lasentinelle.dz\\\/index.php\\\/2021\\\/07\\\/19\\\/cloture-de-la-session-parlementaire-lundi-prochain-la-presentation-du-plan-daction-du-gouvernement-renvoyee\\\/#article\",\"isPartOf\":{\"@id\":\"https:\\\/\\\/lasentinelle.dz\\\/index.php\\\/2021\\\/07\\\/19\\\/cloture-de-la-session-parlementaire-lundi-prochain-la-presentation-du-plan-daction-du-gouvernement-renvoyee\\\/\"},\"author\":{\"name\":\"La Sentinelle\",\"@id\":\"https:\\\/\\\/lasentinelle.dz\\\/#\\\/schema\\\/person\\\/d865044e22e70a75174ce8bcad3acfb3\"},\"headline\":\"Cl\u00f4ture de la session parlementaire lundi prochain : La pr\u00e9sentation du plan d\u2019action du gouvernement renvoy\u00e9e ?\",\"datePublished\":\"2021-07-18T23:01:00+00:00\",\"mainEntityOfPage\":{\"@id\":\"https:\\\/\\\/lasentinelle.dz\\\/index.php\\\/2021\\\/07\\\/19\\\/cloture-de-la-session-parlementaire-lundi-prochain-la-presentation-du-plan-daction-du-gouvernement-renvoyee\\\/\"},\"wordCount\":507,\"commentCount\":0,\"publisher\":{\"@id\":\"https:\\\/\\\/lasentinelle.dz\\\/#organization\"},\"image\":{\"@id\":\"https:\\\/\\\/lasentinelle.dz\\\/index.php\\\/2021\\\/07\\\/19\\\/cloture-de-la-session-parlementaire-lundi-prochain-la-presentation-du-plan-daction-du-gouvernement-renvoyee\\\/#primaryimage\"},\"thumbnailUrl\":\"https:\\\/\\\/lasentinelle.dz\\\/wp-content\\\/uploads\\\/2021\\\/07\\\/apn-1.png\",\"articleSection\":[\"\u00c0 la Une\",\"Actualit\u00e9\"],\"inLanguage\":\"fr-FR\",\"potentialAction\":[{\"@type\":\"CommentAction\",\"name\":\"Comment\",\"target\":[\"https:\\\/\\\/lasentinelle.dz\\\/index.php\\\/2021\\\/07\\\/19\\\/cloture-de-la-session-parlementaire-lundi-prochain-la-presentation-du-plan-daction-du-gouvernement-renvoyee\\\/#respond\"]}]},{\"@type\":\"WebPage\",\"@id\":\"https:\\\/\\\/lasentinelle.dz\\\/index.php\\\/2021\\\/07\\\/19\\\/cloture-de-la-session-parlementaire-lundi-prochain-la-presentation-du-plan-daction-du-gouvernement-renvoyee\\\/\",\"url\":\"https:\\\/\\\/lasentinelle.dz\\\/index.php\\\/2021\\\/07\\\/19\\\/cloture-de-la-session-parlementaire-lundi-prochain-la-presentation-du-plan-daction-du-gouvernement-renvoyee\\\/\",\"name\":\"Cl\u00f4ture de la session parlementaire lundi prochain : La pr\u00e9sentation du plan d\u2019action du gouvernement renvoy\u00e9e ? - La Sentinelle\",\"isPartOf\":{\"@id\":\"https:\\\/\\\/lasentinelle.dz\\\/#website\"},\"primaryImageOfPage\":{\"@id\":\"https:\\\/\\\/lasentinelle.dz\\\/index.php\\\/2021\\\/07\\\/19\\\/cloture-de-la-session-parlementaire-lundi-prochain-la-presentation-du-plan-daction-du-gouvernement-renvoyee\\\/#primaryimage\"},\"image\":{\"@id\":\"https:\\\/\\\/lasentinelle.dz\\\/index.php\\\/2021\\\/07\\\/19\\\/cloture-de-la-session-parlementaire-lundi-prochain-la-presentation-du-plan-daction-du-gouvernement-renvoyee\\\/#primaryimage\"},\"thumbnailUrl\":\"https:\\\/\\\/lasentinelle.dz\\\/wp-content\\\/uploads\\\/2021\\\/07\\\/apn-1.png\",\"datePublished\":\"2021-07-18T23:01:00+00:00\",\"breadcrumb\":{\"@id\":\"https:\\\/\\\/lasentinelle.dz\\\/index.php\\\/2021\\\/07\\\/19\\\/cloture-de-la-session-parlementaire-lundi-prochain-la-presentation-du-plan-daction-du-gouvernement-renvoyee\\\/#breadcrumb\"},\"inLanguage\":\"fr-FR\",\"potentialAction\":[{\"@type\":\"ReadAction\",\"target\":[\"https:\\\/\\\/lasentinelle.dz\\\/index.php\\\/2021\\\/07\\\/19\\\/cloture-de-la-session-parlementaire-lundi-prochain-la-presentation-du-plan-daction-du-gouvernement-renvoyee\\\/\"]}]},{\"@type\":\"ImageObject\",\"inLanguage\":\"fr-FR\",\"@id\":\"https:\\\/\\\/lasentinelle.dz\\\/index.php\\\/2021\\\/07\\\/19\\\/cloture-de-la-session-parlementaire-lundi-prochain-la-presentation-du-plan-daction-du-gouvernement-renvoyee\\\/#primaryimage\",\"url\":\"https:\\\/\\\/lasentinelle.dz\\\/wp-content\\\/uploads\\\/2021\\\/07\\\/apn-1.png\",\"contentUrl\":\"https:\\\/\\\/lasentinelle.dz\\\/wp-content\\\/uploads\\\/2021\\\/07\\\/apn-1.png\",\"width\":1199,\"height\":900},{\"@type\":\"BreadcrumbList\",\"@id\":\"https:\\\/\\\/lasentinelle.dz\\\/index.php\\\/2021\\\/07\\\/19\\\/cloture-de-la-session-parlementaire-lundi-prochain-la-presentation-du-plan-daction-du-gouvernement-renvoyee\\\/#breadcrumb\",\"itemListElement\":[{\"@type\":\"ListItem\",\"position\":1,\"name\":\"Accueil\",\"item\":\"https:\\\/\\\/lasentinelle.dz\\\/\"},{\"@type\":\"ListItem\",\"position\":2,\"name\":\"Cl\u00f4ture de la session parlementaire lundi prochain : La pr\u00e9sentation du plan d\u2019action du gouvernement renvoy\u00e9e ?\"}]},{\"@type\":\"WebSite\",\"@id\":\"https:\\\/\\\/lasentinelle.dz\\\/#website\",\"url\":\"https:\\\/\\\/lasentinelle.dz\\\/\",\"name\":\"La Sentinelle\",\"description\":\"Quotidien national d&#039;information\",\"publisher\":{\"@id\":\"https:\\\/\\\/lasentinelle.dz\\\/#organization\"},\"potentialAction\":[{\"@type\":\"SearchAction\",\"target\":{\"@type\":\"EntryPoint\",\"urlTemplate\":\"https:\\\/\\\/lasentinelle.dz\\\/?s={search_term_string}\"},\"query-input\":{\"@type\":\"PropertyValueSpecification\",\"valueRequired\":true,\"valueName\":\"search_term_string\"}}],\"inLanguage\":\"fr-FR\"},{\"@type\":\"Organization\",\"@id\":\"https:\\\/\\\/lasentinelle.dz\\\/#organization\",\"name\":\"Quotidien La Sentinelle\",\"url\":\"https:\\\/\\\/lasentinelle.dz\\\/\",\"logo\":{\"@type\":\"ImageObject\",\"inLanguage\":\"fr-FR\",\"@id\":\"https:\\\/\\\/lasentinelle.dz\\\/#\\\/schema\\\/logo\\\/image\\\/\",\"url\":\"https:\\\/\\\/lasentinelle.dz\\\/wp-content\\\/uploads\\\/2021\\\/09\\\/logo-sentinelleSLOGAN-1.png\",\"contentUrl\":\"https:\\\/\\\/lasentinelle.dz\\\/wp-content\\\/uploads\\\/2021\\\/09\\\/logo-sentinelleSLOGAN-1.png\",\"width\":615,\"height\":142,\"caption\":\"Quotidien La Sentinelle\"},\"image\":{\"@id\":\"https:\\\/\\\/lasentinelle.dz\\\/#\\\/schema\\\/logo\\\/image\\\/\"},\"sameAs\":[\"https:\\\/\\\/www.facebook.com\\\/La-Sentinelle-104059864394773\"]},{\"@type\":\"Person\",\"@id\":\"https:\\\/\\\/lasentinelle.dz\\\/#\\\/schema\\\/person\\\/d865044e22e70a75174ce8bcad3acfb3\",\"name\":\"La Sentinelle\",\"image\":{\"@type\":\"ImageObject\",\"inLanguage\":\"fr-FR\",\"@id\":\"https:\\\/\\\/secure.gravatar.com\\\/avatar\\\/57de8e5d4b15d43fb361a71fbb36338450fe67865b528a43dd10ef7c51a20392?s=96&d=mm&r=g\",\"url\":\"https:\\\/\\\/secure.gravatar.com\\\/avatar\\\/57de8e5d4b15d43fb361a71fbb36338450fe67865b528a43dd10ef7c51a20392?s=96&d=mm&r=g\",\"contentUrl\":\"https:\\\/\\\/secure.gravatar.com\\\/avatar\\\/57de8e5d4b15d43fb361a71fbb36338450fe67865b528a43dd10ef7c51a20392?s=96&d=mm&r=g\",\"caption\":\"La Sentinelle\"},\"sameAs\":[\"http:\\\/\\\/www.lasentinelle.dz\"],\"url\":\"https:\\\/\\\/lasentinelle.dz\\\/author\\\/redaction\\\/\"}]}<\/script>\n<!-- \/ Yoast SEO plugin. -->","yoast_head_json":{"title":"Cl\u00f4ture de la session parlementaire lundi prochain : La pr\u00e9sentation du plan d\u2019action du gouvernement renvoy\u00e9e ? - La Sentinelle","robots":{"index":"index","follow":"follow","max-snippet":"max-snippet:-1","max-image-preview":"max-image-preview:large","max-video-preview":"max-video-preview:-1"},"canonical":"https:\/\/lasentinelle.dz\/index.php\/2021\/07\/19\/cloture-de-la-session-parlementaire-lundi-prochain-la-presentation-du-plan-daction-du-gouvernement-renvoyee\/","og_locale":"fr_FR","og_type":"article","og_title":"Cl\u00f4ture de la session parlementaire lundi prochain : La pr\u00e9sentation du plan d\u2019action du gouvernement renvoy\u00e9e ? - La Sentinelle","og_description":"La pr\u00e9sentation du plan d\u2019action du gouvernement pourrait bien attendre l\u2019ouverture de la prochaine session parlementaire dans la mesure o\u00f9","og_url":"https:\/\/lasentinelle.dz\/index.php\/2021\/07\/19\/cloture-de-la-session-parlementaire-lundi-prochain-la-presentation-du-plan-daction-du-gouvernement-renvoyee\/","og_site_name":"La Sentinelle","article_publisher":"https:\/\/www.facebook.com\/La-Sentinelle-104059864394773","article_published_time":"2021-07-18T23:01:00+00:00","og_image":[{"width":1199,"height":900,"url":"https:\/\/lasentinelle.dz\/wp-content\/uploads\/2021\/07\/apn-1.png","type":"image\/png"}],"author":"La Sentinelle","twitter_card":"summary_large_image","twitter_misc":{"\u00c9crit par":"La Sentinelle","Dur\u00e9e de lecture estim\u00e9e":"2 minutes"},"schema":{"@context":"https:\/\/schema.org","@graph":[{"@type":"Article","@id":"https:\/\/lasentinelle.dz\/index.php\/2021\/07\/19\/cloture-de-la-session-parlementaire-lundi-prochain-la-presentation-du-plan-daction-du-gouvernement-renvoyee\/#article","isPartOf":{"@id":"https:\/\/lasentinelle.dz\/index.php\/2021\/07\/19\/cloture-de-la-session-parlementaire-lundi-prochain-la-presentation-du-plan-daction-du-gouvernement-renvoyee\/"},"author":{"name":"La Sentinelle","@id":"https:\/\/lasentinelle.dz\/#\/schema\/person\/d865044e22e70a75174ce8bcad3acfb3"},"headline":"Cl\u00f4ture de la session parlementaire lundi prochain : La pr\u00e9sentation du plan d\u2019action du gouvernement renvoy\u00e9e ?","datePublished":"2021-07-18T23:01:00+00:00","mainEntityOfPage":{"@id":"https:\/\/lasentinelle.dz\/index.php\/2021\/07\/19\/cloture-de-la-session-parlementaire-lundi-prochain-la-presentation-du-plan-daction-du-gouvernement-renvoyee\/"},"wordCount":507,"commentCount":0,"publisher":{"@id":"https:\/\/lasentinelle.dz\/#organization"},"image":{"@id":"https:\/\/lasentinelle.dz\/index.php\/2021\/07\/19\/cloture-de-la-session-parlementaire-lundi-prochain-la-presentation-du-plan-daction-du-gouvernement-renvoyee\/#primaryimage"},"thumbnailUrl":"https:\/\/lasentinelle.dz\/wp-content\/uploads\/2021\/07\/apn-1.png","articleSection":["\u00c0 la Une","Actualit\u00e9"],"inLanguage":"fr-FR","potentialAction":[{"@type":"CommentAction","name":"Comment","target":["https:\/\/lasentinelle.dz\/index.php\/2021\/07\/19\/cloture-de-la-session-parlementaire-lundi-prochain-la-presentation-du-plan-daction-du-gouvernement-renvoyee\/#respond"]}]},{"@type":"WebPage","@id":"https:\/\/lasentinelle.dz\/index.php\/2021\/07\/19\/cloture-de-la-session-parlementaire-lundi-prochain-la-presentation-du-plan-daction-du-gouvernement-renvoyee\/","url":"https:\/\/lasentinelle.dz\/index.php\/2021\/07\/19\/cloture-de-la-session-parlementaire-lundi-prochain-la-presentation-du-plan-daction-du-gouvernement-renvoyee\/","name":"Cl\u00f4ture de la session parlementaire lundi prochain : La pr\u00e9sentation du plan d\u2019action du gouvernement renvoy\u00e9e ? - La Sentinelle","isPartOf":{"@id":"https:\/\/lasentinelle.dz\/#website"},"primaryImageOfPage":{"@id":"https:\/\/lasentinelle.dz\/index.php\/2021\/07\/19\/cloture-de-la-session-parlementaire-lundi-prochain-la-presentation-du-plan-daction-du-gouvernement-renvoyee\/#primaryimage"},"image":{"@id":"https:\/\/lasentinelle.dz\/index.php\/2021\/07\/19\/cloture-de-la-session-parlementaire-lundi-prochain-la-presentation-du-plan-daction-du-gouvernement-renvoyee\/#primaryimage"},"thumbnailUrl":"https:\/\/lasentinelle.dz\/wp-content\/uploads\/2021\/07\/apn-1.png","datePublished":"2021-07-18T23:01:00+00:00","breadcrumb":{"@id":"https:\/\/lasentinelle.dz\/index.php\/2021\/07\/19\/cloture-de-la-session-parlementaire-lundi-prochain-la-presentation-du-plan-daction-du-gouvernement-renvoyee\/#breadcrumb"},"inLanguage":"fr-FR","potentialAction":[{"@type":"ReadAction","target":["https:\/\/lasentinelle.dz\/index.php\/2021\/07\/19\/cloture-de-la-session-parlementaire-lundi-prochain-la-presentation-du-plan-daction-du-gouvernement-renvoyee\/"]}]},{"@type":"ImageObject","inLanguage":"fr-FR","@id":"https:\/\/lasentinelle.dz\/index.php\/2021\/07\/19\/cloture-de-la-session-parlementaire-lundi-prochain-la-presentation-du-plan-daction-du-gouvernement-renvoyee\/#primaryimage","url":"https:\/\/lasentinelle.dz\/wp-content\/uploads\/2021\/07\/apn-1.png","contentUrl":"https:\/\/lasentinelle.dz\/wp-content\/uploads\/2021\/07\/apn-1.png","width":1199,"height":900},{"@type":"BreadcrumbList","@id":"https:\/\/lasentinelle.dz\/index.php\/2021\/07\/19\/cloture-de-la-session-parlementaire-lundi-prochain-la-presentation-du-plan-daction-du-gouvernement-renvoyee\/#breadcrumb","itemListElement":[{"@type":"ListItem","position":1,"name":"Accueil","item":"https:\/\/lasentinelle.dz\/"},{"@type":"ListItem","position":2,"name":"Cl\u00f4ture de la session parlementaire lundi prochain : La pr\u00e9sentation du plan d\u2019action du gouvernement renvoy\u00e9e ?"}]},{"@type":"WebSite","@id":"https:\/\/lasentinelle.dz\/#website","url":"https:\/\/lasentinelle.dz\/","name":"La Sentinelle","description":"Quotidien national d&#039;information","publisher":{"@id":"https:\/\/lasentinelle.dz\/#organization"},"potentialAction":[{"@type":"SearchAction","target":{"@type":"EntryPoint","urlTemplate":"https:\/\/lasentinelle.dz\/?s={search_term_string}"},"query-input":{"@type":"PropertyValueSpecification","valueRequired":true,"valueName":"search_term_string"}}],"inLanguage":"fr-FR"},{"@type":"Organization","@id":"https:\/\/lasentinelle.dz\/#organization","name":"Quotidien La Sentinelle","url":"https:\/\/lasentinelle.dz\/","logo":{"@type":"ImageObject","inLanguage":"fr-FR","@id":"https:\/\/lasentinelle.dz\/#\/schema\/logo\/image\/","url":"https:\/\/lasentinelle.dz\/wp-content\/uploads\/2021\/09\/logo-sentinelleSLOGAN-1.png","contentUrl":"https:\/\/lasentinelle.dz\/wp-content\/uploads\/2021\/09\/logo-sentinelleSLOGAN-1.png","width":615,"height":142,"caption":"Quotidien La Sentinelle"},"image":{"@id":"https:\/\/lasentinelle.dz\/#\/schema\/logo\/image\/"},"sameAs":["https:\/\/www.facebook.com\/La-Sentinelle-104059864394773"]},{"@type":"Person","@id":"https:\/\/lasentinelle.dz\/#\/schema\/person\/d865044e22e70a75174ce8bcad3acfb3","name":"La Sentinelle","image":{"@type":"ImageObject","inLanguage":"fr-FR","@id":"https:\/\/secure.gravatar.com\/avatar\/57de8e5d4b15d43fb361a71fbb36338450fe67865b528a43dd10ef7c51a20392?s=96&d=mm&r=g","url":"https:\/\/secure.gravatar.com\/avatar\/57de8e5d4b15d43fb361a71fbb36338450fe67865b528a43dd10ef7c51a20392?s=96&d=mm&r=g","contentUrl":"https:\/\/secure.gravatar.com\/avatar\/57de8e5d4b15d43fb361a71fbb36338450fe67865b528a43dd10ef7c51a20392?s=96&d=mm&r=g","caption":"La Sentinelle"},"sameAs":["http:\/\/www.lasentinelle.dz"],"url":"https:\/\/lasentinelle.dz\/author\/redaction\/"}]}},"_links":{"self":[{"href":"https:\/\/lasentinelle.dz\/index.php\/wp-json\/wp\/v2\/posts\/1747","targetHints":{"allow":["GET"]}}],"collection":[{"href":"https:\/\/lasentinelle.dz\/index.php\/wp-json\/wp\/v2\/posts"}],"about":[{"href":"https:\/\/lasentinelle.dz\/index.php\/wp-json\/wp\/v2\/types\/post"}],"author":[{"embeddable":true,"href":"https:\/\/lasentinelle.dz\/index.php\/wp-json\/wp\/v2\/users\/3"}],"replies":[{"embeddable":true,"href":"https:\/\/lasentinelle.dz\/index.php\/wp-json\/wp\/v2\/comments?post=1747"}],"version-history":[{"count":1,"href":"https:\/\/lasentinelle.dz\/index.php\/wp-json\/wp\/v2\/posts\/1747\/revisions"}],"predecessor-version":[{"id":1749,"href":"https:\/\/lasentinelle.dz\/index.php\/wp-json\/wp\/v2\/posts\/1747\/revisions\/1749"}],"wp:featuredmedia":[{"embeddable":true,"href":"https:\/\/lasentinelle.dz\/index.php\/wp-json\/wp\/v2\/media\/1748"}],"wp:attachment":[{"href":"https:\/\/lasentinelle.dz\/index.php\/wp-json\/wp\/v2\/media?parent=1747"}],"wp:term":[{"taxonomy":"category","embeddable":true,"href":"https:\/\/lasentinelle.dz\/index.php\/wp-json\/wp\/v2\/categories?post=1747"},{"taxonomy":"post_tag","embeddable":true,"href":"https:\/\/lasentinelle.dz\/index.php\/wp-json\/wp\/v2\/tags?post=1747"}],"curies":[{"name":"wp","href":"https:\/\/api.w.org\/{rel}","templated":true}]}}