{"id":17477,"date":"2022-02-24T00:01:00","date_gmt":"2022-02-23T23:01:00","guid":{"rendered":"https:\/\/lasentinelle.dz\/?p=17477"},"modified":"2022-02-23T18:29:13","modified_gmt":"2022-02-23T17:29:13","slug":"renovation-du-telepherique-doran-bekkai-insiste-sur-les-delais","status":"publish","type":"post","link":"https:\/\/lasentinelle.dz\/index.php\/2022\/02\/24\/renovation-du-telepherique-doran-bekkai-insiste-sur-les-delais\/","title":{"rendered":"R\u00e9novation du T\u00e9l\u00e9ph\u00e9rique d\u2019Oran\u00a0:\u00a0Bekkai insiste sur les d\u00e9lais"},"content":{"rendered":"\n<p>Le ministre des Transports, Aissa Bekkai, a insist\u00e9 sur \u00abla n\u00e9cessit\u00e9 d\u2019acc\u00e9l\u00e9rer les travaux de r\u00e9novation du t\u00e9l\u00e9ph\u00e9rique d\u2019Oran\u00bb. \u00c0 l\u2019arr\u00eat depuis 9 ans, le projet est en plein chantier, le taux d\u2019avancement est \u00e0 55%. Le ministre a insist\u00e9 pour \u00e9toffer le secteur des transports par ce moyen de transport par c\u00e2bles en le livrant avant la tenue des JM&nbsp;2022, et le lancement de la mise en place des 11 poteaux d\u2019appuis s\u2019\u00e9tendant de Hai Nasr (ex-Derb) jusqu\u2019aux hauteurs du Plateau Moula Abdelkader du Mont de Murdjadjou, en survolant le quartier des Planteurs, surplombant le vieil Oran, Sidi El Houari. Le projet a \u00e9t\u00e9 confi\u00e9 \u00e0 une entreprise suisse-autrichienne. Ce dernier comporte la remise en l\u2019\u00e9tat des trois stations, les c\u00e2bles et les cabines.&nbsp;&nbsp;Aissa Bekkai a \u00e9galement pr\u00e9sid\u00e9 la c\u00e9r\u00e9monie de la r\u00e9ception, par le port d\u2019Oran, de 04 bateaux d\u2019accostage des grands navires. \u00abCes bateaux sont de fabrication alg\u00e9rienne avec un taux d\u2019int\u00e9gration de plus de 60%\u00bb, a affirm\u00e9 le ministre, expliquant que \u00ableur fabrication en Alg\u00e9rie nous a permis la r\u00e9duction de la facture des importations\u00bb. \u00abD\u2019autant plus, leur importation est on\u00e9reuse\u00bb.<\/p>\n\n\n\n<p><strong>S.<\/strong><strong>&nbsp;A<\/strong><strong>.<\/strong><\/p>\n","protected":false},"excerpt":{"rendered":"<p>Le ministre des Transports, Aissa Bekkai, a insist\u00e9 sur \u00abla n\u00e9cessit\u00e9 d\u2019acc\u00e9l\u00e9rer les travaux de r\u00e9novation du t\u00e9l\u00e9ph\u00e9rique d\u2019Oran\u00bb. \u00c0<\/p>\n","protected":false},"author":3,"featured_media":17485,"comment_status":"open","ping_status":"closed","sticky":false,"template":"","format":"standard","meta":{"colormag_page_container_layout":"default_layout","colormag_page_sidebar_layout":"default_layout","om_disable_all_campaigns":false,"_monsterinsights_skip_tracking":false,"_monsterinsights_sitenote_active":false,"_monsterinsights_sitenote_note":"","_monsterinsights_sitenote_category":0,"footnotes":"","_wpscppro_dont_share_socialmedia":false,"_wpscppro_custom_social_share_image":0,"_facebook_share_type":"","_twitter_share_type":"","_linkedin_share_type":"","_pinterest_share_type":"","_linkedin_share_type_page":"","_instagram_share_type":"","_medium_share_type":"","_threads_share_type":"","_google_business_share_type":"","_selected_social_profile":[],"_wpsp_enable_custom_social_template":false,"_wpsp_social_scheduling":{"enabled":false,"datetime":null,"platforms":[],"status":"template_only","dateOption":"today","timeOption":"now","customDays":"","customHours":"","customDate":"","customTime":"","schedulingType":"absolute"},"_wpsp_active_default_template":true},"categories":[29],"tags":[],"class_list":["post-17477","post","type-post","status-publish","format-standard","has-post-thumbnail","hentry","category-economie"],"aioseo_notices":[],"yoast_head":"<!-- This site is optimized with the Yoast SEO plugin v27.5 - https:\/\/yoast.com\/product\/yoast-seo-wordpress\/ -->\n<title>R\u00e9novation du T\u00e9l\u00e9ph\u00e9rique d\u2019Oran\u00a0:\u00a0Bekkai insiste sur les d\u00e9lais - La Sentinelle<\/title>\n<meta name=\"robots\" content=\"index, follow, max-snippet:-1, max-image-preview:large, max-video-preview:-1\" \/>\n<link rel=\"canonical\" href=\"https:\/\/lasentinelle.dz\/index.php\/2022\/02\/24\/renovation-du-telepherique-doran-bekkai-insiste-sur-les-delais\/\" \/>\n<meta property=\"og:locale\" content=\"fr_FR\" \/>\n<meta property=\"og:type\" content=\"article\" \/>\n<meta property=\"og:title\" content=\"R\u00e9novation du T\u00e9l\u00e9ph\u00e9rique d\u2019Oran\u00a0:\u00a0Bekkai insiste sur les d\u00e9lais - La Sentinelle\" \/>\n<meta property=\"og:description\" content=\"Le ministre des Transports, Aissa Bekkai, a insist\u00e9 sur \u00abla n\u00e9cessit\u00e9 d\u2019acc\u00e9l\u00e9rer les travaux de r\u00e9novation du t\u00e9l\u00e9ph\u00e9rique d\u2019Oran\u00bb. \u00c0\" \/>\n<meta property=\"og:url\" content=\"https:\/\/lasentinelle.dz\/index.php\/2022\/02\/24\/renovation-du-telepherique-doran-bekkai-insiste-sur-les-delais\/\" \/>\n<meta property=\"og:site_name\" content=\"La Sentinelle\" \/>\n<meta property=\"article:publisher\" content=\"https:\/\/www.facebook.com\/La-Sentinelle-104059864394773\" \/>\n<meta property=\"article:published_time\" content=\"2022-02-23T23:01:00+00:00\" \/>\n<meta property=\"og:image\" content=\"https:\/\/lasentinelle.dz\/wp-content\/uploads\/2022\/02\/Unknown-13.jpeg\" \/>\n\t<meta property=\"og:image:width\" content=\"270\" \/>\n\t<meta property=\"og:image:height\" content=\"187\" \/>\n\t<meta property=\"og:image:type\" content=\"image\/jpeg\" \/>\n<meta name=\"author\" content=\"La Sentinelle\" \/>\n<meta name=\"twitter:card\" content=\"summary_large_image\" \/>\n<meta name=\"twitter:label1\" content=\"\u00c9crit par\" \/>\n\t<meta name=\"twitter:data1\" content=\"La Sentinelle\" \/>\n\t<meta name=\"twitter:label2\" content=\"Dur\u00e9e de lecture estim\u00e9e\" \/>\n\t<meta name=\"twitter:data2\" content=\"1 minute\" \/>\n<script type=\"application\/ld+json\" class=\"yoast-schema-graph\">{\"@context\":\"https:\\\/\\\/schema.org\",\"@graph\":[{\"@type\":\"Article\",\"@id\":\"https:\\\/\\\/lasentinelle.dz\\\/index.php\\\/2022\\\/02\\\/24\\\/renovation-du-telepherique-doran-bekkai-insiste-sur-les-delais\\\/#article\",\"isPartOf\":{\"@id\":\"https:\\\/\\\/lasentinelle.dz\\\/index.php\\\/2022\\\/02\\\/24\\\/renovation-du-telepherique-doran-bekkai-insiste-sur-les-delais\\\/\"},\"author\":{\"name\":\"La Sentinelle\",\"@id\":\"https:\\\/\\\/lasentinelle.dz\\\/#\\\/schema\\\/person\\\/d865044e22e70a75174ce8bcad3acfb3\"},\"headline\":\"R\u00e9novation du T\u00e9l\u00e9ph\u00e9rique d\u2019Oran\u00a0:\u00a0Bekkai insiste sur les d\u00e9lais\",\"datePublished\":\"2022-02-23T23:01:00+00:00\",\"mainEntityOfPage\":{\"@id\":\"https:\\\/\\\/lasentinelle.dz\\\/index.php\\\/2022\\\/02\\\/24\\\/renovation-du-telepherique-doran-bekkai-insiste-sur-les-delais\\\/\"},\"wordCount\":230,\"commentCount\":0,\"publisher\":{\"@id\":\"https:\\\/\\\/lasentinelle.dz\\\/#organization\"},\"image\":{\"@id\":\"https:\\\/\\\/lasentinelle.dz\\\/index.php\\\/2022\\\/02\\\/24\\\/renovation-du-telepherique-doran-bekkai-insiste-sur-les-delais\\\/#primaryimage\"},\"thumbnailUrl\":\"https:\\\/\\\/lasentinelle.dz\\\/wp-content\\\/uploads\\\/2022\\\/02\\\/Unknown-13.jpeg\",\"articleSection\":[\"\u00c9conomie\"],\"inLanguage\":\"fr-FR\",\"potentialAction\":[{\"@type\":\"CommentAction\",\"name\":\"Comment\",\"target\":[\"https:\\\/\\\/lasentinelle.dz\\\/index.php\\\/2022\\\/02\\\/24\\\/renovation-du-telepherique-doran-bekkai-insiste-sur-les-delais\\\/#respond\"]}]},{\"@type\":\"WebPage\",\"@id\":\"https:\\\/\\\/lasentinelle.dz\\\/index.php\\\/2022\\\/02\\\/24\\\/renovation-du-telepherique-doran-bekkai-insiste-sur-les-delais\\\/\",\"url\":\"https:\\\/\\\/lasentinelle.dz\\\/index.php\\\/2022\\\/02\\\/24\\\/renovation-du-telepherique-doran-bekkai-insiste-sur-les-delais\\\/\",\"name\":\"R\u00e9novation du T\u00e9l\u00e9ph\u00e9rique d\u2019Oran\u00a0:\u00a0Bekkai insiste sur les d\u00e9lais - La Sentinelle\",\"isPartOf\":{\"@id\":\"https:\\\/\\\/lasentinelle.dz\\\/#website\"},\"primaryImageOfPage\":{\"@id\":\"https:\\\/\\\/lasentinelle.dz\\\/index.php\\\/2022\\\/02\\\/24\\\/renovation-du-telepherique-doran-bekkai-insiste-sur-les-delais\\\/#primaryimage\"},\"image\":{\"@id\":\"https:\\\/\\\/lasentinelle.dz\\\/index.php\\\/2022\\\/02\\\/24\\\/renovation-du-telepherique-doran-bekkai-insiste-sur-les-delais\\\/#primaryimage\"},\"thumbnailUrl\":\"https:\\\/\\\/lasentinelle.dz\\\/wp-content\\\/uploads\\\/2022\\\/02\\\/Unknown-13.jpeg\",\"datePublished\":\"2022-02-23T23:01:00+00:00\",\"breadcrumb\":{\"@id\":\"https:\\\/\\\/lasentinelle.dz\\\/index.php\\\/2022\\\/02\\\/24\\\/renovation-du-telepherique-doran-bekkai-insiste-sur-les-delais\\\/#breadcrumb\"},\"inLanguage\":\"fr-FR\",\"potentialAction\":[{\"@type\":\"ReadAction\",\"target\":[\"https:\\\/\\\/lasentinelle.dz\\\/index.php\\\/2022\\\/02\\\/24\\\/renovation-du-telepherique-doran-bekkai-insiste-sur-les-delais\\\/\"]}]},{\"@type\":\"ImageObject\",\"inLanguage\":\"fr-FR\",\"@id\":\"https:\\\/\\\/lasentinelle.dz\\\/index.php\\\/2022\\\/02\\\/24\\\/renovation-du-telepherique-doran-bekkai-insiste-sur-les-delais\\\/#primaryimage\",\"url\":\"https:\\\/\\\/lasentinelle.dz\\\/wp-content\\\/uploads\\\/2022\\\/02\\\/Unknown-13.jpeg\",\"contentUrl\":\"https:\\\/\\\/lasentinelle.dz\\\/wp-content\\\/uploads\\\/2022\\\/02\\\/Unknown-13.jpeg\",\"width\":270,\"height\":187},{\"@type\":\"BreadcrumbList\",\"@id\":\"https:\\\/\\\/lasentinelle.dz\\\/index.php\\\/2022\\\/02\\\/24\\\/renovation-du-telepherique-doran-bekkai-insiste-sur-les-delais\\\/#breadcrumb\",\"itemListElement\":[{\"@type\":\"ListItem\",\"position\":1,\"name\":\"Accueil\",\"item\":\"https:\\\/\\\/lasentinelle.dz\\\/\"},{\"@type\":\"ListItem\",\"position\":2,\"name\":\"R\u00e9novation du T\u00e9l\u00e9ph\u00e9rique d\u2019Oran\u00a0:\u00a0Bekkai insiste sur les d\u00e9lais\"}]},{\"@type\":\"WebSite\",\"@id\":\"https:\\\/\\\/lasentinelle.dz\\\/#website\",\"url\":\"https:\\\/\\\/lasentinelle.dz\\\/\",\"name\":\"La Sentinelle\",\"description\":\"Quotidien national d&#039;information\",\"publisher\":{\"@id\":\"https:\\\/\\\/lasentinelle.dz\\\/#organization\"},\"potentialAction\":[{\"@type\":\"SearchAction\",\"target\":{\"@type\":\"EntryPoint\",\"urlTemplate\":\"https:\\\/\\\/lasentinelle.dz\\\/?s={search_term_string}\"},\"query-input\":{\"@type\":\"PropertyValueSpecification\",\"valueRequired\":true,\"valueName\":\"search_term_string\"}}],\"inLanguage\":\"fr-FR\"},{\"@type\":\"Organization\",\"@id\":\"https:\\\/\\\/lasentinelle.dz\\\/#organization\",\"name\":\"Quotidien La Sentinelle\",\"url\":\"https:\\\/\\\/lasentinelle.dz\\\/\",\"logo\":{\"@type\":\"ImageObject\",\"inLanguage\":\"fr-FR\",\"@id\":\"https:\\\/\\\/lasentinelle.dz\\\/#\\\/schema\\\/logo\\\/image\\\/\",\"url\":\"https:\\\/\\\/lasentinelle.dz\\\/wp-content\\\/uploads\\\/2021\\\/09\\\/logo-sentinelleSLOGAN-1.png\",\"contentUrl\":\"https:\\\/\\\/lasentinelle.dz\\\/wp-content\\\/uploads\\\/2021\\\/09\\\/logo-sentinelleSLOGAN-1.png\",\"width\":615,\"height\":142,\"caption\":\"Quotidien La Sentinelle\"},\"image\":{\"@id\":\"https:\\\/\\\/lasentinelle.dz\\\/#\\\/schema\\\/logo\\\/image\\\/\"},\"sameAs\":[\"https:\\\/\\\/www.facebook.com\\\/La-Sentinelle-104059864394773\"]},{\"@type\":\"Person\",\"@id\":\"https:\\\/\\\/lasentinelle.dz\\\/#\\\/schema\\\/person\\\/d865044e22e70a75174ce8bcad3acfb3\",\"name\":\"La Sentinelle\",\"image\":{\"@type\":\"ImageObject\",\"inLanguage\":\"fr-FR\",\"@id\":\"https:\\\/\\\/secure.gravatar.com\\\/avatar\\\/57de8e5d4b15d43fb361a71fbb36338450fe67865b528a43dd10ef7c51a20392?s=96&d=mm&r=g\",\"url\":\"https:\\\/\\\/secure.gravatar.com\\\/avatar\\\/57de8e5d4b15d43fb361a71fbb36338450fe67865b528a43dd10ef7c51a20392?s=96&d=mm&r=g\",\"contentUrl\":\"https:\\\/\\\/secure.gravatar.com\\\/avatar\\\/57de8e5d4b15d43fb361a71fbb36338450fe67865b528a43dd10ef7c51a20392?s=96&d=mm&r=g\",\"caption\":\"La Sentinelle\"},\"sameAs\":[\"http:\\\/\\\/www.lasentinelle.dz\"],\"url\":\"https:\\\/\\\/lasentinelle.dz\\\/author\\\/redaction\\\/\"}]}<\/script>\n<!-- \/ Yoast SEO plugin. -->","yoast_head_json":{"title":"R\u00e9novation du T\u00e9l\u00e9ph\u00e9rique d\u2019Oran\u00a0:\u00a0Bekkai insiste sur les d\u00e9lais - La Sentinelle","robots":{"index":"index","follow":"follow","max-snippet":"max-snippet:-1","max-image-preview":"max-image-preview:large","max-video-preview":"max-video-preview:-1"},"canonical":"https:\/\/lasentinelle.dz\/index.php\/2022\/02\/24\/renovation-du-telepherique-doran-bekkai-insiste-sur-les-delais\/","og_locale":"fr_FR","og_type":"article","og_title":"R\u00e9novation du T\u00e9l\u00e9ph\u00e9rique d\u2019Oran\u00a0:\u00a0Bekkai insiste sur les d\u00e9lais - La Sentinelle","og_description":"Le ministre des Transports, Aissa Bekkai, a insist\u00e9 sur \u00abla n\u00e9cessit\u00e9 d\u2019acc\u00e9l\u00e9rer les travaux de r\u00e9novation du t\u00e9l\u00e9ph\u00e9rique d\u2019Oran\u00bb. \u00c0","og_url":"https:\/\/lasentinelle.dz\/index.php\/2022\/02\/24\/renovation-du-telepherique-doran-bekkai-insiste-sur-les-delais\/","og_site_name":"La Sentinelle","article_publisher":"https:\/\/www.facebook.com\/La-Sentinelle-104059864394773","article_published_time":"2022-02-23T23:01:00+00:00","og_image":[{"width":270,"height":187,"url":"https:\/\/lasentinelle.dz\/wp-content\/uploads\/2022\/02\/Unknown-13.jpeg","type":"image\/jpeg"}],"author":"La Sentinelle","twitter_card":"summary_large_image","twitter_misc":{"\u00c9crit par":"La Sentinelle","Dur\u00e9e de lecture estim\u00e9e":"1 minute"},"schema":{"@context":"https:\/\/schema.org","@graph":[{"@type":"Article","@id":"https:\/\/lasentinelle.dz\/index.php\/2022\/02\/24\/renovation-du-telepherique-doran-bekkai-insiste-sur-les-delais\/#article","isPartOf":{"@id":"https:\/\/lasentinelle.dz\/index.php\/2022\/02\/24\/renovation-du-telepherique-doran-bekkai-insiste-sur-les-delais\/"},"author":{"name":"La Sentinelle","@id":"https:\/\/lasentinelle.dz\/#\/schema\/person\/d865044e22e70a75174ce8bcad3acfb3"},"headline":"R\u00e9novation du T\u00e9l\u00e9ph\u00e9rique d\u2019Oran\u00a0:\u00a0Bekkai insiste sur les d\u00e9lais","datePublished":"2022-02-23T23:01:00+00:00","mainEntityOfPage":{"@id":"https:\/\/lasentinelle.dz\/index.php\/2022\/02\/24\/renovation-du-telepherique-doran-bekkai-insiste-sur-les-delais\/"},"wordCount":230,"commentCount":0,"publisher":{"@id":"https:\/\/lasentinelle.dz\/#organization"},"image":{"@id":"https:\/\/lasentinelle.dz\/index.php\/2022\/02\/24\/renovation-du-telepherique-doran-bekkai-insiste-sur-les-delais\/#primaryimage"},"thumbnailUrl":"https:\/\/lasentinelle.dz\/wp-content\/uploads\/2022\/02\/Unknown-13.jpeg","articleSection":["\u00c9conomie"],"inLanguage":"fr-FR","potentialAction":[{"@type":"CommentAction","name":"Comment","target":["https:\/\/lasentinelle.dz\/index.php\/2022\/02\/24\/renovation-du-telepherique-doran-bekkai-insiste-sur-les-delais\/#respond"]}]},{"@type":"WebPage","@id":"https:\/\/lasentinelle.dz\/index.php\/2022\/02\/24\/renovation-du-telepherique-doran-bekkai-insiste-sur-les-delais\/","url":"https:\/\/lasentinelle.dz\/index.php\/2022\/02\/24\/renovation-du-telepherique-doran-bekkai-insiste-sur-les-delais\/","name":"R\u00e9novation du T\u00e9l\u00e9ph\u00e9rique d\u2019Oran\u00a0:\u00a0Bekkai insiste sur les d\u00e9lais - La Sentinelle","isPartOf":{"@id":"https:\/\/lasentinelle.dz\/#website"},"primaryImageOfPage":{"@id":"https:\/\/lasentinelle.dz\/index.php\/2022\/02\/24\/renovation-du-telepherique-doran-bekkai-insiste-sur-les-delais\/#primaryimage"},"image":{"@id":"https:\/\/lasentinelle.dz\/index.php\/2022\/02\/24\/renovation-du-telepherique-doran-bekkai-insiste-sur-les-delais\/#primaryimage"},"thumbnailUrl":"https:\/\/lasentinelle.dz\/wp-content\/uploads\/2022\/02\/Unknown-13.jpeg","datePublished":"2022-02-23T23:01:00+00:00","breadcrumb":{"@id":"https:\/\/lasentinelle.dz\/index.php\/2022\/02\/24\/renovation-du-telepherique-doran-bekkai-insiste-sur-les-delais\/#breadcrumb"},"inLanguage":"fr-FR","potentialAction":[{"@type":"ReadAction","target":["https:\/\/lasentinelle.dz\/index.php\/2022\/02\/24\/renovation-du-telepherique-doran-bekkai-insiste-sur-les-delais\/"]}]},{"@type":"ImageObject","inLanguage":"fr-FR","@id":"https:\/\/lasentinelle.dz\/index.php\/2022\/02\/24\/renovation-du-telepherique-doran-bekkai-insiste-sur-les-delais\/#primaryimage","url":"https:\/\/lasentinelle.dz\/wp-content\/uploads\/2022\/02\/Unknown-13.jpeg","contentUrl":"https:\/\/lasentinelle.dz\/wp-content\/uploads\/2022\/02\/Unknown-13.jpeg","width":270,"height":187},{"@type":"BreadcrumbList","@id":"https:\/\/lasentinelle.dz\/index.php\/2022\/02\/24\/renovation-du-telepherique-doran-bekkai-insiste-sur-les-delais\/#breadcrumb","itemListElement":[{"@type":"ListItem","position":1,"name":"Accueil","item":"https:\/\/lasentinelle.dz\/"},{"@type":"ListItem","position":2,"name":"R\u00e9novation du T\u00e9l\u00e9ph\u00e9rique d\u2019Oran\u00a0:\u00a0Bekkai insiste sur les d\u00e9lais"}]},{"@type":"WebSite","@id":"https:\/\/lasentinelle.dz\/#website","url":"https:\/\/lasentinelle.dz\/","name":"La Sentinelle","description":"Quotidien national d&#039;information","publisher":{"@id":"https:\/\/lasentinelle.dz\/#organization"},"potentialAction":[{"@type":"SearchAction","target":{"@type":"EntryPoint","urlTemplate":"https:\/\/lasentinelle.dz\/?s={search_term_string}"},"query-input":{"@type":"PropertyValueSpecification","valueRequired":true,"valueName":"search_term_string"}}],"inLanguage":"fr-FR"},{"@type":"Organization","@id":"https:\/\/lasentinelle.dz\/#organization","name":"Quotidien La Sentinelle","url":"https:\/\/lasentinelle.dz\/","logo":{"@type":"ImageObject","inLanguage":"fr-FR","@id":"https:\/\/lasentinelle.dz\/#\/schema\/logo\/image\/","url":"https:\/\/lasentinelle.dz\/wp-content\/uploads\/2021\/09\/logo-sentinelleSLOGAN-1.png","contentUrl":"https:\/\/lasentinelle.dz\/wp-content\/uploads\/2021\/09\/logo-sentinelleSLOGAN-1.png","width":615,"height":142,"caption":"Quotidien La Sentinelle"},"image":{"@id":"https:\/\/lasentinelle.dz\/#\/schema\/logo\/image\/"},"sameAs":["https:\/\/www.facebook.com\/La-Sentinelle-104059864394773"]},{"@type":"Person","@id":"https:\/\/lasentinelle.dz\/#\/schema\/person\/d865044e22e70a75174ce8bcad3acfb3","name":"La Sentinelle","image":{"@type":"ImageObject","inLanguage":"fr-FR","@id":"https:\/\/secure.gravatar.com\/avatar\/57de8e5d4b15d43fb361a71fbb36338450fe67865b528a43dd10ef7c51a20392?s=96&d=mm&r=g","url":"https:\/\/secure.gravatar.com\/avatar\/57de8e5d4b15d43fb361a71fbb36338450fe67865b528a43dd10ef7c51a20392?s=96&d=mm&r=g","contentUrl":"https:\/\/secure.gravatar.com\/avatar\/57de8e5d4b15d43fb361a71fbb36338450fe67865b528a43dd10ef7c51a20392?s=96&d=mm&r=g","caption":"La Sentinelle"},"sameAs":["http:\/\/www.lasentinelle.dz"],"url":"https:\/\/lasentinelle.dz\/author\/redaction\/"}]}},"_links":{"self":[{"href":"https:\/\/lasentinelle.dz\/index.php\/wp-json\/wp\/v2\/posts\/17477","targetHints":{"allow":["GET"]}}],"collection":[{"href":"https:\/\/lasentinelle.dz\/index.php\/wp-json\/wp\/v2\/posts"}],"about":[{"href":"https:\/\/lasentinelle.dz\/index.php\/wp-json\/wp\/v2\/types\/post"}],"author":[{"embeddable":true,"href":"https:\/\/lasentinelle.dz\/index.php\/wp-json\/wp\/v2\/users\/3"}],"replies":[{"embeddable":true,"href":"https:\/\/lasentinelle.dz\/index.php\/wp-json\/wp\/v2\/comments?post=17477"}],"version-history":[{"count":1,"href":"https:\/\/lasentinelle.dz\/index.php\/wp-json\/wp\/v2\/posts\/17477\/revisions"}],"predecessor-version":[{"id":17486,"href":"https:\/\/lasentinelle.dz\/index.php\/wp-json\/wp\/v2\/posts\/17477\/revisions\/17486"}],"wp:featuredmedia":[{"embeddable":true,"href":"https:\/\/lasentinelle.dz\/index.php\/wp-json\/wp\/v2\/media\/17485"}],"wp:attachment":[{"href":"https:\/\/lasentinelle.dz\/index.php\/wp-json\/wp\/v2\/media?parent=17477"}],"wp:term":[{"taxonomy":"category","embeddable":true,"href":"https:\/\/lasentinelle.dz\/index.php\/wp-json\/wp\/v2\/categories?post=17477"},{"taxonomy":"post_tag","embeddable":true,"href":"https:\/\/lasentinelle.dz\/index.php\/wp-json\/wp\/v2\/tags?post=17477"}],"curies":[{"name":"wp","href":"https:\/\/api.w.org\/{rel}","templated":true}]}}