{"id":17492,"date":"2022-02-24T00:05:00","date_gmt":"2022-02-23T23:05:00","guid":{"rendered":"https:\/\/lasentinelle.dz\/?p=17492"},"modified":"2022-02-23T20:08:21","modified_gmt":"2022-02-23T19:08:21","slug":"lalgerie-entend-consolider-sa-place-sur-le-marche-mondial-sonatrach-met-les-gaz","status":"publish","type":"post","link":"https:\/\/lasentinelle.dz\/index.php\/2022\/02\/24\/lalgerie-entend-consolider-sa-place-sur-le-marche-mondial-sonatrach-met-les-gaz\/","title":{"rendered":"L\u2019Alg\u00e9rie entend consolider sa place sur le march\u00e9 mondial\u00a0: Sonatrach met les gaz\u00a0!"},"content":{"rendered":"\n<p>Le 24 f\u00e9vrier 1971, l\u2019Alg\u00e9rie recouvrait sa pleine souverainet\u00e9 sur ses ressources hydrocarbures. La d\u00e9cision du d\u00e9funt Pr\u00e9sident Houari Boumedi\u00e8ne de nationaliser le secteur des hydrocarbures f\u00fbt l\u2019aboutissement d\u2019un processus entam\u00e9 d\u00e8s le 31 d\u00e9cembre 1963 qui a vu la cr\u00e9ation de la Sonatrach qui se consacrait d\u2019abord au transport et \u00e0 la commercialisation des hydrocarbures avant de se d\u00e9ployer progressivement vers les autres segments.&nbsp;<\/p>\n\n\n\n<p>Plus d\u2019un demi-si\u00e8cle apr\u00e8s la nationalisation des hydrocarbures, l\u2019Alg\u00e9rie s\u2019impose comme un acteur majeur du march\u00e9 p\u00e9trolier gr\u00e2ce au d\u00e9ploiement de la Sonatrach surnomm\u00e9e \u00ab&nbsp;Major africaine&nbsp;\u00bb. Elle s\u2019impose surtout comme l\u2019un des acteurs principaux du march\u00e9 gazier et du GNL, dont elle est la pionni\u00e8re, gr\u00e2ce \u00e0 la cr\u00e9ation en 1964 du premier complexe de liqu\u00e9faction du gaz \u00e0 Arzew \u00ab&nbsp;La Camel&nbsp;\u00bb. Neuvi\u00e8me plus gros producteur de gaz au niveau mondial, l\u2019Alg\u00e9rie est un acteur majeur du march\u00e9 europ\u00e9en du gaz, par lequel elle est reli\u00e9 par deux gazoducs, le pipe Enrico Mattei qui la relie \u00e0 l\u2019Italie et le Medgaz qui la relie \u00e0 l\u2019Espagne. Sonatrach s\u2019est hiss\u00e9e parmi les tous premiers acteurs mondiaux dans la production et la commercialisation du Gaz Naturel Liqu\u00e9fi\u00e9 et des sous-produits tels que l\u2019Ethane le Propane Butane et la Gazoline. Avec quatre nouveaux complexes gaziers en plus de la Camel, la capacit\u00e9 de production de la Sonatrach en GNL a atteint 56 millions de m3\/an. Sonatrach compte \u00e9galement acc\u00e9l\u00e9rer le d\u00e9veloppement des capacit\u00e9s de production en GNL via la r\u00e9alisation de grands projets structurants.<\/p>\n\n\n\n<p>Aujourd\u2019hui, l\u2019Alg\u00e9rie consolide ses positions sur un march\u00e9 appel\u00e9 \u00e0 supplanter le march\u00e9 p\u00e9trolier \u00e0 l\u2019or\u00e9e de la transition \u00e9nerg\u00e9tique. L\u2019Alg\u00e9rie n\u2019a plus rien \u00e0 d\u00e9montrer en tant que fournisseur fiable de gaz sur les march\u00e9s internationaux, mais c\u2019est surtout acteur au potentiel gazier important, non seulement gr\u00e2ce \u00e0 ses ressources non-conventionnelles avec les troisi\u00e8mes plus grandes r\u00e9serves mondiales estim\u00e9es \u00e0 707 trillions pieds cubes, mais aussi ses ressources conventionnelles qui demeurent encore sous-exploit\u00e9es, notamment dans le bassin Sud-Ouest.&nbsp;<\/p>\n\n\n\n<p><strong>Bassin Sud-Ouest&nbsp;: un potentiel av\u00e9r\u00e9<\/strong><\/p>\n\n\n\n<p>C\u2019est dans ce contexte que la Sonatrach a lanc\u00e9 un vaste programme de d\u00e9veloppement des gisements dans ce bassin au potentiel av\u00e9r\u00e9, notamment dans les wilayas d\u2019Adrar et Timimoun, lesquelles connaissent&nbsp;une dynamique d&rsquo;exploitation via des projets \u00e9nerg\u00e9tiques \u00ab\u00a0prometteurs\u00a0\u00bb capables de consolider la s\u00e9curit\u00e9 \u00e9nerg\u00e9tique en Alg\u00e9rie, consolider ses positions sur le march\u00e9 international&nbsp;et de faire de la r\u00e9gion un futur p\u00f4le \u00e9nerg\u00e9tique.&nbsp;Selon les responsables du secteur de l&rsquo;\u00e9nergie dans la wilaya d&rsquo;Adrar, par la voix du directeur de l&rsquo;\u00e9nergie de la wilaya, M. Ali Lansri, le bassin abrite d\u00e9j\u00e0 des&nbsp;&nbsp;projets \u00e9nerg\u00e9tiques \u00e0 l&rsquo;instar des deux installations en cours d\u2019exploitation du complexe gazier \u00ab\u00a0Oued-Ezzine\u00a0\u00bb (Nord-est d\u2019Adrar) et une autre dans la commune de Sali, au Nord de la r\u00e9gion de Reggane, au Sud d\u2019Adrar. R\u00e9sultat d&rsquo;un accord de partenariat sign\u00e9 en juillet 2002 entre le groupe Sonatrach (Alg\u00e9rie) et la soci\u00e9t\u00e9 Gaz de France, ajoute les m\u00eames responsables, le complexe gazier \u00ab\u00a0Oued-Ezzine\u00a0\u00bb qui couvre une superficie de 15.392 km2 a \u00e9t\u00e9 confi\u00e9 en r\u00e9alisation, en septembre 2013, \u00e0 l\u2019entreprise espagnole \u00ab\u00a0Technicas-Reunidas\u00a0\u00bb pour une dur\u00e9e de 40 mois.&nbsp;Entr\u00e9 en production \u00e0 la fin de 2019, ce complexe gazier renferme, selon les explications, 41 puits de gaz, exploit\u00e9s en deux phases, en sus de 14 forages hydriques destin\u00e9s \u00e0 son approvisionnement en eau, le complexe gazier offre une capacit\u00e9 de production quotidienne de 14 millions M3\/jour, avec une capacit\u00e9 de traitement de 12,8 millions M3\/jour de gaz et 1.800 barils\/jour de condensat. Un projet qui a d\u00e9j\u00e0 en phase de r\u00e9alisation permis la cr\u00e9ation de 4.000 emplois avec un transfert de savoir-faire et de la promotion du potentiel technique des comp\u00e9tences alg\u00e9riennes dans la r\u00e9alisation de pareilles structures \u00e9nerg\u00e9tiques.&nbsp;Par ailleurs, tout en relevant que ce complexe gazier n&rsquo;est qu&rsquo;une partie du potentiel du bassin Adrar Timimoune qui abrite d&rsquo;autres projets susceptibles de contribuer \u00e0 l\u2019accroissement du volume de la production \u00e9nerg\u00e9tique nationale, la conqu\u00eate des march\u00e9s mondiaux du gaz dans une conjoncture marqu\u00e9e par une f\u00e9roce concurrence que se livrent les exportateurs de gaz. Des projets tels que le complexe gazier localis\u00e9 dans la commune de Sali (Sud d\u2019Adrar) d\u2019une capacit\u00e9 de production de neuf millions M3\/jour et du complexe de \u00ab\u00a0Barouda\u00a0\u00bb, dans la r\u00e9gion d\u2019Ougrout (Sud de Timimoun) avec ses cinq millions M3\/jour outre les projets gaziers et p\u00e9troliers,&nbsp;&nbsp;en cours de r\u00e9alisation, tel que le complexe gazier aux champs de Tinerkouk, Bouhamou et Tinedjerane (Nord de Timimoun), et du projet de complexe p\u00e9trolier au niveau du champ de Dechira, dans la commune de Tissabit dont les travaux de r\u00e9alisation sont confi\u00e9s au groupe Sonatrach.&nbsp;<\/p>\n\n\n\n<p><strong>Kamel Nait Ameur<\/strong><\/p>\n","protected":false},"excerpt":{"rendered":"<p>Le 24 f\u00e9vrier 1971, l\u2019Alg\u00e9rie recouvrait sa pleine souverainet\u00e9 sur ses ressources hydrocarbures. La d\u00e9cision du d\u00e9funt Pr\u00e9sident Houari Boumedi\u00e8ne<\/p>\n","protected":false},"author":3,"featured_media":17493,"comment_status":"open","ping_status":"closed","sticky":false,"template":"","format":"standard","meta":{"colormag_page_container_layout":"default_layout","colormag_page_sidebar_layout":"default_layout","om_disable_all_campaigns":false,"_monsterinsights_skip_tracking":false,"_monsterinsights_sitenote_active":false,"_monsterinsights_sitenote_note":"","_monsterinsights_sitenote_category":0,"footnotes":"","_wpscppro_dont_share_socialmedia":false,"_wpscppro_custom_social_share_image":0,"_facebook_share_type":"","_twitter_share_type":"","_linkedin_share_type":"","_pinterest_share_type":"","_linkedin_share_type_page":"","_instagram_share_type":"","_medium_share_type":"","_threads_share_type":"","_google_business_share_type":"","_selected_social_profile":[],"_wpsp_enable_custom_social_template":false,"_wpsp_social_scheduling":{"enabled":false,"datetime":null,"platforms":[],"status":"template_only","dateOption":"today","timeOption":"now","customDays":"","customHours":"","customDate":"","customTime":"","schedulingType":"absolute"},"_wpsp_active_default_template":true},"categories":[52,29],"tags":[],"class_list":["post-17492","post","type-post","status-publish","format-standard","has-post-thumbnail","hentry","category-a-la-une","category-economie"],"aioseo_notices":[],"yoast_head":"<!-- This site is optimized with the Yoast SEO plugin v27.4 - https:\/\/yoast.com\/product\/yoast-seo-wordpress\/ -->\n<title>L\u2019Alg\u00e9rie entend consolider sa place sur le march\u00e9 mondial\u00a0: Sonatrach met les gaz\u00a0! - La Sentinelle<\/title>\n<meta name=\"robots\" content=\"index, follow, max-snippet:-1, max-image-preview:large, max-video-preview:-1\" \/>\n<link rel=\"canonical\" href=\"https:\/\/lasentinelle.dz\/index.php\/2022\/02\/24\/lalgerie-entend-consolider-sa-place-sur-le-marche-mondial-sonatrach-met-les-gaz\/\" \/>\n<meta property=\"og:locale\" content=\"fr_FR\" \/>\n<meta property=\"og:type\" content=\"article\" \/>\n<meta property=\"og:title\" content=\"L\u2019Alg\u00e9rie entend consolider sa place sur le march\u00e9 mondial\u00a0: Sonatrach met les gaz\u00a0! - La Sentinelle\" \/>\n<meta property=\"og:description\" content=\"Le 24 f\u00e9vrier 1971, l\u2019Alg\u00e9rie recouvrait sa pleine souverainet\u00e9 sur ses ressources hydrocarbures. La d\u00e9cision du d\u00e9funt Pr\u00e9sident Houari Boumedi\u00e8ne\" \/>\n<meta property=\"og:url\" content=\"https:\/\/lasentinelle.dz\/index.php\/2022\/02\/24\/lalgerie-entend-consolider-sa-place-sur-le-marche-mondial-sonatrach-met-les-gaz\/\" \/>\n<meta property=\"og:site_name\" content=\"La Sentinelle\" \/>\n<meta property=\"article:publisher\" content=\"https:\/\/www.facebook.com\/La-Sentinelle-104059864394773\" \/>\n<meta property=\"article:published_time\" content=\"2022-02-23T23:05:00+00:00\" \/>\n<meta property=\"og:image\" content=\"https:\/\/lasentinelle.dz\/wp-content\/uploads\/2022\/02\/sonatrach-nouveau.png\" \/>\n\t<meta property=\"og:image:width\" content=\"1407\" \/>\n\t<meta property=\"og:image:height\" content=\"900\" \/>\n\t<meta property=\"og:image:type\" content=\"image\/png\" \/>\n<meta name=\"author\" content=\"La Sentinelle\" \/>\n<meta name=\"twitter:card\" content=\"summary_large_image\" \/>\n<meta name=\"twitter:label1\" content=\"\u00c9crit par\" \/>\n\t<meta name=\"twitter:data1\" content=\"La Sentinelle\" \/>\n\t<meta name=\"twitter:label2\" content=\"Dur\u00e9e de lecture estim\u00e9e\" \/>\n\t<meta name=\"twitter:data2\" content=\"4 minutes\" \/>\n<script type=\"application\/ld+json\" class=\"yoast-schema-graph\">{\"@context\":\"https:\\\/\\\/schema.org\",\"@graph\":[{\"@type\":\"Article\",\"@id\":\"https:\\\/\\\/lasentinelle.dz\\\/index.php\\\/2022\\\/02\\\/24\\\/lalgerie-entend-consolider-sa-place-sur-le-marche-mondial-sonatrach-met-les-gaz\\\/#article\",\"isPartOf\":{\"@id\":\"https:\\\/\\\/lasentinelle.dz\\\/index.php\\\/2022\\\/02\\\/24\\\/lalgerie-entend-consolider-sa-place-sur-le-marche-mondial-sonatrach-met-les-gaz\\\/\"},\"author\":{\"name\":\"La Sentinelle\",\"@id\":\"https:\\\/\\\/lasentinelle.dz\\\/#\\\/schema\\\/person\\\/d865044e22e70a75174ce8bcad3acfb3\"},\"headline\":\"L\u2019Alg\u00e9rie entend consolider sa place sur le march\u00e9 mondial\u00a0: Sonatrach met les gaz\u00a0!\",\"datePublished\":\"2022-02-23T23:05:00+00:00\",\"mainEntityOfPage\":{\"@id\":\"https:\\\/\\\/lasentinelle.dz\\\/index.php\\\/2022\\\/02\\\/24\\\/lalgerie-entend-consolider-sa-place-sur-le-marche-mondial-sonatrach-met-les-gaz\\\/\"},\"wordCount\":889,\"commentCount\":0,\"publisher\":{\"@id\":\"https:\\\/\\\/lasentinelle.dz\\\/#organization\"},\"image\":{\"@id\":\"https:\\\/\\\/lasentinelle.dz\\\/index.php\\\/2022\\\/02\\\/24\\\/lalgerie-entend-consolider-sa-place-sur-le-marche-mondial-sonatrach-met-les-gaz\\\/#primaryimage\"},\"thumbnailUrl\":\"https:\\\/\\\/lasentinelle.dz\\\/wp-content\\\/uploads\\\/2022\\\/02\\\/sonatrach-nouveau.png\",\"articleSection\":[\"\u00c0 la Une\",\"\u00c9conomie\"],\"inLanguage\":\"fr-FR\",\"potentialAction\":[{\"@type\":\"CommentAction\",\"name\":\"Comment\",\"target\":[\"https:\\\/\\\/lasentinelle.dz\\\/index.php\\\/2022\\\/02\\\/24\\\/lalgerie-entend-consolider-sa-place-sur-le-marche-mondial-sonatrach-met-les-gaz\\\/#respond\"]}]},{\"@type\":\"WebPage\",\"@id\":\"https:\\\/\\\/lasentinelle.dz\\\/index.php\\\/2022\\\/02\\\/24\\\/lalgerie-entend-consolider-sa-place-sur-le-marche-mondial-sonatrach-met-les-gaz\\\/\",\"url\":\"https:\\\/\\\/lasentinelle.dz\\\/index.php\\\/2022\\\/02\\\/24\\\/lalgerie-entend-consolider-sa-place-sur-le-marche-mondial-sonatrach-met-les-gaz\\\/\",\"name\":\"L\u2019Alg\u00e9rie entend consolider sa place sur le march\u00e9 mondial\u00a0: Sonatrach met les gaz\u00a0! - La Sentinelle\",\"isPartOf\":{\"@id\":\"https:\\\/\\\/lasentinelle.dz\\\/#website\"},\"primaryImageOfPage\":{\"@id\":\"https:\\\/\\\/lasentinelle.dz\\\/index.php\\\/2022\\\/02\\\/24\\\/lalgerie-entend-consolider-sa-place-sur-le-marche-mondial-sonatrach-met-les-gaz\\\/#primaryimage\"},\"image\":{\"@id\":\"https:\\\/\\\/lasentinelle.dz\\\/index.php\\\/2022\\\/02\\\/24\\\/lalgerie-entend-consolider-sa-place-sur-le-marche-mondial-sonatrach-met-les-gaz\\\/#primaryimage\"},\"thumbnailUrl\":\"https:\\\/\\\/lasentinelle.dz\\\/wp-content\\\/uploads\\\/2022\\\/02\\\/sonatrach-nouveau.png\",\"datePublished\":\"2022-02-23T23:05:00+00:00\",\"breadcrumb\":{\"@id\":\"https:\\\/\\\/lasentinelle.dz\\\/index.php\\\/2022\\\/02\\\/24\\\/lalgerie-entend-consolider-sa-place-sur-le-marche-mondial-sonatrach-met-les-gaz\\\/#breadcrumb\"},\"inLanguage\":\"fr-FR\",\"potentialAction\":[{\"@type\":\"ReadAction\",\"target\":[\"https:\\\/\\\/lasentinelle.dz\\\/index.php\\\/2022\\\/02\\\/24\\\/lalgerie-entend-consolider-sa-place-sur-le-marche-mondial-sonatrach-met-les-gaz\\\/\"]}]},{\"@type\":\"ImageObject\",\"inLanguage\":\"fr-FR\",\"@id\":\"https:\\\/\\\/lasentinelle.dz\\\/index.php\\\/2022\\\/02\\\/24\\\/lalgerie-entend-consolider-sa-place-sur-le-marche-mondial-sonatrach-met-les-gaz\\\/#primaryimage\",\"url\":\"https:\\\/\\\/lasentinelle.dz\\\/wp-content\\\/uploads\\\/2022\\\/02\\\/sonatrach-nouveau.png\",\"contentUrl\":\"https:\\\/\\\/lasentinelle.dz\\\/wp-content\\\/uploads\\\/2022\\\/02\\\/sonatrach-nouveau.png\",\"width\":1407,\"height\":900},{\"@type\":\"BreadcrumbList\",\"@id\":\"https:\\\/\\\/lasentinelle.dz\\\/index.php\\\/2022\\\/02\\\/24\\\/lalgerie-entend-consolider-sa-place-sur-le-marche-mondial-sonatrach-met-les-gaz\\\/#breadcrumb\",\"itemListElement\":[{\"@type\":\"ListItem\",\"position\":1,\"name\":\"Accueil\",\"item\":\"https:\\\/\\\/lasentinelle.dz\\\/\"},{\"@type\":\"ListItem\",\"position\":2,\"name\":\"L\u2019Alg\u00e9rie entend consolider sa place sur le march\u00e9 mondial\u00a0: Sonatrach met les gaz\u00a0!\"}]},{\"@type\":\"WebSite\",\"@id\":\"https:\\\/\\\/lasentinelle.dz\\\/#website\",\"url\":\"https:\\\/\\\/lasentinelle.dz\\\/\",\"name\":\"La Sentinelle\",\"description\":\"Quotidien national d&#039;information\",\"publisher\":{\"@id\":\"https:\\\/\\\/lasentinelle.dz\\\/#organization\"},\"potentialAction\":[{\"@type\":\"SearchAction\",\"target\":{\"@type\":\"EntryPoint\",\"urlTemplate\":\"https:\\\/\\\/lasentinelle.dz\\\/?s={search_term_string}\"},\"query-input\":{\"@type\":\"PropertyValueSpecification\",\"valueRequired\":true,\"valueName\":\"search_term_string\"}}],\"inLanguage\":\"fr-FR\"},{\"@type\":\"Organization\",\"@id\":\"https:\\\/\\\/lasentinelle.dz\\\/#organization\",\"name\":\"Quotidien La Sentinelle\",\"url\":\"https:\\\/\\\/lasentinelle.dz\\\/\",\"logo\":{\"@type\":\"ImageObject\",\"inLanguage\":\"fr-FR\",\"@id\":\"https:\\\/\\\/lasentinelle.dz\\\/#\\\/schema\\\/logo\\\/image\\\/\",\"url\":\"https:\\\/\\\/lasentinelle.dz\\\/wp-content\\\/uploads\\\/2021\\\/09\\\/logo-sentinelleSLOGAN-1.png\",\"contentUrl\":\"https:\\\/\\\/lasentinelle.dz\\\/wp-content\\\/uploads\\\/2021\\\/09\\\/logo-sentinelleSLOGAN-1.png\",\"width\":615,\"height\":142,\"caption\":\"Quotidien La Sentinelle\"},\"image\":{\"@id\":\"https:\\\/\\\/lasentinelle.dz\\\/#\\\/schema\\\/logo\\\/image\\\/\"},\"sameAs\":[\"https:\\\/\\\/www.facebook.com\\\/La-Sentinelle-104059864394773\"]},{\"@type\":\"Person\",\"@id\":\"https:\\\/\\\/lasentinelle.dz\\\/#\\\/schema\\\/person\\\/d865044e22e70a75174ce8bcad3acfb3\",\"name\":\"La Sentinelle\",\"image\":{\"@type\":\"ImageObject\",\"inLanguage\":\"fr-FR\",\"@id\":\"https:\\\/\\\/secure.gravatar.com\\\/avatar\\\/57de8e5d4b15d43fb361a71fbb36338450fe67865b528a43dd10ef7c51a20392?s=96&d=mm&r=g\",\"url\":\"https:\\\/\\\/secure.gravatar.com\\\/avatar\\\/57de8e5d4b15d43fb361a71fbb36338450fe67865b528a43dd10ef7c51a20392?s=96&d=mm&r=g\",\"contentUrl\":\"https:\\\/\\\/secure.gravatar.com\\\/avatar\\\/57de8e5d4b15d43fb361a71fbb36338450fe67865b528a43dd10ef7c51a20392?s=96&d=mm&r=g\",\"caption\":\"La Sentinelle\"},\"sameAs\":[\"http:\\\/\\\/www.lasentinelle.dz\"],\"url\":\"https:\\\/\\\/lasentinelle.dz\\\/author\\\/redaction\\\/\"}]}<\/script>\n<!-- \/ Yoast SEO plugin. -->","yoast_head_json":{"title":"L\u2019Alg\u00e9rie entend consolider sa place sur le march\u00e9 mondial\u00a0: Sonatrach met les gaz\u00a0! - La Sentinelle","robots":{"index":"index","follow":"follow","max-snippet":"max-snippet:-1","max-image-preview":"max-image-preview:large","max-video-preview":"max-video-preview:-1"},"canonical":"https:\/\/lasentinelle.dz\/index.php\/2022\/02\/24\/lalgerie-entend-consolider-sa-place-sur-le-marche-mondial-sonatrach-met-les-gaz\/","og_locale":"fr_FR","og_type":"article","og_title":"L\u2019Alg\u00e9rie entend consolider sa place sur le march\u00e9 mondial\u00a0: Sonatrach met les gaz\u00a0! - La Sentinelle","og_description":"Le 24 f\u00e9vrier 1971, l\u2019Alg\u00e9rie recouvrait sa pleine souverainet\u00e9 sur ses ressources hydrocarbures. La d\u00e9cision du d\u00e9funt Pr\u00e9sident Houari Boumedi\u00e8ne","og_url":"https:\/\/lasentinelle.dz\/index.php\/2022\/02\/24\/lalgerie-entend-consolider-sa-place-sur-le-marche-mondial-sonatrach-met-les-gaz\/","og_site_name":"La Sentinelle","article_publisher":"https:\/\/www.facebook.com\/La-Sentinelle-104059864394773","article_published_time":"2022-02-23T23:05:00+00:00","og_image":[{"width":1407,"height":900,"url":"https:\/\/lasentinelle.dz\/wp-content\/uploads\/2022\/02\/sonatrach-nouveau.png","type":"image\/png"}],"author":"La Sentinelle","twitter_card":"summary_large_image","twitter_misc":{"\u00c9crit par":"La Sentinelle","Dur\u00e9e de lecture estim\u00e9e":"4 minutes"},"schema":{"@context":"https:\/\/schema.org","@graph":[{"@type":"Article","@id":"https:\/\/lasentinelle.dz\/index.php\/2022\/02\/24\/lalgerie-entend-consolider-sa-place-sur-le-marche-mondial-sonatrach-met-les-gaz\/#article","isPartOf":{"@id":"https:\/\/lasentinelle.dz\/index.php\/2022\/02\/24\/lalgerie-entend-consolider-sa-place-sur-le-marche-mondial-sonatrach-met-les-gaz\/"},"author":{"name":"La Sentinelle","@id":"https:\/\/lasentinelle.dz\/#\/schema\/person\/d865044e22e70a75174ce8bcad3acfb3"},"headline":"L\u2019Alg\u00e9rie entend consolider sa place sur le march\u00e9 mondial\u00a0: Sonatrach met les gaz\u00a0!","datePublished":"2022-02-23T23:05:00+00:00","mainEntityOfPage":{"@id":"https:\/\/lasentinelle.dz\/index.php\/2022\/02\/24\/lalgerie-entend-consolider-sa-place-sur-le-marche-mondial-sonatrach-met-les-gaz\/"},"wordCount":889,"commentCount":0,"publisher":{"@id":"https:\/\/lasentinelle.dz\/#organization"},"image":{"@id":"https:\/\/lasentinelle.dz\/index.php\/2022\/02\/24\/lalgerie-entend-consolider-sa-place-sur-le-marche-mondial-sonatrach-met-les-gaz\/#primaryimage"},"thumbnailUrl":"https:\/\/lasentinelle.dz\/wp-content\/uploads\/2022\/02\/sonatrach-nouveau.png","articleSection":["\u00c0 la Une","\u00c9conomie"],"inLanguage":"fr-FR","potentialAction":[{"@type":"CommentAction","name":"Comment","target":["https:\/\/lasentinelle.dz\/index.php\/2022\/02\/24\/lalgerie-entend-consolider-sa-place-sur-le-marche-mondial-sonatrach-met-les-gaz\/#respond"]}]},{"@type":"WebPage","@id":"https:\/\/lasentinelle.dz\/index.php\/2022\/02\/24\/lalgerie-entend-consolider-sa-place-sur-le-marche-mondial-sonatrach-met-les-gaz\/","url":"https:\/\/lasentinelle.dz\/index.php\/2022\/02\/24\/lalgerie-entend-consolider-sa-place-sur-le-marche-mondial-sonatrach-met-les-gaz\/","name":"L\u2019Alg\u00e9rie entend consolider sa place sur le march\u00e9 mondial\u00a0: Sonatrach met les gaz\u00a0! - La Sentinelle","isPartOf":{"@id":"https:\/\/lasentinelle.dz\/#website"},"primaryImageOfPage":{"@id":"https:\/\/lasentinelle.dz\/index.php\/2022\/02\/24\/lalgerie-entend-consolider-sa-place-sur-le-marche-mondial-sonatrach-met-les-gaz\/#primaryimage"},"image":{"@id":"https:\/\/lasentinelle.dz\/index.php\/2022\/02\/24\/lalgerie-entend-consolider-sa-place-sur-le-marche-mondial-sonatrach-met-les-gaz\/#primaryimage"},"thumbnailUrl":"https:\/\/lasentinelle.dz\/wp-content\/uploads\/2022\/02\/sonatrach-nouveau.png","datePublished":"2022-02-23T23:05:00+00:00","breadcrumb":{"@id":"https:\/\/lasentinelle.dz\/index.php\/2022\/02\/24\/lalgerie-entend-consolider-sa-place-sur-le-marche-mondial-sonatrach-met-les-gaz\/#breadcrumb"},"inLanguage":"fr-FR","potentialAction":[{"@type":"ReadAction","target":["https:\/\/lasentinelle.dz\/index.php\/2022\/02\/24\/lalgerie-entend-consolider-sa-place-sur-le-marche-mondial-sonatrach-met-les-gaz\/"]}]},{"@type":"ImageObject","inLanguage":"fr-FR","@id":"https:\/\/lasentinelle.dz\/index.php\/2022\/02\/24\/lalgerie-entend-consolider-sa-place-sur-le-marche-mondial-sonatrach-met-les-gaz\/#primaryimage","url":"https:\/\/lasentinelle.dz\/wp-content\/uploads\/2022\/02\/sonatrach-nouveau.png","contentUrl":"https:\/\/lasentinelle.dz\/wp-content\/uploads\/2022\/02\/sonatrach-nouveau.png","width":1407,"height":900},{"@type":"BreadcrumbList","@id":"https:\/\/lasentinelle.dz\/index.php\/2022\/02\/24\/lalgerie-entend-consolider-sa-place-sur-le-marche-mondial-sonatrach-met-les-gaz\/#breadcrumb","itemListElement":[{"@type":"ListItem","position":1,"name":"Accueil","item":"https:\/\/lasentinelle.dz\/"},{"@type":"ListItem","position":2,"name":"L\u2019Alg\u00e9rie entend consolider sa place sur le march\u00e9 mondial\u00a0: Sonatrach met les gaz\u00a0!"}]},{"@type":"WebSite","@id":"https:\/\/lasentinelle.dz\/#website","url":"https:\/\/lasentinelle.dz\/","name":"La Sentinelle","description":"Quotidien national d&#039;information","publisher":{"@id":"https:\/\/lasentinelle.dz\/#organization"},"potentialAction":[{"@type":"SearchAction","target":{"@type":"EntryPoint","urlTemplate":"https:\/\/lasentinelle.dz\/?s={search_term_string}"},"query-input":{"@type":"PropertyValueSpecification","valueRequired":true,"valueName":"search_term_string"}}],"inLanguage":"fr-FR"},{"@type":"Organization","@id":"https:\/\/lasentinelle.dz\/#organization","name":"Quotidien La Sentinelle","url":"https:\/\/lasentinelle.dz\/","logo":{"@type":"ImageObject","inLanguage":"fr-FR","@id":"https:\/\/lasentinelle.dz\/#\/schema\/logo\/image\/","url":"https:\/\/lasentinelle.dz\/wp-content\/uploads\/2021\/09\/logo-sentinelleSLOGAN-1.png","contentUrl":"https:\/\/lasentinelle.dz\/wp-content\/uploads\/2021\/09\/logo-sentinelleSLOGAN-1.png","width":615,"height":142,"caption":"Quotidien La Sentinelle"},"image":{"@id":"https:\/\/lasentinelle.dz\/#\/schema\/logo\/image\/"},"sameAs":["https:\/\/www.facebook.com\/La-Sentinelle-104059864394773"]},{"@type":"Person","@id":"https:\/\/lasentinelle.dz\/#\/schema\/person\/d865044e22e70a75174ce8bcad3acfb3","name":"La Sentinelle","image":{"@type":"ImageObject","inLanguage":"fr-FR","@id":"https:\/\/secure.gravatar.com\/avatar\/57de8e5d4b15d43fb361a71fbb36338450fe67865b528a43dd10ef7c51a20392?s=96&d=mm&r=g","url":"https:\/\/secure.gravatar.com\/avatar\/57de8e5d4b15d43fb361a71fbb36338450fe67865b528a43dd10ef7c51a20392?s=96&d=mm&r=g","contentUrl":"https:\/\/secure.gravatar.com\/avatar\/57de8e5d4b15d43fb361a71fbb36338450fe67865b528a43dd10ef7c51a20392?s=96&d=mm&r=g","caption":"La Sentinelle"},"sameAs":["http:\/\/www.lasentinelle.dz"],"url":"https:\/\/lasentinelle.dz\/author\/redaction\/"}]}},"_links":{"self":[{"href":"https:\/\/lasentinelle.dz\/index.php\/wp-json\/wp\/v2\/posts\/17492","targetHints":{"allow":["GET"]}}],"collection":[{"href":"https:\/\/lasentinelle.dz\/index.php\/wp-json\/wp\/v2\/posts"}],"about":[{"href":"https:\/\/lasentinelle.dz\/index.php\/wp-json\/wp\/v2\/types\/post"}],"author":[{"embeddable":true,"href":"https:\/\/lasentinelle.dz\/index.php\/wp-json\/wp\/v2\/users\/3"}],"replies":[{"embeddable":true,"href":"https:\/\/lasentinelle.dz\/index.php\/wp-json\/wp\/v2\/comments?post=17492"}],"version-history":[{"count":1,"href":"https:\/\/lasentinelle.dz\/index.php\/wp-json\/wp\/v2\/posts\/17492\/revisions"}],"predecessor-version":[{"id":17496,"href":"https:\/\/lasentinelle.dz\/index.php\/wp-json\/wp\/v2\/posts\/17492\/revisions\/17496"}],"wp:featuredmedia":[{"embeddable":true,"href":"https:\/\/lasentinelle.dz\/index.php\/wp-json\/wp\/v2\/media\/17493"}],"wp:attachment":[{"href":"https:\/\/lasentinelle.dz\/index.php\/wp-json\/wp\/v2\/media?parent=17492"}],"wp:term":[{"taxonomy":"category","embeddable":true,"href":"https:\/\/lasentinelle.dz\/index.php\/wp-json\/wp\/v2\/categories?post=17492"},{"taxonomy":"post_tag","embeddable":true,"href":"https:\/\/lasentinelle.dz\/index.php\/wp-json\/wp\/v2\/tags?post=17492"}],"curies":[{"name":"wp","href":"https:\/\/api.w.org\/{rel}","templated":true}]}}