{"id":1758,"date":"2021-07-22T00:01:00","date_gmt":"2021-07-21T23:01:00","guid":{"rendered":"https:\/\/lasentinelle.dz\/?p=1758"},"modified":"2021-07-21T16:06:34","modified_gmt":"2021-07-21T15:06:34","slug":"pour-habiller-les-stades-vides-des-sons-dambiance-sur-mesure","status":"publish","type":"post","link":"https:\/\/lasentinelle.dz\/index.php\/2021\/07\/22\/pour-habiller-les-stades-vides-des-sons-dambiance-sur-mesure\/","title":{"rendered":"Pour habiller les stades vides : Des sons d&rsquo;ambiance sur mesure"},"content":{"rendered":"\n<p>Pour \u00ab\u00a0habiller\u00a0\u00bb acoustiquement les JO de Tokyo qui s&rsquo;ouvriront vendredi sans spectateurs, l&rsquo;\u00e9quipe charg\u00e9e de la diffusion a cr\u00e9\u00e9 des bandes son qui seront diffus\u00e9es sur les lieux de comp\u00e9tition et devront \u00eatre finement r\u00e9gl\u00e9es pour favoriser l&rsquo;immersion des t\u00e9l\u00e9spectateurs. \u00ab\u00a0Si les sportifs jouent ici, \u00e7a va sonner tr\u00e8s creux\u00a0\u00bb, explique Nuno Duarte \u00e0 l&rsquo;AFP en claquant des mains et en poussant un cri dont l&rsquo;\u00e9cho r\u00e9sonne dans tout le stade d&rsquo;Aomi dans le sud-est de Tokyo, o\u00f9 auront notamment lieu les matches de basketball 3&#215;3. \u00ab\u00a0C&rsquo;est tr\u00e8s \u00e9trange pour les joueurs, ils n&rsquo;y sont pas habitu\u00e9s\u00a0\u00bb, poursuit le responsable du son d&rsquo;OBS, le diffuseur officiel des Jeux olympiques charg\u00e9 de filmer toute la comp\u00e9tition pour fournir les images aux cha\u00eenes de t\u00e9l\u00e9vision du monde entier. Afin de tailler une bande-son sur mesure pour chacune des disciplines olympiques, les ing\u00e9nieurs du son d&rsquo;OBS se sont replong\u00e9s dans l es enregistrements audio des Jeux de Rio (2016) et Londres (2012) pour en extraire de pr\u00e9cieuses minutes de bruits de foule et d&rsquo;acclamations, un travail d&rsquo;orf\u00e8vre qui a n\u00e9cessit\u00e9 trois mois de post-production, explique M. Duarte. \u00ab\u00a0Chaque sport a sa propre dynamique, ses propres caract\u00e9ristiques, raconte-t-il. Certains sont tr\u00e8s anim\u00e9s tout le temps, d&rsquo;autres ont des moments de silence pour la concentration des sportifs.\u00a0\u00bb Le son permet \u00ab\u00a0de comprendre les \u00e9motions des sportifs\u00a0\u00bb, par exemple au bruit de leur respiration, d\u00e9crit avec passion cet expert du son. Pour la premi\u00e8re fois, les Jeux seront film\u00e9s par OBS et mis \u00e0 disposition des cha\u00eenes de t\u00e9l\u00e9vision internationales en ultra-haute d\u00e9finition (4K), un format vid\u00e9o qui s&rsquo;accompagne de son dit \u00ab\u00a0immersif\u00a0\u00bb. La diffusion simultan\u00e9e d&rsquo;autant de sports en son immersif est une premi\u00e8re qui n\u00e9cessite une organisation millim\u00e9tr\u00e9e, dit Nuno Duarte. A quelques centaines de m\u00e8tres de l\u00e0, se trouve le centre n\u00e9vralgique de cette op\u00e9ration: la salle de contr\u00f4le o\u00f9 trois superviseurs audio tr\u00f4neront en permanence pendant les Jeux pour s&rsquo;assurer de la qualit\u00e9 et de l&rsquo;harmonie sonore entre tous les lieux de comp\u00e9tition, les contactant au besoin pour leur demander des ajustements.<\/p>\n\n\n\n<p>R. S.<\/p>\n","protected":false},"excerpt":{"rendered":"<p>Pour \u00ab\u00a0habiller\u00a0\u00bb acoustiquement les JO de Tokyo qui s&rsquo;ouvriront vendredi sans spectateurs, l&rsquo;\u00e9quipe charg\u00e9e de la diffusion a cr\u00e9\u00e9 des<\/p>\n","protected":false},"author":3,"featured_media":1783,"comment_status":"open","ping_status":"closed","sticky":false,"template":"","format":"standard","meta":{"colormag_page_container_layout":"default_layout","colormag_page_sidebar_layout":"default_layout","om_disable_all_campaigns":false,"_monsterinsights_skip_tracking":false,"_monsterinsights_sitenote_active":false,"_monsterinsights_sitenote_note":"","_monsterinsights_sitenote_category":0,"footnotes":"","_wpscppro_dont_share_socialmedia":false,"_wpscppro_custom_social_share_image":0,"_facebook_share_type":"","_twitter_share_type":"","_linkedin_share_type":"","_pinterest_share_type":"","_linkedin_share_type_page":"","_instagram_share_type":"","_medium_share_type":"","_threads_share_type":"","_google_business_share_type":"","_selected_social_profile":[],"_wpsp_enable_custom_social_template":false,"_wpsp_social_scheduling":{"enabled":false,"datetime":null,"platforms":[],"status":"template_only","dateOption":"today","timeOption":"now","customDays":"","customHours":"","customDate":"","customTime":"","schedulingType":"absolute"},"_wpsp_active_default_template":true},"categories":[33],"tags":[],"class_list":["post-1758","post","type-post","status-publish","format-standard","has-post-thumbnail","hentry","category-sports"],"aioseo_notices":[],"yoast_head":"<!-- This site is optimized with the Yoast SEO plugin v27.5 - https:\/\/yoast.com\/product\/yoast-seo-wordpress\/ -->\n<title>Pour habiller les stades vides : Des sons d&#039;ambiance sur mesure - La Sentinelle<\/title>\n<meta name=\"robots\" content=\"index, follow, max-snippet:-1, max-image-preview:large, max-video-preview:-1\" \/>\n<link rel=\"canonical\" href=\"https:\/\/lasentinelle.dz\/index.php\/2021\/07\/22\/pour-habiller-les-stades-vides-des-sons-dambiance-sur-mesure\/\" \/>\n<meta property=\"og:locale\" content=\"fr_FR\" \/>\n<meta property=\"og:type\" content=\"article\" \/>\n<meta property=\"og:title\" content=\"Pour habiller les stades vides : Des sons d&#039;ambiance sur mesure - La Sentinelle\" \/>\n<meta property=\"og:description\" content=\"Pour \u00ab\u00a0habiller\u00a0\u00bb acoustiquement les JO de Tokyo qui s&rsquo;ouvriront vendredi sans spectateurs, l&rsquo;\u00e9quipe charg\u00e9e de la diffusion a cr\u00e9\u00e9 des\" \/>\n<meta property=\"og:url\" content=\"https:\/\/lasentinelle.dz\/index.php\/2021\/07\/22\/pour-habiller-les-stades-vides-des-sons-dambiance-sur-mesure\/\" \/>\n<meta property=\"og:site_name\" content=\"La Sentinelle\" \/>\n<meta property=\"article:publisher\" content=\"https:\/\/www.facebook.com\/La-Sentinelle-104059864394773\" \/>\n<meta property=\"article:published_time\" content=\"2021-07-21T23:01:00+00:00\" \/>\n<meta property=\"og:image\" content=\"https:\/\/lasentinelle.dz\/wp-content\/uploads\/2021\/07\/video-co-1024x640.png\" \/>\n\t<meta property=\"og:image:width\" content=\"1024\" \/>\n\t<meta property=\"og:image:height\" content=\"640\" \/>\n\t<meta property=\"og:image:type\" content=\"image\/png\" \/>\n<meta name=\"author\" content=\"La Sentinelle\" \/>\n<meta name=\"twitter:card\" content=\"summary_large_image\" \/>\n<meta name=\"twitter:label1\" content=\"\u00c9crit par\" \/>\n\t<meta name=\"twitter:data1\" content=\"La Sentinelle\" \/>\n\t<meta name=\"twitter:label2\" content=\"Dur\u00e9e de lecture estim\u00e9e\" \/>\n\t<meta name=\"twitter:data2\" content=\"2 minutes\" \/>\n<script type=\"application\/ld+json\" class=\"yoast-schema-graph\">{\"@context\":\"https:\\\/\\\/schema.org\",\"@graph\":[{\"@type\":\"Article\",\"@id\":\"https:\\\/\\\/lasentinelle.dz\\\/index.php\\\/2021\\\/07\\\/22\\\/pour-habiller-les-stades-vides-des-sons-dambiance-sur-mesure\\\/#article\",\"isPartOf\":{\"@id\":\"https:\\\/\\\/lasentinelle.dz\\\/index.php\\\/2021\\\/07\\\/22\\\/pour-habiller-les-stades-vides-des-sons-dambiance-sur-mesure\\\/\"},\"author\":{\"name\":\"La Sentinelle\",\"@id\":\"https:\\\/\\\/lasentinelle.dz\\\/#\\\/schema\\\/person\\\/d865044e22e70a75174ce8bcad3acfb3\"},\"headline\":\"Pour habiller les stades vides : Des sons d&rsquo;ambiance sur mesure\",\"datePublished\":\"2021-07-21T23:01:00+00:00\",\"mainEntityOfPage\":{\"@id\":\"https:\\\/\\\/lasentinelle.dz\\\/index.php\\\/2021\\\/07\\\/22\\\/pour-habiller-les-stades-vides-des-sons-dambiance-sur-mesure\\\/\"},\"wordCount\":408,\"commentCount\":0,\"publisher\":{\"@id\":\"https:\\\/\\\/lasentinelle.dz\\\/#organization\"},\"image\":{\"@id\":\"https:\\\/\\\/lasentinelle.dz\\\/index.php\\\/2021\\\/07\\\/22\\\/pour-habiller-les-stades-vides-des-sons-dambiance-sur-mesure\\\/#primaryimage\"},\"thumbnailUrl\":\"https:\\\/\\\/lasentinelle.dz\\\/wp-content\\\/uploads\\\/2021\\\/07\\\/video-co.png\",\"articleSection\":[\"Sports\"],\"inLanguage\":\"fr-FR\",\"potentialAction\":[{\"@type\":\"CommentAction\",\"name\":\"Comment\",\"target\":[\"https:\\\/\\\/lasentinelle.dz\\\/index.php\\\/2021\\\/07\\\/22\\\/pour-habiller-les-stades-vides-des-sons-dambiance-sur-mesure\\\/#respond\"]}]},{\"@type\":\"WebPage\",\"@id\":\"https:\\\/\\\/lasentinelle.dz\\\/index.php\\\/2021\\\/07\\\/22\\\/pour-habiller-les-stades-vides-des-sons-dambiance-sur-mesure\\\/\",\"url\":\"https:\\\/\\\/lasentinelle.dz\\\/index.php\\\/2021\\\/07\\\/22\\\/pour-habiller-les-stades-vides-des-sons-dambiance-sur-mesure\\\/\",\"name\":\"Pour habiller les stades vides : Des sons d'ambiance sur mesure - La Sentinelle\",\"isPartOf\":{\"@id\":\"https:\\\/\\\/lasentinelle.dz\\\/#website\"},\"primaryImageOfPage\":{\"@id\":\"https:\\\/\\\/lasentinelle.dz\\\/index.php\\\/2021\\\/07\\\/22\\\/pour-habiller-les-stades-vides-des-sons-dambiance-sur-mesure\\\/#primaryimage\"},\"image\":{\"@id\":\"https:\\\/\\\/lasentinelle.dz\\\/index.php\\\/2021\\\/07\\\/22\\\/pour-habiller-les-stades-vides-des-sons-dambiance-sur-mesure\\\/#primaryimage\"},\"thumbnailUrl\":\"https:\\\/\\\/lasentinelle.dz\\\/wp-content\\\/uploads\\\/2021\\\/07\\\/video-co.png\",\"datePublished\":\"2021-07-21T23:01:00+00:00\",\"breadcrumb\":{\"@id\":\"https:\\\/\\\/lasentinelle.dz\\\/index.php\\\/2021\\\/07\\\/22\\\/pour-habiller-les-stades-vides-des-sons-dambiance-sur-mesure\\\/#breadcrumb\"},\"inLanguage\":\"fr-FR\",\"potentialAction\":[{\"@type\":\"ReadAction\",\"target\":[\"https:\\\/\\\/lasentinelle.dz\\\/index.php\\\/2021\\\/07\\\/22\\\/pour-habiller-les-stades-vides-des-sons-dambiance-sur-mesure\\\/\"]}]},{\"@type\":\"ImageObject\",\"inLanguage\":\"fr-FR\",\"@id\":\"https:\\\/\\\/lasentinelle.dz\\\/index.php\\\/2021\\\/07\\\/22\\\/pour-habiller-les-stades-vides-des-sons-dambiance-sur-mesure\\\/#primaryimage\",\"url\":\"https:\\\/\\\/lasentinelle.dz\\\/wp-content\\\/uploads\\\/2021\\\/07\\\/video-co.png\",\"contentUrl\":\"https:\\\/\\\/lasentinelle.dz\\\/wp-content\\\/uploads\\\/2021\\\/07\\\/video-co.png\",\"width\":1440,\"height\":900},{\"@type\":\"BreadcrumbList\",\"@id\":\"https:\\\/\\\/lasentinelle.dz\\\/index.php\\\/2021\\\/07\\\/22\\\/pour-habiller-les-stades-vides-des-sons-dambiance-sur-mesure\\\/#breadcrumb\",\"itemListElement\":[{\"@type\":\"ListItem\",\"position\":1,\"name\":\"Accueil\",\"item\":\"https:\\\/\\\/lasentinelle.dz\\\/\"},{\"@type\":\"ListItem\",\"position\":2,\"name\":\"Pour habiller les stades vides : Des sons d&rsquo;ambiance sur mesure\"}]},{\"@type\":\"WebSite\",\"@id\":\"https:\\\/\\\/lasentinelle.dz\\\/#website\",\"url\":\"https:\\\/\\\/lasentinelle.dz\\\/\",\"name\":\"La Sentinelle\",\"description\":\"Quotidien national d&#039;information\",\"publisher\":{\"@id\":\"https:\\\/\\\/lasentinelle.dz\\\/#organization\"},\"potentialAction\":[{\"@type\":\"SearchAction\",\"target\":{\"@type\":\"EntryPoint\",\"urlTemplate\":\"https:\\\/\\\/lasentinelle.dz\\\/?s={search_term_string}\"},\"query-input\":{\"@type\":\"PropertyValueSpecification\",\"valueRequired\":true,\"valueName\":\"search_term_string\"}}],\"inLanguage\":\"fr-FR\"},{\"@type\":\"Organization\",\"@id\":\"https:\\\/\\\/lasentinelle.dz\\\/#organization\",\"name\":\"Quotidien La Sentinelle\",\"url\":\"https:\\\/\\\/lasentinelle.dz\\\/\",\"logo\":{\"@type\":\"ImageObject\",\"inLanguage\":\"fr-FR\",\"@id\":\"https:\\\/\\\/lasentinelle.dz\\\/#\\\/schema\\\/logo\\\/image\\\/\",\"url\":\"https:\\\/\\\/lasentinelle.dz\\\/wp-content\\\/uploads\\\/2021\\\/09\\\/logo-sentinelleSLOGAN-1.png\",\"contentUrl\":\"https:\\\/\\\/lasentinelle.dz\\\/wp-content\\\/uploads\\\/2021\\\/09\\\/logo-sentinelleSLOGAN-1.png\",\"width\":615,\"height\":142,\"caption\":\"Quotidien La Sentinelle\"},\"image\":{\"@id\":\"https:\\\/\\\/lasentinelle.dz\\\/#\\\/schema\\\/logo\\\/image\\\/\"},\"sameAs\":[\"https:\\\/\\\/www.facebook.com\\\/La-Sentinelle-104059864394773\"]},{\"@type\":\"Person\",\"@id\":\"https:\\\/\\\/lasentinelle.dz\\\/#\\\/schema\\\/person\\\/d865044e22e70a75174ce8bcad3acfb3\",\"name\":\"La Sentinelle\",\"image\":{\"@type\":\"ImageObject\",\"inLanguage\":\"fr-FR\",\"@id\":\"https:\\\/\\\/secure.gravatar.com\\\/avatar\\\/57de8e5d4b15d43fb361a71fbb36338450fe67865b528a43dd10ef7c51a20392?s=96&d=mm&r=g\",\"url\":\"https:\\\/\\\/secure.gravatar.com\\\/avatar\\\/57de8e5d4b15d43fb361a71fbb36338450fe67865b528a43dd10ef7c51a20392?s=96&d=mm&r=g\",\"contentUrl\":\"https:\\\/\\\/secure.gravatar.com\\\/avatar\\\/57de8e5d4b15d43fb361a71fbb36338450fe67865b528a43dd10ef7c51a20392?s=96&d=mm&r=g\",\"caption\":\"La Sentinelle\"},\"sameAs\":[\"http:\\\/\\\/www.lasentinelle.dz\"],\"url\":\"https:\\\/\\\/lasentinelle.dz\\\/author\\\/redaction\\\/\"}]}<\/script>\n<!-- \/ Yoast SEO plugin. -->","yoast_head_json":{"title":"Pour habiller les stades vides : Des sons d'ambiance sur mesure - La Sentinelle","robots":{"index":"index","follow":"follow","max-snippet":"max-snippet:-1","max-image-preview":"max-image-preview:large","max-video-preview":"max-video-preview:-1"},"canonical":"https:\/\/lasentinelle.dz\/index.php\/2021\/07\/22\/pour-habiller-les-stades-vides-des-sons-dambiance-sur-mesure\/","og_locale":"fr_FR","og_type":"article","og_title":"Pour habiller les stades vides : Des sons d'ambiance sur mesure - La Sentinelle","og_description":"Pour \u00ab\u00a0habiller\u00a0\u00bb acoustiquement les JO de Tokyo qui s&rsquo;ouvriront vendredi sans spectateurs, l&rsquo;\u00e9quipe charg\u00e9e de la diffusion a cr\u00e9\u00e9 des","og_url":"https:\/\/lasentinelle.dz\/index.php\/2021\/07\/22\/pour-habiller-les-stades-vides-des-sons-dambiance-sur-mesure\/","og_site_name":"La Sentinelle","article_publisher":"https:\/\/www.facebook.com\/La-Sentinelle-104059864394773","article_published_time":"2021-07-21T23:01:00+00:00","og_image":[{"width":1024,"height":640,"url":"https:\/\/lasentinelle.dz\/wp-content\/uploads\/2021\/07\/video-co-1024x640.png","type":"image\/png"}],"author":"La Sentinelle","twitter_card":"summary_large_image","twitter_misc":{"\u00c9crit par":"La Sentinelle","Dur\u00e9e de lecture estim\u00e9e":"2 minutes"},"schema":{"@context":"https:\/\/schema.org","@graph":[{"@type":"Article","@id":"https:\/\/lasentinelle.dz\/index.php\/2021\/07\/22\/pour-habiller-les-stades-vides-des-sons-dambiance-sur-mesure\/#article","isPartOf":{"@id":"https:\/\/lasentinelle.dz\/index.php\/2021\/07\/22\/pour-habiller-les-stades-vides-des-sons-dambiance-sur-mesure\/"},"author":{"name":"La Sentinelle","@id":"https:\/\/lasentinelle.dz\/#\/schema\/person\/d865044e22e70a75174ce8bcad3acfb3"},"headline":"Pour habiller les stades vides : Des sons d&rsquo;ambiance sur mesure","datePublished":"2021-07-21T23:01:00+00:00","mainEntityOfPage":{"@id":"https:\/\/lasentinelle.dz\/index.php\/2021\/07\/22\/pour-habiller-les-stades-vides-des-sons-dambiance-sur-mesure\/"},"wordCount":408,"commentCount":0,"publisher":{"@id":"https:\/\/lasentinelle.dz\/#organization"},"image":{"@id":"https:\/\/lasentinelle.dz\/index.php\/2021\/07\/22\/pour-habiller-les-stades-vides-des-sons-dambiance-sur-mesure\/#primaryimage"},"thumbnailUrl":"https:\/\/lasentinelle.dz\/wp-content\/uploads\/2021\/07\/video-co.png","articleSection":["Sports"],"inLanguage":"fr-FR","potentialAction":[{"@type":"CommentAction","name":"Comment","target":["https:\/\/lasentinelle.dz\/index.php\/2021\/07\/22\/pour-habiller-les-stades-vides-des-sons-dambiance-sur-mesure\/#respond"]}]},{"@type":"WebPage","@id":"https:\/\/lasentinelle.dz\/index.php\/2021\/07\/22\/pour-habiller-les-stades-vides-des-sons-dambiance-sur-mesure\/","url":"https:\/\/lasentinelle.dz\/index.php\/2021\/07\/22\/pour-habiller-les-stades-vides-des-sons-dambiance-sur-mesure\/","name":"Pour habiller les stades vides : Des sons d'ambiance sur mesure - La Sentinelle","isPartOf":{"@id":"https:\/\/lasentinelle.dz\/#website"},"primaryImageOfPage":{"@id":"https:\/\/lasentinelle.dz\/index.php\/2021\/07\/22\/pour-habiller-les-stades-vides-des-sons-dambiance-sur-mesure\/#primaryimage"},"image":{"@id":"https:\/\/lasentinelle.dz\/index.php\/2021\/07\/22\/pour-habiller-les-stades-vides-des-sons-dambiance-sur-mesure\/#primaryimage"},"thumbnailUrl":"https:\/\/lasentinelle.dz\/wp-content\/uploads\/2021\/07\/video-co.png","datePublished":"2021-07-21T23:01:00+00:00","breadcrumb":{"@id":"https:\/\/lasentinelle.dz\/index.php\/2021\/07\/22\/pour-habiller-les-stades-vides-des-sons-dambiance-sur-mesure\/#breadcrumb"},"inLanguage":"fr-FR","potentialAction":[{"@type":"ReadAction","target":["https:\/\/lasentinelle.dz\/index.php\/2021\/07\/22\/pour-habiller-les-stades-vides-des-sons-dambiance-sur-mesure\/"]}]},{"@type":"ImageObject","inLanguage":"fr-FR","@id":"https:\/\/lasentinelle.dz\/index.php\/2021\/07\/22\/pour-habiller-les-stades-vides-des-sons-dambiance-sur-mesure\/#primaryimage","url":"https:\/\/lasentinelle.dz\/wp-content\/uploads\/2021\/07\/video-co.png","contentUrl":"https:\/\/lasentinelle.dz\/wp-content\/uploads\/2021\/07\/video-co.png","width":1440,"height":900},{"@type":"BreadcrumbList","@id":"https:\/\/lasentinelle.dz\/index.php\/2021\/07\/22\/pour-habiller-les-stades-vides-des-sons-dambiance-sur-mesure\/#breadcrumb","itemListElement":[{"@type":"ListItem","position":1,"name":"Accueil","item":"https:\/\/lasentinelle.dz\/"},{"@type":"ListItem","position":2,"name":"Pour habiller les stades vides : Des sons d&rsquo;ambiance sur mesure"}]},{"@type":"WebSite","@id":"https:\/\/lasentinelle.dz\/#website","url":"https:\/\/lasentinelle.dz\/","name":"La Sentinelle","description":"Quotidien national d&#039;information","publisher":{"@id":"https:\/\/lasentinelle.dz\/#organization"},"potentialAction":[{"@type":"SearchAction","target":{"@type":"EntryPoint","urlTemplate":"https:\/\/lasentinelle.dz\/?s={search_term_string}"},"query-input":{"@type":"PropertyValueSpecification","valueRequired":true,"valueName":"search_term_string"}}],"inLanguage":"fr-FR"},{"@type":"Organization","@id":"https:\/\/lasentinelle.dz\/#organization","name":"Quotidien La Sentinelle","url":"https:\/\/lasentinelle.dz\/","logo":{"@type":"ImageObject","inLanguage":"fr-FR","@id":"https:\/\/lasentinelle.dz\/#\/schema\/logo\/image\/","url":"https:\/\/lasentinelle.dz\/wp-content\/uploads\/2021\/09\/logo-sentinelleSLOGAN-1.png","contentUrl":"https:\/\/lasentinelle.dz\/wp-content\/uploads\/2021\/09\/logo-sentinelleSLOGAN-1.png","width":615,"height":142,"caption":"Quotidien La Sentinelle"},"image":{"@id":"https:\/\/lasentinelle.dz\/#\/schema\/logo\/image\/"},"sameAs":["https:\/\/www.facebook.com\/La-Sentinelle-104059864394773"]},{"@type":"Person","@id":"https:\/\/lasentinelle.dz\/#\/schema\/person\/d865044e22e70a75174ce8bcad3acfb3","name":"La Sentinelle","image":{"@type":"ImageObject","inLanguage":"fr-FR","@id":"https:\/\/secure.gravatar.com\/avatar\/57de8e5d4b15d43fb361a71fbb36338450fe67865b528a43dd10ef7c51a20392?s=96&d=mm&r=g","url":"https:\/\/secure.gravatar.com\/avatar\/57de8e5d4b15d43fb361a71fbb36338450fe67865b528a43dd10ef7c51a20392?s=96&d=mm&r=g","contentUrl":"https:\/\/secure.gravatar.com\/avatar\/57de8e5d4b15d43fb361a71fbb36338450fe67865b528a43dd10ef7c51a20392?s=96&d=mm&r=g","caption":"La Sentinelle"},"sameAs":["http:\/\/www.lasentinelle.dz"],"url":"https:\/\/lasentinelle.dz\/author\/redaction\/"}]}},"_links":{"self":[{"href":"https:\/\/lasentinelle.dz\/index.php\/wp-json\/wp\/v2\/posts\/1758","targetHints":{"allow":["GET"]}}],"collection":[{"href":"https:\/\/lasentinelle.dz\/index.php\/wp-json\/wp\/v2\/posts"}],"about":[{"href":"https:\/\/lasentinelle.dz\/index.php\/wp-json\/wp\/v2\/types\/post"}],"author":[{"embeddable":true,"href":"https:\/\/lasentinelle.dz\/index.php\/wp-json\/wp\/v2\/users\/3"}],"replies":[{"embeddable":true,"href":"https:\/\/lasentinelle.dz\/index.php\/wp-json\/wp\/v2\/comments?post=1758"}],"version-history":[{"count":1,"href":"https:\/\/lasentinelle.dz\/index.php\/wp-json\/wp\/v2\/posts\/1758\/revisions"}],"predecessor-version":[{"id":1782,"href":"https:\/\/lasentinelle.dz\/index.php\/wp-json\/wp\/v2\/posts\/1758\/revisions\/1782"}],"wp:featuredmedia":[{"embeddable":true,"href":"https:\/\/lasentinelle.dz\/index.php\/wp-json\/wp\/v2\/media\/1783"}],"wp:attachment":[{"href":"https:\/\/lasentinelle.dz\/index.php\/wp-json\/wp\/v2\/media?parent=1758"}],"wp:term":[{"taxonomy":"category","embeddable":true,"href":"https:\/\/lasentinelle.dz\/index.php\/wp-json\/wp\/v2\/categories?post=1758"},{"taxonomy":"post_tag","embeddable":true,"href":"https:\/\/lasentinelle.dz\/index.php\/wp-json\/wp\/v2\/tags?post=1758"}],"curies":[{"name":"wp","href":"https:\/\/api.w.org\/{rel}","templated":true}]}}