{"id":17593,"date":"2022-02-28T00:05:00","date_gmt":"2022-02-27T23:05:00","guid":{"rendered":"https:\/\/lasentinelle.dz\/?p=17593"},"modified":"2022-02-27T15:43:10","modified_gmt":"2022-02-27T14:43:10","slug":"belmadi-fait-le-bilan-de-la-can-2021-la-preparation-a-ete-chaotique","status":"publish","type":"post","link":"https:\/\/lasentinelle.dz\/index.php\/2022\/02\/28\/belmadi-fait-le-bilan-de-la-can-2021-la-preparation-a-ete-chaotique\/","title":{"rendered":"Belmadi fait le bilan de la CAN-2021\u00a0:\u00a0\u00ab La pr\u00e9paration a \u00e9t\u00e9 chaotique \u00bb"},"content":{"rendered":"\n<p>Hier matin, l\u2019entra\u00eeneur de l\u2019Equipe nationale de football, Djamel Belmadi, a anim\u00e9 une conf\u00e9rence de presse au Centre technique national (CTN) de Sidi Moussa, \u00e0 Alger. La premi\u00e8re depuis l\u2019\u00e9limination pr\u00e9coce de ses troupes \u00e0 la CAN-2021 au Cameroun.&nbsp;<\/p>\n\n\n\n<p>\u00ab Commen\u00e7ons par la pr\u00e9paration, qui a \u00e9t\u00e9 chaotique et l\u2019\u00e9chec est une addition d&rsquo;\u00e9l\u00e9ments d\u00e9favorables. Il y a eu une faillite collective, dont je suis responsable \u00bb, dit-il d\u2019entr\u00e9e.&nbsp;Plus en d\u00e9tails, il explique : \u00ab Ce que vous ne savez pas, c\u2019est que seuls 5 joueurs n&rsquo;ont pas eu le Covid-19. Tout le monde, y compris moi,&nbsp;a&nbsp;\u00e9t\u00e9 touch\u00e9. C&rsquo;\u00e9tait difficile \u00e0 g\u00e9rer. On faisait des tests tous les matins. On avait peur chaque matin pour savoir qui ne serait pas disponible aujourd\u2019hui. \u00bb Et avec les cons\u00e9quences&nbsp;qui ont en&nbsp;d\u00e9coul\u00e9, \u00ab des joueurs n\u2019avaient pas de force pour courir.&nbsp;Ils arrivaient \u00e0 un niveau physique tr\u00e8s diminu\u00e9. Ce sont des donn\u00e9es athl\u00e9tiques. Ce sont&nbsp;nos fondamentaux, \u00e7a se voit \u00e0 l&rsquo;entra\u00eenement. \u00bb Belmadi rappelle que la date du rassemblement \u00e9tait pr\u00e9vue le 27 d\u00e9cembre, alors que l\u2019effectif n\u2019a \u00e9t\u00e9 au complet que le 3 janvier, notamment en raison des d\u00e9cisions de la FIFA. \u00ab La pr\u00e9paration a \u00e9t\u00e9 mise en place 3-4 mois \u00e0 l\u2019avance et le changement de date a tout chamboul\u00e9. Il y a un manque de consid\u00e9ration envers ce continent \u00bb, dit-il encore. L\u2019annulation du match amical face \u00e0 la Gambie a \u00e9t\u00e9, pour Belmadi, dramatique : \u00ab La Gambie n\u2019a pas annul\u00e9 le match amical sans scrupule, on va \u00eatre honn\u00eate, ils \u00e9taient vraiment diminu\u00e9s m\u00eame si nous aussi, nous \u00e9tions en difficult\u00e9 pour former une \u00e9quipe. \u00bb Une fois \u00e0 Douala, les Verts sont tenus en \u00e9chec par la Sierra Leone (0-0) avant de perdre face \u00e0 la Guin\u00e9e Equatoriale (0-1) et la Cote d\u2019Ivoire (1-3). Belmadi \u00e9voque, comme motifs, l\u2019arbitrage, l\u2019\u00e9tat de la pelouse de Japoma et la m\u00e9forme de ses joueurs, notamment ceux qui avaient jou\u00e9 en Coupe arabe. Le conf\u00e9rencier a refus\u00e9 de parler de laisser-aller apr\u00e8s la CAN, avec le d\u00e9part de certains joueurs apr\u00e8s le match face \u00e0 la C\u00f4te d\u2019ivoire : \u00ab Il n\u2019y aura jamais de laisser-aller tant que je suis l\u00e0. D\u00e8s que je termine une comp\u00e9tition, d\u00e8s que le match est fini, le retour en club, j\u2019estime que ce n\u2019est plus mon travail.&nbsp;&nbsp;Les joueurs savaient qu\u2019il y avait un avion qui rentrait \u00e0 Paris. Ils ont des championnats \u00e0 jouer. \u00bb Apr\u00e8s la CAN, Belmadi avait un go\u00fbt amer, alors que les joueurs ont un sentiment d\u2019humiliation : \u00ab Heureusement que notre peuple n\u2019a pas \u00e9t\u00e9 amn\u00e9sique, il a \u00e9t\u00e9 reconnaissant malgr\u00e9 la d\u00e9ception. Cette g\u00e9n\u00e9ration a ramen\u00e9 des titres. Le peuple ne l\u2019a pas oubli\u00e9. \u00bb Premi\u00e8re cons\u00e9quence, apr\u00e8s la CAN, le d\u00e9part du manager g\u00e9n\u00e9ral, Amine Labdi et son remplacement par Djahid Zefizef. \u00ab Avec lui (Labdi, Ndlr), tout juste apr\u00e8s la CAN, j\u2019ai pr\u00e9par\u00e9 le match du Cameroun pour le Mondial-2022. J\u2019ai discut\u00e9 avec le pr\u00e9sident de la FAF pour voir avec qui je vais travailler. Sa r\u00e9ponse ne r\u00e9pondait pas \u00e0 mes attentes. Nous avons d\u00e9cid\u00e9, donc, de faire appel \u00e0 Djahid Zefizef, et tout se passe parfaitement bien avec lui. C\u2019est un dirigeant qui a assez d\u2019exp\u00e9rience et de savoir faire pour mener de la meilleure des mani\u00e8res cette mission \u00bb, explique le coach national. Belmadi et ses troupes vont, donc, se replonger tr\u00e8s&nbsp;vite&nbsp;sur l\u2019objectif principal, qui est le Mondial-2022. \u00ab J\u2019ai voulu faire ce m\u00e9tier pour jouer une Coupe du Monde. C\u2019est la derni\u00e8re fois qu\u2019on a un Mondial dans cette configuration rare. Une qualification au mois de mars nous permettra de nous pr\u00e9parer dans l\u2019euphorie. On veut rendre notre peuple heureux \u00bb, esp\u00e8re-t-il. Belmadi affirme qu\u2019il n\u2019a pas \u00ab de temps \u00e0 perdre \u00bb pour parler au Directeur technique par int\u00e9rim, Toufik Kourichi en l\u2019occurrence, puisque le plus important est de pr\u00e9parer le match du Cameroun. Il a coup\u00e9 court \u00e0 tout ce qui a \u00e9t\u00e9 dit concernant le stage de pr\u00e9paration qui va se d\u00e9rouler en Guin\u00e9e Equatoriale : \u00ab Il y a beaucoup de choses erron\u00e9es qui sont dites. Il faut une forme de discr\u00e9tion. Je n\u2019ai pas le plan d\u2019organisation du Cameroun moi. \u00bb Commentant la programmation du match aller au stade de Japoma, il affirme ne pas comprendre le choix des Camerounais, qui jouent habituellement \u00e0 Yaound\u00e9 : \u00ab On est traumatis\u00e9s par la pelouse pas le stade, ni la ville. On ne se d\u00e9place pas pour faire du tourisme \u00bb Quant \u00e0 l\u2019\u00e9tat de la pelouse du stade Mustapha-Tchaker, th\u00e9\u00e2tre de la manche retour, Belmadi rassure : \u00ab Je suis all\u00e9 voir hier (samedi, ndlr). La pelouse est nickel. F\u00e9licitations \u00e0 ceux qui bossent dessus. \u00bb Le driver des Verts \u00e9voque l\u2019\u00e9tat de sant\u00e9 de ses joueurs et leur forme avant ce rendez-vous : \u00ab On suit tous les joueurs au cas par cas. On esp\u00e8re qu\u2019ils seront tous au rendez-vous, surtout que certains ont leur poids au sein du groupe \u00bb. Pour conclure, la question lui a \u00e9t\u00e9 pos\u00e9e concernant un \u00e9ventuel retour d\u2019Andy Delort, qui lui avait lanc\u00e9 un appel du pied r\u00e9cemment. Et \u00e0 Belmadi de r\u00e9pondre : \u00ab Tout d\u2019abord, il faut savoir qu\u2019il ne s\u2019agit pas d\u2019une affaire personnelle. Bien au contraire, humainement, Delort est quelqu\u2019un que je respecte. Ceux qui veulent la rendre personnelle sont stupides et malhonn\u00eates, voulant profiter de la situation que nous avions un genou \u00e0 terre. Qu\u2019ils sachent qu\u2019il n\u2019y a pas un Zorro ou un sauveur en Equipe nationale. \u00bb Voil\u00e0 qui est dit\u2026&nbsp;<\/p>\n\n\n\n<p><strong>Abderrahim Mahious&nbsp;<\/strong><\/p>\n","protected":false},"excerpt":{"rendered":"<p>Hier matin, l\u2019entra\u00eeneur de l\u2019Equipe nationale de football, Djamel Belmadi, a anim\u00e9 une conf\u00e9rence de presse au Centre technique national<\/p>\n","protected":false},"author":3,"featured_media":17597,"comment_status":"open","ping_status":"closed","sticky":false,"template":"","format":"standard","meta":{"colormag_page_container_layout":"default_layout","colormag_page_sidebar_layout":"default_layout","om_disable_all_campaigns":false,"_monsterinsights_skip_tracking":false,"_monsterinsights_sitenote_active":false,"_monsterinsights_sitenote_note":"","_monsterinsights_sitenote_category":0,"footnotes":"","_wpscppro_dont_share_socialmedia":false,"_wpscppro_custom_social_share_image":0,"_facebook_share_type":"","_twitter_share_type":"","_linkedin_share_type":"","_pinterest_share_type":"","_linkedin_share_type_page":"","_instagram_share_type":"","_medium_share_type":"","_threads_share_type":"","_google_business_share_type":"","_selected_social_profile":[],"_wpsp_enable_custom_social_template":false,"_wpsp_social_scheduling":{"enabled":false,"datetime":null,"platforms":[],"status":"template_only","dateOption":"today","timeOption":"now","customDays":"","customHours":"","customDate":"","customTime":"","schedulingType":"absolute"},"_wpsp_active_default_template":true},"categories":[52,33],"tags":[],"class_list":["post-17593","post","type-post","status-publish","format-standard","has-post-thumbnail","hentry","category-a-la-une","category-sports"],"aioseo_notices":[],"yoast_head":"<!-- This site is optimized with the Yoast SEO plugin v27.5 - https:\/\/yoast.com\/product\/yoast-seo-wordpress\/ -->\n<title>Belmadi fait le bilan de la CAN-2021\u00a0:\u00a0\u00ab La pr\u00e9paration a \u00e9t\u00e9 chaotique \u00bb - La Sentinelle<\/title>\n<meta name=\"robots\" content=\"index, follow, max-snippet:-1, max-image-preview:large, max-video-preview:-1\" \/>\n<link rel=\"canonical\" href=\"https:\/\/lasentinelle.dz\/index.php\/2022\/02\/28\/belmadi-fait-le-bilan-de-la-can-2021-la-preparation-a-ete-chaotique\/\" \/>\n<meta property=\"og:locale\" content=\"fr_FR\" \/>\n<meta property=\"og:type\" content=\"article\" \/>\n<meta property=\"og:title\" content=\"Belmadi fait le bilan de la CAN-2021\u00a0:\u00a0\u00ab La pr\u00e9paration a \u00e9t\u00e9 chaotique \u00bb - La Sentinelle\" \/>\n<meta property=\"og:description\" content=\"Hier matin, l\u2019entra\u00eeneur de l\u2019Equipe nationale de football, Djamel Belmadi, a anim\u00e9 une conf\u00e9rence de presse au Centre technique national\" \/>\n<meta property=\"og:url\" content=\"https:\/\/lasentinelle.dz\/index.php\/2022\/02\/28\/belmadi-fait-le-bilan-de-la-can-2021-la-preparation-a-ete-chaotique\/\" \/>\n<meta property=\"og:site_name\" content=\"La Sentinelle\" \/>\n<meta property=\"article:publisher\" content=\"https:\/\/www.facebook.com\/La-Sentinelle-104059864394773\" \/>\n<meta property=\"article:published_time\" content=\"2022-02-27T23:05:00+00:00\" \/>\n<meta property=\"og:image\" content=\"https:\/\/lasentinelle.dz\/wp-content\/uploads\/2022\/02\/belmadi.png\" \/>\n\t<meta property=\"og:image:width\" content=\"1463\" \/>\n\t<meta property=\"og:image:height\" content=\"900\" \/>\n\t<meta property=\"og:image:type\" content=\"image\/png\" \/>\n<meta name=\"author\" content=\"La Sentinelle\" \/>\n<meta name=\"twitter:card\" content=\"summary_large_image\" \/>\n<meta name=\"twitter:label1\" content=\"\u00c9crit par\" \/>\n\t<meta name=\"twitter:data1\" content=\"La Sentinelle\" \/>\n\t<meta name=\"twitter:label2\" content=\"Dur\u00e9e de lecture estim\u00e9e\" \/>\n\t<meta name=\"twitter:data2\" content=\"5 minutes\" \/>\n<script type=\"application\/ld+json\" class=\"yoast-schema-graph\">{\"@context\":\"https:\\\/\\\/schema.org\",\"@graph\":[{\"@type\":\"Article\",\"@id\":\"https:\\\/\\\/lasentinelle.dz\\\/index.php\\\/2022\\\/02\\\/28\\\/belmadi-fait-le-bilan-de-la-can-2021-la-preparation-a-ete-chaotique\\\/#article\",\"isPartOf\":{\"@id\":\"https:\\\/\\\/lasentinelle.dz\\\/index.php\\\/2022\\\/02\\\/28\\\/belmadi-fait-le-bilan-de-la-can-2021-la-preparation-a-ete-chaotique\\\/\"},\"author\":{\"name\":\"La Sentinelle\",\"@id\":\"https:\\\/\\\/lasentinelle.dz\\\/#\\\/schema\\\/person\\\/d865044e22e70a75174ce8bcad3acfb3\"},\"headline\":\"Belmadi fait le bilan de la CAN-2021\u00a0:\u00a0\u00ab La pr\u00e9paration a \u00e9t\u00e9 chaotique \u00bb\",\"datePublished\":\"2022-02-27T23:05:00+00:00\",\"mainEntityOfPage\":{\"@id\":\"https:\\\/\\\/lasentinelle.dz\\\/index.php\\\/2022\\\/02\\\/28\\\/belmadi-fait-le-bilan-de-la-can-2021-la-preparation-a-ete-chaotique\\\/\"},\"wordCount\":1024,\"commentCount\":0,\"publisher\":{\"@id\":\"https:\\\/\\\/lasentinelle.dz\\\/#organization\"},\"image\":{\"@id\":\"https:\\\/\\\/lasentinelle.dz\\\/index.php\\\/2022\\\/02\\\/28\\\/belmadi-fait-le-bilan-de-la-can-2021-la-preparation-a-ete-chaotique\\\/#primaryimage\"},\"thumbnailUrl\":\"https:\\\/\\\/lasentinelle.dz\\\/wp-content\\\/uploads\\\/2022\\\/02\\\/belmadi.png\",\"articleSection\":[\"\u00c0 la Une\",\"Sports\"],\"inLanguage\":\"fr-FR\",\"potentialAction\":[{\"@type\":\"CommentAction\",\"name\":\"Comment\",\"target\":[\"https:\\\/\\\/lasentinelle.dz\\\/index.php\\\/2022\\\/02\\\/28\\\/belmadi-fait-le-bilan-de-la-can-2021-la-preparation-a-ete-chaotique\\\/#respond\"]}]},{\"@type\":\"WebPage\",\"@id\":\"https:\\\/\\\/lasentinelle.dz\\\/index.php\\\/2022\\\/02\\\/28\\\/belmadi-fait-le-bilan-de-la-can-2021-la-preparation-a-ete-chaotique\\\/\",\"url\":\"https:\\\/\\\/lasentinelle.dz\\\/index.php\\\/2022\\\/02\\\/28\\\/belmadi-fait-le-bilan-de-la-can-2021-la-preparation-a-ete-chaotique\\\/\",\"name\":\"Belmadi fait le bilan de la CAN-2021\u00a0:\u00a0\u00ab La pr\u00e9paration a \u00e9t\u00e9 chaotique \u00bb - La Sentinelle\",\"isPartOf\":{\"@id\":\"https:\\\/\\\/lasentinelle.dz\\\/#website\"},\"primaryImageOfPage\":{\"@id\":\"https:\\\/\\\/lasentinelle.dz\\\/index.php\\\/2022\\\/02\\\/28\\\/belmadi-fait-le-bilan-de-la-can-2021-la-preparation-a-ete-chaotique\\\/#primaryimage\"},\"image\":{\"@id\":\"https:\\\/\\\/lasentinelle.dz\\\/index.php\\\/2022\\\/02\\\/28\\\/belmadi-fait-le-bilan-de-la-can-2021-la-preparation-a-ete-chaotique\\\/#primaryimage\"},\"thumbnailUrl\":\"https:\\\/\\\/lasentinelle.dz\\\/wp-content\\\/uploads\\\/2022\\\/02\\\/belmadi.png\",\"datePublished\":\"2022-02-27T23:05:00+00:00\",\"breadcrumb\":{\"@id\":\"https:\\\/\\\/lasentinelle.dz\\\/index.php\\\/2022\\\/02\\\/28\\\/belmadi-fait-le-bilan-de-la-can-2021-la-preparation-a-ete-chaotique\\\/#breadcrumb\"},\"inLanguage\":\"fr-FR\",\"potentialAction\":[{\"@type\":\"ReadAction\",\"target\":[\"https:\\\/\\\/lasentinelle.dz\\\/index.php\\\/2022\\\/02\\\/28\\\/belmadi-fait-le-bilan-de-la-can-2021-la-preparation-a-ete-chaotique\\\/\"]}]},{\"@type\":\"ImageObject\",\"inLanguage\":\"fr-FR\",\"@id\":\"https:\\\/\\\/lasentinelle.dz\\\/index.php\\\/2022\\\/02\\\/28\\\/belmadi-fait-le-bilan-de-la-can-2021-la-preparation-a-ete-chaotique\\\/#primaryimage\",\"url\":\"https:\\\/\\\/lasentinelle.dz\\\/wp-content\\\/uploads\\\/2022\\\/02\\\/belmadi.png\",\"contentUrl\":\"https:\\\/\\\/lasentinelle.dz\\\/wp-content\\\/uploads\\\/2022\\\/02\\\/belmadi.png\",\"width\":1463,\"height\":900},{\"@type\":\"BreadcrumbList\",\"@id\":\"https:\\\/\\\/lasentinelle.dz\\\/index.php\\\/2022\\\/02\\\/28\\\/belmadi-fait-le-bilan-de-la-can-2021-la-preparation-a-ete-chaotique\\\/#breadcrumb\",\"itemListElement\":[{\"@type\":\"ListItem\",\"position\":1,\"name\":\"Accueil\",\"item\":\"https:\\\/\\\/lasentinelle.dz\\\/\"},{\"@type\":\"ListItem\",\"position\":2,\"name\":\"Belmadi fait le bilan de la CAN-2021\u00a0:\u00a0\u00ab La pr\u00e9paration a \u00e9t\u00e9 chaotique \u00bb\"}]},{\"@type\":\"WebSite\",\"@id\":\"https:\\\/\\\/lasentinelle.dz\\\/#website\",\"url\":\"https:\\\/\\\/lasentinelle.dz\\\/\",\"name\":\"La Sentinelle\",\"description\":\"Quotidien national d&#039;information\",\"publisher\":{\"@id\":\"https:\\\/\\\/lasentinelle.dz\\\/#organization\"},\"potentialAction\":[{\"@type\":\"SearchAction\",\"target\":{\"@type\":\"EntryPoint\",\"urlTemplate\":\"https:\\\/\\\/lasentinelle.dz\\\/?s={search_term_string}\"},\"query-input\":{\"@type\":\"PropertyValueSpecification\",\"valueRequired\":true,\"valueName\":\"search_term_string\"}}],\"inLanguage\":\"fr-FR\"},{\"@type\":\"Organization\",\"@id\":\"https:\\\/\\\/lasentinelle.dz\\\/#organization\",\"name\":\"Quotidien La Sentinelle\",\"url\":\"https:\\\/\\\/lasentinelle.dz\\\/\",\"logo\":{\"@type\":\"ImageObject\",\"inLanguage\":\"fr-FR\",\"@id\":\"https:\\\/\\\/lasentinelle.dz\\\/#\\\/schema\\\/logo\\\/image\\\/\",\"url\":\"https:\\\/\\\/lasentinelle.dz\\\/wp-content\\\/uploads\\\/2021\\\/09\\\/logo-sentinelleSLOGAN-1.png\",\"contentUrl\":\"https:\\\/\\\/lasentinelle.dz\\\/wp-content\\\/uploads\\\/2021\\\/09\\\/logo-sentinelleSLOGAN-1.png\",\"width\":615,\"height\":142,\"caption\":\"Quotidien La Sentinelle\"},\"image\":{\"@id\":\"https:\\\/\\\/lasentinelle.dz\\\/#\\\/schema\\\/logo\\\/image\\\/\"},\"sameAs\":[\"https:\\\/\\\/www.facebook.com\\\/La-Sentinelle-104059864394773\"]},{\"@type\":\"Person\",\"@id\":\"https:\\\/\\\/lasentinelle.dz\\\/#\\\/schema\\\/person\\\/d865044e22e70a75174ce8bcad3acfb3\",\"name\":\"La Sentinelle\",\"image\":{\"@type\":\"ImageObject\",\"inLanguage\":\"fr-FR\",\"@id\":\"https:\\\/\\\/secure.gravatar.com\\\/avatar\\\/57de8e5d4b15d43fb361a71fbb36338450fe67865b528a43dd10ef7c51a20392?s=96&d=mm&r=g\",\"url\":\"https:\\\/\\\/secure.gravatar.com\\\/avatar\\\/57de8e5d4b15d43fb361a71fbb36338450fe67865b528a43dd10ef7c51a20392?s=96&d=mm&r=g\",\"contentUrl\":\"https:\\\/\\\/secure.gravatar.com\\\/avatar\\\/57de8e5d4b15d43fb361a71fbb36338450fe67865b528a43dd10ef7c51a20392?s=96&d=mm&r=g\",\"caption\":\"La Sentinelle\"},\"sameAs\":[\"http:\\\/\\\/www.lasentinelle.dz\"],\"url\":\"https:\\\/\\\/lasentinelle.dz\\\/author\\\/redaction\\\/\"}]}<\/script>\n<!-- \/ Yoast SEO plugin. -->","yoast_head_json":{"title":"Belmadi fait le bilan de la CAN-2021\u00a0:\u00a0\u00ab La pr\u00e9paration a \u00e9t\u00e9 chaotique \u00bb - La Sentinelle","robots":{"index":"index","follow":"follow","max-snippet":"max-snippet:-1","max-image-preview":"max-image-preview:large","max-video-preview":"max-video-preview:-1"},"canonical":"https:\/\/lasentinelle.dz\/index.php\/2022\/02\/28\/belmadi-fait-le-bilan-de-la-can-2021-la-preparation-a-ete-chaotique\/","og_locale":"fr_FR","og_type":"article","og_title":"Belmadi fait le bilan de la CAN-2021\u00a0:\u00a0\u00ab La pr\u00e9paration a \u00e9t\u00e9 chaotique \u00bb - La Sentinelle","og_description":"Hier matin, l\u2019entra\u00eeneur de l\u2019Equipe nationale de football, Djamel Belmadi, a anim\u00e9 une conf\u00e9rence de presse au Centre technique national","og_url":"https:\/\/lasentinelle.dz\/index.php\/2022\/02\/28\/belmadi-fait-le-bilan-de-la-can-2021-la-preparation-a-ete-chaotique\/","og_site_name":"La Sentinelle","article_publisher":"https:\/\/www.facebook.com\/La-Sentinelle-104059864394773","article_published_time":"2022-02-27T23:05:00+00:00","og_image":[{"width":1463,"height":900,"url":"https:\/\/lasentinelle.dz\/wp-content\/uploads\/2022\/02\/belmadi.png","type":"image\/png"}],"author":"La Sentinelle","twitter_card":"summary_large_image","twitter_misc":{"\u00c9crit par":"La Sentinelle","Dur\u00e9e de lecture estim\u00e9e":"5 minutes"},"schema":{"@context":"https:\/\/schema.org","@graph":[{"@type":"Article","@id":"https:\/\/lasentinelle.dz\/index.php\/2022\/02\/28\/belmadi-fait-le-bilan-de-la-can-2021-la-preparation-a-ete-chaotique\/#article","isPartOf":{"@id":"https:\/\/lasentinelle.dz\/index.php\/2022\/02\/28\/belmadi-fait-le-bilan-de-la-can-2021-la-preparation-a-ete-chaotique\/"},"author":{"name":"La Sentinelle","@id":"https:\/\/lasentinelle.dz\/#\/schema\/person\/d865044e22e70a75174ce8bcad3acfb3"},"headline":"Belmadi fait le bilan de la CAN-2021\u00a0:\u00a0\u00ab La pr\u00e9paration a \u00e9t\u00e9 chaotique \u00bb","datePublished":"2022-02-27T23:05:00+00:00","mainEntityOfPage":{"@id":"https:\/\/lasentinelle.dz\/index.php\/2022\/02\/28\/belmadi-fait-le-bilan-de-la-can-2021-la-preparation-a-ete-chaotique\/"},"wordCount":1024,"commentCount":0,"publisher":{"@id":"https:\/\/lasentinelle.dz\/#organization"},"image":{"@id":"https:\/\/lasentinelle.dz\/index.php\/2022\/02\/28\/belmadi-fait-le-bilan-de-la-can-2021-la-preparation-a-ete-chaotique\/#primaryimage"},"thumbnailUrl":"https:\/\/lasentinelle.dz\/wp-content\/uploads\/2022\/02\/belmadi.png","articleSection":["\u00c0 la Une","Sports"],"inLanguage":"fr-FR","potentialAction":[{"@type":"CommentAction","name":"Comment","target":["https:\/\/lasentinelle.dz\/index.php\/2022\/02\/28\/belmadi-fait-le-bilan-de-la-can-2021-la-preparation-a-ete-chaotique\/#respond"]}]},{"@type":"WebPage","@id":"https:\/\/lasentinelle.dz\/index.php\/2022\/02\/28\/belmadi-fait-le-bilan-de-la-can-2021-la-preparation-a-ete-chaotique\/","url":"https:\/\/lasentinelle.dz\/index.php\/2022\/02\/28\/belmadi-fait-le-bilan-de-la-can-2021-la-preparation-a-ete-chaotique\/","name":"Belmadi fait le bilan de la CAN-2021\u00a0:\u00a0\u00ab La pr\u00e9paration a \u00e9t\u00e9 chaotique \u00bb - La Sentinelle","isPartOf":{"@id":"https:\/\/lasentinelle.dz\/#website"},"primaryImageOfPage":{"@id":"https:\/\/lasentinelle.dz\/index.php\/2022\/02\/28\/belmadi-fait-le-bilan-de-la-can-2021-la-preparation-a-ete-chaotique\/#primaryimage"},"image":{"@id":"https:\/\/lasentinelle.dz\/index.php\/2022\/02\/28\/belmadi-fait-le-bilan-de-la-can-2021-la-preparation-a-ete-chaotique\/#primaryimage"},"thumbnailUrl":"https:\/\/lasentinelle.dz\/wp-content\/uploads\/2022\/02\/belmadi.png","datePublished":"2022-02-27T23:05:00+00:00","breadcrumb":{"@id":"https:\/\/lasentinelle.dz\/index.php\/2022\/02\/28\/belmadi-fait-le-bilan-de-la-can-2021-la-preparation-a-ete-chaotique\/#breadcrumb"},"inLanguage":"fr-FR","potentialAction":[{"@type":"ReadAction","target":["https:\/\/lasentinelle.dz\/index.php\/2022\/02\/28\/belmadi-fait-le-bilan-de-la-can-2021-la-preparation-a-ete-chaotique\/"]}]},{"@type":"ImageObject","inLanguage":"fr-FR","@id":"https:\/\/lasentinelle.dz\/index.php\/2022\/02\/28\/belmadi-fait-le-bilan-de-la-can-2021-la-preparation-a-ete-chaotique\/#primaryimage","url":"https:\/\/lasentinelle.dz\/wp-content\/uploads\/2022\/02\/belmadi.png","contentUrl":"https:\/\/lasentinelle.dz\/wp-content\/uploads\/2022\/02\/belmadi.png","width":1463,"height":900},{"@type":"BreadcrumbList","@id":"https:\/\/lasentinelle.dz\/index.php\/2022\/02\/28\/belmadi-fait-le-bilan-de-la-can-2021-la-preparation-a-ete-chaotique\/#breadcrumb","itemListElement":[{"@type":"ListItem","position":1,"name":"Accueil","item":"https:\/\/lasentinelle.dz\/"},{"@type":"ListItem","position":2,"name":"Belmadi fait le bilan de la CAN-2021\u00a0:\u00a0\u00ab La pr\u00e9paration a \u00e9t\u00e9 chaotique \u00bb"}]},{"@type":"WebSite","@id":"https:\/\/lasentinelle.dz\/#website","url":"https:\/\/lasentinelle.dz\/","name":"La Sentinelle","description":"Quotidien national d&#039;information","publisher":{"@id":"https:\/\/lasentinelle.dz\/#organization"},"potentialAction":[{"@type":"SearchAction","target":{"@type":"EntryPoint","urlTemplate":"https:\/\/lasentinelle.dz\/?s={search_term_string}"},"query-input":{"@type":"PropertyValueSpecification","valueRequired":true,"valueName":"search_term_string"}}],"inLanguage":"fr-FR"},{"@type":"Organization","@id":"https:\/\/lasentinelle.dz\/#organization","name":"Quotidien La Sentinelle","url":"https:\/\/lasentinelle.dz\/","logo":{"@type":"ImageObject","inLanguage":"fr-FR","@id":"https:\/\/lasentinelle.dz\/#\/schema\/logo\/image\/","url":"https:\/\/lasentinelle.dz\/wp-content\/uploads\/2021\/09\/logo-sentinelleSLOGAN-1.png","contentUrl":"https:\/\/lasentinelle.dz\/wp-content\/uploads\/2021\/09\/logo-sentinelleSLOGAN-1.png","width":615,"height":142,"caption":"Quotidien La Sentinelle"},"image":{"@id":"https:\/\/lasentinelle.dz\/#\/schema\/logo\/image\/"},"sameAs":["https:\/\/www.facebook.com\/La-Sentinelle-104059864394773"]},{"@type":"Person","@id":"https:\/\/lasentinelle.dz\/#\/schema\/person\/d865044e22e70a75174ce8bcad3acfb3","name":"La Sentinelle","image":{"@type":"ImageObject","inLanguage":"fr-FR","@id":"https:\/\/secure.gravatar.com\/avatar\/57de8e5d4b15d43fb361a71fbb36338450fe67865b528a43dd10ef7c51a20392?s=96&d=mm&r=g","url":"https:\/\/secure.gravatar.com\/avatar\/57de8e5d4b15d43fb361a71fbb36338450fe67865b528a43dd10ef7c51a20392?s=96&d=mm&r=g","contentUrl":"https:\/\/secure.gravatar.com\/avatar\/57de8e5d4b15d43fb361a71fbb36338450fe67865b528a43dd10ef7c51a20392?s=96&d=mm&r=g","caption":"La Sentinelle"},"sameAs":["http:\/\/www.lasentinelle.dz"],"url":"https:\/\/lasentinelle.dz\/author\/redaction\/"}]}},"_links":{"self":[{"href":"https:\/\/lasentinelle.dz\/index.php\/wp-json\/wp\/v2\/posts\/17593","targetHints":{"allow":["GET"]}}],"collection":[{"href":"https:\/\/lasentinelle.dz\/index.php\/wp-json\/wp\/v2\/posts"}],"about":[{"href":"https:\/\/lasentinelle.dz\/index.php\/wp-json\/wp\/v2\/types\/post"}],"author":[{"embeddable":true,"href":"https:\/\/lasentinelle.dz\/index.php\/wp-json\/wp\/v2\/users\/3"}],"replies":[{"embeddable":true,"href":"https:\/\/lasentinelle.dz\/index.php\/wp-json\/wp\/v2\/comments?post=17593"}],"version-history":[{"count":1,"href":"https:\/\/lasentinelle.dz\/index.php\/wp-json\/wp\/v2\/posts\/17593\/revisions"}],"predecessor-version":[{"id":17596,"href":"https:\/\/lasentinelle.dz\/index.php\/wp-json\/wp\/v2\/posts\/17593\/revisions\/17596"}],"wp:featuredmedia":[{"embeddable":true,"href":"https:\/\/lasentinelle.dz\/index.php\/wp-json\/wp\/v2\/media\/17597"}],"wp:attachment":[{"href":"https:\/\/lasentinelle.dz\/index.php\/wp-json\/wp\/v2\/media?parent=17593"}],"wp:term":[{"taxonomy":"category","embeddable":true,"href":"https:\/\/lasentinelle.dz\/index.php\/wp-json\/wp\/v2\/categories?post=17593"},{"taxonomy":"post_tag","embeddable":true,"href":"https:\/\/lasentinelle.dz\/index.php\/wp-json\/wp\/v2\/tags?post=17593"}],"curies":[{"name":"wp","href":"https:\/\/api.w.org\/{rel}","templated":true}]}}