{"id":17626,"date":"2022-02-28T00:01:00","date_gmt":"2022-02-27T23:01:00","guid":{"rendered":"https:\/\/lasentinelle.dz\/?p=17626"},"modified":"2022-02-27T19:52:42","modified_gmt":"2022-02-27T18:52:42","slug":"dix-bureaux-de-la-radio-nationale-dans-les-nouvelles-wilayas-dans-le-sud-du-pays","status":"publish","type":"post","link":"https:\/\/lasentinelle.dz\/index.php\/2022\/02\/28\/dix-bureaux-de-la-radio-nationale-dans-les-nouvelles-wilayas-dans-le-sud-du-pays\/","title":{"rendered":"Dix bureaux de la radio nationale dans les nouvelles wilayas dans le Sud du pays"},"content":{"rendered":"\n<p>La radio alg\u00e9rienne a mis en place des bureaux permanents au niveau des dix (10) nouvelles wilayas dans le Sud du pays dans le cadre des d\u00e9marches visant \u00e0 \u00e9tendre son champ de diffusion et renforcer l\u2019information de proximit\u00e9, a affirm\u00e9&nbsp;hier&nbsp;\u00e0 Ouargla son directeur g\u00e9n\u00e9ral, Mohamed Baghali.&nbsp;\u00ab\u00a0Les nouveaux bureaux, +projets de futures stations+, permettront d\u2019offrir aux habitants des dix nouvelles wilayas dans le Sud un service radiophonique au m\u00eame titre que leurs concitoyens \u00e0 travers le pays\u00a0\u00bb, a affirm\u00e9 M. Baghali lors d\u2019un s\u00e9minaire sur \u00ab\u00a0la radio alg\u00e9rienne, parcours historique et mutations technologiques\u00a0\u00bb.&nbsp;La radio alg\u00e9rienne dispose ainsi aujourd\u2019hui de 48 stations r\u00e9gionales et 10 bureaux dans les nouvelles wilayas, en plus de trois (3) stations en langue arabe, amazighe et fran\u00e7aise, une radio internationale, une radio d\u00e9di\u00e9e aux jeunes \u00ab\u00a0Jil-FM\u00a0\u00bb et la radio du Coran, a-t-il soulign\u00e9.&nbsp;Et d\u2019ajouter, que gr\u00e2ce aux efforts de ses travailleurs, la radio alg\u00e9rienne a enregistr\u00e9 des acquis en 2021, tels que le prolongement en H24 des horaires de diffusion de la radio du Coran et la radio culturelle, ainsi que de certaines radios r\u00e9gionales telles que celles d\u2019Alger, Mostaganem, S\u00e9tif et Boumerd\u00e8s, offrant \u00e0 l\u2019auditeur, o\u00f9 qu\u2019il se trouve en Alg\u00e9rie ou \u00e0 l\u2019\u00e9tranger, une information cr\u00e9dible \u00e0 tout moment.&nbsp;N\u00e9e au c\u0153ur de la R\u00e9volution en tant que radio s\u00e9cr\u00e8te, elle a depuis et apr\u00e8s le recouvrement de la souverainet\u00e9 nationale le 28 octobre 1962 sur la radio et t\u00e9l\u00e9vision alg\u00e9rienne, contribu\u00e9 \u00e0 \u00e9clairer le peuple alg\u00e9rien et a assumer une grande responsabilit\u00e9 en \u0153uvrant \u00e0 la pr\u00e9servation de la stabilit\u00e9 du pays et son unit\u00e9, a rappel\u00e9 son directeur g\u00e9n\u00e9ral.&nbsp;\u00ab\u00a0Son r\u00f4le aujourd\u2019hui est d\u2019autant plus important avec ce que subit le pays comme d\u00e9sinformations et rumeurs de la part de parties qui cherchent \u00e0 nuire aux soci\u00e9t\u00e9s et \u00e0 saper la confiance entre le citoyen et son Etat\u00a0\u00bb, a poursuivi M. Baghali, en insistant sur son (radio) \u00ab\u00a0r\u00f4le d\u2019avant-garde, aujourd\u2019hui, face aux complots ciblant le pays, de par \u00ab\u00a0son professionnalisme, le respect des r\u00e8gles d\u00e9ontologiques et la diffusion d\u2019informations v\u00e9rifi\u00e9es et cr\u00e9dibles\u00a0\u00bb.&nbsp;S&rsquo;agissant de la modernisation de ses moyens, M. Baghali notera que la radio alg\u00e9rienne, aujourd\u2019hui l\u2019un des supports m\u00e9diatiques en Alg\u00e9rie recourant le plus \u00e0 la technologie num\u00e9rique, a lanc\u00e9 en janvier dernier sa nouvelle plateforme num\u00e9rique, aux standards internationaux en la mati\u00e8re en plus de son application \u00e9lectronique.&nbsp;Le s\u00e9minaire sur \u00ab\u00a0la radio alg\u00e9rienne, parcours historique et mutations technologiques\u00a0\u00bb a \u00e9t\u00e9 anim\u00e9 par des enseignants d\u2019Universit\u00e9s d\u2019Ouargla, Gharda\u00efa et Alger, et a comport\u00e9 des communications s\u2019articulant autour de l\u2019information radiophonique de proximit\u00e9 et son r\u00f4le dans la pr\u00e9servation de la m\u00e9moire des peuples et de leurs legs culturel et linguistique, ainsi que dans le renforcement des valeurs de citoyennet\u00e9.&nbsp;Les communicateurs ont \u00e9galement abord\u00e9 les questions inh\u00e9rentes aux \u00ab\u00a0normes et \u00e0 l\u2019\u00e9thique du travail radiophonique de proximit\u00e9 face au discours de la haine\u00a0\u00bb, \u00ab\u00a0la radio alg\u00e9rienne et la poursuite du Challenge\u00a0\u00bb, \u00ab\u00a0la radio et l\u2019environnement num\u00e9rique\u00a0\u00bb, selon les organisateurs.<\/p>\n\n\n\n<p>APS<\/p>\n","protected":false},"excerpt":{"rendered":"<p>La radio alg\u00e9rienne a mis en place des bureaux permanents au niveau des dix (10) nouvelles wilayas dans le Sud<\/p>\n","protected":false},"author":3,"featured_media":17632,"comment_status":"open","ping_status":"closed","sticky":false,"template":"","format":"standard","meta":{"colormag_page_container_layout":"default_layout","colormag_page_sidebar_layout":"default_layout","om_disable_all_campaigns":false,"_monsterinsights_skip_tracking":false,"_monsterinsights_sitenote_active":false,"_monsterinsights_sitenote_note":"","_monsterinsights_sitenote_category":0,"footnotes":"","_wpscppro_dont_share_socialmedia":false,"_wpscppro_custom_social_share_image":0,"_facebook_share_type":"","_twitter_share_type":"","_linkedin_share_type":"","_pinterest_share_type":"","_linkedin_share_type_page":"","_instagram_share_type":"","_medium_share_type":"","_threads_share_type":"","_google_business_share_type":"","_selected_social_profile":[],"_wpsp_enable_custom_social_template":false,"_wpsp_social_scheduling":{"enabled":false,"datetime":null,"platforms":[],"status":"template_only","dateOption":"today","timeOption":"now","customDays":"","customHours":"","customDate":"","customTime":"","schedulingType":"absolute"},"_wpsp_active_default_template":true},"categories":[27],"tags":[],"class_list":["post-17626","post","type-post","status-publish","format-standard","has-post-thumbnail","hentry","category-actualite"],"aioseo_notices":[],"yoast_head":"<!-- This site is optimized with the Yoast SEO plugin v27.5 - https:\/\/yoast.com\/product\/yoast-seo-wordpress\/ -->\n<title>Dix bureaux de la radio nationale dans les nouvelles wilayas dans le Sud du pays - La Sentinelle<\/title>\n<meta name=\"robots\" content=\"index, follow, max-snippet:-1, max-image-preview:large, max-video-preview:-1\" \/>\n<link rel=\"canonical\" href=\"https:\/\/lasentinelle.dz\/index.php\/2022\/02\/28\/dix-bureaux-de-la-radio-nationale-dans-les-nouvelles-wilayas-dans-le-sud-du-pays\/\" \/>\n<meta property=\"og:locale\" content=\"fr_FR\" \/>\n<meta property=\"og:type\" content=\"article\" \/>\n<meta property=\"og:title\" content=\"Dix bureaux de la radio nationale dans les nouvelles wilayas dans le Sud du pays - La Sentinelle\" \/>\n<meta property=\"og:description\" content=\"La radio alg\u00e9rienne a mis en place des bureaux permanents au niveau des dix (10) nouvelles wilayas dans le Sud\" \/>\n<meta property=\"og:url\" content=\"https:\/\/lasentinelle.dz\/index.php\/2022\/02\/28\/dix-bureaux-de-la-radio-nationale-dans-les-nouvelles-wilayas-dans-le-sud-du-pays\/\" \/>\n<meta property=\"og:site_name\" content=\"La Sentinelle\" \/>\n<meta property=\"article:publisher\" content=\"https:\/\/www.facebook.com\/La-Sentinelle-104059864394773\" \/>\n<meta property=\"article:published_time\" content=\"2022-02-27T23:01:00+00:00\" \/>\n<meta property=\"og:image\" content=\"https:\/\/lasentinelle.dz\/wp-content\/uploads\/2022\/02\/BAGHALI-2_0.png\" \/>\n\t<meta property=\"og:image:width\" content=\"1200\" \/>\n\t<meta property=\"og:image:height\" content=\"900\" \/>\n\t<meta property=\"og:image:type\" content=\"image\/png\" \/>\n<meta name=\"author\" content=\"La Sentinelle\" \/>\n<meta name=\"twitter:card\" content=\"summary_large_image\" \/>\n<meta name=\"twitter:label1\" content=\"\u00c9crit par\" \/>\n\t<meta name=\"twitter:data1\" content=\"La Sentinelle\" \/>\n\t<meta name=\"twitter:label2\" content=\"Dur\u00e9e de lecture estim\u00e9e\" \/>\n\t<meta name=\"twitter:data2\" content=\"3 minutes\" \/>\n<script type=\"application\/ld+json\" class=\"yoast-schema-graph\">{\"@context\":\"https:\\\/\\\/schema.org\",\"@graph\":[{\"@type\":\"Article\",\"@id\":\"https:\\\/\\\/lasentinelle.dz\\\/index.php\\\/2022\\\/02\\\/28\\\/dix-bureaux-de-la-radio-nationale-dans-les-nouvelles-wilayas-dans-le-sud-du-pays\\\/#article\",\"isPartOf\":{\"@id\":\"https:\\\/\\\/lasentinelle.dz\\\/index.php\\\/2022\\\/02\\\/28\\\/dix-bureaux-de-la-radio-nationale-dans-les-nouvelles-wilayas-dans-le-sud-du-pays\\\/\"},\"author\":{\"name\":\"La Sentinelle\",\"@id\":\"https:\\\/\\\/lasentinelle.dz\\\/#\\\/schema\\\/person\\\/d865044e22e70a75174ce8bcad3acfb3\"},\"headline\":\"Dix bureaux de la radio nationale dans les nouvelles wilayas dans le Sud du pays\",\"datePublished\":\"2022-02-27T23:01:00+00:00\",\"mainEntityOfPage\":{\"@id\":\"https:\\\/\\\/lasentinelle.dz\\\/index.php\\\/2022\\\/02\\\/28\\\/dix-bureaux-de-la-radio-nationale-dans-les-nouvelles-wilayas-dans-le-sud-du-pays\\\/\"},\"wordCount\":583,\"commentCount\":0,\"publisher\":{\"@id\":\"https:\\\/\\\/lasentinelle.dz\\\/#organization\"},\"image\":{\"@id\":\"https:\\\/\\\/lasentinelle.dz\\\/index.php\\\/2022\\\/02\\\/28\\\/dix-bureaux-de-la-radio-nationale-dans-les-nouvelles-wilayas-dans-le-sud-du-pays\\\/#primaryimage\"},\"thumbnailUrl\":\"https:\\\/\\\/lasentinelle.dz\\\/wp-content\\\/uploads\\\/2022\\\/02\\\/BAGHALI-2_0.png\",\"articleSection\":[\"Actualit\u00e9\"],\"inLanguage\":\"fr-FR\",\"potentialAction\":[{\"@type\":\"CommentAction\",\"name\":\"Comment\",\"target\":[\"https:\\\/\\\/lasentinelle.dz\\\/index.php\\\/2022\\\/02\\\/28\\\/dix-bureaux-de-la-radio-nationale-dans-les-nouvelles-wilayas-dans-le-sud-du-pays\\\/#respond\"]}]},{\"@type\":\"WebPage\",\"@id\":\"https:\\\/\\\/lasentinelle.dz\\\/index.php\\\/2022\\\/02\\\/28\\\/dix-bureaux-de-la-radio-nationale-dans-les-nouvelles-wilayas-dans-le-sud-du-pays\\\/\",\"url\":\"https:\\\/\\\/lasentinelle.dz\\\/index.php\\\/2022\\\/02\\\/28\\\/dix-bureaux-de-la-radio-nationale-dans-les-nouvelles-wilayas-dans-le-sud-du-pays\\\/\",\"name\":\"Dix bureaux de la radio nationale dans les nouvelles wilayas dans le Sud du pays - La Sentinelle\",\"isPartOf\":{\"@id\":\"https:\\\/\\\/lasentinelle.dz\\\/#website\"},\"primaryImageOfPage\":{\"@id\":\"https:\\\/\\\/lasentinelle.dz\\\/index.php\\\/2022\\\/02\\\/28\\\/dix-bureaux-de-la-radio-nationale-dans-les-nouvelles-wilayas-dans-le-sud-du-pays\\\/#primaryimage\"},\"image\":{\"@id\":\"https:\\\/\\\/lasentinelle.dz\\\/index.php\\\/2022\\\/02\\\/28\\\/dix-bureaux-de-la-radio-nationale-dans-les-nouvelles-wilayas-dans-le-sud-du-pays\\\/#primaryimage\"},\"thumbnailUrl\":\"https:\\\/\\\/lasentinelle.dz\\\/wp-content\\\/uploads\\\/2022\\\/02\\\/BAGHALI-2_0.png\",\"datePublished\":\"2022-02-27T23:01:00+00:00\",\"breadcrumb\":{\"@id\":\"https:\\\/\\\/lasentinelle.dz\\\/index.php\\\/2022\\\/02\\\/28\\\/dix-bureaux-de-la-radio-nationale-dans-les-nouvelles-wilayas-dans-le-sud-du-pays\\\/#breadcrumb\"},\"inLanguage\":\"fr-FR\",\"potentialAction\":[{\"@type\":\"ReadAction\",\"target\":[\"https:\\\/\\\/lasentinelle.dz\\\/index.php\\\/2022\\\/02\\\/28\\\/dix-bureaux-de-la-radio-nationale-dans-les-nouvelles-wilayas-dans-le-sud-du-pays\\\/\"]}]},{\"@type\":\"ImageObject\",\"inLanguage\":\"fr-FR\",\"@id\":\"https:\\\/\\\/lasentinelle.dz\\\/index.php\\\/2022\\\/02\\\/28\\\/dix-bureaux-de-la-radio-nationale-dans-les-nouvelles-wilayas-dans-le-sud-du-pays\\\/#primaryimage\",\"url\":\"https:\\\/\\\/lasentinelle.dz\\\/wp-content\\\/uploads\\\/2022\\\/02\\\/BAGHALI-2_0.png\",\"contentUrl\":\"https:\\\/\\\/lasentinelle.dz\\\/wp-content\\\/uploads\\\/2022\\\/02\\\/BAGHALI-2_0.png\",\"width\":1200,\"height\":900},{\"@type\":\"BreadcrumbList\",\"@id\":\"https:\\\/\\\/lasentinelle.dz\\\/index.php\\\/2022\\\/02\\\/28\\\/dix-bureaux-de-la-radio-nationale-dans-les-nouvelles-wilayas-dans-le-sud-du-pays\\\/#breadcrumb\",\"itemListElement\":[{\"@type\":\"ListItem\",\"position\":1,\"name\":\"Accueil\",\"item\":\"https:\\\/\\\/lasentinelle.dz\\\/\"},{\"@type\":\"ListItem\",\"position\":2,\"name\":\"Dix bureaux de la radio nationale dans les nouvelles wilayas dans le Sud du pays\"}]},{\"@type\":\"WebSite\",\"@id\":\"https:\\\/\\\/lasentinelle.dz\\\/#website\",\"url\":\"https:\\\/\\\/lasentinelle.dz\\\/\",\"name\":\"La Sentinelle\",\"description\":\"Quotidien national d&#039;information\",\"publisher\":{\"@id\":\"https:\\\/\\\/lasentinelle.dz\\\/#organization\"},\"potentialAction\":[{\"@type\":\"SearchAction\",\"target\":{\"@type\":\"EntryPoint\",\"urlTemplate\":\"https:\\\/\\\/lasentinelle.dz\\\/?s={search_term_string}\"},\"query-input\":{\"@type\":\"PropertyValueSpecification\",\"valueRequired\":true,\"valueName\":\"search_term_string\"}}],\"inLanguage\":\"fr-FR\"},{\"@type\":\"Organization\",\"@id\":\"https:\\\/\\\/lasentinelle.dz\\\/#organization\",\"name\":\"Quotidien La Sentinelle\",\"url\":\"https:\\\/\\\/lasentinelle.dz\\\/\",\"logo\":{\"@type\":\"ImageObject\",\"inLanguage\":\"fr-FR\",\"@id\":\"https:\\\/\\\/lasentinelle.dz\\\/#\\\/schema\\\/logo\\\/image\\\/\",\"url\":\"https:\\\/\\\/lasentinelle.dz\\\/wp-content\\\/uploads\\\/2021\\\/09\\\/logo-sentinelleSLOGAN-1.png\",\"contentUrl\":\"https:\\\/\\\/lasentinelle.dz\\\/wp-content\\\/uploads\\\/2021\\\/09\\\/logo-sentinelleSLOGAN-1.png\",\"width\":615,\"height\":142,\"caption\":\"Quotidien La Sentinelle\"},\"image\":{\"@id\":\"https:\\\/\\\/lasentinelle.dz\\\/#\\\/schema\\\/logo\\\/image\\\/\"},\"sameAs\":[\"https:\\\/\\\/www.facebook.com\\\/La-Sentinelle-104059864394773\"]},{\"@type\":\"Person\",\"@id\":\"https:\\\/\\\/lasentinelle.dz\\\/#\\\/schema\\\/person\\\/d865044e22e70a75174ce8bcad3acfb3\",\"name\":\"La Sentinelle\",\"image\":{\"@type\":\"ImageObject\",\"inLanguage\":\"fr-FR\",\"@id\":\"https:\\\/\\\/secure.gravatar.com\\\/avatar\\\/57de8e5d4b15d43fb361a71fbb36338450fe67865b528a43dd10ef7c51a20392?s=96&d=mm&r=g\",\"url\":\"https:\\\/\\\/secure.gravatar.com\\\/avatar\\\/57de8e5d4b15d43fb361a71fbb36338450fe67865b528a43dd10ef7c51a20392?s=96&d=mm&r=g\",\"contentUrl\":\"https:\\\/\\\/secure.gravatar.com\\\/avatar\\\/57de8e5d4b15d43fb361a71fbb36338450fe67865b528a43dd10ef7c51a20392?s=96&d=mm&r=g\",\"caption\":\"La Sentinelle\"},\"sameAs\":[\"http:\\\/\\\/www.lasentinelle.dz\"],\"url\":\"https:\\\/\\\/lasentinelle.dz\\\/author\\\/redaction\\\/\"}]}<\/script>\n<!-- \/ Yoast SEO plugin. -->","yoast_head_json":{"title":"Dix bureaux de la radio nationale dans les nouvelles wilayas dans le Sud du pays - La Sentinelle","robots":{"index":"index","follow":"follow","max-snippet":"max-snippet:-1","max-image-preview":"max-image-preview:large","max-video-preview":"max-video-preview:-1"},"canonical":"https:\/\/lasentinelle.dz\/index.php\/2022\/02\/28\/dix-bureaux-de-la-radio-nationale-dans-les-nouvelles-wilayas-dans-le-sud-du-pays\/","og_locale":"fr_FR","og_type":"article","og_title":"Dix bureaux de la radio nationale dans les nouvelles wilayas dans le Sud du pays - La Sentinelle","og_description":"La radio alg\u00e9rienne a mis en place des bureaux permanents au niveau des dix (10) nouvelles wilayas dans le Sud","og_url":"https:\/\/lasentinelle.dz\/index.php\/2022\/02\/28\/dix-bureaux-de-la-radio-nationale-dans-les-nouvelles-wilayas-dans-le-sud-du-pays\/","og_site_name":"La Sentinelle","article_publisher":"https:\/\/www.facebook.com\/La-Sentinelle-104059864394773","article_published_time":"2022-02-27T23:01:00+00:00","og_image":[{"width":1200,"height":900,"url":"https:\/\/lasentinelle.dz\/wp-content\/uploads\/2022\/02\/BAGHALI-2_0.png","type":"image\/png"}],"author":"La Sentinelle","twitter_card":"summary_large_image","twitter_misc":{"\u00c9crit par":"La Sentinelle","Dur\u00e9e de lecture estim\u00e9e":"3 minutes"},"schema":{"@context":"https:\/\/schema.org","@graph":[{"@type":"Article","@id":"https:\/\/lasentinelle.dz\/index.php\/2022\/02\/28\/dix-bureaux-de-la-radio-nationale-dans-les-nouvelles-wilayas-dans-le-sud-du-pays\/#article","isPartOf":{"@id":"https:\/\/lasentinelle.dz\/index.php\/2022\/02\/28\/dix-bureaux-de-la-radio-nationale-dans-les-nouvelles-wilayas-dans-le-sud-du-pays\/"},"author":{"name":"La Sentinelle","@id":"https:\/\/lasentinelle.dz\/#\/schema\/person\/d865044e22e70a75174ce8bcad3acfb3"},"headline":"Dix bureaux de la radio nationale dans les nouvelles wilayas dans le Sud du pays","datePublished":"2022-02-27T23:01:00+00:00","mainEntityOfPage":{"@id":"https:\/\/lasentinelle.dz\/index.php\/2022\/02\/28\/dix-bureaux-de-la-radio-nationale-dans-les-nouvelles-wilayas-dans-le-sud-du-pays\/"},"wordCount":583,"commentCount":0,"publisher":{"@id":"https:\/\/lasentinelle.dz\/#organization"},"image":{"@id":"https:\/\/lasentinelle.dz\/index.php\/2022\/02\/28\/dix-bureaux-de-la-radio-nationale-dans-les-nouvelles-wilayas-dans-le-sud-du-pays\/#primaryimage"},"thumbnailUrl":"https:\/\/lasentinelle.dz\/wp-content\/uploads\/2022\/02\/BAGHALI-2_0.png","articleSection":["Actualit\u00e9"],"inLanguage":"fr-FR","potentialAction":[{"@type":"CommentAction","name":"Comment","target":["https:\/\/lasentinelle.dz\/index.php\/2022\/02\/28\/dix-bureaux-de-la-radio-nationale-dans-les-nouvelles-wilayas-dans-le-sud-du-pays\/#respond"]}]},{"@type":"WebPage","@id":"https:\/\/lasentinelle.dz\/index.php\/2022\/02\/28\/dix-bureaux-de-la-radio-nationale-dans-les-nouvelles-wilayas-dans-le-sud-du-pays\/","url":"https:\/\/lasentinelle.dz\/index.php\/2022\/02\/28\/dix-bureaux-de-la-radio-nationale-dans-les-nouvelles-wilayas-dans-le-sud-du-pays\/","name":"Dix bureaux de la radio nationale dans les nouvelles wilayas dans le Sud du pays - La Sentinelle","isPartOf":{"@id":"https:\/\/lasentinelle.dz\/#website"},"primaryImageOfPage":{"@id":"https:\/\/lasentinelle.dz\/index.php\/2022\/02\/28\/dix-bureaux-de-la-radio-nationale-dans-les-nouvelles-wilayas-dans-le-sud-du-pays\/#primaryimage"},"image":{"@id":"https:\/\/lasentinelle.dz\/index.php\/2022\/02\/28\/dix-bureaux-de-la-radio-nationale-dans-les-nouvelles-wilayas-dans-le-sud-du-pays\/#primaryimage"},"thumbnailUrl":"https:\/\/lasentinelle.dz\/wp-content\/uploads\/2022\/02\/BAGHALI-2_0.png","datePublished":"2022-02-27T23:01:00+00:00","breadcrumb":{"@id":"https:\/\/lasentinelle.dz\/index.php\/2022\/02\/28\/dix-bureaux-de-la-radio-nationale-dans-les-nouvelles-wilayas-dans-le-sud-du-pays\/#breadcrumb"},"inLanguage":"fr-FR","potentialAction":[{"@type":"ReadAction","target":["https:\/\/lasentinelle.dz\/index.php\/2022\/02\/28\/dix-bureaux-de-la-radio-nationale-dans-les-nouvelles-wilayas-dans-le-sud-du-pays\/"]}]},{"@type":"ImageObject","inLanguage":"fr-FR","@id":"https:\/\/lasentinelle.dz\/index.php\/2022\/02\/28\/dix-bureaux-de-la-radio-nationale-dans-les-nouvelles-wilayas-dans-le-sud-du-pays\/#primaryimage","url":"https:\/\/lasentinelle.dz\/wp-content\/uploads\/2022\/02\/BAGHALI-2_0.png","contentUrl":"https:\/\/lasentinelle.dz\/wp-content\/uploads\/2022\/02\/BAGHALI-2_0.png","width":1200,"height":900},{"@type":"BreadcrumbList","@id":"https:\/\/lasentinelle.dz\/index.php\/2022\/02\/28\/dix-bureaux-de-la-radio-nationale-dans-les-nouvelles-wilayas-dans-le-sud-du-pays\/#breadcrumb","itemListElement":[{"@type":"ListItem","position":1,"name":"Accueil","item":"https:\/\/lasentinelle.dz\/"},{"@type":"ListItem","position":2,"name":"Dix bureaux de la radio nationale dans les nouvelles wilayas dans le Sud du pays"}]},{"@type":"WebSite","@id":"https:\/\/lasentinelle.dz\/#website","url":"https:\/\/lasentinelle.dz\/","name":"La Sentinelle","description":"Quotidien national d&#039;information","publisher":{"@id":"https:\/\/lasentinelle.dz\/#organization"},"potentialAction":[{"@type":"SearchAction","target":{"@type":"EntryPoint","urlTemplate":"https:\/\/lasentinelle.dz\/?s={search_term_string}"},"query-input":{"@type":"PropertyValueSpecification","valueRequired":true,"valueName":"search_term_string"}}],"inLanguage":"fr-FR"},{"@type":"Organization","@id":"https:\/\/lasentinelle.dz\/#organization","name":"Quotidien La Sentinelle","url":"https:\/\/lasentinelle.dz\/","logo":{"@type":"ImageObject","inLanguage":"fr-FR","@id":"https:\/\/lasentinelle.dz\/#\/schema\/logo\/image\/","url":"https:\/\/lasentinelle.dz\/wp-content\/uploads\/2021\/09\/logo-sentinelleSLOGAN-1.png","contentUrl":"https:\/\/lasentinelle.dz\/wp-content\/uploads\/2021\/09\/logo-sentinelleSLOGAN-1.png","width":615,"height":142,"caption":"Quotidien La Sentinelle"},"image":{"@id":"https:\/\/lasentinelle.dz\/#\/schema\/logo\/image\/"},"sameAs":["https:\/\/www.facebook.com\/La-Sentinelle-104059864394773"]},{"@type":"Person","@id":"https:\/\/lasentinelle.dz\/#\/schema\/person\/d865044e22e70a75174ce8bcad3acfb3","name":"La Sentinelle","image":{"@type":"ImageObject","inLanguage":"fr-FR","@id":"https:\/\/secure.gravatar.com\/avatar\/57de8e5d4b15d43fb361a71fbb36338450fe67865b528a43dd10ef7c51a20392?s=96&d=mm&r=g","url":"https:\/\/secure.gravatar.com\/avatar\/57de8e5d4b15d43fb361a71fbb36338450fe67865b528a43dd10ef7c51a20392?s=96&d=mm&r=g","contentUrl":"https:\/\/secure.gravatar.com\/avatar\/57de8e5d4b15d43fb361a71fbb36338450fe67865b528a43dd10ef7c51a20392?s=96&d=mm&r=g","caption":"La Sentinelle"},"sameAs":["http:\/\/www.lasentinelle.dz"],"url":"https:\/\/lasentinelle.dz\/author\/redaction\/"}]}},"_links":{"self":[{"href":"https:\/\/lasentinelle.dz\/index.php\/wp-json\/wp\/v2\/posts\/17626","targetHints":{"allow":["GET"]}}],"collection":[{"href":"https:\/\/lasentinelle.dz\/index.php\/wp-json\/wp\/v2\/posts"}],"about":[{"href":"https:\/\/lasentinelle.dz\/index.php\/wp-json\/wp\/v2\/types\/post"}],"author":[{"embeddable":true,"href":"https:\/\/lasentinelle.dz\/index.php\/wp-json\/wp\/v2\/users\/3"}],"replies":[{"embeddable":true,"href":"https:\/\/lasentinelle.dz\/index.php\/wp-json\/wp\/v2\/comments?post=17626"}],"version-history":[{"count":1,"href":"https:\/\/lasentinelle.dz\/index.php\/wp-json\/wp\/v2\/posts\/17626\/revisions"}],"predecessor-version":[{"id":17634,"href":"https:\/\/lasentinelle.dz\/index.php\/wp-json\/wp\/v2\/posts\/17626\/revisions\/17634"}],"wp:featuredmedia":[{"embeddable":true,"href":"https:\/\/lasentinelle.dz\/index.php\/wp-json\/wp\/v2\/media\/17632"}],"wp:attachment":[{"href":"https:\/\/lasentinelle.dz\/index.php\/wp-json\/wp\/v2\/media?parent=17626"}],"wp:term":[{"taxonomy":"category","embeddable":true,"href":"https:\/\/lasentinelle.dz\/index.php\/wp-json\/wp\/v2\/categories?post=17626"},{"taxonomy":"post_tag","embeddable":true,"href":"https:\/\/lasentinelle.dz\/index.php\/wp-json\/wp\/v2\/tags?post=17626"}],"curies":[{"name":"wp","href":"https:\/\/api.w.org\/{rel}","templated":true}]}}