{"id":17653,"date":"2022-03-01T00:01:00","date_gmt":"2022-02-28T23:01:00","guid":{"rendered":"https:\/\/lasentinelle.dz\/?p=17653"},"modified":"2022-02-28T16:29:17","modified_gmt":"2022-02-28T15:29:17","slug":"organisation-du-chan-2023-le-cochan-faf-en-visite-a-constantine","status":"publish","type":"post","link":"https:\/\/lasentinelle.dz\/index.php\/2022\/03\/01\/organisation-du-chan-2023-le-cochan-faf-en-visite-a-constantine\/","title":{"rendered":"Organisation du CHAN-2023\u00a0:\u00a0Le COCHAN-FAF en visite \u00e0 Constantine\u00a0"},"content":{"rendered":"\n<p>Les membres de ladite commission ont insist\u00e9 sur l&rsquo;urgence d\u2019acc\u00e9l\u00e9rer les diff\u00e9rents chantiers afin d&rsquo;\u00eatre dans les d\u00e9lais avant ce rendez-vous continental.&nbsp;<\/p>\n\n\n\n<p>Le Comit\u00e9 d\u2019organisation du Championnat d&rsquo;Afrique des&nbsp;Nations, destin\u00e9 aux joueurs locaux (CHAN-2023) qu&rsquo;abritera l&rsquo;Alg\u00e9rie du 8 au 31 janvier 2023, a effectu\u00e9 dimanche une visite d&rsquo;inspection au stade du Chahid Hamlaoui de Constantine, indique lundi la F\u00e9d\u00e9ration alg\u00e9rienne de football (FAF). La d\u00e9l\u00e9gation de la FAF \u00e9tait compos\u00e9e de Rachid Oukali, pr\u00e9sident du COCHAN-FAF et pr\u00e9sident de la Commission des finances, de Yacine Benhamza, vice-pr\u00e9sident du COCHAN-FAF, vice-pr\u00e9sident de la FAF et pr\u00e9sident de la commission du football professionnel, de Hakim Meddane, pr\u00e9sident de la Commission Futsal et Beach-Soccer ainsi qu&rsquo;Abdelkrim Medaouar, pr\u00e9sident de la Ligue de football professionnel (LFP) et responsable du site de Constantine. En marge de leur visite, les membres de la d\u00e9l\u00e9gation de la FAF ont \u00e9t\u00e9 re\u00e7us par le Wali de Constantine, Messaoud Djari, avec qui ils ont \u00e9chang\u00e9 sur les pr\u00e9paratifs pour accueillir l&rsquo;\u00e9v\u00e9nement du football africain, avant de lui offrir un maillot de la s\u00e9lection nationale en guise de remerciement pour les eff orts qu&rsquo;il consent \u00e0 la t\u00eate de l&rsquo;ex\u00e9cutif pour faire aboutir les travaux de r\u00e9habilitation de l&rsquo;enceinte Constantinoise, pr\u00e9cise la FAF. Au niveau du stade Hamlaoui et des terrains annexes visit\u00e9s, les membres du COCHAN, qui \u00e9taient accompagn\u00e9s par les repr\u00e9sentants de la Direction de la jeunesse et des sports de la wilaya, ont fait le point sur l&rsquo;\u00e9tat d\u2019avancement des travaux, dont certains sont toujours en cours, et d\u2019autres sont en attente de d\u00e9marrage. Les membres n&rsquo;ont pas manqu\u00e9 d&rsquo;insister sur l&rsquo;urgence de faire acc\u00e9l\u00e9rer les diff\u00e9rents chantiers afin d&rsquo;\u00eatre dans les d\u00e9lais. La journ\u00e9e d\u2019hier a \u00e9t\u00e9 consacr\u00e9e \u00e0 la visite des h\u00f4tels, des h\u00f4pitaux et d&rsquo;autres infrastructures retenues pour les besoins du CHAN-2023. Les membres du COCHAN poursuivront leur mission en se rendant, aujourd\u2019hui et demain, \u00e0 Annaba pour une visite d\u2019inspection au stade du 19-Mai 1956, mais \u00e9galement d\u2019autres infrastructures de base concern\u00e9es par cette comp\u00e9tition continentale.&nbsp;&nbsp;<\/p>\n\n\n\n<p>R. S.<\/p>\n","protected":false},"excerpt":{"rendered":"<p>Les membres de ladite commission ont insist\u00e9 sur l&rsquo;urgence d\u2019acc\u00e9l\u00e9rer les diff\u00e9rents chantiers afin d&rsquo;\u00eatre dans les d\u00e9lais avant ce<\/p>\n","protected":false},"author":3,"featured_media":17664,"comment_status":"open","ping_status":"closed","sticky":false,"template":"","format":"standard","meta":{"colormag_page_container_layout":"default_layout","colormag_page_sidebar_layout":"default_layout","om_disable_all_campaigns":false,"_monsterinsights_skip_tracking":false,"_monsterinsights_sitenote_active":false,"_monsterinsights_sitenote_note":"","_monsterinsights_sitenote_category":0,"footnotes":"","_wpscppro_dont_share_socialmedia":false,"_wpscppro_custom_social_share_image":0,"_facebook_share_type":"","_twitter_share_type":"","_linkedin_share_type":"","_pinterest_share_type":"","_linkedin_share_type_page":"","_instagram_share_type":"","_medium_share_type":"","_threads_share_type":"","_google_business_share_type":"","_selected_social_profile":[],"_wpsp_enable_custom_social_template":false,"_wpsp_social_scheduling":{"enabled":false,"datetime":null,"platforms":[],"status":"template_only","dateOption":"today","timeOption":"now","customDays":"","customHours":"","customDate":"","customTime":"","schedulingType":"absolute"},"_wpsp_active_default_template":true},"categories":[33],"tags":[],"class_list":["post-17653","post","type-post","status-publish","format-standard","has-post-thumbnail","hentry","category-sports"],"aioseo_notices":[],"yoast_head":"<!-- This site is optimized with the Yoast SEO plugin v27.5 - https:\/\/yoast.com\/product\/yoast-seo-wordpress\/ -->\n<title>Organisation du CHAN-2023\u00a0:\u00a0Le COCHAN-FAF en visite \u00e0 Constantine\u00a0 - La Sentinelle<\/title>\n<meta name=\"robots\" content=\"index, follow, max-snippet:-1, max-image-preview:large, max-video-preview:-1\" \/>\n<link rel=\"canonical\" href=\"https:\/\/lasentinelle.dz\/index.php\/2022\/03\/01\/organisation-du-chan-2023-le-cochan-faf-en-visite-a-constantine\/\" \/>\n<meta property=\"og:locale\" content=\"fr_FR\" \/>\n<meta property=\"og:type\" content=\"article\" \/>\n<meta property=\"og:title\" content=\"Organisation du CHAN-2023\u00a0:\u00a0Le COCHAN-FAF en visite \u00e0 Constantine\u00a0 - La Sentinelle\" \/>\n<meta property=\"og:description\" content=\"Les membres de ladite commission ont insist\u00e9 sur l&rsquo;urgence d\u2019acc\u00e9l\u00e9rer les diff\u00e9rents chantiers afin d&rsquo;\u00eatre dans les d\u00e9lais avant ce\" \/>\n<meta property=\"og:url\" content=\"https:\/\/lasentinelle.dz\/index.php\/2022\/03\/01\/organisation-du-chan-2023-le-cochan-faf-en-visite-a-constantine\/\" \/>\n<meta property=\"og:site_name\" content=\"La Sentinelle\" \/>\n<meta property=\"article:publisher\" content=\"https:\/\/www.facebook.com\/La-Sentinelle-104059864394773\" \/>\n<meta property=\"article:published_time\" content=\"2022-02-28T23:01:00+00:00\" \/>\n<meta property=\"og:image\" content=\"https:\/\/lasentinelle.dz\/wp-content\/uploads\/2022\/02\/CHAN-scaled.jpg\" \/>\n\t<meta property=\"og:image:width\" content=\"2560\" \/>\n\t<meta property=\"og:image:height\" content=\"1707\" \/>\n\t<meta property=\"og:image:type\" content=\"image\/jpeg\" \/>\n<meta name=\"author\" content=\"La Sentinelle\" \/>\n<meta name=\"twitter:card\" content=\"summary_large_image\" \/>\n<meta name=\"twitter:label1\" content=\"\u00c9crit par\" \/>\n\t<meta name=\"twitter:data1\" content=\"La Sentinelle\" \/>\n\t<meta name=\"twitter:label2\" content=\"Dur\u00e9e de lecture estim\u00e9e\" \/>\n\t<meta name=\"twitter:data2\" content=\"2 minutes\" \/>\n<script type=\"application\/ld+json\" class=\"yoast-schema-graph\">{\"@context\":\"https:\\\/\\\/schema.org\",\"@graph\":[{\"@type\":\"Article\",\"@id\":\"https:\\\/\\\/lasentinelle.dz\\\/index.php\\\/2022\\\/03\\\/01\\\/organisation-du-chan-2023-le-cochan-faf-en-visite-a-constantine\\\/#article\",\"isPartOf\":{\"@id\":\"https:\\\/\\\/lasentinelle.dz\\\/index.php\\\/2022\\\/03\\\/01\\\/organisation-du-chan-2023-le-cochan-faf-en-visite-a-constantine\\\/\"},\"author\":{\"name\":\"La Sentinelle\",\"@id\":\"https:\\\/\\\/lasentinelle.dz\\\/#\\\/schema\\\/person\\\/d865044e22e70a75174ce8bcad3acfb3\"},\"headline\":\"Organisation du CHAN-2023\u00a0:\u00a0Le COCHAN-FAF en visite \u00e0 Constantine\u00a0\",\"datePublished\":\"2022-02-28T23:01:00+00:00\",\"mainEntityOfPage\":{\"@id\":\"https:\\\/\\\/lasentinelle.dz\\\/index.php\\\/2022\\\/03\\\/01\\\/organisation-du-chan-2023-le-cochan-faf-en-visite-a-constantine\\\/\"},\"wordCount\":408,\"commentCount\":0,\"publisher\":{\"@id\":\"https:\\\/\\\/lasentinelle.dz\\\/#organization\"},\"image\":{\"@id\":\"https:\\\/\\\/lasentinelle.dz\\\/index.php\\\/2022\\\/03\\\/01\\\/organisation-du-chan-2023-le-cochan-faf-en-visite-a-constantine\\\/#primaryimage\"},\"thumbnailUrl\":\"https:\\\/\\\/lasentinelle.dz\\\/wp-content\\\/uploads\\\/2022\\\/02\\\/CHAN-scaled.jpg\",\"articleSection\":[\"Sports\"],\"inLanguage\":\"fr-FR\",\"potentialAction\":[{\"@type\":\"CommentAction\",\"name\":\"Comment\",\"target\":[\"https:\\\/\\\/lasentinelle.dz\\\/index.php\\\/2022\\\/03\\\/01\\\/organisation-du-chan-2023-le-cochan-faf-en-visite-a-constantine\\\/#respond\"]}]},{\"@type\":\"WebPage\",\"@id\":\"https:\\\/\\\/lasentinelle.dz\\\/index.php\\\/2022\\\/03\\\/01\\\/organisation-du-chan-2023-le-cochan-faf-en-visite-a-constantine\\\/\",\"url\":\"https:\\\/\\\/lasentinelle.dz\\\/index.php\\\/2022\\\/03\\\/01\\\/organisation-du-chan-2023-le-cochan-faf-en-visite-a-constantine\\\/\",\"name\":\"Organisation du CHAN-2023\u00a0:\u00a0Le COCHAN-FAF en visite \u00e0 Constantine\u00a0 - La Sentinelle\",\"isPartOf\":{\"@id\":\"https:\\\/\\\/lasentinelle.dz\\\/#website\"},\"primaryImageOfPage\":{\"@id\":\"https:\\\/\\\/lasentinelle.dz\\\/index.php\\\/2022\\\/03\\\/01\\\/organisation-du-chan-2023-le-cochan-faf-en-visite-a-constantine\\\/#primaryimage\"},\"image\":{\"@id\":\"https:\\\/\\\/lasentinelle.dz\\\/index.php\\\/2022\\\/03\\\/01\\\/organisation-du-chan-2023-le-cochan-faf-en-visite-a-constantine\\\/#primaryimage\"},\"thumbnailUrl\":\"https:\\\/\\\/lasentinelle.dz\\\/wp-content\\\/uploads\\\/2022\\\/02\\\/CHAN-scaled.jpg\",\"datePublished\":\"2022-02-28T23:01:00+00:00\",\"breadcrumb\":{\"@id\":\"https:\\\/\\\/lasentinelle.dz\\\/index.php\\\/2022\\\/03\\\/01\\\/organisation-du-chan-2023-le-cochan-faf-en-visite-a-constantine\\\/#breadcrumb\"},\"inLanguage\":\"fr-FR\",\"potentialAction\":[{\"@type\":\"ReadAction\",\"target\":[\"https:\\\/\\\/lasentinelle.dz\\\/index.php\\\/2022\\\/03\\\/01\\\/organisation-du-chan-2023-le-cochan-faf-en-visite-a-constantine\\\/\"]}]},{\"@type\":\"ImageObject\",\"inLanguage\":\"fr-FR\",\"@id\":\"https:\\\/\\\/lasentinelle.dz\\\/index.php\\\/2022\\\/03\\\/01\\\/organisation-du-chan-2023-le-cochan-faf-en-visite-a-constantine\\\/#primaryimage\",\"url\":\"https:\\\/\\\/lasentinelle.dz\\\/wp-content\\\/uploads\\\/2022\\\/02\\\/CHAN-scaled.jpg\",\"contentUrl\":\"https:\\\/\\\/lasentinelle.dz\\\/wp-content\\\/uploads\\\/2022\\\/02\\\/CHAN-scaled.jpg\",\"width\":2560,\"height\":1707},{\"@type\":\"BreadcrumbList\",\"@id\":\"https:\\\/\\\/lasentinelle.dz\\\/index.php\\\/2022\\\/03\\\/01\\\/organisation-du-chan-2023-le-cochan-faf-en-visite-a-constantine\\\/#breadcrumb\",\"itemListElement\":[{\"@type\":\"ListItem\",\"position\":1,\"name\":\"Accueil\",\"item\":\"https:\\\/\\\/lasentinelle.dz\\\/\"},{\"@type\":\"ListItem\",\"position\":2,\"name\":\"Organisation du CHAN-2023\u00a0:\u00a0Le COCHAN-FAF en visite \u00e0 Constantine\u00a0\"}]},{\"@type\":\"WebSite\",\"@id\":\"https:\\\/\\\/lasentinelle.dz\\\/#website\",\"url\":\"https:\\\/\\\/lasentinelle.dz\\\/\",\"name\":\"La Sentinelle\",\"description\":\"Quotidien national d&#039;information\",\"publisher\":{\"@id\":\"https:\\\/\\\/lasentinelle.dz\\\/#organization\"},\"potentialAction\":[{\"@type\":\"SearchAction\",\"target\":{\"@type\":\"EntryPoint\",\"urlTemplate\":\"https:\\\/\\\/lasentinelle.dz\\\/?s={search_term_string}\"},\"query-input\":{\"@type\":\"PropertyValueSpecification\",\"valueRequired\":true,\"valueName\":\"search_term_string\"}}],\"inLanguage\":\"fr-FR\"},{\"@type\":\"Organization\",\"@id\":\"https:\\\/\\\/lasentinelle.dz\\\/#organization\",\"name\":\"Quotidien La Sentinelle\",\"url\":\"https:\\\/\\\/lasentinelle.dz\\\/\",\"logo\":{\"@type\":\"ImageObject\",\"inLanguage\":\"fr-FR\",\"@id\":\"https:\\\/\\\/lasentinelle.dz\\\/#\\\/schema\\\/logo\\\/image\\\/\",\"url\":\"https:\\\/\\\/lasentinelle.dz\\\/wp-content\\\/uploads\\\/2021\\\/09\\\/logo-sentinelleSLOGAN-1.png\",\"contentUrl\":\"https:\\\/\\\/lasentinelle.dz\\\/wp-content\\\/uploads\\\/2021\\\/09\\\/logo-sentinelleSLOGAN-1.png\",\"width\":615,\"height\":142,\"caption\":\"Quotidien La Sentinelle\"},\"image\":{\"@id\":\"https:\\\/\\\/lasentinelle.dz\\\/#\\\/schema\\\/logo\\\/image\\\/\"},\"sameAs\":[\"https:\\\/\\\/www.facebook.com\\\/La-Sentinelle-104059864394773\"]},{\"@type\":\"Person\",\"@id\":\"https:\\\/\\\/lasentinelle.dz\\\/#\\\/schema\\\/person\\\/d865044e22e70a75174ce8bcad3acfb3\",\"name\":\"La Sentinelle\",\"image\":{\"@type\":\"ImageObject\",\"inLanguage\":\"fr-FR\",\"@id\":\"https:\\\/\\\/secure.gravatar.com\\\/avatar\\\/57de8e5d4b15d43fb361a71fbb36338450fe67865b528a43dd10ef7c51a20392?s=96&d=mm&r=g\",\"url\":\"https:\\\/\\\/secure.gravatar.com\\\/avatar\\\/57de8e5d4b15d43fb361a71fbb36338450fe67865b528a43dd10ef7c51a20392?s=96&d=mm&r=g\",\"contentUrl\":\"https:\\\/\\\/secure.gravatar.com\\\/avatar\\\/57de8e5d4b15d43fb361a71fbb36338450fe67865b528a43dd10ef7c51a20392?s=96&d=mm&r=g\",\"caption\":\"La Sentinelle\"},\"sameAs\":[\"http:\\\/\\\/www.lasentinelle.dz\"],\"url\":\"https:\\\/\\\/lasentinelle.dz\\\/author\\\/redaction\\\/\"}]}<\/script>\n<!-- \/ Yoast SEO plugin. -->","yoast_head_json":{"title":"Organisation du CHAN-2023\u00a0:\u00a0Le COCHAN-FAF en visite \u00e0 Constantine\u00a0 - La Sentinelle","robots":{"index":"index","follow":"follow","max-snippet":"max-snippet:-1","max-image-preview":"max-image-preview:large","max-video-preview":"max-video-preview:-1"},"canonical":"https:\/\/lasentinelle.dz\/index.php\/2022\/03\/01\/organisation-du-chan-2023-le-cochan-faf-en-visite-a-constantine\/","og_locale":"fr_FR","og_type":"article","og_title":"Organisation du CHAN-2023\u00a0:\u00a0Le COCHAN-FAF en visite \u00e0 Constantine\u00a0 - La Sentinelle","og_description":"Les membres de ladite commission ont insist\u00e9 sur l&rsquo;urgence d\u2019acc\u00e9l\u00e9rer les diff\u00e9rents chantiers afin d&rsquo;\u00eatre dans les d\u00e9lais avant ce","og_url":"https:\/\/lasentinelle.dz\/index.php\/2022\/03\/01\/organisation-du-chan-2023-le-cochan-faf-en-visite-a-constantine\/","og_site_name":"La Sentinelle","article_publisher":"https:\/\/www.facebook.com\/La-Sentinelle-104059864394773","article_published_time":"2022-02-28T23:01:00+00:00","og_image":[{"width":2560,"height":1707,"url":"https:\/\/lasentinelle.dz\/wp-content\/uploads\/2022\/02\/CHAN-scaled.jpg","type":"image\/jpeg"}],"author":"La Sentinelle","twitter_card":"summary_large_image","twitter_misc":{"\u00c9crit par":"La Sentinelle","Dur\u00e9e de lecture estim\u00e9e":"2 minutes"},"schema":{"@context":"https:\/\/schema.org","@graph":[{"@type":"Article","@id":"https:\/\/lasentinelle.dz\/index.php\/2022\/03\/01\/organisation-du-chan-2023-le-cochan-faf-en-visite-a-constantine\/#article","isPartOf":{"@id":"https:\/\/lasentinelle.dz\/index.php\/2022\/03\/01\/organisation-du-chan-2023-le-cochan-faf-en-visite-a-constantine\/"},"author":{"name":"La Sentinelle","@id":"https:\/\/lasentinelle.dz\/#\/schema\/person\/d865044e22e70a75174ce8bcad3acfb3"},"headline":"Organisation du CHAN-2023\u00a0:\u00a0Le COCHAN-FAF en visite \u00e0 Constantine\u00a0","datePublished":"2022-02-28T23:01:00+00:00","mainEntityOfPage":{"@id":"https:\/\/lasentinelle.dz\/index.php\/2022\/03\/01\/organisation-du-chan-2023-le-cochan-faf-en-visite-a-constantine\/"},"wordCount":408,"commentCount":0,"publisher":{"@id":"https:\/\/lasentinelle.dz\/#organization"},"image":{"@id":"https:\/\/lasentinelle.dz\/index.php\/2022\/03\/01\/organisation-du-chan-2023-le-cochan-faf-en-visite-a-constantine\/#primaryimage"},"thumbnailUrl":"https:\/\/lasentinelle.dz\/wp-content\/uploads\/2022\/02\/CHAN-scaled.jpg","articleSection":["Sports"],"inLanguage":"fr-FR","potentialAction":[{"@type":"CommentAction","name":"Comment","target":["https:\/\/lasentinelle.dz\/index.php\/2022\/03\/01\/organisation-du-chan-2023-le-cochan-faf-en-visite-a-constantine\/#respond"]}]},{"@type":"WebPage","@id":"https:\/\/lasentinelle.dz\/index.php\/2022\/03\/01\/organisation-du-chan-2023-le-cochan-faf-en-visite-a-constantine\/","url":"https:\/\/lasentinelle.dz\/index.php\/2022\/03\/01\/organisation-du-chan-2023-le-cochan-faf-en-visite-a-constantine\/","name":"Organisation du CHAN-2023\u00a0:\u00a0Le COCHAN-FAF en visite \u00e0 Constantine\u00a0 - La Sentinelle","isPartOf":{"@id":"https:\/\/lasentinelle.dz\/#website"},"primaryImageOfPage":{"@id":"https:\/\/lasentinelle.dz\/index.php\/2022\/03\/01\/organisation-du-chan-2023-le-cochan-faf-en-visite-a-constantine\/#primaryimage"},"image":{"@id":"https:\/\/lasentinelle.dz\/index.php\/2022\/03\/01\/organisation-du-chan-2023-le-cochan-faf-en-visite-a-constantine\/#primaryimage"},"thumbnailUrl":"https:\/\/lasentinelle.dz\/wp-content\/uploads\/2022\/02\/CHAN-scaled.jpg","datePublished":"2022-02-28T23:01:00+00:00","breadcrumb":{"@id":"https:\/\/lasentinelle.dz\/index.php\/2022\/03\/01\/organisation-du-chan-2023-le-cochan-faf-en-visite-a-constantine\/#breadcrumb"},"inLanguage":"fr-FR","potentialAction":[{"@type":"ReadAction","target":["https:\/\/lasentinelle.dz\/index.php\/2022\/03\/01\/organisation-du-chan-2023-le-cochan-faf-en-visite-a-constantine\/"]}]},{"@type":"ImageObject","inLanguage":"fr-FR","@id":"https:\/\/lasentinelle.dz\/index.php\/2022\/03\/01\/organisation-du-chan-2023-le-cochan-faf-en-visite-a-constantine\/#primaryimage","url":"https:\/\/lasentinelle.dz\/wp-content\/uploads\/2022\/02\/CHAN-scaled.jpg","contentUrl":"https:\/\/lasentinelle.dz\/wp-content\/uploads\/2022\/02\/CHAN-scaled.jpg","width":2560,"height":1707},{"@type":"BreadcrumbList","@id":"https:\/\/lasentinelle.dz\/index.php\/2022\/03\/01\/organisation-du-chan-2023-le-cochan-faf-en-visite-a-constantine\/#breadcrumb","itemListElement":[{"@type":"ListItem","position":1,"name":"Accueil","item":"https:\/\/lasentinelle.dz\/"},{"@type":"ListItem","position":2,"name":"Organisation du CHAN-2023\u00a0:\u00a0Le COCHAN-FAF en visite \u00e0 Constantine\u00a0"}]},{"@type":"WebSite","@id":"https:\/\/lasentinelle.dz\/#website","url":"https:\/\/lasentinelle.dz\/","name":"La Sentinelle","description":"Quotidien national d&#039;information","publisher":{"@id":"https:\/\/lasentinelle.dz\/#organization"},"potentialAction":[{"@type":"SearchAction","target":{"@type":"EntryPoint","urlTemplate":"https:\/\/lasentinelle.dz\/?s={search_term_string}"},"query-input":{"@type":"PropertyValueSpecification","valueRequired":true,"valueName":"search_term_string"}}],"inLanguage":"fr-FR"},{"@type":"Organization","@id":"https:\/\/lasentinelle.dz\/#organization","name":"Quotidien La Sentinelle","url":"https:\/\/lasentinelle.dz\/","logo":{"@type":"ImageObject","inLanguage":"fr-FR","@id":"https:\/\/lasentinelle.dz\/#\/schema\/logo\/image\/","url":"https:\/\/lasentinelle.dz\/wp-content\/uploads\/2021\/09\/logo-sentinelleSLOGAN-1.png","contentUrl":"https:\/\/lasentinelle.dz\/wp-content\/uploads\/2021\/09\/logo-sentinelleSLOGAN-1.png","width":615,"height":142,"caption":"Quotidien La Sentinelle"},"image":{"@id":"https:\/\/lasentinelle.dz\/#\/schema\/logo\/image\/"},"sameAs":["https:\/\/www.facebook.com\/La-Sentinelle-104059864394773"]},{"@type":"Person","@id":"https:\/\/lasentinelle.dz\/#\/schema\/person\/d865044e22e70a75174ce8bcad3acfb3","name":"La Sentinelle","image":{"@type":"ImageObject","inLanguage":"fr-FR","@id":"https:\/\/secure.gravatar.com\/avatar\/57de8e5d4b15d43fb361a71fbb36338450fe67865b528a43dd10ef7c51a20392?s=96&d=mm&r=g","url":"https:\/\/secure.gravatar.com\/avatar\/57de8e5d4b15d43fb361a71fbb36338450fe67865b528a43dd10ef7c51a20392?s=96&d=mm&r=g","contentUrl":"https:\/\/secure.gravatar.com\/avatar\/57de8e5d4b15d43fb361a71fbb36338450fe67865b528a43dd10ef7c51a20392?s=96&d=mm&r=g","caption":"La Sentinelle"},"sameAs":["http:\/\/www.lasentinelle.dz"],"url":"https:\/\/lasentinelle.dz\/author\/redaction\/"}]}},"_links":{"self":[{"href":"https:\/\/lasentinelle.dz\/index.php\/wp-json\/wp\/v2\/posts\/17653","targetHints":{"allow":["GET"]}}],"collection":[{"href":"https:\/\/lasentinelle.dz\/index.php\/wp-json\/wp\/v2\/posts"}],"about":[{"href":"https:\/\/lasentinelle.dz\/index.php\/wp-json\/wp\/v2\/types\/post"}],"author":[{"embeddable":true,"href":"https:\/\/lasentinelle.dz\/index.php\/wp-json\/wp\/v2\/users\/3"}],"replies":[{"embeddable":true,"href":"https:\/\/lasentinelle.dz\/index.php\/wp-json\/wp\/v2\/comments?post=17653"}],"version-history":[{"count":1,"href":"https:\/\/lasentinelle.dz\/index.php\/wp-json\/wp\/v2\/posts\/17653\/revisions"}],"predecessor-version":[{"id":17666,"href":"https:\/\/lasentinelle.dz\/index.php\/wp-json\/wp\/v2\/posts\/17653\/revisions\/17666"}],"wp:featuredmedia":[{"embeddable":true,"href":"https:\/\/lasentinelle.dz\/index.php\/wp-json\/wp\/v2\/media\/17664"}],"wp:attachment":[{"href":"https:\/\/lasentinelle.dz\/index.php\/wp-json\/wp\/v2\/media?parent=17653"}],"wp:term":[{"taxonomy":"category","embeddable":true,"href":"https:\/\/lasentinelle.dz\/index.php\/wp-json\/wp\/v2\/categories?post=17653"},{"taxonomy":"post_tag","embeddable":true,"href":"https:\/\/lasentinelle.dz\/index.php\/wp-json\/wp\/v2\/tags?post=17653"}],"curies":[{"name":"wp","href":"https:\/\/api.w.org\/{rel}","templated":true}]}}