{"id":17660,"date":"2022-03-01T00:01:00","date_gmt":"2022-02-28T23:01:00","guid":{"rendered":"https:\/\/lasentinelle.dz\/?p=17660"},"modified":"2022-02-28T16:58:38","modified_gmt":"2022-02-28T15:58:38","slug":"nouvelle-gare-maritime-dannaba-la-reception-retardee-une-fois-de-plus","status":"publish","type":"post","link":"https:\/\/lasentinelle.dz\/index.php\/2022\/03\/01\/nouvelle-gare-maritime-dannaba-la-reception-retardee-une-fois-de-plus\/","title":{"rendered":"Nouvelle gare maritime d\u2019Annaba\u00a0:\u00a0La r\u00e9ception retard\u00e9e une fois de plus"},"content":{"rendered":"\n<p>Annonc\u00e9e pour&nbsp;le&nbsp;mois de janvier dernier,&nbsp;&nbsp;la r\u00e9ception de la premi\u00e8re tranche (deux premiers \u00e9tages notamment le deuxi\u00e8me qui accueillera les voyageurs) du projet de la nouvelle gare maritime, tant attendue par la population,&nbsp;n\u2019est pas pour demain.&nbsp;<\/p>\n\n\n\n<p>Devant&nbsp;\u00eatre op\u00e9rationnelle en&nbsp;avril&nbsp;prochain, cette premi\u00e8re tranche risque de ne pas \u00eatre pr\u00eate pour cette saison estivale. Et pourtant l&rsquo;entreprise charg\u00e9e de la r\u00e9alisation du projet&nbsp;s\u2019\u00e9tait engag\u00e9e, lors de la derni\u00e8re visite du du premier responsable de la wilaya d\u2019Annaba, Djamel Eddine Berrimi,&nbsp;&nbsp;\u00e0 tout faire pour&nbsp;que la premi\u00e8re tranche de la structure maritime&nbsp;soit&nbsp;pr\u00eate pour l\u2019\u00e9t\u00e9 prochain. Or, cela ne semble pas \u00eatre le cas&nbsp;puisque&nbsp;&nbsp;les&nbsp;Annabis devront encore&nbsp;patienter au moins un autre semestre&nbsp;pour la mise en service de la nouvelle gare maritime. Une r\u00e9ception annonc\u00e9e en grande pompe par&nbsp;la direction de l\u2019Entreprise&nbsp;portuaire d\u2019 Annaba, au cours d\u2019une rencontre avec la presse tenue au d\u00e9but du mois&nbsp;octobre&nbsp;dernier, sur la livraison de ce projet structurant aux standards internationaux en Avril. Sauf qu\u2019un autre&nbsp;d\u00e9lai&nbsp;est avanc\u00e9. Pourtant,&nbsp;certains probl\u00e8mes techniques avaient&nbsp;\u00e9t\u00e9 d\u00e9finitivement r\u00e9solus, puisque l\u2019emplacement de la passerelle, qui, au d\u00e9part devait \u00eatre \u00e9rig\u00e9e face \u00e0 la gare maritime, avait \u00e9t\u00e9&nbsp;&nbsp;d\u00e9plac\u00e9. Au vu de la cadence des travaux, estiment des observateurs, cette infrastructure lanc\u00e9e en 2016 et financ\u00e9e dans le cadre d\u2019un investissement d\u2019entreprises publiques, risque de ne pas \u00eatre op\u00e9rationnelle durant le&nbsp;premier&nbsp;semestre de cette ann\u00e9e.&nbsp;Il faut&nbsp;rappeler que ce projet vise \u00e0 valoriser l\u2019activit\u00e9 de transport maritime d\u2019un plus grand nombre de voyageurs, tout en offrant aux usagers des espaces de services et de loisirs aux normes internationales. Or, il avait accus\u00e9, depuis la crise sanitaire du Covid-19, beaucoup de retards&nbsp;d\u00fbs&nbsp;aux travaux suppl\u00e9mentaires rendus n\u00e9cessaires pour consolider le terrain, devant permettre la reprise du transport maritime de voyageurs suspendu&nbsp;en raison&nbsp;des travaux de cette infrastructure. Implant\u00e9e sur une surface de 8.000 m2&nbsp;et dot\u00e9e de toutes les commodit\u00e9s n\u00e9cessaires&nbsp;et d\u2019une capacit\u00e9 de transit&nbsp;de&nbsp;pas moins de 240.000 voyageurs par an contre 16.000 actuellement, la nouvelle gare maritime devrait certainement ouvrir des horizons \u00e9conomiques prometteurs pour la wilaya d\u2019Annaba&nbsp;avec, entre autres, quelque 100&nbsp;dessertes\/mois&nbsp;programm\u00e9es. \u00c9galement dot\u00e9e d\u2019un espace commercial au rez-de-chauss\u00e9e, des restaurants panoramiques et autres commodit\u00e9s aux niveaux des terrasses et d\u2019une passerelle connect\u00e9e directement sur le navire, permettant \u00e9galement l\u2019ouverture de l\u2019infrastructure maritime sur la ville. Sa conception moderne permettra, en outre, un passage fluide des voyageurs ainsi que de leurs v\u00e9hicules \u00e0 la faveur de couloirs r\u00e9serv\u00e9s aux proc\u00e9dures de transit. La gare maritime offrira \u00e9galement un espace de shopping et de d\u00e9tente avec une vue sur la mer et qui sera ouvert au public.<\/p>\n\n\n\n<p><strong>Sofia Chahine<\/strong><\/p>\n","protected":false},"excerpt":{"rendered":"<p>Annonc\u00e9e pour&nbsp;le&nbsp;mois de janvier dernier,&nbsp;&nbsp;la r\u00e9ception de la premi\u00e8re tranche (deux premiers \u00e9tages notamment le deuxi\u00e8me qui accueillera les voyageurs)<\/p>\n","protected":false},"author":3,"featured_media":17676,"comment_status":"open","ping_status":"closed","sticky":false,"template":"","format":"standard","meta":{"colormag_page_container_layout":"default_layout","colormag_page_sidebar_layout":"default_layout","om_disable_all_campaigns":false,"_monsterinsights_skip_tracking":false,"_monsterinsights_sitenote_active":false,"_monsterinsights_sitenote_note":"","_monsterinsights_sitenote_category":0,"footnotes":"","_wpscppro_dont_share_socialmedia":false,"_wpscppro_custom_social_share_image":0,"_facebook_share_type":"","_twitter_share_type":"","_linkedin_share_type":"","_pinterest_share_type":"","_linkedin_share_type_page":"","_instagram_share_type":"","_medium_share_type":"","_threads_share_type":"","_google_business_share_type":"","_selected_social_profile":[],"_wpsp_enable_custom_social_template":false,"_wpsp_social_scheduling":{"enabled":false,"datetime":null,"platforms":[],"status":"template_only","dateOption":"today","timeOption":"now","customDays":"","customHours":"","customDate":"","customTime":"","schedulingType":"absolute"},"_wpsp_active_default_template":true},"categories":[31],"tags":[],"class_list":["post-17660","post","type-post","status-publish","format-standard","has-post-thumbnail","hentry","category-regions"],"aioseo_notices":[],"yoast_head":"<!-- This site is optimized with the Yoast SEO plugin v27.4 - https:\/\/yoast.com\/product\/yoast-seo-wordpress\/ -->\n<title>Nouvelle gare maritime d\u2019Annaba\u00a0:\u00a0La r\u00e9ception retard\u00e9e une fois de plus - La Sentinelle<\/title>\n<meta name=\"robots\" content=\"index, follow, max-snippet:-1, max-image-preview:large, max-video-preview:-1\" \/>\n<link rel=\"canonical\" href=\"https:\/\/lasentinelle.dz\/index.php\/2022\/03\/01\/nouvelle-gare-maritime-dannaba-la-reception-retardee-une-fois-de-plus\/\" \/>\n<meta property=\"og:locale\" content=\"fr_FR\" \/>\n<meta property=\"og:type\" content=\"article\" \/>\n<meta property=\"og:title\" content=\"Nouvelle gare maritime d\u2019Annaba\u00a0:\u00a0La r\u00e9ception retard\u00e9e une fois de plus - La Sentinelle\" \/>\n<meta property=\"og:description\" content=\"Annonc\u00e9e pour&nbsp;le&nbsp;mois de janvier dernier,&nbsp;&nbsp;la r\u00e9ception de la premi\u00e8re tranche (deux premiers \u00e9tages notamment le deuxi\u00e8me qui accueillera les voyageurs)\" \/>\n<meta property=\"og:url\" content=\"https:\/\/lasentinelle.dz\/index.php\/2022\/03\/01\/nouvelle-gare-maritime-dannaba-la-reception-retardee-une-fois-de-plus\/\" \/>\n<meta property=\"og:site_name\" content=\"La Sentinelle\" \/>\n<meta property=\"article:publisher\" content=\"https:\/\/www.facebook.com\/La-Sentinelle-104059864394773\" \/>\n<meta property=\"article:published_time\" content=\"2022-02-28T23:01:00+00:00\" \/>\n<meta property=\"og:image\" content=\"https:\/\/lasentinelle.dz\/wp-content\/uploads\/2022\/02\/gare-maritime-de-annaba-1-1024x396.png\" \/>\n\t<meta property=\"og:image:width\" content=\"1024\" \/>\n\t<meta property=\"og:image:height\" content=\"396\" \/>\n\t<meta property=\"og:image:type\" content=\"image\/png\" \/>\n<meta name=\"author\" content=\"La Sentinelle\" \/>\n<meta name=\"twitter:card\" content=\"summary_large_image\" \/>\n<meta name=\"twitter:label1\" content=\"\u00c9crit par\" \/>\n\t<meta name=\"twitter:data1\" content=\"La Sentinelle\" \/>\n\t<meta name=\"twitter:label2\" content=\"Dur\u00e9e de lecture estim\u00e9e\" \/>\n\t<meta name=\"twitter:data2\" content=\"3 minutes\" \/>\n<script type=\"application\/ld+json\" class=\"yoast-schema-graph\">{\"@context\":\"https:\\\/\\\/schema.org\",\"@graph\":[{\"@type\":\"Article\",\"@id\":\"https:\\\/\\\/lasentinelle.dz\\\/index.php\\\/2022\\\/03\\\/01\\\/nouvelle-gare-maritime-dannaba-la-reception-retardee-une-fois-de-plus\\\/#article\",\"isPartOf\":{\"@id\":\"https:\\\/\\\/lasentinelle.dz\\\/index.php\\\/2022\\\/03\\\/01\\\/nouvelle-gare-maritime-dannaba-la-reception-retardee-une-fois-de-plus\\\/\"},\"author\":{\"name\":\"La Sentinelle\",\"@id\":\"https:\\\/\\\/lasentinelle.dz\\\/#\\\/schema\\\/person\\\/d865044e22e70a75174ce8bcad3acfb3\"},\"headline\":\"Nouvelle gare maritime d\u2019Annaba\u00a0:\u00a0La r\u00e9ception retard\u00e9e une fois de plus\",\"datePublished\":\"2022-02-28T23:01:00+00:00\",\"mainEntityOfPage\":{\"@id\":\"https:\\\/\\\/lasentinelle.dz\\\/index.php\\\/2022\\\/03\\\/01\\\/nouvelle-gare-maritime-dannaba-la-reception-retardee-une-fois-de-plus\\\/\"},\"wordCount\":568,\"commentCount\":0,\"publisher\":{\"@id\":\"https:\\\/\\\/lasentinelle.dz\\\/#organization\"},\"image\":{\"@id\":\"https:\\\/\\\/lasentinelle.dz\\\/index.php\\\/2022\\\/03\\\/01\\\/nouvelle-gare-maritime-dannaba-la-reception-retardee-une-fois-de-plus\\\/#primaryimage\"},\"thumbnailUrl\":\"https:\\\/\\\/lasentinelle.dz\\\/wp-content\\\/uploads\\\/2022\\\/02\\\/gare-maritime-de-annaba-1.png\",\"articleSection\":[\"R\u00e9gions\"],\"inLanguage\":\"fr-FR\",\"potentialAction\":[{\"@type\":\"CommentAction\",\"name\":\"Comment\",\"target\":[\"https:\\\/\\\/lasentinelle.dz\\\/index.php\\\/2022\\\/03\\\/01\\\/nouvelle-gare-maritime-dannaba-la-reception-retardee-une-fois-de-plus\\\/#respond\"]}]},{\"@type\":\"WebPage\",\"@id\":\"https:\\\/\\\/lasentinelle.dz\\\/index.php\\\/2022\\\/03\\\/01\\\/nouvelle-gare-maritime-dannaba-la-reception-retardee-une-fois-de-plus\\\/\",\"url\":\"https:\\\/\\\/lasentinelle.dz\\\/index.php\\\/2022\\\/03\\\/01\\\/nouvelle-gare-maritime-dannaba-la-reception-retardee-une-fois-de-plus\\\/\",\"name\":\"Nouvelle gare maritime d\u2019Annaba\u00a0:\u00a0La r\u00e9ception retard\u00e9e une fois de plus - La Sentinelle\",\"isPartOf\":{\"@id\":\"https:\\\/\\\/lasentinelle.dz\\\/#website\"},\"primaryImageOfPage\":{\"@id\":\"https:\\\/\\\/lasentinelle.dz\\\/index.php\\\/2022\\\/03\\\/01\\\/nouvelle-gare-maritime-dannaba-la-reception-retardee-une-fois-de-plus\\\/#primaryimage\"},\"image\":{\"@id\":\"https:\\\/\\\/lasentinelle.dz\\\/index.php\\\/2022\\\/03\\\/01\\\/nouvelle-gare-maritime-dannaba-la-reception-retardee-une-fois-de-plus\\\/#primaryimage\"},\"thumbnailUrl\":\"https:\\\/\\\/lasentinelle.dz\\\/wp-content\\\/uploads\\\/2022\\\/02\\\/gare-maritime-de-annaba-1.png\",\"datePublished\":\"2022-02-28T23:01:00+00:00\",\"breadcrumb\":{\"@id\":\"https:\\\/\\\/lasentinelle.dz\\\/index.php\\\/2022\\\/03\\\/01\\\/nouvelle-gare-maritime-dannaba-la-reception-retardee-une-fois-de-plus\\\/#breadcrumb\"},\"inLanguage\":\"fr-FR\",\"potentialAction\":[{\"@type\":\"ReadAction\",\"target\":[\"https:\\\/\\\/lasentinelle.dz\\\/index.php\\\/2022\\\/03\\\/01\\\/nouvelle-gare-maritime-dannaba-la-reception-retardee-une-fois-de-plus\\\/\"]}]},{\"@type\":\"ImageObject\",\"inLanguage\":\"fr-FR\",\"@id\":\"https:\\\/\\\/lasentinelle.dz\\\/index.php\\\/2022\\\/03\\\/01\\\/nouvelle-gare-maritime-dannaba-la-reception-retardee-une-fois-de-plus\\\/#primaryimage\",\"url\":\"https:\\\/\\\/lasentinelle.dz\\\/wp-content\\\/uploads\\\/2022\\\/02\\\/gare-maritime-de-annaba-1.png\",\"contentUrl\":\"https:\\\/\\\/lasentinelle.dz\\\/wp-content\\\/uploads\\\/2022\\\/02\\\/gare-maritime-de-annaba-1.png\",\"width\":2329,\"height\":900},{\"@type\":\"BreadcrumbList\",\"@id\":\"https:\\\/\\\/lasentinelle.dz\\\/index.php\\\/2022\\\/03\\\/01\\\/nouvelle-gare-maritime-dannaba-la-reception-retardee-une-fois-de-plus\\\/#breadcrumb\",\"itemListElement\":[{\"@type\":\"ListItem\",\"position\":1,\"name\":\"Accueil\",\"item\":\"https:\\\/\\\/lasentinelle.dz\\\/\"},{\"@type\":\"ListItem\",\"position\":2,\"name\":\"Nouvelle gare maritime d\u2019Annaba\u00a0:\u00a0La r\u00e9ception retard\u00e9e une fois de plus\"}]},{\"@type\":\"WebSite\",\"@id\":\"https:\\\/\\\/lasentinelle.dz\\\/#website\",\"url\":\"https:\\\/\\\/lasentinelle.dz\\\/\",\"name\":\"La Sentinelle\",\"description\":\"Quotidien national d&#039;information\",\"publisher\":{\"@id\":\"https:\\\/\\\/lasentinelle.dz\\\/#organization\"},\"potentialAction\":[{\"@type\":\"SearchAction\",\"target\":{\"@type\":\"EntryPoint\",\"urlTemplate\":\"https:\\\/\\\/lasentinelle.dz\\\/?s={search_term_string}\"},\"query-input\":{\"@type\":\"PropertyValueSpecification\",\"valueRequired\":true,\"valueName\":\"search_term_string\"}}],\"inLanguage\":\"fr-FR\"},{\"@type\":\"Organization\",\"@id\":\"https:\\\/\\\/lasentinelle.dz\\\/#organization\",\"name\":\"Quotidien La Sentinelle\",\"url\":\"https:\\\/\\\/lasentinelle.dz\\\/\",\"logo\":{\"@type\":\"ImageObject\",\"inLanguage\":\"fr-FR\",\"@id\":\"https:\\\/\\\/lasentinelle.dz\\\/#\\\/schema\\\/logo\\\/image\\\/\",\"url\":\"https:\\\/\\\/lasentinelle.dz\\\/wp-content\\\/uploads\\\/2021\\\/09\\\/logo-sentinelleSLOGAN-1.png\",\"contentUrl\":\"https:\\\/\\\/lasentinelle.dz\\\/wp-content\\\/uploads\\\/2021\\\/09\\\/logo-sentinelleSLOGAN-1.png\",\"width\":615,\"height\":142,\"caption\":\"Quotidien La Sentinelle\"},\"image\":{\"@id\":\"https:\\\/\\\/lasentinelle.dz\\\/#\\\/schema\\\/logo\\\/image\\\/\"},\"sameAs\":[\"https:\\\/\\\/www.facebook.com\\\/La-Sentinelle-104059864394773\"]},{\"@type\":\"Person\",\"@id\":\"https:\\\/\\\/lasentinelle.dz\\\/#\\\/schema\\\/person\\\/d865044e22e70a75174ce8bcad3acfb3\",\"name\":\"La Sentinelle\",\"image\":{\"@type\":\"ImageObject\",\"inLanguage\":\"fr-FR\",\"@id\":\"https:\\\/\\\/secure.gravatar.com\\\/avatar\\\/57de8e5d4b15d43fb361a71fbb36338450fe67865b528a43dd10ef7c51a20392?s=96&d=mm&r=g\",\"url\":\"https:\\\/\\\/secure.gravatar.com\\\/avatar\\\/57de8e5d4b15d43fb361a71fbb36338450fe67865b528a43dd10ef7c51a20392?s=96&d=mm&r=g\",\"contentUrl\":\"https:\\\/\\\/secure.gravatar.com\\\/avatar\\\/57de8e5d4b15d43fb361a71fbb36338450fe67865b528a43dd10ef7c51a20392?s=96&d=mm&r=g\",\"caption\":\"La Sentinelle\"},\"sameAs\":[\"http:\\\/\\\/www.lasentinelle.dz\"],\"url\":\"https:\\\/\\\/lasentinelle.dz\\\/author\\\/redaction\\\/\"}]}<\/script>\n<!-- \/ Yoast SEO plugin. -->","yoast_head_json":{"title":"Nouvelle gare maritime d\u2019Annaba\u00a0:\u00a0La r\u00e9ception retard\u00e9e une fois de plus - La Sentinelle","robots":{"index":"index","follow":"follow","max-snippet":"max-snippet:-1","max-image-preview":"max-image-preview:large","max-video-preview":"max-video-preview:-1"},"canonical":"https:\/\/lasentinelle.dz\/index.php\/2022\/03\/01\/nouvelle-gare-maritime-dannaba-la-reception-retardee-une-fois-de-plus\/","og_locale":"fr_FR","og_type":"article","og_title":"Nouvelle gare maritime d\u2019Annaba\u00a0:\u00a0La r\u00e9ception retard\u00e9e une fois de plus - La Sentinelle","og_description":"Annonc\u00e9e pour&nbsp;le&nbsp;mois de janvier dernier,&nbsp;&nbsp;la r\u00e9ception de la premi\u00e8re tranche (deux premiers \u00e9tages notamment le deuxi\u00e8me qui accueillera les voyageurs)","og_url":"https:\/\/lasentinelle.dz\/index.php\/2022\/03\/01\/nouvelle-gare-maritime-dannaba-la-reception-retardee-une-fois-de-plus\/","og_site_name":"La Sentinelle","article_publisher":"https:\/\/www.facebook.com\/La-Sentinelle-104059864394773","article_published_time":"2022-02-28T23:01:00+00:00","og_image":[{"width":1024,"height":396,"url":"https:\/\/lasentinelle.dz\/wp-content\/uploads\/2022\/02\/gare-maritime-de-annaba-1-1024x396.png","type":"image\/png"}],"author":"La Sentinelle","twitter_card":"summary_large_image","twitter_misc":{"\u00c9crit par":"La Sentinelle","Dur\u00e9e de lecture estim\u00e9e":"3 minutes"},"schema":{"@context":"https:\/\/schema.org","@graph":[{"@type":"Article","@id":"https:\/\/lasentinelle.dz\/index.php\/2022\/03\/01\/nouvelle-gare-maritime-dannaba-la-reception-retardee-une-fois-de-plus\/#article","isPartOf":{"@id":"https:\/\/lasentinelle.dz\/index.php\/2022\/03\/01\/nouvelle-gare-maritime-dannaba-la-reception-retardee-une-fois-de-plus\/"},"author":{"name":"La Sentinelle","@id":"https:\/\/lasentinelle.dz\/#\/schema\/person\/d865044e22e70a75174ce8bcad3acfb3"},"headline":"Nouvelle gare maritime d\u2019Annaba\u00a0:\u00a0La r\u00e9ception retard\u00e9e une fois de plus","datePublished":"2022-02-28T23:01:00+00:00","mainEntityOfPage":{"@id":"https:\/\/lasentinelle.dz\/index.php\/2022\/03\/01\/nouvelle-gare-maritime-dannaba-la-reception-retardee-une-fois-de-plus\/"},"wordCount":568,"commentCount":0,"publisher":{"@id":"https:\/\/lasentinelle.dz\/#organization"},"image":{"@id":"https:\/\/lasentinelle.dz\/index.php\/2022\/03\/01\/nouvelle-gare-maritime-dannaba-la-reception-retardee-une-fois-de-plus\/#primaryimage"},"thumbnailUrl":"https:\/\/lasentinelle.dz\/wp-content\/uploads\/2022\/02\/gare-maritime-de-annaba-1.png","articleSection":["R\u00e9gions"],"inLanguage":"fr-FR","potentialAction":[{"@type":"CommentAction","name":"Comment","target":["https:\/\/lasentinelle.dz\/index.php\/2022\/03\/01\/nouvelle-gare-maritime-dannaba-la-reception-retardee-une-fois-de-plus\/#respond"]}]},{"@type":"WebPage","@id":"https:\/\/lasentinelle.dz\/index.php\/2022\/03\/01\/nouvelle-gare-maritime-dannaba-la-reception-retardee-une-fois-de-plus\/","url":"https:\/\/lasentinelle.dz\/index.php\/2022\/03\/01\/nouvelle-gare-maritime-dannaba-la-reception-retardee-une-fois-de-plus\/","name":"Nouvelle gare maritime d\u2019Annaba\u00a0:\u00a0La r\u00e9ception retard\u00e9e une fois de plus - La Sentinelle","isPartOf":{"@id":"https:\/\/lasentinelle.dz\/#website"},"primaryImageOfPage":{"@id":"https:\/\/lasentinelle.dz\/index.php\/2022\/03\/01\/nouvelle-gare-maritime-dannaba-la-reception-retardee-une-fois-de-plus\/#primaryimage"},"image":{"@id":"https:\/\/lasentinelle.dz\/index.php\/2022\/03\/01\/nouvelle-gare-maritime-dannaba-la-reception-retardee-une-fois-de-plus\/#primaryimage"},"thumbnailUrl":"https:\/\/lasentinelle.dz\/wp-content\/uploads\/2022\/02\/gare-maritime-de-annaba-1.png","datePublished":"2022-02-28T23:01:00+00:00","breadcrumb":{"@id":"https:\/\/lasentinelle.dz\/index.php\/2022\/03\/01\/nouvelle-gare-maritime-dannaba-la-reception-retardee-une-fois-de-plus\/#breadcrumb"},"inLanguage":"fr-FR","potentialAction":[{"@type":"ReadAction","target":["https:\/\/lasentinelle.dz\/index.php\/2022\/03\/01\/nouvelle-gare-maritime-dannaba-la-reception-retardee-une-fois-de-plus\/"]}]},{"@type":"ImageObject","inLanguage":"fr-FR","@id":"https:\/\/lasentinelle.dz\/index.php\/2022\/03\/01\/nouvelle-gare-maritime-dannaba-la-reception-retardee-une-fois-de-plus\/#primaryimage","url":"https:\/\/lasentinelle.dz\/wp-content\/uploads\/2022\/02\/gare-maritime-de-annaba-1.png","contentUrl":"https:\/\/lasentinelle.dz\/wp-content\/uploads\/2022\/02\/gare-maritime-de-annaba-1.png","width":2329,"height":900},{"@type":"BreadcrumbList","@id":"https:\/\/lasentinelle.dz\/index.php\/2022\/03\/01\/nouvelle-gare-maritime-dannaba-la-reception-retardee-une-fois-de-plus\/#breadcrumb","itemListElement":[{"@type":"ListItem","position":1,"name":"Accueil","item":"https:\/\/lasentinelle.dz\/"},{"@type":"ListItem","position":2,"name":"Nouvelle gare maritime d\u2019Annaba\u00a0:\u00a0La r\u00e9ception retard\u00e9e une fois de plus"}]},{"@type":"WebSite","@id":"https:\/\/lasentinelle.dz\/#website","url":"https:\/\/lasentinelle.dz\/","name":"La Sentinelle","description":"Quotidien national d&#039;information","publisher":{"@id":"https:\/\/lasentinelle.dz\/#organization"},"potentialAction":[{"@type":"SearchAction","target":{"@type":"EntryPoint","urlTemplate":"https:\/\/lasentinelle.dz\/?s={search_term_string}"},"query-input":{"@type":"PropertyValueSpecification","valueRequired":true,"valueName":"search_term_string"}}],"inLanguage":"fr-FR"},{"@type":"Organization","@id":"https:\/\/lasentinelle.dz\/#organization","name":"Quotidien La Sentinelle","url":"https:\/\/lasentinelle.dz\/","logo":{"@type":"ImageObject","inLanguage":"fr-FR","@id":"https:\/\/lasentinelle.dz\/#\/schema\/logo\/image\/","url":"https:\/\/lasentinelle.dz\/wp-content\/uploads\/2021\/09\/logo-sentinelleSLOGAN-1.png","contentUrl":"https:\/\/lasentinelle.dz\/wp-content\/uploads\/2021\/09\/logo-sentinelleSLOGAN-1.png","width":615,"height":142,"caption":"Quotidien La Sentinelle"},"image":{"@id":"https:\/\/lasentinelle.dz\/#\/schema\/logo\/image\/"},"sameAs":["https:\/\/www.facebook.com\/La-Sentinelle-104059864394773"]},{"@type":"Person","@id":"https:\/\/lasentinelle.dz\/#\/schema\/person\/d865044e22e70a75174ce8bcad3acfb3","name":"La Sentinelle","image":{"@type":"ImageObject","inLanguage":"fr-FR","@id":"https:\/\/secure.gravatar.com\/avatar\/57de8e5d4b15d43fb361a71fbb36338450fe67865b528a43dd10ef7c51a20392?s=96&d=mm&r=g","url":"https:\/\/secure.gravatar.com\/avatar\/57de8e5d4b15d43fb361a71fbb36338450fe67865b528a43dd10ef7c51a20392?s=96&d=mm&r=g","contentUrl":"https:\/\/secure.gravatar.com\/avatar\/57de8e5d4b15d43fb361a71fbb36338450fe67865b528a43dd10ef7c51a20392?s=96&d=mm&r=g","caption":"La Sentinelle"},"sameAs":["http:\/\/www.lasentinelle.dz"],"url":"https:\/\/lasentinelle.dz\/author\/redaction\/"}]}},"_links":{"self":[{"href":"https:\/\/lasentinelle.dz\/index.php\/wp-json\/wp\/v2\/posts\/17660","targetHints":{"allow":["GET"]}}],"collection":[{"href":"https:\/\/lasentinelle.dz\/index.php\/wp-json\/wp\/v2\/posts"}],"about":[{"href":"https:\/\/lasentinelle.dz\/index.php\/wp-json\/wp\/v2\/types\/post"}],"author":[{"embeddable":true,"href":"https:\/\/lasentinelle.dz\/index.php\/wp-json\/wp\/v2\/users\/3"}],"replies":[{"embeddable":true,"href":"https:\/\/lasentinelle.dz\/index.php\/wp-json\/wp\/v2\/comments?post=17660"}],"version-history":[{"count":1,"href":"https:\/\/lasentinelle.dz\/index.php\/wp-json\/wp\/v2\/posts\/17660\/revisions"}],"predecessor-version":[{"id":17679,"href":"https:\/\/lasentinelle.dz\/index.php\/wp-json\/wp\/v2\/posts\/17660\/revisions\/17679"}],"wp:featuredmedia":[{"embeddable":true,"href":"https:\/\/lasentinelle.dz\/index.php\/wp-json\/wp\/v2\/media\/17676"}],"wp:attachment":[{"href":"https:\/\/lasentinelle.dz\/index.php\/wp-json\/wp\/v2\/media?parent=17660"}],"wp:term":[{"taxonomy":"category","embeddable":true,"href":"https:\/\/lasentinelle.dz\/index.php\/wp-json\/wp\/v2\/categories?post=17660"},{"taxonomy":"post_tag","embeddable":true,"href":"https:\/\/lasentinelle.dz\/index.php\/wp-json\/wp\/v2\/tags?post=17660"}],"curies":[{"name":"wp","href":"https:\/\/api.w.org\/{rel}","templated":true}]}}