{"id":17687,"date":"2022-03-01T00:01:00","date_gmt":"2022-02-28T23:01:00","guid":{"rendered":"https:\/\/lasentinelle.dz\/?p=17687"},"modified":"2022-02-28T19:08:36","modified_gmt":"2022-02-28T18:08:36","slug":"proces-des-freres-benhamadi-des-peines-de-2-a-10-ans-de-prison-requises","status":"publish","type":"post","link":"https:\/\/lasentinelle.dz\/index.php\/2022\/03\/01\/proces-des-freres-benhamadi-des-peines-de-2-a-10-ans-de-prison-requises\/","title":{"rendered":"Proc\u00e8s des fr\u00e8res Benhamadi\u00a0: Des peines de 2 \u00e0 10 ans de prison requises"},"content":{"rendered":"\n<p>Le Procureur g\u00e9n\u00e9ral pr\u00e8s la Cour d&rsquo;Alger a&nbsp;prononc\u00e9&nbsp;hier&nbsp;son r\u00e9quisitoire,&nbsp;\u00e0 l\u2019issue des&nbsp;deux jours d\u2019auditions&nbsp;dans le proc\u00e8s en appel des fr\u00e8res Benhamadi. Le repr\u00e9sentant du minist\u00e8re public a requis&nbsp;une peine de 10 ans de prison et une amende de 8 millions de dinars \u00e0 l\u2019encontre des trois fr\u00e8res Benhamadi. Propri\u00e9taires du Groupe Condor, les mis en cause sont accus\u00e9s de blanchiment d&rsquo;argent, abus de fonction et financement occulte de partis politiques. Le procureur&nbsp;g\u00e9n\u00e9ral a \u00e9galement requis des sentences de 2 \u00e0&nbsp;&nbsp;6 ans \u00e0 l\u2019encontre de 63 autres accus\u00e9s cit\u00e9s dans cette affaire pour des chefs d\u2019inculpations li\u00e9s \u00e0 l\u2019abus de&nbsp;fonction, dilapidation des deniers publics et octroi d\u2019indu-privil\u00e8ges. Le Procureur a requis une amende de 40 millions de dinars \u00e0 l\u2019encontre des entreprises, rattach\u00e9es au groupe Condor, \u00e0 savoir Travocovia, ALTRAPCO et GB Pharma, en plus de la saisie de leurs biens mobiliers et immobiliers et leurs comptes bancaires.&nbsp;&nbsp;Ouvert dimanche dernier, le proc\u00e8s en appel de l\u2019affaire des fr\u00e8res Benhamadi&nbsp;a \u00e9t\u00e9 marqu\u00e9 par l\u2019audition des principaux accus\u00e9s. Ainsi,&nbsp;Omar Benhamadi a ni\u00e9 en bloc les charges retenues contre lui, notamment en qui concerne le chef d\u2019inculpation le citant pour son financement occulte de partis politiques. Dans l&rsquo;affaire de r\u00e9alisation de l&rsquo;h\u00f4pital des br\u00fbl\u00e9s \u00e0 Skikda, dont le taux d&rsquo;avancement des travaux a atteint 60%, le mis en cause a \u00e9voqu\u00e9 des probl\u00e8mes d&rsquo;ordre technique et administratif pour expliquer le retard accus\u00e9 dans ce projet, sachant que le d\u00e9lai de r\u00e9alisation \u00e9tait fix\u00e9 \u00e0 22 mois, notamment li\u00e9s aux bureaux d&rsquo;\u00e9tudes. Le m\u00eame son de cloche a \u00e9mane de son fr\u00e8re Abderrahmane Benhamadi qui a ni\u00e9 les chefs d&rsquo;accusation retenus contre les filiales du groupe Benhamadi. Il a affirm\u00e9 que \u00abla soci\u00e9t\u00e9 GB Pharma importait l\u00e9galement des m\u00e9dicaments, conform\u00e9ment au registre de commerce de la soci\u00e9t\u00e9 l&rsquo;autorisant \u00e0 exercer cette activit\u00e9, en plus de son activit\u00e9 principale de fabrication de m\u00e9dicaments\u00bb. L\u2019accus\u00e9 est \u00e9galement revenu sur \u00abla possession du droit de concession pour l&rsquo;exploitation d&rsquo;un terrain dans la nouvelle ville de Sidi Abdellah \u00bb pour laquelle il a d\u00e9clar\u00e9 qu\u2019\u00abelle est conforme \u00e0 la loi \u00bb, soutenant que \u00abla soci\u00e9t\u00e9 s&rsquo;est acquitt\u00e9e des redevances\u00bb. Le magistrat est revenu, lui aussi, sur le d\u00e9veloppement de l&rsquo;activit\u00e9 des filiales du groupe alors que l&rsquo;un des fr\u00e8res Benhamadi \u00e9tait \u00e0 la t\u00eate d&rsquo;un d\u00e9partement minist\u00e9riel en 2010, et la possibilit\u00e9 d&rsquo;obtention d&rsquo;avantages particuliers. Il s\u2019agit&nbsp;&nbsp;notamment de la conclusion de march\u00e9s par la soci\u00e9t\u00e9 Condor Electronics avec des entreprises du secteur de la Poste et des T\u00e9l\u00e9communications. L\u2019accus\u00e9 a r\u00e9fut\u00e9 \u00abl\u2019&rsquo;obtention des filiales du groupe d&rsquo;un quelconque avantage \u00bb. Il a affirm\u00e9 que \u00abl&rsquo;essor de l&rsquo;activit\u00e9 commerciale du Groupe a \u00e9t\u00e9 favoris\u00e9 par l&rsquo;encouragement \u00e0 l&rsquo;investissement priv\u00e9 \u00e0 l&rsquo;\u00e9poque\u00bb. Le juge&nbsp;est revenu \u00e0 la charge en demandant des explications sur le&nbsp;&nbsp;retard dans la r\u00e9alisation d&rsquo;une gare routi\u00e8re \u00e0 Bordj Bou Arreridj, sachant que le projet a \u00e9t\u00e9 confi\u00e9 \u00e0 la soci\u00e9t\u00e9 \u00ab\u00a0ALTRAPCO. Il a \u00e9galement demand\u00e9 des \u00e9claircissements sur \u00ables modalit\u00e9s d&rsquo;obtention du march\u00e9, de montants financiers ainsi que les modalit\u00e9s de r\u00e9ception des avances. Smail Benhamadi a expliqu\u00e9 ces retards sont li\u00e9s aux \u00abprobl\u00e8mes techniques et administratifs, \u00e0 savoir l&rsquo;absence d&rsquo;un bureau d&rsquo;\u00e9tudes et de plans de r\u00e9alisation du projet \u00bb, indiquant que \u00abla soci\u00e9t\u00e9 n&rsquo;a toujours pas recouvr\u00e9 ses dus, alors que la gare est actuellement en service\u00bb.&nbsp;Pour rappel, le P\u00f4le p\u00e9nal \u00e9conomique et financier du Tribunal de Sidi Mhamed (Alger) avait prononc\u00e9, en d\u00e9cembre&nbsp;dernier&nbsp;une peine de cinq ans de prison dont deux avec sursis \u00e0 l&rsquo;encontre de Omar Benhamadi, assortie d&rsquo;une amende d&rsquo;un million&nbsp;de dinars, pour conclusion de march\u00e9s ill\u00e9gaux et obtention d&rsquo;indu-avantages. Abderrahmane Benhamadi avait \u00e9t\u00e9 condamn\u00e9 \u00e0 une peine de quatre ans de prison, dont deux&nbsp;avec sursis, assortie d&rsquo;une amende d&rsquo;un million DA, tandis que Smail Benhamadi a \u00e9cop\u00e9 d&rsquo;une peine de deux ans de prison ferme, assortie d&rsquo;un million DA. Les soci\u00e9t\u00e9s Travocovia, GB Pharma et Altrapco, filiales du groupe Condor doivent s&rsquo;acquitter, chacune, d&rsquo;une amende de quatre millions DA et verser in solidum un montant de 10.000 DA&nbsp;au Tr\u00e9sor public.<\/p>\n\n\n\n<p>S.A.<\/p>\n","protected":false},"excerpt":{"rendered":"<p>Le Procureur g\u00e9n\u00e9ral pr\u00e8s la Cour d&rsquo;Alger a&nbsp;prononc\u00e9&nbsp;hier&nbsp;son r\u00e9quisitoire,&nbsp;\u00e0 l\u2019issue des&nbsp;deux jours d\u2019auditions&nbsp;dans le proc\u00e8s en appel des fr\u00e8res Benhamadi.<\/p>\n","protected":false},"author":3,"featured_media":17696,"comment_status":"open","ping_status":"closed","sticky":false,"template":"","format":"standard","meta":{"colormag_page_container_layout":"default_layout","colormag_page_sidebar_layout":"default_layout","om_disable_all_campaigns":false,"_monsterinsights_skip_tracking":false,"_monsterinsights_sitenote_active":false,"_monsterinsights_sitenote_note":"","_monsterinsights_sitenote_category":0,"footnotes":"","_wpscppro_dont_share_socialmedia":false,"_wpscppro_custom_social_share_image":0,"_facebook_share_type":"","_twitter_share_type":"","_linkedin_share_type":"","_pinterest_share_type":"","_linkedin_share_type_page":"","_instagram_share_type":"","_medium_share_type":"","_threads_share_type":"","_google_business_share_type":"","_selected_social_profile":[],"_wpsp_enable_custom_social_template":false,"_wpsp_social_scheduling":{"enabled":false,"datetime":null,"platforms":[],"status":"template_only","dateOption":"today","timeOption":"now","customDays":"","customHours":"","customDate":"","customTime":"","schedulingType":"absolute"},"_wpsp_active_default_template":true},"categories":[27],"tags":[],"class_list":["post-17687","post","type-post","status-publish","format-standard","has-post-thumbnail","hentry","category-actualite"],"aioseo_notices":[],"yoast_head":"<!-- This site is optimized with the Yoast SEO plugin v27.4 - https:\/\/yoast.com\/product\/yoast-seo-wordpress\/ -->\n<title>Proc\u00e8s des fr\u00e8res Benhamadi\u00a0: Des peines de 2 \u00e0 10 ans de prison requises - La Sentinelle<\/title>\n<meta name=\"robots\" content=\"index, follow, max-snippet:-1, max-image-preview:large, max-video-preview:-1\" \/>\n<link rel=\"canonical\" href=\"https:\/\/lasentinelle.dz\/index.php\/2022\/03\/01\/proces-des-freres-benhamadi-des-peines-de-2-a-10-ans-de-prison-requises\/\" \/>\n<meta property=\"og:locale\" content=\"fr_FR\" \/>\n<meta property=\"og:type\" content=\"article\" \/>\n<meta property=\"og:title\" content=\"Proc\u00e8s des fr\u00e8res Benhamadi\u00a0: Des peines de 2 \u00e0 10 ans de prison requises - La Sentinelle\" \/>\n<meta property=\"og:description\" content=\"Le Procureur g\u00e9n\u00e9ral pr\u00e8s la Cour d&rsquo;Alger a&nbsp;prononc\u00e9&nbsp;hier&nbsp;son r\u00e9quisitoire,&nbsp;\u00e0 l\u2019issue des&nbsp;deux jours d\u2019auditions&nbsp;dans le proc\u00e8s en appel des fr\u00e8res Benhamadi.\" \/>\n<meta property=\"og:url\" content=\"https:\/\/lasentinelle.dz\/index.php\/2022\/03\/01\/proces-des-freres-benhamadi-des-peines-de-2-a-10-ans-de-prison-requises\/\" \/>\n<meta property=\"og:site_name\" content=\"La Sentinelle\" \/>\n<meta property=\"article:publisher\" content=\"https:\/\/www.facebook.com\/La-Sentinelle-104059864394773\" \/>\n<meta property=\"article:published_time\" content=\"2022-02-28T23:01:00+00:00\" \/>\n<meta property=\"og:image\" content=\"https:\/\/lasentinelle.dz\/wp-content\/uploads\/2022\/02\/ben-hamadi.png\" \/>\n\t<meta property=\"og:image:width\" content=\"1594\" \/>\n\t<meta property=\"og:image:height\" content=\"900\" \/>\n\t<meta property=\"og:image:type\" content=\"image\/png\" \/>\n<meta name=\"author\" content=\"La Sentinelle\" \/>\n<meta name=\"twitter:card\" content=\"summary_large_image\" \/>\n<meta name=\"twitter:label1\" content=\"\u00c9crit par\" \/>\n\t<meta name=\"twitter:data1\" content=\"La Sentinelle\" \/>\n\t<meta name=\"twitter:label2\" content=\"Dur\u00e9e de lecture estim\u00e9e\" \/>\n\t<meta name=\"twitter:data2\" content=\"4 minutes\" \/>\n<script type=\"application\/ld+json\" class=\"yoast-schema-graph\">{\"@context\":\"https:\\\/\\\/schema.org\",\"@graph\":[{\"@type\":\"Article\",\"@id\":\"https:\\\/\\\/lasentinelle.dz\\\/index.php\\\/2022\\\/03\\\/01\\\/proces-des-freres-benhamadi-des-peines-de-2-a-10-ans-de-prison-requises\\\/#article\",\"isPartOf\":{\"@id\":\"https:\\\/\\\/lasentinelle.dz\\\/index.php\\\/2022\\\/03\\\/01\\\/proces-des-freres-benhamadi-des-peines-de-2-a-10-ans-de-prison-requises\\\/\"},\"author\":{\"name\":\"La Sentinelle\",\"@id\":\"https:\\\/\\\/lasentinelle.dz\\\/#\\\/schema\\\/person\\\/d865044e22e70a75174ce8bcad3acfb3\"},\"headline\":\"Proc\u00e8s des fr\u00e8res Benhamadi\u00a0: Des peines de 2 \u00e0 10 ans de prison requises\",\"datePublished\":\"2022-02-28T23:01:00+00:00\",\"mainEntityOfPage\":{\"@id\":\"https:\\\/\\\/lasentinelle.dz\\\/index.php\\\/2022\\\/03\\\/01\\\/proces-des-freres-benhamadi-des-peines-de-2-a-10-ans-de-prison-requises\\\/\"},\"wordCount\":810,\"commentCount\":0,\"publisher\":{\"@id\":\"https:\\\/\\\/lasentinelle.dz\\\/#organization\"},\"image\":{\"@id\":\"https:\\\/\\\/lasentinelle.dz\\\/index.php\\\/2022\\\/03\\\/01\\\/proces-des-freres-benhamadi-des-peines-de-2-a-10-ans-de-prison-requises\\\/#primaryimage\"},\"thumbnailUrl\":\"https:\\\/\\\/lasentinelle.dz\\\/wp-content\\\/uploads\\\/2022\\\/02\\\/ben-hamadi.png\",\"articleSection\":[\"Actualit\u00e9\"],\"inLanguage\":\"fr-FR\",\"potentialAction\":[{\"@type\":\"CommentAction\",\"name\":\"Comment\",\"target\":[\"https:\\\/\\\/lasentinelle.dz\\\/index.php\\\/2022\\\/03\\\/01\\\/proces-des-freres-benhamadi-des-peines-de-2-a-10-ans-de-prison-requises\\\/#respond\"]}]},{\"@type\":\"WebPage\",\"@id\":\"https:\\\/\\\/lasentinelle.dz\\\/index.php\\\/2022\\\/03\\\/01\\\/proces-des-freres-benhamadi-des-peines-de-2-a-10-ans-de-prison-requises\\\/\",\"url\":\"https:\\\/\\\/lasentinelle.dz\\\/index.php\\\/2022\\\/03\\\/01\\\/proces-des-freres-benhamadi-des-peines-de-2-a-10-ans-de-prison-requises\\\/\",\"name\":\"Proc\u00e8s des fr\u00e8res Benhamadi\u00a0: Des peines de 2 \u00e0 10 ans de prison requises - La Sentinelle\",\"isPartOf\":{\"@id\":\"https:\\\/\\\/lasentinelle.dz\\\/#website\"},\"primaryImageOfPage\":{\"@id\":\"https:\\\/\\\/lasentinelle.dz\\\/index.php\\\/2022\\\/03\\\/01\\\/proces-des-freres-benhamadi-des-peines-de-2-a-10-ans-de-prison-requises\\\/#primaryimage\"},\"image\":{\"@id\":\"https:\\\/\\\/lasentinelle.dz\\\/index.php\\\/2022\\\/03\\\/01\\\/proces-des-freres-benhamadi-des-peines-de-2-a-10-ans-de-prison-requises\\\/#primaryimage\"},\"thumbnailUrl\":\"https:\\\/\\\/lasentinelle.dz\\\/wp-content\\\/uploads\\\/2022\\\/02\\\/ben-hamadi.png\",\"datePublished\":\"2022-02-28T23:01:00+00:00\",\"breadcrumb\":{\"@id\":\"https:\\\/\\\/lasentinelle.dz\\\/index.php\\\/2022\\\/03\\\/01\\\/proces-des-freres-benhamadi-des-peines-de-2-a-10-ans-de-prison-requises\\\/#breadcrumb\"},\"inLanguage\":\"fr-FR\",\"potentialAction\":[{\"@type\":\"ReadAction\",\"target\":[\"https:\\\/\\\/lasentinelle.dz\\\/index.php\\\/2022\\\/03\\\/01\\\/proces-des-freres-benhamadi-des-peines-de-2-a-10-ans-de-prison-requises\\\/\"]}]},{\"@type\":\"ImageObject\",\"inLanguage\":\"fr-FR\",\"@id\":\"https:\\\/\\\/lasentinelle.dz\\\/index.php\\\/2022\\\/03\\\/01\\\/proces-des-freres-benhamadi-des-peines-de-2-a-10-ans-de-prison-requises\\\/#primaryimage\",\"url\":\"https:\\\/\\\/lasentinelle.dz\\\/wp-content\\\/uploads\\\/2022\\\/02\\\/ben-hamadi.png\",\"contentUrl\":\"https:\\\/\\\/lasentinelle.dz\\\/wp-content\\\/uploads\\\/2022\\\/02\\\/ben-hamadi.png\",\"width\":1594,\"height\":900},{\"@type\":\"BreadcrumbList\",\"@id\":\"https:\\\/\\\/lasentinelle.dz\\\/index.php\\\/2022\\\/03\\\/01\\\/proces-des-freres-benhamadi-des-peines-de-2-a-10-ans-de-prison-requises\\\/#breadcrumb\",\"itemListElement\":[{\"@type\":\"ListItem\",\"position\":1,\"name\":\"Accueil\",\"item\":\"https:\\\/\\\/lasentinelle.dz\\\/\"},{\"@type\":\"ListItem\",\"position\":2,\"name\":\"Proc\u00e8s des fr\u00e8res Benhamadi\u00a0: Des peines de 2 \u00e0 10 ans de prison requises\"}]},{\"@type\":\"WebSite\",\"@id\":\"https:\\\/\\\/lasentinelle.dz\\\/#website\",\"url\":\"https:\\\/\\\/lasentinelle.dz\\\/\",\"name\":\"La Sentinelle\",\"description\":\"Quotidien national d&#039;information\",\"publisher\":{\"@id\":\"https:\\\/\\\/lasentinelle.dz\\\/#organization\"},\"potentialAction\":[{\"@type\":\"SearchAction\",\"target\":{\"@type\":\"EntryPoint\",\"urlTemplate\":\"https:\\\/\\\/lasentinelle.dz\\\/?s={search_term_string}\"},\"query-input\":{\"@type\":\"PropertyValueSpecification\",\"valueRequired\":true,\"valueName\":\"search_term_string\"}}],\"inLanguage\":\"fr-FR\"},{\"@type\":\"Organization\",\"@id\":\"https:\\\/\\\/lasentinelle.dz\\\/#organization\",\"name\":\"Quotidien La Sentinelle\",\"url\":\"https:\\\/\\\/lasentinelle.dz\\\/\",\"logo\":{\"@type\":\"ImageObject\",\"inLanguage\":\"fr-FR\",\"@id\":\"https:\\\/\\\/lasentinelle.dz\\\/#\\\/schema\\\/logo\\\/image\\\/\",\"url\":\"https:\\\/\\\/lasentinelle.dz\\\/wp-content\\\/uploads\\\/2021\\\/09\\\/logo-sentinelleSLOGAN-1.png\",\"contentUrl\":\"https:\\\/\\\/lasentinelle.dz\\\/wp-content\\\/uploads\\\/2021\\\/09\\\/logo-sentinelleSLOGAN-1.png\",\"width\":615,\"height\":142,\"caption\":\"Quotidien La Sentinelle\"},\"image\":{\"@id\":\"https:\\\/\\\/lasentinelle.dz\\\/#\\\/schema\\\/logo\\\/image\\\/\"},\"sameAs\":[\"https:\\\/\\\/www.facebook.com\\\/La-Sentinelle-104059864394773\"]},{\"@type\":\"Person\",\"@id\":\"https:\\\/\\\/lasentinelle.dz\\\/#\\\/schema\\\/person\\\/d865044e22e70a75174ce8bcad3acfb3\",\"name\":\"La Sentinelle\",\"image\":{\"@type\":\"ImageObject\",\"inLanguage\":\"fr-FR\",\"@id\":\"https:\\\/\\\/secure.gravatar.com\\\/avatar\\\/57de8e5d4b15d43fb361a71fbb36338450fe67865b528a43dd10ef7c51a20392?s=96&d=mm&r=g\",\"url\":\"https:\\\/\\\/secure.gravatar.com\\\/avatar\\\/57de8e5d4b15d43fb361a71fbb36338450fe67865b528a43dd10ef7c51a20392?s=96&d=mm&r=g\",\"contentUrl\":\"https:\\\/\\\/secure.gravatar.com\\\/avatar\\\/57de8e5d4b15d43fb361a71fbb36338450fe67865b528a43dd10ef7c51a20392?s=96&d=mm&r=g\",\"caption\":\"La Sentinelle\"},\"sameAs\":[\"http:\\\/\\\/www.lasentinelle.dz\"],\"url\":\"https:\\\/\\\/lasentinelle.dz\\\/author\\\/redaction\\\/\"}]}<\/script>\n<!-- \/ Yoast SEO plugin. -->","yoast_head_json":{"title":"Proc\u00e8s des fr\u00e8res Benhamadi\u00a0: Des peines de 2 \u00e0 10 ans de prison requises - La Sentinelle","robots":{"index":"index","follow":"follow","max-snippet":"max-snippet:-1","max-image-preview":"max-image-preview:large","max-video-preview":"max-video-preview:-1"},"canonical":"https:\/\/lasentinelle.dz\/index.php\/2022\/03\/01\/proces-des-freres-benhamadi-des-peines-de-2-a-10-ans-de-prison-requises\/","og_locale":"fr_FR","og_type":"article","og_title":"Proc\u00e8s des fr\u00e8res Benhamadi\u00a0: Des peines de 2 \u00e0 10 ans de prison requises - La Sentinelle","og_description":"Le Procureur g\u00e9n\u00e9ral pr\u00e8s la Cour d&rsquo;Alger a&nbsp;prononc\u00e9&nbsp;hier&nbsp;son r\u00e9quisitoire,&nbsp;\u00e0 l\u2019issue des&nbsp;deux jours d\u2019auditions&nbsp;dans le proc\u00e8s en appel des fr\u00e8res Benhamadi.","og_url":"https:\/\/lasentinelle.dz\/index.php\/2022\/03\/01\/proces-des-freres-benhamadi-des-peines-de-2-a-10-ans-de-prison-requises\/","og_site_name":"La Sentinelle","article_publisher":"https:\/\/www.facebook.com\/La-Sentinelle-104059864394773","article_published_time":"2022-02-28T23:01:00+00:00","og_image":[{"width":1594,"height":900,"url":"https:\/\/lasentinelle.dz\/wp-content\/uploads\/2022\/02\/ben-hamadi.png","type":"image\/png"}],"author":"La Sentinelle","twitter_card":"summary_large_image","twitter_misc":{"\u00c9crit par":"La Sentinelle","Dur\u00e9e de lecture estim\u00e9e":"4 minutes"},"schema":{"@context":"https:\/\/schema.org","@graph":[{"@type":"Article","@id":"https:\/\/lasentinelle.dz\/index.php\/2022\/03\/01\/proces-des-freres-benhamadi-des-peines-de-2-a-10-ans-de-prison-requises\/#article","isPartOf":{"@id":"https:\/\/lasentinelle.dz\/index.php\/2022\/03\/01\/proces-des-freres-benhamadi-des-peines-de-2-a-10-ans-de-prison-requises\/"},"author":{"name":"La Sentinelle","@id":"https:\/\/lasentinelle.dz\/#\/schema\/person\/d865044e22e70a75174ce8bcad3acfb3"},"headline":"Proc\u00e8s des fr\u00e8res Benhamadi\u00a0: Des peines de 2 \u00e0 10 ans de prison requises","datePublished":"2022-02-28T23:01:00+00:00","mainEntityOfPage":{"@id":"https:\/\/lasentinelle.dz\/index.php\/2022\/03\/01\/proces-des-freres-benhamadi-des-peines-de-2-a-10-ans-de-prison-requises\/"},"wordCount":810,"commentCount":0,"publisher":{"@id":"https:\/\/lasentinelle.dz\/#organization"},"image":{"@id":"https:\/\/lasentinelle.dz\/index.php\/2022\/03\/01\/proces-des-freres-benhamadi-des-peines-de-2-a-10-ans-de-prison-requises\/#primaryimage"},"thumbnailUrl":"https:\/\/lasentinelle.dz\/wp-content\/uploads\/2022\/02\/ben-hamadi.png","articleSection":["Actualit\u00e9"],"inLanguage":"fr-FR","potentialAction":[{"@type":"CommentAction","name":"Comment","target":["https:\/\/lasentinelle.dz\/index.php\/2022\/03\/01\/proces-des-freres-benhamadi-des-peines-de-2-a-10-ans-de-prison-requises\/#respond"]}]},{"@type":"WebPage","@id":"https:\/\/lasentinelle.dz\/index.php\/2022\/03\/01\/proces-des-freres-benhamadi-des-peines-de-2-a-10-ans-de-prison-requises\/","url":"https:\/\/lasentinelle.dz\/index.php\/2022\/03\/01\/proces-des-freres-benhamadi-des-peines-de-2-a-10-ans-de-prison-requises\/","name":"Proc\u00e8s des fr\u00e8res Benhamadi\u00a0: Des peines de 2 \u00e0 10 ans de prison requises - La Sentinelle","isPartOf":{"@id":"https:\/\/lasentinelle.dz\/#website"},"primaryImageOfPage":{"@id":"https:\/\/lasentinelle.dz\/index.php\/2022\/03\/01\/proces-des-freres-benhamadi-des-peines-de-2-a-10-ans-de-prison-requises\/#primaryimage"},"image":{"@id":"https:\/\/lasentinelle.dz\/index.php\/2022\/03\/01\/proces-des-freres-benhamadi-des-peines-de-2-a-10-ans-de-prison-requises\/#primaryimage"},"thumbnailUrl":"https:\/\/lasentinelle.dz\/wp-content\/uploads\/2022\/02\/ben-hamadi.png","datePublished":"2022-02-28T23:01:00+00:00","breadcrumb":{"@id":"https:\/\/lasentinelle.dz\/index.php\/2022\/03\/01\/proces-des-freres-benhamadi-des-peines-de-2-a-10-ans-de-prison-requises\/#breadcrumb"},"inLanguage":"fr-FR","potentialAction":[{"@type":"ReadAction","target":["https:\/\/lasentinelle.dz\/index.php\/2022\/03\/01\/proces-des-freres-benhamadi-des-peines-de-2-a-10-ans-de-prison-requises\/"]}]},{"@type":"ImageObject","inLanguage":"fr-FR","@id":"https:\/\/lasentinelle.dz\/index.php\/2022\/03\/01\/proces-des-freres-benhamadi-des-peines-de-2-a-10-ans-de-prison-requises\/#primaryimage","url":"https:\/\/lasentinelle.dz\/wp-content\/uploads\/2022\/02\/ben-hamadi.png","contentUrl":"https:\/\/lasentinelle.dz\/wp-content\/uploads\/2022\/02\/ben-hamadi.png","width":1594,"height":900},{"@type":"BreadcrumbList","@id":"https:\/\/lasentinelle.dz\/index.php\/2022\/03\/01\/proces-des-freres-benhamadi-des-peines-de-2-a-10-ans-de-prison-requises\/#breadcrumb","itemListElement":[{"@type":"ListItem","position":1,"name":"Accueil","item":"https:\/\/lasentinelle.dz\/"},{"@type":"ListItem","position":2,"name":"Proc\u00e8s des fr\u00e8res Benhamadi\u00a0: Des peines de 2 \u00e0 10 ans de prison requises"}]},{"@type":"WebSite","@id":"https:\/\/lasentinelle.dz\/#website","url":"https:\/\/lasentinelle.dz\/","name":"La Sentinelle","description":"Quotidien national d&#039;information","publisher":{"@id":"https:\/\/lasentinelle.dz\/#organization"},"potentialAction":[{"@type":"SearchAction","target":{"@type":"EntryPoint","urlTemplate":"https:\/\/lasentinelle.dz\/?s={search_term_string}"},"query-input":{"@type":"PropertyValueSpecification","valueRequired":true,"valueName":"search_term_string"}}],"inLanguage":"fr-FR"},{"@type":"Organization","@id":"https:\/\/lasentinelle.dz\/#organization","name":"Quotidien La Sentinelle","url":"https:\/\/lasentinelle.dz\/","logo":{"@type":"ImageObject","inLanguage":"fr-FR","@id":"https:\/\/lasentinelle.dz\/#\/schema\/logo\/image\/","url":"https:\/\/lasentinelle.dz\/wp-content\/uploads\/2021\/09\/logo-sentinelleSLOGAN-1.png","contentUrl":"https:\/\/lasentinelle.dz\/wp-content\/uploads\/2021\/09\/logo-sentinelleSLOGAN-1.png","width":615,"height":142,"caption":"Quotidien La Sentinelle"},"image":{"@id":"https:\/\/lasentinelle.dz\/#\/schema\/logo\/image\/"},"sameAs":["https:\/\/www.facebook.com\/La-Sentinelle-104059864394773"]},{"@type":"Person","@id":"https:\/\/lasentinelle.dz\/#\/schema\/person\/d865044e22e70a75174ce8bcad3acfb3","name":"La Sentinelle","image":{"@type":"ImageObject","inLanguage":"fr-FR","@id":"https:\/\/secure.gravatar.com\/avatar\/57de8e5d4b15d43fb361a71fbb36338450fe67865b528a43dd10ef7c51a20392?s=96&d=mm&r=g","url":"https:\/\/secure.gravatar.com\/avatar\/57de8e5d4b15d43fb361a71fbb36338450fe67865b528a43dd10ef7c51a20392?s=96&d=mm&r=g","contentUrl":"https:\/\/secure.gravatar.com\/avatar\/57de8e5d4b15d43fb361a71fbb36338450fe67865b528a43dd10ef7c51a20392?s=96&d=mm&r=g","caption":"La Sentinelle"},"sameAs":["http:\/\/www.lasentinelle.dz"],"url":"https:\/\/lasentinelle.dz\/author\/redaction\/"}]}},"_links":{"self":[{"href":"https:\/\/lasentinelle.dz\/index.php\/wp-json\/wp\/v2\/posts\/17687","targetHints":{"allow":["GET"]}}],"collection":[{"href":"https:\/\/lasentinelle.dz\/index.php\/wp-json\/wp\/v2\/posts"}],"about":[{"href":"https:\/\/lasentinelle.dz\/index.php\/wp-json\/wp\/v2\/types\/post"}],"author":[{"embeddable":true,"href":"https:\/\/lasentinelle.dz\/index.php\/wp-json\/wp\/v2\/users\/3"}],"replies":[{"embeddable":true,"href":"https:\/\/lasentinelle.dz\/index.php\/wp-json\/wp\/v2\/comments?post=17687"}],"version-history":[{"count":1,"href":"https:\/\/lasentinelle.dz\/index.php\/wp-json\/wp\/v2\/posts\/17687\/revisions"}],"predecessor-version":[{"id":17697,"href":"https:\/\/lasentinelle.dz\/index.php\/wp-json\/wp\/v2\/posts\/17687\/revisions\/17697"}],"wp:featuredmedia":[{"embeddable":true,"href":"https:\/\/lasentinelle.dz\/index.php\/wp-json\/wp\/v2\/media\/17696"}],"wp:attachment":[{"href":"https:\/\/lasentinelle.dz\/index.php\/wp-json\/wp\/v2\/media?parent=17687"}],"wp:term":[{"taxonomy":"category","embeddable":true,"href":"https:\/\/lasentinelle.dz\/index.php\/wp-json\/wp\/v2\/categories?post=17687"},{"taxonomy":"post_tag","embeddable":true,"href":"https:\/\/lasentinelle.dz\/index.php\/wp-json\/wp\/v2\/tags?post=17687"}],"curies":[{"name":"wp","href":"https:\/\/api.w.org\/{rel}","templated":true}]}}