{"id":17702,"date":"2022-03-01T00:05:00","date_gmt":"2022-02-28T23:05:00","guid":{"rendered":"https:\/\/lasentinelle.dz\/?p=17702"},"modified":"2022-02-28T19:56:08","modified_gmt":"2022-02-28T18:56:08","slug":"rapatriement-des-algeriens-bloques-en-ukraine-le-mae-lance-des-procedures-durgence","status":"publish","type":"post","link":"https:\/\/lasentinelle.dz\/index.php\/2022\/03\/01\/rapatriement-des-algeriens-bloques-en-ukraine-le-mae-lance-des-procedures-durgence\/","title":{"rendered":"Rapatriement des Alg\u00e9riens bloqu\u00e9s en Ukraine\u00a0:\u00a0Le MAE lance des proc\u00e9dures d\u2019urgence"},"content":{"rendered":"\n<p>Le minist\u00e8re des Affaires \u00e9trang\u00e8res et de la Communaut\u00e9 nationale \u00e0 l\u2019\u00e9tranger a lanc\u00e9 hier&nbsp;&nbsp;un appel aux Alg\u00e9riens bloqu\u00e9s en Ukraine par le conflit en cours et dont les documents ont expir\u00e9&nbsp;&nbsp;\u00e0 se rapprocher de l\u2019ambassade d\u2019Alg\u00e9rie \u00e0 Kiev, capitale ukrainienne pour la d\u00e9livrance de passeports en urgence.&nbsp;&nbsp;&nbsp;La repr\u00e9sentation diplomatique nationale a \u00e9galement assur\u00e9 la communaut\u00e9 alg\u00e9rienne que des proc\u00e9dures sont en cours pour rapatrier les Alg\u00e9riens retenus dans des pays frontaliers \u00e0 l\u2019Ukraine. Dans son communiqu\u00e9 rendu public dimanche, le minist\u00e8re des Affaires \u00e9trang\u00e8res et de la Communaut\u00e9 nationale \u00e0 l\u2019\u00e9tranger qui a affirm\u00e9 suivre de pr\u00e8s l\u2019\u00e9volution de la situation, a assur\u00e9 mettre tous les moyens n\u00e9cessaires pour la prise en charge de ces ressortissants confront\u00e9s \u00e0 la situation de guerre pr\u00e9valant actuellement dans ce pays.<\/p>\n\n\n\n<p>A cet effet justement, rappelle le minist\u00e8re des Affaires \u00e9trang\u00e8res dans son communiqu\u00e9, l\u2019ambassade d\u2019Alg\u00e9rie en Ukraine ainsi que les ambassades des pays limitrophes ont mobilis\u00e9 toutes leurs moyens mat\u00e9riels et humains pour prendre en charge les pr\u00e9occupations des alg\u00e9riens qui quittent les zones de conflit. La m\u00eame repr\u00e9sentation nationale en Ukraine, rappelle le communiqu\u00e9, a d\u2019ailleurs \u00e9mis un appel \u00e0 la prudence en date du 12 f\u00e9vrier envers la communaut\u00e9 alg\u00e9rienne r\u00e9sidant en Ukraine quant \u00e0 la d\u00e9gradation de la situation dans ce pays sans omettre de mettre \u00e0 leur disposition deux num\u00e9ro verts \u00e0 savoir (500068 \u2013 0800).<\/p>\n\n\n\n<p>L\u2019appel faisait savoir \u00e0 la communaut\u00e9 nationale r\u00e9sidant en Ukraine que les repr\u00e9sentations nationales en Pologne et en Roumanie ont mobilis\u00e9 les moyens n\u00e9cessaires pour la prise en charge des alg\u00e9riens venant de la zone de conflit, rappelant que les autorit\u00e9s roumaines, polonaises, hongroises et moldaves ont assur\u00e9 que les citoyens venant d\u2019Ukraine peuvent entrer sans visa mais seulement avec un passeport en cours de validit\u00e9. Pour sa part, l\u2019ambassade d\u2019Alg\u00e9rie en Ukraine a inform\u00e9 les citoyens alg\u00e9riens&nbsp;&nbsp;que des passeports pouvaient leur \u00eatre d\u00e9livr\u00e9s de mani\u00e8re urgente afin de quitter vers les pays frontaliers.<\/p>\n\n\n\n<p>Assurant de la mobilisation de tous les moyens n\u00e9cessaires, les ambassades d\u2019Alg\u00e9rie en Roumanie et en Pologne ont fait savoir que des alg\u00e9riens sont d\u00e9j\u00e0 arriv\u00e9s et d\u2019autres continuent d\u2019arriver trouvant sur place une prise en charge totale outre les pr\u00e9paratifs en cours dans l\u2019objectif de les rapatrier vers l\u2019Alg\u00e9rie. Enfin, le minist\u00e8re des Affaires \u00e9trang\u00e8res a confirm\u00e9 l\u2019enregistrement d\u2019un d\u00e9c\u00e8s parmi les alg\u00e9riens r\u00e9sidant en Ukraine en la personne du d\u00e9funt Talbi Mohamed Abdelmouna\u00efm \u00e2g\u00e9 de 24 ans. La repr\u00e9sentation alg\u00e9rienne qui est en contact avec les parents a pr\u00e9cis\u00e9 que la victime est d\u00e9c\u00e9d\u00e9e des suites de ses blessures par balle au niveau de la t\u00eate.&nbsp;&nbsp;Le minist\u00e8re des Affaires \u00e9trang\u00e8res n\u2019a pas manqu\u00e9&nbsp;&nbsp;de souligner et de louer le sens de responsabilit\u00e9 des alg\u00e9riens r\u00e9sidant dans les pays voisins de l\u2019Ukraine vis \u00e0 vis de&nbsp;&nbsp;leurs concitoyens.&nbsp;<\/p>\n\n\n\n<p>Akli Amor<\/p>\n","protected":false},"excerpt":{"rendered":"<p>Le minist\u00e8re des Affaires \u00e9trang\u00e8res et de la Communaut\u00e9 nationale \u00e0 l\u2019\u00e9tranger a lanc\u00e9 hier&nbsp;&nbsp;un appel aux Alg\u00e9riens bloqu\u00e9s en<\/p>\n","protected":false},"author":3,"featured_media":17705,"comment_status":"open","ping_status":"closed","sticky":false,"template":"","format":"standard","meta":{"colormag_page_container_layout":"default_layout","colormag_page_sidebar_layout":"default_layout","om_disable_all_campaigns":false,"_monsterinsights_skip_tracking":false,"_monsterinsights_sitenote_active":false,"_monsterinsights_sitenote_note":"","_monsterinsights_sitenote_category":0,"footnotes":"","_wpscppro_dont_share_socialmedia":false,"_wpscppro_custom_social_share_image":0,"_facebook_share_type":"","_twitter_share_type":"","_linkedin_share_type":"","_pinterest_share_type":"","_linkedin_share_type_page":"","_instagram_share_type":"","_medium_share_type":"","_threads_share_type":"","_google_business_share_type":"","_selected_social_profile":[],"_wpsp_enable_custom_social_template":false,"_wpsp_social_scheduling":{"enabled":false,"datetime":null,"platforms":[],"status":"template_only","dateOption":"today","timeOption":"now","customDays":"","customHours":"","customDate":"","customTime":"","schedulingType":"absolute"},"_wpsp_active_default_template":true},"categories":[52,27],"tags":[],"class_list":["post-17702","post","type-post","status-publish","format-standard","has-post-thumbnail","hentry","category-a-la-une","category-actualite"],"aioseo_notices":[],"yoast_head":"<!-- This site is optimized with the Yoast SEO plugin v27.5 - https:\/\/yoast.com\/product\/yoast-seo-wordpress\/ -->\n<title>Rapatriement des Alg\u00e9riens bloqu\u00e9s en Ukraine\u00a0:\u00a0Le MAE lance des proc\u00e9dures d\u2019urgence - La Sentinelle<\/title>\n<meta name=\"robots\" content=\"index, follow, max-snippet:-1, max-image-preview:large, max-video-preview:-1\" \/>\n<link rel=\"canonical\" href=\"https:\/\/lasentinelle.dz\/index.php\/2022\/03\/01\/rapatriement-des-algeriens-bloques-en-ukraine-le-mae-lance-des-procedures-durgence\/\" \/>\n<meta property=\"og:locale\" content=\"fr_FR\" \/>\n<meta property=\"og:type\" content=\"article\" \/>\n<meta property=\"og:title\" content=\"Rapatriement des Alg\u00e9riens bloqu\u00e9s en Ukraine\u00a0:\u00a0Le MAE lance des proc\u00e9dures d\u2019urgence - La Sentinelle\" \/>\n<meta property=\"og:description\" content=\"Le minist\u00e8re des Affaires \u00e9trang\u00e8res et de la Communaut\u00e9 nationale \u00e0 l\u2019\u00e9tranger a lanc\u00e9 hier&nbsp;&nbsp;un appel aux Alg\u00e9riens bloqu\u00e9s en\" \/>\n<meta property=\"og:url\" content=\"https:\/\/lasentinelle.dz\/index.php\/2022\/03\/01\/rapatriement-des-algeriens-bloques-en-ukraine-le-mae-lance-des-procedures-durgence\/\" \/>\n<meta property=\"og:site_name\" content=\"La Sentinelle\" \/>\n<meta property=\"article:publisher\" content=\"https:\/\/www.facebook.com\/La-Sentinelle-104059864394773\" \/>\n<meta property=\"article:published_time\" content=\"2022-02-28T23:05:00+00:00\" \/>\n<meta property=\"og:image\" content=\"https:\/\/lasentinelle.dz\/wp-content\/uploads\/2022\/02\/aeroport-dorly.png\" \/>\n\t<meta property=\"og:image:width\" content=\"1441\" \/>\n\t<meta property=\"og:image:height\" content=\"900\" \/>\n\t<meta property=\"og:image:type\" content=\"image\/png\" \/>\n<meta name=\"author\" content=\"La Sentinelle\" \/>\n<meta name=\"twitter:card\" content=\"summary_large_image\" \/>\n<meta name=\"twitter:label1\" content=\"\u00c9crit par\" \/>\n\t<meta name=\"twitter:data1\" content=\"La Sentinelle\" \/>\n\t<meta name=\"twitter:label2\" content=\"Dur\u00e9e de lecture estim\u00e9e\" \/>\n\t<meta name=\"twitter:data2\" content=\"3 minutes\" \/>\n<script type=\"application\/ld+json\" class=\"yoast-schema-graph\">{\"@context\":\"https:\\\/\\\/schema.org\",\"@graph\":[{\"@type\":\"Article\",\"@id\":\"https:\\\/\\\/lasentinelle.dz\\\/index.php\\\/2022\\\/03\\\/01\\\/rapatriement-des-algeriens-bloques-en-ukraine-le-mae-lance-des-procedures-durgence\\\/#article\",\"isPartOf\":{\"@id\":\"https:\\\/\\\/lasentinelle.dz\\\/index.php\\\/2022\\\/03\\\/01\\\/rapatriement-des-algeriens-bloques-en-ukraine-le-mae-lance-des-procedures-durgence\\\/\"},\"author\":{\"name\":\"La Sentinelle\",\"@id\":\"https:\\\/\\\/lasentinelle.dz\\\/#\\\/schema\\\/person\\\/d865044e22e70a75174ce8bcad3acfb3\"},\"headline\":\"Rapatriement des Alg\u00e9riens bloqu\u00e9s en Ukraine\u00a0:\u00a0Le MAE lance des proc\u00e9dures d\u2019urgence\",\"datePublished\":\"2022-02-28T23:05:00+00:00\",\"mainEntityOfPage\":{\"@id\":\"https:\\\/\\\/lasentinelle.dz\\\/index.php\\\/2022\\\/03\\\/01\\\/rapatriement-des-algeriens-bloques-en-ukraine-le-mae-lance-des-procedures-durgence\\\/\"},\"wordCount\":570,\"commentCount\":0,\"publisher\":{\"@id\":\"https:\\\/\\\/lasentinelle.dz\\\/#organization\"},\"image\":{\"@id\":\"https:\\\/\\\/lasentinelle.dz\\\/index.php\\\/2022\\\/03\\\/01\\\/rapatriement-des-algeriens-bloques-en-ukraine-le-mae-lance-des-procedures-durgence\\\/#primaryimage\"},\"thumbnailUrl\":\"https:\\\/\\\/lasentinelle.dz\\\/wp-content\\\/uploads\\\/2022\\\/02\\\/aeroport-dorly.png\",\"articleSection\":[\"\u00c0 la Une\",\"Actualit\u00e9\"],\"inLanguage\":\"fr-FR\",\"potentialAction\":[{\"@type\":\"CommentAction\",\"name\":\"Comment\",\"target\":[\"https:\\\/\\\/lasentinelle.dz\\\/index.php\\\/2022\\\/03\\\/01\\\/rapatriement-des-algeriens-bloques-en-ukraine-le-mae-lance-des-procedures-durgence\\\/#respond\"]}]},{\"@type\":\"WebPage\",\"@id\":\"https:\\\/\\\/lasentinelle.dz\\\/index.php\\\/2022\\\/03\\\/01\\\/rapatriement-des-algeriens-bloques-en-ukraine-le-mae-lance-des-procedures-durgence\\\/\",\"url\":\"https:\\\/\\\/lasentinelle.dz\\\/index.php\\\/2022\\\/03\\\/01\\\/rapatriement-des-algeriens-bloques-en-ukraine-le-mae-lance-des-procedures-durgence\\\/\",\"name\":\"Rapatriement des Alg\u00e9riens bloqu\u00e9s en Ukraine\u00a0:\u00a0Le MAE lance des proc\u00e9dures d\u2019urgence - La Sentinelle\",\"isPartOf\":{\"@id\":\"https:\\\/\\\/lasentinelle.dz\\\/#website\"},\"primaryImageOfPage\":{\"@id\":\"https:\\\/\\\/lasentinelle.dz\\\/index.php\\\/2022\\\/03\\\/01\\\/rapatriement-des-algeriens-bloques-en-ukraine-le-mae-lance-des-procedures-durgence\\\/#primaryimage\"},\"image\":{\"@id\":\"https:\\\/\\\/lasentinelle.dz\\\/index.php\\\/2022\\\/03\\\/01\\\/rapatriement-des-algeriens-bloques-en-ukraine-le-mae-lance-des-procedures-durgence\\\/#primaryimage\"},\"thumbnailUrl\":\"https:\\\/\\\/lasentinelle.dz\\\/wp-content\\\/uploads\\\/2022\\\/02\\\/aeroport-dorly.png\",\"datePublished\":\"2022-02-28T23:05:00+00:00\",\"breadcrumb\":{\"@id\":\"https:\\\/\\\/lasentinelle.dz\\\/index.php\\\/2022\\\/03\\\/01\\\/rapatriement-des-algeriens-bloques-en-ukraine-le-mae-lance-des-procedures-durgence\\\/#breadcrumb\"},\"inLanguage\":\"fr-FR\",\"potentialAction\":[{\"@type\":\"ReadAction\",\"target\":[\"https:\\\/\\\/lasentinelle.dz\\\/index.php\\\/2022\\\/03\\\/01\\\/rapatriement-des-algeriens-bloques-en-ukraine-le-mae-lance-des-procedures-durgence\\\/\"]}]},{\"@type\":\"ImageObject\",\"inLanguage\":\"fr-FR\",\"@id\":\"https:\\\/\\\/lasentinelle.dz\\\/index.php\\\/2022\\\/03\\\/01\\\/rapatriement-des-algeriens-bloques-en-ukraine-le-mae-lance-des-procedures-durgence\\\/#primaryimage\",\"url\":\"https:\\\/\\\/lasentinelle.dz\\\/wp-content\\\/uploads\\\/2022\\\/02\\\/aeroport-dorly.png\",\"contentUrl\":\"https:\\\/\\\/lasentinelle.dz\\\/wp-content\\\/uploads\\\/2022\\\/02\\\/aeroport-dorly.png\",\"width\":1441,\"height\":900},{\"@type\":\"BreadcrumbList\",\"@id\":\"https:\\\/\\\/lasentinelle.dz\\\/index.php\\\/2022\\\/03\\\/01\\\/rapatriement-des-algeriens-bloques-en-ukraine-le-mae-lance-des-procedures-durgence\\\/#breadcrumb\",\"itemListElement\":[{\"@type\":\"ListItem\",\"position\":1,\"name\":\"Accueil\",\"item\":\"https:\\\/\\\/lasentinelle.dz\\\/\"},{\"@type\":\"ListItem\",\"position\":2,\"name\":\"Rapatriement des Alg\u00e9riens bloqu\u00e9s en Ukraine\u00a0:\u00a0Le MAE lance des proc\u00e9dures d\u2019urgence\"}]},{\"@type\":\"WebSite\",\"@id\":\"https:\\\/\\\/lasentinelle.dz\\\/#website\",\"url\":\"https:\\\/\\\/lasentinelle.dz\\\/\",\"name\":\"La Sentinelle\",\"description\":\"Quotidien national d&#039;information\",\"publisher\":{\"@id\":\"https:\\\/\\\/lasentinelle.dz\\\/#organization\"},\"potentialAction\":[{\"@type\":\"SearchAction\",\"target\":{\"@type\":\"EntryPoint\",\"urlTemplate\":\"https:\\\/\\\/lasentinelle.dz\\\/?s={search_term_string}\"},\"query-input\":{\"@type\":\"PropertyValueSpecification\",\"valueRequired\":true,\"valueName\":\"search_term_string\"}}],\"inLanguage\":\"fr-FR\"},{\"@type\":\"Organization\",\"@id\":\"https:\\\/\\\/lasentinelle.dz\\\/#organization\",\"name\":\"Quotidien La Sentinelle\",\"url\":\"https:\\\/\\\/lasentinelle.dz\\\/\",\"logo\":{\"@type\":\"ImageObject\",\"inLanguage\":\"fr-FR\",\"@id\":\"https:\\\/\\\/lasentinelle.dz\\\/#\\\/schema\\\/logo\\\/image\\\/\",\"url\":\"https:\\\/\\\/lasentinelle.dz\\\/wp-content\\\/uploads\\\/2021\\\/09\\\/logo-sentinelleSLOGAN-1.png\",\"contentUrl\":\"https:\\\/\\\/lasentinelle.dz\\\/wp-content\\\/uploads\\\/2021\\\/09\\\/logo-sentinelleSLOGAN-1.png\",\"width\":615,\"height\":142,\"caption\":\"Quotidien La Sentinelle\"},\"image\":{\"@id\":\"https:\\\/\\\/lasentinelle.dz\\\/#\\\/schema\\\/logo\\\/image\\\/\"},\"sameAs\":[\"https:\\\/\\\/www.facebook.com\\\/La-Sentinelle-104059864394773\"]},{\"@type\":\"Person\",\"@id\":\"https:\\\/\\\/lasentinelle.dz\\\/#\\\/schema\\\/person\\\/d865044e22e70a75174ce8bcad3acfb3\",\"name\":\"La Sentinelle\",\"image\":{\"@type\":\"ImageObject\",\"inLanguage\":\"fr-FR\",\"@id\":\"https:\\\/\\\/secure.gravatar.com\\\/avatar\\\/57de8e5d4b15d43fb361a71fbb36338450fe67865b528a43dd10ef7c51a20392?s=96&d=mm&r=g\",\"url\":\"https:\\\/\\\/secure.gravatar.com\\\/avatar\\\/57de8e5d4b15d43fb361a71fbb36338450fe67865b528a43dd10ef7c51a20392?s=96&d=mm&r=g\",\"contentUrl\":\"https:\\\/\\\/secure.gravatar.com\\\/avatar\\\/57de8e5d4b15d43fb361a71fbb36338450fe67865b528a43dd10ef7c51a20392?s=96&d=mm&r=g\",\"caption\":\"La Sentinelle\"},\"sameAs\":[\"http:\\\/\\\/www.lasentinelle.dz\"],\"url\":\"https:\\\/\\\/lasentinelle.dz\\\/author\\\/redaction\\\/\"}]}<\/script>\n<!-- \/ Yoast SEO plugin. -->","yoast_head_json":{"title":"Rapatriement des Alg\u00e9riens bloqu\u00e9s en Ukraine\u00a0:\u00a0Le MAE lance des proc\u00e9dures d\u2019urgence - La Sentinelle","robots":{"index":"index","follow":"follow","max-snippet":"max-snippet:-1","max-image-preview":"max-image-preview:large","max-video-preview":"max-video-preview:-1"},"canonical":"https:\/\/lasentinelle.dz\/index.php\/2022\/03\/01\/rapatriement-des-algeriens-bloques-en-ukraine-le-mae-lance-des-procedures-durgence\/","og_locale":"fr_FR","og_type":"article","og_title":"Rapatriement des Alg\u00e9riens bloqu\u00e9s en Ukraine\u00a0:\u00a0Le MAE lance des proc\u00e9dures d\u2019urgence - La Sentinelle","og_description":"Le minist\u00e8re des Affaires \u00e9trang\u00e8res et de la Communaut\u00e9 nationale \u00e0 l\u2019\u00e9tranger a lanc\u00e9 hier&nbsp;&nbsp;un appel aux Alg\u00e9riens bloqu\u00e9s en","og_url":"https:\/\/lasentinelle.dz\/index.php\/2022\/03\/01\/rapatriement-des-algeriens-bloques-en-ukraine-le-mae-lance-des-procedures-durgence\/","og_site_name":"La Sentinelle","article_publisher":"https:\/\/www.facebook.com\/La-Sentinelle-104059864394773","article_published_time":"2022-02-28T23:05:00+00:00","og_image":[{"width":1441,"height":900,"url":"https:\/\/lasentinelle.dz\/wp-content\/uploads\/2022\/02\/aeroport-dorly.png","type":"image\/png"}],"author":"La Sentinelle","twitter_card":"summary_large_image","twitter_misc":{"\u00c9crit par":"La Sentinelle","Dur\u00e9e de lecture estim\u00e9e":"3 minutes"},"schema":{"@context":"https:\/\/schema.org","@graph":[{"@type":"Article","@id":"https:\/\/lasentinelle.dz\/index.php\/2022\/03\/01\/rapatriement-des-algeriens-bloques-en-ukraine-le-mae-lance-des-procedures-durgence\/#article","isPartOf":{"@id":"https:\/\/lasentinelle.dz\/index.php\/2022\/03\/01\/rapatriement-des-algeriens-bloques-en-ukraine-le-mae-lance-des-procedures-durgence\/"},"author":{"name":"La Sentinelle","@id":"https:\/\/lasentinelle.dz\/#\/schema\/person\/d865044e22e70a75174ce8bcad3acfb3"},"headline":"Rapatriement des Alg\u00e9riens bloqu\u00e9s en Ukraine\u00a0:\u00a0Le MAE lance des proc\u00e9dures d\u2019urgence","datePublished":"2022-02-28T23:05:00+00:00","mainEntityOfPage":{"@id":"https:\/\/lasentinelle.dz\/index.php\/2022\/03\/01\/rapatriement-des-algeriens-bloques-en-ukraine-le-mae-lance-des-procedures-durgence\/"},"wordCount":570,"commentCount":0,"publisher":{"@id":"https:\/\/lasentinelle.dz\/#organization"},"image":{"@id":"https:\/\/lasentinelle.dz\/index.php\/2022\/03\/01\/rapatriement-des-algeriens-bloques-en-ukraine-le-mae-lance-des-procedures-durgence\/#primaryimage"},"thumbnailUrl":"https:\/\/lasentinelle.dz\/wp-content\/uploads\/2022\/02\/aeroport-dorly.png","articleSection":["\u00c0 la Une","Actualit\u00e9"],"inLanguage":"fr-FR","potentialAction":[{"@type":"CommentAction","name":"Comment","target":["https:\/\/lasentinelle.dz\/index.php\/2022\/03\/01\/rapatriement-des-algeriens-bloques-en-ukraine-le-mae-lance-des-procedures-durgence\/#respond"]}]},{"@type":"WebPage","@id":"https:\/\/lasentinelle.dz\/index.php\/2022\/03\/01\/rapatriement-des-algeriens-bloques-en-ukraine-le-mae-lance-des-procedures-durgence\/","url":"https:\/\/lasentinelle.dz\/index.php\/2022\/03\/01\/rapatriement-des-algeriens-bloques-en-ukraine-le-mae-lance-des-procedures-durgence\/","name":"Rapatriement des Alg\u00e9riens bloqu\u00e9s en Ukraine\u00a0:\u00a0Le MAE lance des proc\u00e9dures d\u2019urgence - La Sentinelle","isPartOf":{"@id":"https:\/\/lasentinelle.dz\/#website"},"primaryImageOfPage":{"@id":"https:\/\/lasentinelle.dz\/index.php\/2022\/03\/01\/rapatriement-des-algeriens-bloques-en-ukraine-le-mae-lance-des-procedures-durgence\/#primaryimage"},"image":{"@id":"https:\/\/lasentinelle.dz\/index.php\/2022\/03\/01\/rapatriement-des-algeriens-bloques-en-ukraine-le-mae-lance-des-procedures-durgence\/#primaryimage"},"thumbnailUrl":"https:\/\/lasentinelle.dz\/wp-content\/uploads\/2022\/02\/aeroport-dorly.png","datePublished":"2022-02-28T23:05:00+00:00","breadcrumb":{"@id":"https:\/\/lasentinelle.dz\/index.php\/2022\/03\/01\/rapatriement-des-algeriens-bloques-en-ukraine-le-mae-lance-des-procedures-durgence\/#breadcrumb"},"inLanguage":"fr-FR","potentialAction":[{"@type":"ReadAction","target":["https:\/\/lasentinelle.dz\/index.php\/2022\/03\/01\/rapatriement-des-algeriens-bloques-en-ukraine-le-mae-lance-des-procedures-durgence\/"]}]},{"@type":"ImageObject","inLanguage":"fr-FR","@id":"https:\/\/lasentinelle.dz\/index.php\/2022\/03\/01\/rapatriement-des-algeriens-bloques-en-ukraine-le-mae-lance-des-procedures-durgence\/#primaryimage","url":"https:\/\/lasentinelle.dz\/wp-content\/uploads\/2022\/02\/aeroport-dorly.png","contentUrl":"https:\/\/lasentinelle.dz\/wp-content\/uploads\/2022\/02\/aeroport-dorly.png","width":1441,"height":900},{"@type":"BreadcrumbList","@id":"https:\/\/lasentinelle.dz\/index.php\/2022\/03\/01\/rapatriement-des-algeriens-bloques-en-ukraine-le-mae-lance-des-procedures-durgence\/#breadcrumb","itemListElement":[{"@type":"ListItem","position":1,"name":"Accueil","item":"https:\/\/lasentinelle.dz\/"},{"@type":"ListItem","position":2,"name":"Rapatriement des Alg\u00e9riens bloqu\u00e9s en Ukraine\u00a0:\u00a0Le MAE lance des proc\u00e9dures d\u2019urgence"}]},{"@type":"WebSite","@id":"https:\/\/lasentinelle.dz\/#website","url":"https:\/\/lasentinelle.dz\/","name":"La Sentinelle","description":"Quotidien national d&#039;information","publisher":{"@id":"https:\/\/lasentinelle.dz\/#organization"},"potentialAction":[{"@type":"SearchAction","target":{"@type":"EntryPoint","urlTemplate":"https:\/\/lasentinelle.dz\/?s={search_term_string}"},"query-input":{"@type":"PropertyValueSpecification","valueRequired":true,"valueName":"search_term_string"}}],"inLanguage":"fr-FR"},{"@type":"Organization","@id":"https:\/\/lasentinelle.dz\/#organization","name":"Quotidien La Sentinelle","url":"https:\/\/lasentinelle.dz\/","logo":{"@type":"ImageObject","inLanguage":"fr-FR","@id":"https:\/\/lasentinelle.dz\/#\/schema\/logo\/image\/","url":"https:\/\/lasentinelle.dz\/wp-content\/uploads\/2021\/09\/logo-sentinelleSLOGAN-1.png","contentUrl":"https:\/\/lasentinelle.dz\/wp-content\/uploads\/2021\/09\/logo-sentinelleSLOGAN-1.png","width":615,"height":142,"caption":"Quotidien La Sentinelle"},"image":{"@id":"https:\/\/lasentinelle.dz\/#\/schema\/logo\/image\/"},"sameAs":["https:\/\/www.facebook.com\/La-Sentinelle-104059864394773"]},{"@type":"Person","@id":"https:\/\/lasentinelle.dz\/#\/schema\/person\/d865044e22e70a75174ce8bcad3acfb3","name":"La Sentinelle","image":{"@type":"ImageObject","inLanguage":"fr-FR","@id":"https:\/\/secure.gravatar.com\/avatar\/57de8e5d4b15d43fb361a71fbb36338450fe67865b528a43dd10ef7c51a20392?s=96&d=mm&r=g","url":"https:\/\/secure.gravatar.com\/avatar\/57de8e5d4b15d43fb361a71fbb36338450fe67865b528a43dd10ef7c51a20392?s=96&d=mm&r=g","contentUrl":"https:\/\/secure.gravatar.com\/avatar\/57de8e5d4b15d43fb361a71fbb36338450fe67865b528a43dd10ef7c51a20392?s=96&d=mm&r=g","caption":"La Sentinelle"},"sameAs":["http:\/\/www.lasentinelle.dz"],"url":"https:\/\/lasentinelle.dz\/author\/redaction\/"}]}},"_links":{"self":[{"href":"https:\/\/lasentinelle.dz\/index.php\/wp-json\/wp\/v2\/posts\/17702","targetHints":{"allow":["GET"]}}],"collection":[{"href":"https:\/\/lasentinelle.dz\/index.php\/wp-json\/wp\/v2\/posts"}],"about":[{"href":"https:\/\/lasentinelle.dz\/index.php\/wp-json\/wp\/v2\/types\/post"}],"author":[{"embeddable":true,"href":"https:\/\/lasentinelle.dz\/index.php\/wp-json\/wp\/v2\/users\/3"}],"replies":[{"embeddable":true,"href":"https:\/\/lasentinelle.dz\/index.php\/wp-json\/wp\/v2\/comments?post=17702"}],"version-history":[{"count":1,"href":"https:\/\/lasentinelle.dz\/index.php\/wp-json\/wp\/v2\/posts\/17702\/revisions"}],"predecessor-version":[{"id":17706,"href":"https:\/\/lasentinelle.dz\/index.php\/wp-json\/wp\/v2\/posts\/17702\/revisions\/17706"}],"wp:featuredmedia":[{"embeddable":true,"href":"https:\/\/lasentinelle.dz\/index.php\/wp-json\/wp\/v2\/media\/17705"}],"wp:attachment":[{"href":"https:\/\/lasentinelle.dz\/index.php\/wp-json\/wp\/v2\/media?parent=17702"}],"wp:term":[{"taxonomy":"category","embeddable":true,"href":"https:\/\/lasentinelle.dz\/index.php\/wp-json\/wp\/v2\/categories?post=17702"},{"taxonomy":"post_tag","embeddable":true,"href":"https:\/\/lasentinelle.dz\/index.php\/wp-json\/wp\/v2\/tags?post=17702"}],"curies":[{"name":"wp","href":"https:\/\/api.w.org\/{rel}","templated":true}]}}