{"id":17723,"date":"2022-03-02T00:01:00","date_gmt":"2022-03-01T23:01:00","guid":{"rendered":"https:\/\/lasentinelle.dz\/?p=17723"},"modified":"2022-03-01T15:46:07","modified_gmt":"2022-03-01T14:46:07","slug":"organisation-du-chan-2023-sebgag-rassure-pour-les-stades","status":"publish","type":"post","link":"https:\/\/lasentinelle.dz\/index.php\/2022\/03\/02\/organisation-du-chan-2023-sebgag-rassure-pour-les-stades\/","title":{"rendered":"Organisation du CHAN-2023\u00a0:\u00a0Sebgag rassure pour les stades\u00a0"},"content":{"rendered":"\n<p>\u00ab Derni\u00e8rement, nous avons confi\u00e9 \u00e0 une soci\u00e9t\u00e9 nationale les travaux au niveau du stade d&rsquo;Annaba, l&rsquo;un des sites retenus pour abriter cette com\u00e9ptition \u00bb, a indiqu\u00e9 entre autres le MJS.&nbsp;&nbsp;<\/p>\n\n\n\n<p>Le ministre de la Jeunesse et des Sports, Abderrazak Sebgag, a affirm\u00e9 lundi \u00e0 Alger que les stades retenus pour abriter le CHAN-2023 (8-31 janvier), r\u00e9serv\u00e9 aux joueurs locaux, seront am\u00e9nag\u00e9s selon les normes exig\u00e9es par la Conf\u00e9d\u00e9ration africaine (CAF) et la F\u00e9d\u00e9ration internationale (Fifa). \u00ab Il y a des normes de la CAF et la Fifa, concernant l&rsquo;aspect technique des infrastructures sportives. Il y a des commissions techniques mixtes entre la F\u00e9d\u00e9ration alg\u00e9rienne (FAF) et le minist\u00e8re de la Jeunesse et des Sports (MJS), dont l&rsquo;objectif est de suivre l&rsquo;application des crit\u00e8res exig\u00e9es \u00e0 travers l&rsquo;ensemble des stades. Nos stades seront r\u00e9ceptionn\u00e9s selon les normes internationales avant la fin de l&rsquo;ann\u00e9e \u00bb, a indiqu\u00e9 le ministre lors de la Conf\u00e9rence nationale des cadres du MJS, tenue au Centre international des Conf\u00e9rences (CIC) Abdelatif-Rahal d&rsquo;Alger. \u00ab Il y a des stades en pr\u00e9vision de ce rendez-vous continental, sont concern\u00e9s par des op\u00e9rations r\u00e9habilitation. Derni\u00e8rement, nous avons confi\u00e9 \u00e0 une soci\u00e9t\u00e9 nationale les travaux au niveau du stade d&rsquo;Annaba, l&rsquo;un des sites retenus pour abriter le CHAN-2023 \u00bb, a-t-il ajout\u00e9. Les travaux de r\u00e9habilitation et de remise \u00e0 niveau concernent la pelouse, les vestiaires, la zone mixte, ainsi que la salle de conf\u00e9rence. Il sera \u00e9galement question de la pose des chaises dans les gradins et le r\u00e9am\u00e9nagement de l&rsquo;espace ext\u00e9rieur. Les stades devant abriter les rencontres du CHAN-2023 seront dot\u00e9s de tableaux \u00e9lectroniques consacr\u00e9s \u00e0 la publicit\u00e9, en plus des portiques \u00e9lectroniques, ainsi que d&rsquo;autres services modernes selon les normes mondiales. Le premier responsable du MJS a \u00e9voqu\u00e9 le stade Mustapha-Tchaker de Blida, retenu pour le CHAN, et qui sera th\u00e9\u00e2tre du match Alg\u00e9rie-Cameroun, fix\u00e9 au mardi 29 mars (20h30), comptant pour les barrages (retour) de la Coupe du monde 2022. \u00ab Les travaux ont d\u00e9j\u00e0 commenc\u00e9 \u00e0 Blida, alors que d&rsquo;autres vont se poursuivre juste apr\u00e8s la rencontre \u00bb. Le CHAN-2023 avait \u00e9t\u00e9 attribu\u00e9e \u00e0 l&rsquo;Alg\u00e9rie en septembre 2018.&nbsp;&nbsp;Les rencontres se joueront au stade olympique du 5-juillet d&rsquo;Alger, au nouveau stade d&rsquo;Oran, au 19-mai 1956 d&rsquo;Annaba, et au stade Chahid-Hamlaoui de Constantine.&nbsp;&nbsp;&nbsp;<\/p>\n\n\n\n<p>R. S.<\/p>\n","protected":false},"excerpt":{"rendered":"<p>\u00ab Derni\u00e8rement, nous avons confi\u00e9 \u00e0 une soci\u00e9t\u00e9 nationale les travaux au niveau du stade d&rsquo;Annaba, l&rsquo;un des sites retenus<\/p>\n","protected":false},"author":3,"featured_media":17737,"comment_status":"open","ping_status":"closed","sticky":false,"template":"","format":"standard","meta":{"colormag_page_container_layout":"default_layout","colormag_page_sidebar_layout":"default_layout","om_disable_all_campaigns":false,"_monsterinsights_skip_tracking":false,"_monsterinsights_sitenote_active":false,"_monsterinsights_sitenote_note":"","_monsterinsights_sitenote_category":0,"footnotes":"","_wpscppro_dont_share_socialmedia":false,"_wpscppro_custom_social_share_image":0,"_facebook_share_type":"","_twitter_share_type":"","_linkedin_share_type":"","_pinterest_share_type":"","_linkedin_share_type_page":"","_instagram_share_type":"","_medium_share_type":"","_threads_share_type":"","_google_business_share_type":"","_selected_social_profile":[],"_wpsp_enable_custom_social_template":false,"_wpsp_social_scheduling":{"enabled":false,"datetime":null,"platforms":[],"status":"template_only","dateOption":"today","timeOption":"now","customDays":"","customHours":"","customDate":"","customTime":"","schedulingType":"absolute"},"_wpsp_active_default_template":true},"categories":[33],"tags":[],"class_list":["post-17723","post","type-post","status-publish","format-standard","has-post-thumbnail","hentry","category-sports"],"aioseo_notices":[],"yoast_head":"<!-- This site is optimized with the Yoast SEO plugin v27.5 - https:\/\/yoast.com\/product\/yoast-seo-wordpress\/ -->\n<title>Organisation du CHAN-2023\u00a0:\u00a0Sebgag rassure pour les stades\u00a0 - La Sentinelle<\/title>\n<meta name=\"robots\" content=\"index, follow, max-snippet:-1, max-image-preview:large, max-video-preview:-1\" \/>\n<link rel=\"canonical\" href=\"https:\/\/lasentinelle.dz\/index.php\/2022\/03\/02\/organisation-du-chan-2023-sebgag-rassure-pour-les-stades\/\" \/>\n<meta property=\"og:locale\" content=\"fr_FR\" \/>\n<meta property=\"og:type\" content=\"article\" \/>\n<meta property=\"og:title\" content=\"Organisation du CHAN-2023\u00a0:\u00a0Sebgag rassure pour les stades\u00a0 - La Sentinelle\" \/>\n<meta property=\"og:description\" content=\"\u00ab Derni\u00e8rement, nous avons confi\u00e9 \u00e0 une soci\u00e9t\u00e9 nationale les travaux au niveau du stade d&rsquo;Annaba, l&rsquo;un des sites retenus\" \/>\n<meta property=\"og:url\" content=\"https:\/\/lasentinelle.dz\/index.php\/2022\/03\/02\/organisation-du-chan-2023-sebgag-rassure-pour-les-stades\/\" \/>\n<meta property=\"og:site_name\" content=\"La Sentinelle\" \/>\n<meta property=\"article:publisher\" content=\"https:\/\/www.facebook.com\/La-Sentinelle-104059864394773\" \/>\n<meta property=\"article:published_time\" content=\"2022-03-01T23:01:00+00:00\" \/>\n<meta property=\"og:image\" content=\"https:\/\/lasentinelle.dz\/wp-content\/uploads\/2022\/03\/Sebgag.jpg\" \/>\n\t<meta property=\"og:image:width\" content=\"670\" \/>\n\t<meta property=\"og:image:height\" content=\"1080\" \/>\n\t<meta property=\"og:image:type\" content=\"image\/jpeg\" \/>\n<meta name=\"author\" content=\"La Sentinelle\" \/>\n<meta name=\"twitter:card\" content=\"summary_large_image\" \/>\n<meta name=\"twitter:label1\" content=\"\u00c9crit par\" \/>\n\t<meta name=\"twitter:data1\" content=\"La Sentinelle\" \/>\n\t<meta name=\"twitter:label2\" content=\"Dur\u00e9e de lecture estim\u00e9e\" \/>\n\t<meta name=\"twitter:data2\" content=\"2 minutes\" \/>\n<script type=\"application\/ld+json\" class=\"yoast-schema-graph\">{\"@context\":\"https:\\\/\\\/schema.org\",\"@graph\":[{\"@type\":\"Article\",\"@id\":\"https:\\\/\\\/lasentinelle.dz\\\/index.php\\\/2022\\\/03\\\/02\\\/organisation-du-chan-2023-sebgag-rassure-pour-les-stades\\\/#article\",\"isPartOf\":{\"@id\":\"https:\\\/\\\/lasentinelle.dz\\\/index.php\\\/2022\\\/03\\\/02\\\/organisation-du-chan-2023-sebgag-rassure-pour-les-stades\\\/\"},\"author\":{\"name\":\"La Sentinelle\",\"@id\":\"https:\\\/\\\/lasentinelle.dz\\\/#\\\/schema\\\/person\\\/d865044e22e70a75174ce8bcad3acfb3\"},\"headline\":\"Organisation du CHAN-2023\u00a0:\u00a0Sebgag rassure pour les stades\u00a0\",\"datePublished\":\"2022-03-01T23:01:00+00:00\",\"mainEntityOfPage\":{\"@id\":\"https:\\\/\\\/lasentinelle.dz\\\/index.php\\\/2022\\\/03\\\/02\\\/organisation-du-chan-2023-sebgag-rassure-pour-les-stades\\\/\"},\"wordCount\":430,\"commentCount\":0,\"publisher\":{\"@id\":\"https:\\\/\\\/lasentinelle.dz\\\/#organization\"},\"image\":{\"@id\":\"https:\\\/\\\/lasentinelle.dz\\\/index.php\\\/2022\\\/03\\\/02\\\/organisation-du-chan-2023-sebgag-rassure-pour-les-stades\\\/#primaryimage\"},\"thumbnailUrl\":\"https:\\\/\\\/lasentinelle.dz\\\/wp-content\\\/uploads\\\/2022\\\/03\\\/Sebgag.jpg\",\"articleSection\":[\"Sports\"],\"inLanguage\":\"fr-FR\",\"potentialAction\":[{\"@type\":\"CommentAction\",\"name\":\"Comment\",\"target\":[\"https:\\\/\\\/lasentinelle.dz\\\/index.php\\\/2022\\\/03\\\/02\\\/organisation-du-chan-2023-sebgag-rassure-pour-les-stades\\\/#respond\"]}]},{\"@type\":\"WebPage\",\"@id\":\"https:\\\/\\\/lasentinelle.dz\\\/index.php\\\/2022\\\/03\\\/02\\\/organisation-du-chan-2023-sebgag-rassure-pour-les-stades\\\/\",\"url\":\"https:\\\/\\\/lasentinelle.dz\\\/index.php\\\/2022\\\/03\\\/02\\\/organisation-du-chan-2023-sebgag-rassure-pour-les-stades\\\/\",\"name\":\"Organisation du CHAN-2023\u00a0:\u00a0Sebgag rassure pour les stades\u00a0 - La Sentinelle\",\"isPartOf\":{\"@id\":\"https:\\\/\\\/lasentinelle.dz\\\/#website\"},\"primaryImageOfPage\":{\"@id\":\"https:\\\/\\\/lasentinelle.dz\\\/index.php\\\/2022\\\/03\\\/02\\\/organisation-du-chan-2023-sebgag-rassure-pour-les-stades\\\/#primaryimage\"},\"image\":{\"@id\":\"https:\\\/\\\/lasentinelle.dz\\\/index.php\\\/2022\\\/03\\\/02\\\/organisation-du-chan-2023-sebgag-rassure-pour-les-stades\\\/#primaryimage\"},\"thumbnailUrl\":\"https:\\\/\\\/lasentinelle.dz\\\/wp-content\\\/uploads\\\/2022\\\/03\\\/Sebgag.jpg\",\"datePublished\":\"2022-03-01T23:01:00+00:00\",\"breadcrumb\":{\"@id\":\"https:\\\/\\\/lasentinelle.dz\\\/index.php\\\/2022\\\/03\\\/02\\\/organisation-du-chan-2023-sebgag-rassure-pour-les-stades\\\/#breadcrumb\"},\"inLanguage\":\"fr-FR\",\"potentialAction\":[{\"@type\":\"ReadAction\",\"target\":[\"https:\\\/\\\/lasentinelle.dz\\\/index.php\\\/2022\\\/03\\\/02\\\/organisation-du-chan-2023-sebgag-rassure-pour-les-stades\\\/\"]}]},{\"@type\":\"ImageObject\",\"inLanguage\":\"fr-FR\",\"@id\":\"https:\\\/\\\/lasentinelle.dz\\\/index.php\\\/2022\\\/03\\\/02\\\/organisation-du-chan-2023-sebgag-rassure-pour-les-stades\\\/#primaryimage\",\"url\":\"https:\\\/\\\/lasentinelle.dz\\\/wp-content\\\/uploads\\\/2022\\\/03\\\/Sebgag.jpg\",\"contentUrl\":\"https:\\\/\\\/lasentinelle.dz\\\/wp-content\\\/uploads\\\/2022\\\/03\\\/Sebgag.jpg\",\"width\":670,\"height\":1080},{\"@type\":\"BreadcrumbList\",\"@id\":\"https:\\\/\\\/lasentinelle.dz\\\/index.php\\\/2022\\\/03\\\/02\\\/organisation-du-chan-2023-sebgag-rassure-pour-les-stades\\\/#breadcrumb\",\"itemListElement\":[{\"@type\":\"ListItem\",\"position\":1,\"name\":\"Accueil\",\"item\":\"https:\\\/\\\/lasentinelle.dz\\\/\"},{\"@type\":\"ListItem\",\"position\":2,\"name\":\"Organisation du CHAN-2023\u00a0:\u00a0Sebgag rassure pour les stades\u00a0\"}]},{\"@type\":\"WebSite\",\"@id\":\"https:\\\/\\\/lasentinelle.dz\\\/#website\",\"url\":\"https:\\\/\\\/lasentinelle.dz\\\/\",\"name\":\"La Sentinelle\",\"description\":\"Quotidien national d&#039;information\",\"publisher\":{\"@id\":\"https:\\\/\\\/lasentinelle.dz\\\/#organization\"},\"potentialAction\":[{\"@type\":\"SearchAction\",\"target\":{\"@type\":\"EntryPoint\",\"urlTemplate\":\"https:\\\/\\\/lasentinelle.dz\\\/?s={search_term_string}\"},\"query-input\":{\"@type\":\"PropertyValueSpecification\",\"valueRequired\":true,\"valueName\":\"search_term_string\"}}],\"inLanguage\":\"fr-FR\"},{\"@type\":\"Organization\",\"@id\":\"https:\\\/\\\/lasentinelle.dz\\\/#organization\",\"name\":\"Quotidien La Sentinelle\",\"url\":\"https:\\\/\\\/lasentinelle.dz\\\/\",\"logo\":{\"@type\":\"ImageObject\",\"inLanguage\":\"fr-FR\",\"@id\":\"https:\\\/\\\/lasentinelle.dz\\\/#\\\/schema\\\/logo\\\/image\\\/\",\"url\":\"https:\\\/\\\/lasentinelle.dz\\\/wp-content\\\/uploads\\\/2021\\\/09\\\/logo-sentinelleSLOGAN-1.png\",\"contentUrl\":\"https:\\\/\\\/lasentinelle.dz\\\/wp-content\\\/uploads\\\/2021\\\/09\\\/logo-sentinelleSLOGAN-1.png\",\"width\":615,\"height\":142,\"caption\":\"Quotidien La Sentinelle\"},\"image\":{\"@id\":\"https:\\\/\\\/lasentinelle.dz\\\/#\\\/schema\\\/logo\\\/image\\\/\"},\"sameAs\":[\"https:\\\/\\\/www.facebook.com\\\/La-Sentinelle-104059864394773\"]},{\"@type\":\"Person\",\"@id\":\"https:\\\/\\\/lasentinelle.dz\\\/#\\\/schema\\\/person\\\/d865044e22e70a75174ce8bcad3acfb3\",\"name\":\"La Sentinelle\",\"image\":{\"@type\":\"ImageObject\",\"inLanguage\":\"fr-FR\",\"@id\":\"https:\\\/\\\/secure.gravatar.com\\\/avatar\\\/57de8e5d4b15d43fb361a71fbb36338450fe67865b528a43dd10ef7c51a20392?s=96&d=mm&r=g\",\"url\":\"https:\\\/\\\/secure.gravatar.com\\\/avatar\\\/57de8e5d4b15d43fb361a71fbb36338450fe67865b528a43dd10ef7c51a20392?s=96&d=mm&r=g\",\"contentUrl\":\"https:\\\/\\\/secure.gravatar.com\\\/avatar\\\/57de8e5d4b15d43fb361a71fbb36338450fe67865b528a43dd10ef7c51a20392?s=96&d=mm&r=g\",\"caption\":\"La Sentinelle\"},\"sameAs\":[\"http:\\\/\\\/www.lasentinelle.dz\"],\"url\":\"https:\\\/\\\/lasentinelle.dz\\\/author\\\/redaction\\\/\"}]}<\/script>\n<!-- \/ Yoast SEO plugin. -->","yoast_head_json":{"title":"Organisation du CHAN-2023\u00a0:\u00a0Sebgag rassure pour les stades\u00a0 - La Sentinelle","robots":{"index":"index","follow":"follow","max-snippet":"max-snippet:-1","max-image-preview":"max-image-preview:large","max-video-preview":"max-video-preview:-1"},"canonical":"https:\/\/lasentinelle.dz\/index.php\/2022\/03\/02\/organisation-du-chan-2023-sebgag-rassure-pour-les-stades\/","og_locale":"fr_FR","og_type":"article","og_title":"Organisation du CHAN-2023\u00a0:\u00a0Sebgag rassure pour les stades\u00a0 - La Sentinelle","og_description":"\u00ab Derni\u00e8rement, nous avons confi\u00e9 \u00e0 une soci\u00e9t\u00e9 nationale les travaux au niveau du stade d&rsquo;Annaba, l&rsquo;un des sites retenus","og_url":"https:\/\/lasentinelle.dz\/index.php\/2022\/03\/02\/organisation-du-chan-2023-sebgag-rassure-pour-les-stades\/","og_site_name":"La Sentinelle","article_publisher":"https:\/\/www.facebook.com\/La-Sentinelle-104059864394773","article_published_time":"2022-03-01T23:01:00+00:00","og_image":[{"width":670,"height":1080,"url":"https:\/\/lasentinelle.dz\/wp-content\/uploads\/2022\/03\/Sebgag.jpg","type":"image\/jpeg"}],"author":"La Sentinelle","twitter_card":"summary_large_image","twitter_misc":{"\u00c9crit par":"La Sentinelle","Dur\u00e9e de lecture estim\u00e9e":"2 minutes"},"schema":{"@context":"https:\/\/schema.org","@graph":[{"@type":"Article","@id":"https:\/\/lasentinelle.dz\/index.php\/2022\/03\/02\/organisation-du-chan-2023-sebgag-rassure-pour-les-stades\/#article","isPartOf":{"@id":"https:\/\/lasentinelle.dz\/index.php\/2022\/03\/02\/organisation-du-chan-2023-sebgag-rassure-pour-les-stades\/"},"author":{"name":"La Sentinelle","@id":"https:\/\/lasentinelle.dz\/#\/schema\/person\/d865044e22e70a75174ce8bcad3acfb3"},"headline":"Organisation du CHAN-2023\u00a0:\u00a0Sebgag rassure pour les stades\u00a0","datePublished":"2022-03-01T23:01:00+00:00","mainEntityOfPage":{"@id":"https:\/\/lasentinelle.dz\/index.php\/2022\/03\/02\/organisation-du-chan-2023-sebgag-rassure-pour-les-stades\/"},"wordCount":430,"commentCount":0,"publisher":{"@id":"https:\/\/lasentinelle.dz\/#organization"},"image":{"@id":"https:\/\/lasentinelle.dz\/index.php\/2022\/03\/02\/organisation-du-chan-2023-sebgag-rassure-pour-les-stades\/#primaryimage"},"thumbnailUrl":"https:\/\/lasentinelle.dz\/wp-content\/uploads\/2022\/03\/Sebgag.jpg","articleSection":["Sports"],"inLanguage":"fr-FR","potentialAction":[{"@type":"CommentAction","name":"Comment","target":["https:\/\/lasentinelle.dz\/index.php\/2022\/03\/02\/organisation-du-chan-2023-sebgag-rassure-pour-les-stades\/#respond"]}]},{"@type":"WebPage","@id":"https:\/\/lasentinelle.dz\/index.php\/2022\/03\/02\/organisation-du-chan-2023-sebgag-rassure-pour-les-stades\/","url":"https:\/\/lasentinelle.dz\/index.php\/2022\/03\/02\/organisation-du-chan-2023-sebgag-rassure-pour-les-stades\/","name":"Organisation du CHAN-2023\u00a0:\u00a0Sebgag rassure pour les stades\u00a0 - La Sentinelle","isPartOf":{"@id":"https:\/\/lasentinelle.dz\/#website"},"primaryImageOfPage":{"@id":"https:\/\/lasentinelle.dz\/index.php\/2022\/03\/02\/organisation-du-chan-2023-sebgag-rassure-pour-les-stades\/#primaryimage"},"image":{"@id":"https:\/\/lasentinelle.dz\/index.php\/2022\/03\/02\/organisation-du-chan-2023-sebgag-rassure-pour-les-stades\/#primaryimage"},"thumbnailUrl":"https:\/\/lasentinelle.dz\/wp-content\/uploads\/2022\/03\/Sebgag.jpg","datePublished":"2022-03-01T23:01:00+00:00","breadcrumb":{"@id":"https:\/\/lasentinelle.dz\/index.php\/2022\/03\/02\/organisation-du-chan-2023-sebgag-rassure-pour-les-stades\/#breadcrumb"},"inLanguage":"fr-FR","potentialAction":[{"@type":"ReadAction","target":["https:\/\/lasentinelle.dz\/index.php\/2022\/03\/02\/organisation-du-chan-2023-sebgag-rassure-pour-les-stades\/"]}]},{"@type":"ImageObject","inLanguage":"fr-FR","@id":"https:\/\/lasentinelle.dz\/index.php\/2022\/03\/02\/organisation-du-chan-2023-sebgag-rassure-pour-les-stades\/#primaryimage","url":"https:\/\/lasentinelle.dz\/wp-content\/uploads\/2022\/03\/Sebgag.jpg","contentUrl":"https:\/\/lasentinelle.dz\/wp-content\/uploads\/2022\/03\/Sebgag.jpg","width":670,"height":1080},{"@type":"BreadcrumbList","@id":"https:\/\/lasentinelle.dz\/index.php\/2022\/03\/02\/organisation-du-chan-2023-sebgag-rassure-pour-les-stades\/#breadcrumb","itemListElement":[{"@type":"ListItem","position":1,"name":"Accueil","item":"https:\/\/lasentinelle.dz\/"},{"@type":"ListItem","position":2,"name":"Organisation du CHAN-2023\u00a0:\u00a0Sebgag rassure pour les stades\u00a0"}]},{"@type":"WebSite","@id":"https:\/\/lasentinelle.dz\/#website","url":"https:\/\/lasentinelle.dz\/","name":"La Sentinelle","description":"Quotidien national d&#039;information","publisher":{"@id":"https:\/\/lasentinelle.dz\/#organization"},"potentialAction":[{"@type":"SearchAction","target":{"@type":"EntryPoint","urlTemplate":"https:\/\/lasentinelle.dz\/?s={search_term_string}"},"query-input":{"@type":"PropertyValueSpecification","valueRequired":true,"valueName":"search_term_string"}}],"inLanguage":"fr-FR"},{"@type":"Organization","@id":"https:\/\/lasentinelle.dz\/#organization","name":"Quotidien La Sentinelle","url":"https:\/\/lasentinelle.dz\/","logo":{"@type":"ImageObject","inLanguage":"fr-FR","@id":"https:\/\/lasentinelle.dz\/#\/schema\/logo\/image\/","url":"https:\/\/lasentinelle.dz\/wp-content\/uploads\/2021\/09\/logo-sentinelleSLOGAN-1.png","contentUrl":"https:\/\/lasentinelle.dz\/wp-content\/uploads\/2021\/09\/logo-sentinelleSLOGAN-1.png","width":615,"height":142,"caption":"Quotidien La Sentinelle"},"image":{"@id":"https:\/\/lasentinelle.dz\/#\/schema\/logo\/image\/"},"sameAs":["https:\/\/www.facebook.com\/La-Sentinelle-104059864394773"]},{"@type":"Person","@id":"https:\/\/lasentinelle.dz\/#\/schema\/person\/d865044e22e70a75174ce8bcad3acfb3","name":"La Sentinelle","image":{"@type":"ImageObject","inLanguage":"fr-FR","@id":"https:\/\/secure.gravatar.com\/avatar\/57de8e5d4b15d43fb361a71fbb36338450fe67865b528a43dd10ef7c51a20392?s=96&d=mm&r=g","url":"https:\/\/secure.gravatar.com\/avatar\/57de8e5d4b15d43fb361a71fbb36338450fe67865b528a43dd10ef7c51a20392?s=96&d=mm&r=g","contentUrl":"https:\/\/secure.gravatar.com\/avatar\/57de8e5d4b15d43fb361a71fbb36338450fe67865b528a43dd10ef7c51a20392?s=96&d=mm&r=g","caption":"La Sentinelle"},"sameAs":["http:\/\/www.lasentinelle.dz"],"url":"https:\/\/lasentinelle.dz\/author\/redaction\/"}]}},"_links":{"self":[{"href":"https:\/\/lasentinelle.dz\/index.php\/wp-json\/wp\/v2\/posts\/17723","targetHints":{"allow":["GET"]}}],"collection":[{"href":"https:\/\/lasentinelle.dz\/index.php\/wp-json\/wp\/v2\/posts"}],"about":[{"href":"https:\/\/lasentinelle.dz\/index.php\/wp-json\/wp\/v2\/types\/post"}],"author":[{"embeddable":true,"href":"https:\/\/lasentinelle.dz\/index.php\/wp-json\/wp\/v2\/users\/3"}],"replies":[{"embeddable":true,"href":"https:\/\/lasentinelle.dz\/index.php\/wp-json\/wp\/v2\/comments?post=17723"}],"version-history":[{"count":1,"href":"https:\/\/lasentinelle.dz\/index.php\/wp-json\/wp\/v2\/posts\/17723\/revisions"}],"predecessor-version":[{"id":17738,"href":"https:\/\/lasentinelle.dz\/index.php\/wp-json\/wp\/v2\/posts\/17723\/revisions\/17738"}],"wp:featuredmedia":[{"embeddable":true,"href":"https:\/\/lasentinelle.dz\/index.php\/wp-json\/wp\/v2\/media\/17737"}],"wp:attachment":[{"href":"https:\/\/lasentinelle.dz\/index.php\/wp-json\/wp\/v2\/media?parent=17723"}],"wp:term":[{"taxonomy":"category","embeddable":true,"href":"https:\/\/lasentinelle.dz\/index.php\/wp-json\/wp\/v2\/categories?post=17723"},{"taxonomy":"post_tag","embeddable":true,"href":"https:\/\/lasentinelle.dz\/index.php\/wp-json\/wp\/v2\/tags?post=17723"}],"curies":[{"name":"wp","href":"https:\/\/api.w.org\/{rel}","templated":true}]}}