{"id":17765,"date":"2022-03-02T00:01:00","date_gmt":"2022-03-01T23:01:00","guid":{"rendered":"https:\/\/lasentinelle.dz\/?p=17765"},"modified":"2022-03-01T18:56:46","modified_gmt":"2022-03-01T17:56:46","slug":"industrie-le-developpement-de-la-filiere-electrique-doit-doper-les-exportations","status":"publish","type":"post","link":"https:\/\/lasentinelle.dz\/index.php\/2022\/03\/02\/industrie-le-developpement-de-la-filiere-electrique-doit-doper-les-exportations\/","title":{"rendered":"Industrie\u00a0: Le d\u00e9veloppement de la fili\u00e8re \u00e9lectrique doit doper les exportations"},"content":{"rendered":"\n<p>Quinze jours se sont \u00e9coul\u00e9s depuis que le pr\u00e9sident de la R\u00e9publique a donn\u00e9 des instructions pour le recensement des grandes soci\u00e9t\u00e9s en activit\u00e9 dans tous les cr\u00e9neaux essentiellement celles activant dans l&rsquo;industrie \u00e9lectrique dans un d\u00e9lai d\u2019un mois. Le minist\u00e8re de l&rsquo;Industrie a \u00e9t\u00e9 charg\u00e9 de cette t\u00e2che en collaboration avec tous les secteurs concern\u00e9s. Aussi, apr\u00e8s l&rsquo;expiration de la moiti\u00e9 de ce d\u00e9lai fix\u00e9, le Directeur g\u00e9n\u00e9ral de la comp\u00e9titivit\u00e9 au niveau du minist\u00e8re de l&rsquo;Industrie, Guend Abdelaziz, est revenu, hier, avec moult d\u00e9tails sur ce dossier lors de son passage \u00e0 la Cha\u00eene Une de la Radio nationale.<\/p>\n\n\n\n<p>Ce travail qui entre dans le cadre de la strat\u00e9gie du minist\u00e8re de l&rsquo;Industrie pour le d\u00e9veloppement des fili\u00e8res industrielles avance \u00e0 un rythme ad\u00e9quat, a donc fait savoir Guend qui a expliqu\u00e9 que \u00ab ce travail vise \u00e0 permettre \u00e0 terme \u00e0 ces entreprises d&rsquo;apporter une valeur ajout\u00e9e \u00e0 l&rsquo;\u00e9conomie nationale et participer par voie de fait \u00e0 l&rsquo;augmentation de Produit Int\u00e9rieur Brut (PIB) \u00bb. \u00c9voquant sp\u00e9cialement les industries \u00e9lectriques, l\u2019invit\u00e9 de la radio a estim\u00e9 que \u00ab cette fili\u00e8re a atteint un degr\u00e9 de maturit\u00e9 qui lui permet de jouer ce r\u00f4le et de s&rsquo;imposer sur le march\u00e9 national et sur le march\u00e9 international \u00bb. \u00ab Une fili\u00e8re qui manque toutefois d&rsquo;organisation et de structuration \u00bb, ajoute-t-il tout en assurant que le minist\u00e8re de l&rsquo;Industrie travaille pour la prise en charge de ces imperfections.&nbsp;&nbsp;Guend expliquera ainsi que cette fili\u00e8re des industries \u00e9lectriques \u00ab a \u00e9t\u00e9 choisie parce qu&rsquo;elle a tous les atouts et les qualit\u00e9s pour jouer un r\u00f4le important dans la strat\u00e9gie globale du minist\u00e8re de l&rsquo;Industrie qui a mis sur pied, jeudi pass\u00e9, un regroupement professionnel compos\u00e9 de divers intervenants dans la fili\u00e8re dans la mission est d&rsquo;\u0153uvrer \u00e0 lever tous les obstacles qui entravent encore son avanc\u00e9e \u00bb, dira-t-il. Guend a ainsi r\u00e9v\u00e9l\u00e9 que \u00ab pour l&rsquo;instant, l&rsquo;apport de la fili\u00e8re des industries \u00e9lectriques au Produit Int\u00e9rieur Brut (PIB) n&rsquo;est que de 1% ou un peu plus \u00bb. Il ajoutera que \u00ab le nombre d&rsquo;op\u00e9rateurs activant dans la fili\u00e8re n&rsquo;est pas encore connu \u00bb rappelant ainsi l&rsquo;intervention du pr\u00e9sident de la R\u00e9publique pour le recensement.<\/p>\n\n\n\n<p>Le Directeur g\u00e9n\u00e9ral de la comp\u00e9titivit\u00e9 industrielle au niveau du minist\u00e8re de l&rsquo;Industrie citera \u00e0 cet effet l&rsquo;existence d&rsquo;une entreprise alg\u00e9rienne sp\u00e9cialis\u00e9e dans la production et la fabrication de station de production de centrales \u00e9lectrique \u00e0 Batna qui a tous les atouts pour s&rsquo;imposer \u00e0 l&rsquo;international. Une autre soci\u00e9t\u00e9 de production de c\u00e2bles et autres \u00e9quipements, des entreprises publiques et priv\u00e9es sp\u00e9cialis\u00e9es dans la production de transformateurs et de g\u00e9n\u00e9rateurs. Il reste juste \u00e0 mettre en place une cha\u00eene de valeur \u00e0 m\u00eame de ma\u00eetriser les prix et d&rsquo;aller vers l&rsquo;international tel que les march\u00e9s africains et arabes.&nbsp;&nbsp;Enfin, dans l&rsquo;optique de renforcer la comp\u00e9titivit\u00e9, Guenid a estim\u00e9 que le volet de l&rsquo;infrastructure \u00ab est une priorit\u00e9 pour le gouvernement \u00bb.&nbsp;<\/p>\n\n\n\n<p><strong>Akli Amor<\/strong><\/p>\n","protected":false},"excerpt":{"rendered":"<p>Quinze jours se sont \u00e9coul\u00e9s depuis que le pr\u00e9sident de la R\u00e9publique a donn\u00e9 des instructions pour le recensement des<\/p>\n","protected":false},"author":3,"featured_media":17776,"comment_status":"open","ping_status":"closed","sticky":false,"template":"","format":"standard","meta":{"colormag_page_container_layout":"default_layout","colormag_page_sidebar_layout":"default_layout","om_disable_all_campaigns":false,"_monsterinsights_skip_tracking":false,"_monsterinsights_sitenote_active":false,"_monsterinsights_sitenote_note":"","_monsterinsights_sitenote_category":0,"footnotes":"","_wpscppro_dont_share_socialmedia":false,"_wpscppro_custom_social_share_image":0,"_facebook_share_type":"","_twitter_share_type":"","_linkedin_share_type":"","_pinterest_share_type":"","_linkedin_share_type_page":"","_instagram_share_type":"","_medium_share_type":"","_threads_share_type":"","_google_business_share_type":"","_selected_social_profile":[],"_wpsp_enable_custom_social_template":false,"_wpsp_social_scheduling":{"enabled":false,"datetime":null,"platforms":[],"status":"template_only","dateOption":"today","timeOption":"now","customDays":"","customHours":"","customDate":"","customTime":"","schedulingType":"absolute"},"_wpsp_active_default_template":true},"categories":[29],"tags":[],"class_list":["post-17765","post","type-post","status-publish","format-standard","has-post-thumbnail","hentry","category-economie"],"aioseo_notices":[],"yoast_head":"<!-- This site is optimized with the Yoast SEO plugin v27.5 - https:\/\/yoast.com\/product\/yoast-seo-wordpress\/ -->\n<title>Industrie\u00a0: Le d\u00e9veloppement de la fili\u00e8re \u00e9lectrique doit doper les exportations - La Sentinelle<\/title>\n<meta name=\"robots\" content=\"index, follow, max-snippet:-1, max-image-preview:large, max-video-preview:-1\" \/>\n<link rel=\"canonical\" href=\"https:\/\/lasentinelle.dz\/index.php\/2022\/03\/02\/industrie-le-developpement-de-la-filiere-electrique-doit-doper-les-exportations\/\" \/>\n<meta property=\"og:locale\" content=\"fr_FR\" \/>\n<meta property=\"og:type\" content=\"article\" \/>\n<meta property=\"og:title\" content=\"Industrie\u00a0: Le d\u00e9veloppement de la fili\u00e8re \u00e9lectrique doit doper les exportations - La Sentinelle\" \/>\n<meta property=\"og:description\" content=\"Quinze jours se sont \u00e9coul\u00e9s depuis que le pr\u00e9sident de la R\u00e9publique a donn\u00e9 des instructions pour le recensement des\" \/>\n<meta property=\"og:url\" content=\"https:\/\/lasentinelle.dz\/index.php\/2022\/03\/02\/industrie-le-developpement-de-la-filiere-electrique-doit-doper-les-exportations\/\" \/>\n<meta property=\"og:site_name\" content=\"La Sentinelle\" \/>\n<meta property=\"article:publisher\" content=\"https:\/\/www.facebook.com\/La-Sentinelle-104059864394773\" \/>\n<meta property=\"article:published_time\" content=\"2022-03-01T23:01:00+00:00\" \/>\n<meta property=\"og:image\" content=\"https:\/\/lasentinelle.dz\/wp-content\/uploads\/2022\/03\/electricals-el-djazair.png\" \/>\n\t<meta property=\"og:image:width\" content=\"1355\" \/>\n\t<meta property=\"og:image:height\" content=\"900\" \/>\n\t<meta property=\"og:image:type\" content=\"image\/png\" \/>\n<meta name=\"author\" content=\"La Sentinelle\" \/>\n<meta name=\"twitter:card\" content=\"summary_large_image\" \/>\n<meta name=\"twitter:label1\" content=\"\u00c9crit par\" \/>\n\t<meta name=\"twitter:data1\" content=\"La Sentinelle\" \/>\n\t<meta name=\"twitter:label2\" content=\"Dur\u00e9e de lecture estim\u00e9e\" \/>\n\t<meta name=\"twitter:data2\" content=\"3 minutes\" \/>\n<script type=\"application\/ld+json\" class=\"yoast-schema-graph\">{\"@context\":\"https:\\\/\\\/schema.org\",\"@graph\":[{\"@type\":\"Article\",\"@id\":\"https:\\\/\\\/lasentinelle.dz\\\/index.php\\\/2022\\\/03\\\/02\\\/industrie-le-developpement-de-la-filiere-electrique-doit-doper-les-exportations\\\/#article\",\"isPartOf\":{\"@id\":\"https:\\\/\\\/lasentinelle.dz\\\/index.php\\\/2022\\\/03\\\/02\\\/industrie-le-developpement-de-la-filiere-electrique-doit-doper-les-exportations\\\/\"},\"author\":{\"name\":\"La Sentinelle\",\"@id\":\"https:\\\/\\\/lasentinelle.dz\\\/#\\\/schema\\\/person\\\/d865044e22e70a75174ce8bcad3acfb3\"},\"headline\":\"Industrie\u00a0: Le d\u00e9veloppement de la fili\u00e8re \u00e9lectrique doit doper les exportations\",\"datePublished\":\"2022-03-01T23:01:00+00:00\",\"mainEntityOfPage\":{\"@id\":\"https:\\\/\\\/lasentinelle.dz\\\/index.php\\\/2022\\\/03\\\/02\\\/industrie-le-developpement-de-la-filiere-electrique-doit-doper-les-exportations\\\/\"},\"wordCount\":570,\"commentCount\":0,\"publisher\":{\"@id\":\"https:\\\/\\\/lasentinelle.dz\\\/#organization\"},\"image\":{\"@id\":\"https:\\\/\\\/lasentinelle.dz\\\/index.php\\\/2022\\\/03\\\/02\\\/industrie-le-developpement-de-la-filiere-electrique-doit-doper-les-exportations\\\/#primaryimage\"},\"thumbnailUrl\":\"https:\\\/\\\/lasentinelle.dz\\\/wp-content\\\/uploads\\\/2022\\\/03\\\/electricals-el-djazair.png\",\"articleSection\":[\"\u00c9conomie\"],\"inLanguage\":\"fr-FR\",\"potentialAction\":[{\"@type\":\"CommentAction\",\"name\":\"Comment\",\"target\":[\"https:\\\/\\\/lasentinelle.dz\\\/index.php\\\/2022\\\/03\\\/02\\\/industrie-le-developpement-de-la-filiere-electrique-doit-doper-les-exportations\\\/#respond\"]}]},{\"@type\":\"WebPage\",\"@id\":\"https:\\\/\\\/lasentinelle.dz\\\/index.php\\\/2022\\\/03\\\/02\\\/industrie-le-developpement-de-la-filiere-electrique-doit-doper-les-exportations\\\/\",\"url\":\"https:\\\/\\\/lasentinelle.dz\\\/index.php\\\/2022\\\/03\\\/02\\\/industrie-le-developpement-de-la-filiere-electrique-doit-doper-les-exportations\\\/\",\"name\":\"Industrie\u00a0: Le d\u00e9veloppement de la fili\u00e8re \u00e9lectrique doit doper les exportations - La Sentinelle\",\"isPartOf\":{\"@id\":\"https:\\\/\\\/lasentinelle.dz\\\/#website\"},\"primaryImageOfPage\":{\"@id\":\"https:\\\/\\\/lasentinelle.dz\\\/index.php\\\/2022\\\/03\\\/02\\\/industrie-le-developpement-de-la-filiere-electrique-doit-doper-les-exportations\\\/#primaryimage\"},\"image\":{\"@id\":\"https:\\\/\\\/lasentinelle.dz\\\/index.php\\\/2022\\\/03\\\/02\\\/industrie-le-developpement-de-la-filiere-electrique-doit-doper-les-exportations\\\/#primaryimage\"},\"thumbnailUrl\":\"https:\\\/\\\/lasentinelle.dz\\\/wp-content\\\/uploads\\\/2022\\\/03\\\/electricals-el-djazair.png\",\"datePublished\":\"2022-03-01T23:01:00+00:00\",\"breadcrumb\":{\"@id\":\"https:\\\/\\\/lasentinelle.dz\\\/index.php\\\/2022\\\/03\\\/02\\\/industrie-le-developpement-de-la-filiere-electrique-doit-doper-les-exportations\\\/#breadcrumb\"},\"inLanguage\":\"fr-FR\",\"potentialAction\":[{\"@type\":\"ReadAction\",\"target\":[\"https:\\\/\\\/lasentinelle.dz\\\/index.php\\\/2022\\\/03\\\/02\\\/industrie-le-developpement-de-la-filiere-electrique-doit-doper-les-exportations\\\/\"]}]},{\"@type\":\"ImageObject\",\"inLanguage\":\"fr-FR\",\"@id\":\"https:\\\/\\\/lasentinelle.dz\\\/index.php\\\/2022\\\/03\\\/02\\\/industrie-le-developpement-de-la-filiere-electrique-doit-doper-les-exportations\\\/#primaryimage\",\"url\":\"https:\\\/\\\/lasentinelle.dz\\\/wp-content\\\/uploads\\\/2022\\\/03\\\/electricals-el-djazair.png\",\"contentUrl\":\"https:\\\/\\\/lasentinelle.dz\\\/wp-content\\\/uploads\\\/2022\\\/03\\\/electricals-el-djazair.png\",\"width\":1355,\"height\":900},{\"@type\":\"BreadcrumbList\",\"@id\":\"https:\\\/\\\/lasentinelle.dz\\\/index.php\\\/2022\\\/03\\\/02\\\/industrie-le-developpement-de-la-filiere-electrique-doit-doper-les-exportations\\\/#breadcrumb\",\"itemListElement\":[{\"@type\":\"ListItem\",\"position\":1,\"name\":\"Accueil\",\"item\":\"https:\\\/\\\/lasentinelle.dz\\\/\"},{\"@type\":\"ListItem\",\"position\":2,\"name\":\"Industrie\u00a0: Le d\u00e9veloppement de la fili\u00e8re \u00e9lectrique doit doper les exportations\"}]},{\"@type\":\"WebSite\",\"@id\":\"https:\\\/\\\/lasentinelle.dz\\\/#website\",\"url\":\"https:\\\/\\\/lasentinelle.dz\\\/\",\"name\":\"La Sentinelle\",\"description\":\"Quotidien national d&#039;information\",\"publisher\":{\"@id\":\"https:\\\/\\\/lasentinelle.dz\\\/#organization\"},\"potentialAction\":[{\"@type\":\"SearchAction\",\"target\":{\"@type\":\"EntryPoint\",\"urlTemplate\":\"https:\\\/\\\/lasentinelle.dz\\\/?s={search_term_string}\"},\"query-input\":{\"@type\":\"PropertyValueSpecification\",\"valueRequired\":true,\"valueName\":\"search_term_string\"}}],\"inLanguage\":\"fr-FR\"},{\"@type\":\"Organization\",\"@id\":\"https:\\\/\\\/lasentinelle.dz\\\/#organization\",\"name\":\"Quotidien La Sentinelle\",\"url\":\"https:\\\/\\\/lasentinelle.dz\\\/\",\"logo\":{\"@type\":\"ImageObject\",\"inLanguage\":\"fr-FR\",\"@id\":\"https:\\\/\\\/lasentinelle.dz\\\/#\\\/schema\\\/logo\\\/image\\\/\",\"url\":\"https:\\\/\\\/lasentinelle.dz\\\/wp-content\\\/uploads\\\/2021\\\/09\\\/logo-sentinelleSLOGAN-1.png\",\"contentUrl\":\"https:\\\/\\\/lasentinelle.dz\\\/wp-content\\\/uploads\\\/2021\\\/09\\\/logo-sentinelleSLOGAN-1.png\",\"width\":615,\"height\":142,\"caption\":\"Quotidien La Sentinelle\"},\"image\":{\"@id\":\"https:\\\/\\\/lasentinelle.dz\\\/#\\\/schema\\\/logo\\\/image\\\/\"},\"sameAs\":[\"https:\\\/\\\/www.facebook.com\\\/La-Sentinelle-104059864394773\"]},{\"@type\":\"Person\",\"@id\":\"https:\\\/\\\/lasentinelle.dz\\\/#\\\/schema\\\/person\\\/d865044e22e70a75174ce8bcad3acfb3\",\"name\":\"La Sentinelle\",\"image\":{\"@type\":\"ImageObject\",\"inLanguage\":\"fr-FR\",\"@id\":\"https:\\\/\\\/secure.gravatar.com\\\/avatar\\\/57de8e5d4b15d43fb361a71fbb36338450fe67865b528a43dd10ef7c51a20392?s=96&d=mm&r=g\",\"url\":\"https:\\\/\\\/secure.gravatar.com\\\/avatar\\\/57de8e5d4b15d43fb361a71fbb36338450fe67865b528a43dd10ef7c51a20392?s=96&d=mm&r=g\",\"contentUrl\":\"https:\\\/\\\/secure.gravatar.com\\\/avatar\\\/57de8e5d4b15d43fb361a71fbb36338450fe67865b528a43dd10ef7c51a20392?s=96&d=mm&r=g\",\"caption\":\"La Sentinelle\"},\"sameAs\":[\"http:\\\/\\\/www.lasentinelle.dz\"],\"url\":\"https:\\\/\\\/lasentinelle.dz\\\/author\\\/redaction\\\/\"}]}<\/script>\n<!-- \/ Yoast SEO plugin. -->","yoast_head_json":{"title":"Industrie\u00a0: Le d\u00e9veloppement de la fili\u00e8re \u00e9lectrique doit doper les exportations - La Sentinelle","robots":{"index":"index","follow":"follow","max-snippet":"max-snippet:-1","max-image-preview":"max-image-preview:large","max-video-preview":"max-video-preview:-1"},"canonical":"https:\/\/lasentinelle.dz\/index.php\/2022\/03\/02\/industrie-le-developpement-de-la-filiere-electrique-doit-doper-les-exportations\/","og_locale":"fr_FR","og_type":"article","og_title":"Industrie\u00a0: Le d\u00e9veloppement de la fili\u00e8re \u00e9lectrique doit doper les exportations - La Sentinelle","og_description":"Quinze jours se sont \u00e9coul\u00e9s depuis que le pr\u00e9sident de la R\u00e9publique a donn\u00e9 des instructions pour le recensement des","og_url":"https:\/\/lasentinelle.dz\/index.php\/2022\/03\/02\/industrie-le-developpement-de-la-filiere-electrique-doit-doper-les-exportations\/","og_site_name":"La Sentinelle","article_publisher":"https:\/\/www.facebook.com\/La-Sentinelle-104059864394773","article_published_time":"2022-03-01T23:01:00+00:00","og_image":[{"width":1355,"height":900,"url":"https:\/\/lasentinelle.dz\/wp-content\/uploads\/2022\/03\/electricals-el-djazair.png","type":"image\/png"}],"author":"La Sentinelle","twitter_card":"summary_large_image","twitter_misc":{"\u00c9crit par":"La Sentinelle","Dur\u00e9e de lecture estim\u00e9e":"3 minutes"},"schema":{"@context":"https:\/\/schema.org","@graph":[{"@type":"Article","@id":"https:\/\/lasentinelle.dz\/index.php\/2022\/03\/02\/industrie-le-developpement-de-la-filiere-electrique-doit-doper-les-exportations\/#article","isPartOf":{"@id":"https:\/\/lasentinelle.dz\/index.php\/2022\/03\/02\/industrie-le-developpement-de-la-filiere-electrique-doit-doper-les-exportations\/"},"author":{"name":"La Sentinelle","@id":"https:\/\/lasentinelle.dz\/#\/schema\/person\/d865044e22e70a75174ce8bcad3acfb3"},"headline":"Industrie\u00a0: Le d\u00e9veloppement de la fili\u00e8re \u00e9lectrique doit doper les exportations","datePublished":"2022-03-01T23:01:00+00:00","mainEntityOfPage":{"@id":"https:\/\/lasentinelle.dz\/index.php\/2022\/03\/02\/industrie-le-developpement-de-la-filiere-electrique-doit-doper-les-exportations\/"},"wordCount":570,"commentCount":0,"publisher":{"@id":"https:\/\/lasentinelle.dz\/#organization"},"image":{"@id":"https:\/\/lasentinelle.dz\/index.php\/2022\/03\/02\/industrie-le-developpement-de-la-filiere-electrique-doit-doper-les-exportations\/#primaryimage"},"thumbnailUrl":"https:\/\/lasentinelle.dz\/wp-content\/uploads\/2022\/03\/electricals-el-djazair.png","articleSection":["\u00c9conomie"],"inLanguage":"fr-FR","potentialAction":[{"@type":"CommentAction","name":"Comment","target":["https:\/\/lasentinelle.dz\/index.php\/2022\/03\/02\/industrie-le-developpement-de-la-filiere-electrique-doit-doper-les-exportations\/#respond"]}]},{"@type":"WebPage","@id":"https:\/\/lasentinelle.dz\/index.php\/2022\/03\/02\/industrie-le-developpement-de-la-filiere-electrique-doit-doper-les-exportations\/","url":"https:\/\/lasentinelle.dz\/index.php\/2022\/03\/02\/industrie-le-developpement-de-la-filiere-electrique-doit-doper-les-exportations\/","name":"Industrie\u00a0: Le d\u00e9veloppement de la fili\u00e8re \u00e9lectrique doit doper les exportations - La Sentinelle","isPartOf":{"@id":"https:\/\/lasentinelle.dz\/#website"},"primaryImageOfPage":{"@id":"https:\/\/lasentinelle.dz\/index.php\/2022\/03\/02\/industrie-le-developpement-de-la-filiere-electrique-doit-doper-les-exportations\/#primaryimage"},"image":{"@id":"https:\/\/lasentinelle.dz\/index.php\/2022\/03\/02\/industrie-le-developpement-de-la-filiere-electrique-doit-doper-les-exportations\/#primaryimage"},"thumbnailUrl":"https:\/\/lasentinelle.dz\/wp-content\/uploads\/2022\/03\/electricals-el-djazair.png","datePublished":"2022-03-01T23:01:00+00:00","breadcrumb":{"@id":"https:\/\/lasentinelle.dz\/index.php\/2022\/03\/02\/industrie-le-developpement-de-la-filiere-electrique-doit-doper-les-exportations\/#breadcrumb"},"inLanguage":"fr-FR","potentialAction":[{"@type":"ReadAction","target":["https:\/\/lasentinelle.dz\/index.php\/2022\/03\/02\/industrie-le-developpement-de-la-filiere-electrique-doit-doper-les-exportations\/"]}]},{"@type":"ImageObject","inLanguage":"fr-FR","@id":"https:\/\/lasentinelle.dz\/index.php\/2022\/03\/02\/industrie-le-developpement-de-la-filiere-electrique-doit-doper-les-exportations\/#primaryimage","url":"https:\/\/lasentinelle.dz\/wp-content\/uploads\/2022\/03\/electricals-el-djazair.png","contentUrl":"https:\/\/lasentinelle.dz\/wp-content\/uploads\/2022\/03\/electricals-el-djazair.png","width":1355,"height":900},{"@type":"BreadcrumbList","@id":"https:\/\/lasentinelle.dz\/index.php\/2022\/03\/02\/industrie-le-developpement-de-la-filiere-electrique-doit-doper-les-exportations\/#breadcrumb","itemListElement":[{"@type":"ListItem","position":1,"name":"Accueil","item":"https:\/\/lasentinelle.dz\/"},{"@type":"ListItem","position":2,"name":"Industrie\u00a0: Le d\u00e9veloppement de la fili\u00e8re \u00e9lectrique doit doper les exportations"}]},{"@type":"WebSite","@id":"https:\/\/lasentinelle.dz\/#website","url":"https:\/\/lasentinelle.dz\/","name":"La Sentinelle","description":"Quotidien national d&#039;information","publisher":{"@id":"https:\/\/lasentinelle.dz\/#organization"},"potentialAction":[{"@type":"SearchAction","target":{"@type":"EntryPoint","urlTemplate":"https:\/\/lasentinelle.dz\/?s={search_term_string}"},"query-input":{"@type":"PropertyValueSpecification","valueRequired":true,"valueName":"search_term_string"}}],"inLanguage":"fr-FR"},{"@type":"Organization","@id":"https:\/\/lasentinelle.dz\/#organization","name":"Quotidien La Sentinelle","url":"https:\/\/lasentinelle.dz\/","logo":{"@type":"ImageObject","inLanguage":"fr-FR","@id":"https:\/\/lasentinelle.dz\/#\/schema\/logo\/image\/","url":"https:\/\/lasentinelle.dz\/wp-content\/uploads\/2021\/09\/logo-sentinelleSLOGAN-1.png","contentUrl":"https:\/\/lasentinelle.dz\/wp-content\/uploads\/2021\/09\/logo-sentinelleSLOGAN-1.png","width":615,"height":142,"caption":"Quotidien La Sentinelle"},"image":{"@id":"https:\/\/lasentinelle.dz\/#\/schema\/logo\/image\/"},"sameAs":["https:\/\/www.facebook.com\/La-Sentinelle-104059864394773"]},{"@type":"Person","@id":"https:\/\/lasentinelle.dz\/#\/schema\/person\/d865044e22e70a75174ce8bcad3acfb3","name":"La Sentinelle","image":{"@type":"ImageObject","inLanguage":"fr-FR","@id":"https:\/\/secure.gravatar.com\/avatar\/57de8e5d4b15d43fb361a71fbb36338450fe67865b528a43dd10ef7c51a20392?s=96&d=mm&r=g","url":"https:\/\/secure.gravatar.com\/avatar\/57de8e5d4b15d43fb361a71fbb36338450fe67865b528a43dd10ef7c51a20392?s=96&d=mm&r=g","contentUrl":"https:\/\/secure.gravatar.com\/avatar\/57de8e5d4b15d43fb361a71fbb36338450fe67865b528a43dd10ef7c51a20392?s=96&d=mm&r=g","caption":"La Sentinelle"},"sameAs":["http:\/\/www.lasentinelle.dz"],"url":"https:\/\/lasentinelle.dz\/author\/redaction\/"}]}},"_links":{"self":[{"href":"https:\/\/lasentinelle.dz\/index.php\/wp-json\/wp\/v2\/posts\/17765","targetHints":{"allow":["GET"]}}],"collection":[{"href":"https:\/\/lasentinelle.dz\/index.php\/wp-json\/wp\/v2\/posts"}],"about":[{"href":"https:\/\/lasentinelle.dz\/index.php\/wp-json\/wp\/v2\/types\/post"}],"author":[{"embeddable":true,"href":"https:\/\/lasentinelle.dz\/index.php\/wp-json\/wp\/v2\/users\/3"}],"replies":[{"embeddable":true,"href":"https:\/\/lasentinelle.dz\/index.php\/wp-json\/wp\/v2\/comments?post=17765"}],"version-history":[{"count":1,"href":"https:\/\/lasentinelle.dz\/index.php\/wp-json\/wp\/v2\/posts\/17765\/revisions"}],"predecessor-version":[{"id":17777,"href":"https:\/\/lasentinelle.dz\/index.php\/wp-json\/wp\/v2\/posts\/17765\/revisions\/17777"}],"wp:featuredmedia":[{"embeddable":true,"href":"https:\/\/lasentinelle.dz\/index.php\/wp-json\/wp\/v2\/media\/17776"}],"wp:attachment":[{"href":"https:\/\/lasentinelle.dz\/index.php\/wp-json\/wp\/v2\/media?parent=17765"}],"wp:term":[{"taxonomy":"category","embeddable":true,"href":"https:\/\/lasentinelle.dz\/index.php\/wp-json\/wp\/v2\/categories?post=17765"},{"taxonomy":"post_tag","embeddable":true,"href":"https:\/\/lasentinelle.dz\/index.php\/wp-json\/wp\/v2\/tags?post=17765"}],"curies":[{"name":"wp","href":"https:\/\/api.w.org\/{rel}","templated":true}]}}