{"id":17766,"date":"2022-03-02T00:01:00","date_gmt":"2022-03-01T23:01:00","guid":{"rendered":"https:\/\/lasentinelle.dz\/?p=17766"},"modified":"2022-03-01T18:59:19","modified_gmt":"2022-03-01T17:59:19","slug":"afin-de-satisfaire-les-revendications-des-boulangers-exoneration-de-tva-sur-lelectricite-et-allegements-fiscaux","status":"publish","type":"post","link":"https:\/\/lasentinelle.dz\/index.php\/2022\/03\/02\/afin-de-satisfaire-les-revendications-des-boulangers-exoneration-de-tva-sur-lelectricite-et-allegements-fiscaux\/","title":{"rendered":"Afin de satisfaire les revendications des boulangers\u00a0: Exon\u00e9ration de TVA sur l\u2019\u00e9lectricit\u00e9 et all\u00e8gements fiscaux"},"content":{"rendered":"\n<p>Dans un communiqu\u00e9 rendu public hier,&nbsp;le minist\u00e8re du Commerce et de la Promotion&nbsp;a annonc\u00e9 plusieurs mesures&nbsp;&nbsp;afin de r\u00e9duire&nbsp;les co\u00fbts&nbsp;de l\u2019\u00e9nergie&nbsp;au profit des boulangers.&nbsp;&nbsp;Des mesures qio ont d\u2019ailleurs \u00e9t\u00e9 examin\u00e9e lors d\u2019une rencontre&nbsp;qui a r\u00e9uni les services du minist\u00e8re et&nbsp;des associations professionnelles des commer\u00e7ants et artisans et la f\u00e9d\u00e9ration des boulangers,&nbsp;en pr\u00e9sence des repr\u00e9sentants des secteurs du Commerce, de l&rsquo;Energie.&nbsp;A l&rsquo;issue de cette r\u00e9union, plusieurs d\u00e9cisions ont \u00e9t\u00e9 prises afin d&rsquo;aider les boulangers \u00e0 surpasser les difficult\u00e9s qui se dressent devant leur travail et qui se r\u00e9percutent sur les capacit\u00e9s de cette corporation \u00e0 offrir un service satisfaisant aux clients avec de bons prix.&nbsp;Ainsi, explique le minist\u00e8re dans son communiqu\u00e9,&nbsp;\u00ab&nbsp;il a \u00e9t\u00e9 convenu, en coordination avec toutes les parties, d&rsquo;\u0153uvrer \u00e0 l&rsquo;int\u00e9gration des boulangers \u00e0 la tarification relative au portail 53 des tarifs appliqu\u00e9s par la&nbsp;Soci\u00e9t\u00e9 alg\u00e9rienne de distribution de l\u2019\u00e9lectricit\u00e9 et du gaz conform\u00e9ment \u00e0 l&rsquo;arr\u00eat\u00e9 du 29 d\u00e9cembre 2015 promulgu\u00e9 par la commission de r\u00e9gulation de l&rsquo;\u00e9lectricit\u00e9 et du gaz et qui est en rapport avec le volume de leur activit\u00e9, en sus de leur sensibilisation \u00e0 l&rsquo;imp\u00e9ratif de leur affiliation volontaire \u00e0 cette tarification de mani\u00e8re \u00e0 permettre aux services de la soci\u00e9t\u00e9 publique de changer leurs compteurs et d&rsquo;installer des compteurs sp\u00e9cifiques \u00e0 ce syst\u00e8me&nbsp;\u00bb.&nbsp;Selon la m\u00eame source, les services du minist\u00e8re du Commerce ont assur\u00e9 de la poursuite de la coordination avec tous les autres d\u00e9partements minist\u00e9riels pour la concr\u00e9tisation progressive des autres pr\u00e9occupations relevant de son domaine de comp\u00e9tence.&nbsp;Pour en savoir plus du c\u00f4t\u00e9 des boulangers, nous avons pris attache avec l&rsquo;Union G\u00e9n\u00e9rale des Commer\u00e7ants et Artisans Alg\u00e9riens (UGCAA). Aussi, le secr\u00e9taire g\u00e9n\u00e9ral de cette organisation,&nbsp;Hazab Benchahra s&rsquo;est f\u00e9licit\u00e9 de ces d\u00e9cisions qui vont, selon lui, \u00ab\u00a0apporter un plus pour les boulangers\u00a0\u00bb. Au sujet de l&rsquo;accord avec la Sonelgaz, notre interlocuteur a fait savoir qu'\u00a0\u00bbune r\u00e9union est attendue la semaine prochaine\u00a0\u00bb avec cette soci\u00e9t\u00e9 et des repr\u00e9sentants du minist\u00e8re des finances pour concr\u00e9tiser l&rsquo;exon\u00e9ration des boulangers de la TVA de 19% pay\u00e9s dans les factures d&rsquo;\u00e9lectricit\u00e9. Notre interlocuteur a \u00e9galement fait \u00e9tat d&rsquo;une d\u00e9cision concernant l&rsquo;imp\u00f4t sur le b\u00e9n\u00e9fice. \u00ab\u00a0Les boulangers seront en effet impos\u00e9s dans ce cadre de 5% sur le b\u00e9n\u00e9fice et non comme il est d&rsquo;usage sur le chiffre d&rsquo;affaires globale\u00a0\u00bb. Ce qui est per\u00e7u par les boulangers comme un all\u00e9gement de ce poids qui les emp\u00eachent de b\u00e9n\u00e9ficier des produits subventionn\u00e9s et de fournir \u00e0 leurs clients un pain de qualit\u00e9 et au bon prix.&nbsp;<\/p>\n\n\n\n<p><strong>Kamel Nait Ameur<\/strong><strong><\/strong><\/p>\n","protected":false},"excerpt":{"rendered":"<p>Dans un communiqu\u00e9 rendu public hier,&nbsp;le minist\u00e8re du Commerce et de la Promotion&nbsp;a annonc\u00e9 plusieurs mesures&nbsp;&nbsp;afin de r\u00e9duire&nbsp;les co\u00fbts&nbsp;de l\u2019\u00e9nergie&nbsp;au<\/p>\n","protected":false},"author":3,"featured_media":17778,"comment_status":"open","ping_status":"closed","sticky":false,"template":"","format":"standard","meta":{"colormag_page_container_layout":"default_layout","colormag_page_sidebar_layout":"default_layout","om_disable_all_campaigns":false,"_monsterinsights_skip_tracking":false,"_monsterinsights_sitenote_active":false,"_monsterinsights_sitenote_note":"","_monsterinsights_sitenote_category":0,"footnotes":"","_wpscppro_dont_share_socialmedia":false,"_wpscppro_custom_social_share_image":0,"_facebook_share_type":"","_twitter_share_type":"","_linkedin_share_type":"","_pinterest_share_type":"","_linkedin_share_type_page":"","_instagram_share_type":"","_medium_share_type":"","_threads_share_type":"","_google_business_share_type":"","_selected_social_profile":[],"_wpsp_enable_custom_social_template":false,"_wpsp_social_scheduling":{"enabled":false,"datetime":null,"platforms":[],"status":"template_only","dateOption":"today","timeOption":"now","customDays":"","customHours":"","customDate":"","customTime":"","schedulingType":"absolute"},"_wpsp_active_default_template":true},"categories":[29],"tags":[],"class_list":["post-17766","post","type-post","status-publish","format-standard","has-post-thumbnail","hentry","category-economie"],"aioseo_notices":[],"yoast_head":"<!-- This site is optimized with the Yoast SEO plugin v27.5 - https:\/\/yoast.com\/product\/yoast-seo-wordpress\/ -->\n<title>Afin de satisfaire les revendications des boulangers\u00a0: Exon\u00e9ration de TVA sur l\u2019\u00e9lectricit\u00e9 et all\u00e8gements fiscaux - La Sentinelle<\/title>\n<meta name=\"robots\" content=\"index, follow, max-snippet:-1, max-image-preview:large, max-video-preview:-1\" \/>\n<link rel=\"canonical\" href=\"https:\/\/lasentinelle.dz\/index.php\/2022\/03\/02\/afin-de-satisfaire-les-revendications-des-boulangers-exoneration-de-tva-sur-lelectricite-et-allegements-fiscaux\/\" \/>\n<meta property=\"og:locale\" content=\"fr_FR\" \/>\n<meta property=\"og:type\" content=\"article\" \/>\n<meta property=\"og:title\" content=\"Afin de satisfaire les revendications des boulangers\u00a0: Exon\u00e9ration de TVA sur l\u2019\u00e9lectricit\u00e9 et all\u00e8gements fiscaux - La Sentinelle\" \/>\n<meta property=\"og:description\" content=\"Dans un communiqu\u00e9 rendu public hier,&nbsp;le minist\u00e8re du Commerce et de la Promotion&nbsp;a annonc\u00e9 plusieurs mesures&nbsp;&nbsp;afin de r\u00e9duire&nbsp;les co\u00fbts&nbsp;de l\u2019\u00e9nergie&nbsp;au\" \/>\n<meta property=\"og:url\" content=\"https:\/\/lasentinelle.dz\/index.php\/2022\/03\/02\/afin-de-satisfaire-les-revendications-des-boulangers-exoneration-de-tva-sur-lelectricite-et-allegements-fiscaux\/\" \/>\n<meta property=\"og:site_name\" content=\"La Sentinelle\" \/>\n<meta property=\"article:publisher\" content=\"https:\/\/www.facebook.com\/La-Sentinelle-104059864394773\" \/>\n<meta property=\"article:published_time\" content=\"2022-03-01T23:01:00+00:00\" \/>\n<meta property=\"og:image\" content=\"https:\/\/lasentinelle.dz\/wp-content\/uploads\/2022\/03\/pain-1.png\" \/>\n\t<meta property=\"og:image:width\" content=\"1491\" \/>\n\t<meta property=\"og:image:height\" content=\"900\" \/>\n\t<meta property=\"og:image:type\" content=\"image\/png\" \/>\n<meta name=\"author\" content=\"La Sentinelle\" \/>\n<meta name=\"twitter:card\" content=\"summary_large_image\" \/>\n<meta name=\"twitter:label1\" content=\"\u00c9crit par\" \/>\n\t<meta name=\"twitter:data1\" content=\"La Sentinelle\" \/>\n\t<meta name=\"twitter:label2\" content=\"Dur\u00e9e de lecture estim\u00e9e\" \/>\n\t<meta name=\"twitter:data2\" content=\"3 minutes\" \/>\n<script type=\"application\/ld+json\" class=\"yoast-schema-graph\">{\"@context\":\"https:\\\/\\\/schema.org\",\"@graph\":[{\"@type\":\"Article\",\"@id\":\"https:\\\/\\\/lasentinelle.dz\\\/index.php\\\/2022\\\/03\\\/02\\\/afin-de-satisfaire-les-revendications-des-boulangers-exoneration-de-tva-sur-lelectricite-et-allegements-fiscaux\\\/#article\",\"isPartOf\":{\"@id\":\"https:\\\/\\\/lasentinelle.dz\\\/index.php\\\/2022\\\/03\\\/02\\\/afin-de-satisfaire-les-revendications-des-boulangers-exoneration-de-tva-sur-lelectricite-et-allegements-fiscaux\\\/\"},\"author\":{\"name\":\"La Sentinelle\",\"@id\":\"https:\\\/\\\/lasentinelle.dz\\\/#\\\/schema\\\/person\\\/d865044e22e70a75174ce8bcad3acfb3\"},\"headline\":\"Afin de satisfaire les revendications des boulangers\u00a0: Exon\u00e9ration de TVA sur l\u2019\u00e9lectricit\u00e9 et all\u00e8gements fiscaux\",\"datePublished\":\"2022-03-01T23:01:00+00:00\",\"mainEntityOfPage\":{\"@id\":\"https:\\\/\\\/lasentinelle.dz\\\/index.php\\\/2022\\\/03\\\/02\\\/afin-de-satisfaire-les-revendications-des-boulangers-exoneration-de-tva-sur-lelectricite-et-allegements-fiscaux\\\/\"},\"wordCount\":539,\"commentCount\":0,\"publisher\":{\"@id\":\"https:\\\/\\\/lasentinelle.dz\\\/#organization\"},\"image\":{\"@id\":\"https:\\\/\\\/lasentinelle.dz\\\/index.php\\\/2022\\\/03\\\/02\\\/afin-de-satisfaire-les-revendications-des-boulangers-exoneration-de-tva-sur-lelectricite-et-allegements-fiscaux\\\/#primaryimage\"},\"thumbnailUrl\":\"https:\\\/\\\/lasentinelle.dz\\\/wp-content\\\/uploads\\\/2022\\\/03\\\/pain-1.png\",\"articleSection\":[\"\u00c9conomie\"],\"inLanguage\":\"fr-FR\",\"potentialAction\":[{\"@type\":\"CommentAction\",\"name\":\"Comment\",\"target\":[\"https:\\\/\\\/lasentinelle.dz\\\/index.php\\\/2022\\\/03\\\/02\\\/afin-de-satisfaire-les-revendications-des-boulangers-exoneration-de-tva-sur-lelectricite-et-allegements-fiscaux\\\/#respond\"]}]},{\"@type\":\"WebPage\",\"@id\":\"https:\\\/\\\/lasentinelle.dz\\\/index.php\\\/2022\\\/03\\\/02\\\/afin-de-satisfaire-les-revendications-des-boulangers-exoneration-de-tva-sur-lelectricite-et-allegements-fiscaux\\\/\",\"url\":\"https:\\\/\\\/lasentinelle.dz\\\/index.php\\\/2022\\\/03\\\/02\\\/afin-de-satisfaire-les-revendications-des-boulangers-exoneration-de-tva-sur-lelectricite-et-allegements-fiscaux\\\/\",\"name\":\"Afin de satisfaire les revendications des boulangers\u00a0: Exon\u00e9ration de TVA sur l\u2019\u00e9lectricit\u00e9 et all\u00e8gements fiscaux - La Sentinelle\",\"isPartOf\":{\"@id\":\"https:\\\/\\\/lasentinelle.dz\\\/#website\"},\"primaryImageOfPage\":{\"@id\":\"https:\\\/\\\/lasentinelle.dz\\\/index.php\\\/2022\\\/03\\\/02\\\/afin-de-satisfaire-les-revendications-des-boulangers-exoneration-de-tva-sur-lelectricite-et-allegements-fiscaux\\\/#primaryimage\"},\"image\":{\"@id\":\"https:\\\/\\\/lasentinelle.dz\\\/index.php\\\/2022\\\/03\\\/02\\\/afin-de-satisfaire-les-revendications-des-boulangers-exoneration-de-tva-sur-lelectricite-et-allegements-fiscaux\\\/#primaryimage\"},\"thumbnailUrl\":\"https:\\\/\\\/lasentinelle.dz\\\/wp-content\\\/uploads\\\/2022\\\/03\\\/pain-1.png\",\"datePublished\":\"2022-03-01T23:01:00+00:00\",\"breadcrumb\":{\"@id\":\"https:\\\/\\\/lasentinelle.dz\\\/index.php\\\/2022\\\/03\\\/02\\\/afin-de-satisfaire-les-revendications-des-boulangers-exoneration-de-tva-sur-lelectricite-et-allegements-fiscaux\\\/#breadcrumb\"},\"inLanguage\":\"fr-FR\",\"potentialAction\":[{\"@type\":\"ReadAction\",\"target\":[\"https:\\\/\\\/lasentinelle.dz\\\/index.php\\\/2022\\\/03\\\/02\\\/afin-de-satisfaire-les-revendications-des-boulangers-exoneration-de-tva-sur-lelectricite-et-allegements-fiscaux\\\/\"]}]},{\"@type\":\"ImageObject\",\"inLanguage\":\"fr-FR\",\"@id\":\"https:\\\/\\\/lasentinelle.dz\\\/index.php\\\/2022\\\/03\\\/02\\\/afin-de-satisfaire-les-revendications-des-boulangers-exoneration-de-tva-sur-lelectricite-et-allegements-fiscaux\\\/#primaryimage\",\"url\":\"https:\\\/\\\/lasentinelle.dz\\\/wp-content\\\/uploads\\\/2022\\\/03\\\/pain-1.png\",\"contentUrl\":\"https:\\\/\\\/lasentinelle.dz\\\/wp-content\\\/uploads\\\/2022\\\/03\\\/pain-1.png\",\"width\":1491,\"height\":900},{\"@type\":\"BreadcrumbList\",\"@id\":\"https:\\\/\\\/lasentinelle.dz\\\/index.php\\\/2022\\\/03\\\/02\\\/afin-de-satisfaire-les-revendications-des-boulangers-exoneration-de-tva-sur-lelectricite-et-allegements-fiscaux\\\/#breadcrumb\",\"itemListElement\":[{\"@type\":\"ListItem\",\"position\":1,\"name\":\"Accueil\",\"item\":\"https:\\\/\\\/lasentinelle.dz\\\/\"},{\"@type\":\"ListItem\",\"position\":2,\"name\":\"Afin de satisfaire les revendications des boulangers\u00a0: Exon\u00e9ration de TVA sur l\u2019\u00e9lectricit\u00e9 et all\u00e8gements fiscaux\"}]},{\"@type\":\"WebSite\",\"@id\":\"https:\\\/\\\/lasentinelle.dz\\\/#website\",\"url\":\"https:\\\/\\\/lasentinelle.dz\\\/\",\"name\":\"La Sentinelle\",\"description\":\"Quotidien national d&#039;information\",\"publisher\":{\"@id\":\"https:\\\/\\\/lasentinelle.dz\\\/#organization\"},\"potentialAction\":[{\"@type\":\"SearchAction\",\"target\":{\"@type\":\"EntryPoint\",\"urlTemplate\":\"https:\\\/\\\/lasentinelle.dz\\\/?s={search_term_string}\"},\"query-input\":{\"@type\":\"PropertyValueSpecification\",\"valueRequired\":true,\"valueName\":\"search_term_string\"}}],\"inLanguage\":\"fr-FR\"},{\"@type\":\"Organization\",\"@id\":\"https:\\\/\\\/lasentinelle.dz\\\/#organization\",\"name\":\"Quotidien La Sentinelle\",\"url\":\"https:\\\/\\\/lasentinelle.dz\\\/\",\"logo\":{\"@type\":\"ImageObject\",\"inLanguage\":\"fr-FR\",\"@id\":\"https:\\\/\\\/lasentinelle.dz\\\/#\\\/schema\\\/logo\\\/image\\\/\",\"url\":\"https:\\\/\\\/lasentinelle.dz\\\/wp-content\\\/uploads\\\/2021\\\/09\\\/logo-sentinelleSLOGAN-1.png\",\"contentUrl\":\"https:\\\/\\\/lasentinelle.dz\\\/wp-content\\\/uploads\\\/2021\\\/09\\\/logo-sentinelleSLOGAN-1.png\",\"width\":615,\"height\":142,\"caption\":\"Quotidien La Sentinelle\"},\"image\":{\"@id\":\"https:\\\/\\\/lasentinelle.dz\\\/#\\\/schema\\\/logo\\\/image\\\/\"},\"sameAs\":[\"https:\\\/\\\/www.facebook.com\\\/La-Sentinelle-104059864394773\"]},{\"@type\":\"Person\",\"@id\":\"https:\\\/\\\/lasentinelle.dz\\\/#\\\/schema\\\/person\\\/d865044e22e70a75174ce8bcad3acfb3\",\"name\":\"La Sentinelle\",\"image\":{\"@type\":\"ImageObject\",\"inLanguage\":\"fr-FR\",\"@id\":\"https:\\\/\\\/secure.gravatar.com\\\/avatar\\\/57de8e5d4b15d43fb361a71fbb36338450fe67865b528a43dd10ef7c51a20392?s=96&d=mm&r=g\",\"url\":\"https:\\\/\\\/secure.gravatar.com\\\/avatar\\\/57de8e5d4b15d43fb361a71fbb36338450fe67865b528a43dd10ef7c51a20392?s=96&d=mm&r=g\",\"contentUrl\":\"https:\\\/\\\/secure.gravatar.com\\\/avatar\\\/57de8e5d4b15d43fb361a71fbb36338450fe67865b528a43dd10ef7c51a20392?s=96&d=mm&r=g\",\"caption\":\"La Sentinelle\"},\"sameAs\":[\"http:\\\/\\\/www.lasentinelle.dz\"],\"url\":\"https:\\\/\\\/lasentinelle.dz\\\/author\\\/redaction\\\/\"}]}<\/script>\n<!-- \/ Yoast SEO plugin. -->","yoast_head_json":{"title":"Afin de satisfaire les revendications des boulangers\u00a0: Exon\u00e9ration de TVA sur l\u2019\u00e9lectricit\u00e9 et all\u00e8gements fiscaux - La Sentinelle","robots":{"index":"index","follow":"follow","max-snippet":"max-snippet:-1","max-image-preview":"max-image-preview:large","max-video-preview":"max-video-preview:-1"},"canonical":"https:\/\/lasentinelle.dz\/index.php\/2022\/03\/02\/afin-de-satisfaire-les-revendications-des-boulangers-exoneration-de-tva-sur-lelectricite-et-allegements-fiscaux\/","og_locale":"fr_FR","og_type":"article","og_title":"Afin de satisfaire les revendications des boulangers\u00a0: Exon\u00e9ration de TVA sur l\u2019\u00e9lectricit\u00e9 et all\u00e8gements fiscaux - La Sentinelle","og_description":"Dans un communiqu\u00e9 rendu public hier,&nbsp;le minist\u00e8re du Commerce et de la Promotion&nbsp;a annonc\u00e9 plusieurs mesures&nbsp;&nbsp;afin de r\u00e9duire&nbsp;les co\u00fbts&nbsp;de l\u2019\u00e9nergie&nbsp;au","og_url":"https:\/\/lasentinelle.dz\/index.php\/2022\/03\/02\/afin-de-satisfaire-les-revendications-des-boulangers-exoneration-de-tva-sur-lelectricite-et-allegements-fiscaux\/","og_site_name":"La Sentinelle","article_publisher":"https:\/\/www.facebook.com\/La-Sentinelle-104059864394773","article_published_time":"2022-03-01T23:01:00+00:00","og_image":[{"width":1491,"height":900,"url":"https:\/\/lasentinelle.dz\/wp-content\/uploads\/2022\/03\/pain-1.png","type":"image\/png"}],"author":"La Sentinelle","twitter_card":"summary_large_image","twitter_misc":{"\u00c9crit par":"La Sentinelle","Dur\u00e9e de lecture estim\u00e9e":"3 minutes"},"schema":{"@context":"https:\/\/schema.org","@graph":[{"@type":"Article","@id":"https:\/\/lasentinelle.dz\/index.php\/2022\/03\/02\/afin-de-satisfaire-les-revendications-des-boulangers-exoneration-de-tva-sur-lelectricite-et-allegements-fiscaux\/#article","isPartOf":{"@id":"https:\/\/lasentinelle.dz\/index.php\/2022\/03\/02\/afin-de-satisfaire-les-revendications-des-boulangers-exoneration-de-tva-sur-lelectricite-et-allegements-fiscaux\/"},"author":{"name":"La Sentinelle","@id":"https:\/\/lasentinelle.dz\/#\/schema\/person\/d865044e22e70a75174ce8bcad3acfb3"},"headline":"Afin de satisfaire les revendications des boulangers\u00a0: Exon\u00e9ration de TVA sur l\u2019\u00e9lectricit\u00e9 et all\u00e8gements fiscaux","datePublished":"2022-03-01T23:01:00+00:00","mainEntityOfPage":{"@id":"https:\/\/lasentinelle.dz\/index.php\/2022\/03\/02\/afin-de-satisfaire-les-revendications-des-boulangers-exoneration-de-tva-sur-lelectricite-et-allegements-fiscaux\/"},"wordCount":539,"commentCount":0,"publisher":{"@id":"https:\/\/lasentinelle.dz\/#organization"},"image":{"@id":"https:\/\/lasentinelle.dz\/index.php\/2022\/03\/02\/afin-de-satisfaire-les-revendications-des-boulangers-exoneration-de-tva-sur-lelectricite-et-allegements-fiscaux\/#primaryimage"},"thumbnailUrl":"https:\/\/lasentinelle.dz\/wp-content\/uploads\/2022\/03\/pain-1.png","articleSection":["\u00c9conomie"],"inLanguage":"fr-FR","potentialAction":[{"@type":"CommentAction","name":"Comment","target":["https:\/\/lasentinelle.dz\/index.php\/2022\/03\/02\/afin-de-satisfaire-les-revendications-des-boulangers-exoneration-de-tva-sur-lelectricite-et-allegements-fiscaux\/#respond"]}]},{"@type":"WebPage","@id":"https:\/\/lasentinelle.dz\/index.php\/2022\/03\/02\/afin-de-satisfaire-les-revendications-des-boulangers-exoneration-de-tva-sur-lelectricite-et-allegements-fiscaux\/","url":"https:\/\/lasentinelle.dz\/index.php\/2022\/03\/02\/afin-de-satisfaire-les-revendications-des-boulangers-exoneration-de-tva-sur-lelectricite-et-allegements-fiscaux\/","name":"Afin de satisfaire les revendications des boulangers\u00a0: Exon\u00e9ration de TVA sur l\u2019\u00e9lectricit\u00e9 et all\u00e8gements fiscaux - La Sentinelle","isPartOf":{"@id":"https:\/\/lasentinelle.dz\/#website"},"primaryImageOfPage":{"@id":"https:\/\/lasentinelle.dz\/index.php\/2022\/03\/02\/afin-de-satisfaire-les-revendications-des-boulangers-exoneration-de-tva-sur-lelectricite-et-allegements-fiscaux\/#primaryimage"},"image":{"@id":"https:\/\/lasentinelle.dz\/index.php\/2022\/03\/02\/afin-de-satisfaire-les-revendications-des-boulangers-exoneration-de-tva-sur-lelectricite-et-allegements-fiscaux\/#primaryimage"},"thumbnailUrl":"https:\/\/lasentinelle.dz\/wp-content\/uploads\/2022\/03\/pain-1.png","datePublished":"2022-03-01T23:01:00+00:00","breadcrumb":{"@id":"https:\/\/lasentinelle.dz\/index.php\/2022\/03\/02\/afin-de-satisfaire-les-revendications-des-boulangers-exoneration-de-tva-sur-lelectricite-et-allegements-fiscaux\/#breadcrumb"},"inLanguage":"fr-FR","potentialAction":[{"@type":"ReadAction","target":["https:\/\/lasentinelle.dz\/index.php\/2022\/03\/02\/afin-de-satisfaire-les-revendications-des-boulangers-exoneration-de-tva-sur-lelectricite-et-allegements-fiscaux\/"]}]},{"@type":"ImageObject","inLanguage":"fr-FR","@id":"https:\/\/lasentinelle.dz\/index.php\/2022\/03\/02\/afin-de-satisfaire-les-revendications-des-boulangers-exoneration-de-tva-sur-lelectricite-et-allegements-fiscaux\/#primaryimage","url":"https:\/\/lasentinelle.dz\/wp-content\/uploads\/2022\/03\/pain-1.png","contentUrl":"https:\/\/lasentinelle.dz\/wp-content\/uploads\/2022\/03\/pain-1.png","width":1491,"height":900},{"@type":"BreadcrumbList","@id":"https:\/\/lasentinelle.dz\/index.php\/2022\/03\/02\/afin-de-satisfaire-les-revendications-des-boulangers-exoneration-de-tva-sur-lelectricite-et-allegements-fiscaux\/#breadcrumb","itemListElement":[{"@type":"ListItem","position":1,"name":"Accueil","item":"https:\/\/lasentinelle.dz\/"},{"@type":"ListItem","position":2,"name":"Afin de satisfaire les revendications des boulangers\u00a0: Exon\u00e9ration de TVA sur l\u2019\u00e9lectricit\u00e9 et all\u00e8gements fiscaux"}]},{"@type":"WebSite","@id":"https:\/\/lasentinelle.dz\/#website","url":"https:\/\/lasentinelle.dz\/","name":"La Sentinelle","description":"Quotidien national d&#039;information","publisher":{"@id":"https:\/\/lasentinelle.dz\/#organization"},"potentialAction":[{"@type":"SearchAction","target":{"@type":"EntryPoint","urlTemplate":"https:\/\/lasentinelle.dz\/?s={search_term_string}"},"query-input":{"@type":"PropertyValueSpecification","valueRequired":true,"valueName":"search_term_string"}}],"inLanguage":"fr-FR"},{"@type":"Organization","@id":"https:\/\/lasentinelle.dz\/#organization","name":"Quotidien La Sentinelle","url":"https:\/\/lasentinelle.dz\/","logo":{"@type":"ImageObject","inLanguage":"fr-FR","@id":"https:\/\/lasentinelle.dz\/#\/schema\/logo\/image\/","url":"https:\/\/lasentinelle.dz\/wp-content\/uploads\/2021\/09\/logo-sentinelleSLOGAN-1.png","contentUrl":"https:\/\/lasentinelle.dz\/wp-content\/uploads\/2021\/09\/logo-sentinelleSLOGAN-1.png","width":615,"height":142,"caption":"Quotidien La Sentinelle"},"image":{"@id":"https:\/\/lasentinelle.dz\/#\/schema\/logo\/image\/"},"sameAs":["https:\/\/www.facebook.com\/La-Sentinelle-104059864394773"]},{"@type":"Person","@id":"https:\/\/lasentinelle.dz\/#\/schema\/person\/d865044e22e70a75174ce8bcad3acfb3","name":"La Sentinelle","image":{"@type":"ImageObject","inLanguage":"fr-FR","@id":"https:\/\/secure.gravatar.com\/avatar\/57de8e5d4b15d43fb361a71fbb36338450fe67865b528a43dd10ef7c51a20392?s=96&d=mm&r=g","url":"https:\/\/secure.gravatar.com\/avatar\/57de8e5d4b15d43fb361a71fbb36338450fe67865b528a43dd10ef7c51a20392?s=96&d=mm&r=g","contentUrl":"https:\/\/secure.gravatar.com\/avatar\/57de8e5d4b15d43fb361a71fbb36338450fe67865b528a43dd10ef7c51a20392?s=96&d=mm&r=g","caption":"La Sentinelle"},"sameAs":["http:\/\/www.lasentinelle.dz"],"url":"https:\/\/lasentinelle.dz\/author\/redaction\/"}]}},"_links":{"self":[{"href":"https:\/\/lasentinelle.dz\/index.php\/wp-json\/wp\/v2\/posts\/17766","targetHints":{"allow":["GET"]}}],"collection":[{"href":"https:\/\/lasentinelle.dz\/index.php\/wp-json\/wp\/v2\/posts"}],"about":[{"href":"https:\/\/lasentinelle.dz\/index.php\/wp-json\/wp\/v2\/types\/post"}],"author":[{"embeddable":true,"href":"https:\/\/lasentinelle.dz\/index.php\/wp-json\/wp\/v2\/users\/3"}],"replies":[{"embeddable":true,"href":"https:\/\/lasentinelle.dz\/index.php\/wp-json\/wp\/v2\/comments?post=17766"}],"version-history":[{"count":1,"href":"https:\/\/lasentinelle.dz\/index.php\/wp-json\/wp\/v2\/posts\/17766\/revisions"}],"predecessor-version":[{"id":17779,"href":"https:\/\/lasentinelle.dz\/index.php\/wp-json\/wp\/v2\/posts\/17766\/revisions\/17779"}],"wp:featuredmedia":[{"embeddable":true,"href":"https:\/\/lasentinelle.dz\/index.php\/wp-json\/wp\/v2\/media\/17778"}],"wp:attachment":[{"href":"https:\/\/lasentinelle.dz\/index.php\/wp-json\/wp\/v2\/media?parent=17766"}],"wp:term":[{"taxonomy":"category","embeddable":true,"href":"https:\/\/lasentinelle.dz\/index.php\/wp-json\/wp\/v2\/categories?post=17766"},{"taxonomy":"post_tag","embeddable":true,"href":"https:\/\/lasentinelle.dz\/index.php\/wp-json\/wp\/v2\/tags?post=17766"}],"curies":[{"name":"wp","href":"https:\/\/api.w.org\/{rel}","templated":true}]}}