{"id":17768,"date":"2022-03-02T00:01:00","date_gmt":"2022-03-01T23:01:00","guid":{"rendered":"https:\/\/lasentinelle.dz\/?p=17768"},"modified":"2022-03-01T19:02:57","modified_gmt":"2022-03-01T18:02:57","slug":"micro-entreprises-prolongation-des-delais-de-reechelonnement-des-prets","status":"publish","type":"post","link":"https:\/\/lasentinelle.dz\/index.php\/2022\/03\/02\/micro-entreprises-prolongation-des-delais-de-reechelonnement-des-prets\/","title":{"rendered":"Micro-entreprises\u00a0: Prolongation des d\u00e9lais de r\u00e9\u00e9chelonnement des pr\u00eats"},"content":{"rendered":"\n<p>Les d\u00e9lais de r\u00e9\u00e9chelonnement des pr\u00eats accord\u00e9s par la Caisse nationale d&rsquo;assurance ch\u00f4mage (CNAC) aux micro-entreprises en difficult\u00e9 financi\u00e8re durant la p\u00e9riode de pand\u00e9mie du coronavirus (Covid-19) ont \u00e9t\u00e9 prolong\u00e9s jusqu&rsquo;au 31 mars en cours, a indiqu\u00e9&nbsp;hier&nbsp;un communiqu\u00e9 de ce dispositif.&nbsp;La CNAC informe l&rsquo;ensemble des micro-entreprises en difficult\u00e9 financi\u00e8re en raison de la pand\u00e9mie du coronavirus (Covid-19), notamment durant la p\u00e9riode allant de mars 2020 \u00e0 mars 2021 que \u00ab\u00a0les d\u00e9lais de r\u00e9\u00e9chelonnement des pr\u00eats non r\u00e9mun\u00e9r\u00e9s accord\u00e9s par la Caisse jusqu&rsquo;au 31 mars 2022 seront prolong\u00e9s\u00a0\u00bb, pr\u00e9cise-t-on de m\u00eame source.&nbsp;Pour b\u00e9n\u00e9ficier de cette mesure, \u00ab\u00a0les micro-entreprises concern\u00e9es doivent avoir assaini leur situation concernant le remboursement du cr\u00e9dit non r\u00e9mun\u00e9r\u00e9 jusqu&rsquo;au 28 f\u00e9vrier 2020\u00a0\u00bb, selon le communiqu\u00e9.&nbsp;Les b\u00e9n\u00e9ficiaires doivent \u00ab\u00a0se rapprocher des agences de wilayas relevant de la caisse pour d\u00e9poser leurs demandes en vue de b\u00e9n\u00e9ficier de cette mesure\u00a0\u00bb, a soulign\u00e9 la m\u00eame source, rappelant que ces derniers peuvent consulter le site de la caisse www.cnac.dz et les r\u00e9seaux sociaux pour de plus amples informations.<\/p>\n\n\n\n<p>APS<\/p>\n","protected":false},"excerpt":{"rendered":"<p>Les d\u00e9lais de r\u00e9\u00e9chelonnement des pr\u00eats accord\u00e9s par la Caisse nationale d&rsquo;assurance ch\u00f4mage (CNAC) aux micro-entreprises en difficult\u00e9 financi\u00e8re durant<\/p>\n","protected":false},"author":3,"featured_media":17780,"comment_status":"open","ping_status":"closed","sticky":false,"template":"","format":"standard","meta":{"colormag_page_container_layout":"default_layout","colormag_page_sidebar_layout":"default_layout","om_disable_all_campaigns":false,"_monsterinsights_skip_tracking":false,"_monsterinsights_sitenote_active":false,"_monsterinsights_sitenote_note":"","_monsterinsights_sitenote_category":0,"footnotes":"","_wpscppro_dont_share_socialmedia":false,"_wpscppro_custom_social_share_image":0,"_facebook_share_type":"","_twitter_share_type":"","_linkedin_share_type":"","_pinterest_share_type":"","_linkedin_share_type_page":"","_instagram_share_type":"","_medium_share_type":"","_threads_share_type":"","_google_business_share_type":"","_selected_social_profile":[],"_wpsp_enable_custom_social_template":false,"_wpsp_social_scheduling":{"enabled":false,"datetime":null,"platforms":[],"status":"template_only","dateOption":"today","timeOption":"now","customDays":"","customHours":"","customDate":"","customTime":"","schedulingType":"absolute"},"_wpsp_active_default_template":true},"categories":[29],"tags":[],"class_list":["post-17768","post","type-post","status-publish","format-standard","has-post-thumbnail","hentry","category-economie"],"aioseo_notices":[],"yoast_head":"<!-- This site is optimized with the Yoast SEO plugin v27.5 - https:\/\/yoast.com\/product\/yoast-seo-wordpress\/ -->\n<title>Micro-entreprises\u00a0: Prolongation des d\u00e9lais de r\u00e9\u00e9chelonnement des pr\u00eats - La Sentinelle<\/title>\n<meta name=\"robots\" content=\"index, follow, max-snippet:-1, max-image-preview:large, max-video-preview:-1\" \/>\n<link rel=\"canonical\" href=\"https:\/\/lasentinelle.dz\/index.php\/2022\/03\/02\/micro-entreprises-prolongation-des-delais-de-reechelonnement-des-prets\/\" \/>\n<meta property=\"og:locale\" content=\"fr_FR\" \/>\n<meta property=\"og:type\" content=\"article\" \/>\n<meta property=\"og:title\" content=\"Micro-entreprises\u00a0: Prolongation des d\u00e9lais de r\u00e9\u00e9chelonnement des pr\u00eats - La Sentinelle\" \/>\n<meta property=\"og:description\" content=\"Les d\u00e9lais de r\u00e9\u00e9chelonnement des pr\u00eats accord\u00e9s par la Caisse nationale d&rsquo;assurance ch\u00f4mage (CNAC) aux micro-entreprises en difficult\u00e9 financi\u00e8re durant\" \/>\n<meta property=\"og:url\" content=\"https:\/\/lasentinelle.dz\/index.php\/2022\/03\/02\/micro-entreprises-prolongation-des-delais-de-reechelonnement-des-prets\/\" \/>\n<meta property=\"og:site_name\" content=\"La Sentinelle\" \/>\n<meta property=\"article:publisher\" content=\"https:\/\/www.facebook.com\/La-Sentinelle-104059864394773\" \/>\n<meta property=\"article:published_time\" content=\"2022-03-01T23:01:00+00:00\" \/>\n<meta property=\"og:image\" content=\"https:\/\/lasentinelle.dz\/wp-content\/uploads\/2022\/03\/entreprises-ansej-et-cnac.png\" \/>\n\t<meta property=\"og:image:width\" content=\"1594\" \/>\n\t<meta property=\"og:image:height\" content=\"900\" \/>\n\t<meta property=\"og:image:type\" content=\"image\/png\" \/>\n<meta name=\"author\" content=\"La Sentinelle\" \/>\n<meta name=\"twitter:card\" content=\"summary_large_image\" \/>\n<meta name=\"twitter:label1\" content=\"\u00c9crit par\" \/>\n\t<meta name=\"twitter:data1\" content=\"La Sentinelle\" \/>\n\t<meta name=\"twitter:label2\" content=\"Dur\u00e9e de lecture estim\u00e9e\" \/>\n\t<meta name=\"twitter:data2\" content=\"1 minute\" \/>\n<script type=\"application\/ld+json\" class=\"yoast-schema-graph\">{\"@context\":\"https:\\\/\\\/schema.org\",\"@graph\":[{\"@type\":\"Article\",\"@id\":\"https:\\\/\\\/lasentinelle.dz\\\/index.php\\\/2022\\\/03\\\/02\\\/micro-entreprises-prolongation-des-delais-de-reechelonnement-des-prets\\\/#article\",\"isPartOf\":{\"@id\":\"https:\\\/\\\/lasentinelle.dz\\\/index.php\\\/2022\\\/03\\\/02\\\/micro-entreprises-prolongation-des-delais-de-reechelonnement-des-prets\\\/\"},\"author\":{\"name\":\"La Sentinelle\",\"@id\":\"https:\\\/\\\/lasentinelle.dz\\\/#\\\/schema\\\/person\\\/d865044e22e70a75174ce8bcad3acfb3\"},\"headline\":\"Micro-entreprises\u00a0: Prolongation des d\u00e9lais de r\u00e9\u00e9chelonnement des pr\u00eats\",\"datePublished\":\"2022-03-01T23:01:00+00:00\",\"mainEntityOfPage\":{\"@id\":\"https:\\\/\\\/lasentinelle.dz\\\/index.php\\\/2022\\\/03\\\/02\\\/micro-entreprises-prolongation-des-delais-de-reechelonnement-des-prets\\\/\"},\"wordCount\":223,\"commentCount\":0,\"publisher\":{\"@id\":\"https:\\\/\\\/lasentinelle.dz\\\/#organization\"},\"image\":{\"@id\":\"https:\\\/\\\/lasentinelle.dz\\\/index.php\\\/2022\\\/03\\\/02\\\/micro-entreprises-prolongation-des-delais-de-reechelonnement-des-prets\\\/#primaryimage\"},\"thumbnailUrl\":\"https:\\\/\\\/lasentinelle.dz\\\/wp-content\\\/uploads\\\/2022\\\/03\\\/entreprises-ansej-et-cnac.png\",\"articleSection\":[\"\u00c9conomie\"],\"inLanguage\":\"fr-FR\",\"potentialAction\":[{\"@type\":\"CommentAction\",\"name\":\"Comment\",\"target\":[\"https:\\\/\\\/lasentinelle.dz\\\/index.php\\\/2022\\\/03\\\/02\\\/micro-entreprises-prolongation-des-delais-de-reechelonnement-des-prets\\\/#respond\"]}]},{\"@type\":\"WebPage\",\"@id\":\"https:\\\/\\\/lasentinelle.dz\\\/index.php\\\/2022\\\/03\\\/02\\\/micro-entreprises-prolongation-des-delais-de-reechelonnement-des-prets\\\/\",\"url\":\"https:\\\/\\\/lasentinelle.dz\\\/index.php\\\/2022\\\/03\\\/02\\\/micro-entreprises-prolongation-des-delais-de-reechelonnement-des-prets\\\/\",\"name\":\"Micro-entreprises\u00a0: Prolongation des d\u00e9lais de r\u00e9\u00e9chelonnement des pr\u00eats - La Sentinelle\",\"isPartOf\":{\"@id\":\"https:\\\/\\\/lasentinelle.dz\\\/#website\"},\"primaryImageOfPage\":{\"@id\":\"https:\\\/\\\/lasentinelle.dz\\\/index.php\\\/2022\\\/03\\\/02\\\/micro-entreprises-prolongation-des-delais-de-reechelonnement-des-prets\\\/#primaryimage\"},\"image\":{\"@id\":\"https:\\\/\\\/lasentinelle.dz\\\/index.php\\\/2022\\\/03\\\/02\\\/micro-entreprises-prolongation-des-delais-de-reechelonnement-des-prets\\\/#primaryimage\"},\"thumbnailUrl\":\"https:\\\/\\\/lasentinelle.dz\\\/wp-content\\\/uploads\\\/2022\\\/03\\\/entreprises-ansej-et-cnac.png\",\"datePublished\":\"2022-03-01T23:01:00+00:00\",\"breadcrumb\":{\"@id\":\"https:\\\/\\\/lasentinelle.dz\\\/index.php\\\/2022\\\/03\\\/02\\\/micro-entreprises-prolongation-des-delais-de-reechelonnement-des-prets\\\/#breadcrumb\"},\"inLanguage\":\"fr-FR\",\"potentialAction\":[{\"@type\":\"ReadAction\",\"target\":[\"https:\\\/\\\/lasentinelle.dz\\\/index.php\\\/2022\\\/03\\\/02\\\/micro-entreprises-prolongation-des-delais-de-reechelonnement-des-prets\\\/\"]}]},{\"@type\":\"ImageObject\",\"inLanguage\":\"fr-FR\",\"@id\":\"https:\\\/\\\/lasentinelle.dz\\\/index.php\\\/2022\\\/03\\\/02\\\/micro-entreprises-prolongation-des-delais-de-reechelonnement-des-prets\\\/#primaryimage\",\"url\":\"https:\\\/\\\/lasentinelle.dz\\\/wp-content\\\/uploads\\\/2022\\\/03\\\/entreprises-ansej-et-cnac.png\",\"contentUrl\":\"https:\\\/\\\/lasentinelle.dz\\\/wp-content\\\/uploads\\\/2022\\\/03\\\/entreprises-ansej-et-cnac.png\",\"width\":1594,\"height\":900},{\"@type\":\"BreadcrumbList\",\"@id\":\"https:\\\/\\\/lasentinelle.dz\\\/index.php\\\/2022\\\/03\\\/02\\\/micro-entreprises-prolongation-des-delais-de-reechelonnement-des-prets\\\/#breadcrumb\",\"itemListElement\":[{\"@type\":\"ListItem\",\"position\":1,\"name\":\"Accueil\",\"item\":\"https:\\\/\\\/lasentinelle.dz\\\/\"},{\"@type\":\"ListItem\",\"position\":2,\"name\":\"Micro-entreprises\u00a0: Prolongation des d\u00e9lais de r\u00e9\u00e9chelonnement des pr\u00eats\"}]},{\"@type\":\"WebSite\",\"@id\":\"https:\\\/\\\/lasentinelle.dz\\\/#website\",\"url\":\"https:\\\/\\\/lasentinelle.dz\\\/\",\"name\":\"La Sentinelle\",\"description\":\"Quotidien national d&#039;information\",\"publisher\":{\"@id\":\"https:\\\/\\\/lasentinelle.dz\\\/#organization\"},\"potentialAction\":[{\"@type\":\"SearchAction\",\"target\":{\"@type\":\"EntryPoint\",\"urlTemplate\":\"https:\\\/\\\/lasentinelle.dz\\\/?s={search_term_string}\"},\"query-input\":{\"@type\":\"PropertyValueSpecification\",\"valueRequired\":true,\"valueName\":\"search_term_string\"}}],\"inLanguage\":\"fr-FR\"},{\"@type\":\"Organization\",\"@id\":\"https:\\\/\\\/lasentinelle.dz\\\/#organization\",\"name\":\"Quotidien La Sentinelle\",\"url\":\"https:\\\/\\\/lasentinelle.dz\\\/\",\"logo\":{\"@type\":\"ImageObject\",\"inLanguage\":\"fr-FR\",\"@id\":\"https:\\\/\\\/lasentinelle.dz\\\/#\\\/schema\\\/logo\\\/image\\\/\",\"url\":\"https:\\\/\\\/lasentinelle.dz\\\/wp-content\\\/uploads\\\/2021\\\/09\\\/logo-sentinelleSLOGAN-1.png\",\"contentUrl\":\"https:\\\/\\\/lasentinelle.dz\\\/wp-content\\\/uploads\\\/2021\\\/09\\\/logo-sentinelleSLOGAN-1.png\",\"width\":615,\"height\":142,\"caption\":\"Quotidien La Sentinelle\"},\"image\":{\"@id\":\"https:\\\/\\\/lasentinelle.dz\\\/#\\\/schema\\\/logo\\\/image\\\/\"},\"sameAs\":[\"https:\\\/\\\/www.facebook.com\\\/La-Sentinelle-104059864394773\"]},{\"@type\":\"Person\",\"@id\":\"https:\\\/\\\/lasentinelle.dz\\\/#\\\/schema\\\/person\\\/d865044e22e70a75174ce8bcad3acfb3\",\"name\":\"La Sentinelle\",\"image\":{\"@type\":\"ImageObject\",\"inLanguage\":\"fr-FR\",\"@id\":\"https:\\\/\\\/secure.gravatar.com\\\/avatar\\\/57de8e5d4b15d43fb361a71fbb36338450fe67865b528a43dd10ef7c51a20392?s=96&d=mm&r=g\",\"url\":\"https:\\\/\\\/secure.gravatar.com\\\/avatar\\\/57de8e5d4b15d43fb361a71fbb36338450fe67865b528a43dd10ef7c51a20392?s=96&d=mm&r=g\",\"contentUrl\":\"https:\\\/\\\/secure.gravatar.com\\\/avatar\\\/57de8e5d4b15d43fb361a71fbb36338450fe67865b528a43dd10ef7c51a20392?s=96&d=mm&r=g\",\"caption\":\"La Sentinelle\"},\"sameAs\":[\"http:\\\/\\\/www.lasentinelle.dz\"],\"url\":\"https:\\\/\\\/lasentinelle.dz\\\/author\\\/redaction\\\/\"}]}<\/script>\n<!-- \/ Yoast SEO plugin. -->","yoast_head_json":{"title":"Micro-entreprises\u00a0: Prolongation des d\u00e9lais de r\u00e9\u00e9chelonnement des pr\u00eats - La Sentinelle","robots":{"index":"index","follow":"follow","max-snippet":"max-snippet:-1","max-image-preview":"max-image-preview:large","max-video-preview":"max-video-preview:-1"},"canonical":"https:\/\/lasentinelle.dz\/index.php\/2022\/03\/02\/micro-entreprises-prolongation-des-delais-de-reechelonnement-des-prets\/","og_locale":"fr_FR","og_type":"article","og_title":"Micro-entreprises\u00a0: Prolongation des d\u00e9lais de r\u00e9\u00e9chelonnement des pr\u00eats - La Sentinelle","og_description":"Les d\u00e9lais de r\u00e9\u00e9chelonnement des pr\u00eats accord\u00e9s par la Caisse nationale d&rsquo;assurance ch\u00f4mage (CNAC) aux micro-entreprises en difficult\u00e9 financi\u00e8re durant","og_url":"https:\/\/lasentinelle.dz\/index.php\/2022\/03\/02\/micro-entreprises-prolongation-des-delais-de-reechelonnement-des-prets\/","og_site_name":"La Sentinelle","article_publisher":"https:\/\/www.facebook.com\/La-Sentinelle-104059864394773","article_published_time":"2022-03-01T23:01:00+00:00","og_image":[{"width":1594,"height":900,"url":"https:\/\/lasentinelle.dz\/wp-content\/uploads\/2022\/03\/entreprises-ansej-et-cnac.png","type":"image\/png"}],"author":"La Sentinelle","twitter_card":"summary_large_image","twitter_misc":{"\u00c9crit par":"La Sentinelle","Dur\u00e9e de lecture estim\u00e9e":"1 minute"},"schema":{"@context":"https:\/\/schema.org","@graph":[{"@type":"Article","@id":"https:\/\/lasentinelle.dz\/index.php\/2022\/03\/02\/micro-entreprises-prolongation-des-delais-de-reechelonnement-des-prets\/#article","isPartOf":{"@id":"https:\/\/lasentinelle.dz\/index.php\/2022\/03\/02\/micro-entreprises-prolongation-des-delais-de-reechelonnement-des-prets\/"},"author":{"name":"La Sentinelle","@id":"https:\/\/lasentinelle.dz\/#\/schema\/person\/d865044e22e70a75174ce8bcad3acfb3"},"headline":"Micro-entreprises\u00a0: Prolongation des d\u00e9lais de r\u00e9\u00e9chelonnement des pr\u00eats","datePublished":"2022-03-01T23:01:00+00:00","mainEntityOfPage":{"@id":"https:\/\/lasentinelle.dz\/index.php\/2022\/03\/02\/micro-entreprises-prolongation-des-delais-de-reechelonnement-des-prets\/"},"wordCount":223,"commentCount":0,"publisher":{"@id":"https:\/\/lasentinelle.dz\/#organization"},"image":{"@id":"https:\/\/lasentinelle.dz\/index.php\/2022\/03\/02\/micro-entreprises-prolongation-des-delais-de-reechelonnement-des-prets\/#primaryimage"},"thumbnailUrl":"https:\/\/lasentinelle.dz\/wp-content\/uploads\/2022\/03\/entreprises-ansej-et-cnac.png","articleSection":["\u00c9conomie"],"inLanguage":"fr-FR","potentialAction":[{"@type":"CommentAction","name":"Comment","target":["https:\/\/lasentinelle.dz\/index.php\/2022\/03\/02\/micro-entreprises-prolongation-des-delais-de-reechelonnement-des-prets\/#respond"]}]},{"@type":"WebPage","@id":"https:\/\/lasentinelle.dz\/index.php\/2022\/03\/02\/micro-entreprises-prolongation-des-delais-de-reechelonnement-des-prets\/","url":"https:\/\/lasentinelle.dz\/index.php\/2022\/03\/02\/micro-entreprises-prolongation-des-delais-de-reechelonnement-des-prets\/","name":"Micro-entreprises\u00a0: Prolongation des d\u00e9lais de r\u00e9\u00e9chelonnement des pr\u00eats - La Sentinelle","isPartOf":{"@id":"https:\/\/lasentinelle.dz\/#website"},"primaryImageOfPage":{"@id":"https:\/\/lasentinelle.dz\/index.php\/2022\/03\/02\/micro-entreprises-prolongation-des-delais-de-reechelonnement-des-prets\/#primaryimage"},"image":{"@id":"https:\/\/lasentinelle.dz\/index.php\/2022\/03\/02\/micro-entreprises-prolongation-des-delais-de-reechelonnement-des-prets\/#primaryimage"},"thumbnailUrl":"https:\/\/lasentinelle.dz\/wp-content\/uploads\/2022\/03\/entreprises-ansej-et-cnac.png","datePublished":"2022-03-01T23:01:00+00:00","breadcrumb":{"@id":"https:\/\/lasentinelle.dz\/index.php\/2022\/03\/02\/micro-entreprises-prolongation-des-delais-de-reechelonnement-des-prets\/#breadcrumb"},"inLanguage":"fr-FR","potentialAction":[{"@type":"ReadAction","target":["https:\/\/lasentinelle.dz\/index.php\/2022\/03\/02\/micro-entreprises-prolongation-des-delais-de-reechelonnement-des-prets\/"]}]},{"@type":"ImageObject","inLanguage":"fr-FR","@id":"https:\/\/lasentinelle.dz\/index.php\/2022\/03\/02\/micro-entreprises-prolongation-des-delais-de-reechelonnement-des-prets\/#primaryimage","url":"https:\/\/lasentinelle.dz\/wp-content\/uploads\/2022\/03\/entreprises-ansej-et-cnac.png","contentUrl":"https:\/\/lasentinelle.dz\/wp-content\/uploads\/2022\/03\/entreprises-ansej-et-cnac.png","width":1594,"height":900},{"@type":"BreadcrumbList","@id":"https:\/\/lasentinelle.dz\/index.php\/2022\/03\/02\/micro-entreprises-prolongation-des-delais-de-reechelonnement-des-prets\/#breadcrumb","itemListElement":[{"@type":"ListItem","position":1,"name":"Accueil","item":"https:\/\/lasentinelle.dz\/"},{"@type":"ListItem","position":2,"name":"Micro-entreprises\u00a0: Prolongation des d\u00e9lais de r\u00e9\u00e9chelonnement des pr\u00eats"}]},{"@type":"WebSite","@id":"https:\/\/lasentinelle.dz\/#website","url":"https:\/\/lasentinelle.dz\/","name":"La Sentinelle","description":"Quotidien national d&#039;information","publisher":{"@id":"https:\/\/lasentinelle.dz\/#organization"},"potentialAction":[{"@type":"SearchAction","target":{"@type":"EntryPoint","urlTemplate":"https:\/\/lasentinelle.dz\/?s={search_term_string}"},"query-input":{"@type":"PropertyValueSpecification","valueRequired":true,"valueName":"search_term_string"}}],"inLanguage":"fr-FR"},{"@type":"Organization","@id":"https:\/\/lasentinelle.dz\/#organization","name":"Quotidien La Sentinelle","url":"https:\/\/lasentinelle.dz\/","logo":{"@type":"ImageObject","inLanguage":"fr-FR","@id":"https:\/\/lasentinelle.dz\/#\/schema\/logo\/image\/","url":"https:\/\/lasentinelle.dz\/wp-content\/uploads\/2021\/09\/logo-sentinelleSLOGAN-1.png","contentUrl":"https:\/\/lasentinelle.dz\/wp-content\/uploads\/2021\/09\/logo-sentinelleSLOGAN-1.png","width":615,"height":142,"caption":"Quotidien La Sentinelle"},"image":{"@id":"https:\/\/lasentinelle.dz\/#\/schema\/logo\/image\/"},"sameAs":["https:\/\/www.facebook.com\/La-Sentinelle-104059864394773"]},{"@type":"Person","@id":"https:\/\/lasentinelle.dz\/#\/schema\/person\/d865044e22e70a75174ce8bcad3acfb3","name":"La Sentinelle","image":{"@type":"ImageObject","inLanguage":"fr-FR","@id":"https:\/\/secure.gravatar.com\/avatar\/57de8e5d4b15d43fb361a71fbb36338450fe67865b528a43dd10ef7c51a20392?s=96&d=mm&r=g","url":"https:\/\/secure.gravatar.com\/avatar\/57de8e5d4b15d43fb361a71fbb36338450fe67865b528a43dd10ef7c51a20392?s=96&d=mm&r=g","contentUrl":"https:\/\/secure.gravatar.com\/avatar\/57de8e5d4b15d43fb361a71fbb36338450fe67865b528a43dd10ef7c51a20392?s=96&d=mm&r=g","caption":"La Sentinelle"},"sameAs":["http:\/\/www.lasentinelle.dz"],"url":"https:\/\/lasentinelle.dz\/author\/redaction\/"}]}},"_links":{"self":[{"href":"https:\/\/lasentinelle.dz\/index.php\/wp-json\/wp\/v2\/posts\/17768","targetHints":{"allow":["GET"]}}],"collection":[{"href":"https:\/\/lasentinelle.dz\/index.php\/wp-json\/wp\/v2\/posts"}],"about":[{"href":"https:\/\/lasentinelle.dz\/index.php\/wp-json\/wp\/v2\/types\/post"}],"author":[{"embeddable":true,"href":"https:\/\/lasentinelle.dz\/index.php\/wp-json\/wp\/v2\/users\/3"}],"replies":[{"embeddable":true,"href":"https:\/\/lasentinelle.dz\/index.php\/wp-json\/wp\/v2\/comments?post=17768"}],"version-history":[{"count":1,"href":"https:\/\/lasentinelle.dz\/index.php\/wp-json\/wp\/v2\/posts\/17768\/revisions"}],"predecessor-version":[{"id":17781,"href":"https:\/\/lasentinelle.dz\/index.php\/wp-json\/wp\/v2\/posts\/17768\/revisions\/17781"}],"wp:featuredmedia":[{"embeddable":true,"href":"https:\/\/lasentinelle.dz\/index.php\/wp-json\/wp\/v2\/media\/17780"}],"wp:attachment":[{"href":"https:\/\/lasentinelle.dz\/index.php\/wp-json\/wp\/v2\/media?parent=17768"}],"wp:term":[{"taxonomy":"category","embeddable":true,"href":"https:\/\/lasentinelle.dz\/index.php\/wp-json\/wp\/v2\/categories?post=17768"},{"taxonomy":"post_tag","embeddable":true,"href":"https:\/\/lasentinelle.dz\/index.php\/wp-json\/wp\/v2\/tags?post=17768"}],"curies":[{"name":"wp","href":"https:\/\/api.w.org\/{rel}","templated":true}]}}