{"id":17822,"date":"2022-03-03T00:05:00","date_gmt":"2022-03-02T23:05:00","guid":{"rendered":"https:\/\/lasentinelle.dz\/?p=17822"},"modified":"2022-03-02T19:53:09","modified_gmt":"2022-03-02T18:53:09","slug":"washington-ouvre-un-front-avec-pekin-sur-taiwan-un-pas-de-plus-vers-un-conflit-global","status":"publish","type":"post","link":"https:\/\/lasentinelle.dz\/index.php\/2022\/03\/03\/washington-ouvre-un-front-avec-pekin-sur-taiwan-un-pas-de-plus-vers-un-conflit-global\/","title":{"rendered":"Washington ouvre un front avec P\u00e9kin sur Ta\u00efwan\u00a0:\u00a0Un pas de plus vers un conflit global ?"},"content":{"rendered":"\n<p>Alors que le monde s\u2019enlise dans le conflit russo-ukrainien et que le risque d\u2019une troisi\u00e8me guerre mondiale plane sur la plan\u00e8te, les USA se hasardent \u00e0 allumer une nouvelle m\u00e8che en allant provoquer, dans ses propres contr\u00e9es, la Chine en envoyant en visite \u00e0 l\u2019ile de Taiwan une d\u00e9l\u00e9gation de faucons de la Maison-Blanche. Un nouveau front de tensions est ouvert, ce qui laisse planer de r\u00e9elles craintes quant \u00e0 une globalisation du conflit entre l\u2019Otan et les nouvelles puissances \u00e9mergentes.&nbsp;<\/p>\n\n\n\n<p>Inconscient ou t\u00e9m\u00e9raire, le pr\u00e9sident am\u00e9ricain, Joe Biden, risque d\u2019ouvrir un nouveau front avec l\u2019Empire du milieu. Ce dernier g\u00e9ant ne compte pas se laisser faire. Sa riposte risque d\u2019embraser encore plus le monde. Mais que veulent donc les USA ? La nouvelle alliance militaire, Aukus, conclue le 15 septembre 2021 entre l&rsquo;Australie, les Etats-Unis et le Royaume-Uni suscite d\u00e9j\u00e0 la col\u00e8re de la Chine qui voit en ce trait\u00e9 une intention ferme de la part des USA de l\u2019affronter sur la fa\u00e7ade Indopacifique. D\u2019autant que cette coop\u00e9ration est per\u00e7ue par la Chine comme une d\u00e9marche sapant \u00ab gravement la paix et la stabilit\u00e9 r\u00e9gionale, intensifie la course aux armements et compromet les efforts internationaux de non-prolif\u00e9ration nucl\u00e9aire \u00bb.<\/p>\n\n\n\n<p>Le pacte tripartite connu sous l\u2019acronyme Aukus&nbsp;&nbsp;aura-t-il donn\u00e9 des ailes \u00e0 la Maison Blanche et ses Alli\u00e9s ? Pourtant la raison de la paix dicterait d\u2019\u00e9viter de nouveaux affrontements en ces temps de crise. Autant de questions, dont les r\u00e9ponses risquent d\u2019\u00eatre encore plus co\u00fbteuses \u00e0 l\u2019humanit\u00e9 enti\u00e8re. Et en riposte \u00e0 la visite de mardi effectu\u00e9e \u00e0 Taipei, par une d\u00e9l\u00e9gation US, P\u00e9kin a exhort\u00e9 les Etats-Unis \u00e0 traiter avec prudence les questions li\u00e9es \u00e0 Taiwan afin d&rsquo;\u00e9viter de compromettre davantage la paix et la stabilit\u00e9 \u00e0 travers le d\u00e9troit de Taiwan ainsi que les relations entre la Chine et les Etats-Unis, rapporte l\u2019agence de presse Chine nouvelle \u00ab Xinhua \u00bb. La visite a \u00e9t\u00e9 comment\u00e9e par le porte-parole du minist\u00e8re chinois des Affaires \u00e9trang\u00e8res, Wang Wenbin lors d&rsquo;un point de presse quotidien, en r\u00e9ponse aux r\u00e9centes informations des m\u00e9dias selon lesquelles les Etats-Unis enverront cinq anciens hauts fonctionnaires visiter \u00e0 Taiwan en signe de soutien am\u00e9ricain \u00e0 l&rsquo;\u00eele. Ce dernier responsable a indiqu\u00e9 que \u00ab le peuple chinois \u00e9tait fermement engag\u00e9 \u00e0 sauvegarder sa souverainet\u00e9 nationale et son int\u00e9grit\u00e9 territoriale \u00bb, a estim\u00e9 que \u00ab la d\u00e9monstration par les Etats-Unis d&rsquo;un soi-disant soutien \u00e0 Taiwan est futile, peu importe qui ils envoient. \u00bb Et d\u2019ajouter en r\u00e9ponse \u00e0 la r\u00e9cente d\u00e9cision des Etats-Unis d&rsquo;acc\u00e9l\u00e9rer le passage du destroyer lance-missiles USS Ralph Johnson dans le d\u00e9troit de Taiwan, \u00ab que si les Etats-Unis avaient l&rsquo;intention par une telle mesure de donner du courage aux s\u00e9cessionnistes cherchant \u00e0 obtenir \u00ab\u00a0l&rsquo;ind\u00e9pendance de Taiwan\u00a0\u00bb, \u00ab\u00a0cela ne fera qu&rsquo;acc\u00e9l\u00e9rer l&rsquo;effondrement des forces ind\u00e9pendantistes de Taiwan, et les Etats-Unis paieront un lourd tribut pour leur comportement risqu\u00e9 \u00bb.<\/p>\n\n\n\n<p>\u00ab Si la partie am\u00e9ricaine tente d&rsquo;intimider ou de faire pression sur la Chine par une telle d\u00e9marche, nous aimerions avertir les Etats-Unis que toute dissuasion militaire est aussi faible que la ferraille face \u00e0 la Grande Muraille d&rsquo;acier constitu\u00e9e par les 1,4 milliard de Chinois \u00bb avait d\u00e9clar\u00e9 Wang Wenbin. Un commentaire qui est loin d\u2019\u00eatre insignifiant en langage diplomatique, lui, et semble m\u00eame emprunt de beaucoup de sous entendus guerriers. Le rappel chinois ressemble plus \u00e0 une menace qu\u2019\u00e0 un avertissement face aux agissements hostiles am\u00e9ricains dont une d\u00e9l\u00e9gation a visit\u00e9, mardi, l\u2019ile de Taiwan. L\u2019information concernant la visite a \u00e9t\u00e9 d\u2019ailleurs confirm\u00e9e par un site taiwanais qui annon\u00e7ait qu\u2019 \u00ab une d\u00e9l\u00e9gation conduite par Mike Mullen, ancien chef d\u2019\u00e9tat-major des arm\u00e9es des Etats-Unis d\u2019Am\u00e9rique, est arriv\u00e9e \u00e0 Taipei le 1er mars pour des discussions au plus haut niveau portant sur les relations ta\u00efwano-am\u00e9ricaines et sur la paix et la s\u00e9curit\u00e9 dans la r\u00e9gion. \u00bb. La d\u00e9l\u00e9gation, envoy\u00e9e par le pr\u00e9sident am\u00e9ricain Joe Biden, comprend Meghan O\u2019Sullivan, ancienne conseill\u00e8re adjointe \u00e0 la s\u00e9curit\u00e9 nationale du pr\u00e9sident George W. Bush, et Michele Flournoy, ancienne secr\u00e9taire adjointe \u00e0 la D\u00e9fense dans l\u2019administration du pr\u00e9sident Barack Obama. Elle compte aussi en son sein Michael Green et Evan Medeiros, deux sp\u00e9cialistes des affaires asiatiques ayant conseill\u00e9 les pr\u00e9sidents Bush et Obama, respectivement, en mati\u00e8re de s\u00e9curit\u00e9 nationale. \u00bb, note-t-on.&nbsp;<\/p>\n\n\n\n<p>Azzedine Belferag&nbsp;<\/p>\n","protected":false},"excerpt":{"rendered":"<p>Alors que le monde s\u2019enlise dans le conflit russo-ukrainien et que le risque d\u2019une troisi\u00e8me guerre mondiale plane sur la<\/p>\n","protected":false},"author":2,"featured_media":17832,"comment_status":"open","ping_status":"closed","sticky":false,"template":"","format":"standard","meta":{"colormag_page_container_layout":"default_layout","colormag_page_sidebar_layout":"default_layout","om_disable_all_campaigns":false,"_monsterinsights_skip_tracking":false,"_monsterinsights_sitenote_active":false,"_monsterinsights_sitenote_note":"","_monsterinsights_sitenote_category":0,"footnotes":"","_wpscppro_dont_share_socialmedia":false,"_wpscppro_custom_social_share_image":0,"_facebook_share_type":"","_twitter_share_type":"","_linkedin_share_type":"","_pinterest_share_type":"","_linkedin_share_type_page":"","_instagram_share_type":"","_medium_share_type":"","_threads_share_type":"","_google_business_share_type":"","_selected_social_profile":[],"_wpsp_enable_custom_social_template":false,"_wpsp_social_scheduling":{"enabled":false,"datetime":null,"platforms":[],"status":"template_only","dateOption":"today","timeOption":"now","customDays":"","customHours":"","customDate":"","customTime":"","schedulingType":"absolute"},"_wpsp_active_default_template":true},"categories":[52,27],"tags":[],"class_list":["post-17822","post","type-post","status-publish","format-standard","has-post-thumbnail","hentry","category-a-la-une","category-actualite"],"aioseo_notices":[],"yoast_head":"<!-- This site is optimized with the Yoast SEO plugin v27.5 - https:\/\/yoast.com\/product\/yoast-seo-wordpress\/ -->\n<title>Washington ouvre un front avec P\u00e9kin sur Ta\u00efwan\u00a0:\u00a0Un pas de plus vers un conflit global ? - La Sentinelle<\/title>\n<meta name=\"robots\" content=\"index, follow, max-snippet:-1, max-image-preview:large, max-video-preview:-1\" \/>\n<link rel=\"canonical\" href=\"https:\/\/lasentinelle.dz\/index.php\/2022\/03\/03\/washington-ouvre-un-front-avec-pekin-sur-taiwan-un-pas-de-plus-vers-un-conflit-global\/\" \/>\n<meta property=\"og:locale\" content=\"fr_FR\" \/>\n<meta property=\"og:type\" content=\"article\" \/>\n<meta property=\"og:title\" content=\"Washington ouvre un front avec P\u00e9kin sur Ta\u00efwan\u00a0:\u00a0Un pas de plus vers un conflit global ? - La Sentinelle\" \/>\n<meta property=\"og:description\" content=\"Alors que le monde s\u2019enlise dans le conflit russo-ukrainien et que le risque d\u2019une troisi\u00e8me guerre mondiale plane sur la\" \/>\n<meta property=\"og:url\" content=\"https:\/\/lasentinelle.dz\/index.php\/2022\/03\/03\/washington-ouvre-un-front-avec-pekin-sur-taiwan-un-pas-de-plus-vers-un-conflit-global\/\" \/>\n<meta property=\"og:site_name\" content=\"La Sentinelle\" \/>\n<meta property=\"article:publisher\" content=\"https:\/\/www.facebook.com\/La-Sentinelle-104059864394773\" \/>\n<meta property=\"article:published_time\" content=\"2022-03-02T23:05:00+00:00\" \/>\n<meta property=\"og:image\" content=\"https:\/\/lasentinelle.dz\/wp-content\/uploads\/2022\/03\/geopolitique.png\" \/>\n\t<meta property=\"og:image:width\" content=\"918\" \/>\n\t<meta property=\"og:image:height\" content=\"900\" \/>\n\t<meta property=\"og:image:type\" content=\"image\/png\" \/>\n<meta name=\"author\" content=\"Azzedine Belferag\" \/>\n<meta name=\"twitter:card\" content=\"summary_large_image\" \/>\n<meta name=\"twitter:label1\" content=\"\u00c9crit par\" \/>\n\t<meta name=\"twitter:data1\" content=\"Azzedine Belferag\" \/>\n\t<meta name=\"twitter:label2\" content=\"Dur\u00e9e de lecture estim\u00e9e\" \/>\n\t<meta name=\"twitter:data2\" content=\"4 minutes\" \/>\n<script type=\"application\/ld+json\" class=\"yoast-schema-graph\">{\"@context\":\"https:\\\/\\\/schema.org\",\"@graph\":[{\"@type\":\"Article\",\"@id\":\"https:\\\/\\\/lasentinelle.dz\\\/index.php\\\/2022\\\/03\\\/03\\\/washington-ouvre-un-front-avec-pekin-sur-taiwan-un-pas-de-plus-vers-un-conflit-global\\\/#article\",\"isPartOf\":{\"@id\":\"https:\\\/\\\/lasentinelle.dz\\\/index.php\\\/2022\\\/03\\\/03\\\/washington-ouvre-un-front-avec-pekin-sur-taiwan-un-pas-de-plus-vers-un-conflit-global\\\/\"},\"author\":{\"name\":\"Azzedine Belferag\",\"@id\":\"https:\\\/\\\/lasentinelle.dz\\\/#\\\/schema\\\/person\\\/e22c868643946ece5f328ac9d185b29f\"},\"headline\":\"Washington ouvre un front avec P\u00e9kin sur Ta\u00efwan\u00a0:\u00a0Un pas de plus vers un conflit global ?\",\"datePublished\":\"2022-03-02T23:05:00+00:00\",\"mainEntityOfPage\":{\"@id\":\"https:\\\/\\\/lasentinelle.dz\\\/index.php\\\/2022\\\/03\\\/03\\\/washington-ouvre-un-front-avec-pekin-sur-taiwan-un-pas-de-plus-vers-un-conflit-global\\\/\"},\"wordCount\":806,\"commentCount\":0,\"publisher\":{\"@id\":\"https:\\\/\\\/lasentinelle.dz\\\/#organization\"},\"image\":{\"@id\":\"https:\\\/\\\/lasentinelle.dz\\\/index.php\\\/2022\\\/03\\\/03\\\/washington-ouvre-un-front-avec-pekin-sur-taiwan-un-pas-de-plus-vers-un-conflit-global\\\/#primaryimage\"},\"thumbnailUrl\":\"https:\\\/\\\/lasentinelle.dz\\\/wp-content\\\/uploads\\\/2022\\\/03\\\/geopolitique.png\",\"articleSection\":[\"\u00c0 la Une\",\"Actualit\u00e9\"],\"inLanguage\":\"fr-FR\",\"potentialAction\":[{\"@type\":\"CommentAction\",\"name\":\"Comment\",\"target\":[\"https:\\\/\\\/lasentinelle.dz\\\/index.php\\\/2022\\\/03\\\/03\\\/washington-ouvre-un-front-avec-pekin-sur-taiwan-un-pas-de-plus-vers-un-conflit-global\\\/#respond\"]}]},{\"@type\":\"WebPage\",\"@id\":\"https:\\\/\\\/lasentinelle.dz\\\/index.php\\\/2022\\\/03\\\/03\\\/washington-ouvre-un-front-avec-pekin-sur-taiwan-un-pas-de-plus-vers-un-conflit-global\\\/\",\"url\":\"https:\\\/\\\/lasentinelle.dz\\\/index.php\\\/2022\\\/03\\\/03\\\/washington-ouvre-un-front-avec-pekin-sur-taiwan-un-pas-de-plus-vers-un-conflit-global\\\/\",\"name\":\"Washington ouvre un front avec P\u00e9kin sur Ta\u00efwan\u00a0:\u00a0Un pas de plus vers un conflit global ? - La Sentinelle\",\"isPartOf\":{\"@id\":\"https:\\\/\\\/lasentinelle.dz\\\/#website\"},\"primaryImageOfPage\":{\"@id\":\"https:\\\/\\\/lasentinelle.dz\\\/index.php\\\/2022\\\/03\\\/03\\\/washington-ouvre-un-front-avec-pekin-sur-taiwan-un-pas-de-plus-vers-un-conflit-global\\\/#primaryimage\"},\"image\":{\"@id\":\"https:\\\/\\\/lasentinelle.dz\\\/index.php\\\/2022\\\/03\\\/03\\\/washington-ouvre-un-front-avec-pekin-sur-taiwan-un-pas-de-plus-vers-un-conflit-global\\\/#primaryimage\"},\"thumbnailUrl\":\"https:\\\/\\\/lasentinelle.dz\\\/wp-content\\\/uploads\\\/2022\\\/03\\\/geopolitique.png\",\"datePublished\":\"2022-03-02T23:05:00+00:00\",\"breadcrumb\":{\"@id\":\"https:\\\/\\\/lasentinelle.dz\\\/index.php\\\/2022\\\/03\\\/03\\\/washington-ouvre-un-front-avec-pekin-sur-taiwan-un-pas-de-plus-vers-un-conflit-global\\\/#breadcrumb\"},\"inLanguage\":\"fr-FR\",\"potentialAction\":[{\"@type\":\"ReadAction\",\"target\":[\"https:\\\/\\\/lasentinelle.dz\\\/index.php\\\/2022\\\/03\\\/03\\\/washington-ouvre-un-front-avec-pekin-sur-taiwan-un-pas-de-plus-vers-un-conflit-global\\\/\"]}]},{\"@type\":\"ImageObject\",\"inLanguage\":\"fr-FR\",\"@id\":\"https:\\\/\\\/lasentinelle.dz\\\/index.php\\\/2022\\\/03\\\/03\\\/washington-ouvre-un-front-avec-pekin-sur-taiwan-un-pas-de-plus-vers-un-conflit-global\\\/#primaryimage\",\"url\":\"https:\\\/\\\/lasentinelle.dz\\\/wp-content\\\/uploads\\\/2022\\\/03\\\/geopolitique.png\",\"contentUrl\":\"https:\\\/\\\/lasentinelle.dz\\\/wp-content\\\/uploads\\\/2022\\\/03\\\/geopolitique.png\",\"width\":918,\"height\":900},{\"@type\":\"BreadcrumbList\",\"@id\":\"https:\\\/\\\/lasentinelle.dz\\\/index.php\\\/2022\\\/03\\\/03\\\/washington-ouvre-un-front-avec-pekin-sur-taiwan-un-pas-de-plus-vers-un-conflit-global\\\/#breadcrumb\",\"itemListElement\":[{\"@type\":\"ListItem\",\"position\":1,\"name\":\"Accueil\",\"item\":\"https:\\\/\\\/lasentinelle.dz\\\/\"},{\"@type\":\"ListItem\",\"position\":2,\"name\":\"Washington ouvre un front avec P\u00e9kin sur Ta\u00efwan\u00a0:\u00a0Un pas de plus vers un conflit global ?\"}]},{\"@type\":\"WebSite\",\"@id\":\"https:\\\/\\\/lasentinelle.dz\\\/#website\",\"url\":\"https:\\\/\\\/lasentinelle.dz\\\/\",\"name\":\"La Sentinelle\",\"description\":\"Quotidien national d&#039;information\",\"publisher\":{\"@id\":\"https:\\\/\\\/lasentinelle.dz\\\/#organization\"},\"potentialAction\":[{\"@type\":\"SearchAction\",\"target\":{\"@type\":\"EntryPoint\",\"urlTemplate\":\"https:\\\/\\\/lasentinelle.dz\\\/?s={search_term_string}\"},\"query-input\":{\"@type\":\"PropertyValueSpecification\",\"valueRequired\":true,\"valueName\":\"search_term_string\"}}],\"inLanguage\":\"fr-FR\"},{\"@type\":\"Organization\",\"@id\":\"https:\\\/\\\/lasentinelle.dz\\\/#organization\",\"name\":\"Quotidien La Sentinelle\",\"url\":\"https:\\\/\\\/lasentinelle.dz\\\/\",\"logo\":{\"@type\":\"ImageObject\",\"inLanguage\":\"fr-FR\",\"@id\":\"https:\\\/\\\/lasentinelle.dz\\\/#\\\/schema\\\/logo\\\/image\\\/\",\"url\":\"https:\\\/\\\/lasentinelle.dz\\\/wp-content\\\/uploads\\\/2021\\\/09\\\/logo-sentinelleSLOGAN-1.png\",\"contentUrl\":\"https:\\\/\\\/lasentinelle.dz\\\/wp-content\\\/uploads\\\/2021\\\/09\\\/logo-sentinelleSLOGAN-1.png\",\"width\":615,\"height\":142,\"caption\":\"Quotidien La Sentinelle\"},\"image\":{\"@id\":\"https:\\\/\\\/lasentinelle.dz\\\/#\\\/schema\\\/logo\\\/image\\\/\"},\"sameAs\":[\"https:\\\/\\\/www.facebook.com\\\/La-Sentinelle-104059864394773\"]},{\"@type\":\"Person\",\"@id\":\"https:\\\/\\\/lasentinelle.dz\\\/#\\\/schema\\\/person\\\/e22c868643946ece5f328ac9d185b29f\",\"name\":\"Azzedine Belferag\",\"image\":{\"@type\":\"ImageObject\",\"inLanguage\":\"fr-FR\",\"@id\":\"https:\\\/\\\/secure.gravatar.com\\\/avatar\\\/767ecc3bfcf23cd6d0dae1705f124feb13a88fded1daa56498e4fb3aa3fc36a1?s=96&d=mm&r=g\",\"url\":\"https:\\\/\\\/secure.gravatar.com\\\/avatar\\\/767ecc3bfcf23cd6d0dae1705f124feb13a88fded1daa56498e4fb3aa3fc36a1?s=96&d=mm&r=g\",\"contentUrl\":\"https:\\\/\\\/secure.gravatar.com\\\/avatar\\\/767ecc3bfcf23cd6d0dae1705f124feb13a88fded1daa56498e4fb3aa3fc36a1?s=96&d=mm&r=g\",\"caption\":\"Azzedine Belferag\"},\"sameAs\":[\"http:\\\/\\\/www.lasentinelle.dz\"],\"url\":\"https:\\\/\\\/lasentinelle.dz\\\/author\\\/belferag\\\/\"}]}<\/script>\n<!-- \/ Yoast SEO plugin. -->","yoast_head_json":{"title":"Washington ouvre un front avec P\u00e9kin sur Ta\u00efwan\u00a0:\u00a0Un pas de plus vers un conflit global ? - La Sentinelle","robots":{"index":"index","follow":"follow","max-snippet":"max-snippet:-1","max-image-preview":"max-image-preview:large","max-video-preview":"max-video-preview:-1"},"canonical":"https:\/\/lasentinelle.dz\/index.php\/2022\/03\/03\/washington-ouvre-un-front-avec-pekin-sur-taiwan-un-pas-de-plus-vers-un-conflit-global\/","og_locale":"fr_FR","og_type":"article","og_title":"Washington ouvre un front avec P\u00e9kin sur Ta\u00efwan\u00a0:\u00a0Un pas de plus vers un conflit global ? - La Sentinelle","og_description":"Alors que le monde s\u2019enlise dans le conflit russo-ukrainien et que le risque d\u2019une troisi\u00e8me guerre mondiale plane sur la","og_url":"https:\/\/lasentinelle.dz\/index.php\/2022\/03\/03\/washington-ouvre-un-front-avec-pekin-sur-taiwan-un-pas-de-plus-vers-un-conflit-global\/","og_site_name":"La Sentinelle","article_publisher":"https:\/\/www.facebook.com\/La-Sentinelle-104059864394773","article_published_time":"2022-03-02T23:05:00+00:00","og_image":[{"width":918,"height":900,"url":"https:\/\/lasentinelle.dz\/wp-content\/uploads\/2022\/03\/geopolitique.png","type":"image\/png"}],"author":"Azzedine Belferag","twitter_card":"summary_large_image","twitter_misc":{"\u00c9crit par":"Azzedine Belferag","Dur\u00e9e de lecture estim\u00e9e":"4 minutes"},"schema":{"@context":"https:\/\/schema.org","@graph":[{"@type":"Article","@id":"https:\/\/lasentinelle.dz\/index.php\/2022\/03\/03\/washington-ouvre-un-front-avec-pekin-sur-taiwan-un-pas-de-plus-vers-un-conflit-global\/#article","isPartOf":{"@id":"https:\/\/lasentinelle.dz\/index.php\/2022\/03\/03\/washington-ouvre-un-front-avec-pekin-sur-taiwan-un-pas-de-plus-vers-un-conflit-global\/"},"author":{"name":"Azzedine Belferag","@id":"https:\/\/lasentinelle.dz\/#\/schema\/person\/e22c868643946ece5f328ac9d185b29f"},"headline":"Washington ouvre un front avec P\u00e9kin sur Ta\u00efwan\u00a0:\u00a0Un pas de plus vers un conflit global ?","datePublished":"2022-03-02T23:05:00+00:00","mainEntityOfPage":{"@id":"https:\/\/lasentinelle.dz\/index.php\/2022\/03\/03\/washington-ouvre-un-front-avec-pekin-sur-taiwan-un-pas-de-plus-vers-un-conflit-global\/"},"wordCount":806,"commentCount":0,"publisher":{"@id":"https:\/\/lasentinelle.dz\/#organization"},"image":{"@id":"https:\/\/lasentinelle.dz\/index.php\/2022\/03\/03\/washington-ouvre-un-front-avec-pekin-sur-taiwan-un-pas-de-plus-vers-un-conflit-global\/#primaryimage"},"thumbnailUrl":"https:\/\/lasentinelle.dz\/wp-content\/uploads\/2022\/03\/geopolitique.png","articleSection":["\u00c0 la Une","Actualit\u00e9"],"inLanguage":"fr-FR","potentialAction":[{"@type":"CommentAction","name":"Comment","target":["https:\/\/lasentinelle.dz\/index.php\/2022\/03\/03\/washington-ouvre-un-front-avec-pekin-sur-taiwan-un-pas-de-plus-vers-un-conflit-global\/#respond"]}]},{"@type":"WebPage","@id":"https:\/\/lasentinelle.dz\/index.php\/2022\/03\/03\/washington-ouvre-un-front-avec-pekin-sur-taiwan-un-pas-de-plus-vers-un-conflit-global\/","url":"https:\/\/lasentinelle.dz\/index.php\/2022\/03\/03\/washington-ouvre-un-front-avec-pekin-sur-taiwan-un-pas-de-plus-vers-un-conflit-global\/","name":"Washington ouvre un front avec P\u00e9kin sur Ta\u00efwan\u00a0:\u00a0Un pas de plus vers un conflit global ? - La Sentinelle","isPartOf":{"@id":"https:\/\/lasentinelle.dz\/#website"},"primaryImageOfPage":{"@id":"https:\/\/lasentinelle.dz\/index.php\/2022\/03\/03\/washington-ouvre-un-front-avec-pekin-sur-taiwan-un-pas-de-plus-vers-un-conflit-global\/#primaryimage"},"image":{"@id":"https:\/\/lasentinelle.dz\/index.php\/2022\/03\/03\/washington-ouvre-un-front-avec-pekin-sur-taiwan-un-pas-de-plus-vers-un-conflit-global\/#primaryimage"},"thumbnailUrl":"https:\/\/lasentinelle.dz\/wp-content\/uploads\/2022\/03\/geopolitique.png","datePublished":"2022-03-02T23:05:00+00:00","breadcrumb":{"@id":"https:\/\/lasentinelle.dz\/index.php\/2022\/03\/03\/washington-ouvre-un-front-avec-pekin-sur-taiwan-un-pas-de-plus-vers-un-conflit-global\/#breadcrumb"},"inLanguage":"fr-FR","potentialAction":[{"@type":"ReadAction","target":["https:\/\/lasentinelle.dz\/index.php\/2022\/03\/03\/washington-ouvre-un-front-avec-pekin-sur-taiwan-un-pas-de-plus-vers-un-conflit-global\/"]}]},{"@type":"ImageObject","inLanguage":"fr-FR","@id":"https:\/\/lasentinelle.dz\/index.php\/2022\/03\/03\/washington-ouvre-un-front-avec-pekin-sur-taiwan-un-pas-de-plus-vers-un-conflit-global\/#primaryimage","url":"https:\/\/lasentinelle.dz\/wp-content\/uploads\/2022\/03\/geopolitique.png","contentUrl":"https:\/\/lasentinelle.dz\/wp-content\/uploads\/2022\/03\/geopolitique.png","width":918,"height":900},{"@type":"BreadcrumbList","@id":"https:\/\/lasentinelle.dz\/index.php\/2022\/03\/03\/washington-ouvre-un-front-avec-pekin-sur-taiwan-un-pas-de-plus-vers-un-conflit-global\/#breadcrumb","itemListElement":[{"@type":"ListItem","position":1,"name":"Accueil","item":"https:\/\/lasentinelle.dz\/"},{"@type":"ListItem","position":2,"name":"Washington ouvre un front avec P\u00e9kin sur Ta\u00efwan\u00a0:\u00a0Un pas de plus vers un conflit global ?"}]},{"@type":"WebSite","@id":"https:\/\/lasentinelle.dz\/#website","url":"https:\/\/lasentinelle.dz\/","name":"La Sentinelle","description":"Quotidien national d&#039;information","publisher":{"@id":"https:\/\/lasentinelle.dz\/#organization"},"potentialAction":[{"@type":"SearchAction","target":{"@type":"EntryPoint","urlTemplate":"https:\/\/lasentinelle.dz\/?s={search_term_string}"},"query-input":{"@type":"PropertyValueSpecification","valueRequired":true,"valueName":"search_term_string"}}],"inLanguage":"fr-FR"},{"@type":"Organization","@id":"https:\/\/lasentinelle.dz\/#organization","name":"Quotidien La Sentinelle","url":"https:\/\/lasentinelle.dz\/","logo":{"@type":"ImageObject","inLanguage":"fr-FR","@id":"https:\/\/lasentinelle.dz\/#\/schema\/logo\/image\/","url":"https:\/\/lasentinelle.dz\/wp-content\/uploads\/2021\/09\/logo-sentinelleSLOGAN-1.png","contentUrl":"https:\/\/lasentinelle.dz\/wp-content\/uploads\/2021\/09\/logo-sentinelleSLOGAN-1.png","width":615,"height":142,"caption":"Quotidien La Sentinelle"},"image":{"@id":"https:\/\/lasentinelle.dz\/#\/schema\/logo\/image\/"},"sameAs":["https:\/\/www.facebook.com\/La-Sentinelle-104059864394773"]},{"@type":"Person","@id":"https:\/\/lasentinelle.dz\/#\/schema\/person\/e22c868643946ece5f328ac9d185b29f","name":"Azzedine Belferag","image":{"@type":"ImageObject","inLanguage":"fr-FR","@id":"https:\/\/secure.gravatar.com\/avatar\/767ecc3bfcf23cd6d0dae1705f124feb13a88fded1daa56498e4fb3aa3fc36a1?s=96&d=mm&r=g","url":"https:\/\/secure.gravatar.com\/avatar\/767ecc3bfcf23cd6d0dae1705f124feb13a88fded1daa56498e4fb3aa3fc36a1?s=96&d=mm&r=g","contentUrl":"https:\/\/secure.gravatar.com\/avatar\/767ecc3bfcf23cd6d0dae1705f124feb13a88fded1daa56498e4fb3aa3fc36a1?s=96&d=mm&r=g","caption":"Azzedine Belferag"},"sameAs":["http:\/\/www.lasentinelle.dz"],"url":"https:\/\/lasentinelle.dz\/author\/belferag\/"}]}},"_links":{"self":[{"href":"https:\/\/lasentinelle.dz\/index.php\/wp-json\/wp\/v2\/posts\/17822","targetHints":{"allow":["GET"]}}],"collection":[{"href":"https:\/\/lasentinelle.dz\/index.php\/wp-json\/wp\/v2\/posts"}],"about":[{"href":"https:\/\/lasentinelle.dz\/index.php\/wp-json\/wp\/v2\/types\/post"}],"author":[{"embeddable":true,"href":"https:\/\/lasentinelle.dz\/index.php\/wp-json\/wp\/v2\/users\/2"}],"replies":[{"embeddable":true,"href":"https:\/\/lasentinelle.dz\/index.php\/wp-json\/wp\/v2\/comments?post=17822"}],"version-history":[{"count":1,"href":"https:\/\/lasentinelle.dz\/index.php\/wp-json\/wp\/v2\/posts\/17822\/revisions"}],"predecessor-version":[{"id":17835,"href":"https:\/\/lasentinelle.dz\/index.php\/wp-json\/wp\/v2\/posts\/17822\/revisions\/17835"}],"wp:featuredmedia":[{"embeddable":true,"href":"https:\/\/lasentinelle.dz\/index.php\/wp-json\/wp\/v2\/media\/17832"}],"wp:attachment":[{"href":"https:\/\/lasentinelle.dz\/index.php\/wp-json\/wp\/v2\/media?parent=17822"}],"wp:term":[{"taxonomy":"category","embeddable":true,"href":"https:\/\/lasentinelle.dz\/index.php\/wp-json\/wp\/v2\/categories?post=17822"},{"taxonomy":"post_tag","embeddable":true,"href":"https:\/\/lasentinelle.dz\/index.php\/wp-json\/wp\/v2\/tags?post=17822"}],"curies":[{"name":"wp","href":"https:\/\/api.w.org\/{rel}","templated":true}]}}