{"id":17855,"date":"2022-03-06T00:01:00","date_gmt":"2022-03-05T23:01:00","guid":{"rendered":"https:\/\/lasentinelle.dz\/?p=17855"},"modified":"2022-03-05T16:09:59","modified_gmt":"2022-03-05T15:09:59","slug":"manu-fait-de-la-resistance","status":"publish","type":"post","link":"https:\/\/lasentinelle.dz\/index.php\/2022\/03\/06\/manu-fait-de-la-resistance\/","title":{"rendered":"Manu fait de la r\u00e9sistance\u00a0"},"content":{"rendered":"\n<p>Allez Manu, arr\u00eates de faire l\u2019enfant g\u00e2t\u00e9 et va faire ta campagne comme M\u00e9lenchon, Marine et tous les autres hommes&nbsp;! Na&nbsp;! Je veux pas&nbsp;! Je veux pas rencontrer les gens, il y a les Gilets jaunes, ceux qui veulent pas porter de masque et tous les autres. Ils sont m\u00e9chants, ils me giflent, m\u2019entartent, me huent, me crient dessus et \u00e7a me fait peur, j\u2019aime pas \u00e7a&nbsp;! Et voila, Manu fait encore des siennes la veille de la campagne \u00e9lectorale et refuse de quitter son enfance. Pffffff&nbsp;! Mais tu ne peux pas ne pas faire la campagne si tu veux rester pr\u00e9sident. Nannnn, je suis pr\u00e9sident, Vlado me l\u2019a dit l\u2019autre jour\u2026 \u00e0 table et j\u2019ai m\u00eame enlev\u00e9 mon masque, je n\u2019ai plus peur du covid. Vlado m\u2019a dit que j\u2019\u00e9tais tr\u00e8s fort.&nbsp;<\/p>\n\n\n\n<p>Cesses de faire ton gamin et habilles-toi, vas sortir parler aux gens pour qu\u2019ils nous laissent rester encore. Mais&nbsp;! M\u2019man, je veux rester avec toi et jouer \u00e0 la guerre avec Vlado&nbsp;et mon ami Alexandre ! Je t\u2019interdis d\u2019\u00e9couter ce Vlado, ce n\u2019est pas ton ami, demandes donc \u00e0 Joe. Tiens, appelles plut\u00f4t ce Sellal, il fera la campagne \u00e0 ta place comme il l\u2019a d\u00e9j\u00e0 fait. Il sait faire les campagnes pour les autres et sait m\u00eame faire rire les gens. Nannnnn, il est en prison, le pauvre ! Na, je veux pas, je veux pas et je veux pas&nbsp;! Je suis trop occup\u00e9 \u00ab&nbsp;\u00e0 sauver le monde&nbsp;\u00bb, les Fran\u00e7ais n\u2019ont qu\u2019\u00e0&nbsp;&nbsp;attendre.&nbsp;&nbsp;<\/p>\n","protected":false},"excerpt":{"rendered":"<p>Allez Manu, arr\u00eates de faire l\u2019enfant g\u00e2t\u00e9 et va faire ta campagne comme M\u00e9lenchon, Marine et tous les autres hommes&nbsp;!<\/p>\n","protected":false},"author":2,"featured_media":12857,"comment_status":"open","ping_status":"closed","sticky":false,"template":"","format":"standard","meta":{"colormag_page_container_layout":"default_layout","colormag_page_sidebar_layout":"default_layout","om_disable_all_campaigns":false,"_monsterinsights_skip_tracking":false,"_monsterinsights_sitenote_active":false,"_monsterinsights_sitenote_note":"","_monsterinsights_sitenote_category":0,"footnotes":"","_wpscppro_dont_share_socialmedia":false,"_wpscppro_custom_social_share_image":0,"_facebook_share_type":"","_twitter_share_type":"","_linkedin_share_type":"","_pinterest_share_type":"","_linkedin_share_type_page":"","_instagram_share_type":"","_medium_share_type":"","_threads_share_type":"","_google_business_share_type":"","_selected_social_profile":[],"_wpsp_enable_custom_social_template":false,"_wpsp_social_scheduling":{"enabled":false,"datetime":null,"platforms":[],"status":"template_only","dateOption":"today","timeOption":"now","customDays":"","customHours":"","customDate":"","customTime":"","schedulingType":"absolute"},"_wpsp_active_default_template":true},"categories":[38,55],"tags":[],"class_list":["post-17855","post","type-post","status-publish","format-standard","has-post-thumbnail","hentry","category-debats","category-chronique"],"aioseo_notices":[],"yoast_head":"<!-- This site is optimized with the Yoast SEO plugin v27.5 - https:\/\/yoast.com\/product\/yoast-seo-wordpress\/ -->\n<title>Manu fait de la r\u00e9sistance\u00a0 - La Sentinelle<\/title>\n<meta name=\"robots\" content=\"index, follow, max-snippet:-1, max-image-preview:large, max-video-preview:-1\" \/>\n<link rel=\"canonical\" href=\"https:\/\/lasentinelle.dz\/index.php\/2022\/03\/06\/manu-fait-de-la-resistance\/\" \/>\n<meta property=\"og:locale\" content=\"fr_FR\" \/>\n<meta property=\"og:type\" content=\"article\" \/>\n<meta property=\"og:title\" content=\"Manu fait de la r\u00e9sistance\u00a0 - La Sentinelle\" \/>\n<meta property=\"og:description\" content=\"Allez Manu, arr\u00eates de faire l\u2019enfant g\u00e2t\u00e9 et va faire ta campagne comme M\u00e9lenchon, Marine et tous les autres hommes&nbsp;!\" \/>\n<meta property=\"og:url\" content=\"https:\/\/lasentinelle.dz\/index.php\/2022\/03\/06\/manu-fait-de-la-resistance\/\" \/>\n<meta property=\"og:site_name\" content=\"La Sentinelle\" \/>\n<meta property=\"article:publisher\" content=\"https:\/\/www.facebook.com\/La-Sentinelle-104059864394773\" \/>\n<meta property=\"article:published_time\" content=\"2022-03-05T23:01:00+00:00\" \/>\n<meta property=\"og:image\" content=\"https:\/\/lasentinelle.dz\/wp-content\/uploads\/2021\/11\/chronique-e1622549044661.png\" \/>\n\t<meta property=\"og:image:width\" content=\"225\" \/>\n\t<meta property=\"og:image:height\" content=\"172\" \/>\n\t<meta property=\"og:image:type\" content=\"image\/png\" \/>\n<meta name=\"author\" content=\"Azzedine Belferag\" \/>\n<meta name=\"twitter:card\" content=\"summary_large_image\" \/>\n<meta name=\"twitter:label1\" content=\"\u00c9crit par\" \/>\n\t<meta name=\"twitter:data1\" content=\"Azzedine Belferag\" \/>\n\t<meta name=\"twitter:label2\" content=\"Dur\u00e9e de lecture estim\u00e9e\" \/>\n\t<meta name=\"twitter:data2\" content=\"2 minutes\" \/>\n<script type=\"application\/ld+json\" class=\"yoast-schema-graph\">{\"@context\":\"https:\\\/\\\/schema.org\",\"@graph\":[{\"@type\":\"Article\",\"@id\":\"https:\\\/\\\/lasentinelle.dz\\\/index.php\\\/2022\\\/03\\\/06\\\/manu-fait-de-la-resistance\\\/#article\",\"isPartOf\":{\"@id\":\"https:\\\/\\\/lasentinelle.dz\\\/index.php\\\/2022\\\/03\\\/06\\\/manu-fait-de-la-resistance\\\/\"},\"author\":{\"name\":\"Azzedine Belferag\",\"@id\":\"https:\\\/\\\/lasentinelle.dz\\\/#\\\/schema\\\/person\\\/e22c868643946ece5f328ac9d185b29f\"},\"headline\":\"Manu fait de la r\u00e9sistance\u00a0\",\"datePublished\":\"2022-03-05T23:01:00+00:00\",\"mainEntityOfPage\":{\"@id\":\"https:\\\/\\\/lasentinelle.dz\\\/index.php\\\/2022\\\/03\\\/06\\\/manu-fait-de-la-resistance\\\/\"},\"wordCount\":290,\"commentCount\":0,\"publisher\":{\"@id\":\"https:\\\/\\\/lasentinelle.dz\\\/#organization\"},\"image\":{\"@id\":\"https:\\\/\\\/lasentinelle.dz\\\/index.php\\\/2022\\\/03\\\/06\\\/manu-fait-de-la-resistance\\\/#primaryimage\"},\"thumbnailUrl\":\"https:\\\/\\\/lasentinelle.dz\\\/wp-content\\\/uploads\\\/2021\\\/11\\\/chronique-e1622549044661.png\",\"articleSection\":[\"D\u00e9bats\",\"La Chronique\"],\"inLanguage\":\"fr-FR\",\"potentialAction\":[{\"@type\":\"CommentAction\",\"name\":\"Comment\",\"target\":[\"https:\\\/\\\/lasentinelle.dz\\\/index.php\\\/2022\\\/03\\\/06\\\/manu-fait-de-la-resistance\\\/#respond\"]}]},{\"@type\":\"WebPage\",\"@id\":\"https:\\\/\\\/lasentinelle.dz\\\/index.php\\\/2022\\\/03\\\/06\\\/manu-fait-de-la-resistance\\\/\",\"url\":\"https:\\\/\\\/lasentinelle.dz\\\/index.php\\\/2022\\\/03\\\/06\\\/manu-fait-de-la-resistance\\\/\",\"name\":\"Manu fait de la r\u00e9sistance\u00a0 - La Sentinelle\",\"isPartOf\":{\"@id\":\"https:\\\/\\\/lasentinelle.dz\\\/#website\"},\"primaryImageOfPage\":{\"@id\":\"https:\\\/\\\/lasentinelle.dz\\\/index.php\\\/2022\\\/03\\\/06\\\/manu-fait-de-la-resistance\\\/#primaryimage\"},\"image\":{\"@id\":\"https:\\\/\\\/lasentinelle.dz\\\/index.php\\\/2022\\\/03\\\/06\\\/manu-fait-de-la-resistance\\\/#primaryimage\"},\"thumbnailUrl\":\"https:\\\/\\\/lasentinelle.dz\\\/wp-content\\\/uploads\\\/2021\\\/11\\\/chronique-e1622549044661.png\",\"datePublished\":\"2022-03-05T23:01:00+00:00\",\"breadcrumb\":{\"@id\":\"https:\\\/\\\/lasentinelle.dz\\\/index.php\\\/2022\\\/03\\\/06\\\/manu-fait-de-la-resistance\\\/#breadcrumb\"},\"inLanguage\":\"fr-FR\",\"potentialAction\":[{\"@type\":\"ReadAction\",\"target\":[\"https:\\\/\\\/lasentinelle.dz\\\/index.php\\\/2022\\\/03\\\/06\\\/manu-fait-de-la-resistance\\\/\"]}]},{\"@type\":\"ImageObject\",\"inLanguage\":\"fr-FR\",\"@id\":\"https:\\\/\\\/lasentinelle.dz\\\/index.php\\\/2022\\\/03\\\/06\\\/manu-fait-de-la-resistance\\\/#primaryimage\",\"url\":\"https:\\\/\\\/lasentinelle.dz\\\/wp-content\\\/uploads\\\/2021\\\/11\\\/chronique-e1622549044661.png\",\"contentUrl\":\"https:\\\/\\\/lasentinelle.dz\\\/wp-content\\\/uploads\\\/2021\\\/11\\\/chronique-e1622549044661.png\",\"width\":225,\"height\":172},{\"@type\":\"BreadcrumbList\",\"@id\":\"https:\\\/\\\/lasentinelle.dz\\\/index.php\\\/2022\\\/03\\\/06\\\/manu-fait-de-la-resistance\\\/#breadcrumb\",\"itemListElement\":[{\"@type\":\"ListItem\",\"position\":1,\"name\":\"Accueil\",\"item\":\"https:\\\/\\\/lasentinelle.dz\\\/\"},{\"@type\":\"ListItem\",\"position\":2,\"name\":\"Manu fait de la r\u00e9sistance\u00a0\"}]},{\"@type\":\"WebSite\",\"@id\":\"https:\\\/\\\/lasentinelle.dz\\\/#website\",\"url\":\"https:\\\/\\\/lasentinelle.dz\\\/\",\"name\":\"La Sentinelle\",\"description\":\"Quotidien national d&#039;information\",\"publisher\":{\"@id\":\"https:\\\/\\\/lasentinelle.dz\\\/#organization\"},\"potentialAction\":[{\"@type\":\"SearchAction\",\"target\":{\"@type\":\"EntryPoint\",\"urlTemplate\":\"https:\\\/\\\/lasentinelle.dz\\\/?s={search_term_string}\"},\"query-input\":{\"@type\":\"PropertyValueSpecification\",\"valueRequired\":true,\"valueName\":\"search_term_string\"}}],\"inLanguage\":\"fr-FR\"},{\"@type\":\"Organization\",\"@id\":\"https:\\\/\\\/lasentinelle.dz\\\/#organization\",\"name\":\"Quotidien La Sentinelle\",\"url\":\"https:\\\/\\\/lasentinelle.dz\\\/\",\"logo\":{\"@type\":\"ImageObject\",\"inLanguage\":\"fr-FR\",\"@id\":\"https:\\\/\\\/lasentinelle.dz\\\/#\\\/schema\\\/logo\\\/image\\\/\",\"url\":\"https:\\\/\\\/lasentinelle.dz\\\/wp-content\\\/uploads\\\/2021\\\/09\\\/logo-sentinelleSLOGAN-1.png\",\"contentUrl\":\"https:\\\/\\\/lasentinelle.dz\\\/wp-content\\\/uploads\\\/2021\\\/09\\\/logo-sentinelleSLOGAN-1.png\",\"width\":615,\"height\":142,\"caption\":\"Quotidien La Sentinelle\"},\"image\":{\"@id\":\"https:\\\/\\\/lasentinelle.dz\\\/#\\\/schema\\\/logo\\\/image\\\/\"},\"sameAs\":[\"https:\\\/\\\/www.facebook.com\\\/La-Sentinelle-104059864394773\"]},{\"@type\":\"Person\",\"@id\":\"https:\\\/\\\/lasentinelle.dz\\\/#\\\/schema\\\/person\\\/e22c868643946ece5f328ac9d185b29f\",\"name\":\"Azzedine Belferag\",\"image\":{\"@type\":\"ImageObject\",\"inLanguage\":\"fr-FR\",\"@id\":\"https:\\\/\\\/secure.gravatar.com\\\/avatar\\\/767ecc3bfcf23cd6d0dae1705f124feb13a88fded1daa56498e4fb3aa3fc36a1?s=96&d=mm&r=g\",\"url\":\"https:\\\/\\\/secure.gravatar.com\\\/avatar\\\/767ecc3bfcf23cd6d0dae1705f124feb13a88fded1daa56498e4fb3aa3fc36a1?s=96&d=mm&r=g\",\"contentUrl\":\"https:\\\/\\\/secure.gravatar.com\\\/avatar\\\/767ecc3bfcf23cd6d0dae1705f124feb13a88fded1daa56498e4fb3aa3fc36a1?s=96&d=mm&r=g\",\"caption\":\"Azzedine Belferag\"},\"sameAs\":[\"http:\\\/\\\/www.lasentinelle.dz\"],\"url\":\"https:\\\/\\\/lasentinelle.dz\\\/author\\\/belferag\\\/\"}]}<\/script>\n<!-- \/ Yoast SEO plugin. -->","yoast_head_json":{"title":"Manu fait de la r\u00e9sistance\u00a0 - La Sentinelle","robots":{"index":"index","follow":"follow","max-snippet":"max-snippet:-1","max-image-preview":"max-image-preview:large","max-video-preview":"max-video-preview:-1"},"canonical":"https:\/\/lasentinelle.dz\/index.php\/2022\/03\/06\/manu-fait-de-la-resistance\/","og_locale":"fr_FR","og_type":"article","og_title":"Manu fait de la r\u00e9sistance\u00a0 - La Sentinelle","og_description":"Allez Manu, arr\u00eates de faire l\u2019enfant g\u00e2t\u00e9 et va faire ta campagne comme M\u00e9lenchon, Marine et tous les autres hommes&nbsp;!","og_url":"https:\/\/lasentinelle.dz\/index.php\/2022\/03\/06\/manu-fait-de-la-resistance\/","og_site_name":"La Sentinelle","article_publisher":"https:\/\/www.facebook.com\/La-Sentinelle-104059864394773","article_published_time":"2022-03-05T23:01:00+00:00","og_image":[{"width":225,"height":172,"url":"https:\/\/lasentinelle.dz\/wp-content\/uploads\/2021\/11\/chronique-e1622549044661.png","type":"image\/png"}],"author":"Azzedine Belferag","twitter_card":"summary_large_image","twitter_misc":{"\u00c9crit par":"Azzedine Belferag","Dur\u00e9e de lecture estim\u00e9e":"2 minutes"},"schema":{"@context":"https:\/\/schema.org","@graph":[{"@type":"Article","@id":"https:\/\/lasentinelle.dz\/index.php\/2022\/03\/06\/manu-fait-de-la-resistance\/#article","isPartOf":{"@id":"https:\/\/lasentinelle.dz\/index.php\/2022\/03\/06\/manu-fait-de-la-resistance\/"},"author":{"name":"Azzedine Belferag","@id":"https:\/\/lasentinelle.dz\/#\/schema\/person\/e22c868643946ece5f328ac9d185b29f"},"headline":"Manu fait de la r\u00e9sistance\u00a0","datePublished":"2022-03-05T23:01:00+00:00","mainEntityOfPage":{"@id":"https:\/\/lasentinelle.dz\/index.php\/2022\/03\/06\/manu-fait-de-la-resistance\/"},"wordCount":290,"commentCount":0,"publisher":{"@id":"https:\/\/lasentinelle.dz\/#organization"},"image":{"@id":"https:\/\/lasentinelle.dz\/index.php\/2022\/03\/06\/manu-fait-de-la-resistance\/#primaryimage"},"thumbnailUrl":"https:\/\/lasentinelle.dz\/wp-content\/uploads\/2021\/11\/chronique-e1622549044661.png","articleSection":["D\u00e9bats","La Chronique"],"inLanguage":"fr-FR","potentialAction":[{"@type":"CommentAction","name":"Comment","target":["https:\/\/lasentinelle.dz\/index.php\/2022\/03\/06\/manu-fait-de-la-resistance\/#respond"]}]},{"@type":"WebPage","@id":"https:\/\/lasentinelle.dz\/index.php\/2022\/03\/06\/manu-fait-de-la-resistance\/","url":"https:\/\/lasentinelle.dz\/index.php\/2022\/03\/06\/manu-fait-de-la-resistance\/","name":"Manu fait de la r\u00e9sistance\u00a0 - La Sentinelle","isPartOf":{"@id":"https:\/\/lasentinelle.dz\/#website"},"primaryImageOfPage":{"@id":"https:\/\/lasentinelle.dz\/index.php\/2022\/03\/06\/manu-fait-de-la-resistance\/#primaryimage"},"image":{"@id":"https:\/\/lasentinelle.dz\/index.php\/2022\/03\/06\/manu-fait-de-la-resistance\/#primaryimage"},"thumbnailUrl":"https:\/\/lasentinelle.dz\/wp-content\/uploads\/2021\/11\/chronique-e1622549044661.png","datePublished":"2022-03-05T23:01:00+00:00","breadcrumb":{"@id":"https:\/\/lasentinelle.dz\/index.php\/2022\/03\/06\/manu-fait-de-la-resistance\/#breadcrumb"},"inLanguage":"fr-FR","potentialAction":[{"@type":"ReadAction","target":["https:\/\/lasentinelle.dz\/index.php\/2022\/03\/06\/manu-fait-de-la-resistance\/"]}]},{"@type":"ImageObject","inLanguage":"fr-FR","@id":"https:\/\/lasentinelle.dz\/index.php\/2022\/03\/06\/manu-fait-de-la-resistance\/#primaryimage","url":"https:\/\/lasentinelle.dz\/wp-content\/uploads\/2021\/11\/chronique-e1622549044661.png","contentUrl":"https:\/\/lasentinelle.dz\/wp-content\/uploads\/2021\/11\/chronique-e1622549044661.png","width":225,"height":172},{"@type":"BreadcrumbList","@id":"https:\/\/lasentinelle.dz\/index.php\/2022\/03\/06\/manu-fait-de-la-resistance\/#breadcrumb","itemListElement":[{"@type":"ListItem","position":1,"name":"Accueil","item":"https:\/\/lasentinelle.dz\/"},{"@type":"ListItem","position":2,"name":"Manu fait de la r\u00e9sistance\u00a0"}]},{"@type":"WebSite","@id":"https:\/\/lasentinelle.dz\/#website","url":"https:\/\/lasentinelle.dz\/","name":"La Sentinelle","description":"Quotidien national d&#039;information","publisher":{"@id":"https:\/\/lasentinelle.dz\/#organization"},"potentialAction":[{"@type":"SearchAction","target":{"@type":"EntryPoint","urlTemplate":"https:\/\/lasentinelle.dz\/?s={search_term_string}"},"query-input":{"@type":"PropertyValueSpecification","valueRequired":true,"valueName":"search_term_string"}}],"inLanguage":"fr-FR"},{"@type":"Organization","@id":"https:\/\/lasentinelle.dz\/#organization","name":"Quotidien La Sentinelle","url":"https:\/\/lasentinelle.dz\/","logo":{"@type":"ImageObject","inLanguage":"fr-FR","@id":"https:\/\/lasentinelle.dz\/#\/schema\/logo\/image\/","url":"https:\/\/lasentinelle.dz\/wp-content\/uploads\/2021\/09\/logo-sentinelleSLOGAN-1.png","contentUrl":"https:\/\/lasentinelle.dz\/wp-content\/uploads\/2021\/09\/logo-sentinelleSLOGAN-1.png","width":615,"height":142,"caption":"Quotidien La Sentinelle"},"image":{"@id":"https:\/\/lasentinelle.dz\/#\/schema\/logo\/image\/"},"sameAs":["https:\/\/www.facebook.com\/La-Sentinelle-104059864394773"]},{"@type":"Person","@id":"https:\/\/lasentinelle.dz\/#\/schema\/person\/e22c868643946ece5f328ac9d185b29f","name":"Azzedine Belferag","image":{"@type":"ImageObject","inLanguage":"fr-FR","@id":"https:\/\/secure.gravatar.com\/avatar\/767ecc3bfcf23cd6d0dae1705f124feb13a88fded1daa56498e4fb3aa3fc36a1?s=96&d=mm&r=g","url":"https:\/\/secure.gravatar.com\/avatar\/767ecc3bfcf23cd6d0dae1705f124feb13a88fded1daa56498e4fb3aa3fc36a1?s=96&d=mm&r=g","contentUrl":"https:\/\/secure.gravatar.com\/avatar\/767ecc3bfcf23cd6d0dae1705f124feb13a88fded1daa56498e4fb3aa3fc36a1?s=96&d=mm&r=g","caption":"Azzedine Belferag"},"sameAs":["http:\/\/www.lasentinelle.dz"],"url":"https:\/\/lasentinelle.dz\/author\/belferag\/"}]}},"_links":{"self":[{"href":"https:\/\/lasentinelle.dz\/index.php\/wp-json\/wp\/v2\/posts\/17855","targetHints":{"allow":["GET"]}}],"collection":[{"href":"https:\/\/lasentinelle.dz\/index.php\/wp-json\/wp\/v2\/posts"}],"about":[{"href":"https:\/\/lasentinelle.dz\/index.php\/wp-json\/wp\/v2\/types\/post"}],"author":[{"embeddable":true,"href":"https:\/\/lasentinelle.dz\/index.php\/wp-json\/wp\/v2\/users\/2"}],"replies":[{"embeddable":true,"href":"https:\/\/lasentinelle.dz\/index.php\/wp-json\/wp\/v2\/comments?post=17855"}],"version-history":[{"count":1,"href":"https:\/\/lasentinelle.dz\/index.php\/wp-json\/wp\/v2\/posts\/17855\/revisions"}],"predecessor-version":[{"id":17871,"href":"https:\/\/lasentinelle.dz\/index.php\/wp-json\/wp\/v2\/posts\/17855\/revisions\/17871"}],"wp:featuredmedia":[{"embeddable":true,"href":"https:\/\/lasentinelle.dz\/index.php\/wp-json\/wp\/v2\/media\/12857"}],"wp:attachment":[{"href":"https:\/\/lasentinelle.dz\/index.php\/wp-json\/wp\/v2\/media?parent=17855"}],"wp:term":[{"taxonomy":"category","embeddable":true,"href":"https:\/\/lasentinelle.dz\/index.php\/wp-json\/wp\/v2\/categories?post=17855"},{"taxonomy":"post_tag","embeddable":true,"href":"https:\/\/lasentinelle.dz\/index.php\/wp-json\/wp\/v2\/tags?post=17855"}],"curies":[{"name":"wp","href":"https:\/\/api.w.org\/{rel}","templated":true}]}}