{"id":17856,"date":"2022-03-06T00:05:00","date_gmt":"2022-03-05T23:05:00","guid":{"rendered":"https:\/\/lasentinelle.dz\/?p=17856"},"modified":"2022-03-05T16:08:08","modified_gmt":"2022-03-05T15:08:08","slug":"direction-technique-nationale-la-faf-devoile-les-candidats","status":"publish","type":"post","link":"https:\/\/lasentinelle.dz\/index.php\/2022\/03\/06\/direction-technique-nationale-la-faf-devoile-les-candidats\/","title":{"rendered":"Direction technique nationale\u00a0:\u00a0La FAF d\u00e9voile les candidats\u00a0"},"content":{"rendered":"\n<p>Face aux critiques&nbsp;auxquelles&nbsp;elle a fait face et surtout en raison de la mont\u00e9e au cr\u00e9neau des membres du Bureau f\u00e9d\u00e9ral concernant le poste de&nbsp;Directeur technique national, la F\u00e9d\u00e9ration alg\u00e9rienne de football a pris ses pr\u00e9cautions.&nbsp;<\/p>\n\n\n\n<p>En effet et afin de faire face au prochain mouvement que les membres du BF allaient monter si ce dossier reste en l\u2019\u00e9tat, l\u2019instance f\u00e9d\u00e9rale a rendu publique, vendredi soir, la liste des 26 techniciens qui ont postul\u00e9 pour remplacer Ameur Chafik. La liste a \u00e9t\u00e9 publi\u00e9e par ordre de d\u00e9p\u00f4t de dossiers. L\u2019on trouve les noms qui ont d\u00e9j\u00e0 circul\u00e9, \u00e0 l\u2019image de Azzedine Ait Djoudi, Zakaria Djebbour, Meziane Ighil, Mustapha Biskri, ou encore Mohamed Mekhazni et Hocine Zekri. Un seul \u00e9tranger se trouve dan cette liste, \u00e0 savoir le Fran\u00e7ais&nbsp;Sylvain Mastrisciano,&nbsp;&nbsp;qui a d\u00e9j\u00e0 occup\u00e9 le poste de directeur du centre de formation de l\u2019USM Alger, l\u2019ann\u00e9e pass\u00e9e. Rachid Hamidi Rafael Cuadros, en franco-alg\u00e9rien, a d\u00e9pos\u00e9 lui aussi sa candidature. L\u2019on trouve, aussi, une seule femme, en la personne de Fatma Zohra Douha. Quatre coachs ayant exerc\u00e9 en Ligue 2 ont \u00e9t\u00e9 de cette liste, \u00e0 savoir Khe\u00efreddine Bouchouika, Touhami Sahraoui, Madjid Taleb et Djamel Benchadli. Pour les autres candidats, il s\u2019agit de techniciens inconnu pour le grand public, mais qui r\u00e9pondent aux crit\u00e8res exig\u00e9es par la FAF.&nbsp;&nbsp;\u00ab La F\u00e9d\u00e9ration alg\u00e9rienne de football (FAF) proc\u00e9dera \u00e0 la mise en place d\u2019une commission qui sera charg\u00e9e de l\u2019examen des candidatures \u00bb, a annonc\u00e9 l\u2019instance f\u00e9d\u00e9rale dans un communiqu\u00e9. Par l\u00e0, la FAF et son pr\u00e9sident Charaf Eddine Amara ont voulu mettre un terme \u00e0 ce qui a circul\u00e9 derni\u00e8rement, concernant la volont\u00e9 de ce dernier de confirmer dans ce poste Toufik Kourichi, qui l\u2019occupe provisoirement. Les membres du BF s\u2019opposent \u00e0 une \u00e9ventuelle d\u00e9cision de la sorte et comptent aborder le sujet dans la prochaine r\u00e9union mensuelle. D\u2019ailleurs, un des membres du Bureau en question nous dira dans ce sens : \u00ab Malgr\u00e9 la publication de cette liste, rien n\u2019est encore assur\u00e9. Cela ne sera confirm\u00e9 qu\u2019une fois l\u2019identit\u00e9 du nouveau DTN annonc\u00e9e. Et puis, qui va installer la charg\u00e9e de l\u2019examen des candidatures et quelle sera sa composante ? Beaucoup de zones d\u2019ombre entourent cette affaire.\u00bb<\/p>\n\n\n\n<p>Abderrahim Mahious&nbsp;<\/p>\n","protected":false},"excerpt":{"rendered":"<p>Face aux critiques&nbsp;auxquelles&nbsp;elle a fait face et surtout en raison de la mont\u00e9e au cr\u00e9neau des membres du Bureau f\u00e9d\u00e9ral<\/p>\n","protected":false},"author":3,"featured_media":17864,"comment_status":"open","ping_status":"closed","sticky":false,"template":"","format":"standard","meta":{"colormag_page_container_layout":"default_layout","colormag_page_sidebar_layout":"default_layout","om_disable_all_campaigns":false,"_monsterinsights_skip_tracking":false,"_monsterinsights_sitenote_active":false,"_monsterinsights_sitenote_note":"","_monsterinsights_sitenote_category":0,"footnotes":"","_wpscppro_dont_share_socialmedia":false,"_wpscppro_custom_social_share_image":0,"_facebook_share_type":"","_twitter_share_type":"","_linkedin_share_type":"","_pinterest_share_type":"","_linkedin_share_type_page":"","_instagram_share_type":"","_medium_share_type":"","_threads_share_type":"","_google_business_share_type":"","_selected_social_profile":[],"_wpsp_enable_custom_social_template":false,"_wpsp_social_scheduling":{"enabled":false,"datetime":null,"platforms":[],"status":"template_only","dateOption":"today","timeOption":"now","customDays":"","customHours":"","customDate":"","customTime":"","schedulingType":"absolute"},"_wpsp_active_default_template":true},"categories":[52,33],"tags":[],"class_list":["post-17856","post","type-post","status-publish","format-standard","has-post-thumbnail","hentry","category-a-la-une","category-sports"],"aioseo_notices":[],"yoast_head":"<!-- This site is optimized with the Yoast SEO plugin v27.5 - https:\/\/yoast.com\/product\/yoast-seo-wordpress\/ -->\n<title>Direction technique nationale\u00a0:\u00a0La FAF d\u00e9voile les candidats\u00a0 - La Sentinelle<\/title>\n<meta name=\"robots\" content=\"index, follow, max-snippet:-1, max-image-preview:large, max-video-preview:-1\" \/>\n<link rel=\"canonical\" href=\"https:\/\/lasentinelle.dz\/index.php\/2022\/03\/06\/direction-technique-nationale-la-faf-devoile-les-candidats\/\" \/>\n<meta property=\"og:locale\" content=\"fr_FR\" \/>\n<meta property=\"og:type\" content=\"article\" \/>\n<meta property=\"og:title\" content=\"Direction technique nationale\u00a0:\u00a0La FAF d\u00e9voile les candidats\u00a0 - La Sentinelle\" \/>\n<meta property=\"og:description\" content=\"Face aux critiques&nbsp;auxquelles&nbsp;elle a fait face et surtout en raison de la mont\u00e9e au cr\u00e9neau des membres du Bureau f\u00e9d\u00e9ral\" \/>\n<meta property=\"og:url\" content=\"https:\/\/lasentinelle.dz\/index.php\/2022\/03\/06\/direction-technique-nationale-la-faf-devoile-les-candidats\/\" \/>\n<meta property=\"og:site_name\" content=\"La Sentinelle\" \/>\n<meta property=\"article:publisher\" content=\"https:\/\/www.facebook.com\/La-Sentinelle-104059864394773\" \/>\n<meta property=\"article:published_time\" content=\"2022-03-05T23:05:00+00:00\" \/>\n<meta property=\"og:image\" content=\"https:\/\/lasentinelle.dz\/wp-content\/uploads\/2022\/03\/DTN.png\" \/>\n\t<meta property=\"og:image:width\" content=\"1196\" \/>\n\t<meta property=\"og:image:height\" content=\"900\" \/>\n\t<meta property=\"og:image:type\" content=\"image\/png\" \/>\n<meta name=\"author\" content=\"La Sentinelle\" \/>\n<meta name=\"twitter:card\" content=\"summary_large_image\" \/>\n<meta name=\"twitter:label1\" content=\"\u00c9crit par\" \/>\n\t<meta name=\"twitter:data1\" content=\"La Sentinelle\" \/>\n\t<meta name=\"twitter:label2\" content=\"Dur\u00e9e de lecture estim\u00e9e\" \/>\n\t<meta name=\"twitter:data2\" content=\"2 minutes\" \/>\n<script type=\"application\/ld+json\" class=\"yoast-schema-graph\">{\"@context\":\"https:\\\/\\\/schema.org\",\"@graph\":[{\"@type\":\"Article\",\"@id\":\"https:\\\/\\\/lasentinelle.dz\\\/index.php\\\/2022\\\/03\\\/06\\\/direction-technique-nationale-la-faf-devoile-les-candidats\\\/#article\",\"isPartOf\":{\"@id\":\"https:\\\/\\\/lasentinelle.dz\\\/index.php\\\/2022\\\/03\\\/06\\\/direction-technique-nationale-la-faf-devoile-les-candidats\\\/\"},\"author\":{\"name\":\"La Sentinelle\",\"@id\":\"https:\\\/\\\/lasentinelle.dz\\\/#\\\/schema\\\/person\\\/d865044e22e70a75174ce8bcad3acfb3\"},\"headline\":\"Direction technique nationale\u00a0:\u00a0La FAF d\u00e9voile les candidats\u00a0\",\"datePublished\":\"2022-03-05T23:05:00+00:00\",\"mainEntityOfPage\":{\"@id\":\"https:\\\/\\\/lasentinelle.dz\\\/index.php\\\/2022\\\/03\\\/06\\\/direction-technique-nationale-la-faf-devoile-les-candidats\\\/\"},\"wordCount\":432,\"commentCount\":0,\"publisher\":{\"@id\":\"https:\\\/\\\/lasentinelle.dz\\\/#organization\"},\"image\":{\"@id\":\"https:\\\/\\\/lasentinelle.dz\\\/index.php\\\/2022\\\/03\\\/06\\\/direction-technique-nationale-la-faf-devoile-les-candidats\\\/#primaryimage\"},\"thumbnailUrl\":\"https:\\\/\\\/lasentinelle.dz\\\/wp-content\\\/uploads\\\/2022\\\/03\\\/DTN.png\",\"articleSection\":[\"\u00c0 la Une\",\"Sports\"],\"inLanguage\":\"fr-FR\",\"potentialAction\":[{\"@type\":\"CommentAction\",\"name\":\"Comment\",\"target\":[\"https:\\\/\\\/lasentinelle.dz\\\/index.php\\\/2022\\\/03\\\/06\\\/direction-technique-nationale-la-faf-devoile-les-candidats\\\/#respond\"]}]},{\"@type\":\"WebPage\",\"@id\":\"https:\\\/\\\/lasentinelle.dz\\\/index.php\\\/2022\\\/03\\\/06\\\/direction-technique-nationale-la-faf-devoile-les-candidats\\\/\",\"url\":\"https:\\\/\\\/lasentinelle.dz\\\/index.php\\\/2022\\\/03\\\/06\\\/direction-technique-nationale-la-faf-devoile-les-candidats\\\/\",\"name\":\"Direction technique nationale\u00a0:\u00a0La FAF d\u00e9voile les candidats\u00a0 - La Sentinelle\",\"isPartOf\":{\"@id\":\"https:\\\/\\\/lasentinelle.dz\\\/#website\"},\"primaryImageOfPage\":{\"@id\":\"https:\\\/\\\/lasentinelle.dz\\\/index.php\\\/2022\\\/03\\\/06\\\/direction-technique-nationale-la-faf-devoile-les-candidats\\\/#primaryimage\"},\"image\":{\"@id\":\"https:\\\/\\\/lasentinelle.dz\\\/index.php\\\/2022\\\/03\\\/06\\\/direction-technique-nationale-la-faf-devoile-les-candidats\\\/#primaryimage\"},\"thumbnailUrl\":\"https:\\\/\\\/lasentinelle.dz\\\/wp-content\\\/uploads\\\/2022\\\/03\\\/DTN.png\",\"datePublished\":\"2022-03-05T23:05:00+00:00\",\"breadcrumb\":{\"@id\":\"https:\\\/\\\/lasentinelle.dz\\\/index.php\\\/2022\\\/03\\\/06\\\/direction-technique-nationale-la-faf-devoile-les-candidats\\\/#breadcrumb\"},\"inLanguage\":\"fr-FR\",\"potentialAction\":[{\"@type\":\"ReadAction\",\"target\":[\"https:\\\/\\\/lasentinelle.dz\\\/index.php\\\/2022\\\/03\\\/06\\\/direction-technique-nationale-la-faf-devoile-les-candidats\\\/\"]}]},{\"@type\":\"ImageObject\",\"inLanguage\":\"fr-FR\",\"@id\":\"https:\\\/\\\/lasentinelle.dz\\\/index.php\\\/2022\\\/03\\\/06\\\/direction-technique-nationale-la-faf-devoile-les-candidats\\\/#primaryimage\",\"url\":\"https:\\\/\\\/lasentinelle.dz\\\/wp-content\\\/uploads\\\/2022\\\/03\\\/DTN.png\",\"contentUrl\":\"https:\\\/\\\/lasentinelle.dz\\\/wp-content\\\/uploads\\\/2022\\\/03\\\/DTN.png\",\"width\":1196,\"height\":900},{\"@type\":\"BreadcrumbList\",\"@id\":\"https:\\\/\\\/lasentinelle.dz\\\/index.php\\\/2022\\\/03\\\/06\\\/direction-technique-nationale-la-faf-devoile-les-candidats\\\/#breadcrumb\",\"itemListElement\":[{\"@type\":\"ListItem\",\"position\":1,\"name\":\"Accueil\",\"item\":\"https:\\\/\\\/lasentinelle.dz\\\/\"},{\"@type\":\"ListItem\",\"position\":2,\"name\":\"Direction technique nationale\u00a0:\u00a0La FAF d\u00e9voile les candidats\u00a0\"}]},{\"@type\":\"WebSite\",\"@id\":\"https:\\\/\\\/lasentinelle.dz\\\/#website\",\"url\":\"https:\\\/\\\/lasentinelle.dz\\\/\",\"name\":\"La Sentinelle\",\"description\":\"Quotidien national d&#039;information\",\"publisher\":{\"@id\":\"https:\\\/\\\/lasentinelle.dz\\\/#organization\"},\"potentialAction\":[{\"@type\":\"SearchAction\",\"target\":{\"@type\":\"EntryPoint\",\"urlTemplate\":\"https:\\\/\\\/lasentinelle.dz\\\/?s={search_term_string}\"},\"query-input\":{\"@type\":\"PropertyValueSpecification\",\"valueRequired\":true,\"valueName\":\"search_term_string\"}}],\"inLanguage\":\"fr-FR\"},{\"@type\":\"Organization\",\"@id\":\"https:\\\/\\\/lasentinelle.dz\\\/#organization\",\"name\":\"Quotidien La Sentinelle\",\"url\":\"https:\\\/\\\/lasentinelle.dz\\\/\",\"logo\":{\"@type\":\"ImageObject\",\"inLanguage\":\"fr-FR\",\"@id\":\"https:\\\/\\\/lasentinelle.dz\\\/#\\\/schema\\\/logo\\\/image\\\/\",\"url\":\"https:\\\/\\\/lasentinelle.dz\\\/wp-content\\\/uploads\\\/2021\\\/09\\\/logo-sentinelleSLOGAN-1.png\",\"contentUrl\":\"https:\\\/\\\/lasentinelle.dz\\\/wp-content\\\/uploads\\\/2021\\\/09\\\/logo-sentinelleSLOGAN-1.png\",\"width\":615,\"height\":142,\"caption\":\"Quotidien La Sentinelle\"},\"image\":{\"@id\":\"https:\\\/\\\/lasentinelle.dz\\\/#\\\/schema\\\/logo\\\/image\\\/\"},\"sameAs\":[\"https:\\\/\\\/www.facebook.com\\\/La-Sentinelle-104059864394773\"]},{\"@type\":\"Person\",\"@id\":\"https:\\\/\\\/lasentinelle.dz\\\/#\\\/schema\\\/person\\\/d865044e22e70a75174ce8bcad3acfb3\",\"name\":\"La Sentinelle\",\"image\":{\"@type\":\"ImageObject\",\"inLanguage\":\"fr-FR\",\"@id\":\"https:\\\/\\\/secure.gravatar.com\\\/avatar\\\/57de8e5d4b15d43fb361a71fbb36338450fe67865b528a43dd10ef7c51a20392?s=96&d=mm&r=g\",\"url\":\"https:\\\/\\\/secure.gravatar.com\\\/avatar\\\/57de8e5d4b15d43fb361a71fbb36338450fe67865b528a43dd10ef7c51a20392?s=96&d=mm&r=g\",\"contentUrl\":\"https:\\\/\\\/secure.gravatar.com\\\/avatar\\\/57de8e5d4b15d43fb361a71fbb36338450fe67865b528a43dd10ef7c51a20392?s=96&d=mm&r=g\",\"caption\":\"La Sentinelle\"},\"sameAs\":[\"http:\\\/\\\/www.lasentinelle.dz\"],\"url\":\"https:\\\/\\\/lasentinelle.dz\\\/author\\\/redaction\\\/\"}]}<\/script>\n<!-- \/ Yoast SEO plugin. -->","yoast_head_json":{"title":"Direction technique nationale\u00a0:\u00a0La FAF d\u00e9voile les candidats\u00a0 - La Sentinelle","robots":{"index":"index","follow":"follow","max-snippet":"max-snippet:-1","max-image-preview":"max-image-preview:large","max-video-preview":"max-video-preview:-1"},"canonical":"https:\/\/lasentinelle.dz\/index.php\/2022\/03\/06\/direction-technique-nationale-la-faf-devoile-les-candidats\/","og_locale":"fr_FR","og_type":"article","og_title":"Direction technique nationale\u00a0:\u00a0La FAF d\u00e9voile les candidats\u00a0 - La Sentinelle","og_description":"Face aux critiques&nbsp;auxquelles&nbsp;elle a fait face et surtout en raison de la mont\u00e9e au cr\u00e9neau des membres du Bureau f\u00e9d\u00e9ral","og_url":"https:\/\/lasentinelle.dz\/index.php\/2022\/03\/06\/direction-technique-nationale-la-faf-devoile-les-candidats\/","og_site_name":"La Sentinelle","article_publisher":"https:\/\/www.facebook.com\/La-Sentinelle-104059864394773","article_published_time":"2022-03-05T23:05:00+00:00","og_image":[{"width":1196,"height":900,"url":"https:\/\/lasentinelle.dz\/wp-content\/uploads\/2022\/03\/DTN.png","type":"image\/png"}],"author":"La Sentinelle","twitter_card":"summary_large_image","twitter_misc":{"\u00c9crit par":"La Sentinelle","Dur\u00e9e de lecture estim\u00e9e":"2 minutes"},"schema":{"@context":"https:\/\/schema.org","@graph":[{"@type":"Article","@id":"https:\/\/lasentinelle.dz\/index.php\/2022\/03\/06\/direction-technique-nationale-la-faf-devoile-les-candidats\/#article","isPartOf":{"@id":"https:\/\/lasentinelle.dz\/index.php\/2022\/03\/06\/direction-technique-nationale-la-faf-devoile-les-candidats\/"},"author":{"name":"La Sentinelle","@id":"https:\/\/lasentinelle.dz\/#\/schema\/person\/d865044e22e70a75174ce8bcad3acfb3"},"headline":"Direction technique nationale\u00a0:\u00a0La FAF d\u00e9voile les candidats\u00a0","datePublished":"2022-03-05T23:05:00+00:00","mainEntityOfPage":{"@id":"https:\/\/lasentinelle.dz\/index.php\/2022\/03\/06\/direction-technique-nationale-la-faf-devoile-les-candidats\/"},"wordCount":432,"commentCount":0,"publisher":{"@id":"https:\/\/lasentinelle.dz\/#organization"},"image":{"@id":"https:\/\/lasentinelle.dz\/index.php\/2022\/03\/06\/direction-technique-nationale-la-faf-devoile-les-candidats\/#primaryimage"},"thumbnailUrl":"https:\/\/lasentinelle.dz\/wp-content\/uploads\/2022\/03\/DTN.png","articleSection":["\u00c0 la Une","Sports"],"inLanguage":"fr-FR","potentialAction":[{"@type":"CommentAction","name":"Comment","target":["https:\/\/lasentinelle.dz\/index.php\/2022\/03\/06\/direction-technique-nationale-la-faf-devoile-les-candidats\/#respond"]}]},{"@type":"WebPage","@id":"https:\/\/lasentinelle.dz\/index.php\/2022\/03\/06\/direction-technique-nationale-la-faf-devoile-les-candidats\/","url":"https:\/\/lasentinelle.dz\/index.php\/2022\/03\/06\/direction-technique-nationale-la-faf-devoile-les-candidats\/","name":"Direction technique nationale\u00a0:\u00a0La FAF d\u00e9voile les candidats\u00a0 - La Sentinelle","isPartOf":{"@id":"https:\/\/lasentinelle.dz\/#website"},"primaryImageOfPage":{"@id":"https:\/\/lasentinelle.dz\/index.php\/2022\/03\/06\/direction-technique-nationale-la-faf-devoile-les-candidats\/#primaryimage"},"image":{"@id":"https:\/\/lasentinelle.dz\/index.php\/2022\/03\/06\/direction-technique-nationale-la-faf-devoile-les-candidats\/#primaryimage"},"thumbnailUrl":"https:\/\/lasentinelle.dz\/wp-content\/uploads\/2022\/03\/DTN.png","datePublished":"2022-03-05T23:05:00+00:00","breadcrumb":{"@id":"https:\/\/lasentinelle.dz\/index.php\/2022\/03\/06\/direction-technique-nationale-la-faf-devoile-les-candidats\/#breadcrumb"},"inLanguage":"fr-FR","potentialAction":[{"@type":"ReadAction","target":["https:\/\/lasentinelle.dz\/index.php\/2022\/03\/06\/direction-technique-nationale-la-faf-devoile-les-candidats\/"]}]},{"@type":"ImageObject","inLanguage":"fr-FR","@id":"https:\/\/lasentinelle.dz\/index.php\/2022\/03\/06\/direction-technique-nationale-la-faf-devoile-les-candidats\/#primaryimage","url":"https:\/\/lasentinelle.dz\/wp-content\/uploads\/2022\/03\/DTN.png","contentUrl":"https:\/\/lasentinelle.dz\/wp-content\/uploads\/2022\/03\/DTN.png","width":1196,"height":900},{"@type":"BreadcrumbList","@id":"https:\/\/lasentinelle.dz\/index.php\/2022\/03\/06\/direction-technique-nationale-la-faf-devoile-les-candidats\/#breadcrumb","itemListElement":[{"@type":"ListItem","position":1,"name":"Accueil","item":"https:\/\/lasentinelle.dz\/"},{"@type":"ListItem","position":2,"name":"Direction technique nationale\u00a0:\u00a0La FAF d\u00e9voile les candidats\u00a0"}]},{"@type":"WebSite","@id":"https:\/\/lasentinelle.dz\/#website","url":"https:\/\/lasentinelle.dz\/","name":"La Sentinelle","description":"Quotidien national d&#039;information","publisher":{"@id":"https:\/\/lasentinelle.dz\/#organization"},"potentialAction":[{"@type":"SearchAction","target":{"@type":"EntryPoint","urlTemplate":"https:\/\/lasentinelle.dz\/?s={search_term_string}"},"query-input":{"@type":"PropertyValueSpecification","valueRequired":true,"valueName":"search_term_string"}}],"inLanguage":"fr-FR"},{"@type":"Organization","@id":"https:\/\/lasentinelle.dz\/#organization","name":"Quotidien La Sentinelle","url":"https:\/\/lasentinelle.dz\/","logo":{"@type":"ImageObject","inLanguage":"fr-FR","@id":"https:\/\/lasentinelle.dz\/#\/schema\/logo\/image\/","url":"https:\/\/lasentinelle.dz\/wp-content\/uploads\/2021\/09\/logo-sentinelleSLOGAN-1.png","contentUrl":"https:\/\/lasentinelle.dz\/wp-content\/uploads\/2021\/09\/logo-sentinelleSLOGAN-1.png","width":615,"height":142,"caption":"Quotidien La Sentinelle"},"image":{"@id":"https:\/\/lasentinelle.dz\/#\/schema\/logo\/image\/"},"sameAs":["https:\/\/www.facebook.com\/La-Sentinelle-104059864394773"]},{"@type":"Person","@id":"https:\/\/lasentinelle.dz\/#\/schema\/person\/d865044e22e70a75174ce8bcad3acfb3","name":"La Sentinelle","image":{"@type":"ImageObject","inLanguage":"fr-FR","@id":"https:\/\/secure.gravatar.com\/avatar\/57de8e5d4b15d43fb361a71fbb36338450fe67865b528a43dd10ef7c51a20392?s=96&d=mm&r=g","url":"https:\/\/secure.gravatar.com\/avatar\/57de8e5d4b15d43fb361a71fbb36338450fe67865b528a43dd10ef7c51a20392?s=96&d=mm&r=g","contentUrl":"https:\/\/secure.gravatar.com\/avatar\/57de8e5d4b15d43fb361a71fbb36338450fe67865b528a43dd10ef7c51a20392?s=96&d=mm&r=g","caption":"La Sentinelle"},"sameAs":["http:\/\/www.lasentinelle.dz"],"url":"https:\/\/lasentinelle.dz\/author\/redaction\/"}]}},"_links":{"self":[{"href":"https:\/\/lasentinelle.dz\/index.php\/wp-json\/wp\/v2\/posts\/17856","targetHints":{"allow":["GET"]}}],"collection":[{"href":"https:\/\/lasentinelle.dz\/index.php\/wp-json\/wp\/v2\/posts"}],"about":[{"href":"https:\/\/lasentinelle.dz\/index.php\/wp-json\/wp\/v2\/types\/post"}],"author":[{"embeddable":true,"href":"https:\/\/lasentinelle.dz\/index.php\/wp-json\/wp\/v2\/users\/3"}],"replies":[{"embeddable":true,"href":"https:\/\/lasentinelle.dz\/index.php\/wp-json\/wp\/v2\/comments?post=17856"}],"version-history":[{"count":1,"href":"https:\/\/lasentinelle.dz\/index.php\/wp-json\/wp\/v2\/posts\/17856\/revisions"}],"predecessor-version":[{"id":17867,"href":"https:\/\/lasentinelle.dz\/index.php\/wp-json\/wp\/v2\/posts\/17856\/revisions\/17867"}],"wp:featuredmedia":[{"embeddable":true,"href":"https:\/\/lasentinelle.dz\/index.php\/wp-json\/wp\/v2\/media\/17864"}],"wp:attachment":[{"href":"https:\/\/lasentinelle.dz\/index.php\/wp-json\/wp\/v2\/media?parent=17856"}],"wp:term":[{"taxonomy":"category","embeddable":true,"href":"https:\/\/lasentinelle.dz\/index.php\/wp-json\/wp\/v2\/categories?post=17856"},{"taxonomy":"post_tag","embeddable":true,"href":"https:\/\/lasentinelle.dz\/index.php\/wp-json\/wp\/v2\/tags?post=17856"}],"curies":[{"name":"wp","href":"https:\/\/api.w.org\/{rel}","templated":true}]}}