{"id":17880,"date":"2022-03-06T00:01:00","date_gmt":"2022-03-05T23:01:00","guid":{"rendered":"https:\/\/lasentinelle.dz\/?p=17880"},"modified":"2022-03-05T17:21:51","modified_gmt":"2022-03-05T16:21:51","slug":"blocage-des-routes-a-annaba-onze-personnes-sous-controle-judiciaire","status":"publish","type":"post","link":"https:\/\/lasentinelle.dz\/index.php\/2022\/03\/06\/blocage-des-routes-a-annaba-onze-personnes-sous-controle-judiciaire\/","title":{"rendered":"Blocage\u00a0des routes \u00e0 Annaba\u00a0: Onze personnes\u00a0sous contr\u00f4le judiciaire"},"content":{"rendered":"\n<p>Les \u00e9l\u00e9ments du groupement local de la&nbsp;Gendarmerie nationale ont pr\u00e9sent\u00e9 devant le procureur de la&nbsp;R\u00e9publique pr\u00e8s le tribunal de Berrahal, onze personnes, impliqu\u00e9es dans l&rsquo;affaire de&nbsp;&nbsp;blocage de la RN 44, \u00e0 la sortie de la ville de Berrahal, apprend-on de source&nbsp;judiciaire. Selon la m\u00eame source 14 autres&nbsp;personnes&nbsp;impliqu\u00e9es dans le blocage de la route sont en fuite&nbsp;&nbsp;et sont activement recherch\u00e9es, apr\u00e8s avoir \u00e9t\u00e9 identifi\u00e9es. Tous les mis en causes sont poursuivis,entre autres,&nbsp;pour&nbsp;obstruction de la route&nbsp;&nbsp;et d\u2019atteinte \u00e0 la s\u00e9curit\u00e9 publique, a expliqu\u00e9 ladite source. Les pr\u00e9venus, qui&nbsp;&nbsp;sont majoritairement&nbsp;&nbsp;des jeunes des cit\u00e9s semi-rurales, Tacha et Guirrech relevant de la da\u00efra de Berrahal,&nbsp;ont bloqu\u00e9, jeudi dernier pendant des heures, le tron\u00e7on \u00e0 double voie reliant la&nbsp;&nbsp;wilaya d\u2019Annaba \u00e0&nbsp;&nbsp;Skikda et Constantine.&nbsp;&nbsp;Une action qui a entra\u00een\u00e9 une forte congestion du trafic routier&nbsp;occasionnant une grande pagaille&nbsp;&nbsp;sur cette voie&nbsp;&nbsp;nationale expresse. Les pr\u00e9venus ont bloqu\u00e9 la RN 44, pour protester contre des projets en cours de r\u00e9alisation&nbsp;relanc\u00e9s apr\u00e8s arr\u00eat, sur instruction du chef de l\u2019Etat, Abdelmadjid Tebboune. En somme, nous dit-on, l\u2019action est une contestation contre les directives du Pr\u00e9sident de la R\u00e9publique pr\u00f4nant des facilitations aux investisseurs en difficult\u00e9 ! Selon certaines indiscr\u00e9tions l\u2019acte n\u2019est pas anodin. Effectivement, les protestataires&nbsp;&nbsp;auraient \u00e9t\u00e9 manipul\u00e9s selon les \u00e9l\u00e9ments de l\u2019enqu\u00eate, a soulign\u00e9 notre source. Celle-ci a fait savoir que l\u2019exploitation des informations et des preuves obtenues, par les services de s\u00e9curit\u00e9,&nbsp;&nbsp;a&nbsp;\u00e9tabli que les jeunes mis en cause, seraient manipul\u00e9s par la mafia locale du foncier moyennant une petite Tchipa, afin de forcer les autorit\u00e9s \u00e0 annuler plusieurs projets, dont un touristique de montagne, implant\u00e9 au lieu-dit \u00ab Balout Zaouch \u00bb sur une superficie de 17 hectares situ\u00e9s aux abords de la RN 44. Une affaire qui selon la m\u00eame source s\u00e9curitaire, a permis \u00e0 la mafia du foncier&nbsp;de&nbsp;spolier une importante assiette fonci\u00e8re urbaine et scind\u00e9e en une vingtaine d\u2019importants lots de terrain, lesquels avait \u00e9t\u00e9 pourtant r\u00e9serv\u00e9s dans un pass\u00e9 r\u00e9cent pour accueillir des showrooms, entre autres&nbsp;\u00e0 la cit\u00e9 Ahmed Bouguessas.&nbsp;Pour rappel, en vertu de l\u2019amendement du Code p\u00e9nal et&nbsp;l\u2019entr\u00e9e en vigueur de l&rsquo;article 408 du Code p\u00e9nal,&nbsp;les&nbsp;personnes impliqu\u00e9es dans les actions d\u2019obstruction des routes&nbsp;en courent une&nbsp;peine de prison allant de 5 \u00e0 10 ans.<\/p>\n\n\n\n<p><strong>S<\/strong><strong>.&nbsp;Chahine<\/strong><\/p>\n","protected":false},"excerpt":{"rendered":"<p>Les \u00e9l\u00e9ments du groupement local de la&nbsp;Gendarmerie nationale ont pr\u00e9sent\u00e9 devant le procureur de la&nbsp;R\u00e9publique pr\u00e8s le tribunal de Berrahal,<\/p>\n","protected":false},"author":3,"featured_media":17883,"comment_status":"open","ping_status":"closed","sticky":false,"template":"","format":"standard","meta":{"colormag_page_container_layout":"default_layout","colormag_page_sidebar_layout":"default_layout","om_disable_all_campaigns":false,"_monsterinsights_skip_tracking":false,"_monsterinsights_sitenote_active":false,"_monsterinsights_sitenote_note":"","_monsterinsights_sitenote_category":0,"footnotes":"","_wpscppro_dont_share_socialmedia":false,"_wpscppro_custom_social_share_image":0,"_facebook_share_type":"","_twitter_share_type":"","_linkedin_share_type":"","_pinterest_share_type":"","_linkedin_share_type_page":"","_instagram_share_type":"","_medium_share_type":"","_threads_share_type":"","_google_business_share_type":"","_selected_social_profile":[],"_wpsp_enable_custom_social_template":false,"_wpsp_social_scheduling":{"enabled":false,"datetime":null,"platforms":[],"status":"template_only","dateOption":"today","timeOption":"now","customDays":"","customHours":"","customDate":"","customTime":"","schedulingType":"absolute"},"_wpsp_active_default_template":true},"categories":[31],"tags":[],"class_list":["post-17880","post","type-post","status-publish","format-standard","has-post-thumbnail","hentry","category-regions"],"aioseo_notices":[],"yoast_head":"<!-- This site is optimized with the Yoast SEO plugin v27.5 - https:\/\/yoast.com\/product\/yoast-seo-wordpress\/ -->\n<title>Blocage\u00a0des routes \u00e0 Annaba\u00a0: Onze personnes\u00a0sous contr\u00f4le judiciaire - La Sentinelle<\/title>\n<meta name=\"robots\" content=\"index, follow, max-snippet:-1, max-image-preview:large, max-video-preview:-1\" \/>\n<link rel=\"canonical\" href=\"https:\/\/lasentinelle.dz\/index.php\/2022\/03\/06\/blocage-des-routes-a-annaba-onze-personnes-sous-controle-judiciaire\/\" \/>\n<meta property=\"og:locale\" content=\"fr_FR\" \/>\n<meta property=\"og:type\" content=\"article\" \/>\n<meta property=\"og:title\" content=\"Blocage\u00a0des routes \u00e0 Annaba\u00a0: Onze personnes\u00a0sous contr\u00f4le judiciaire - La Sentinelle\" \/>\n<meta property=\"og:description\" content=\"Les \u00e9l\u00e9ments du groupement local de la&nbsp;Gendarmerie nationale ont pr\u00e9sent\u00e9 devant le procureur de la&nbsp;R\u00e9publique pr\u00e8s le tribunal de Berrahal,\" \/>\n<meta property=\"og:url\" content=\"https:\/\/lasentinelle.dz\/index.php\/2022\/03\/06\/blocage-des-routes-a-annaba-onze-personnes-sous-controle-judiciaire\/\" \/>\n<meta property=\"og:site_name\" content=\"La Sentinelle\" \/>\n<meta property=\"article:publisher\" content=\"https:\/\/www.facebook.com\/La-Sentinelle-104059864394773\" \/>\n<meta property=\"article:published_time\" content=\"2022-03-05T23:01:00+00:00\" \/>\n<meta property=\"og:image\" content=\"https:\/\/lasentinelle.dz\/wp-content\/uploads\/2022\/03\/242930599_374375027758487_372279066258636166_n.jpeg\" \/>\n\t<meta property=\"og:image:width\" content=\"960\" \/>\n\t<meta property=\"og:image:height\" content=\"724\" \/>\n\t<meta property=\"og:image:type\" content=\"image\/jpeg\" \/>\n<meta name=\"author\" content=\"La Sentinelle\" \/>\n<meta name=\"twitter:card\" content=\"summary_large_image\" \/>\n<meta name=\"twitter:label1\" content=\"\u00c9crit par\" \/>\n\t<meta name=\"twitter:data1\" content=\"La Sentinelle\" \/>\n\t<meta name=\"twitter:label2\" content=\"Dur\u00e9e de lecture estim\u00e9e\" \/>\n\t<meta name=\"twitter:data2\" content=\"2 minutes\" \/>\n<script type=\"application\/ld+json\" class=\"yoast-schema-graph\">{\"@context\":\"https:\\\/\\\/schema.org\",\"@graph\":[{\"@type\":\"Article\",\"@id\":\"https:\\\/\\\/lasentinelle.dz\\\/index.php\\\/2022\\\/03\\\/06\\\/blocage-des-routes-a-annaba-onze-personnes-sous-controle-judiciaire\\\/#article\",\"isPartOf\":{\"@id\":\"https:\\\/\\\/lasentinelle.dz\\\/index.php\\\/2022\\\/03\\\/06\\\/blocage-des-routes-a-annaba-onze-personnes-sous-controle-judiciaire\\\/\"},\"author\":{\"name\":\"La Sentinelle\",\"@id\":\"https:\\\/\\\/lasentinelle.dz\\\/#\\\/schema\\\/person\\\/d865044e22e70a75174ce8bcad3acfb3\"},\"headline\":\"Blocage\u00a0des routes \u00e0 Annaba\u00a0: Onze personnes\u00a0sous contr\u00f4le judiciaire\",\"datePublished\":\"2022-03-05T23:01:00+00:00\",\"mainEntityOfPage\":{\"@id\":\"https:\\\/\\\/lasentinelle.dz\\\/index.php\\\/2022\\\/03\\\/06\\\/blocage-des-routes-a-annaba-onze-personnes-sous-controle-judiciaire\\\/\"},\"wordCount\":483,\"commentCount\":0,\"publisher\":{\"@id\":\"https:\\\/\\\/lasentinelle.dz\\\/#organization\"},\"image\":{\"@id\":\"https:\\\/\\\/lasentinelle.dz\\\/index.php\\\/2022\\\/03\\\/06\\\/blocage-des-routes-a-annaba-onze-personnes-sous-controle-judiciaire\\\/#primaryimage\"},\"thumbnailUrl\":\"https:\\\/\\\/lasentinelle.dz\\\/wp-content\\\/uploads\\\/2022\\\/03\\\/242930599_374375027758487_372279066258636166_n.jpeg\",\"articleSection\":[\"R\u00e9gions\"],\"inLanguage\":\"fr-FR\",\"potentialAction\":[{\"@type\":\"CommentAction\",\"name\":\"Comment\",\"target\":[\"https:\\\/\\\/lasentinelle.dz\\\/index.php\\\/2022\\\/03\\\/06\\\/blocage-des-routes-a-annaba-onze-personnes-sous-controle-judiciaire\\\/#respond\"]}]},{\"@type\":\"WebPage\",\"@id\":\"https:\\\/\\\/lasentinelle.dz\\\/index.php\\\/2022\\\/03\\\/06\\\/blocage-des-routes-a-annaba-onze-personnes-sous-controle-judiciaire\\\/\",\"url\":\"https:\\\/\\\/lasentinelle.dz\\\/index.php\\\/2022\\\/03\\\/06\\\/blocage-des-routes-a-annaba-onze-personnes-sous-controle-judiciaire\\\/\",\"name\":\"Blocage\u00a0des routes \u00e0 Annaba\u00a0: Onze personnes\u00a0sous contr\u00f4le judiciaire - La Sentinelle\",\"isPartOf\":{\"@id\":\"https:\\\/\\\/lasentinelle.dz\\\/#website\"},\"primaryImageOfPage\":{\"@id\":\"https:\\\/\\\/lasentinelle.dz\\\/index.php\\\/2022\\\/03\\\/06\\\/blocage-des-routes-a-annaba-onze-personnes-sous-controle-judiciaire\\\/#primaryimage\"},\"image\":{\"@id\":\"https:\\\/\\\/lasentinelle.dz\\\/index.php\\\/2022\\\/03\\\/06\\\/blocage-des-routes-a-annaba-onze-personnes-sous-controle-judiciaire\\\/#primaryimage\"},\"thumbnailUrl\":\"https:\\\/\\\/lasentinelle.dz\\\/wp-content\\\/uploads\\\/2022\\\/03\\\/242930599_374375027758487_372279066258636166_n.jpeg\",\"datePublished\":\"2022-03-05T23:01:00+00:00\",\"breadcrumb\":{\"@id\":\"https:\\\/\\\/lasentinelle.dz\\\/index.php\\\/2022\\\/03\\\/06\\\/blocage-des-routes-a-annaba-onze-personnes-sous-controle-judiciaire\\\/#breadcrumb\"},\"inLanguage\":\"fr-FR\",\"potentialAction\":[{\"@type\":\"ReadAction\",\"target\":[\"https:\\\/\\\/lasentinelle.dz\\\/index.php\\\/2022\\\/03\\\/06\\\/blocage-des-routes-a-annaba-onze-personnes-sous-controle-judiciaire\\\/\"]}]},{\"@type\":\"ImageObject\",\"inLanguage\":\"fr-FR\",\"@id\":\"https:\\\/\\\/lasentinelle.dz\\\/index.php\\\/2022\\\/03\\\/06\\\/blocage-des-routes-a-annaba-onze-personnes-sous-controle-judiciaire\\\/#primaryimage\",\"url\":\"https:\\\/\\\/lasentinelle.dz\\\/wp-content\\\/uploads\\\/2022\\\/03\\\/242930599_374375027758487_372279066258636166_n.jpeg\",\"contentUrl\":\"https:\\\/\\\/lasentinelle.dz\\\/wp-content\\\/uploads\\\/2022\\\/03\\\/242930599_374375027758487_372279066258636166_n.jpeg\",\"width\":960,\"height\":724},{\"@type\":\"BreadcrumbList\",\"@id\":\"https:\\\/\\\/lasentinelle.dz\\\/index.php\\\/2022\\\/03\\\/06\\\/blocage-des-routes-a-annaba-onze-personnes-sous-controle-judiciaire\\\/#breadcrumb\",\"itemListElement\":[{\"@type\":\"ListItem\",\"position\":1,\"name\":\"Accueil\",\"item\":\"https:\\\/\\\/lasentinelle.dz\\\/\"},{\"@type\":\"ListItem\",\"position\":2,\"name\":\"Blocage\u00a0des routes \u00e0 Annaba\u00a0: Onze personnes\u00a0sous contr\u00f4le judiciaire\"}]},{\"@type\":\"WebSite\",\"@id\":\"https:\\\/\\\/lasentinelle.dz\\\/#website\",\"url\":\"https:\\\/\\\/lasentinelle.dz\\\/\",\"name\":\"La Sentinelle\",\"description\":\"Quotidien national d&#039;information\",\"publisher\":{\"@id\":\"https:\\\/\\\/lasentinelle.dz\\\/#organization\"},\"potentialAction\":[{\"@type\":\"SearchAction\",\"target\":{\"@type\":\"EntryPoint\",\"urlTemplate\":\"https:\\\/\\\/lasentinelle.dz\\\/?s={search_term_string}\"},\"query-input\":{\"@type\":\"PropertyValueSpecification\",\"valueRequired\":true,\"valueName\":\"search_term_string\"}}],\"inLanguage\":\"fr-FR\"},{\"@type\":\"Organization\",\"@id\":\"https:\\\/\\\/lasentinelle.dz\\\/#organization\",\"name\":\"Quotidien La Sentinelle\",\"url\":\"https:\\\/\\\/lasentinelle.dz\\\/\",\"logo\":{\"@type\":\"ImageObject\",\"inLanguage\":\"fr-FR\",\"@id\":\"https:\\\/\\\/lasentinelle.dz\\\/#\\\/schema\\\/logo\\\/image\\\/\",\"url\":\"https:\\\/\\\/lasentinelle.dz\\\/wp-content\\\/uploads\\\/2021\\\/09\\\/logo-sentinelleSLOGAN-1.png\",\"contentUrl\":\"https:\\\/\\\/lasentinelle.dz\\\/wp-content\\\/uploads\\\/2021\\\/09\\\/logo-sentinelleSLOGAN-1.png\",\"width\":615,\"height\":142,\"caption\":\"Quotidien La Sentinelle\"},\"image\":{\"@id\":\"https:\\\/\\\/lasentinelle.dz\\\/#\\\/schema\\\/logo\\\/image\\\/\"},\"sameAs\":[\"https:\\\/\\\/www.facebook.com\\\/La-Sentinelle-104059864394773\"]},{\"@type\":\"Person\",\"@id\":\"https:\\\/\\\/lasentinelle.dz\\\/#\\\/schema\\\/person\\\/d865044e22e70a75174ce8bcad3acfb3\",\"name\":\"La Sentinelle\",\"image\":{\"@type\":\"ImageObject\",\"inLanguage\":\"fr-FR\",\"@id\":\"https:\\\/\\\/secure.gravatar.com\\\/avatar\\\/57de8e5d4b15d43fb361a71fbb36338450fe67865b528a43dd10ef7c51a20392?s=96&d=mm&r=g\",\"url\":\"https:\\\/\\\/secure.gravatar.com\\\/avatar\\\/57de8e5d4b15d43fb361a71fbb36338450fe67865b528a43dd10ef7c51a20392?s=96&d=mm&r=g\",\"contentUrl\":\"https:\\\/\\\/secure.gravatar.com\\\/avatar\\\/57de8e5d4b15d43fb361a71fbb36338450fe67865b528a43dd10ef7c51a20392?s=96&d=mm&r=g\",\"caption\":\"La Sentinelle\"},\"sameAs\":[\"http:\\\/\\\/www.lasentinelle.dz\"],\"url\":\"https:\\\/\\\/lasentinelle.dz\\\/author\\\/redaction\\\/\"}]}<\/script>\n<!-- \/ Yoast SEO plugin. -->","yoast_head_json":{"title":"Blocage\u00a0des routes \u00e0 Annaba\u00a0: Onze personnes\u00a0sous contr\u00f4le judiciaire - La Sentinelle","robots":{"index":"index","follow":"follow","max-snippet":"max-snippet:-1","max-image-preview":"max-image-preview:large","max-video-preview":"max-video-preview:-1"},"canonical":"https:\/\/lasentinelle.dz\/index.php\/2022\/03\/06\/blocage-des-routes-a-annaba-onze-personnes-sous-controle-judiciaire\/","og_locale":"fr_FR","og_type":"article","og_title":"Blocage\u00a0des routes \u00e0 Annaba\u00a0: Onze personnes\u00a0sous contr\u00f4le judiciaire - La Sentinelle","og_description":"Les \u00e9l\u00e9ments du groupement local de la&nbsp;Gendarmerie nationale ont pr\u00e9sent\u00e9 devant le procureur de la&nbsp;R\u00e9publique pr\u00e8s le tribunal de Berrahal,","og_url":"https:\/\/lasentinelle.dz\/index.php\/2022\/03\/06\/blocage-des-routes-a-annaba-onze-personnes-sous-controle-judiciaire\/","og_site_name":"La Sentinelle","article_publisher":"https:\/\/www.facebook.com\/La-Sentinelle-104059864394773","article_published_time":"2022-03-05T23:01:00+00:00","og_image":[{"width":960,"height":724,"url":"https:\/\/lasentinelle.dz\/wp-content\/uploads\/2022\/03\/242930599_374375027758487_372279066258636166_n.jpeg","type":"image\/jpeg"}],"author":"La Sentinelle","twitter_card":"summary_large_image","twitter_misc":{"\u00c9crit par":"La Sentinelle","Dur\u00e9e de lecture estim\u00e9e":"2 minutes"},"schema":{"@context":"https:\/\/schema.org","@graph":[{"@type":"Article","@id":"https:\/\/lasentinelle.dz\/index.php\/2022\/03\/06\/blocage-des-routes-a-annaba-onze-personnes-sous-controle-judiciaire\/#article","isPartOf":{"@id":"https:\/\/lasentinelle.dz\/index.php\/2022\/03\/06\/blocage-des-routes-a-annaba-onze-personnes-sous-controle-judiciaire\/"},"author":{"name":"La Sentinelle","@id":"https:\/\/lasentinelle.dz\/#\/schema\/person\/d865044e22e70a75174ce8bcad3acfb3"},"headline":"Blocage\u00a0des routes \u00e0 Annaba\u00a0: Onze personnes\u00a0sous contr\u00f4le judiciaire","datePublished":"2022-03-05T23:01:00+00:00","mainEntityOfPage":{"@id":"https:\/\/lasentinelle.dz\/index.php\/2022\/03\/06\/blocage-des-routes-a-annaba-onze-personnes-sous-controle-judiciaire\/"},"wordCount":483,"commentCount":0,"publisher":{"@id":"https:\/\/lasentinelle.dz\/#organization"},"image":{"@id":"https:\/\/lasentinelle.dz\/index.php\/2022\/03\/06\/blocage-des-routes-a-annaba-onze-personnes-sous-controle-judiciaire\/#primaryimage"},"thumbnailUrl":"https:\/\/lasentinelle.dz\/wp-content\/uploads\/2022\/03\/242930599_374375027758487_372279066258636166_n.jpeg","articleSection":["R\u00e9gions"],"inLanguage":"fr-FR","potentialAction":[{"@type":"CommentAction","name":"Comment","target":["https:\/\/lasentinelle.dz\/index.php\/2022\/03\/06\/blocage-des-routes-a-annaba-onze-personnes-sous-controle-judiciaire\/#respond"]}]},{"@type":"WebPage","@id":"https:\/\/lasentinelle.dz\/index.php\/2022\/03\/06\/blocage-des-routes-a-annaba-onze-personnes-sous-controle-judiciaire\/","url":"https:\/\/lasentinelle.dz\/index.php\/2022\/03\/06\/blocage-des-routes-a-annaba-onze-personnes-sous-controle-judiciaire\/","name":"Blocage\u00a0des routes \u00e0 Annaba\u00a0: Onze personnes\u00a0sous contr\u00f4le judiciaire - La Sentinelle","isPartOf":{"@id":"https:\/\/lasentinelle.dz\/#website"},"primaryImageOfPage":{"@id":"https:\/\/lasentinelle.dz\/index.php\/2022\/03\/06\/blocage-des-routes-a-annaba-onze-personnes-sous-controle-judiciaire\/#primaryimage"},"image":{"@id":"https:\/\/lasentinelle.dz\/index.php\/2022\/03\/06\/blocage-des-routes-a-annaba-onze-personnes-sous-controle-judiciaire\/#primaryimage"},"thumbnailUrl":"https:\/\/lasentinelle.dz\/wp-content\/uploads\/2022\/03\/242930599_374375027758487_372279066258636166_n.jpeg","datePublished":"2022-03-05T23:01:00+00:00","breadcrumb":{"@id":"https:\/\/lasentinelle.dz\/index.php\/2022\/03\/06\/blocage-des-routes-a-annaba-onze-personnes-sous-controle-judiciaire\/#breadcrumb"},"inLanguage":"fr-FR","potentialAction":[{"@type":"ReadAction","target":["https:\/\/lasentinelle.dz\/index.php\/2022\/03\/06\/blocage-des-routes-a-annaba-onze-personnes-sous-controle-judiciaire\/"]}]},{"@type":"ImageObject","inLanguage":"fr-FR","@id":"https:\/\/lasentinelle.dz\/index.php\/2022\/03\/06\/blocage-des-routes-a-annaba-onze-personnes-sous-controle-judiciaire\/#primaryimage","url":"https:\/\/lasentinelle.dz\/wp-content\/uploads\/2022\/03\/242930599_374375027758487_372279066258636166_n.jpeg","contentUrl":"https:\/\/lasentinelle.dz\/wp-content\/uploads\/2022\/03\/242930599_374375027758487_372279066258636166_n.jpeg","width":960,"height":724},{"@type":"BreadcrumbList","@id":"https:\/\/lasentinelle.dz\/index.php\/2022\/03\/06\/blocage-des-routes-a-annaba-onze-personnes-sous-controle-judiciaire\/#breadcrumb","itemListElement":[{"@type":"ListItem","position":1,"name":"Accueil","item":"https:\/\/lasentinelle.dz\/"},{"@type":"ListItem","position":2,"name":"Blocage\u00a0des routes \u00e0 Annaba\u00a0: Onze personnes\u00a0sous contr\u00f4le judiciaire"}]},{"@type":"WebSite","@id":"https:\/\/lasentinelle.dz\/#website","url":"https:\/\/lasentinelle.dz\/","name":"La Sentinelle","description":"Quotidien national d&#039;information","publisher":{"@id":"https:\/\/lasentinelle.dz\/#organization"},"potentialAction":[{"@type":"SearchAction","target":{"@type":"EntryPoint","urlTemplate":"https:\/\/lasentinelle.dz\/?s={search_term_string}"},"query-input":{"@type":"PropertyValueSpecification","valueRequired":true,"valueName":"search_term_string"}}],"inLanguage":"fr-FR"},{"@type":"Organization","@id":"https:\/\/lasentinelle.dz\/#organization","name":"Quotidien La Sentinelle","url":"https:\/\/lasentinelle.dz\/","logo":{"@type":"ImageObject","inLanguage":"fr-FR","@id":"https:\/\/lasentinelle.dz\/#\/schema\/logo\/image\/","url":"https:\/\/lasentinelle.dz\/wp-content\/uploads\/2021\/09\/logo-sentinelleSLOGAN-1.png","contentUrl":"https:\/\/lasentinelle.dz\/wp-content\/uploads\/2021\/09\/logo-sentinelleSLOGAN-1.png","width":615,"height":142,"caption":"Quotidien La Sentinelle"},"image":{"@id":"https:\/\/lasentinelle.dz\/#\/schema\/logo\/image\/"},"sameAs":["https:\/\/www.facebook.com\/La-Sentinelle-104059864394773"]},{"@type":"Person","@id":"https:\/\/lasentinelle.dz\/#\/schema\/person\/d865044e22e70a75174ce8bcad3acfb3","name":"La Sentinelle","image":{"@type":"ImageObject","inLanguage":"fr-FR","@id":"https:\/\/secure.gravatar.com\/avatar\/57de8e5d4b15d43fb361a71fbb36338450fe67865b528a43dd10ef7c51a20392?s=96&d=mm&r=g","url":"https:\/\/secure.gravatar.com\/avatar\/57de8e5d4b15d43fb361a71fbb36338450fe67865b528a43dd10ef7c51a20392?s=96&d=mm&r=g","contentUrl":"https:\/\/secure.gravatar.com\/avatar\/57de8e5d4b15d43fb361a71fbb36338450fe67865b528a43dd10ef7c51a20392?s=96&d=mm&r=g","caption":"La Sentinelle"},"sameAs":["http:\/\/www.lasentinelle.dz"],"url":"https:\/\/lasentinelle.dz\/author\/redaction\/"}]}},"_links":{"self":[{"href":"https:\/\/lasentinelle.dz\/index.php\/wp-json\/wp\/v2\/posts\/17880","targetHints":{"allow":["GET"]}}],"collection":[{"href":"https:\/\/lasentinelle.dz\/index.php\/wp-json\/wp\/v2\/posts"}],"about":[{"href":"https:\/\/lasentinelle.dz\/index.php\/wp-json\/wp\/v2\/types\/post"}],"author":[{"embeddable":true,"href":"https:\/\/lasentinelle.dz\/index.php\/wp-json\/wp\/v2\/users\/3"}],"replies":[{"embeddable":true,"href":"https:\/\/lasentinelle.dz\/index.php\/wp-json\/wp\/v2\/comments?post=17880"}],"version-history":[{"count":1,"href":"https:\/\/lasentinelle.dz\/index.php\/wp-json\/wp\/v2\/posts\/17880\/revisions"}],"predecessor-version":[{"id":17884,"href":"https:\/\/lasentinelle.dz\/index.php\/wp-json\/wp\/v2\/posts\/17880\/revisions\/17884"}],"wp:featuredmedia":[{"embeddable":true,"href":"https:\/\/lasentinelle.dz\/index.php\/wp-json\/wp\/v2\/media\/17883"}],"wp:attachment":[{"href":"https:\/\/lasentinelle.dz\/index.php\/wp-json\/wp\/v2\/media?parent=17880"}],"wp:term":[{"taxonomy":"category","embeddable":true,"href":"https:\/\/lasentinelle.dz\/index.php\/wp-json\/wp\/v2\/categories?post=17880"},{"taxonomy":"post_tag","embeddable":true,"href":"https:\/\/lasentinelle.dz\/index.php\/wp-json\/wp\/v2\/tags?post=17880"}],"curies":[{"name":"wp","href":"https:\/\/api.w.org\/{rel}","templated":true}]}}