{"id":1790,"date":"2021-07-22T00:01:28","date_gmt":"2021-07-21T23:01:28","guid":{"rendered":"https:\/\/lasentinelle.dz\/?p=1790"},"modified":"2021-07-21T17:11:53","modified_gmt":"2021-07-21T16:11:53","slug":"television-diffusion-du-bouquet-des-chaines-avec-la-norme-dvb-s2","status":"publish","type":"post","link":"https:\/\/lasentinelle.dz\/index.php\/2021\/07\/22\/television-diffusion-du-bouquet-des-chaines-avec-la-norme-dvb-s2\/","title":{"rendered":"T\u00e9l\u00e9vision : Diffusion du bouquet des chaines avec la norme DVB-S2"},"content":{"rendered":"\n<p>L&rsquo;Etablissement public de t\u00e9l\u00e9diffusion d&rsquo;Alg\u00e9rie (TDA) a proc\u00e9d\u00e9 depuis dimanche \u00e0 la diffusion du bouquet des chaines nationales avec la norme de diffusion DVB-S2 sur le satellite Eutelsat 7.3 Ouest, a annonc\u00e9 lundi l&rsquo;Entreprise dans un communiqu\u00e9.\u00a0\u00bbAfin d&rsquo;am\u00e9liorer l&rsquo;efficacit\u00e9 spectrale par l&rsquo;augmentation du d\u00e9bit utile de la diffusion DTH du satellite E7WA@ 7.3 ouest, la TDA a proc\u00e9d\u00e9, durant la nuit du samedi 17 juillet \u00e0 dimanche 18 juillet \u00e0 2H00, \u00e0 la diffusion des chaines de l&rsquo;Entreprise Publique de T\u00e9l\u00e9vision (APTV) avec la norme de diffusion DVB-S2 sur le satellite Eutelsat 7.3 Ouest\u00a0\u00bb, a pr\u00e9cis\u00e9 la TDA.Ce basculement vers la norme DVB-S2 \u00ab\u00a0offre un gain en d\u00e9bit (Bitrate) qui permet le rajout de nouvelles chaines en HD natif ou en conversion ascendante (Upscaling) ainsi que l&rsquo;am\u00e9lioration de la qualit\u00e9 des services d\u00e9j\u00e0 existants\u00a0\u00bb, explique l&rsquo;Entreprise.Ainsi, pour continuer \u00e0 recevoir la bouquet national des chaines et Radios, les t\u00e9l\u00e9spectateurs et auditeurs sont pri\u00e9s de recharger le bouquet TDA avec les param\u00e8tres de r\u00e9ceptions Satellite Eutelsat 7.3 ouest, fr\u00e9quence: 11679.57 Mhz, Polarisation: Horizontale, Symbole Rate: 27500 Mbaud et Modulation: DVB-S2, 8PSK, FEC 2\/3.<\/p>\n\n\n\n<p>Rappelant \u00e0 l&rsquo;occasion que ce bouquet contient huit chaines nationales t\u00e9l\u00e9visuelles (Programme national, Canal Alg\u00e9rie, Tv A3, Tv 4, Tv 5, Tv 6, Tv 7 et Tv 8) ainsi que sept chaines radiophoniques (Ch 1, Ch 2, Ch 3, Radio Coran, Radio internationale, Radio Culture et Radio Sahel), la TDA a soulign\u00e9 que la mise en service de nouvelles chaines Tv et l&rsquo;am\u00e9lioration de la qualit\u00e9 des chaines existantes vont \u00eatre r\u00e9alis\u00e9es progressivement selon un planning qui va \u00eatre \u00e9tabli avec l&rsquo;EPTV.<\/p>\n\n\n\n<p>APS<\/p>\n","protected":false},"excerpt":{"rendered":"<p>L&rsquo;Etablissement public de t\u00e9l\u00e9diffusion d&rsquo;Alg\u00e9rie (TDA) a proc\u00e9d\u00e9 depuis dimanche \u00e0 la diffusion du bouquet des chaines nationales avec la<\/p>\n","protected":false},"author":3,"featured_media":1839,"comment_status":"open","ping_status":"closed","sticky":false,"template":"","format":"standard","meta":{"colormag_page_container_layout":"default_layout","colormag_page_sidebar_layout":"default_layout","om_disable_all_campaigns":false,"_monsterinsights_skip_tracking":false,"_monsterinsights_sitenote_active":false,"_monsterinsights_sitenote_note":"","_monsterinsights_sitenote_category":0,"footnotes":"","_wpscppro_dont_share_socialmedia":false,"_wpscppro_custom_social_share_image":0,"_facebook_share_type":"","_twitter_share_type":"","_linkedin_share_type":"","_pinterest_share_type":"","_linkedin_share_type_page":"","_instagram_share_type":"","_medium_share_type":"","_threads_share_type":"","_google_business_share_type":"","_selected_social_profile":[],"_wpsp_enable_custom_social_template":false,"_wpsp_social_scheduling":{"enabled":false,"datetime":null,"platforms":[],"status":"template_only","dateOption":"today","timeOption":"now","customDays":"","customHours":"","customDate":"","customTime":"","schedulingType":"absolute"},"_wpsp_active_default_template":true},"categories":[36],"tags":[],"class_list":["post-1790","post","type-post","status-publish","format-standard","has-post-thumbnail","hentry","category-culture"],"aioseo_notices":[],"yoast_head":"<!-- This site is optimized with the Yoast SEO plugin v27.5 - https:\/\/yoast.com\/product\/yoast-seo-wordpress\/ -->\n<title>T\u00e9l\u00e9vision : Diffusion du bouquet des chaines avec la norme DVB-S2 - La Sentinelle<\/title>\n<meta name=\"robots\" content=\"index, follow, max-snippet:-1, max-image-preview:large, max-video-preview:-1\" \/>\n<link rel=\"canonical\" href=\"https:\/\/lasentinelle.dz\/index.php\/2021\/07\/22\/television-diffusion-du-bouquet-des-chaines-avec-la-norme-dvb-s2\/\" \/>\n<meta property=\"og:locale\" content=\"fr_FR\" \/>\n<meta property=\"og:type\" content=\"article\" \/>\n<meta property=\"og:title\" content=\"T\u00e9l\u00e9vision : Diffusion du bouquet des chaines avec la norme DVB-S2 - La Sentinelle\" \/>\n<meta property=\"og:description\" content=\"L&rsquo;Etablissement public de t\u00e9l\u00e9diffusion d&rsquo;Alg\u00e9rie (TDA) a proc\u00e9d\u00e9 depuis dimanche \u00e0 la diffusion du bouquet des chaines nationales avec la\" \/>\n<meta property=\"og:url\" content=\"https:\/\/lasentinelle.dz\/index.php\/2021\/07\/22\/television-diffusion-du-bouquet-des-chaines-avec-la-norme-dvb-s2\/\" \/>\n<meta property=\"og:site_name\" content=\"La Sentinelle\" \/>\n<meta property=\"article:publisher\" content=\"https:\/\/www.facebook.com\/La-Sentinelle-104059864394773\" \/>\n<meta property=\"article:published_time\" content=\"2021-07-21T23:01:28+00:00\" \/>\n<meta property=\"og:image\" content=\"https:\/\/lasentinelle.dz\/wp-content\/uploads\/2021\/07\/entv-1.png\" \/>\n\t<meta property=\"og:image:width\" content=\"1351\" \/>\n\t<meta property=\"og:image:height\" content=\"900\" \/>\n\t<meta property=\"og:image:type\" content=\"image\/png\" \/>\n<meta name=\"author\" content=\"La Sentinelle\" \/>\n<meta name=\"twitter:card\" content=\"summary_large_image\" \/>\n<meta name=\"twitter:label1\" content=\"\u00c9crit par\" \/>\n\t<meta name=\"twitter:data1\" content=\"La Sentinelle\" \/>\n\t<meta name=\"twitter:label2\" content=\"Dur\u00e9e de lecture estim\u00e9e\" \/>\n\t<meta name=\"twitter:data2\" content=\"2 minutes\" \/>\n<script type=\"application\/ld+json\" class=\"yoast-schema-graph\">{\"@context\":\"https:\\\/\\\/schema.org\",\"@graph\":[{\"@type\":\"Article\",\"@id\":\"https:\\\/\\\/lasentinelle.dz\\\/index.php\\\/2021\\\/07\\\/22\\\/television-diffusion-du-bouquet-des-chaines-avec-la-norme-dvb-s2\\\/#article\",\"isPartOf\":{\"@id\":\"https:\\\/\\\/lasentinelle.dz\\\/index.php\\\/2021\\\/07\\\/22\\\/television-diffusion-du-bouquet-des-chaines-avec-la-norme-dvb-s2\\\/\"},\"author\":{\"name\":\"La Sentinelle\",\"@id\":\"https:\\\/\\\/lasentinelle.dz\\\/#\\\/schema\\\/person\\\/d865044e22e70a75174ce8bcad3acfb3\"},\"headline\":\"T\u00e9l\u00e9vision : Diffusion du bouquet des chaines avec la norme DVB-S2\",\"datePublished\":\"2021-07-21T23:01:28+00:00\",\"mainEntityOfPage\":{\"@id\":\"https:\\\/\\\/lasentinelle.dz\\\/index.php\\\/2021\\\/07\\\/22\\\/television-diffusion-du-bouquet-des-chaines-avec-la-norme-dvb-s2\\\/\"},\"wordCount\":295,\"commentCount\":0,\"publisher\":{\"@id\":\"https:\\\/\\\/lasentinelle.dz\\\/#organization\"},\"image\":{\"@id\":\"https:\\\/\\\/lasentinelle.dz\\\/index.php\\\/2021\\\/07\\\/22\\\/television-diffusion-du-bouquet-des-chaines-avec-la-norme-dvb-s2\\\/#primaryimage\"},\"thumbnailUrl\":\"https:\\\/\\\/lasentinelle.dz\\\/wp-content\\\/uploads\\\/2021\\\/07\\\/entv-1.png\",\"articleSection\":[\"Culture\"],\"inLanguage\":\"fr-FR\",\"potentialAction\":[{\"@type\":\"CommentAction\",\"name\":\"Comment\",\"target\":[\"https:\\\/\\\/lasentinelle.dz\\\/index.php\\\/2021\\\/07\\\/22\\\/television-diffusion-du-bouquet-des-chaines-avec-la-norme-dvb-s2\\\/#respond\"]}]},{\"@type\":\"WebPage\",\"@id\":\"https:\\\/\\\/lasentinelle.dz\\\/index.php\\\/2021\\\/07\\\/22\\\/television-diffusion-du-bouquet-des-chaines-avec-la-norme-dvb-s2\\\/\",\"url\":\"https:\\\/\\\/lasentinelle.dz\\\/index.php\\\/2021\\\/07\\\/22\\\/television-diffusion-du-bouquet-des-chaines-avec-la-norme-dvb-s2\\\/\",\"name\":\"T\u00e9l\u00e9vision : Diffusion du bouquet des chaines avec la norme DVB-S2 - La Sentinelle\",\"isPartOf\":{\"@id\":\"https:\\\/\\\/lasentinelle.dz\\\/#website\"},\"primaryImageOfPage\":{\"@id\":\"https:\\\/\\\/lasentinelle.dz\\\/index.php\\\/2021\\\/07\\\/22\\\/television-diffusion-du-bouquet-des-chaines-avec-la-norme-dvb-s2\\\/#primaryimage\"},\"image\":{\"@id\":\"https:\\\/\\\/lasentinelle.dz\\\/index.php\\\/2021\\\/07\\\/22\\\/television-diffusion-du-bouquet-des-chaines-avec-la-norme-dvb-s2\\\/#primaryimage\"},\"thumbnailUrl\":\"https:\\\/\\\/lasentinelle.dz\\\/wp-content\\\/uploads\\\/2021\\\/07\\\/entv-1.png\",\"datePublished\":\"2021-07-21T23:01:28+00:00\",\"breadcrumb\":{\"@id\":\"https:\\\/\\\/lasentinelle.dz\\\/index.php\\\/2021\\\/07\\\/22\\\/television-diffusion-du-bouquet-des-chaines-avec-la-norme-dvb-s2\\\/#breadcrumb\"},\"inLanguage\":\"fr-FR\",\"potentialAction\":[{\"@type\":\"ReadAction\",\"target\":[\"https:\\\/\\\/lasentinelle.dz\\\/index.php\\\/2021\\\/07\\\/22\\\/television-diffusion-du-bouquet-des-chaines-avec-la-norme-dvb-s2\\\/\"]}]},{\"@type\":\"ImageObject\",\"inLanguage\":\"fr-FR\",\"@id\":\"https:\\\/\\\/lasentinelle.dz\\\/index.php\\\/2021\\\/07\\\/22\\\/television-diffusion-du-bouquet-des-chaines-avec-la-norme-dvb-s2\\\/#primaryimage\",\"url\":\"https:\\\/\\\/lasentinelle.dz\\\/wp-content\\\/uploads\\\/2021\\\/07\\\/entv-1.png\",\"contentUrl\":\"https:\\\/\\\/lasentinelle.dz\\\/wp-content\\\/uploads\\\/2021\\\/07\\\/entv-1.png\",\"width\":1351,\"height\":900},{\"@type\":\"BreadcrumbList\",\"@id\":\"https:\\\/\\\/lasentinelle.dz\\\/index.php\\\/2021\\\/07\\\/22\\\/television-diffusion-du-bouquet-des-chaines-avec-la-norme-dvb-s2\\\/#breadcrumb\",\"itemListElement\":[{\"@type\":\"ListItem\",\"position\":1,\"name\":\"Accueil\",\"item\":\"https:\\\/\\\/lasentinelle.dz\\\/\"},{\"@type\":\"ListItem\",\"position\":2,\"name\":\"T\u00e9l\u00e9vision : Diffusion du bouquet des chaines avec la norme DVB-S2\"}]},{\"@type\":\"WebSite\",\"@id\":\"https:\\\/\\\/lasentinelle.dz\\\/#website\",\"url\":\"https:\\\/\\\/lasentinelle.dz\\\/\",\"name\":\"La Sentinelle\",\"description\":\"Quotidien national d&#039;information\",\"publisher\":{\"@id\":\"https:\\\/\\\/lasentinelle.dz\\\/#organization\"},\"potentialAction\":[{\"@type\":\"SearchAction\",\"target\":{\"@type\":\"EntryPoint\",\"urlTemplate\":\"https:\\\/\\\/lasentinelle.dz\\\/?s={search_term_string}\"},\"query-input\":{\"@type\":\"PropertyValueSpecification\",\"valueRequired\":true,\"valueName\":\"search_term_string\"}}],\"inLanguage\":\"fr-FR\"},{\"@type\":\"Organization\",\"@id\":\"https:\\\/\\\/lasentinelle.dz\\\/#organization\",\"name\":\"Quotidien La Sentinelle\",\"url\":\"https:\\\/\\\/lasentinelle.dz\\\/\",\"logo\":{\"@type\":\"ImageObject\",\"inLanguage\":\"fr-FR\",\"@id\":\"https:\\\/\\\/lasentinelle.dz\\\/#\\\/schema\\\/logo\\\/image\\\/\",\"url\":\"https:\\\/\\\/lasentinelle.dz\\\/wp-content\\\/uploads\\\/2021\\\/09\\\/logo-sentinelleSLOGAN-1.png\",\"contentUrl\":\"https:\\\/\\\/lasentinelle.dz\\\/wp-content\\\/uploads\\\/2021\\\/09\\\/logo-sentinelleSLOGAN-1.png\",\"width\":615,\"height\":142,\"caption\":\"Quotidien La Sentinelle\"},\"image\":{\"@id\":\"https:\\\/\\\/lasentinelle.dz\\\/#\\\/schema\\\/logo\\\/image\\\/\"},\"sameAs\":[\"https:\\\/\\\/www.facebook.com\\\/La-Sentinelle-104059864394773\"]},{\"@type\":\"Person\",\"@id\":\"https:\\\/\\\/lasentinelle.dz\\\/#\\\/schema\\\/person\\\/d865044e22e70a75174ce8bcad3acfb3\",\"name\":\"La Sentinelle\",\"image\":{\"@type\":\"ImageObject\",\"inLanguage\":\"fr-FR\",\"@id\":\"https:\\\/\\\/secure.gravatar.com\\\/avatar\\\/57de8e5d4b15d43fb361a71fbb36338450fe67865b528a43dd10ef7c51a20392?s=96&d=mm&r=g\",\"url\":\"https:\\\/\\\/secure.gravatar.com\\\/avatar\\\/57de8e5d4b15d43fb361a71fbb36338450fe67865b528a43dd10ef7c51a20392?s=96&d=mm&r=g\",\"contentUrl\":\"https:\\\/\\\/secure.gravatar.com\\\/avatar\\\/57de8e5d4b15d43fb361a71fbb36338450fe67865b528a43dd10ef7c51a20392?s=96&d=mm&r=g\",\"caption\":\"La Sentinelle\"},\"sameAs\":[\"http:\\\/\\\/www.lasentinelle.dz\"],\"url\":\"https:\\\/\\\/lasentinelle.dz\\\/author\\\/redaction\\\/\"}]}<\/script>\n<!-- \/ Yoast SEO plugin. -->","yoast_head_json":{"title":"T\u00e9l\u00e9vision : Diffusion du bouquet des chaines avec la norme DVB-S2 - La Sentinelle","robots":{"index":"index","follow":"follow","max-snippet":"max-snippet:-1","max-image-preview":"max-image-preview:large","max-video-preview":"max-video-preview:-1"},"canonical":"https:\/\/lasentinelle.dz\/index.php\/2021\/07\/22\/television-diffusion-du-bouquet-des-chaines-avec-la-norme-dvb-s2\/","og_locale":"fr_FR","og_type":"article","og_title":"T\u00e9l\u00e9vision : Diffusion du bouquet des chaines avec la norme DVB-S2 - La Sentinelle","og_description":"L&rsquo;Etablissement public de t\u00e9l\u00e9diffusion d&rsquo;Alg\u00e9rie (TDA) a proc\u00e9d\u00e9 depuis dimanche \u00e0 la diffusion du bouquet des chaines nationales avec la","og_url":"https:\/\/lasentinelle.dz\/index.php\/2021\/07\/22\/television-diffusion-du-bouquet-des-chaines-avec-la-norme-dvb-s2\/","og_site_name":"La Sentinelle","article_publisher":"https:\/\/www.facebook.com\/La-Sentinelle-104059864394773","article_published_time":"2021-07-21T23:01:28+00:00","og_image":[{"width":1351,"height":900,"url":"https:\/\/lasentinelle.dz\/wp-content\/uploads\/2021\/07\/entv-1.png","type":"image\/png"}],"author":"La Sentinelle","twitter_card":"summary_large_image","twitter_misc":{"\u00c9crit par":"La Sentinelle","Dur\u00e9e de lecture estim\u00e9e":"2 minutes"},"schema":{"@context":"https:\/\/schema.org","@graph":[{"@type":"Article","@id":"https:\/\/lasentinelle.dz\/index.php\/2021\/07\/22\/television-diffusion-du-bouquet-des-chaines-avec-la-norme-dvb-s2\/#article","isPartOf":{"@id":"https:\/\/lasentinelle.dz\/index.php\/2021\/07\/22\/television-diffusion-du-bouquet-des-chaines-avec-la-norme-dvb-s2\/"},"author":{"name":"La Sentinelle","@id":"https:\/\/lasentinelle.dz\/#\/schema\/person\/d865044e22e70a75174ce8bcad3acfb3"},"headline":"T\u00e9l\u00e9vision : Diffusion du bouquet des chaines avec la norme DVB-S2","datePublished":"2021-07-21T23:01:28+00:00","mainEntityOfPage":{"@id":"https:\/\/lasentinelle.dz\/index.php\/2021\/07\/22\/television-diffusion-du-bouquet-des-chaines-avec-la-norme-dvb-s2\/"},"wordCount":295,"commentCount":0,"publisher":{"@id":"https:\/\/lasentinelle.dz\/#organization"},"image":{"@id":"https:\/\/lasentinelle.dz\/index.php\/2021\/07\/22\/television-diffusion-du-bouquet-des-chaines-avec-la-norme-dvb-s2\/#primaryimage"},"thumbnailUrl":"https:\/\/lasentinelle.dz\/wp-content\/uploads\/2021\/07\/entv-1.png","articleSection":["Culture"],"inLanguage":"fr-FR","potentialAction":[{"@type":"CommentAction","name":"Comment","target":["https:\/\/lasentinelle.dz\/index.php\/2021\/07\/22\/television-diffusion-du-bouquet-des-chaines-avec-la-norme-dvb-s2\/#respond"]}]},{"@type":"WebPage","@id":"https:\/\/lasentinelle.dz\/index.php\/2021\/07\/22\/television-diffusion-du-bouquet-des-chaines-avec-la-norme-dvb-s2\/","url":"https:\/\/lasentinelle.dz\/index.php\/2021\/07\/22\/television-diffusion-du-bouquet-des-chaines-avec-la-norme-dvb-s2\/","name":"T\u00e9l\u00e9vision : Diffusion du bouquet des chaines avec la norme DVB-S2 - La Sentinelle","isPartOf":{"@id":"https:\/\/lasentinelle.dz\/#website"},"primaryImageOfPage":{"@id":"https:\/\/lasentinelle.dz\/index.php\/2021\/07\/22\/television-diffusion-du-bouquet-des-chaines-avec-la-norme-dvb-s2\/#primaryimage"},"image":{"@id":"https:\/\/lasentinelle.dz\/index.php\/2021\/07\/22\/television-diffusion-du-bouquet-des-chaines-avec-la-norme-dvb-s2\/#primaryimage"},"thumbnailUrl":"https:\/\/lasentinelle.dz\/wp-content\/uploads\/2021\/07\/entv-1.png","datePublished":"2021-07-21T23:01:28+00:00","breadcrumb":{"@id":"https:\/\/lasentinelle.dz\/index.php\/2021\/07\/22\/television-diffusion-du-bouquet-des-chaines-avec-la-norme-dvb-s2\/#breadcrumb"},"inLanguage":"fr-FR","potentialAction":[{"@type":"ReadAction","target":["https:\/\/lasentinelle.dz\/index.php\/2021\/07\/22\/television-diffusion-du-bouquet-des-chaines-avec-la-norme-dvb-s2\/"]}]},{"@type":"ImageObject","inLanguage":"fr-FR","@id":"https:\/\/lasentinelle.dz\/index.php\/2021\/07\/22\/television-diffusion-du-bouquet-des-chaines-avec-la-norme-dvb-s2\/#primaryimage","url":"https:\/\/lasentinelle.dz\/wp-content\/uploads\/2021\/07\/entv-1.png","contentUrl":"https:\/\/lasentinelle.dz\/wp-content\/uploads\/2021\/07\/entv-1.png","width":1351,"height":900},{"@type":"BreadcrumbList","@id":"https:\/\/lasentinelle.dz\/index.php\/2021\/07\/22\/television-diffusion-du-bouquet-des-chaines-avec-la-norme-dvb-s2\/#breadcrumb","itemListElement":[{"@type":"ListItem","position":1,"name":"Accueil","item":"https:\/\/lasentinelle.dz\/"},{"@type":"ListItem","position":2,"name":"T\u00e9l\u00e9vision : Diffusion du bouquet des chaines avec la norme DVB-S2"}]},{"@type":"WebSite","@id":"https:\/\/lasentinelle.dz\/#website","url":"https:\/\/lasentinelle.dz\/","name":"La Sentinelle","description":"Quotidien national d&#039;information","publisher":{"@id":"https:\/\/lasentinelle.dz\/#organization"},"potentialAction":[{"@type":"SearchAction","target":{"@type":"EntryPoint","urlTemplate":"https:\/\/lasentinelle.dz\/?s={search_term_string}"},"query-input":{"@type":"PropertyValueSpecification","valueRequired":true,"valueName":"search_term_string"}}],"inLanguage":"fr-FR"},{"@type":"Organization","@id":"https:\/\/lasentinelle.dz\/#organization","name":"Quotidien La Sentinelle","url":"https:\/\/lasentinelle.dz\/","logo":{"@type":"ImageObject","inLanguage":"fr-FR","@id":"https:\/\/lasentinelle.dz\/#\/schema\/logo\/image\/","url":"https:\/\/lasentinelle.dz\/wp-content\/uploads\/2021\/09\/logo-sentinelleSLOGAN-1.png","contentUrl":"https:\/\/lasentinelle.dz\/wp-content\/uploads\/2021\/09\/logo-sentinelleSLOGAN-1.png","width":615,"height":142,"caption":"Quotidien La Sentinelle"},"image":{"@id":"https:\/\/lasentinelle.dz\/#\/schema\/logo\/image\/"},"sameAs":["https:\/\/www.facebook.com\/La-Sentinelle-104059864394773"]},{"@type":"Person","@id":"https:\/\/lasentinelle.dz\/#\/schema\/person\/d865044e22e70a75174ce8bcad3acfb3","name":"La Sentinelle","image":{"@type":"ImageObject","inLanguage":"fr-FR","@id":"https:\/\/secure.gravatar.com\/avatar\/57de8e5d4b15d43fb361a71fbb36338450fe67865b528a43dd10ef7c51a20392?s=96&d=mm&r=g","url":"https:\/\/secure.gravatar.com\/avatar\/57de8e5d4b15d43fb361a71fbb36338450fe67865b528a43dd10ef7c51a20392?s=96&d=mm&r=g","contentUrl":"https:\/\/secure.gravatar.com\/avatar\/57de8e5d4b15d43fb361a71fbb36338450fe67865b528a43dd10ef7c51a20392?s=96&d=mm&r=g","caption":"La Sentinelle"},"sameAs":["http:\/\/www.lasentinelle.dz"],"url":"https:\/\/lasentinelle.dz\/author\/redaction\/"}]}},"_links":{"self":[{"href":"https:\/\/lasentinelle.dz\/index.php\/wp-json\/wp\/v2\/posts\/1790","targetHints":{"allow":["GET"]}}],"collection":[{"href":"https:\/\/lasentinelle.dz\/index.php\/wp-json\/wp\/v2\/posts"}],"about":[{"href":"https:\/\/lasentinelle.dz\/index.php\/wp-json\/wp\/v2\/types\/post"}],"author":[{"embeddable":true,"href":"https:\/\/lasentinelle.dz\/index.php\/wp-json\/wp\/v2\/users\/3"}],"replies":[{"embeddable":true,"href":"https:\/\/lasentinelle.dz\/index.php\/wp-json\/wp\/v2\/comments?post=1790"}],"version-history":[{"count":1,"href":"https:\/\/lasentinelle.dz\/index.php\/wp-json\/wp\/v2\/posts\/1790\/revisions"}],"predecessor-version":[{"id":1830,"href":"https:\/\/lasentinelle.dz\/index.php\/wp-json\/wp\/v2\/posts\/1790\/revisions\/1830"}],"wp:featuredmedia":[{"embeddable":true,"href":"https:\/\/lasentinelle.dz\/index.php\/wp-json\/wp\/v2\/media\/1839"}],"wp:attachment":[{"href":"https:\/\/lasentinelle.dz\/index.php\/wp-json\/wp\/v2\/media?parent=1790"}],"wp:term":[{"taxonomy":"category","embeddable":true,"href":"https:\/\/lasentinelle.dz\/index.php\/wp-json\/wp\/v2\/categories?post=1790"},{"taxonomy":"post_tag","embeddable":true,"href":"https:\/\/lasentinelle.dz\/index.php\/wp-json\/wp\/v2\/tags?post=1790"}],"curies":[{"name":"wp","href":"https:\/\/api.w.org\/{rel}","templated":true}]}}