{"id":17941,"date":"2022-03-07T00:01:00","date_gmt":"2022-03-06T23:01:00","guid":{"rendered":"https:\/\/lasentinelle.dz\/?p=17941"},"modified":"2022-03-06T19:27:34","modified_gmt":"2022-03-06T18:27:34","slug":"tribunal-de-bir-mourad-rais-10-ans-de-prison-ferme-requis-contre-mohamed-abdellah","status":"publish","type":"post","link":"https:\/\/lasentinelle.dz\/index.php\/2022\/03\/07\/tribunal-de-bir-mourad-rais-10-ans-de-prison-ferme-requis-contre-mohamed-abdellah\/","title":{"rendered":"Tribunal de Bir Mourad Ra\u00efs\u00a0:\u00a010 ans de prison ferme requis contre Mohamed Abdellah"},"content":{"rendered":"\n<p>En attendant le verdict, le procureur pr\u00e8s le tribunal de Bir Mourad Ra\u00efs a prononc\u00e9 hier son plaidoyer dans lequel il a requis une peine de 10 ans de prison ferme et une amende de 500 000 dinars contre l\u2019ex gendarme Mohamed Abdellah. Le mis en cause est poursuivi pour des chefs d\u2019inculpations li\u00e9s au terrorisme, en l\u2019occurrence appartenance \u00e0 un groupe terroriste qui commet des actes attentatoires \u00e0 la s\u00fbret\u00e9 de l\u2019Etat et \u00e0 l\u2019unit\u00e9 nationale et financement d\u2019un groupe terroriste. Le mis en cause a fait l\u2019objet d\u2019un mandat d\u2019arr\u00eat international lanc\u00e9 \u00e0 son encontre avant qu\u2019il ne soit extrad\u00e9, le mois d&rsquo;ao\u00fbt dernier, de l\u2019Espagne et plac\u00e9 en d\u00e9tention provisoire \u00e0 la prison militaire de Blida. L\u2019accus\u00e9 travaillait dans les unit\u00e9s de l\u2019aviation relevant du commandement de la Gendarmerie nationale avant sa fuite en Espagne. Cet ancien sous-officier de la Gendarmerie nationale, \u00e2g\u00e9 de 33 ans, \u00e9tait en fuite pendant trois ann\u00e9es, se r\u00e9fugiant en Espagne, ou il a introduit&nbsp;&nbsp;une demande d\u2019asile politique qui a \u00e9t\u00e9 rejet\u00e9e par les autorit\u00e9s espagnoles. Avant son extradition, le mis en cause a \u00e9t\u00e9 plac\u00e9 dans un centre de transit pr\u00e8s de Barcelone avant qu\u2019il ne soit remis aux autorit\u00e9s alg\u00e9riennes le recherchant pour terrorisme, en m\u00eame titre que Hichem Aboud, Mohamed-Larbi Zitout et Amir Boukhors, dit \u00abAmir DZ\u00bb. Ces derniers sont, eux aussi, poursuivis pour terrorisme, en plus d\u2019atteinte aux int\u00e9r\u00eats du pays. Les mis en cause se servent des r\u00e9seaux sociaux, en particulier Facebook et Youtube, comme plate forme \u00e0 partir de laquelle ils lan\u00e7aient des campagnes de d\u00e9nigrement et de discr\u00e9dit vis-\u00e0-vis des autorit\u00e9s alg\u00e9riennes, civiles et militaires, en plus de l\u2019atteinte au moral des troupes de l\u2019Arm\u00e9e nationale. Tous les mis en cause sont cit\u00e9s dans plusieurs affaires li\u00e9es aux m\u00eames chefs d\u2019inculpation et font l\u2019objet de plusieurs mandat d\u2019arr\u00eats internationaux lanc\u00e9s \u00e0 leur encontre par la justice alg\u00e9rienne. L\u2019ex gendarme, Mohamed Abdellah est \u00e9galement cit\u00e9 dans une autre affaire li\u00e9e \u00e0 \u00abadh\u00e9sion \u00e0 une organisation terroriste, financement de groupe terroriste, activisme dans le terrorisme, atteinte \u00e0 l\u2019unit\u00e9 de l\u2019Etat\u00bb. Il sera jug\u00e9 le 9 mars de l\u2019ann\u00e9e en cours. Le mis en cause, ancien sergent-chef de la Gendarmerie nationale, faisait partie de l\u2019\u00e9quipe des patrouilles de surveillance a\u00e9rienne de la gendarmerie de T\u00e9bessa, avant qu\u2019il ne d\u00e9serte,&nbsp;&nbsp;en 2018, lui et sa famille. Extrad\u00e9 l\u2019\u00e9t\u00e9 dernier, il a comparu devant le parquet pr\u00e8s la section de lutte antiterroriste et de crime transfrontalier de Sidi Mhamed. Auparavant, il a comparu devant le procureur de la R\u00e9publique, avant que son dossier ne soit transf\u00e9r\u00e9 au juge d\u2019instruction de la section de lutte antiterroriste et du crime organis\u00e9. Le gendarme d\u00e9serteur, membre de l\u2019organisation terroriste Rachad, est cit\u00e9 dans trois affaires en instruction judiciaire aupr\u00e8s de la section de lutte antiterroriste et du crime transfrontalier de Sidi Mhamed. Il a \u00e9t\u00e9 cit\u00e9 dans l\u2019affaire \u00abPion-Pion dz\u00bb, qui consiste en un projet de d\u00e9stabilisation via les r\u00e9seaux sociaux et financ\u00e9 de l\u2019\u00e9tranger. Aussi, 10 autres personnes ont \u00e9t\u00e9 arr\u00eat\u00e9es dans cette affaire et 12 autres identifi\u00e9es sont en fuite, dont 6 install\u00e9es \u00e0 l\u2019\u00e9tranger. Ils sont tous poursuivis pour adh\u00e9sion \u00e0 un groupe visant l\u2019unit\u00e9 et l\u2019int\u00e9grit\u00e9 territoriale, utilisation des TIC pour le recrutement de personnes, complot visant \u00e0 inciter les citoyens \u00e0 se rebeller contre l\u2019autorit\u00e9 de l\u2019\u00c9tat et \u00e0 attenter \u00e0 l\u2019int\u00e9grit\u00e9, propagation de fausses informations dans le but de porter atteinte \u00e0 la s\u00e9curit\u00e9 et \u00e0 l\u2019ordre publics, d\u00e9lits de placement d\u2019argent, diffusion de publications portant atteinte aux institutions de l\u2019\u00c9tat, attroupement non autoris\u00e9, d\u00e9tention de stup\u00e9fiants pour consommation, infraction \u00e0 la l\u00e9gislation et \u00e0 la r\u00e9glementation relatives aux mouvements de capitaux de et vers l\u2019\u00e9tranger. L\u2019enqu\u00eate diligent\u00e9e par la division centre de la police judiciaire de la SW d\u2019Alger, a \u00e9t\u00e9 sanctionn\u00e9e par l\u2019identification de plusieurs comptes suspects avec de faux noms et d\u2019autres avec de vrais profils, diffusant des fake-news et des publications incitant les citoyens aux troubles \u00e0 l\u2019ordre public. Le procureur g\u00e9n\u00e9ral pr\u00e8s la cour d\u2019Alger, Sid Ahmed Mourad, avait indiqu\u00e9, rappelons le que \u00abl\u2019enqu\u00eate a r\u00e9v\u00e9l\u00e9 des \u00abfinancements douteux\u00bb entre les membres de cette bande, ainsi que des \u00abappels\u00bb effectu\u00e9s entre des individus connus pour leurs activit\u00e9s hostiles, \u00e0 l\u2019instar d\u2019Abdellah Mohammed. Ce dernier est \u00e9galement poursuivi par la justice militaire.&nbsp;<\/p>\n\n\n\n<p><strong>Salim Abdenour<\/strong><\/p>\n","protected":false},"excerpt":{"rendered":"<p>En attendant le verdict, le procureur pr\u00e8s le tribunal de Bir Mourad Ra\u00efs a prononc\u00e9 hier son plaidoyer dans lequel<\/p>\n","protected":false},"author":3,"featured_media":17985,"comment_status":"open","ping_status":"closed","sticky":false,"template":"","format":"standard","meta":{"colormag_page_container_layout":"default_layout","colormag_page_sidebar_layout":"default_layout","om_disable_all_campaigns":false,"_monsterinsights_skip_tracking":false,"_monsterinsights_sitenote_active":false,"_monsterinsights_sitenote_note":"","_monsterinsights_sitenote_category":0,"footnotes":"","_wpscppro_dont_share_socialmedia":false,"_wpscppro_custom_social_share_image":0,"_facebook_share_type":"","_twitter_share_type":"","_linkedin_share_type":"","_pinterest_share_type":"","_linkedin_share_type_page":"","_instagram_share_type":"","_medium_share_type":"","_threads_share_type":"","_google_business_share_type":"","_selected_social_profile":[],"_wpsp_enable_custom_social_template":false,"_wpsp_social_scheduling":{"enabled":false,"datetime":null,"platforms":[],"status":"template_only","dateOption":"today","timeOption":"now","customDays":"","customHours":"","customDate":"","customTime":"","schedulingType":"absolute"},"_wpsp_active_default_template":true},"categories":[27],"tags":[],"class_list":["post-17941","post","type-post","status-publish","format-standard","has-post-thumbnail","hentry","category-actualite"],"aioseo_notices":[],"yoast_head":"<!-- This site is optimized with the Yoast SEO plugin v27.5 - https:\/\/yoast.com\/product\/yoast-seo-wordpress\/ -->\n<title>Tribunal de Bir Mourad Ra\u00efs\u00a0:\u00a010 ans de prison ferme requis contre Mohamed Abdellah - La Sentinelle<\/title>\n<meta name=\"robots\" content=\"index, follow, max-snippet:-1, max-image-preview:large, max-video-preview:-1\" \/>\n<link rel=\"canonical\" href=\"https:\/\/lasentinelle.dz\/index.php\/2022\/03\/07\/tribunal-de-bir-mourad-rais-10-ans-de-prison-ferme-requis-contre-mohamed-abdellah\/\" \/>\n<meta property=\"og:locale\" content=\"fr_FR\" \/>\n<meta property=\"og:type\" content=\"article\" \/>\n<meta property=\"og:title\" content=\"Tribunal de Bir Mourad Ra\u00efs\u00a0:\u00a010 ans de prison ferme requis contre Mohamed Abdellah - La Sentinelle\" \/>\n<meta property=\"og:description\" content=\"En attendant le verdict, le procureur pr\u00e8s le tribunal de Bir Mourad Ra\u00efs a prononc\u00e9 hier son plaidoyer dans lequel\" \/>\n<meta property=\"og:url\" content=\"https:\/\/lasentinelle.dz\/index.php\/2022\/03\/07\/tribunal-de-bir-mourad-rais-10-ans-de-prison-ferme-requis-contre-mohamed-abdellah\/\" \/>\n<meta property=\"og:site_name\" content=\"La Sentinelle\" \/>\n<meta property=\"article:publisher\" content=\"https:\/\/www.facebook.com\/La-Sentinelle-104059864394773\" \/>\n<meta property=\"article:published_time\" content=\"2022-03-06T23:01:00+00:00\" \/>\n<meta property=\"og:image\" content=\"https:\/\/lasentinelle.dz\/wp-content\/uploads\/2022\/03\/trubinal.png\" \/>\n\t<meta property=\"og:image:width\" content=\"1350\" \/>\n\t<meta property=\"og:image:height\" content=\"900\" \/>\n\t<meta property=\"og:image:type\" content=\"image\/png\" \/>\n<meta name=\"author\" content=\"La Sentinelle\" \/>\n<meta name=\"twitter:card\" content=\"summary_large_image\" \/>\n<meta name=\"twitter:label1\" content=\"\u00c9crit par\" \/>\n\t<meta name=\"twitter:data1\" content=\"La Sentinelle\" \/>\n\t<meta name=\"twitter:label2\" content=\"Dur\u00e9e de lecture estim\u00e9e\" \/>\n\t<meta name=\"twitter:data2\" content=\"4 minutes\" \/>\n<script type=\"application\/ld+json\" class=\"yoast-schema-graph\">{\"@context\":\"https:\\\/\\\/schema.org\",\"@graph\":[{\"@type\":\"Article\",\"@id\":\"https:\\\/\\\/lasentinelle.dz\\\/index.php\\\/2022\\\/03\\\/07\\\/tribunal-de-bir-mourad-rais-10-ans-de-prison-ferme-requis-contre-mohamed-abdellah\\\/#article\",\"isPartOf\":{\"@id\":\"https:\\\/\\\/lasentinelle.dz\\\/index.php\\\/2022\\\/03\\\/07\\\/tribunal-de-bir-mourad-rais-10-ans-de-prison-ferme-requis-contre-mohamed-abdellah\\\/\"},\"author\":{\"name\":\"La Sentinelle\",\"@id\":\"https:\\\/\\\/lasentinelle.dz\\\/#\\\/schema\\\/person\\\/d865044e22e70a75174ce8bcad3acfb3\"},\"headline\":\"Tribunal de Bir Mourad Ra\u00efs\u00a0:\u00a010 ans de prison ferme requis contre Mohamed Abdellah\",\"datePublished\":\"2022-03-06T23:01:00+00:00\",\"mainEntityOfPage\":{\"@id\":\"https:\\\/\\\/lasentinelle.dz\\\/index.php\\\/2022\\\/03\\\/07\\\/tribunal-de-bir-mourad-rais-10-ans-de-prison-ferme-requis-contre-mohamed-abdellah\\\/\"},\"wordCount\":821,\"commentCount\":0,\"publisher\":{\"@id\":\"https:\\\/\\\/lasentinelle.dz\\\/#organization\"},\"image\":{\"@id\":\"https:\\\/\\\/lasentinelle.dz\\\/index.php\\\/2022\\\/03\\\/07\\\/tribunal-de-bir-mourad-rais-10-ans-de-prison-ferme-requis-contre-mohamed-abdellah\\\/#primaryimage\"},\"thumbnailUrl\":\"https:\\\/\\\/lasentinelle.dz\\\/wp-content\\\/uploads\\\/2022\\\/03\\\/trubinal.png\",\"articleSection\":[\"Actualit\u00e9\"],\"inLanguage\":\"fr-FR\",\"potentialAction\":[{\"@type\":\"CommentAction\",\"name\":\"Comment\",\"target\":[\"https:\\\/\\\/lasentinelle.dz\\\/index.php\\\/2022\\\/03\\\/07\\\/tribunal-de-bir-mourad-rais-10-ans-de-prison-ferme-requis-contre-mohamed-abdellah\\\/#respond\"]}]},{\"@type\":\"WebPage\",\"@id\":\"https:\\\/\\\/lasentinelle.dz\\\/index.php\\\/2022\\\/03\\\/07\\\/tribunal-de-bir-mourad-rais-10-ans-de-prison-ferme-requis-contre-mohamed-abdellah\\\/\",\"url\":\"https:\\\/\\\/lasentinelle.dz\\\/index.php\\\/2022\\\/03\\\/07\\\/tribunal-de-bir-mourad-rais-10-ans-de-prison-ferme-requis-contre-mohamed-abdellah\\\/\",\"name\":\"Tribunal de Bir Mourad Ra\u00efs\u00a0:\u00a010 ans de prison ferme requis contre Mohamed Abdellah - La Sentinelle\",\"isPartOf\":{\"@id\":\"https:\\\/\\\/lasentinelle.dz\\\/#website\"},\"primaryImageOfPage\":{\"@id\":\"https:\\\/\\\/lasentinelle.dz\\\/index.php\\\/2022\\\/03\\\/07\\\/tribunal-de-bir-mourad-rais-10-ans-de-prison-ferme-requis-contre-mohamed-abdellah\\\/#primaryimage\"},\"image\":{\"@id\":\"https:\\\/\\\/lasentinelle.dz\\\/index.php\\\/2022\\\/03\\\/07\\\/tribunal-de-bir-mourad-rais-10-ans-de-prison-ferme-requis-contre-mohamed-abdellah\\\/#primaryimage\"},\"thumbnailUrl\":\"https:\\\/\\\/lasentinelle.dz\\\/wp-content\\\/uploads\\\/2022\\\/03\\\/trubinal.png\",\"datePublished\":\"2022-03-06T23:01:00+00:00\",\"breadcrumb\":{\"@id\":\"https:\\\/\\\/lasentinelle.dz\\\/index.php\\\/2022\\\/03\\\/07\\\/tribunal-de-bir-mourad-rais-10-ans-de-prison-ferme-requis-contre-mohamed-abdellah\\\/#breadcrumb\"},\"inLanguage\":\"fr-FR\",\"potentialAction\":[{\"@type\":\"ReadAction\",\"target\":[\"https:\\\/\\\/lasentinelle.dz\\\/index.php\\\/2022\\\/03\\\/07\\\/tribunal-de-bir-mourad-rais-10-ans-de-prison-ferme-requis-contre-mohamed-abdellah\\\/\"]}]},{\"@type\":\"ImageObject\",\"inLanguage\":\"fr-FR\",\"@id\":\"https:\\\/\\\/lasentinelle.dz\\\/index.php\\\/2022\\\/03\\\/07\\\/tribunal-de-bir-mourad-rais-10-ans-de-prison-ferme-requis-contre-mohamed-abdellah\\\/#primaryimage\",\"url\":\"https:\\\/\\\/lasentinelle.dz\\\/wp-content\\\/uploads\\\/2022\\\/03\\\/trubinal.png\",\"contentUrl\":\"https:\\\/\\\/lasentinelle.dz\\\/wp-content\\\/uploads\\\/2022\\\/03\\\/trubinal.png\",\"width\":1350,\"height\":900},{\"@type\":\"BreadcrumbList\",\"@id\":\"https:\\\/\\\/lasentinelle.dz\\\/index.php\\\/2022\\\/03\\\/07\\\/tribunal-de-bir-mourad-rais-10-ans-de-prison-ferme-requis-contre-mohamed-abdellah\\\/#breadcrumb\",\"itemListElement\":[{\"@type\":\"ListItem\",\"position\":1,\"name\":\"Accueil\",\"item\":\"https:\\\/\\\/lasentinelle.dz\\\/\"},{\"@type\":\"ListItem\",\"position\":2,\"name\":\"Tribunal de Bir Mourad Ra\u00efs\u00a0:\u00a010 ans de prison ferme requis contre Mohamed Abdellah\"}]},{\"@type\":\"WebSite\",\"@id\":\"https:\\\/\\\/lasentinelle.dz\\\/#website\",\"url\":\"https:\\\/\\\/lasentinelle.dz\\\/\",\"name\":\"La Sentinelle\",\"description\":\"Quotidien national d&#039;information\",\"publisher\":{\"@id\":\"https:\\\/\\\/lasentinelle.dz\\\/#organization\"},\"potentialAction\":[{\"@type\":\"SearchAction\",\"target\":{\"@type\":\"EntryPoint\",\"urlTemplate\":\"https:\\\/\\\/lasentinelle.dz\\\/?s={search_term_string}\"},\"query-input\":{\"@type\":\"PropertyValueSpecification\",\"valueRequired\":true,\"valueName\":\"search_term_string\"}}],\"inLanguage\":\"fr-FR\"},{\"@type\":\"Organization\",\"@id\":\"https:\\\/\\\/lasentinelle.dz\\\/#organization\",\"name\":\"Quotidien La Sentinelle\",\"url\":\"https:\\\/\\\/lasentinelle.dz\\\/\",\"logo\":{\"@type\":\"ImageObject\",\"inLanguage\":\"fr-FR\",\"@id\":\"https:\\\/\\\/lasentinelle.dz\\\/#\\\/schema\\\/logo\\\/image\\\/\",\"url\":\"https:\\\/\\\/lasentinelle.dz\\\/wp-content\\\/uploads\\\/2021\\\/09\\\/logo-sentinelleSLOGAN-1.png\",\"contentUrl\":\"https:\\\/\\\/lasentinelle.dz\\\/wp-content\\\/uploads\\\/2021\\\/09\\\/logo-sentinelleSLOGAN-1.png\",\"width\":615,\"height\":142,\"caption\":\"Quotidien La Sentinelle\"},\"image\":{\"@id\":\"https:\\\/\\\/lasentinelle.dz\\\/#\\\/schema\\\/logo\\\/image\\\/\"},\"sameAs\":[\"https:\\\/\\\/www.facebook.com\\\/La-Sentinelle-104059864394773\"]},{\"@type\":\"Person\",\"@id\":\"https:\\\/\\\/lasentinelle.dz\\\/#\\\/schema\\\/person\\\/d865044e22e70a75174ce8bcad3acfb3\",\"name\":\"La Sentinelle\",\"image\":{\"@type\":\"ImageObject\",\"inLanguage\":\"fr-FR\",\"@id\":\"https:\\\/\\\/secure.gravatar.com\\\/avatar\\\/57de8e5d4b15d43fb361a71fbb36338450fe67865b528a43dd10ef7c51a20392?s=96&d=mm&r=g\",\"url\":\"https:\\\/\\\/secure.gravatar.com\\\/avatar\\\/57de8e5d4b15d43fb361a71fbb36338450fe67865b528a43dd10ef7c51a20392?s=96&d=mm&r=g\",\"contentUrl\":\"https:\\\/\\\/secure.gravatar.com\\\/avatar\\\/57de8e5d4b15d43fb361a71fbb36338450fe67865b528a43dd10ef7c51a20392?s=96&d=mm&r=g\",\"caption\":\"La Sentinelle\"},\"sameAs\":[\"http:\\\/\\\/www.lasentinelle.dz\"],\"url\":\"https:\\\/\\\/lasentinelle.dz\\\/author\\\/redaction\\\/\"}]}<\/script>\n<!-- \/ Yoast SEO plugin. -->","yoast_head_json":{"title":"Tribunal de Bir Mourad Ra\u00efs\u00a0:\u00a010 ans de prison ferme requis contre Mohamed Abdellah - La Sentinelle","robots":{"index":"index","follow":"follow","max-snippet":"max-snippet:-1","max-image-preview":"max-image-preview:large","max-video-preview":"max-video-preview:-1"},"canonical":"https:\/\/lasentinelle.dz\/index.php\/2022\/03\/07\/tribunal-de-bir-mourad-rais-10-ans-de-prison-ferme-requis-contre-mohamed-abdellah\/","og_locale":"fr_FR","og_type":"article","og_title":"Tribunal de Bir Mourad Ra\u00efs\u00a0:\u00a010 ans de prison ferme requis contre Mohamed Abdellah - La Sentinelle","og_description":"En attendant le verdict, le procureur pr\u00e8s le tribunal de Bir Mourad Ra\u00efs a prononc\u00e9 hier son plaidoyer dans lequel","og_url":"https:\/\/lasentinelle.dz\/index.php\/2022\/03\/07\/tribunal-de-bir-mourad-rais-10-ans-de-prison-ferme-requis-contre-mohamed-abdellah\/","og_site_name":"La Sentinelle","article_publisher":"https:\/\/www.facebook.com\/La-Sentinelle-104059864394773","article_published_time":"2022-03-06T23:01:00+00:00","og_image":[{"width":1350,"height":900,"url":"https:\/\/lasentinelle.dz\/wp-content\/uploads\/2022\/03\/trubinal.png","type":"image\/png"}],"author":"La Sentinelle","twitter_card":"summary_large_image","twitter_misc":{"\u00c9crit par":"La Sentinelle","Dur\u00e9e de lecture estim\u00e9e":"4 minutes"},"schema":{"@context":"https:\/\/schema.org","@graph":[{"@type":"Article","@id":"https:\/\/lasentinelle.dz\/index.php\/2022\/03\/07\/tribunal-de-bir-mourad-rais-10-ans-de-prison-ferme-requis-contre-mohamed-abdellah\/#article","isPartOf":{"@id":"https:\/\/lasentinelle.dz\/index.php\/2022\/03\/07\/tribunal-de-bir-mourad-rais-10-ans-de-prison-ferme-requis-contre-mohamed-abdellah\/"},"author":{"name":"La Sentinelle","@id":"https:\/\/lasentinelle.dz\/#\/schema\/person\/d865044e22e70a75174ce8bcad3acfb3"},"headline":"Tribunal de Bir Mourad Ra\u00efs\u00a0:\u00a010 ans de prison ferme requis contre Mohamed Abdellah","datePublished":"2022-03-06T23:01:00+00:00","mainEntityOfPage":{"@id":"https:\/\/lasentinelle.dz\/index.php\/2022\/03\/07\/tribunal-de-bir-mourad-rais-10-ans-de-prison-ferme-requis-contre-mohamed-abdellah\/"},"wordCount":821,"commentCount":0,"publisher":{"@id":"https:\/\/lasentinelle.dz\/#organization"},"image":{"@id":"https:\/\/lasentinelle.dz\/index.php\/2022\/03\/07\/tribunal-de-bir-mourad-rais-10-ans-de-prison-ferme-requis-contre-mohamed-abdellah\/#primaryimage"},"thumbnailUrl":"https:\/\/lasentinelle.dz\/wp-content\/uploads\/2022\/03\/trubinal.png","articleSection":["Actualit\u00e9"],"inLanguage":"fr-FR","potentialAction":[{"@type":"CommentAction","name":"Comment","target":["https:\/\/lasentinelle.dz\/index.php\/2022\/03\/07\/tribunal-de-bir-mourad-rais-10-ans-de-prison-ferme-requis-contre-mohamed-abdellah\/#respond"]}]},{"@type":"WebPage","@id":"https:\/\/lasentinelle.dz\/index.php\/2022\/03\/07\/tribunal-de-bir-mourad-rais-10-ans-de-prison-ferme-requis-contre-mohamed-abdellah\/","url":"https:\/\/lasentinelle.dz\/index.php\/2022\/03\/07\/tribunal-de-bir-mourad-rais-10-ans-de-prison-ferme-requis-contre-mohamed-abdellah\/","name":"Tribunal de Bir Mourad Ra\u00efs\u00a0:\u00a010 ans de prison ferme requis contre Mohamed Abdellah - La Sentinelle","isPartOf":{"@id":"https:\/\/lasentinelle.dz\/#website"},"primaryImageOfPage":{"@id":"https:\/\/lasentinelle.dz\/index.php\/2022\/03\/07\/tribunal-de-bir-mourad-rais-10-ans-de-prison-ferme-requis-contre-mohamed-abdellah\/#primaryimage"},"image":{"@id":"https:\/\/lasentinelle.dz\/index.php\/2022\/03\/07\/tribunal-de-bir-mourad-rais-10-ans-de-prison-ferme-requis-contre-mohamed-abdellah\/#primaryimage"},"thumbnailUrl":"https:\/\/lasentinelle.dz\/wp-content\/uploads\/2022\/03\/trubinal.png","datePublished":"2022-03-06T23:01:00+00:00","breadcrumb":{"@id":"https:\/\/lasentinelle.dz\/index.php\/2022\/03\/07\/tribunal-de-bir-mourad-rais-10-ans-de-prison-ferme-requis-contre-mohamed-abdellah\/#breadcrumb"},"inLanguage":"fr-FR","potentialAction":[{"@type":"ReadAction","target":["https:\/\/lasentinelle.dz\/index.php\/2022\/03\/07\/tribunal-de-bir-mourad-rais-10-ans-de-prison-ferme-requis-contre-mohamed-abdellah\/"]}]},{"@type":"ImageObject","inLanguage":"fr-FR","@id":"https:\/\/lasentinelle.dz\/index.php\/2022\/03\/07\/tribunal-de-bir-mourad-rais-10-ans-de-prison-ferme-requis-contre-mohamed-abdellah\/#primaryimage","url":"https:\/\/lasentinelle.dz\/wp-content\/uploads\/2022\/03\/trubinal.png","contentUrl":"https:\/\/lasentinelle.dz\/wp-content\/uploads\/2022\/03\/trubinal.png","width":1350,"height":900},{"@type":"BreadcrumbList","@id":"https:\/\/lasentinelle.dz\/index.php\/2022\/03\/07\/tribunal-de-bir-mourad-rais-10-ans-de-prison-ferme-requis-contre-mohamed-abdellah\/#breadcrumb","itemListElement":[{"@type":"ListItem","position":1,"name":"Accueil","item":"https:\/\/lasentinelle.dz\/"},{"@type":"ListItem","position":2,"name":"Tribunal de Bir Mourad Ra\u00efs\u00a0:\u00a010 ans de prison ferme requis contre Mohamed Abdellah"}]},{"@type":"WebSite","@id":"https:\/\/lasentinelle.dz\/#website","url":"https:\/\/lasentinelle.dz\/","name":"La Sentinelle","description":"Quotidien national d&#039;information","publisher":{"@id":"https:\/\/lasentinelle.dz\/#organization"},"potentialAction":[{"@type":"SearchAction","target":{"@type":"EntryPoint","urlTemplate":"https:\/\/lasentinelle.dz\/?s={search_term_string}"},"query-input":{"@type":"PropertyValueSpecification","valueRequired":true,"valueName":"search_term_string"}}],"inLanguage":"fr-FR"},{"@type":"Organization","@id":"https:\/\/lasentinelle.dz\/#organization","name":"Quotidien La Sentinelle","url":"https:\/\/lasentinelle.dz\/","logo":{"@type":"ImageObject","inLanguage":"fr-FR","@id":"https:\/\/lasentinelle.dz\/#\/schema\/logo\/image\/","url":"https:\/\/lasentinelle.dz\/wp-content\/uploads\/2021\/09\/logo-sentinelleSLOGAN-1.png","contentUrl":"https:\/\/lasentinelle.dz\/wp-content\/uploads\/2021\/09\/logo-sentinelleSLOGAN-1.png","width":615,"height":142,"caption":"Quotidien La Sentinelle"},"image":{"@id":"https:\/\/lasentinelle.dz\/#\/schema\/logo\/image\/"},"sameAs":["https:\/\/www.facebook.com\/La-Sentinelle-104059864394773"]},{"@type":"Person","@id":"https:\/\/lasentinelle.dz\/#\/schema\/person\/d865044e22e70a75174ce8bcad3acfb3","name":"La Sentinelle","image":{"@type":"ImageObject","inLanguage":"fr-FR","@id":"https:\/\/secure.gravatar.com\/avatar\/57de8e5d4b15d43fb361a71fbb36338450fe67865b528a43dd10ef7c51a20392?s=96&d=mm&r=g","url":"https:\/\/secure.gravatar.com\/avatar\/57de8e5d4b15d43fb361a71fbb36338450fe67865b528a43dd10ef7c51a20392?s=96&d=mm&r=g","contentUrl":"https:\/\/secure.gravatar.com\/avatar\/57de8e5d4b15d43fb361a71fbb36338450fe67865b528a43dd10ef7c51a20392?s=96&d=mm&r=g","caption":"La Sentinelle"},"sameAs":["http:\/\/www.lasentinelle.dz"],"url":"https:\/\/lasentinelle.dz\/author\/redaction\/"}]}},"_links":{"self":[{"href":"https:\/\/lasentinelle.dz\/index.php\/wp-json\/wp\/v2\/posts\/17941","targetHints":{"allow":["GET"]}}],"collection":[{"href":"https:\/\/lasentinelle.dz\/index.php\/wp-json\/wp\/v2\/posts"}],"about":[{"href":"https:\/\/lasentinelle.dz\/index.php\/wp-json\/wp\/v2\/types\/post"}],"author":[{"embeddable":true,"href":"https:\/\/lasentinelle.dz\/index.php\/wp-json\/wp\/v2\/users\/3"}],"replies":[{"embeddable":true,"href":"https:\/\/lasentinelle.dz\/index.php\/wp-json\/wp\/v2\/comments?post=17941"}],"version-history":[{"count":1,"href":"https:\/\/lasentinelle.dz\/index.php\/wp-json\/wp\/v2\/posts\/17941\/revisions"}],"predecessor-version":[{"id":17994,"href":"https:\/\/lasentinelle.dz\/index.php\/wp-json\/wp\/v2\/posts\/17941\/revisions\/17994"}],"wp:featuredmedia":[{"embeddable":true,"href":"https:\/\/lasentinelle.dz\/index.php\/wp-json\/wp\/v2\/media\/17985"}],"wp:attachment":[{"href":"https:\/\/lasentinelle.dz\/index.php\/wp-json\/wp\/v2\/media?parent=17941"}],"wp:term":[{"taxonomy":"category","embeddable":true,"href":"https:\/\/lasentinelle.dz\/index.php\/wp-json\/wp\/v2\/categories?post=17941"},{"taxonomy":"post_tag","embeddable":true,"href":"https:\/\/lasentinelle.dz\/index.php\/wp-json\/wp\/v2\/tags?post=17941"}],"curies":[{"name":"wp","href":"https:\/\/api.w.org\/{rel}","templated":true}]}}