{"id":17948,"date":"2022-03-07T00:01:00","date_gmt":"2022-03-06T23:01:00","guid":{"rendered":"https:\/\/lasentinelle.dz\/?p=17948"},"modified":"2022-03-06T16:25:30","modified_gmt":"2022-03-06T15:25:30","slug":"grand-prix-el-hachemi-guerouabi-2022-faiz-ghemmati-laureat","status":"publish","type":"post","link":"https:\/\/lasentinelle.dz\/index.php\/2022\/03\/07\/grand-prix-el-hachemi-guerouabi-2022-faiz-ghemmati-laureat\/","title":{"rendered":"Grand Prix El-Hachemi-Guerouabi 2022\u00a0:\u00a0Fa\u00efz Ghemmati\u00a0laur\u00e9at"},"content":{"rendered":"\n<p>Le jeune chanteur cha\u00e2bi, Fa\u00efz Ghemmati de Cherchell a \u00e9t\u00e9 consacr\u00e9, samedi \u00e0 Alger, laur\u00e9at de la 7e \u00e9dition du Prix El-Hachemi-Guerouabi qui a mis en comp\u00e9tition douze finalistes.<\/p>\n\n\n\n<p>Lors de la c\u00e9r\u00e9monie de cl\u00f4ture organis\u00e9e \u00e0 l\u2019Auditorium du Palais de la Culture Moufdi-Zakaria, le jury, pr\u00e9sid\u00e9 par le chanteur cha\u00e2bi, Hamid Laidaoui, a d\u00e9cern\u00e9 le 1er Prix de ce concours \u00e0 Fa\u00efz Ghemmati \u00e0 la mandole.&nbsp;Le jeune premier prix a int\u00e9gr\u00e9 le monde artistique depuis une dizaine d\u2019ann\u00e9es seulement, essentiellement comme musicien dans trois grandes associations culturelles de musique andalouse \u00e0 Cherchell.&nbsp;En 2014 d\u2019abord, \u00e0 \u00ab\u00a0El Manara\u00a0\u00bb alors qu\u2019il \u00e9tait jeune lyc\u00e9en (17 ans), et o\u00f9 il apprit \u00e0 jouer \u00e0 la guitare et au Oud (luth), pour rejoindre deux ann\u00e9es plus tard \u00ab\u00a0Nassim Essabah\u00a0\u00bb et s\u2019int\u00e9resser \u00e0 la kouitra, et de finir en 2020 jusqu&rsquo;\u00e0 ce jour encore, \u00e0 \u00ab\u00a0Errachidia\u00a0\u00bb.&nbsp;Le jeune Fa\u00efz Ghemmati a commis quelques enregistrements en studio, post\u00e9s sur les r\u00e9seaux sociaux.&nbsp;Le deuxi\u00e8me prix est revenu \u00e0 Ghofrane Bouache (15 ans) de Cherchell qui, a choisi d\u2019entrer en comp\u00e9tition avec, \u00ab\u00a0Rachiq el qed\u00a0\u00bb (inqileb), \u00ab\u00a0Ach ma iberred nirani\u00a0\u00bb et \u00ab\u00a0Wahd el ghoziel\u00a0\u00bb, extraits de \u00ab\u00a0Noubet Djarka\u00a0\u00bb, qu\u2019elle a brillamment rendu avec une voix cristalline.&nbsp;En 2012, alors qu\u2019elle n\u2019avait que 7 ans, Ghofrane Bouache a adh\u00e9r\u00e9 \u00e0 l\u2019association Nassim Essabah, et a \u00e9t\u00e9 \u00e9lue en 2021, \u00ab\u00a0Meilleure voix f\u00e9minine\u00a0\u00bb, lors de la 6e \u00e9dition du Prix El-Hachemi-Guerouabi.&nbsp;Le jury a \u00e9galement consacr\u00e9, Salim Sidi Dris d\u2019Alger \u00ab\u00a03e Prix\u00a0\u00bb de la 7e \u00e9dition de ce concours, alors que le Prix d\u2019encouragements du jury a \u00e9t\u00e9 d\u00e9cern\u00e9 au jeune Ould Rabah Mohamed Seddik de Tiaret.<\/p>\n\n\n\n<p>Apr\u00e8s l\u2019annonce des r\u00e9sultats, les laur\u00e9ats se sont vu remettre le troph\u00e9e honorifique et l'\u00a0\u00bbattestation de succ\u00e8s\u00a0\u00bb, en plus d\u2019un \u00ab\u00a0accompagnement financier\u00a0\u00bb, avec en plus, pour le Grand laur\u00e9at l&rsquo;orchestration et l\u2019enregistrement en studio de son premier CD.&nbsp;La pr\u00e9sidente de l\u2019association culturelle El-Hachemi-Guerouabi, Chahira Guerouabi a d\u00e9clar\u00e9 \u00e0 l\u2019issue de la c\u00e9r\u00e9monie de cl\u00f4ture que l\u2019ensemble des finalistes, b\u00e9n\u00e9ficiait d\u2019un \u00ab\u00a0suivi de la part de l\u2019association et de tourn\u00e9es artistiques\u00a0\u00bb.&nbsp;En pr\u00e9sence de la ministre, de la Culture et des Arts Soraya Mouloudji, les membres du jury ont rappel\u00e9 les crit\u00e8res d\u2019\u00e9valuation retenus durant le travail d\u2019appr\u00e9ciation de chaque rendu, pour d\u00e9partager les artistes finalistes du concours.&nbsp;L\u2019\u00e9valuation s\u2019est faite essentiellement autour de: la ma\u00eetrise de la voix et de l\u2019instrument, la diction, l\u2019esth\u00e9tique et les ornements vocaux, la ma\u00eetrise du texte, la coh\u00e9rence dans l\u2019encha\u00eenement des th\u00e8mes (istikhbar, qcid et final), le sens du rythme et la tenue sur sc\u00e8ne.&nbsp;Douze jeunes talents, de diff\u00e9rentes villes du pays, ont pris part, \u00e0 la comp\u00e9tition de la 7e \u00e9dition du Prix El-Hachemi-Guerouabi, organis\u00e9e sous le parrainage du minist\u00e8re de la Culture et des Arts, en collaboration avec l&rsquo;Office national des Droits d&rsquo;auteurs et droits voisins (Onda) et le palais de la Culture Moufdi-Zakaria.<\/p>\n\n\n\n<p>La c\u00e9r\u00e9monie de cl\u00f4ture a \u00e9t\u00e9 \u00e9galement marqu\u00e9e par la programmation d&rsquo;un concert de musique cha\u00e2bi, anim\u00e9 par, les cheikhs, Abdelkader Chaou, Hamid La\u00efdaoui, Mohamed Rebbah et Sid Ahmed Derradji.<\/p>\n\n\n\n<p>Le nombreux public de l\u2019Auditorium du Palais de la Culture Moufdi-Zakaria, venu assister, apr\u00e8s deux soir\u00e9es de comp\u00e9titions, au moment solennel de l\u2019annonce des laur\u00e9ats du Grand Prix El Hadj-El-Hachemi-Guerouabi, a pu appr\u00e9cier, pr\u00e8s d\u2019une heure et demie de temps, un concert de chansons cha\u00e2bi rendu par Le ma\u00eetre Abdelkader Chaou, Hamid Laidaoui, Sid Ahmed Derradji et Mohamed Rebbah, accompagn\u00e9s par l&rsquo;Orchestre dirig\u00e9 par Smail Ferkioui.&nbsp;D\u2019abord Sid Ahmed Derradji, laur\u00e9at en 2014, de la premi\u00e8re \u00e9dition de ce grand prix, a occup\u00e9 la place du \u00ab\u00a0Cheikh\u00a0\u00bb au devant de la sc\u00e8ne, abandonnant celle de membre du jury qu&rsquo;il \u00e9tait, apr\u00e8s avoir men\u00e9 \u00e0 terme, avec d\u2019autres coll\u00e8gues-artistes, la mission d\u2019\u00e9valuation des jeunes chanteurs cha\u00e2bi en comp\u00e9tition.&nbsp;Interpr\u00e9tant avec une voix pr\u00e9sente et \u00e9toff\u00e9e une pi\u00e8ce dans le genre \u00ab\u00a0aroubi\u00a0\u00bb, Sid Ahmed Derradji a entam\u00e9, dans une ambiance de grands soirs, un q\u00e7id dans le mode Raml El Maya encha\u00een\u00e9 \u00e0 \u00ab\u00a0Ya el werchane\u00a0\u00bb, \u00ab\u00a0Twahach\u2019t El Behdja ma n\u2019tawwal\u2019chi na\u00e2mel dara\u00a0\u00bb et \u00ab\u00a0Amchi ya Rassoul\u00a0\u00bb.&nbsp;Au tour du pr\u00e9sident du jury, Hamid La\u00efdaoui de reprendre sa casquette de \u00ab\u00a0Cheikh\u00a0\u00bb, sous un torrent d\u2019applaudissements du public, entonnant dans le mode Zid\u00e8ne, avec un timbre vocal aux contours du ma\u00eetre El Hachemi Guerrouabi, la pi\u00e8ce, \u00ab\u00a0Amir Loghram\u00a0\u00bb, relay\u00e9e \u00e0 \u00ab\u00a0Koulou el yamna\u00a0\u00bb, puis \u00e0 \u00ab\u00a0El Herraz\u00a0\u00bb, pi\u00e8ce d\u2019anthologie dans le patrimoine de la chanson cha\u00e2bie.&nbsp;Mohamed Rebbah a, quant \u00e0 lui, embarqu\u00e9 l\u2019assistance dans les m\u00e9andres de la po\u00e9sie du melhoun, \u00e0 travers une suite prolifique de pi\u00e8ces, avec notamment, \u00ab\u00a0Ya gh\u2019zel\u00a0\u00bb, \u00ab\u00a0Sa\u00e2douni\u00a0\u00bb, \u00ab\u00a0Qolo len\u2019nass\u00a0\u00bb et \u00ab\u00a0El Khila\u00e2 ta\u00e2djebni\u00a0\u00bb, au bon plaisir des spectateurs.&nbsp;Apportant de la joie dans ses notes, l\u2019infatigable Mourad Zirouni \u00e0 l\u2019animation, a su cr\u00e9er, trois jours durant, les atmosph\u00e8res conviviales, n\u00e9cessaires \u00e0 la r\u00e9ussite de l&rsquo;\u00e9v\u00e9nement, impliquant le public et interagissant avec lui, en plus d\u2019exploiter tous les moments d\u2019interludes pour solliciter, les organisateurs, les membres du jury, ou m\u00eame ceux de l\u2019orchestre pour plus d\u2019\u00e9claircissements concernant diff\u00e9rents aspect en lien avec la 7e \u00e9dition de ce grand prix.<\/p>\n\n\n\n<p>Cr\u00e9\u00e9 en 2014, ce prix baptis\u00e9 du nom d&rsquo;une grande figure de la musique cha\u00e2bie, vise \u00e0 d\u00e9couvrir et promouvoir les jeunes talents, qui animeront la sc\u00e8ne artistique de demain.<\/p>\n\n\n\n<p>R.C.<\/p>\n","protected":false},"excerpt":{"rendered":"<p>Le jeune chanteur cha\u00e2bi, Fa\u00efz Ghemmati de Cherchell a \u00e9t\u00e9 consacr\u00e9, samedi \u00e0 Alger, laur\u00e9at de la 7e \u00e9dition du<\/p>\n","protected":false},"author":3,"featured_media":17953,"comment_status":"open","ping_status":"closed","sticky":false,"template":"","format":"standard","meta":{"colormag_page_container_layout":"default_layout","colormag_page_sidebar_layout":"default_layout","om_disable_all_campaigns":false,"_monsterinsights_skip_tracking":false,"_monsterinsights_sitenote_active":false,"_monsterinsights_sitenote_note":"","_monsterinsights_sitenote_category":0,"footnotes":"","_wpscppro_dont_share_socialmedia":false,"_wpscppro_custom_social_share_image":0,"_facebook_share_type":"","_twitter_share_type":"","_linkedin_share_type":"","_pinterest_share_type":"","_linkedin_share_type_page":"","_instagram_share_type":"","_medium_share_type":"","_threads_share_type":"","_google_business_share_type":"","_selected_social_profile":[],"_wpsp_enable_custom_social_template":false,"_wpsp_social_scheduling":{"enabled":false,"datetime":null,"platforms":[],"status":"template_only","dateOption":"today","timeOption":"now","customDays":"","customHours":"","customDate":"","customTime":"","schedulingType":"absolute"},"_wpsp_active_default_template":true},"categories":[36],"tags":[],"class_list":["post-17948","post","type-post","status-publish","format-standard","has-post-thumbnail","hentry","category-culture"],"aioseo_notices":[],"yoast_head":"<!-- This site is optimized with the Yoast SEO plugin v27.5 - https:\/\/yoast.com\/product\/yoast-seo-wordpress\/ -->\n<title>Grand Prix El-Hachemi-Guerouabi 2022\u00a0:\u00a0Fa\u00efz Ghemmati\u00a0laur\u00e9at - La Sentinelle<\/title>\n<meta name=\"robots\" content=\"index, follow, max-snippet:-1, max-image-preview:large, max-video-preview:-1\" \/>\n<link rel=\"canonical\" href=\"https:\/\/lasentinelle.dz\/index.php\/2022\/03\/07\/grand-prix-el-hachemi-guerouabi-2022-faiz-ghemmati-laureat\/\" \/>\n<meta property=\"og:locale\" content=\"fr_FR\" \/>\n<meta property=\"og:type\" content=\"article\" \/>\n<meta property=\"og:title\" content=\"Grand Prix El-Hachemi-Guerouabi 2022\u00a0:\u00a0Fa\u00efz Ghemmati\u00a0laur\u00e9at - La Sentinelle\" \/>\n<meta property=\"og:description\" content=\"Le jeune chanteur cha\u00e2bi, Fa\u00efz Ghemmati de Cherchell a \u00e9t\u00e9 consacr\u00e9, samedi \u00e0 Alger, laur\u00e9at de la 7e \u00e9dition du\" \/>\n<meta property=\"og:url\" content=\"https:\/\/lasentinelle.dz\/index.php\/2022\/03\/07\/grand-prix-el-hachemi-guerouabi-2022-faiz-ghemmati-laureat\/\" \/>\n<meta property=\"og:site_name\" content=\"La Sentinelle\" \/>\n<meta property=\"article:publisher\" content=\"https:\/\/www.facebook.com\/La-Sentinelle-104059864394773\" \/>\n<meta property=\"article:published_time\" content=\"2022-03-06T23:01:00+00:00\" \/>\n<meta property=\"og:image\" content=\"https:\/\/lasentinelle.dz\/wp-content\/uploads\/2022\/03\/grand-prix-guerouabi.jpeg\" \/>\n\t<meta property=\"og:image:width\" content=\"748\" \/>\n\t<meta property=\"og:image:height\" content=\"561\" \/>\n\t<meta property=\"og:image:type\" content=\"image\/jpeg\" \/>\n<meta name=\"author\" content=\"La Sentinelle\" \/>\n<meta name=\"twitter:card\" content=\"summary_large_image\" \/>\n<meta name=\"twitter:label1\" content=\"\u00c9crit par\" \/>\n\t<meta name=\"twitter:data1\" content=\"La Sentinelle\" \/>\n\t<meta name=\"twitter:label2\" content=\"Dur\u00e9e de lecture estim\u00e9e\" \/>\n\t<meta name=\"twitter:data2\" content=\"5 minutes\" \/>\n<script type=\"application\/ld+json\" class=\"yoast-schema-graph\">{\"@context\":\"https:\\\/\\\/schema.org\",\"@graph\":[{\"@type\":\"Article\",\"@id\":\"https:\\\/\\\/lasentinelle.dz\\\/index.php\\\/2022\\\/03\\\/07\\\/grand-prix-el-hachemi-guerouabi-2022-faiz-ghemmati-laureat\\\/#article\",\"isPartOf\":{\"@id\":\"https:\\\/\\\/lasentinelle.dz\\\/index.php\\\/2022\\\/03\\\/07\\\/grand-prix-el-hachemi-guerouabi-2022-faiz-ghemmati-laureat\\\/\"},\"author\":{\"name\":\"La Sentinelle\",\"@id\":\"https:\\\/\\\/lasentinelle.dz\\\/#\\\/schema\\\/person\\\/d865044e22e70a75174ce8bcad3acfb3\"},\"headline\":\"Grand Prix El-Hachemi-Guerouabi 2022\u00a0:\u00a0Fa\u00efz Ghemmati\u00a0laur\u00e9at\",\"datePublished\":\"2022-03-06T23:01:00+00:00\",\"mainEntityOfPage\":{\"@id\":\"https:\\\/\\\/lasentinelle.dz\\\/index.php\\\/2022\\\/03\\\/07\\\/grand-prix-el-hachemi-guerouabi-2022-faiz-ghemmati-laureat\\\/\"},\"wordCount\":1022,\"commentCount\":0,\"publisher\":{\"@id\":\"https:\\\/\\\/lasentinelle.dz\\\/#organization\"},\"image\":{\"@id\":\"https:\\\/\\\/lasentinelle.dz\\\/index.php\\\/2022\\\/03\\\/07\\\/grand-prix-el-hachemi-guerouabi-2022-faiz-ghemmati-laureat\\\/#primaryimage\"},\"thumbnailUrl\":\"https:\\\/\\\/lasentinelle.dz\\\/wp-content\\\/uploads\\\/2022\\\/03\\\/grand-prix-guerouabi.jpeg\",\"articleSection\":[\"Culture\"],\"inLanguage\":\"fr-FR\",\"potentialAction\":[{\"@type\":\"CommentAction\",\"name\":\"Comment\",\"target\":[\"https:\\\/\\\/lasentinelle.dz\\\/index.php\\\/2022\\\/03\\\/07\\\/grand-prix-el-hachemi-guerouabi-2022-faiz-ghemmati-laureat\\\/#respond\"]}]},{\"@type\":\"WebPage\",\"@id\":\"https:\\\/\\\/lasentinelle.dz\\\/index.php\\\/2022\\\/03\\\/07\\\/grand-prix-el-hachemi-guerouabi-2022-faiz-ghemmati-laureat\\\/\",\"url\":\"https:\\\/\\\/lasentinelle.dz\\\/index.php\\\/2022\\\/03\\\/07\\\/grand-prix-el-hachemi-guerouabi-2022-faiz-ghemmati-laureat\\\/\",\"name\":\"Grand Prix El-Hachemi-Guerouabi 2022\u00a0:\u00a0Fa\u00efz Ghemmati\u00a0laur\u00e9at - La Sentinelle\",\"isPartOf\":{\"@id\":\"https:\\\/\\\/lasentinelle.dz\\\/#website\"},\"primaryImageOfPage\":{\"@id\":\"https:\\\/\\\/lasentinelle.dz\\\/index.php\\\/2022\\\/03\\\/07\\\/grand-prix-el-hachemi-guerouabi-2022-faiz-ghemmati-laureat\\\/#primaryimage\"},\"image\":{\"@id\":\"https:\\\/\\\/lasentinelle.dz\\\/index.php\\\/2022\\\/03\\\/07\\\/grand-prix-el-hachemi-guerouabi-2022-faiz-ghemmati-laureat\\\/#primaryimage\"},\"thumbnailUrl\":\"https:\\\/\\\/lasentinelle.dz\\\/wp-content\\\/uploads\\\/2022\\\/03\\\/grand-prix-guerouabi.jpeg\",\"datePublished\":\"2022-03-06T23:01:00+00:00\",\"breadcrumb\":{\"@id\":\"https:\\\/\\\/lasentinelle.dz\\\/index.php\\\/2022\\\/03\\\/07\\\/grand-prix-el-hachemi-guerouabi-2022-faiz-ghemmati-laureat\\\/#breadcrumb\"},\"inLanguage\":\"fr-FR\",\"potentialAction\":[{\"@type\":\"ReadAction\",\"target\":[\"https:\\\/\\\/lasentinelle.dz\\\/index.php\\\/2022\\\/03\\\/07\\\/grand-prix-el-hachemi-guerouabi-2022-faiz-ghemmati-laureat\\\/\"]}]},{\"@type\":\"ImageObject\",\"inLanguage\":\"fr-FR\",\"@id\":\"https:\\\/\\\/lasentinelle.dz\\\/index.php\\\/2022\\\/03\\\/07\\\/grand-prix-el-hachemi-guerouabi-2022-faiz-ghemmati-laureat\\\/#primaryimage\",\"url\":\"https:\\\/\\\/lasentinelle.dz\\\/wp-content\\\/uploads\\\/2022\\\/03\\\/grand-prix-guerouabi.jpeg\",\"contentUrl\":\"https:\\\/\\\/lasentinelle.dz\\\/wp-content\\\/uploads\\\/2022\\\/03\\\/grand-prix-guerouabi.jpeg\",\"width\":748,\"height\":561},{\"@type\":\"BreadcrumbList\",\"@id\":\"https:\\\/\\\/lasentinelle.dz\\\/index.php\\\/2022\\\/03\\\/07\\\/grand-prix-el-hachemi-guerouabi-2022-faiz-ghemmati-laureat\\\/#breadcrumb\",\"itemListElement\":[{\"@type\":\"ListItem\",\"position\":1,\"name\":\"Accueil\",\"item\":\"https:\\\/\\\/lasentinelle.dz\\\/\"},{\"@type\":\"ListItem\",\"position\":2,\"name\":\"Grand Prix El-Hachemi-Guerouabi 2022\u00a0:\u00a0Fa\u00efz Ghemmati\u00a0laur\u00e9at\"}]},{\"@type\":\"WebSite\",\"@id\":\"https:\\\/\\\/lasentinelle.dz\\\/#website\",\"url\":\"https:\\\/\\\/lasentinelle.dz\\\/\",\"name\":\"La Sentinelle\",\"description\":\"Quotidien national d&#039;information\",\"publisher\":{\"@id\":\"https:\\\/\\\/lasentinelle.dz\\\/#organization\"},\"potentialAction\":[{\"@type\":\"SearchAction\",\"target\":{\"@type\":\"EntryPoint\",\"urlTemplate\":\"https:\\\/\\\/lasentinelle.dz\\\/?s={search_term_string}\"},\"query-input\":{\"@type\":\"PropertyValueSpecification\",\"valueRequired\":true,\"valueName\":\"search_term_string\"}}],\"inLanguage\":\"fr-FR\"},{\"@type\":\"Organization\",\"@id\":\"https:\\\/\\\/lasentinelle.dz\\\/#organization\",\"name\":\"Quotidien La Sentinelle\",\"url\":\"https:\\\/\\\/lasentinelle.dz\\\/\",\"logo\":{\"@type\":\"ImageObject\",\"inLanguage\":\"fr-FR\",\"@id\":\"https:\\\/\\\/lasentinelle.dz\\\/#\\\/schema\\\/logo\\\/image\\\/\",\"url\":\"https:\\\/\\\/lasentinelle.dz\\\/wp-content\\\/uploads\\\/2021\\\/09\\\/logo-sentinelleSLOGAN-1.png\",\"contentUrl\":\"https:\\\/\\\/lasentinelle.dz\\\/wp-content\\\/uploads\\\/2021\\\/09\\\/logo-sentinelleSLOGAN-1.png\",\"width\":615,\"height\":142,\"caption\":\"Quotidien La Sentinelle\"},\"image\":{\"@id\":\"https:\\\/\\\/lasentinelle.dz\\\/#\\\/schema\\\/logo\\\/image\\\/\"},\"sameAs\":[\"https:\\\/\\\/www.facebook.com\\\/La-Sentinelle-104059864394773\"]},{\"@type\":\"Person\",\"@id\":\"https:\\\/\\\/lasentinelle.dz\\\/#\\\/schema\\\/person\\\/d865044e22e70a75174ce8bcad3acfb3\",\"name\":\"La Sentinelle\",\"image\":{\"@type\":\"ImageObject\",\"inLanguage\":\"fr-FR\",\"@id\":\"https:\\\/\\\/secure.gravatar.com\\\/avatar\\\/57de8e5d4b15d43fb361a71fbb36338450fe67865b528a43dd10ef7c51a20392?s=96&d=mm&r=g\",\"url\":\"https:\\\/\\\/secure.gravatar.com\\\/avatar\\\/57de8e5d4b15d43fb361a71fbb36338450fe67865b528a43dd10ef7c51a20392?s=96&d=mm&r=g\",\"contentUrl\":\"https:\\\/\\\/secure.gravatar.com\\\/avatar\\\/57de8e5d4b15d43fb361a71fbb36338450fe67865b528a43dd10ef7c51a20392?s=96&d=mm&r=g\",\"caption\":\"La Sentinelle\"},\"sameAs\":[\"http:\\\/\\\/www.lasentinelle.dz\"],\"url\":\"https:\\\/\\\/lasentinelle.dz\\\/author\\\/redaction\\\/\"}]}<\/script>\n<!-- \/ Yoast SEO plugin. -->","yoast_head_json":{"title":"Grand Prix El-Hachemi-Guerouabi 2022\u00a0:\u00a0Fa\u00efz Ghemmati\u00a0laur\u00e9at - La Sentinelle","robots":{"index":"index","follow":"follow","max-snippet":"max-snippet:-1","max-image-preview":"max-image-preview:large","max-video-preview":"max-video-preview:-1"},"canonical":"https:\/\/lasentinelle.dz\/index.php\/2022\/03\/07\/grand-prix-el-hachemi-guerouabi-2022-faiz-ghemmati-laureat\/","og_locale":"fr_FR","og_type":"article","og_title":"Grand Prix El-Hachemi-Guerouabi 2022\u00a0:\u00a0Fa\u00efz Ghemmati\u00a0laur\u00e9at - La Sentinelle","og_description":"Le jeune chanteur cha\u00e2bi, Fa\u00efz Ghemmati de Cherchell a \u00e9t\u00e9 consacr\u00e9, samedi \u00e0 Alger, laur\u00e9at de la 7e \u00e9dition du","og_url":"https:\/\/lasentinelle.dz\/index.php\/2022\/03\/07\/grand-prix-el-hachemi-guerouabi-2022-faiz-ghemmati-laureat\/","og_site_name":"La Sentinelle","article_publisher":"https:\/\/www.facebook.com\/La-Sentinelle-104059864394773","article_published_time":"2022-03-06T23:01:00+00:00","og_image":[{"width":748,"height":561,"url":"https:\/\/lasentinelle.dz\/wp-content\/uploads\/2022\/03\/grand-prix-guerouabi.jpeg","type":"image\/jpeg"}],"author":"La Sentinelle","twitter_card":"summary_large_image","twitter_misc":{"\u00c9crit par":"La Sentinelle","Dur\u00e9e de lecture estim\u00e9e":"5 minutes"},"schema":{"@context":"https:\/\/schema.org","@graph":[{"@type":"Article","@id":"https:\/\/lasentinelle.dz\/index.php\/2022\/03\/07\/grand-prix-el-hachemi-guerouabi-2022-faiz-ghemmati-laureat\/#article","isPartOf":{"@id":"https:\/\/lasentinelle.dz\/index.php\/2022\/03\/07\/grand-prix-el-hachemi-guerouabi-2022-faiz-ghemmati-laureat\/"},"author":{"name":"La Sentinelle","@id":"https:\/\/lasentinelle.dz\/#\/schema\/person\/d865044e22e70a75174ce8bcad3acfb3"},"headline":"Grand Prix El-Hachemi-Guerouabi 2022\u00a0:\u00a0Fa\u00efz Ghemmati\u00a0laur\u00e9at","datePublished":"2022-03-06T23:01:00+00:00","mainEntityOfPage":{"@id":"https:\/\/lasentinelle.dz\/index.php\/2022\/03\/07\/grand-prix-el-hachemi-guerouabi-2022-faiz-ghemmati-laureat\/"},"wordCount":1022,"commentCount":0,"publisher":{"@id":"https:\/\/lasentinelle.dz\/#organization"},"image":{"@id":"https:\/\/lasentinelle.dz\/index.php\/2022\/03\/07\/grand-prix-el-hachemi-guerouabi-2022-faiz-ghemmati-laureat\/#primaryimage"},"thumbnailUrl":"https:\/\/lasentinelle.dz\/wp-content\/uploads\/2022\/03\/grand-prix-guerouabi.jpeg","articleSection":["Culture"],"inLanguage":"fr-FR","potentialAction":[{"@type":"CommentAction","name":"Comment","target":["https:\/\/lasentinelle.dz\/index.php\/2022\/03\/07\/grand-prix-el-hachemi-guerouabi-2022-faiz-ghemmati-laureat\/#respond"]}]},{"@type":"WebPage","@id":"https:\/\/lasentinelle.dz\/index.php\/2022\/03\/07\/grand-prix-el-hachemi-guerouabi-2022-faiz-ghemmati-laureat\/","url":"https:\/\/lasentinelle.dz\/index.php\/2022\/03\/07\/grand-prix-el-hachemi-guerouabi-2022-faiz-ghemmati-laureat\/","name":"Grand Prix El-Hachemi-Guerouabi 2022\u00a0:\u00a0Fa\u00efz Ghemmati\u00a0laur\u00e9at - La Sentinelle","isPartOf":{"@id":"https:\/\/lasentinelle.dz\/#website"},"primaryImageOfPage":{"@id":"https:\/\/lasentinelle.dz\/index.php\/2022\/03\/07\/grand-prix-el-hachemi-guerouabi-2022-faiz-ghemmati-laureat\/#primaryimage"},"image":{"@id":"https:\/\/lasentinelle.dz\/index.php\/2022\/03\/07\/grand-prix-el-hachemi-guerouabi-2022-faiz-ghemmati-laureat\/#primaryimage"},"thumbnailUrl":"https:\/\/lasentinelle.dz\/wp-content\/uploads\/2022\/03\/grand-prix-guerouabi.jpeg","datePublished":"2022-03-06T23:01:00+00:00","breadcrumb":{"@id":"https:\/\/lasentinelle.dz\/index.php\/2022\/03\/07\/grand-prix-el-hachemi-guerouabi-2022-faiz-ghemmati-laureat\/#breadcrumb"},"inLanguage":"fr-FR","potentialAction":[{"@type":"ReadAction","target":["https:\/\/lasentinelle.dz\/index.php\/2022\/03\/07\/grand-prix-el-hachemi-guerouabi-2022-faiz-ghemmati-laureat\/"]}]},{"@type":"ImageObject","inLanguage":"fr-FR","@id":"https:\/\/lasentinelle.dz\/index.php\/2022\/03\/07\/grand-prix-el-hachemi-guerouabi-2022-faiz-ghemmati-laureat\/#primaryimage","url":"https:\/\/lasentinelle.dz\/wp-content\/uploads\/2022\/03\/grand-prix-guerouabi.jpeg","contentUrl":"https:\/\/lasentinelle.dz\/wp-content\/uploads\/2022\/03\/grand-prix-guerouabi.jpeg","width":748,"height":561},{"@type":"BreadcrumbList","@id":"https:\/\/lasentinelle.dz\/index.php\/2022\/03\/07\/grand-prix-el-hachemi-guerouabi-2022-faiz-ghemmati-laureat\/#breadcrumb","itemListElement":[{"@type":"ListItem","position":1,"name":"Accueil","item":"https:\/\/lasentinelle.dz\/"},{"@type":"ListItem","position":2,"name":"Grand Prix El-Hachemi-Guerouabi 2022\u00a0:\u00a0Fa\u00efz Ghemmati\u00a0laur\u00e9at"}]},{"@type":"WebSite","@id":"https:\/\/lasentinelle.dz\/#website","url":"https:\/\/lasentinelle.dz\/","name":"La Sentinelle","description":"Quotidien national d&#039;information","publisher":{"@id":"https:\/\/lasentinelle.dz\/#organization"},"potentialAction":[{"@type":"SearchAction","target":{"@type":"EntryPoint","urlTemplate":"https:\/\/lasentinelle.dz\/?s={search_term_string}"},"query-input":{"@type":"PropertyValueSpecification","valueRequired":true,"valueName":"search_term_string"}}],"inLanguage":"fr-FR"},{"@type":"Organization","@id":"https:\/\/lasentinelle.dz\/#organization","name":"Quotidien La Sentinelle","url":"https:\/\/lasentinelle.dz\/","logo":{"@type":"ImageObject","inLanguage":"fr-FR","@id":"https:\/\/lasentinelle.dz\/#\/schema\/logo\/image\/","url":"https:\/\/lasentinelle.dz\/wp-content\/uploads\/2021\/09\/logo-sentinelleSLOGAN-1.png","contentUrl":"https:\/\/lasentinelle.dz\/wp-content\/uploads\/2021\/09\/logo-sentinelleSLOGAN-1.png","width":615,"height":142,"caption":"Quotidien La Sentinelle"},"image":{"@id":"https:\/\/lasentinelle.dz\/#\/schema\/logo\/image\/"},"sameAs":["https:\/\/www.facebook.com\/La-Sentinelle-104059864394773"]},{"@type":"Person","@id":"https:\/\/lasentinelle.dz\/#\/schema\/person\/d865044e22e70a75174ce8bcad3acfb3","name":"La Sentinelle","image":{"@type":"ImageObject","inLanguage":"fr-FR","@id":"https:\/\/secure.gravatar.com\/avatar\/57de8e5d4b15d43fb361a71fbb36338450fe67865b528a43dd10ef7c51a20392?s=96&d=mm&r=g","url":"https:\/\/secure.gravatar.com\/avatar\/57de8e5d4b15d43fb361a71fbb36338450fe67865b528a43dd10ef7c51a20392?s=96&d=mm&r=g","contentUrl":"https:\/\/secure.gravatar.com\/avatar\/57de8e5d4b15d43fb361a71fbb36338450fe67865b528a43dd10ef7c51a20392?s=96&d=mm&r=g","caption":"La Sentinelle"},"sameAs":["http:\/\/www.lasentinelle.dz"],"url":"https:\/\/lasentinelle.dz\/author\/redaction\/"}]}},"_links":{"self":[{"href":"https:\/\/lasentinelle.dz\/index.php\/wp-json\/wp\/v2\/posts\/17948","targetHints":{"allow":["GET"]}}],"collection":[{"href":"https:\/\/lasentinelle.dz\/index.php\/wp-json\/wp\/v2\/posts"}],"about":[{"href":"https:\/\/lasentinelle.dz\/index.php\/wp-json\/wp\/v2\/types\/post"}],"author":[{"embeddable":true,"href":"https:\/\/lasentinelle.dz\/index.php\/wp-json\/wp\/v2\/users\/3"}],"replies":[{"embeddable":true,"href":"https:\/\/lasentinelle.dz\/index.php\/wp-json\/wp\/v2\/comments?post=17948"}],"version-history":[{"count":1,"href":"https:\/\/lasentinelle.dz\/index.php\/wp-json\/wp\/v2\/posts\/17948\/revisions"}],"predecessor-version":[{"id":17954,"href":"https:\/\/lasentinelle.dz\/index.php\/wp-json\/wp\/v2\/posts\/17948\/revisions\/17954"}],"wp:featuredmedia":[{"embeddable":true,"href":"https:\/\/lasentinelle.dz\/index.php\/wp-json\/wp\/v2\/media\/17953"}],"wp:attachment":[{"href":"https:\/\/lasentinelle.dz\/index.php\/wp-json\/wp\/v2\/media?parent=17948"}],"wp:term":[{"taxonomy":"category","embeddable":true,"href":"https:\/\/lasentinelle.dz\/index.php\/wp-json\/wp\/v2\/categories?post=17948"},{"taxonomy":"post_tag","embeddable":true,"href":"https:\/\/lasentinelle.dz\/index.php\/wp-json\/wp\/v2\/tags?post=17948"}],"curies":[{"name":"wp","href":"https:\/\/api.w.org\/{rel}","templated":true}]}}