{"id":17949,"date":"2022-03-07T00:01:00","date_gmt":"2022-03-06T23:01:00","guid":{"rendered":"https:\/\/lasentinelle.dz\/?p=17949"},"modified":"2022-03-06T18:01:46","modified_gmt":"2022-03-06T17:01:46","slug":"peche-et-ressources-halieutiques-lancement-dune-etude-nationale-sur-la-consommation-de-poisson","status":"publish","type":"post","link":"https:\/\/lasentinelle.dz\/index.php\/2022\/03\/07\/peche-et-ressources-halieutiques-lancement-dune-etude-nationale-sur-la-consommation-de-poisson\/","title":{"rendered":"P\u00eache et ressources halieutiques\u00a0:\u00a0Lancement d&rsquo;une \u00e9tude nationale sur la consommation de poisson\u00a0"},"content":{"rendered":"\n<p>Le ministre de la P\u00eache et des Productions halieutiques, Hichem Sofiane Salaouatchi a annonc\u00e9,&nbsp;hier&nbsp;\u00e0 Alger, le lancement d&rsquo;une \u00e9tude nationale sur la consommation de poisson en Alg\u00e9rie.&nbsp;Intervenant lors d&rsquo;une conf\u00e9rence de presse en marge d&rsquo;une r\u00e9union sur la strat\u00e9gie de recherche scientifique et de d\u00e9veloppement technologique dans le secteur de la p\u00eache et de l&rsquo;aquaculture, M. Salaouatchi a pr\u00e9cis\u00e9 que cette \u00e9tude, \u00ab\u00a0premi\u00e8re du genre en Alg\u00e9rie\u00a0\u00bb, permettrait de d\u00e9terminer avec pr\u00e9cision la moyenne de consommation des diff\u00e9rents types de poisson en Alg\u00e9rie.&nbsp;Cette \u00e9tude permettra \u00e9galement de connaitre les poissons les plus pris\u00e9s par les Alg\u00e9riens, aux fins de prendre les d\u00e9cisions appropri\u00e9es, notamment la promotion de certaines branches, a-t-il ajout\u00e9.&nbsp;L&rsquo;\u00e9tude sera men\u00e9e en application de la convention sign\u00e9e entre le Centre national de recherche et de d\u00e9veloppement de la P\u00eache et de l&rsquo;Aquaculture (sous tutelle du minist\u00e8re) et le Centre de recherche en \u00e9conomie appliqu\u00e9e pour le d\u00e9veloppement.&nbsp;Pour sa part, le ministre de l&rsquo;Enseignement sup\u00e9rieur et de la Recherche scientifique, Abdelbaki Benziane a affirm\u00e9 que l&rsquo;\u00e9valuation de la session actuelle des projets de recherche nationaux pr\u00e9sent\u00e9s par des chercheurs en collaboration avec des organismes sociaux et \u00e9conomiques dans les domaines de la s\u00e9curit\u00e9 alimentaire et \u00e9nerg\u00e9tique ou encore de la sant\u00e9 du citoyen, avait permis la validation de 124 projets de recherche.&nbsp;Le nombre de projets de recherche li\u00e9s \u00e0 la s\u00e9curit\u00e9 alimentaire est de 40 projets, dont 35 li\u00e9s \u00e0 la p\u00eache et aux productions halieutiques.&nbsp;Parmi ces projets, le ministre a cit\u00e9 un projet de conception d&rsquo;une plateforme num\u00e9rique multi-services pour l&rsquo;aquaculture durable, et un autre portant \u00e9tude, conception et r\u00e9alisation d&rsquo;\u00e9tangs pour la pisciculture, outre un projet de conception d&rsquo;un robot aquatique pour l&rsquo;\u00e9valuation des r\u00e9cifs coralliens.&nbsp;Ces projets de recherche, mis en \u0153uvre \u00e0 compter de ce mois, contribueront \u00e0 \u00ab\u00a0parvenir \u00e0 des solutions scientifiques et pratiques aux probl\u00e8mes qui concernent essentiellement le secteur de la P\u00eache\u00a0\u00bb, a-t-il conclu.<\/p>\n\n\n\n<p>Notons qu\u2019une&nbsp;&nbsp;convention-cadre de coop\u00e9ration a \u00e9t\u00e9 sign\u00e9e entre les minist\u00e8res de la P\u00eache et des Productions halieutiques et de l&rsquo;Enseignement sup\u00e9rieur et de la Recherche scientifique&nbsp;\u00e0 l\u2019occasion&nbsp;.&nbsp;La&nbsp;convention vise la mise en place d&rsquo;un cadre pour les partenariats entre les institutions et les structures de la recherche des deux secteurs, et ce, \u00e0 la faveur de la cr\u00e9ation d&rsquo;\u00e9quipes conjointes de recherche, la promotion de l&rsquo;innovation technologique dans les soci\u00e9t\u00e9s \u00e9conomiques de p\u00eache et d&rsquo;aquaculture et le d\u00e9veloppement des activit\u00e9s scientifiques et technologiques dans ce domaine.&nbsp;Afin d&rsquo;atteindre les objectifs escompt\u00e9s de cette convention-cadre, trois (3) autres conventions de coop\u00e9ration ont \u00e9t\u00e9 sign\u00e9es entre le Centre national de recherche et de d\u00e9veloppement de la p\u00eache et de l&rsquo;aquaculture (CNRDPA) relevant du minist\u00e8re de la P\u00eache et trois centres de recherche, en l&rsquo;occurrence, le Centre national de d\u00e9veloppement des technologies avanc\u00e9es (CDTA), le Centre de recherches scientifique et technique sur les zones arides (CRSTRA) et le Centre de recherche en \u00e9conomie appliqu\u00e9e pour le d\u00e9veloppement (CREAD).<\/p>\n\n\n\n<p>R.E.<\/p>\n","protected":false},"excerpt":{"rendered":"<p>Le ministre de la P\u00eache et des Productions halieutiques, Hichem Sofiane Salaouatchi a annonc\u00e9,&nbsp;hier&nbsp;\u00e0 Alger, le lancement d&rsquo;une \u00e9tude nationale<\/p>\n","protected":false},"author":3,"featured_media":17970,"comment_status":"open","ping_status":"closed","sticky":false,"template":"","format":"standard","meta":{"colormag_page_container_layout":"default_layout","colormag_page_sidebar_layout":"default_layout","om_disable_all_campaigns":false,"_monsterinsights_skip_tracking":false,"_monsterinsights_sitenote_active":false,"_monsterinsights_sitenote_note":"","_monsterinsights_sitenote_category":0,"footnotes":"","_wpscppro_dont_share_socialmedia":false,"_wpscppro_custom_social_share_image":0,"_facebook_share_type":"","_twitter_share_type":"","_linkedin_share_type":"","_pinterest_share_type":"","_linkedin_share_type_page":"","_instagram_share_type":"","_medium_share_type":"","_threads_share_type":"","_google_business_share_type":"","_selected_social_profile":[],"_wpsp_enable_custom_social_template":false,"_wpsp_social_scheduling":{"enabled":false,"datetime":null,"platforms":[],"status":"template_only","dateOption":"today","timeOption":"now","customDays":"","customHours":"","customDate":"","customTime":"","schedulingType":"absolute"},"_wpsp_active_default_template":true},"categories":[29],"tags":[],"class_list":["post-17949","post","type-post","status-publish","format-standard","has-post-thumbnail","hentry","category-economie"],"aioseo_notices":[],"yoast_head":"<!-- This site is optimized with the Yoast SEO plugin v27.5 - https:\/\/yoast.com\/product\/yoast-seo-wordpress\/ -->\n<title>P\u00eache et ressources halieutiques\u00a0:\u00a0Lancement d&#039;une \u00e9tude nationale sur la consommation de poisson\u00a0 - La Sentinelle<\/title>\n<meta name=\"robots\" content=\"index, follow, max-snippet:-1, max-image-preview:large, max-video-preview:-1\" \/>\n<link rel=\"canonical\" href=\"https:\/\/lasentinelle.dz\/index.php\/2022\/03\/07\/peche-et-ressources-halieutiques-lancement-dune-etude-nationale-sur-la-consommation-de-poisson\/\" \/>\n<meta property=\"og:locale\" content=\"fr_FR\" \/>\n<meta property=\"og:type\" content=\"article\" \/>\n<meta property=\"og:title\" content=\"P\u00eache et ressources halieutiques\u00a0:\u00a0Lancement d&#039;une \u00e9tude nationale sur la consommation de poisson\u00a0 - La Sentinelle\" \/>\n<meta property=\"og:description\" content=\"Le ministre de la P\u00eache et des Productions halieutiques, Hichem Sofiane Salaouatchi a annonc\u00e9,&nbsp;hier&nbsp;\u00e0 Alger, le lancement d&rsquo;une \u00e9tude nationale\" \/>\n<meta property=\"og:url\" content=\"https:\/\/lasentinelle.dz\/index.php\/2022\/03\/07\/peche-et-ressources-halieutiques-lancement-dune-etude-nationale-sur-la-consommation-de-poisson\/\" \/>\n<meta property=\"og:site_name\" content=\"La Sentinelle\" \/>\n<meta property=\"article:publisher\" content=\"https:\/\/www.facebook.com\/La-Sentinelle-104059864394773\" \/>\n<meta property=\"article:published_time\" content=\"2022-03-06T23:01:00+00:00\" \/>\n<meta property=\"og:image\" content=\"https:\/\/lasentinelle.dz\/wp-content\/uploads\/2022\/03\/125423.jpg\" \/>\n\t<meta property=\"og:image:width\" content=\"710\" \/>\n\t<meta property=\"og:image:height\" content=\"300\" \/>\n\t<meta property=\"og:image:type\" content=\"image\/jpeg\" \/>\n<meta name=\"author\" content=\"La Sentinelle\" \/>\n<meta name=\"twitter:card\" content=\"summary_large_image\" \/>\n<meta name=\"twitter:label1\" content=\"\u00c9crit par\" \/>\n\t<meta name=\"twitter:data1\" content=\"La Sentinelle\" \/>\n\t<meta name=\"twitter:label2\" content=\"Dur\u00e9e de lecture estim\u00e9e\" \/>\n\t<meta name=\"twitter:data2\" content=\"3 minutes\" \/>\n<script type=\"application\/ld+json\" class=\"yoast-schema-graph\">{\"@context\":\"https:\\\/\\\/schema.org\",\"@graph\":[{\"@type\":\"Article\",\"@id\":\"https:\\\/\\\/lasentinelle.dz\\\/index.php\\\/2022\\\/03\\\/07\\\/peche-et-ressources-halieutiques-lancement-dune-etude-nationale-sur-la-consommation-de-poisson\\\/#article\",\"isPartOf\":{\"@id\":\"https:\\\/\\\/lasentinelle.dz\\\/index.php\\\/2022\\\/03\\\/07\\\/peche-et-ressources-halieutiques-lancement-dune-etude-nationale-sur-la-consommation-de-poisson\\\/\"},\"author\":{\"name\":\"La Sentinelle\",\"@id\":\"https:\\\/\\\/lasentinelle.dz\\\/#\\\/schema\\\/person\\\/d865044e22e70a75174ce8bcad3acfb3\"},\"headline\":\"P\u00eache et ressources halieutiques\u00a0:\u00a0Lancement d&rsquo;une \u00e9tude nationale sur la consommation de poisson\u00a0\",\"datePublished\":\"2022-03-06T23:01:00+00:00\",\"mainEntityOfPage\":{\"@id\":\"https:\\\/\\\/lasentinelle.dz\\\/index.php\\\/2022\\\/03\\\/07\\\/peche-et-ressources-halieutiques-lancement-dune-etude-nationale-sur-la-consommation-de-poisson\\\/\"},\"wordCount\":593,\"commentCount\":0,\"publisher\":{\"@id\":\"https:\\\/\\\/lasentinelle.dz\\\/#organization\"},\"image\":{\"@id\":\"https:\\\/\\\/lasentinelle.dz\\\/index.php\\\/2022\\\/03\\\/07\\\/peche-et-ressources-halieutiques-lancement-dune-etude-nationale-sur-la-consommation-de-poisson\\\/#primaryimage\"},\"thumbnailUrl\":\"https:\\\/\\\/lasentinelle.dz\\\/wp-content\\\/uploads\\\/2022\\\/03\\\/125423.jpg\",\"articleSection\":[\"\u00c9conomie\"],\"inLanguage\":\"fr-FR\",\"potentialAction\":[{\"@type\":\"CommentAction\",\"name\":\"Comment\",\"target\":[\"https:\\\/\\\/lasentinelle.dz\\\/index.php\\\/2022\\\/03\\\/07\\\/peche-et-ressources-halieutiques-lancement-dune-etude-nationale-sur-la-consommation-de-poisson\\\/#respond\"]}]},{\"@type\":\"WebPage\",\"@id\":\"https:\\\/\\\/lasentinelle.dz\\\/index.php\\\/2022\\\/03\\\/07\\\/peche-et-ressources-halieutiques-lancement-dune-etude-nationale-sur-la-consommation-de-poisson\\\/\",\"url\":\"https:\\\/\\\/lasentinelle.dz\\\/index.php\\\/2022\\\/03\\\/07\\\/peche-et-ressources-halieutiques-lancement-dune-etude-nationale-sur-la-consommation-de-poisson\\\/\",\"name\":\"P\u00eache et ressources halieutiques\u00a0:\u00a0Lancement d'une \u00e9tude nationale sur la consommation de poisson\u00a0 - La Sentinelle\",\"isPartOf\":{\"@id\":\"https:\\\/\\\/lasentinelle.dz\\\/#website\"},\"primaryImageOfPage\":{\"@id\":\"https:\\\/\\\/lasentinelle.dz\\\/index.php\\\/2022\\\/03\\\/07\\\/peche-et-ressources-halieutiques-lancement-dune-etude-nationale-sur-la-consommation-de-poisson\\\/#primaryimage\"},\"image\":{\"@id\":\"https:\\\/\\\/lasentinelle.dz\\\/index.php\\\/2022\\\/03\\\/07\\\/peche-et-ressources-halieutiques-lancement-dune-etude-nationale-sur-la-consommation-de-poisson\\\/#primaryimage\"},\"thumbnailUrl\":\"https:\\\/\\\/lasentinelle.dz\\\/wp-content\\\/uploads\\\/2022\\\/03\\\/125423.jpg\",\"datePublished\":\"2022-03-06T23:01:00+00:00\",\"breadcrumb\":{\"@id\":\"https:\\\/\\\/lasentinelle.dz\\\/index.php\\\/2022\\\/03\\\/07\\\/peche-et-ressources-halieutiques-lancement-dune-etude-nationale-sur-la-consommation-de-poisson\\\/#breadcrumb\"},\"inLanguage\":\"fr-FR\",\"potentialAction\":[{\"@type\":\"ReadAction\",\"target\":[\"https:\\\/\\\/lasentinelle.dz\\\/index.php\\\/2022\\\/03\\\/07\\\/peche-et-ressources-halieutiques-lancement-dune-etude-nationale-sur-la-consommation-de-poisson\\\/\"]}]},{\"@type\":\"ImageObject\",\"inLanguage\":\"fr-FR\",\"@id\":\"https:\\\/\\\/lasentinelle.dz\\\/index.php\\\/2022\\\/03\\\/07\\\/peche-et-ressources-halieutiques-lancement-dune-etude-nationale-sur-la-consommation-de-poisson\\\/#primaryimage\",\"url\":\"https:\\\/\\\/lasentinelle.dz\\\/wp-content\\\/uploads\\\/2022\\\/03\\\/125423.jpg\",\"contentUrl\":\"https:\\\/\\\/lasentinelle.dz\\\/wp-content\\\/uploads\\\/2022\\\/03\\\/125423.jpg\",\"width\":710,\"height\":300},{\"@type\":\"BreadcrumbList\",\"@id\":\"https:\\\/\\\/lasentinelle.dz\\\/index.php\\\/2022\\\/03\\\/07\\\/peche-et-ressources-halieutiques-lancement-dune-etude-nationale-sur-la-consommation-de-poisson\\\/#breadcrumb\",\"itemListElement\":[{\"@type\":\"ListItem\",\"position\":1,\"name\":\"Accueil\",\"item\":\"https:\\\/\\\/lasentinelle.dz\\\/\"},{\"@type\":\"ListItem\",\"position\":2,\"name\":\"P\u00eache et ressources halieutiques\u00a0:\u00a0Lancement d&rsquo;une \u00e9tude nationale sur la consommation de poisson\u00a0\"}]},{\"@type\":\"WebSite\",\"@id\":\"https:\\\/\\\/lasentinelle.dz\\\/#website\",\"url\":\"https:\\\/\\\/lasentinelle.dz\\\/\",\"name\":\"La Sentinelle\",\"description\":\"Quotidien national d&#039;information\",\"publisher\":{\"@id\":\"https:\\\/\\\/lasentinelle.dz\\\/#organization\"},\"potentialAction\":[{\"@type\":\"SearchAction\",\"target\":{\"@type\":\"EntryPoint\",\"urlTemplate\":\"https:\\\/\\\/lasentinelle.dz\\\/?s={search_term_string}\"},\"query-input\":{\"@type\":\"PropertyValueSpecification\",\"valueRequired\":true,\"valueName\":\"search_term_string\"}}],\"inLanguage\":\"fr-FR\"},{\"@type\":\"Organization\",\"@id\":\"https:\\\/\\\/lasentinelle.dz\\\/#organization\",\"name\":\"Quotidien La Sentinelle\",\"url\":\"https:\\\/\\\/lasentinelle.dz\\\/\",\"logo\":{\"@type\":\"ImageObject\",\"inLanguage\":\"fr-FR\",\"@id\":\"https:\\\/\\\/lasentinelle.dz\\\/#\\\/schema\\\/logo\\\/image\\\/\",\"url\":\"https:\\\/\\\/lasentinelle.dz\\\/wp-content\\\/uploads\\\/2021\\\/09\\\/logo-sentinelleSLOGAN-1.png\",\"contentUrl\":\"https:\\\/\\\/lasentinelle.dz\\\/wp-content\\\/uploads\\\/2021\\\/09\\\/logo-sentinelleSLOGAN-1.png\",\"width\":615,\"height\":142,\"caption\":\"Quotidien La Sentinelle\"},\"image\":{\"@id\":\"https:\\\/\\\/lasentinelle.dz\\\/#\\\/schema\\\/logo\\\/image\\\/\"},\"sameAs\":[\"https:\\\/\\\/www.facebook.com\\\/La-Sentinelle-104059864394773\"]},{\"@type\":\"Person\",\"@id\":\"https:\\\/\\\/lasentinelle.dz\\\/#\\\/schema\\\/person\\\/d865044e22e70a75174ce8bcad3acfb3\",\"name\":\"La Sentinelle\",\"image\":{\"@type\":\"ImageObject\",\"inLanguage\":\"fr-FR\",\"@id\":\"https:\\\/\\\/secure.gravatar.com\\\/avatar\\\/57de8e5d4b15d43fb361a71fbb36338450fe67865b528a43dd10ef7c51a20392?s=96&d=mm&r=g\",\"url\":\"https:\\\/\\\/secure.gravatar.com\\\/avatar\\\/57de8e5d4b15d43fb361a71fbb36338450fe67865b528a43dd10ef7c51a20392?s=96&d=mm&r=g\",\"contentUrl\":\"https:\\\/\\\/secure.gravatar.com\\\/avatar\\\/57de8e5d4b15d43fb361a71fbb36338450fe67865b528a43dd10ef7c51a20392?s=96&d=mm&r=g\",\"caption\":\"La Sentinelle\"},\"sameAs\":[\"http:\\\/\\\/www.lasentinelle.dz\"],\"url\":\"https:\\\/\\\/lasentinelle.dz\\\/author\\\/redaction\\\/\"}]}<\/script>\n<!-- \/ Yoast SEO plugin. -->","yoast_head_json":{"title":"P\u00eache et ressources halieutiques\u00a0:\u00a0Lancement d'une \u00e9tude nationale sur la consommation de poisson\u00a0 - La Sentinelle","robots":{"index":"index","follow":"follow","max-snippet":"max-snippet:-1","max-image-preview":"max-image-preview:large","max-video-preview":"max-video-preview:-1"},"canonical":"https:\/\/lasentinelle.dz\/index.php\/2022\/03\/07\/peche-et-ressources-halieutiques-lancement-dune-etude-nationale-sur-la-consommation-de-poisson\/","og_locale":"fr_FR","og_type":"article","og_title":"P\u00eache et ressources halieutiques\u00a0:\u00a0Lancement d'une \u00e9tude nationale sur la consommation de poisson\u00a0 - La Sentinelle","og_description":"Le ministre de la P\u00eache et des Productions halieutiques, Hichem Sofiane Salaouatchi a annonc\u00e9,&nbsp;hier&nbsp;\u00e0 Alger, le lancement d&rsquo;une \u00e9tude nationale","og_url":"https:\/\/lasentinelle.dz\/index.php\/2022\/03\/07\/peche-et-ressources-halieutiques-lancement-dune-etude-nationale-sur-la-consommation-de-poisson\/","og_site_name":"La Sentinelle","article_publisher":"https:\/\/www.facebook.com\/La-Sentinelle-104059864394773","article_published_time":"2022-03-06T23:01:00+00:00","og_image":[{"width":710,"height":300,"url":"https:\/\/lasentinelle.dz\/wp-content\/uploads\/2022\/03\/125423.jpg","type":"image\/jpeg"}],"author":"La Sentinelle","twitter_card":"summary_large_image","twitter_misc":{"\u00c9crit par":"La Sentinelle","Dur\u00e9e de lecture estim\u00e9e":"3 minutes"},"schema":{"@context":"https:\/\/schema.org","@graph":[{"@type":"Article","@id":"https:\/\/lasentinelle.dz\/index.php\/2022\/03\/07\/peche-et-ressources-halieutiques-lancement-dune-etude-nationale-sur-la-consommation-de-poisson\/#article","isPartOf":{"@id":"https:\/\/lasentinelle.dz\/index.php\/2022\/03\/07\/peche-et-ressources-halieutiques-lancement-dune-etude-nationale-sur-la-consommation-de-poisson\/"},"author":{"name":"La Sentinelle","@id":"https:\/\/lasentinelle.dz\/#\/schema\/person\/d865044e22e70a75174ce8bcad3acfb3"},"headline":"P\u00eache et ressources halieutiques\u00a0:\u00a0Lancement d&rsquo;une \u00e9tude nationale sur la consommation de poisson\u00a0","datePublished":"2022-03-06T23:01:00+00:00","mainEntityOfPage":{"@id":"https:\/\/lasentinelle.dz\/index.php\/2022\/03\/07\/peche-et-ressources-halieutiques-lancement-dune-etude-nationale-sur-la-consommation-de-poisson\/"},"wordCount":593,"commentCount":0,"publisher":{"@id":"https:\/\/lasentinelle.dz\/#organization"},"image":{"@id":"https:\/\/lasentinelle.dz\/index.php\/2022\/03\/07\/peche-et-ressources-halieutiques-lancement-dune-etude-nationale-sur-la-consommation-de-poisson\/#primaryimage"},"thumbnailUrl":"https:\/\/lasentinelle.dz\/wp-content\/uploads\/2022\/03\/125423.jpg","articleSection":["\u00c9conomie"],"inLanguage":"fr-FR","potentialAction":[{"@type":"CommentAction","name":"Comment","target":["https:\/\/lasentinelle.dz\/index.php\/2022\/03\/07\/peche-et-ressources-halieutiques-lancement-dune-etude-nationale-sur-la-consommation-de-poisson\/#respond"]}]},{"@type":"WebPage","@id":"https:\/\/lasentinelle.dz\/index.php\/2022\/03\/07\/peche-et-ressources-halieutiques-lancement-dune-etude-nationale-sur-la-consommation-de-poisson\/","url":"https:\/\/lasentinelle.dz\/index.php\/2022\/03\/07\/peche-et-ressources-halieutiques-lancement-dune-etude-nationale-sur-la-consommation-de-poisson\/","name":"P\u00eache et ressources halieutiques\u00a0:\u00a0Lancement d'une \u00e9tude nationale sur la consommation de poisson\u00a0 - La Sentinelle","isPartOf":{"@id":"https:\/\/lasentinelle.dz\/#website"},"primaryImageOfPage":{"@id":"https:\/\/lasentinelle.dz\/index.php\/2022\/03\/07\/peche-et-ressources-halieutiques-lancement-dune-etude-nationale-sur-la-consommation-de-poisson\/#primaryimage"},"image":{"@id":"https:\/\/lasentinelle.dz\/index.php\/2022\/03\/07\/peche-et-ressources-halieutiques-lancement-dune-etude-nationale-sur-la-consommation-de-poisson\/#primaryimage"},"thumbnailUrl":"https:\/\/lasentinelle.dz\/wp-content\/uploads\/2022\/03\/125423.jpg","datePublished":"2022-03-06T23:01:00+00:00","breadcrumb":{"@id":"https:\/\/lasentinelle.dz\/index.php\/2022\/03\/07\/peche-et-ressources-halieutiques-lancement-dune-etude-nationale-sur-la-consommation-de-poisson\/#breadcrumb"},"inLanguage":"fr-FR","potentialAction":[{"@type":"ReadAction","target":["https:\/\/lasentinelle.dz\/index.php\/2022\/03\/07\/peche-et-ressources-halieutiques-lancement-dune-etude-nationale-sur-la-consommation-de-poisson\/"]}]},{"@type":"ImageObject","inLanguage":"fr-FR","@id":"https:\/\/lasentinelle.dz\/index.php\/2022\/03\/07\/peche-et-ressources-halieutiques-lancement-dune-etude-nationale-sur-la-consommation-de-poisson\/#primaryimage","url":"https:\/\/lasentinelle.dz\/wp-content\/uploads\/2022\/03\/125423.jpg","contentUrl":"https:\/\/lasentinelle.dz\/wp-content\/uploads\/2022\/03\/125423.jpg","width":710,"height":300},{"@type":"BreadcrumbList","@id":"https:\/\/lasentinelle.dz\/index.php\/2022\/03\/07\/peche-et-ressources-halieutiques-lancement-dune-etude-nationale-sur-la-consommation-de-poisson\/#breadcrumb","itemListElement":[{"@type":"ListItem","position":1,"name":"Accueil","item":"https:\/\/lasentinelle.dz\/"},{"@type":"ListItem","position":2,"name":"P\u00eache et ressources halieutiques\u00a0:\u00a0Lancement d&rsquo;une \u00e9tude nationale sur la consommation de poisson\u00a0"}]},{"@type":"WebSite","@id":"https:\/\/lasentinelle.dz\/#website","url":"https:\/\/lasentinelle.dz\/","name":"La Sentinelle","description":"Quotidien national d&#039;information","publisher":{"@id":"https:\/\/lasentinelle.dz\/#organization"},"potentialAction":[{"@type":"SearchAction","target":{"@type":"EntryPoint","urlTemplate":"https:\/\/lasentinelle.dz\/?s={search_term_string}"},"query-input":{"@type":"PropertyValueSpecification","valueRequired":true,"valueName":"search_term_string"}}],"inLanguage":"fr-FR"},{"@type":"Organization","@id":"https:\/\/lasentinelle.dz\/#organization","name":"Quotidien La Sentinelle","url":"https:\/\/lasentinelle.dz\/","logo":{"@type":"ImageObject","inLanguage":"fr-FR","@id":"https:\/\/lasentinelle.dz\/#\/schema\/logo\/image\/","url":"https:\/\/lasentinelle.dz\/wp-content\/uploads\/2021\/09\/logo-sentinelleSLOGAN-1.png","contentUrl":"https:\/\/lasentinelle.dz\/wp-content\/uploads\/2021\/09\/logo-sentinelleSLOGAN-1.png","width":615,"height":142,"caption":"Quotidien La Sentinelle"},"image":{"@id":"https:\/\/lasentinelle.dz\/#\/schema\/logo\/image\/"},"sameAs":["https:\/\/www.facebook.com\/La-Sentinelle-104059864394773"]},{"@type":"Person","@id":"https:\/\/lasentinelle.dz\/#\/schema\/person\/d865044e22e70a75174ce8bcad3acfb3","name":"La Sentinelle","image":{"@type":"ImageObject","inLanguage":"fr-FR","@id":"https:\/\/secure.gravatar.com\/avatar\/57de8e5d4b15d43fb361a71fbb36338450fe67865b528a43dd10ef7c51a20392?s=96&d=mm&r=g","url":"https:\/\/secure.gravatar.com\/avatar\/57de8e5d4b15d43fb361a71fbb36338450fe67865b528a43dd10ef7c51a20392?s=96&d=mm&r=g","contentUrl":"https:\/\/secure.gravatar.com\/avatar\/57de8e5d4b15d43fb361a71fbb36338450fe67865b528a43dd10ef7c51a20392?s=96&d=mm&r=g","caption":"La Sentinelle"},"sameAs":["http:\/\/www.lasentinelle.dz"],"url":"https:\/\/lasentinelle.dz\/author\/redaction\/"}]}},"_links":{"self":[{"href":"https:\/\/lasentinelle.dz\/index.php\/wp-json\/wp\/v2\/posts\/17949","targetHints":{"allow":["GET"]}}],"collection":[{"href":"https:\/\/lasentinelle.dz\/index.php\/wp-json\/wp\/v2\/posts"}],"about":[{"href":"https:\/\/lasentinelle.dz\/index.php\/wp-json\/wp\/v2\/types\/post"}],"author":[{"embeddable":true,"href":"https:\/\/lasentinelle.dz\/index.php\/wp-json\/wp\/v2\/users\/3"}],"replies":[{"embeddable":true,"href":"https:\/\/lasentinelle.dz\/index.php\/wp-json\/wp\/v2\/comments?post=17949"}],"version-history":[{"count":1,"href":"https:\/\/lasentinelle.dz\/index.php\/wp-json\/wp\/v2\/posts\/17949\/revisions"}],"predecessor-version":[{"id":17971,"href":"https:\/\/lasentinelle.dz\/index.php\/wp-json\/wp\/v2\/posts\/17949\/revisions\/17971"}],"wp:featuredmedia":[{"embeddable":true,"href":"https:\/\/lasentinelle.dz\/index.php\/wp-json\/wp\/v2\/media\/17970"}],"wp:attachment":[{"href":"https:\/\/lasentinelle.dz\/index.php\/wp-json\/wp\/v2\/media?parent=17949"}],"wp:term":[{"taxonomy":"category","embeddable":true,"href":"https:\/\/lasentinelle.dz\/index.php\/wp-json\/wp\/v2\/categories?post=17949"},{"taxonomy":"post_tag","embeddable":true,"href":"https:\/\/lasentinelle.dz\/index.php\/wp-json\/wp\/v2\/tags?post=17949"}],"curies":[{"name":"wp","href":"https:\/\/api.w.org\/{rel}","templated":true}]}}