{"id":18008,"date":"2022-03-08T00:01:00","date_gmt":"2022-03-07T23:01:00","guid":{"rendered":"https:\/\/lasentinelle.dz\/?p=18008"},"modified":"2022-03-07T17:58:02","modified_gmt":"2022-03-07T16:58:02","slug":"des-manifestations-massives-dans-plus-de-40-villes-le-makhzen-face-a-la-bombe-sociale","status":"publish","type":"post","link":"https:\/\/lasentinelle.dz\/index.php\/2022\/03\/08\/des-manifestations-massives-dans-plus-de-40-villes-le-makhzen-face-a-la-bombe-sociale\/","title":{"rendered":"Des manifestations massives dans plus de 40 villes\u00a0: Le Makhzen face \u00e0 la bombe sociale"},"content":{"rendered":"\n<p>Le front social bouillonne au Maroc et il ne se passe plus un jour sans que des mouvements de protestation ne secouent le royaume.&nbsp;<\/p>\n\n\n\n<p>La politique men\u00e9e par le Makhzen, via le gouvernement men\u00e9 par l\u2019oligarque Akhanouche a plong\u00e9 la population dans une d\u00e9tresse \u00e9conomique et sociale sans commune mesure. Ainsi et alors que les mouvements de gr\u00e8ve se multiplient dans les secteurs du tourisme, des transports, de la sant\u00e9 et de l\u2019\u00e9ducation, un mouvement massif de protestation est venu rappeler au Makhzen la col\u00e8re des Marocains qui ne cesse de croitre. Ces derniers sont descendus massivement battre le pav\u00e9 dans 40 villes marocaines dimanche&nbsp;pour protester contre la hausse&nbsp;alarmantedes prix et la vague de prix \u00e9lev\u00e9s que conna\u00eet le pays, et pour exiger le renforcement des libert\u00e9s&nbsp;et pour souligner&nbsp;lapoursuite dans la lutte jusqu&rsquo;au \u00ab renversement de la corruption et de la tyrannie \u00bb, qui a donn\u00e9 naissance \u00e0 la pauvret\u00e9 et \u00e0 l&rsquo;oppression sociale que le peuple marocain confond.&nbsp;Il est vrai que ce mouvement populaire de grande ampleur a \u00e9t\u00e9 entam\u00e9 au mois d\u2019octobre dernier sans que le Makhzen ne daigne r\u00e9pondre aux exigences des Marocains. C\u2019est dans ce contexte que des manifestants dans plusieurs villes marocaines, telles&nbsp;que&nbsp;Casablanca, Rabat, F\u00e8s, Mekn\u00e8s, Marrakech et Oujda, ont&nbsp;dimanche&nbsp;brandi des banderoles appelant \u00e0 une solution \u00e0 la crise&nbsp;qu\u2019ils vivent&nbsp;et \u00e0 une inversion de la&nbsp;courbe&nbsp;des prix, en plus d&rsquo;autres banderoles appelant \u00e0 la lib\u00e9ration des prisonniers politiques et la&nbsp;concr\u00e9tisation&nbsp;de la justice sociale.<\/p>\n\n\n\n<p>Des vid\u00e9os diffus\u00e9es sur les r\u00e9seaux sociaux ont montr\u00e9 que des manifestants se sont rassembl\u00e9s sur la place en face du si\u00e8ge du Parlement, rue Mohammed V \u00e0 Rabat, la capitale, portant des slogans d\u00e9non\u00e7ant la flamb\u00e9e des prix des biens de consommation et du carburant, ainsi que des slogans appelant \u00e0 \u00ab la libert\u00e9, la dignit\u00e9, la protection sociale la justice et l&rsquo;\u00e9galit\u00e9 r\u00e9elle.\u00a0\u00bb<\/p>\n\n\n\n<p>Les manifestants ont \u00e9galement d\u00e9nonc\u00e9 le soutien de la cour d&rsquo;appel de Casablanca, jeudi dernier, au jugement de premi\u00e8re instance qui a condamn\u00e9 les journalistes Omar Radi et Imad Estito \u00e0 six ans de prison.&nbsp;De m\u00eame, ils ont d\u00e9nonc\u00e9 la normalisation avec&nbsp;l&rsquo;entit\u00e9 sioniste.&nbsp;Et les sites d&rsquo;information locaux ont cit\u00e9 le coordinateur de la coalition marocaine des organismes de d\u00e9fense des droits de l&rsquo;homme, Abdelilah Ben Abdessalam, avertissant que \u00ab\u00a0les augmentations de prix ne feront qu&rsquo;augmenter la tension&nbsp;dans le&nbsp;pays\u00a0\u00bb.<\/p>\n\n\n\n<p>Pour sa part, un membre du Front social marocain, Tayeb Madmadh, a d\u00e9clar\u00e9 que&nbsp;\u00ab&nbsp;le Front social marocain et toutes les forces vives du pays continueront \u00e0 lutter jusqu&rsquo;\u00e0 ce que la corruption et la tyrannie soient renvers\u00e9es, car elles sont la v\u00e9ritable raison des prix \u00e9lev\u00e9s, de l&rsquo;oppression sociale, de la pauvret\u00e9 et de l&rsquo;appauvrissement v\u00e9cus par les&nbsp;milieux&nbsp;populaires&nbsp;\u00bb.&nbsp;Les manifestations ont \u00e9t\u00e9 organis\u00e9es \u00e0 l\u2019appel du&nbsp;\u00ab\u00a0Front Social Marocain\u00a0\u00bb, qui regroupe plus de 30 associations&nbsp;des&nbsp;droits de l&rsquo;homme, syndicats&nbsp;et partis&nbsp;politiques.<\/p>\n\n\n\n<p>Rappelons que des enseignants sous contrat au Maroc ont annonc\u00e9 une gr\u00e8ve&nbsp;lanc\u00e9e hier et qui doit se poursuivre jusqu\u2019\u00e0&nbsp;jeudi pour protester contre l&rsquo;arrestation de 25 de leurs coll\u00e8gues lors de manifestations dans la capitale Rabat la semaine derni\u00e8re.&nbsp;Selon un communiqu\u00e9 de la \u00ab\u00a0Coordination des professeurs contractuels\u00a0\u00bb (non gouvernementale), la gr\u00e8ve fait suite \u00e0 la tournure prise par les manifestations \u00e0 Rabat, durant lesquelles ils ont \u00e9t\u00e9 r\u00e9prim\u00e9s, arr\u00eat\u00e9s et pour certains bless\u00e9s gravement lors de la dispersion de leurs marches.&nbsp;Le communiqu\u00e9 indique que les autorit\u00e9s \u00ab\u00a0ont arr\u00eat\u00e9 environ 100 enseignants pendant ces manifestations, puis rel\u00e2ch\u00e9 certains d&rsquo;entre eux, tandis que 25 sont maintenus en d\u00e9tention\u00a0\u00bb.&nbsp;Selon la m\u00eame source, \u00ab\u00a0la gr\u00e8ve pr\u00e9vue co\u00efncidera avec des sit-in et des manifestations dans d&rsquo;autres villes et devant des tribunaux de premi\u00e8re instance du pays\u00a0\u00bb.&nbsp;Les enseignants contractuels avaient manifest\u00e9 \u00e0 Rabat et tenu des sit-in mercredi, jeudi et vendredi, appelant \u00e0 leur inclusion dans la fonction publique.&nbsp;Les forces de s\u00e9curit\u00e9 marocaines \u00e9taient intervenues avec violence pour disperser les manifestations, arr\u00eatant plusieurs enseignants et causant des blessures \u00e0 d&rsquo;autres.<\/p>\n\n\n\n<p>Notons enfin que l&rsquo;Observatoire Euro-M\u00e9diterran\u00e9en des droits de l&rsquo;Homme a d\u00e9clar\u00e9, dimanche, que l&#8217;emprisonnement de journalistes-opposants marocains, au terme d&rsquo;une proc\u00e9dure entach\u00e9e d'\u00a0\u00bbirr\u00e9gularit\u00e9s juridiques\u00a0\u00bb, est \u00ab\u00a0r\u00e9pr\u00e9hensible\u00a0\u00bb, appelant les autorit\u00e9s \u00e0 s&rsquo;abstenir de faire de la justice \u00ab\u00a0un outil pour punir les d\u00e9fenseurs des droits humains\u00a0\u00bb.&nbsp;\u00ab\u00a0Le maintien par la Cour d&rsquo;appel de Casablanca de peines d&#8217;emprisonnement apparemment vengeresses \u00e0 l&rsquo;encontre de journalistes opposants, au terme d&rsquo;une proc\u00e9dure entach\u00e9e d&rsquo;irr\u00e9gularit\u00e9s juridiques, est r\u00e9pr\u00e9hensible\u00a0\u00bb, a d\u00e9clar\u00e9 l&rsquo;organisation dans un communiqu\u00e9 publi\u00e9 sur son site.&nbsp;Dans son communiqu\u00e9, l&rsquo;organisation rappelle que jeudi soir, la Cour d&rsquo;appel de Casablanca a rendu un verdict confirmant la condamnation \u00e0 six ans de prison du journaliste Omar Radi, pour \u00ab\u00a0viol, espionnage et atteinte \u00e0 l&rsquo;int\u00e9grit\u00e9 de la s\u00fbret\u00e9 de l&rsquo;Etat\u00a0\u00bb. La Cour a \u00e9galement confirm\u00e9 la condamnation de son confr\u00e8re Imad Estito \u00e0 un an de prison (dont six mois ferme) pour \u00ab\u00a0complicit\u00e9 de viol\u00a0\u00bb et \u00ab\u00a0non-assistance \u00e0 une personne en danger\u00a0\u00bb.&nbsp;Le 24 f\u00e9vrier, le tribunal a confirm\u00e9 \u00e9galement la peine initiale de cinq ans d&#8217;emprisonnement prononc\u00e9e contre le journaliste Souleiman Raissouni pour \u00ab\u00a0agression sexuelle\u00a0\u00bb.&nbsp;Ces accusations montrent, selon l&rsquo;ONG, que \u00ab\u00a0les autorit\u00e9s n&rsquo;ont pas seulement l&rsquo;intention de faire taire les journalistes, mais aussi de d\u00e9former leur r\u00e9putation et de nuire \u00e0 l&rsquo;image des journalistes opposants, en les associant \u00e0 l&rsquo;ind\u00e9cence et \u00e0 l&rsquo;espionnage\u00a0\u00bb.&nbsp;L&rsquo;observatoire d\u00e9nonce aussi le fait que \u00ab\u00a0les journalistes condamn\u00e9s n&rsquo;ont pas b\u00e9n\u00e9fici\u00e9 de la possibilit\u00e9 de se d\u00e9fendre correctement\u00a0\u00bb. Leur droit de contacter leurs avocats a \u00e9t\u00e9 \u00e0 plusieurs reprises restreint. La source cite pour exemple le dossier d&rsquo;Omar Radi, dans lequel l&rsquo;\u00e9quipe de d\u00e9fense n&rsquo;a pas \u00e9t\u00e9 autoris\u00e9e \u00e0 interroger le plaignant.<\/p>\n\n\n\n<p>R.I.<\/p>\n","protected":false},"excerpt":{"rendered":"<p>Le front social bouillonne au Maroc et il ne se passe plus un jour sans que des mouvements de protestation<\/p>\n","protected":false},"author":3,"featured_media":18025,"comment_status":"open","ping_status":"closed","sticky":false,"template":"","format":"standard","meta":{"colormag_page_container_layout":"default_layout","colormag_page_sidebar_layout":"default_layout","om_disable_all_campaigns":false,"_monsterinsights_skip_tracking":false,"_monsterinsights_sitenote_active":false,"_monsterinsights_sitenote_note":"","_monsterinsights_sitenote_category":0,"footnotes":"","_wpscppro_dont_share_socialmedia":false,"_wpscppro_custom_social_share_image":0,"_facebook_share_type":"","_twitter_share_type":"","_linkedin_share_type":"","_pinterest_share_type":"","_linkedin_share_type_page":"","_instagram_share_type":"","_medium_share_type":"","_threads_share_type":"","_google_business_share_type":"","_selected_social_profile":[],"_wpsp_enable_custom_social_template":false,"_wpsp_social_scheduling":{"enabled":false,"datetime":null,"platforms":[],"status":"template_only","dateOption":"today","timeOption":"now","customDays":"","customHours":"","customDate":"","customTime":"","schedulingType":"absolute"},"_wpsp_active_default_template":true},"categories":[37],"tags":[],"class_list":["post-18008","post","type-post","status-publish","format-standard","has-post-thumbnail","hentry","category-monde"],"aioseo_notices":[],"yoast_head":"<!-- This site is optimized with the Yoast SEO plugin v27.5 - https:\/\/yoast.com\/product\/yoast-seo-wordpress\/ -->\n<title>Des manifestations massives dans plus de 40 villes\u00a0: Le Makhzen face \u00e0 la bombe sociale - La Sentinelle<\/title>\n<meta name=\"robots\" content=\"index, follow, max-snippet:-1, max-image-preview:large, max-video-preview:-1\" \/>\n<link rel=\"canonical\" href=\"https:\/\/lasentinelle.dz\/index.php\/2022\/03\/08\/des-manifestations-massives-dans-plus-de-40-villes-le-makhzen-face-a-la-bombe-sociale\/\" \/>\n<meta property=\"og:locale\" content=\"fr_FR\" \/>\n<meta property=\"og:type\" content=\"article\" \/>\n<meta property=\"og:title\" content=\"Des manifestations massives dans plus de 40 villes\u00a0: Le Makhzen face \u00e0 la bombe sociale - La Sentinelle\" \/>\n<meta property=\"og:description\" content=\"Le front social bouillonne au Maroc et il ne se passe plus un jour sans que des mouvements de protestation\" \/>\n<meta property=\"og:url\" content=\"https:\/\/lasentinelle.dz\/index.php\/2022\/03\/08\/des-manifestations-massives-dans-plus-de-40-villes-le-makhzen-face-a-la-bombe-sociale\/\" \/>\n<meta property=\"og:site_name\" content=\"La Sentinelle\" \/>\n<meta property=\"article:publisher\" content=\"https:\/\/www.facebook.com\/La-Sentinelle-104059864394773\" \/>\n<meta property=\"article:published_time\" content=\"2022-03-07T23:01:00+00:00\" \/>\n<meta property=\"og:image\" content=\"https:\/\/lasentinelle.dz\/wp-content\/uploads\/2022\/03\/manifestations-maroc.png\" \/>\n\t<meta property=\"og:image:width\" content=\"1600\" \/>\n\t<meta property=\"og:image:height\" content=\"900\" \/>\n\t<meta property=\"og:image:type\" content=\"image\/png\" \/>\n<meta name=\"author\" content=\"La Sentinelle\" \/>\n<meta name=\"twitter:card\" content=\"summary_large_image\" \/>\n<meta name=\"twitter:label1\" content=\"\u00c9crit par\" \/>\n\t<meta name=\"twitter:data1\" content=\"La Sentinelle\" \/>\n\t<meta name=\"twitter:label2\" content=\"Dur\u00e9e de lecture estim\u00e9e\" \/>\n\t<meta name=\"twitter:data2\" content=\"5 minutes\" \/>\n<script type=\"application\/ld+json\" class=\"yoast-schema-graph\">{\"@context\":\"https:\\\/\\\/schema.org\",\"@graph\":[{\"@type\":\"Article\",\"@id\":\"https:\\\/\\\/lasentinelle.dz\\\/index.php\\\/2022\\\/03\\\/08\\\/des-manifestations-massives-dans-plus-de-40-villes-le-makhzen-face-a-la-bombe-sociale\\\/#article\",\"isPartOf\":{\"@id\":\"https:\\\/\\\/lasentinelle.dz\\\/index.php\\\/2022\\\/03\\\/08\\\/des-manifestations-massives-dans-plus-de-40-villes-le-makhzen-face-a-la-bombe-sociale\\\/\"},\"author\":{\"name\":\"La Sentinelle\",\"@id\":\"https:\\\/\\\/lasentinelle.dz\\\/#\\\/schema\\\/person\\\/d865044e22e70a75174ce8bcad3acfb3\"},\"headline\":\"Des manifestations massives dans plus de 40 villes\u00a0: Le Makhzen face \u00e0 la bombe sociale\",\"datePublished\":\"2022-03-07T23:01:00+00:00\",\"mainEntityOfPage\":{\"@id\":\"https:\\\/\\\/lasentinelle.dz\\\/index.php\\\/2022\\\/03\\\/08\\\/des-manifestations-massives-dans-plus-de-40-villes-le-makhzen-face-a-la-bombe-sociale\\\/\"},\"wordCount\":1097,\"commentCount\":0,\"publisher\":{\"@id\":\"https:\\\/\\\/lasentinelle.dz\\\/#organization\"},\"image\":{\"@id\":\"https:\\\/\\\/lasentinelle.dz\\\/index.php\\\/2022\\\/03\\\/08\\\/des-manifestations-massives-dans-plus-de-40-villes-le-makhzen-face-a-la-bombe-sociale\\\/#primaryimage\"},\"thumbnailUrl\":\"https:\\\/\\\/lasentinelle.dz\\\/wp-content\\\/uploads\\\/2022\\\/03\\\/manifestations-maroc.png\",\"articleSection\":[\"Monde\"],\"inLanguage\":\"fr-FR\",\"potentialAction\":[{\"@type\":\"CommentAction\",\"name\":\"Comment\",\"target\":[\"https:\\\/\\\/lasentinelle.dz\\\/index.php\\\/2022\\\/03\\\/08\\\/des-manifestations-massives-dans-plus-de-40-villes-le-makhzen-face-a-la-bombe-sociale\\\/#respond\"]}]},{\"@type\":\"WebPage\",\"@id\":\"https:\\\/\\\/lasentinelle.dz\\\/index.php\\\/2022\\\/03\\\/08\\\/des-manifestations-massives-dans-plus-de-40-villes-le-makhzen-face-a-la-bombe-sociale\\\/\",\"url\":\"https:\\\/\\\/lasentinelle.dz\\\/index.php\\\/2022\\\/03\\\/08\\\/des-manifestations-massives-dans-plus-de-40-villes-le-makhzen-face-a-la-bombe-sociale\\\/\",\"name\":\"Des manifestations massives dans plus de 40 villes\u00a0: Le Makhzen face \u00e0 la bombe sociale - La Sentinelle\",\"isPartOf\":{\"@id\":\"https:\\\/\\\/lasentinelle.dz\\\/#website\"},\"primaryImageOfPage\":{\"@id\":\"https:\\\/\\\/lasentinelle.dz\\\/index.php\\\/2022\\\/03\\\/08\\\/des-manifestations-massives-dans-plus-de-40-villes-le-makhzen-face-a-la-bombe-sociale\\\/#primaryimage\"},\"image\":{\"@id\":\"https:\\\/\\\/lasentinelle.dz\\\/index.php\\\/2022\\\/03\\\/08\\\/des-manifestations-massives-dans-plus-de-40-villes-le-makhzen-face-a-la-bombe-sociale\\\/#primaryimage\"},\"thumbnailUrl\":\"https:\\\/\\\/lasentinelle.dz\\\/wp-content\\\/uploads\\\/2022\\\/03\\\/manifestations-maroc.png\",\"datePublished\":\"2022-03-07T23:01:00+00:00\",\"breadcrumb\":{\"@id\":\"https:\\\/\\\/lasentinelle.dz\\\/index.php\\\/2022\\\/03\\\/08\\\/des-manifestations-massives-dans-plus-de-40-villes-le-makhzen-face-a-la-bombe-sociale\\\/#breadcrumb\"},\"inLanguage\":\"fr-FR\",\"potentialAction\":[{\"@type\":\"ReadAction\",\"target\":[\"https:\\\/\\\/lasentinelle.dz\\\/index.php\\\/2022\\\/03\\\/08\\\/des-manifestations-massives-dans-plus-de-40-villes-le-makhzen-face-a-la-bombe-sociale\\\/\"]}]},{\"@type\":\"ImageObject\",\"inLanguage\":\"fr-FR\",\"@id\":\"https:\\\/\\\/lasentinelle.dz\\\/index.php\\\/2022\\\/03\\\/08\\\/des-manifestations-massives-dans-plus-de-40-villes-le-makhzen-face-a-la-bombe-sociale\\\/#primaryimage\",\"url\":\"https:\\\/\\\/lasentinelle.dz\\\/wp-content\\\/uploads\\\/2022\\\/03\\\/manifestations-maroc.png\",\"contentUrl\":\"https:\\\/\\\/lasentinelle.dz\\\/wp-content\\\/uploads\\\/2022\\\/03\\\/manifestations-maroc.png\",\"width\":1600,\"height\":900},{\"@type\":\"BreadcrumbList\",\"@id\":\"https:\\\/\\\/lasentinelle.dz\\\/index.php\\\/2022\\\/03\\\/08\\\/des-manifestations-massives-dans-plus-de-40-villes-le-makhzen-face-a-la-bombe-sociale\\\/#breadcrumb\",\"itemListElement\":[{\"@type\":\"ListItem\",\"position\":1,\"name\":\"Accueil\",\"item\":\"https:\\\/\\\/lasentinelle.dz\\\/\"},{\"@type\":\"ListItem\",\"position\":2,\"name\":\"Des manifestations massives dans plus de 40 villes\u00a0: Le Makhzen face \u00e0 la bombe sociale\"}]},{\"@type\":\"WebSite\",\"@id\":\"https:\\\/\\\/lasentinelle.dz\\\/#website\",\"url\":\"https:\\\/\\\/lasentinelle.dz\\\/\",\"name\":\"La Sentinelle\",\"description\":\"Quotidien national d&#039;information\",\"publisher\":{\"@id\":\"https:\\\/\\\/lasentinelle.dz\\\/#organization\"},\"potentialAction\":[{\"@type\":\"SearchAction\",\"target\":{\"@type\":\"EntryPoint\",\"urlTemplate\":\"https:\\\/\\\/lasentinelle.dz\\\/?s={search_term_string}\"},\"query-input\":{\"@type\":\"PropertyValueSpecification\",\"valueRequired\":true,\"valueName\":\"search_term_string\"}}],\"inLanguage\":\"fr-FR\"},{\"@type\":\"Organization\",\"@id\":\"https:\\\/\\\/lasentinelle.dz\\\/#organization\",\"name\":\"Quotidien La Sentinelle\",\"url\":\"https:\\\/\\\/lasentinelle.dz\\\/\",\"logo\":{\"@type\":\"ImageObject\",\"inLanguage\":\"fr-FR\",\"@id\":\"https:\\\/\\\/lasentinelle.dz\\\/#\\\/schema\\\/logo\\\/image\\\/\",\"url\":\"https:\\\/\\\/lasentinelle.dz\\\/wp-content\\\/uploads\\\/2021\\\/09\\\/logo-sentinelleSLOGAN-1.png\",\"contentUrl\":\"https:\\\/\\\/lasentinelle.dz\\\/wp-content\\\/uploads\\\/2021\\\/09\\\/logo-sentinelleSLOGAN-1.png\",\"width\":615,\"height\":142,\"caption\":\"Quotidien La Sentinelle\"},\"image\":{\"@id\":\"https:\\\/\\\/lasentinelle.dz\\\/#\\\/schema\\\/logo\\\/image\\\/\"},\"sameAs\":[\"https:\\\/\\\/www.facebook.com\\\/La-Sentinelle-104059864394773\"]},{\"@type\":\"Person\",\"@id\":\"https:\\\/\\\/lasentinelle.dz\\\/#\\\/schema\\\/person\\\/d865044e22e70a75174ce8bcad3acfb3\",\"name\":\"La Sentinelle\",\"image\":{\"@type\":\"ImageObject\",\"inLanguage\":\"fr-FR\",\"@id\":\"https:\\\/\\\/secure.gravatar.com\\\/avatar\\\/57de8e5d4b15d43fb361a71fbb36338450fe67865b528a43dd10ef7c51a20392?s=96&d=mm&r=g\",\"url\":\"https:\\\/\\\/secure.gravatar.com\\\/avatar\\\/57de8e5d4b15d43fb361a71fbb36338450fe67865b528a43dd10ef7c51a20392?s=96&d=mm&r=g\",\"contentUrl\":\"https:\\\/\\\/secure.gravatar.com\\\/avatar\\\/57de8e5d4b15d43fb361a71fbb36338450fe67865b528a43dd10ef7c51a20392?s=96&d=mm&r=g\",\"caption\":\"La Sentinelle\"},\"sameAs\":[\"http:\\\/\\\/www.lasentinelle.dz\"],\"url\":\"https:\\\/\\\/lasentinelle.dz\\\/author\\\/redaction\\\/\"}]}<\/script>\n<!-- \/ Yoast SEO plugin. -->","yoast_head_json":{"title":"Des manifestations massives dans plus de 40 villes\u00a0: Le Makhzen face \u00e0 la bombe sociale - La Sentinelle","robots":{"index":"index","follow":"follow","max-snippet":"max-snippet:-1","max-image-preview":"max-image-preview:large","max-video-preview":"max-video-preview:-1"},"canonical":"https:\/\/lasentinelle.dz\/index.php\/2022\/03\/08\/des-manifestations-massives-dans-plus-de-40-villes-le-makhzen-face-a-la-bombe-sociale\/","og_locale":"fr_FR","og_type":"article","og_title":"Des manifestations massives dans plus de 40 villes\u00a0: Le Makhzen face \u00e0 la bombe sociale - La Sentinelle","og_description":"Le front social bouillonne au Maroc et il ne se passe plus un jour sans que des mouvements de protestation","og_url":"https:\/\/lasentinelle.dz\/index.php\/2022\/03\/08\/des-manifestations-massives-dans-plus-de-40-villes-le-makhzen-face-a-la-bombe-sociale\/","og_site_name":"La Sentinelle","article_publisher":"https:\/\/www.facebook.com\/La-Sentinelle-104059864394773","article_published_time":"2022-03-07T23:01:00+00:00","og_image":[{"width":1600,"height":900,"url":"https:\/\/lasentinelle.dz\/wp-content\/uploads\/2022\/03\/manifestations-maroc.png","type":"image\/png"}],"author":"La Sentinelle","twitter_card":"summary_large_image","twitter_misc":{"\u00c9crit par":"La Sentinelle","Dur\u00e9e de lecture estim\u00e9e":"5 minutes"},"schema":{"@context":"https:\/\/schema.org","@graph":[{"@type":"Article","@id":"https:\/\/lasentinelle.dz\/index.php\/2022\/03\/08\/des-manifestations-massives-dans-plus-de-40-villes-le-makhzen-face-a-la-bombe-sociale\/#article","isPartOf":{"@id":"https:\/\/lasentinelle.dz\/index.php\/2022\/03\/08\/des-manifestations-massives-dans-plus-de-40-villes-le-makhzen-face-a-la-bombe-sociale\/"},"author":{"name":"La Sentinelle","@id":"https:\/\/lasentinelle.dz\/#\/schema\/person\/d865044e22e70a75174ce8bcad3acfb3"},"headline":"Des manifestations massives dans plus de 40 villes\u00a0: Le Makhzen face \u00e0 la bombe sociale","datePublished":"2022-03-07T23:01:00+00:00","mainEntityOfPage":{"@id":"https:\/\/lasentinelle.dz\/index.php\/2022\/03\/08\/des-manifestations-massives-dans-plus-de-40-villes-le-makhzen-face-a-la-bombe-sociale\/"},"wordCount":1097,"commentCount":0,"publisher":{"@id":"https:\/\/lasentinelle.dz\/#organization"},"image":{"@id":"https:\/\/lasentinelle.dz\/index.php\/2022\/03\/08\/des-manifestations-massives-dans-plus-de-40-villes-le-makhzen-face-a-la-bombe-sociale\/#primaryimage"},"thumbnailUrl":"https:\/\/lasentinelle.dz\/wp-content\/uploads\/2022\/03\/manifestations-maroc.png","articleSection":["Monde"],"inLanguage":"fr-FR","potentialAction":[{"@type":"CommentAction","name":"Comment","target":["https:\/\/lasentinelle.dz\/index.php\/2022\/03\/08\/des-manifestations-massives-dans-plus-de-40-villes-le-makhzen-face-a-la-bombe-sociale\/#respond"]}]},{"@type":"WebPage","@id":"https:\/\/lasentinelle.dz\/index.php\/2022\/03\/08\/des-manifestations-massives-dans-plus-de-40-villes-le-makhzen-face-a-la-bombe-sociale\/","url":"https:\/\/lasentinelle.dz\/index.php\/2022\/03\/08\/des-manifestations-massives-dans-plus-de-40-villes-le-makhzen-face-a-la-bombe-sociale\/","name":"Des manifestations massives dans plus de 40 villes\u00a0: Le Makhzen face \u00e0 la bombe sociale - La Sentinelle","isPartOf":{"@id":"https:\/\/lasentinelle.dz\/#website"},"primaryImageOfPage":{"@id":"https:\/\/lasentinelle.dz\/index.php\/2022\/03\/08\/des-manifestations-massives-dans-plus-de-40-villes-le-makhzen-face-a-la-bombe-sociale\/#primaryimage"},"image":{"@id":"https:\/\/lasentinelle.dz\/index.php\/2022\/03\/08\/des-manifestations-massives-dans-plus-de-40-villes-le-makhzen-face-a-la-bombe-sociale\/#primaryimage"},"thumbnailUrl":"https:\/\/lasentinelle.dz\/wp-content\/uploads\/2022\/03\/manifestations-maroc.png","datePublished":"2022-03-07T23:01:00+00:00","breadcrumb":{"@id":"https:\/\/lasentinelle.dz\/index.php\/2022\/03\/08\/des-manifestations-massives-dans-plus-de-40-villes-le-makhzen-face-a-la-bombe-sociale\/#breadcrumb"},"inLanguage":"fr-FR","potentialAction":[{"@type":"ReadAction","target":["https:\/\/lasentinelle.dz\/index.php\/2022\/03\/08\/des-manifestations-massives-dans-plus-de-40-villes-le-makhzen-face-a-la-bombe-sociale\/"]}]},{"@type":"ImageObject","inLanguage":"fr-FR","@id":"https:\/\/lasentinelle.dz\/index.php\/2022\/03\/08\/des-manifestations-massives-dans-plus-de-40-villes-le-makhzen-face-a-la-bombe-sociale\/#primaryimage","url":"https:\/\/lasentinelle.dz\/wp-content\/uploads\/2022\/03\/manifestations-maroc.png","contentUrl":"https:\/\/lasentinelle.dz\/wp-content\/uploads\/2022\/03\/manifestations-maroc.png","width":1600,"height":900},{"@type":"BreadcrumbList","@id":"https:\/\/lasentinelle.dz\/index.php\/2022\/03\/08\/des-manifestations-massives-dans-plus-de-40-villes-le-makhzen-face-a-la-bombe-sociale\/#breadcrumb","itemListElement":[{"@type":"ListItem","position":1,"name":"Accueil","item":"https:\/\/lasentinelle.dz\/"},{"@type":"ListItem","position":2,"name":"Des manifestations massives dans plus de 40 villes\u00a0: Le Makhzen face \u00e0 la bombe sociale"}]},{"@type":"WebSite","@id":"https:\/\/lasentinelle.dz\/#website","url":"https:\/\/lasentinelle.dz\/","name":"La Sentinelle","description":"Quotidien national d&#039;information","publisher":{"@id":"https:\/\/lasentinelle.dz\/#organization"},"potentialAction":[{"@type":"SearchAction","target":{"@type":"EntryPoint","urlTemplate":"https:\/\/lasentinelle.dz\/?s={search_term_string}"},"query-input":{"@type":"PropertyValueSpecification","valueRequired":true,"valueName":"search_term_string"}}],"inLanguage":"fr-FR"},{"@type":"Organization","@id":"https:\/\/lasentinelle.dz\/#organization","name":"Quotidien La Sentinelle","url":"https:\/\/lasentinelle.dz\/","logo":{"@type":"ImageObject","inLanguage":"fr-FR","@id":"https:\/\/lasentinelle.dz\/#\/schema\/logo\/image\/","url":"https:\/\/lasentinelle.dz\/wp-content\/uploads\/2021\/09\/logo-sentinelleSLOGAN-1.png","contentUrl":"https:\/\/lasentinelle.dz\/wp-content\/uploads\/2021\/09\/logo-sentinelleSLOGAN-1.png","width":615,"height":142,"caption":"Quotidien La Sentinelle"},"image":{"@id":"https:\/\/lasentinelle.dz\/#\/schema\/logo\/image\/"},"sameAs":["https:\/\/www.facebook.com\/La-Sentinelle-104059864394773"]},{"@type":"Person","@id":"https:\/\/lasentinelle.dz\/#\/schema\/person\/d865044e22e70a75174ce8bcad3acfb3","name":"La Sentinelle","image":{"@type":"ImageObject","inLanguage":"fr-FR","@id":"https:\/\/secure.gravatar.com\/avatar\/57de8e5d4b15d43fb361a71fbb36338450fe67865b528a43dd10ef7c51a20392?s=96&d=mm&r=g","url":"https:\/\/secure.gravatar.com\/avatar\/57de8e5d4b15d43fb361a71fbb36338450fe67865b528a43dd10ef7c51a20392?s=96&d=mm&r=g","contentUrl":"https:\/\/secure.gravatar.com\/avatar\/57de8e5d4b15d43fb361a71fbb36338450fe67865b528a43dd10ef7c51a20392?s=96&d=mm&r=g","caption":"La Sentinelle"},"sameAs":["http:\/\/www.lasentinelle.dz"],"url":"https:\/\/lasentinelle.dz\/author\/redaction\/"}]}},"_links":{"self":[{"href":"https:\/\/lasentinelle.dz\/index.php\/wp-json\/wp\/v2\/posts\/18008","targetHints":{"allow":["GET"]}}],"collection":[{"href":"https:\/\/lasentinelle.dz\/index.php\/wp-json\/wp\/v2\/posts"}],"about":[{"href":"https:\/\/lasentinelle.dz\/index.php\/wp-json\/wp\/v2\/types\/post"}],"author":[{"embeddable":true,"href":"https:\/\/lasentinelle.dz\/index.php\/wp-json\/wp\/v2\/users\/3"}],"replies":[{"embeddable":true,"href":"https:\/\/lasentinelle.dz\/index.php\/wp-json\/wp\/v2\/comments?post=18008"}],"version-history":[{"count":1,"href":"https:\/\/lasentinelle.dz\/index.php\/wp-json\/wp\/v2\/posts\/18008\/revisions"}],"predecessor-version":[{"id":18027,"href":"https:\/\/lasentinelle.dz\/index.php\/wp-json\/wp\/v2\/posts\/18008\/revisions\/18027"}],"wp:featuredmedia":[{"embeddable":true,"href":"https:\/\/lasentinelle.dz\/index.php\/wp-json\/wp\/v2\/media\/18025"}],"wp:attachment":[{"href":"https:\/\/lasentinelle.dz\/index.php\/wp-json\/wp\/v2\/media?parent=18008"}],"wp:term":[{"taxonomy":"category","embeddable":true,"href":"https:\/\/lasentinelle.dz\/index.php\/wp-json\/wp\/v2\/categories?post=18008"},{"taxonomy":"post_tag","embeddable":true,"href":"https:\/\/lasentinelle.dz\/index.php\/wp-json\/wp\/v2\/tags?post=18008"}],"curies":[{"name":"wp","href":"https:\/\/api.w.org\/{rel}","templated":true}]}}