{"id":18028,"date":"2022-03-08T00:01:00","date_gmt":"2022-03-07T23:01:00","guid":{"rendered":"https:\/\/lasentinelle.dz\/?p=18028"},"modified":"2022-03-07T19:11:56","modified_gmt":"2022-03-07T18:11:56","slug":"livre-blanc-sur-lentreprise-la-capc-appelle-a-la-criminalisation-de-la-bureaucratie","status":"publish","type":"post","link":"https:\/\/lasentinelle.dz\/index.php\/2022\/03\/08\/livre-blanc-sur-lentreprise-la-capc-appelle-a-la-criminalisation-de-la-bureaucratie\/","title":{"rendered":"Livre blanc sur l\u2019entreprise\u00a0: La CAPC appelle \u00e0 la \u00ab\u00a0criminalisation de la bureaucratie\u00a0\u00bb"},"content":{"rendered":"\n<p>Le livre blanc r\u00e9alis\u00e9 par la Conf\u00e9d\u00e9ration Alg\u00e9rienne du Patronat Citoyen (CAPC) est \u00ab&nbsp;l&rsquo;expression de son engagement \u00e0 accompagner les efforts de l&rsquo;Etat visant la relance de l&rsquo;\u00e9conomie nationale en jouant un r\u00f4le cl\u00e9 comme force de proposition en vue de trouver des solutions p\u00e9rennes et efficace aux entraves qui freinent cet objectif&nbsp;\u00bb, avait affirm\u00e9, lundi, lors de son passage \u00e0 la cha\u00eene Une de la radio nationale, Samy Agli, pr\u00e9sident de cette organisation patronale. Agli \u00e9tait d&rsquo;ailleurs affirmatif que la relance \u00e9conomique demand\u00e9e par le pr\u00e9sident de la R\u00e9publique ne peut \u00eatre effectu\u00e9e qu&rsquo;avec un changement radical du syst\u00e8me \u00e9conomique actuel par d&rsquo;autres mod\u00e8les plus r\u00e9cents et plus efficaces outre la mise \u00e0 profit de l&rsquo;exp\u00e9rience acquise durant la crise induite par la pand\u00e9mie du Covid 19. Dans cette dynamique, explique Samy Agli, \u00ab&nbsp;la Conf\u00e9d\u00e9ration Alg\u00e9rienne du Patronat Citoyen doit \u00eatre un \u00e9l\u00e9ment cl\u00e9 via une batterie de propositions et de recommandations contenues dans le livre blanc de l&rsquo;organisation qui vise par ailleurs \u00e0 ouvrir un d\u00e9bat s\u00e9rieux duquel il faudra rapidement sortir avec un v\u00e9ritable model \u00e9conomique nouveau plus efficace qui prenne en compte les derni\u00e8res \u00e9volutions au niveau national et international&nbsp;\u00bb. En fait, abordant le contenu de ce livre, l&rsquo;intervenant qui a indiqu\u00e9 qu&rsquo;une copie a d\u00e9j\u00e0 \u00e9t\u00e9 pr\u00e9sent\u00e9e au pr\u00e9sident de la R\u00e9publique, r\u00e9v\u00e8le que \u201cle volet relatif \u00e0 la s\u00e9curit\u00e9 alimentaire, la transition \u00e9nerg\u00e9tique et la transition num\u00e9rique occupent une place de choix dans ce document\u201d au vu de leur importance dans le chantier de relancer l&rsquo;\u00e9conomie nationale parall\u00e8lement \u00e0 l&rsquo;impact de la pand\u00e9mie du Covid 19.<\/p>\n\n\n\n<p>Sur un autre chapitre, le pr\u00e9sident de la CAPC n&rsquo;a pas manqu\u00e9 d&rsquo;appeler carr\u00e9ment \u201c\u00e0 la criminalisation\u201d de la bureaucratie. Un fl\u00e9au, explique-t-il, \u201cqui entrave dramatiquement le lancement de tous les chantiers de d\u00e9veloppement national outre ses effets n\u00e9fastes sur la vie nationale en g\u00e9n\u00e9ral\u201d. A ce chapitre justement, Agli a mis l&rsquo;accent sur la n\u00e9cessit\u00e9 de r\u00e9duire les d\u00e9lais et les d\u00e9marches administratives accompagnant le lancement des projets de d\u00e9veloppement et des investissements \u00e9conomiques. \u00ab\u00a0Il est impossible de r\u00e9ussir la relance de l&rsquo;\u00e9conomie nationale sans opter pour un mod\u00e8le \u00e9conomique efficace et qui r\u00e9pondent aux nouvelles exigences du monde \u00e9conomique et de l&rsquo;investissement au niveau national et international\u00a0\u00bb, explique-t-il. Il convient de rappeler que la Conf\u00e9d\u00e9ration Alg\u00e9rienne du Patronat Citoyen a r\u00e9alis\u00e9 un document qu&rsquo;elle a appel\u00e9 le livre blanc contenant des propositions et des recommandations aux investisseurs et aux entreprises outre les pouvoirs publics. Une copie de ce livre a \u00e9t\u00e9 par ailleurs remise au pr\u00e9sident de la r\u00e9publique o\u00f9 la CPAC lui expose ses 15 points relatifs au d\u00e9veloppement de l&rsquo;entreprise et de l&rsquo;investissement.&nbsp;<\/p>\n\n\n\n<p><strong>Kamel Nait Ameur<\/strong><\/p>\n","protected":false},"excerpt":{"rendered":"<p>Le livre blanc r\u00e9alis\u00e9 par la Conf\u00e9d\u00e9ration Alg\u00e9rienne du Patronat Citoyen (CAPC) est \u00ab&nbsp;l&rsquo;expression de son engagement \u00e0 accompagner les<\/p>\n","protected":false},"author":3,"featured_media":18054,"comment_status":"open","ping_status":"closed","sticky":false,"template":"","format":"standard","meta":{"colormag_page_container_layout":"default_layout","colormag_page_sidebar_layout":"default_layout","om_disable_all_campaigns":false,"_monsterinsights_skip_tracking":false,"_monsterinsights_sitenote_active":false,"_monsterinsights_sitenote_note":"","_monsterinsights_sitenote_category":0,"footnotes":"","_wpscppro_dont_share_socialmedia":false,"_wpscppro_custom_social_share_image":0,"_facebook_share_type":"","_twitter_share_type":"","_linkedin_share_type":"","_pinterest_share_type":"","_linkedin_share_type_page":"","_instagram_share_type":"","_medium_share_type":"","_threads_share_type":"","_google_business_share_type":"","_selected_social_profile":[],"_wpsp_enable_custom_social_template":false,"_wpsp_social_scheduling":{"enabled":false,"datetime":null,"platforms":[],"status":"template_only","dateOption":"today","timeOption":"now","customDays":"","customHours":"","customDate":"","customTime":"","schedulingType":"absolute"},"_wpsp_active_default_template":true},"categories":[29],"tags":[],"class_list":["post-18028","post","type-post","status-publish","format-standard","has-post-thumbnail","hentry","category-economie"],"aioseo_notices":[],"yoast_head":"<!-- This site is optimized with the Yoast SEO plugin v27.4 - https:\/\/yoast.com\/product\/yoast-seo-wordpress\/ -->\n<title>Livre blanc sur l\u2019entreprise\u00a0: La CAPC appelle \u00e0 la \u00ab\u00a0criminalisation de la bureaucratie\u00a0\u00bb - La Sentinelle<\/title>\n<meta name=\"robots\" content=\"index, follow, max-snippet:-1, max-image-preview:large, max-video-preview:-1\" \/>\n<link rel=\"canonical\" href=\"https:\/\/lasentinelle.dz\/index.php\/2022\/03\/08\/livre-blanc-sur-lentreprise-la-capc-appelle-a-la-criminalisation-de-la-bureaucratie\/\" \/>\n<meta property=\"og:locale\" content=\"fr_FR\" \/>\n<meta property=\"og:type\" content=\"article\" \/>\n<meta property=\"og:title\" content=\"Livre blanc sur l\u2019entreprise\u00a0: La CAPC appelle \u00e0 la \u00ab\u00a0criminalisation de la bureaucratie\u00a0\u00bb - La Sentinelle\" \/>\n<meta property=\"og:description\" content=\"Le livre blanc r\u00e9alis\u00e9 par la Conf\u00e9d\u00e9ration Alg\u00e9rienne du Patronat Citoyen (CAPC) est \u00ab&nbsp;l&rsquo;expression de son engagement \u00e0 accompagner les\" \/>\n<meta property=\"og:url\" content=\"https:\/\/lasentinelle.dz\/index.php\/2022\/03\/08\/livre-blanc-sur-lentreprise-la-capc-appelle-a-la-criminalisation-de-la-bureaucratie\/\" \/>\n<meta property=\"og:site_name\" content=\"La Sentinelle\" \/>\n<meta property=\"article:publisher\" content=\"https:\/\/www.facebook.com\/La-Sentinelle-104059864394773\" \/>\n<meta property=\"article:published_time\" content=\"2022-03-07T23:01:00+00:00\" \/>\n<meta property=\"og:image\" content=\"https:\/\/lasentinelle.dz\/wp-content\/uploads\/2022\/03\/122013838_359342215500582_4863239883948504140_n.jpg\" \/>\n\t<meta property=\"og:image:width\" content=\"960\" \/>\n\t<meta property=\"og:image:height\" content=\"720\" \/>\n\t<meta property=\"og:image:type\" content=\"image\/jpeg\" \/>\n<meta name=\"author\" content=\"La Sentinelle\" \/>\n<meta name=\"twitter:card\" content=\"summary_large_image\" \/>\n<meta name=\"twitter:label1\" content=\"\u00c9crit par\" \/>\n\t<meta name=\"twitter:data1\" content=\"La Sentinelle\" \/>\n\t<meta name=\"twitter:label2\" content=\"Dur\u00e9e de lecture estim\u00e9e\" \/>\n\t<meta name=\"twitter:data2\" content=\"3 minutes\" \/>\n<script type=\"application\/ld+json\" class=\"yoast-schema-graph\">{\"@context\":\"https:\\\/\\\/schema.org\",\"@graph\":[{\"@type\":\"Article\",\"@id\":\"https:\\\/\\\/lasentinelle.dz\\\/index.php\\\/2022\\\/03\\\/08\\\/livre-blanc-sur-lentreprise-la-capc-appelle-a-la-criminalisation-de-la-bureaucratie\\\/#article\",\"isPartOf\":{\"@id\":\"https:\\\/\\\/lasentinelle.dz\\\/index.php\\\/2022\\\/03\\\/08\\\/livre-blanc-sur-lentreprise-la-capc-appelle-a-la-criminalisation-de-la-bureaucratie\\\/\"},\"author\":{\"name\":\"La Sentinelle\",\"@id\":\"https:\\\/\\\/lasentinelle.dz\\\/#\\\/schema\\\/person\\\/d865044e22e70a75174ce8bcad3acfb3\"},\"headline\":\"Livre blanc sur l\u2019entreprise\u00a0: La CAPC appelle \u00e0 la \u00ab\u00a0criminalisation de la bureaucratie\u00a0\u00bb\",\"datePublished\":\"2022-03-07T23:01:00+00:00\",\"mainEntityOfPage\":{\"@id\":\"https:\\\/\\\/lasentinelle.dz\\\/index.php\\\/2022\\\/03\\\/08\\\/livre-blanc-sur-lentreprise-la-capc-appelle-a-la-criminalisation-de-la-bureaucratie\\\/\"},\"wordCount\":529,\"commentCount\":0,\"publisher\":{\"@id\":\"https:\\\/\\\/lasentinelle.dz\\\/#organization\"},\"image\":{\"@id\":\"https:\\\/\\\/lasentinelle.dz\\\/index.php\\\/2022\\\/03\\\/08\\\/livre-blanc-sur-lentreprise-la-capc-appelle-a-la-criminalisation-de-la-bureaucratie\\\/#primaryimage\"},\"thumbnailUrl\":\"https:\\\/\\\/lasentinelle.dz\\\/wp-content\\\/uploads\\\/2022\\\/03\\\/122013838_359342215500582_4863239883948504140_n.jpg\",\"articleSection\":[\"\u00c9conomie\"],\"inLanguage\":\"fr-FR\",\"potentialAction\":[{\"@type\":\"CommentAction\",\"name\":\"Comment\",\"target\":[\"https:\\\/\\\/lasentinelle.dz\\\/index.php\\\/2022\\\/03\\\/08\\\/livre-blanc-sur-lentreprise-la-capc-appelle-a-la-criminalisation-de-la-bureaucratie\\\/#respond\"]}]},{\"@type\":\"WebPage\",\"@id\":\"https:\\\/\\\/lasentinelle.dz\\\/index.php\\\/2022\\\/03\\\/08\\\/livre-blanc-sur-lentreprise-la-capc-appelle-a-la-criminalisation-de-la-bureaucratie\\\/\",\"url\":\"https:\\\/\\\/lasentinelle.dz\\\/index.php\\\/2022\\\/03\\\/08\\\/livre-blanc-sur-lentreprise-la-capc-appelle-a-la-criminalisation-de-la-bureaucratie\\\/\",\"name\":\"Livre blanc sur l\u2019entreprise\u00a0: La CAPC appelle \u00e0 la \u00ab\u00a0criminalisation de la bureaucratie\u00a0\u00bb - La Sentinelle\",\"isPartOf\":{\"@id\":\"https:\\\/\\\/lasentinelle.dz\\\/#website\"},\"primaryImageOfPage\":{\"@id\":\"https:\\\/\\\/lasentinelle.dz\\\/index.php\\\/2022\\\/03\\\/08\\\/livre-blanc-sur-lentreprise-la-capc-appelle-a-la-criminalisation-de-la-bureaucratie\\\/#primaryimage\"},\"image\":{\"@id\":\"https:\\\/\\\/lasentinelle.dz\\\/index.php\\\/2022\\\/03\\\/08\\\/livre-blanc-sur-lentreprise-la-capc-appelle-a-la-criminalisation-de-la-bureaucratie\\\/#primaryimage\"},\"thumbnailUrl\":\"https:\\\/\\\/lasentinelle.dz\\\/wp-content\\\/uploads\\\/2022\\\/03\\\/122013838_359342215500582_4863239883948504140_n.jpg\",\"datePublished\":\"2022-03-07T23:01:00+00:00\",\"breadcrumb\":{\"@id\":\"https:\\\/\\\/lasentinelle.dz\\\/index.php\\\/2022\\\/03\\\/08\\\/livre-blanc-sur-lentreprise-la-capc-appelle-a-la-criminalisation-de-la-bureaucratie\\\/#breadcrumb\"},\"inLanguage\":\"fr-FR\",\"potentialAction\":[{\"@type\":\"ReadAction\",\"target\":[\"https:\\\/\\\/lasentinelle.dz\\\/index.php\\\/2022\\\/03\\\/08\\\/livre-blanc-sur-lentreprise-la-capc-appelle-a-la-criminalisation-de-la-bureaucratie\\\/\"]}]},{\"@type\":\"ImageObject\",\"inLanguage\":\"fr-FR\",\"@id\":\"https:\\\/\\\/lasentinelle.dz\\\/index.php\\\/2022\\\/03\\\/08\\\/livre-blanc-sur-lentreprise-la-capc-appelle-a-la-criminalisation-de-la-bureaucratie\\\/#primaryimage\",\"url\":\"https:\\\/\\\/lasentinelle.dz\\\/wp-content\\\/uploads\\\/2022\\\/03\\\/122013838_359342215500582_4863239883948504140_n.jpg\",\"contentUrl\":\"https:\\\/\\\/lasentinelle.dz\\\/wp-content\\\/uploads\\\/2022\\\/03\\\/122013838_359342215500582_4863239883948504140_n.jpg\",\"width\":960,\"height\":720},{\"@type\":\"BreadcrumbList\",\"@id\":\"https:\\\/\\\/lasentinelle.dz\\\/index.php\\\/2022\\\/03\\\/08\\\/livre-blanc-sur-lentreprise-la-capc-appelle-a-la-criminalisation-de-la-bureaucratie\\\/#breadcrumb\",\"itemListElement\":[{\"@type\":\"ListItem\",\"position\":1,\"name\":\"Accueil\",\"item\":\"https:\\\/\\\/lasentinelle.dz\\\/\"},{\"@type\":\"ListItem\",\"position\":2,\"name\":\"Livre blanc sur l\u2019entreprise\u00a0: La CAPC appelle \u00e0 la \u00ab\u00a0criminalisation de la bureaucratie\u00a0\u00bb\"}]},{\"@type\":\"WebSite\",\"@id\":\"https:\\\/\\\/lasentinelle.dz\\\/#website\",\"url\":\"https:\\\/\\\/lasentinelle.dz\\\/\",\"name\":\"La Sentinelle\",\"description\":\"Quotidien national d&#039;information\",\"publisher\":{\"@id\":\"https:\\\/\\\/lasentinelle.dz\\\/#organization\"},\"potentialAction\":[{\"@type\":\"SearchAction\",\"target\":{\"@type\":\"EntryPoint\",\"urlTemplate\":\"https:\\\/\\\/lasentinelle.dz\\\/?s={search_term_string}\"},\"query-input\":{\"@type\":\"PropertyValueSpecification\",\"valueRequired\":true,\"valueName\":\"search_term_string\"}}],\"inLanguage\":\"fr-FR\"},{\"@type\":\"Organization\",\"@id\":\"https:\\\/\\\/lasentinelle.dz\\\/#organization\",\"name\":\"Quotidien La Sentinelle\",\"url\":\"https:\\\/\\\/lasentinelle.dz\\\/\",\"logo\":{\"@type\":\"ImageObject\",\"inLanguage\":\"fr-FR\",\"@id\":\"https:\\\/\\\/lasentinelle.dz\\\/#\\\/schema\\\/logo\\\/image\\\/\",\"url\":\"https:\\\/\\\/lasentinelle.dz\\\/wp-content\\\/uploads\\\/2021\\\/09\\\/logo-sentinelleSLOGAN-1.png\",\"contentUrl\":\"https:\\\/\\\/lasentinelle.dz\\\/wp-content\\\/uploads\\\/2021\\\/09\\\/logo-sentinelleSLOGAN-1.png\",\"width\":615,\"height\":142,\"caption\":\"Quotidien La Sentinelle\"},\"image\":{\"@id\":\"https:\\\/\\\/lasentinelle.dz\\\/#\\\/schema\\\/logo\\\/image\\\/\"},\"sameAs\":[\"https:\\\/\\\/www.facebook.com\\\/La-Sentinelle-104059864394773\"]},{\"@type\":\"Person\",\"@id\":\"https:\\\/\\\/lasentinelle.dz\\\/#\\\/schema\\\/person\\\/d865044e22e70a75174ce8bcad3acfb3\",\"name\":\"La Sentinelle\",\"image\":{\"@type\":\"ImageObject\",\"inLanguage\":\"fr-FR\",\"@id\":\"https:\\\/\\\/secure.gravatar.com\\\/avatar\\\/57de8e5d4b15d43fb361a71fbb36338450fe67865b528a43dd10ef7c51a20392?s=96&d=mm&r=g\",\"url\":\"https:\\\/\\\/secure.gravatar.com\\\/avatar\\\/57de8e5d4b15d43fb361a71fbb36338450fe67865b528a43dd10ef7c51a20392?s=96&d=mm&r=g\",\"contentUrl\":\"https:\\\/\\\/secure.gravatar.com\\\/avatar\\\/57de8e5d4b15d43fb361a71fbb36338450fe67865b528a43dd10ef7c51a20392?s=96&d=mm&r=g\",\"caption\":\"La Sentinelle\"},\"sameAs\":[\"http:\\\/\\\/www.lasentinelle.dz\"],\"url\":\"https:\\\/\\\/lasentinelle.dz\\\/author\\\/redaction\\\/\"}]}<\/script>\n<!-- \/ Yoast SEO plugin. -->","yoast_head_json":{"title":"Livre blanc sur l\u2019entreprise\u00a0: La CAPC appelle \u00e0 la \u00ab\u00a0criminalisation de la bureaucratie\u00a0\u00bb - La Sentinelle","robots":{"index":"index","follow":"follow","max-snippet":"max-snippet:-1","max-image-preview":"max-image-preview:large","max-video-preview":"max-video-preview:-1"},"canonical":"https:\/\/lasentinelle.dz\/index.php\/2022\/03\/08\/livre-blanc-sur-lentreprise-la-capc-appelle-a-la-criminalisation-de-la-bureaucratie\/","og_locale":"fr_FR","og_type":"article","og_title":"Livre blanc sur l\u2019entreprise\u00a0: La CAPC appelle \u00e0 la \u00ab\u00a0criminalisation de la bureaucratie\u00a0\u00bb - La Sentinelle","og_description":"Le livre blanc r\u00e9alis\u00e9 par la Conf\u00e9d\u00e9ration Alg\u00e9rienne du Patronat Citoyen (CAPC) est \u00ab&nbsp;l&rsquo;expression de son engagement \u00e0 accompagner les","og_url":"https:\/\/lasentinelle.dz\/index.php\/2022\/03\/08\/livre-blanc-sur-lentreprise-la-capc-appelle-a-la-criminalisation-de-la-bureaucratie\/","og_site_name":"La Sentinelle","article_publisher":"https:\/\/www.facebook.com\/La-Sentinelle-104059864394773","article_published_time":"2022-03-07T23:01:00+00:00","og_image":[{"width":960,"height":720,"url":"https:\/\/lasentinelle.dz\/wp-content\/uploads\/2022\/03\/122013838_359342215500582_4863239883948504140_n.jpg","type":"image\/jpeg"}],"author":"La Sentinelle","twitter_card":"summary_large_image","twitter_misc":{"\u00c9crit par":"La Sentinelle","Dur\u00e9e de lecture estim\u00e9e":"3 minutes"},"schema":{"@context":"https:\/\/schema.org","@graph":[{"@type":"Article","@id":"https:\/\/lasentinelle.dz\/index.php\/2022\/03\/08\/livre-blanc-sur-lentreprise-la-capc-appelle-a-la-criminalisation-de-la-bureaucratie\/#article","isPartOf":{"@id":"https:\/\/lasentinelle.dz\/index.php\/2022\/03\/08\/livre-blanc-sur-lentreprise-la-capc-appelle-a-la-criminalisation-de-la-bureaucratie\/"},"author":{"name":"La Sentinelle","@id":"https:\/\/lasentinelle.dz\/#\/schema\/person\/d865044e22e70a75174ce8bcad3acfb3"},"headline":"Livre blanc sur l\u2019entreprise\u00a0: La CAPC appelle \u00e0 la \u00ab\u00a0criminalisation de la bureaucratie\u00a0\u00bb","datePublished":"2022-03-07T23:01:00+00:00","mainEntityOfPage":{"@id":"https:\/\/lasentinelle.dz\/index.php\/2022\/03\/08\/livre-blanc-sur-lentreprise-la-capc-appelle-a-la-criminalisation-de-la-bureaucratie\/"},"wordCount":529,"commentCount":0,"publisher":{"@id":"https:\/\/lasentinelle.dz\/#organization"},"image":{"@id":"https:\/\/lasentinelle.dz\/index.php\/2022\/03\/08\/livre-blanc-sur-lentreprise-la-capc-appelle-a-la-criminalisation-de-la-bureaucratie\/#primaryimage"},"thumbnailUrl":"https:\/\/lasentinelle.dz\/wp-content\/uploads\/2022\/03\/122013838_359342215500582_4863239883948504140_n.jpg","articleSection":["\u00c9conomie"],"inLanguage":"fr-FR","potentialAction":[{"@type":"CommentAction","name":"Comment","target":["https:\/\/lasentinelle.dz\/index.php\/2022\/03\/08\/livre-blanc-sur-lentreprise-la-capc-appelle-a-la-criminalisation-de-la-bureaucratie\/#respond"]}]},{"@type":"WebPage","@id":"https:\/\/lasentinelle.dz\/index.php\/2022\/03\/08\/livre-blanc-sur-lentreprise-la-capc-appelle-a-la-criminalisation-de-la-bureaucratie\/","url":"https:\/\/lasentinelle.dz\/index.php\/2022\/03\/08\/livre-blanc-sur-lentreprise-la-capc-appelle-a-la-criminalisation-de-la-bureaucratie\/","name":"Livre blanc sur l\u2019entreprise\u00a0: La CAPC appelle \u00e0 la \u00ab\u00a0criminalisation de la bureaucratie\u00a0\u00bb - La Sentinelle","isPartOf":{"@id":"https:\/\/lasentinelle.dz\/#website"},"primaryImageOfPage":{"@id":"https:\/\/lasentinelle.dz\/index.php\/2022\/03\/08\/livre-blanc-sur-lentreprise-la-capc-appelle-a-la-criminalisation-de-la-bureaucratie\/#primaryimage"},"image":{"@id":"https:\/\/lasentinelle.dz\/index.php\/2022\/03\/08\/livre-blanc-sur-lentreprise-la-capc-appelle-a-la-criminalisation-de-la-bureaucratie\/#primaryimage"},"thumbnailUrl":"https:\/\/lasentinelle.dz\/wp-content\/uploads\/2022\/03\/122013838_359342215500582_4863239883948504140_n.jpg","datePublished":"2022-03-07T23:01:00+00:00","breadcrumb":{"@id":"https:\/\/lasentinelle.dz\/index.php\/2022\/03\/08\/livre-blanc-sur-lentreprise-la-capc-appelle-a-la-criminalisation-de-la-bureaucratie\/#breadcrumb"},"inLanguage":"fr-FR","potentialAction":[{"@type":"ReadAction","target":["https:\/\/lasentinelle.dz\/index.php\/2022\/03\/08\/livre-blanc-sur-lentreprise-la-capc-appelle-a-la-criminalisation-de-la-bureaucratie\/"]}]},{"@type":"ImageObject","inLanguage":"fr-FR","@id":"https:\/\/lasentinelle.dz\/index.php\/2022\/03\/08\/livre-blanc-sur-lentreprise-la-capc-appelle-a-la-criminalisation-de-la-bureaucratie\/#primaryimage","url":"https:\/\/lasentinelle.dz\/wp-content\/uploads\/2022\/03\/122013838_359342215500582_4863239883948504140_n.jpg","contentUrl":"https:\/\/lasentinelle.dz\/wp-content\/uploads\/2022\/03\/122013838_359342215500582_4863239883948504140_n.jpg","width":960,"height":720},{"@type":"BreadcrumbList","@id":"https:\/\/lasentinelle.dz\/index.php\/2022\/03\/08\/livre-blanc-sur-lentreprise-la-capc-appelle-a-la-criminalisation-de-la-bureaucratie\/#breadcrumb","itemListElement":[{"@type":"ListItem","position":1,"name":"Accueil","item":"https:\/\/lasentinelle.dz\/"},{"@type":"ListItem","position":2,"name":"Livre blanc sur l\u2019entreprise\u00a0: La CAPC appelle \u00e0 la \u00ab\u00a0criminalisation de la bureaucratie\u00a0\u00bb"}]},{"@type":"WebSite","@id":"https:\/\/lasentinelle.dz\/#website","url":"https:\/\/lasentinelle.dz\/","name":"La Sentinelle","description":"Quotidien national d&#039;information","publisher":{"@id":"https:\/\/lasentinelle.dz\/#organization"},"potentialAction":[{"@type":"SearchAction","target":{"@type":"EntryPoint","urlTemplate":"https:\/\/lasentinelle.dz\/?s={search_term_string}"},"query-input":{"@type":"PropertyValueSpecification","valueRequired":true,"valueName":"search_term_string"}}],"inLanguage":"fr-FR"},{"@type":"Organization","@id":"https:\/\/lasentinelle.dz\/#organization","name":"Quotidien La Sentinelle","url":"https:\/\/lasentinelle.dz\/","logo":{"@type":"ImageObject","inLanguage":"fr-FR","@id":"https:\/\/lasentinelle.dz\/#\/schema\/logo\/image\/","url":"https:\/\/lasentinelle.dz\/wp-content\/uploads\/2021\/09\/logo-sentinelleSLOGAN-1.png","contentUrl":"https:\/\/lasentinelle.dz\/wp-content\/uploads\/2021\/09\/logo-sentinelleSLOGAN-1.png","width":615,"height":142,"caption":"Quotidien La Sentinelle"},"image":{"@id":"https:\/\/lasentinelle.dz\/#\/schema\/logo\/image\/"},"sameAs":["https:\/\/www.facebook.com\/La-Sentinelle-104059864394773"]},{"@type":"Person","@id":"https:\/\/lasentinelle.dz\/#\/schema\/person\/d865044e22e70a75174ce8bcad3acfb3","name":"La Sentinelle","image":{"@type":"ImageObject","inLanguage":"fr-FR","@id":"https:\/\/secure.gravatar.com\/avatar\/57de8e5d4b15d43fb361a71fbb36338450fe67865b528a43dd10ef7c51a20392?s=96&d=mm&r=g","url":"https:\/\/secure.gravatar.com\/avatar\/57de8e5d4b15d43fb361a71fbb36338450fe67865b528a43dd10ef7c51a20392?s=96&d=mm&r=g","contentUrl":"https:\/\/secure.gravatar.com\/avatar\/57de8e5d4b15d43fb361a71fbb36338450fe67865b528a43dd10ef7c51a20392?s=96&d=mm&r=g","caption":"La Sentinelle"},"sameAs":["http:\/\/www.lasentinelle.dz"],"url":"https:\/\/lasentinelle.dz\/author\/redaction\/"}]}},"_links":{"self":[{"href":"https:\/\/lasentinelle.dz\/index.php\/wp-json\/wp\/v2\/posts\/18028","targetHints":{"allow":["GET"]}}],"collection":[{"href":"https:\/\/lasentinelle.dz\/index.php\/wp-json\/wp\/v2\/posts"}],"about":[{"href":"https:\/\/lasentinelle.dz\/index.php\/wp-json\/wp\/v2\/types\/post"}],"author":[{"embeddable":true,"href":"https:\/\/lasentinelle.dz\/index.php\/wp-json\/wp\/v2\/users\/3"}],"replies":[{"embeddable":true,"href":"https:\/\/lasentinelle.dz\/index.php\/wp-json\/wp\/v2\/comments?post=18028"}],"version-history":[{"count":1,"href":"https:\/\/lasentinelle.dz\/index.php\/wp-json\/wp\/v2\/posts\/18028\/revisions"}],"predecessor-version":[{"id":18058,"href":"https:\/\/lasentinelle.dz\/index.php\/wp-json\/wp\/v2\/posts\/18028\/revisions\/18058"}],"wp:featuredmedia":[{"embeddable":true,"href":"https:\/\/lasentinelle.dz\/index.php\/wp-json\/wp\/v2\/media\/18054"}],"wp:attachment":[{"href":"https:\/\/lasentinelle.dz\/index.php\/wp-json\/wp\/v2\/media?parent=18028"}],"wp:term":[{"taxonomy":"category","embeddable":true,"href":"https:\/\/lasentinelle.dz\/index.php\/wp-json\/wp\/v2\/categories?post=18028"},{"taxonomy":"post_tag","embeddable":true,"href":"https:\/\/lasentinelle.dz\/index.php\/wp-json\/wp\/v2\/tags?post=18028"}],"curies":[{"name":"wp","href":"https:\/\/api.w.org\/{rel}","templated":true}]}}